{"id":60071,"date":"2026-03-13T12:47:48","date_gmt":"2026-03-13T11:47:48","guid":{"rendered":"https:\/\/www.vilademuro.net\/fira-doportunitat-del-comerc\/"},"modified":"2026-03-19T09:04:47","modified_gmt":"2026-03-19T08:04:47","slug":"fira-doportunitat26","status":"publish","type":"post","link":"https:\/\/www.vilademuro.net\/es\/fira-doportunitat26\/","title":{"rendered":"Feria de Oportunidades del Comercio"},"content":{"rendered":"<h1 data-start=\"0\" data-end=\"100\"><strong data-start=\"0\" data-end=\"100\">Muro reivindica el consumo local con una nueva edici\u00f3n de la Feria de Oportunidades del Comercio<\/strong><\/h1>\n<h3 data-start=\"102\" data-end=\"280\"><strong data-start=\"102\" data-end=\"280\">El Archivo Municipal acoge los d\u00edas 14 y 15 de marzo una nueva edici\u00f3n de la cita comercial, organizada por Muro Comer\u00e7 i Serveis con la colaboraci\u00f3n del Ayuntamiento de Muro<\/strong><\/h3>\n<p data-start=\"282\" data-end=\"799\"><strong data-start=\"282\" data-end=\"305\">(Muro, 13 de marzo)<\/strong>.- Hay econom\u00edas que no se explican solo con grandes cifras, sino con gestos cotidianos: una bolsa que sale de una tienda del pueblo, una persiana que vuelve a levantarse al d\u00eda siguiente, un escaparate encendido, una familia que mantiene su negocio y unas calles que contin\u00faan teniendo vida. En municipios como Muro, comprar en el pueblo no es solo una decisi\u00f3n pr\u00e1ctica; es tambi\u00e9n una forma de sostener la comunidad, proteger el empleo y reforzar un modelo econ\u00f3mico arraigado al territorio.<\/p>\n<p data-start=\"801\" data-end=\"1072\">Con esta idea de fondo, Muro volver\u00e1 a celebrar la <strong data-start=\"852\" data-end=\"891\">Feria de Oportunidades del Comercio<\/strong> los d\u00edas <strong data-start=\"901\" data-end=\"945\">14 y 15 de marzo en el Archivo Municipal<\/strong>, en una nueva edici\u00f3n organizada por la asociaci\u00f3n <strong data-start=\"997\" data-end=\"1022\">Muro Comer\u00e7 i Serveis<\/strong> con la colaboraci\u00f3n del <strong data-start=\"1047\" data-end=\"1071\">Ayuntamiento de Muro<\/strong>.<\/p>\n<p data-start=\"1074\" data-end=\"1265\">La feria abrir\u00e1 el <strong data-start=\"1093\" data-end=\"1163\">s\u00e1bado 14 de marzo de 10.00 a 14.00 horas y de 16.00 a 21.00 horas<\/strong>, mientras que el <strong data-start=\"1181\" data-end=\"1204\">domingo 15 de marzo<\/strong> lo har\u00e1 de <strong data-start=\"1216\" data-end=\"1264\">10.00 a 14.00 horas y de 16.00 a 20.00 horas<\/strong>.<\/p>\n<p>&nbsp;<\/p>\n<p><img loading=\"lazy\" decoding=\"async\" class=\"alignnone wp-image-59986 size-large\" src=\"https:\/\/www.vilademuro.net\/wp-content\/uploads\/2026\/03\/Cartell-fira-del-comerc-doportunitats_page-0001-768x1024.jpg\" alt=\"\" width=\"768\" height=\"1024\" \/><\/p>\n<p data-start=\"1267\" data-end=\"1661\">La cita reunir\u00e1 una oferta diversa de comercio local y de proximidad. Participar\u00e1n <strong data-start=\"1350\" data-end=\"1361\">Blazier<\/strong>, con ropa de hombre; <strong data-start=\"1383\" data-end=\"1393\">Azalea<\/strong>, especializada en ropa interior, ba\u00f1o y pijamas; <strong data-start=\"1443\" data-end=\"1449\">DH<\/strong>, con ropa de mujer; <strong data-start=\"1470\" data-end=\"1483\">Sol Soler<\/strong>, con ropa infantil, juvenil y calzado; <strong data-start=\"1523\" data-end=\"1541\">Regalos Daniel<\/strong>, con decoraci\u00f3n, bisuter\u00eda y complementos; <strong data-start=\"1585\" data-end=\"1594\">Saloc<\/strong>, comercio de fibra y m\u00f3viles; y tambi\u00e9n la asociaci\u00f3n <strong data-start=\"1649\" data-end=\"1660\">En Cam\u00ed<\/strong>.<\/p>\n<p data-start=\"1663\" data-end=\"2092\">El concejal de Promoci\u00f3n Econ\u00f3mica, <strong data-start=\"1699\" data-end=\"1715\">Sa\u00fal Serrano<\/strong>, defiende que esta feria es una muestra clara de la utilidad econ\u00f3mica y social del comercio local. Seg\u00fan explica, el Ayuntamiento seguir\u00e1 apostando por este tipo de iniciativas porque \u201c<strong data-start=\"1902\" data-end=\"1986\">tenemos que ayudar a fomentar tambi\u00e9n el consumo local, el consumo de proximidad<\/strong>\u201d y porque el comercio del pueblo ofrece, adem\u00e1s, \u201c<strong data-start=\"2037\" data-end=\"2090\">una atenci\u00f3n y un asesoramiento m\u00e1s personalizado<\/strong>\u201d.<\/p>\n<p data-start=\"2094\" data-end=\"2564\">En esa misma l\u00ednea, Serrano subraya que detr\u00e1s de cada compra realizada en Muro hay un impacto directo sobre el conjunto del municipio. <strong data-start=\"2230\" data-end=\"2293\">Un euro invertido en el pueblo es un euro que se multiplica<\/strong>, que ayuda a fijar puestos de trabajo, a mantener actividad econ\u00f3mica y a garantizar servicios de calidad. Comprar en el comercio local no es solo adquirir un producto: es reforzar una red de confianza, proximidad y cohesi\u00f3n que sostiene la vida cotidiana del municipio.<\/p>\n<p data-start=\"2566\" data-end=\"3031\">El concejal recuerda tambi\u00e9n que se trata de una feria consolidada, con una trayectoria de muchos a\u00f1os, y que los datos de asistencia y ventas han ido creciendo edici\u00f3n tras edici\u00f3n. De hecho, el a\u00f1o pasado hubo comercios que ya hab\u00edan vendido buena parte del g\u00e9nero antes de terminar la ma\u00f1ana del domingo. La respuesta del p\u00fablico confirma, seg\u00fan Serrano, que existe inter\u00e9s por esta f\u00f3rmula que combina oportunidad de compra, proximidad y dinamizaci\u00f3n econ\u00f3mica.<\/p>\n<p data-start=\"3033\" data-end=\"3439\">Desde la organizaci\u00f3n se insiste, adem\u00e1s, en que no se trata de una feria de saldos, sino de una oportunidad para encontrar producto de calidad con precios muy competitivos. Las personas visitantes podr\u00e1n acceder a ofertas destacadas y, en algunos casos, a descuentos muy elevados, con el aliciente a\u00f1adido de hacerlo en un entorno cercano y con atenci\u00f3n directa de los propios establecimientos del pueblo.<\/p>\n<p><img loading=\"lazy\" decoding=\"async\" class=\"alignnone wp-image-60069 size-large\" src=\"https:\/\/www.vilademuro.net\/wp-content\/uploads\/2026\/03\/IMG_8350-1024x768.jpg\" alt=\"\" width=\"1024\" height=\"768\" srcset=\"https:\/\/www.vilademuro.net\/wp-content\/uploads\/2026\/03\/IMG_8350-980x735.jpg 980w, https:\/\/www.vilademuro.net\/wp-content\/uploads\/2026\/03\/IMG_8350-480x360.jpg 480w\" sizes=\"(min-width: 0px) and (max-width: 480px) 480px, (min-width: 481px) and (max-width: 980px) 980px, (min-width: 981px) 1024px, 100vw\" \/><\/p>\n<p data-start=\"3441\" data-end=\"3811\">Como novedad de este a\u00f1o, durante los dos d\u00edas habr\u00e1 una churrer\u00eda en la entrada del Archivo Municipal, un servicio pensado para completar la experiencia de la visita y hacer todav\u00eda m\u00e1s atractiva la jornada comercial. Adem\u00e1s, el cartel de esta edici\u00f3n ha sido elaborado por el <strong data-start=\"3719\" data-end=\"3739\">Taller de Empleo<\/strong>, que vuelve as\u00ed a vincular la formaci\u00f3n y la promoci\u00f3n econ\u00f3mica local.<\/p>\n<p data-start=\"3813\" data-end=\"4185\">Con esta nueva edici\u00f3n, Muro reafirma una idea sencilla pero decisiva: el futuro econ\u00f3mico de los pueblos tambi\u00e9n se construye desde las decisiones m\u00e1s cotidianas. Comprar en el pueblo es mantener abiertas las tiendas, consolidar puestos de trabajo, fortalecer los servicios y contribuir a una econom\u00eda m\u00e1s cercana, m\u00e1s humana y m\u00e1s \u00fatil para el conjunto de la ciudadan\u00eda.<\/p>\n<p data-start=\"4187\" data-end=\"4301\" data-is-last-node=\"\" data-is-only-node=\"\">Si quieres, te la puedo <strong data-start=\"4211\" data-end=\"4261\">pulir en estilo m\u00e1s period\u00edstico en castellano<\/strong> para que suene m\u00e1s natural para medios.<\/p>\n<p>&nbsp;<\/p>\n","protected":false},"excerpt":{"rendered":"<p>Muro reivindica el consumo local con una nueva edici\u00f3n de la Feria de Oportunidades del Comercio El Archivo Municipal acoge los d\u00edas 14 y 15 de marzo una nueva edici\u00f3n [&hellip;]<\/p>\n","protected":false},"author":32,"featured_media":0,"comment_status":"closed","ping_status":"closed","sticky":false,"template":"","format":"standard","meta":{"_et_pb_use_builder":"","_et_pb_old_content":"","_et_gb_content_width":"","footnotes":""},"categories":[151,49],"tags":[],"class_list":["post-60071","post","type-post","status-publish","format-standard","hentry","category-comercio-local","category-noticias"],"yoast_head":"<!-- This site is optimized with the Yoast SEO plugin v27.1.1 - https:\/\/yoast.com\/product\/yoast-seo-wordpress\/ -->\n<title>Feria de Oportunidades del Comercio | Ajuntament de Muro<\/title>\n<meta name=\"robots\" content=\"index, follow, max-snippet:-1, max-image-preview:large, max-video-preview:-1\" \/>\n<link rel=\"canonical\" href=\"https:\/\/www.vilademuro.net\/es\/fira-doportunitat26\/\" \/>\n<meta property=\"og:locale\" content=\"es_ES\" \/>\n<meta property=\"og:type\" content=\"article\" \/>\n<meta property=\"og:title\" content=\"Feria de Oportunidades del Comercio | Ajuntament de Muro\" \/>\n<meta property=\"og:description\" content=\"Muro reivindica el consumo local con una nueva edici\u00f3n de la Feria de Oportunidades del Comercio El Archivo Municipal acoge los d\u00edas 14 y 15 de marzo una nueva edici\u00f3n [&hellip;]\" \/>\n<meta property=\"og:url\" content=\"https:\/\/www.vilademuro.net\/es\/fira-doportunitat26\/\" \/>\n<meta property=\"og:site_name\" content=\"Ajuntament de Muro\" \/>\n<meta property=\"article:publisher\" content=\"https:\/\/www.facebook.com\/murodealcoy\" \/>\n<meta property=\"article:published_time\" content=\"2026-03-13T11:47:48+00:00\" \/>\n<meta property=\"article:modified_time\" content=\"2026-03-19T08:04:47+00:00\" \/>\n<meta property=\"og:image\" content=\"https:\/\/www.vilademuro.net\/wp-content\/uploads\/2026\/03\/Cartell-fira-del-comerc-doportunitats_page-0001.jpg\" \/>\n\t<meta property=\"og:image:width\" content=\"1440\" \/>\n\t<meta property=\"og:image:height\" content=\"1920\" \/>\n\t<meta property=\"og:image:type\" content=\"image\/jpeg\" \/>\n<meta name=\"author\" content=\"david perez\" \/>\n<meta name=\"twitter:card\" content=\"summary_large_image\" \/>\n<meta name=\"twitter:creator\" content=\"@AjuntamentMuro\" \/>\n<meta name=\"twitter:site\" content=\"@AjuntamentMuro\" \/>\n<meta name=\"twitter:label1\" content=\"Escrito por\" \/>\n\t<meta name=\"twitter:data1\" content=\"david perez\" \/>\n\t<meta name=\"twitter:label2\" content=\"Tiempo de lectura\" \/>\n\t<meta name=\"twitter:data2\" content=\"5 minutos\" \/>\n<script type=\"application\/ld+json\" class=\"yoast-schema-graph\">{\"@context\":\"https:\/\/schema.org\",\"@graph\":[{\"@type\":\"Article\",\"@id\":\"https:\/\/www.vilademuro.net\/es\/fira-doportunitat26\/#article\",\"isPartOf\":{\"@id\":\"https:\/\/www.vilademuro.net\/es\/fira-doportunitat26\/\"},\"author\":{\"name\":\"david perez\",\"@id\":\"https:\/\/www.vilademuro.net\/es\/#\/schema\/person\/18d508a6d83aeac8b78142fe72d521b2\"},\"headline\":\"Feria de Oportunidades del Comercio\",\"datePublished\":\"2026-03-13T11:47:48+00:00\",\"dateModified\":\"2026-03-19T08:04:47+00:00\",\"mainEntityOfPage\":{\"@id\":\"https:\/\/www.vilademuro.net\/es\/fira-doportunitat26\/\"},\"wordCount\":767,\"publisher\":{\"@id\":\"https:\/\/www.vilademuro.net\/es\/#organization\"},\"image\":{\"@id\":\"https:\/\/www.vilademuro.net\/es\/fira-doportunitat26\/#primaryimage\"},\"thumbnailUrl\":\"https:\/\/www.vilademuro.net\/wp-content\/uploads\/2026\/03\/Cartell-fira-del-comerc-doportunitats_page-0001-768x1024.jpg\",\"articleSection\":[\"Comercio local\",\"Noticias\"],\"inLanguage\":\"es\"},{\"@type\":\"WebPage\",\"@id\":\"https:\/\/www.vilademuro.net\/es\/fira-doportunitat26\/\",\"url\":\"https:\/\/www.vilademuro.net\/es\/fira-doportunitat26\/\",\"name\":\"Feria de Oportunidades del Comercio | Ajuntament de Muro\",\"isPartOf\":{\"@id\":\"https:\/\/www.vilademuro.net\/es\/#website\"},\"primaryImageOfPage\":{\"@id\":\"https:\/\/www.vilademuro.net\/es\/fira-doportunitat26\/#primaryimage\"},\"image\":{\"@id\":\"https:\/\/www.vilademuro.net\/es\/fira-doportunitat26\/#primaryimage\"},\"thumbnailUrl\":\"https:\/\/www.vilademuro.net\/wp-content\/uploads\/2026\/03\/Cartell-fira-del-comerc-doportunitats_page-0001-768x1024.jpg\",\"datePublished\":\"2026-03-13T11:47:48+00:00\",\"dateModified\":\"2026-03-19T08:04:47+00:00\",\"breadcrumb\":{\"@id\":\"https:\/\/www.vilademuro.net\/es\/fira-doportunitat26\/#breadcrumb\"},\"inLanguage\":\"es\",\"potentialAction\":[{\"@type\":\"ReadAction\",\"target\":[\"https:\/\/www.vilademuro.net\/es\/fira-doportunitat26\/\"]}]},{\"@type\":\"ImageObject\",\"inLanguage\":\"es\",\"@id\":\"https:\/\/www.vilademuro.net\/es\/fira-doportunitat26\/#primaryimage\",\"url\":\"https:\/\/www.vilademuro.net\/wp-content\/uploads\/2026\/03\/Cartell-fira-del-comerc-doportunitats_page-0001-768x1024.jpg\",\"contentUrl\":\"https:\/\/www.vilademuro.net\/wp-content\/uploads\/2026\/03\/Cartell-fira-del-comerc-doportunitats_page-0001-768x1024.jpg\"},{\"@type\":\"BreadcrumbList\",\"@id\":\"https:\/\/www.vilademuro.net\/es\/fira-doportunitat26\/#breadcrumb\",\"itemListElement\":[{\"@type\":\"ListItem\",\"position\":1,\"name\":\"Inici\",\"item\":\"https:\/\/www.vilademuro.net\/es\/\"},{\"@type\":\"ListItem\",\"position\":2,\"name\":\"Feria de Oportunidades del Comercio\"}]},{\"@type\":\"WebSite\",\"@id\":\"https:\/\/www.vilademuro.net\/es\/#website\",\"url\":\"https:\/\/www.vilademuro.net\/es\/\",\"name\":\"Ajuntament de Muro d'Alcoi\",\"description\":\"P\u00e1gina web oficial de l&#039;Ajuntament de Muro\",\"publisher\":{\"@id\":\"https:\/\/www.vilademuro.net\/es\/#organization\"},\"potentialAction\":[{\"@type\":\"SearchAction\",\"target\":{\"@type\":\"EntryPoint\",\"urlTemplate\":\"https:\/\/www.vilademuro.net\/es\/?s={search_term_string}\"},\"query-input\":{\"@type\":\"PropertyValueSpecification\",\"valueRequired\":true,\"valueName\":\"search_term_string\"}}],\"inLanguage\":\"es\"},{\"@type\":\"Organization\",\"@id\":\"https:\/\/www.vilademuro.net\/es\/#organization\",\"name\":\"Ajuntament de Muro\",\"url\":\"https:\/\/www.vilademuro.net\/es\/\",\"logo\":{\"@type\":\"ImageObject\",\"inLanguage\":\"es\",\"@id\":\"https:\/\/www.vilademuro.net\/es\/#\/schema\/logo\/image\/\",\"url\":\"https:\/\/www.vilademuro.net\/wp-content\/uploads\/2022\/10\/LOGO3-2.jpg\",\"contentUrl\":\"https:\/\/www.vilademuro.net\/wp-content\/uploads\/2022\/10\/LOGO3-2.jpg\",\"width\":756,\"height\":517,\"caption\":\"Ajuntament de Muro\"},\"image\":{\"@id\":\"https:\/\/www.vilademuro.net\/es\/#\/schema\/logo\/image\/\"},\"sameAs\":[\"https:\/\/www.facebook.com\/murodealcoy\",\"https:\/\/x.com\/AjuntamentMuro\",\"https:\/\/www.youtube.com\/channel\/UC2rwbKfRqsd1Ncwm6Y1prQw\"]},{\"@type\":\"Person\",\"@id\":\"https:\/\/www.vilademuro.net\/es\/#\/schema\/person\/18d508a6d83aeac8b78142fe72d521b2\",\"name\":\"david perez\",\"image\":{\"@type\":\"ImageObject\",\"inLanguage\":\"es\",\"@id\":\"https:\/\/www.vilademuro.net\/es\/#\/schema\/person\/image\/\",\"url\":\"https:\/\/secure.gravatar.com\/avatar\/32e29d67ef109fa6f899286cf1743bb75688fd5ba35d80f5c1b6ac2b6bf32256?s=96&d=mm&r=g\",\"contentUrl\":\"https:\/\/secure.gravatar.com\/avatar\/32e29d67ef109fa6f899286cf1743bb75688fd5ba35d80f5c1b6ac2b6bf32256?s=96&d=mm&r=g\",\"caption\":\"david perez\"}}]}<\/script>\n<!-- \/ Yoast SEO plugin. -->","yoast_head_json":{"title":"Feria de Oportunidades del Comercio | Ajuntament de Muro","robots":{"index":"index","follow":"follow","max-snippet":"max-snippet:-1","max-image-preview":"max-image-preview:large","max-video-preview":"max-video-preview:-1"},"canonical":"https:\/\/www.vilademuro.net\/es\/fira-doportunitat26\/","og_locale":"es_ES","og_type":"article","og_title":"Feria de Oportunidades del Comercio | Ajuntament de Muro","og_description":"Muro reivindica el consumo local con una nueva edici\u00f3n de la Feria de Oportunidades del Comercio El Archivo Municipal acoge los d\u00edas 14 y 15 de marzo una nueva edici\u00f3n [&hellip;]","og_url":"https:\/\/www.vilademuro.net\/es\/fira-doportunitat26\/","og_site_name":"Ajuntament de Muro","article_publisher":"https:\/\/www.facebook.com\/murodealcoy","article_published_time":"2026-03-13T11:47:48+00:00","article_modified_time":"2026-03-19T08:04:47+00:00","og_image":[{"width":1440,"height":1920,"url":"https:\/\/www.vilademuro.net\/wp-content\/uploads\/2026\/03\/Cartell-fira-del-comerc-doportunitats_page-0001.jpg","type":"image\/jpeg"}],"author":"david perez","twitter_card":"summary_large_image","twitter_creator":"@AjuntamentMuro","twitter_site":"@AjuntamentMuro","twitter_misc":{"Escrito por":"david perez","Tiempo de lectura":"5 minutos"},"schema":{"@context":"https:\/\/schema.org","@graph":[{"@type":"Article","@id":"https:\/\/www.vilademuro.net\/es\/fira-doportunitat26\/#article","isPartOf":{"@id":"https:\/\/www.vilademuro.net\/es\/fira-doportunitat26\/"},"author":{"name":"david perez","@id":"https:\/\/www.vilademuro.net\/es\/#\/schema\/person\/18d508a6d83aeac8b78142fe72d521b2"},"headline":"Feria de Oportunidades del Comercio","datePublished":"2026-03-13T11:47:48+00:00","dateModified":"2026-03-19T08:04:47+00:00","mainEntityOfPage":{"@id":"https:\/\/www.vilademuro.net\/es\/fira-doportunitat26\/"},"wordCount":767,"publisher":{"@id":"https:\/\/www.vilademuro.net\/es\/#organization"},"image":{"@id":"https:\/\/www.vilademuro.net\/es\/fira-doportunitat26\/#primaryimage"},"thumbnailUrl":"https:\/\/www.vilademuro.net\/wp-content\/uploads\/2026\/03\/Cartell-fira-del-comerc-doportunitats_page-0001-768x1024.jpg","articleSection":["Comercio local","Noticias"],"inLanguage":"es"},{"@type":"WebPage","@id":"https:\/\/www.vilademuro.net\/es\/fira-doportunitat26\/","url":"https:\/\/www.vilademuro.net\/es\/fira-doportunitat26\/","name":"Feria de Oportunidades del Comercio | Ajuntament de Muro","isPartOf":{"@id":"https:\/\/www.vilademuro.net\/es\/#website"},"primaryImageOfPage":{"@id":"https:\/\/www.vilademuro.net\/es\/fira-doportunitat26\/#primaryimage"},"image":{"@id":"https:\/\/www.vilademuro.net\/es\/fira-doportunitat26\/#primaryimage"},"thumbnailUrl":"https:\/\/www.vilademuro.net\/wp-content\/uploads\/2026\/03\/Cartell-fira-del-comerc-doportunitats_page-0001-768x1024.jpg","datePublished":"2026-03-13T11:47:48+00:00","dateModified":"2026-03-19T08:04:47+00:00","breadcrumb":{"@id":"https:\/\/www.vilademuro.net\/es\/fira-doportunitat26\/#breadcrumb"},"inLanguage":"es","potentialAction":[{"@type":"ReadAction","target":["https:\/\/www.vilademuro.net\/es\/fira-doportunitat26\/"]}]},{"@type":"ImageObject","inLanguage":"es","@id":"https:\/\/www.vilademuro.net\/es\/fira-doportunitat26\/#primaryimage","url":"https:\/\/www.vilademuro.net\/wp-content\/uploads\/2026\/03\/Cartell-fira-del-comerc-doportunitats_page-0001-768x1024.jpg","contentUrl":"https:\/\/www.vilademuro.net\/wp-content\/uploads\/2026\/03\/Cartell-fira-del-comerc-doportunitats_page-0001-768x1024.jpg"},{"@type":"BreadcrumbList","@id":"https:\/\/www.vilademuro.net\/es\/fira-doportunitat26\/#breadcrumb","itemListElement":[{"@type":"ListItem","position":1,"name":"Inici","item":"https:\/\/www.vilademuro.net\/es\/"},{"@type":"ListItem","position":2,"name":"Feria de Oportunidades del Comercio"}]},{"@type":"WebSite","@id":"https:\/\/www.vilademuro.net\/es\/#website","url":"https:\/\/www.vilademuro.net\/es\/","name":"Ajuntament de Muro d'Alcoi","description":"P\u00e1gina web oficial de l&#039;Ajuntament de Muro","publisher":{"@id":"https:\/\/www.vilademuro.net\/es\/#organization"},"potentialAction":[{"@type":"SearchAction","target":{"@type":"EntryPoint","urlTemplate":"https:\/\/www.vilademuro.net\/es\/?s={search_term_string}"},"query-input":{"@type":"PropertyValueSpecification","valueRequired":true,"valueName":"search_term_string"}}],"inLanguage":"es"},{"@type":"Organization","@id":"https:\/\/www.vilademuro.net\/es\/#organization","name":"Ajuntament de Muro","url":"https:\/\/www.vilademuro.net\/es\/","logo":{"@type":"ImageObject","inLanguage":"es","@id":"https:\/\/www.vilademuro.net\/es\/#\/schema\/logo\/image\/","url":"https:\/\/www.vilademuro.net\/wp-content\/uploads\/2022\/10\/LOGO3-2.jpg","contentUrl":"https:\/\/www.vilademuro.net\/wp-content\/uploads\/2022\/10\/LOGO3-2.jpg","width":756,"height":517,"caption":"Ajuntament de Muro"},"image":{"@id":"https:\/\/www.vilademuro.net\/es\/#\/schema\/logo\/image\/"},"sameAs":["https:\/\/www.facebook.com\/murodealcoy","https:\/\/x.com\/AjuntamentMuro","https:\/\/www.youtube.com\/channel\/UC2rwbKfRqsd1Ncwm6Y1prQw"]},{"@type":"Person","@id":"https:\/\/www.vilademuro.net\/es\/#\/schema\/person\/18d508a6d83aeac8b78142fe72d521b2","name":"david perez","image":{"@type":"ImageObject","inLanguage":"es","@id":"https:\/\/www.vilademuro.net\/es\/#\/schema\/person\/image\/","url":"https:\/\/secure.gravatar.com\/avatar\/32e29d67ef109fa6f899286cf1743bb75688fd5ba35d80f5c1b6ac2b6bf32256?s=96&d=mm&r=g","contentUrl":"https:\/\/secure.gravatar.com\/avatar\/32e29d67ef109fa6f899286cf1743bb75688fd5ba35d80f5c1b6ac2b6bf32256?s=96&d=mm&r=g","caption":"david perez"}}]}},"_links":{"self":[{"href":"https:\/\/www.vilademuro.net\/es\/wp-json\/wp\/v2\/posts\/60071","targetHints":{"allow":["GET"]}}],"collection":[{"href":"https:\/\/www.vilademuro.net\/es\/wp-json\/wp\/v2\/posts"}],"about":[{"href":"https:\/\/www.vilademuro.net\/es\/wp-json\/wp\/v2\/types\/post"}],"author":[{"embeddable":true,"href":"https:\/\/www.vilademuro.net\/es\/wp-json\/wp\/v2\/users\/32"}],"replies":[{"embeddable":true,"href":"https:\/\/www.vilademuro.net\/es\/wp-json\/wp\/v2\/comments?post=60071"}],"version-history":[{"count":5,"href":"https:\/\/www.vilademuro.net\/es\/wp-json\/wp\/v2\/posts\/60071\/revisions"}],"predecessor-version":[{"id":60312,"href":"https:\/\/www.vilademuro.net\/es\/wp-json\/wp\/v2\/posts\/60071\/revisions\/60312"}],"wp:attachment":[{"href":"https:\/\/www.vilademuro.net\/es\/wp-json\/wp\/v2\/media?parent=60071"}],"wp:term":[{"taxonomy":"category","embeddable":true,"href":"https:\/\/www.vilademuro.net\/es\/wp-json\/wp\/v2\/categories?post=60071"},{"taxonomy":"post_tag","embeddable":true,"href":"https:\/\/www.vilademuro.net\/es\/wp-json\/wp\/v2\/tags?post=60071"}],"curies":[{"name":"wp","href":"https:\/\/api.w.org\/{rel}","templated":true}]}}