{"id":60046,"date":"2026-03-10T18:53:04","date_gmt":"2026-03-10T17:53:04","guid":{"rendered":"https:\/\/www.vilademuro.net\/%f0%9f%93%a2-periode-voluntari-de-pagament-obert-amb-suma\/"},"modified":"2026-03-10T18:56:25","modified_gmt":"2026-03-10T17:56:25","slug":"%f0%9f%93%a2-periode-voluntari-de-pagament-obert-amb-suma","status":"publish","type":"post","link":"https:\/\/www.vilademuro.net\/es\/%f0%9f%93%a2-periode-voluntari-de-pagament-obert-amb-suma\/","title":{"rendered":"? Periodo voluntario de pago abierto con SUMA"},"content":{"rendered":"<p data-start=\"66\" data-end=\"116\">? <strong data-start=\"69\" data-end=\"116\">Periodo voluntario de pago abierto con SUMA<\/strong><\/p>\n<p data-start=\"118\" data-end=\"350\">Desde el <strong data-start=\"127\" data-end=\"141\">5 de marzo<\/strong> y hasta el <strong data-start=\"153\" data-end=\"167\">11 de mayo<\/strong> est\u00e1 abierto el primer periodo voluntario de pago de 2026, que incluye la <strong data-start=\"242\" data-end=\"262\">tasa de residuos<\/strong>, el <strong data-start=\"267\" data-end=\"323\">Impuesto sobre Veh\u00edculos de Tracci\u00f3n Mec\u00e1nica (IVTM)<\/strong> y otras tasas municipales.<\/p>\n<p data-start=\"352\" data-end=\"548\">? <strong data-start=\"355\" data-end=\"372\">Fechas clave:<\/strong><br \/>\n? <strong data-start=\"376\" data-end=\"400\">Hasta el 24 de abril<\/strong>: \u00faltimo d\u00eda para domiciliar recibos<br data-start=\"436\" data-end=\"439\" \/>? <strong data-start=\"442\" data-end=\"455\">4 de mayo<\/strong>: cargo en cuenta de los recibos domiciliados<br data-start=\"500\" data-end=\"503\" data-is-only-node=\"\" \/>? <strong data-start=\"506\" data-end=\"520\">11 de mayo<\/strong>: fin del periodo voluntario<\/p>\n<p data-start=\"550\" data-end=\"611\">? M\u00e1s informaci\u00f3n:<br data-start=\"569\" data-end=\"572\" \/><strong data-start=\"572\" data-end=\"611\"><a class=\"decorated-link\" href=\"http:\/\/www.suma.es\/periodo-pago-voluntario\" target=\"_new\" rel=\"noopener\" data-start=\"574\" data-end=\"609\">www.suma.es\/periodo-pago-voluntario<\/a><\/strong><\/p>\n<p data-start=\"613\" data-end=\"631\">? <strong data-start=\"616\" data-end=\"631\">965 292 000<\/strong><\/p>\n","protected":false},"excerpt":{"rendered":"<p>? Periodo voluntario de pago abierto con SUMA Desde el 5 de marzo y hasta el 11 de mayo est\u00e1 abierto el primer periodo voluntario de pago de 2026, que [&hellip;]<\/p>\n","protected":false},"author":32,"featured_media":60047,"comment_status":"closed","ping_status":"closed","sticky":false,"template":"","format":"standard","meta":{"_et_pb_use_builder":"","_et_pb_old_content":"","_et_gb_content_width":"","footnotes":""},"categories":[51,49],"tags":[],"class_list":["post-60046","post","type-post","status-publish","format-standard","has-post-thumbnail","hentry","category-destacat-es","category-noticias"],"yoast_head":"<!-- This site is optimized with the Yoast SEO plugin v27.1.1 - https:\/\/yoast.com\/product\/yoast-seo-wordpress\/ -->\n<title>? Periodo voluntario de pago abierto con SUMA | Ajuntament de Muro<\/title>\n<meta name=\"robots\" content=\"index, follow, max-snippet:-1, max-image-preview:large, max-video-preview:-1\" \/>\n<link rel=\"canonical\" href=\"https:\/\/www.vilademuro.net\/es\/%f0%9f%93%a2-periode-voluntari-de-pagament-obert-amb-suma\/\" \/>\n<meta property=\"og:locale\" content=\"es_ES\" \/>\n<meta property=\"og:type\" content=\"article\" \/>\n<meta property=\"og:title\" content=\"? Periodo voluntario de pago abierto con SUMA | Ajuntament de Muro\" \/>\n<meta property=\"og:description\" content=\"? Periodo voluntario de pago abierto con SUMA Desde el 5 de marzo y hasta el 11 de mayo est\u00e1 abierto el primer periodo voluntario de pago de 2026, que [&hellip;]\" \/>\n<meta property=\"og:url\" content=\"https:\/\/www.vilademuro.net\/es\/%f0%9f%93%a2-periode-voluntari-de-pagament-obert-amb-suma\/\" \/>\n<meta property=\"og:site_name\" content=\"Ajuntament de Muro\" \/>\n<meta property=\"article:publisher\" content=\"https:\/\/www.facebook.com\/murodealcoy\" \/>\n<meta property=\"article:published_time\" content=\"2026-03-10T17:53:04+00:00\" \/>\n<meta property=\"article:modified_time\" content=\"2026-03-10T17:56:25+00:00\" \/>\n<meta property=\"og:image\" content=\"https:\/\/www.vilademuro.net\/wp-content\/uploads\/2026\/03\/SUMA-campa\u00a7a-IVTM-facebook-instagram-1200x1200px-VAL.jpg\" \/>\n\t<meta property=\"og:image:width\" content=\"1200\" \/>\n\t<meta property=\"og:image:height\" content=\"1200\" \/>\n\t<meta property=\"og:image:type\" content=\"image\/jpeg\" \/>\n<meta name=\"author\" content=\"david perez\" \/>\n<meta name=\"twitter:card\" content=\"summary_large_image\" \/>\n<meta name=\"twitter:creator\" content=\"@AjuntamentMuro\" \/>\n<meta name=\"twitter:site\" content=\"@AjuntamentMuro\" \/>\n<meta name=\"twitter:label1\" content=\"Escrito por\" \/>\n\t<meta name=\"twitter:data1\" content=\"david perez\" \/>\n\t<meta name=\"twitter:label2\" content=\"Tiempo de lectura\" \/>\n\t<meta name=\"twitter:data2\" content=\"1 minuto\" \/>\n<script type=\"application\/ld+json\" class=\"yoast-schema-graph\">{\"@context\":\"https:\/\/schema.org\",\"@graph\":[{\"@type\":\"Article\",\"@id\":\"https:\/\/www.vilademuro.net\/es\/%f0%9f%93%a2-periode-voluntari-de-pagament-obert-amb-suma\/#article\",\"isPartOf\":{\"@id\":\"https:\/\/www.vilademuro.net\/es\/%f0%9f%93%a2-periode-voluntari-de-pagament-obert-amb-suma\/\"},\"author\":{\"name\":\"david perez\",\"@id\":\"https:\/\/www.vilademuro.net\/es\/#\/schema\/person\/18d508a6d83aeac8b78142fe72d521b2\"},\"headline\":\"? Periodo voluntario de pago abierto con SUMA\",\"datePublished\":\"2026-03-10T17:53:04+00:00\",\"dateModified\":\"2026-03-10T17:56:25+00:00\",\"mainEntityOfPage\":{\"@id\":\"https:\/\/www.vilademuro.net\/es\/%f0%9f%93%a2-periode-voluntari-de-pagament-obert-amb-suma\/\"},\"wordCount\":88,\"publisher\":{\"@id\":\"https:\/\/www.vilademuro.net\/es\/#organization\"},\"image\":{\"@id\":\"https:\/\/www.vilademuro.net\/es\/%f0%9f%93%a2-periode-voluntari-de-pagament-obert-amb-suma\/#primaryimage\"},\"thumbnailUrl\":\"https:\/\/www.vilademuro.net\/wp-content\/uploads\/2026\/03\/SUMA-campa\u00a7a-IVTM-facebook-instagram-1200x1200px-VAL.jpg\",\"articleSection\":[\"Destacat\",\"Noticias\"],\"inLanguage\":\"es\"},{\"@type\":\"WebPage\",\"@id\":\"https:\/\/www.vilademuro.net\/es\/%f0%9f%93%a2-periode-voluntari-de-pagament-obert-amb-suma\/\",\"url\":\"https:\/\/www.vilademuro.net\/es\/%f0%9f%93%a2-periode-voluntari-de-pagament-obert-amb-suma\/\",\"name\":\"? Periodo voluntario de pago abierto con SUMA | Ajuntament de Muro\",\"isPartOf\":{\"@id\":\"https:\/\/www.vilademuro.net\/es\/#website\"},\"primaryImageOfPage\":{\"@id\":\"https:\/\/www.vilademuro.net\/es\/%f0%9f%93%a2-periode-voluntari-de-pagament-obert-amb-suma\/#primaryimage\"},\"image\":{\"@id\":\"https:\/\/www.vilademuro.net\/es\/%f0%9f%93%a2-periode-voluntari-de-pagament-obert-amb-suma\/#primaryimage\"},\"thumbnailUrl\":\"https:\/\/www.vilademuro.net\/wp-content\/uploads\/2026\/03\/SUMA-campa\u00a7a-IVTM-facebook-instagram-1200x1200px-VAL.jpg\",\"datePublished\":\"2026-03-10T17:53:04+00:00\",\"dateModified\":\"2026-03-10T17:56:25+00:00\",\"breadcrumb\":{\"@id\":\"https:\/\/www.vilademuro.net\/es\/%f0%9f%93%a2-periode-voluntari-de-pagament-obert-amb-suma\/#breadcrumb\"},\"inLanguage\":\"es\",\"potentialAction\":[{\"@type\":\"ReadAction\",\"target\":[\"https:\/\/www.vilademuro.net\/es\/%f0%9f%93%a2-periode-voluntari-de-pagament-obert-amb-suma\/\"]}]},{\"@type\":\"ImageObject\",\"inLanguage\":\"es\",\"@id\":\"https:\/\/www.vilademuro.net\/es\/%f0%9f%93%a2-periode-voluntari-de-pagament-obert-amb-suma\/#primaryimage\",\"url\":\"https:\/\/www.vilademuro.net\/wp-content\/uploads\/2026\/03\/SUMA-campa\u00a7a-IVTM-facebook-instagram-1200x1200px-VAL.jpg\",\"contentUrl\":\"https:\/\/www.vilademuro.net\/wp-content\/uploads\/2026\/03\/SUMA-campa\u00a7a-IVTM-facebook-instagram-1200x1200px-VAL.jpg\",\"width\":1200,\"height\":1200},{\"@type\":\"BreadcrumbList\",\"@id\":\"https:\/\/www.vilademuro.net\/es\/%f0%9f%93%a2-periode-voluntari-de-pagament-obert-amb-suma\/#breadcrumb\",\"itemListElement\":[{\"@type\":\"ListItem\",\"position\":1,\"name\":\"Inici\",\"item\":\"https:\/\/www.vilademuro.net\/es\/\"},{\"@type\":\"ListItem\",\"position\":2,\"name\":\"? Periodo voluntario de pago abierto con SUMA\"}]},{\"@type\":\"WebSite\",\"@id\":\"https:\/\/www.vilademuro.net\/es\/#website\",\"url\":\"https:\/\/www.vilademuro.net\/es\/\",\"name\":\"Ajuntament de Muro d'Alcoi\",\"description\":\"P\u00e1gina web oficial de l&#039;Ajuntament de Muro\",\"publisher\":{\"@id\":\"https:\/\/www.vilademuro.net\/es\/#organization\"},\"potentialAction\":[{\"@type\":\"SearchAction\",\"target\":{\"@type\":\"EntryPoint\",\"urlTemplate\":\"https:\/\/www.vilademuro.net\/es\/?s={search_term_string}\"},\"query-input\":{\"@type\":\"PropertyValueSpecification\",\"valueRequired\":true,\"valueName\":\"search_term_string\"}}],\"inLanguage\":\"es\"},{\"@type\":\"Organization\",\"@id\":\"https:\/\/www.vilademuro.net\/es\/#organization\",\"name\":\"Ajuntament de Muro\",\"url\":\"https:\/\/www.vilademuro.net\/es\/\",\"logo\":{\"@type\":\"ImageObject\",\"inLanguage\":\"es\",\"@id\":\"https:\/\/www.vilademuro.net\/es\/#\/schema\/logo\/image\/\",\"url\":\"https:\/\/www.vilademuro.net\/wp-content\/uploads\/2022\/10\/LOGO3-2.jpg\",\"contentUrl\":\"https:\/\/www.vilademuro.net\/wp-content\/uploads\/2022\/10\/LOGO3-2.jpg\",\"width\":756,\"height\":517,\"caption\":\"Ajuntament de Muro\"},\"image\":{\"@id\":\"https:\/\/www.vilademuro.net\/es\/#\/schema\/logo\/image\/\"},\"sameAs\":[\"https:\/\/www.facebook.com\/murodealcoy\",\"https:\/\/x.com\/AjuntamentMuro\",\"https:\/\/www.youtube.com\/channel\/UC2rwbKfRqsd1Ncwm6Y1prQw\"]},{\"@type\":\"Person\",\"@id\":\"https:\/\/www.vilademuro.net\/es\/#\/schema\/person\/18d508a6d83aeac8b78142fe72d521b2\",\"name\":\"david perez\",\"image\":{\"@type\":\"ImageObject\",\"inLanguage\":\"es\",\"@id\":\"https:\/\/www.vilademuro.net\/es\/#\/schema\/person\/image\/\",\"url\":\"https:\/\/secure.gravatar.com\/avatar\/32e29d67ef109fa6f899286cf1743bb75688fd5ba35d80f5c1b6ac2b6bf32256?s=96&d=mm&r=g\",\"contentUrl\":\"https:\/\/secure.gravatar.com\/avatar\/32e29d67ef109fa6f899286cf1743bb75688fd5ba35d80f5c1b6ac2b6bf32256?s=96&d=mm&r=g\",\"caption\":\"david perez\"}}]}<\/script>\n<!-- \/ Yoast SEO plugin. -->","yoast_head_json":{"title":"? Periodo voluntario de pago abierto con SUMA | Ajuntament de Muro","robots":{"index":"index","follow":"follow","max-snippet":"max-snippet:-1","max-image-preview":"max-image-preview:large","max-video-preview":"max-video-preview:-1"},"canonical":"https:\/\/www.vilademuro.net\/es\/%f0%9f%93%a2-periode-voluntari-de-pagament-obert-amb-suma\/","og_locale":"es_ES","og_type":"article","og_title":"? Periodo voluntario de pago abierto con SUMA | Ajuntament de Muro","og_description":"? Periodo voluntario de pago abierto con SUMA Desde el 5 de marzo y hasta el 11 de mayo est\u00e1 abierto el primer periodo voluntario de pago de 2026, que [&hellip;]","og_url":"https:\/\/www.vilademuro.net\/es\/%f0%9f%93%a2-periode-voluntari-de-pagament-obert-amb-suma\/","og_site_name":"Ajuntament de Muro","article_publisher":"https:\/\/www.facebook.com\/murodealcoy","article_published_time":"2026-03-10T17:53:04+00:00","article_modified_time":"2026-03-10T17:56:25+00:00","og_image":[{"width":1200,"height":1200,"url":"https:\/\/www.vilademuro.net\/wp-content\/uploads\/2026\/03\/SUMA-campa\u00a7a-IVTM-facebook-instagram-1200x1200px-VAL.jpg","type":"image\/jpeg"}],"author":"david perez","twitter_card":"summary_large_image","twitter_creator":"@AjuntamentMuro","twitter_site":"@AjuntamentMuro","twitter_misc":{"Escrito por":"david perez","Tiempo de lectura":"1 minuto"},"schema":{"@context":"https:\/\/schema.org","@graph":[{"@type":"Article","@id":"https:\/\/www.vilademuro.net\/es\/%f0%9f%93%a2-periode-voluntari-de-pagament-obert-amb-suma\/#article","isPartOf":{"@id":"https:\/\/www.vilademuro.net\/es\/%f0%9f%93%a2-periode-voluntari-de-pagament-obert-amb-suma\/"},"author":{"name":"david perez","@id":"https:\/\/www.vilademuro.net\/es\/#\/schema\/person\/18d508a6d83aeac8b78142fe72d521b2"},"headline":"? Periodo voluntario de pago abierto con SUMA","datePublished":"2026-03-10T17:53:04+00:00","dateModified":"2026-03-10T17:56:25+00:00","mainEntityOfPage":{"@id":"https:\/\/www.vilademuro.net\/es\/%f0%9f%93%a2-periode-voluntari-de-pagament-obert-amb-suma\/"},"wordCount":88,"publisher":{"@id":"https:\/\/www.vilademuro.net\/es\/#organization"},"image":{"@id":"https:\/\/www.vilademuro.net\/es\/%f0%9f%93%a2-periode-voluntari-de-pagament-obert-amb-suma\/#primaryimage"},"thumbnailUrl":"https:\/\/www.vilademuro.net\/wp-content\/uploads\/2026\/03\/SUMA-campa\u00a7a-IVTM-facebook-instagram-1200x1200px-VAL.jpg","articleSection":["Destacat","Noticias"],"inLanguage":"es"},{"@type":"WebPage","@id":"https:\/\/www.vilademuro.net\/es\/%f0%9f%93%a2-periode-voluntari-de-pagament-obert-amb-suma\/","url":"https:\/\/www.vilademuro.net\/es\/%f0%9f%93%a2-periode-voluntari-de-pagament-obert-amb-suma\/","name":"? Periodo voluntario de pago abierto con SUMA | Ajuntament de Muro","isPartOf":{"@id":"https:\/\/www.vilademuro.net\/es\/#website"},"primaryImageOfPage":{"@id":"https:\/\/www.vilademuro.net\/es\/%f0%9f%93%a2-periode-voluntari-de-pagament-obert-amb-suma\/#primaryimage"},"image":{"@id":"https:\/\/www.vilademuro.net\/es\/%f0%9f%93%a2-periode-voluntari-de-pagament-obert-amb-suma\/#primaryimage"},"thumbnailUrl":"https:\/\/www.vilademuro.net\/wp-content\/uploads\/2026\/03\/SUMA-campa\u00a7a-IVTM-facebook-instagram-1200x1200px-VAL.jpg","datePublished":"2026-03-10T17:53:04+00:00","dateModified":"2026-03-10T17:56:25+00:00","breadcrumb":{"@id":"https:\/\/www.vilademuro.net\/es\/%f0%9f%93%a2-periode-voluntari-de-pagament-obert-amb-suma\/#breadcrumb"},"inLanguage":"es","potentialAction":[{"@type":"ReadAction","target":["https:\/\/www.vilademuro.net\/es\/%f0%9f%93%a2-periode-voluntari-de-pagament-obert-amb-suma\/"]}]},{"@type":"ImageObject","inLanguage":"es","@id":"https:\/\/www.vilademuro.net\/es\/%f0%9f%93%a2-periode-voluntari-de-pagament-obert-amb-suma\/#primaryimage","url":"https:\/\/www.vilademuro.net\/wp-content\/uploads\/2026\/03\/SUMA-campa\u00a7a-IVTM-facebook-instagram-1200x1200px-VAL.jpg","contentUrl":"https:\/\/www.vilademuro.net\/wp-content\/uploads\/2026\/03\/SUMA-campa\u00a7a-IVTM-facebook-instagram-1200x1200px-VAL.jpg","width":1200,"height":1200},{"@type":"BreadcrumbList","@id":"https:\/\/www.vilademuro.net\/es\/%f0%9f%93%a2-periode-voluntari-de-pagament-obert-amb-suma\/#breadcrumb","itemListElement":[{"@type":"ListItem","position":1,"name":"Inici","item":"https:\/\/www.vilademuro.net\/es\/"},{"@type":"ListItem","position":2,"name":"? Periodo voluntario de pago abierto con SUMA"}]},{"@type":"WebSite","@id":"https:\/\/www.vilademuro.net\/es\/#website","url":"https:\/\/www.vilademuro.net\/es\/","name":"Ajuntament de Muro d'Alcoi","description":"P\u00e1gina web oficial de l&#039;Ajuntament de Muro","publisher":{"@id":"https:\/\/www.vilademuro.net\/es\/#organization"},"potentialAction":[{"@type":"SearchAction","target":{"@type":"EntryPoint","urlTemplate":"https:\/\/www.vilademuro.net\/es\/?s={search_term_string}"},"query-input":{"@type":"PropertyValueSpecification","valueRequired":true,"valueName":"search_term_string"}}],"inLanguage":"es"},{"@type":"Organization","@id":"https:\/\/www.vilademuro.net\/es\/#organization","name":"Ajuntament de Muro","url":"https:\/\/www.vilademuro.net\/es\/","logo":{"@type":"ImageObject","inLanguage":"es","@id":"https:\/\/www.vilademuro.net\/es\/#\/schema\/logo\/image\/","url":"https:\/\/www.vilademuro.net\/wp-content\/uploads\/2022\/10\/LOGO3-2.jpg","contentUrl":"https:\/\/www.vilademuro.net\/wp-content\/uploads\/2022\/10\/LOGO3-2.jpg","width":756,"height":517,"caption":"Ajuntament de Muro"},"image":{"@id":"https:\/\/www.vilademuro.net\/es\/#\/schema\/logo\/image\/"},"sameAs":["https:\/\/www.facebook.com\/murodealcoy","https:\/\/x.com\/AjuntamentMuro","https:\/\/www.youtube.com\/channel\/UC2rwbKfRqsd1Ncwm6Y1prQw"]},{"@type":"Person","@id":"https:\/\/www.vilademuro.net\/es\/#\/schema\/person\/18d508a6d83aeac8b78142fe72d521b2","name":"david perez","image":{"@type":"ImageObject","inLanguage":"es","@id":"https:\/\/www.vilademuro.net\/es\/#\/schema\/person\/image\/","url":"https:\/\/secure.gravatar.com\/avatar\/32e29d67ef109fa6f899286cf1743bb75688fd5ba35d80f5c1b6ac2b6bf32256?s=96&d=mm&r=g","contentUrl":"https:\/\/secure.gravatar.com\/avatar\/32e29d67ef109fa6f899286cf1743bb75688fd5ba35d80f5c1b6ac2b6bf32256?s=96&d=mm&r=g","caption":"david perez"}}]}},"_links":{"self":[{"href":"https:\/\/www.vilademuro.net\/es\/wp-json\/wp\/v2\/posts\/60046","targetHints":{"allow":["GET"]}}],"collection":[{"href":"https:\/\/www.vilademuro.net\/es\/wp-json\/wp\/v2\/posts"}],"about":[{"href":"https:\/\/www.vilademuro.net\/es\/wp-json\/wp\/v2\/types\/post"}],"author":[{"embeddable":true,"href":"https:\/\/www.vilademuro.net\/es\/wp-json\/wp\/v2\/users\/32"}],"replies":[{"embeddable":true,"href":"https:\/\/www.vilademuro.net\/es\/wp-json\/wp\/v2\/comments?post=60046"}],"version-history":[{"count":2,"href":"https:\/\/www.vilademuro.net\/es\/wp-json\/wp\/v2\/posts\/60046\/revisions"}],"predecessor-version":[{"id":60049,"href":"https:\/\/www.vilademuro.net\/es\/wp-json\/wp\/v2\/posts\/60046\/revisions\/60049"}],"wp:featuredmedia":[{"embeddable":true,"href":"https:\/\/www.vilademuro.net\/es\/wp-json\/wp\/v2\/media\/60047"}],"wp:attachment":[{"href":"https:\/\/www.vilademuro.net\/es\/wp-json\/wp\/v2\/media?parent=60046"}],"wp:term":[{"taxonomy":"category","embeddable":true,"href":"https:\/\/www.vilademuro.net\/es\/wp-json\/wp\/v2\/categories?post=60046"},{"taxonomy":"post_tag","embeddable":true,"href":"https:\/\/www.vilademuro.net\/es\/wp-json\/wp\/v2\/tags?post=60046"}],"curies":[{"name":"wp","href":"https:\/\/api.w.org\/{rel}","templated":true}]}}