{"id":60033,"date":"2026-03-10T16:49:52","date_gmt":"2026-03-10T15:49:52","guid":{"rendered":"https:\/\/www.vilademuro.net\/ban-fogueres-de-sant-josep\/"},"modified":"2026-03-10T17:22:14","modified_gmt":"2026-03-10T16:22:14","slug":"ban-fogueres-de-sant-josep","status":"publish","type":"post","link":"https:\/\/www.vilademuro.net\/es\/ban-fogueres-de-sant-josep\/","title":{"rendered":"BANDO &#8211; Fogueres de Sant Josep"},"content":{"rendered":"<p data-start=\"2064\" data-end=\"2069\">BANDO<\/p>\n<p data-start=\"2071\" data-end=\"2138\">VICENT MOLINA I PERONA, alcalde del Ayuntamiento de Muro de l\u2019Alcoi<\/p>\n<p data-start=\"2140\" data-end=\"2151\">HACE SABER:<\/p>\n<p data-start=\"2153\" data-end=\"2537\">Que con la celebraci\u00f3n de las tradicionales hogueras de San Jos\u00e9, como cada a\u00f1o, el pr\u00f3ximo 18 de marzo se har\u00e1 una hoguera municipal en el campo del Patronat (antiguo campo de f\u00fatbol), y el recinto tambi\u00e9n estar\u00e1 a disposici\u00f3n de todos los vecinos y vecinas de Muro para que puedan disfrutar de la quema de las hogueras y, por su cuenta, podr\u00e1n preparar y encender su propia hoguera.<\/p>\n<p data-start=\"2539\" data-end=\"2612\">El acceso al antiguo campo de f\u00fatbol ser\u00e1 por el Cam\u00ed L\u2019Hort de Sandingo.<\/p>\n<p data-start=\"2614\" data-end=\"2675\">Adem\u00e1s, os recuerdo que hay que tomar las siguientes medidas:<\/p>\n<ul data-start=\"2677\" data-end=\"3268\">\n<li data-section-id=\"cw1neb\" data-start=\"2677\" data-end=\"2817\">\n<p data-start=\"2679\" data-end=\"2817\">Las hogueras deben realizarse en lugares alejados de las casas y \u00e1rboles para que no haya peligro para las personas ni para los inmuebles.<\/p>\n<\/li>\n<li data-section-id=\"xo2qaw\" data-start=\"2818\" data-end=\"3015\">\n<p data-start=\"2820\" data-end=\"3015\">Estas deben estar ubicadas en lugares donde no haya cables de luz o de tel\u00e9fono y donde no pueda extenderse el fuego, es decir, que no haya matorrales, maleza o cualquier otra materia inflamable.<\/p>\n<\/li>\n<li data-section-id=\"1xf2mh3\" data-start=\"3016\" data-end=\"3135\">\n<p data-start=\"3018\" data-end=\"3135\">En caso de que las hogueras las realicen menores, estos deben estar acompa\u00f1ados de alguna persona adulta responsable.<\/p>\n<\/li>\n<li data-section-id=\"1ea56qe\" data-start=\"3136\" data-end=\"3268\">\n<p data-start=\"3138\" data-end=\"3268\">No podr\u00e1 quemarse colchones, somieres ni cualquier otro objeto que pueda contener materiales t\u00f3xicos o que no sean biodegradables.<\/p>\n<\/li>\n<\/ul>\n<p data-start=\"3270\" data-end=\"3294\">Tambi\u00e9n se recuerda que:<\/p>\n<ul data-start=\"3296\" data-end=\"3595\">\n<li data-section-id=\"s0sq1x\" data-start=\"3296\" data-end=\"3441\">\n<p data-start=\"3298\" data-end=\"3441\">habr\u00e1 un servicio de bomberos por si se produjera cualquier incidente. De producirse cualquier incidencia se debe llamar inmediatamente al 012.<\/p>\n<\/li>\n<li data-section-id=\"rm4zft\" data-start=\"3442\" data-end=\"3542\">\n<p data-start=\"3444\" data-end=\"3542\">el encendido ser\u00e1 a las 20.00 horas, pero se podr\u00e1 empezar a preparar a partir de las 17:30 horas.<\/p>\n<\/li>\n<li data-section-id=\"juqknc\" data-start=\"3543\" data-end=\"3595\">\n<p data-start=\"3545\" data-end=\"3595\">es necesario recoger los residuos que se originen.<\/p>\n<\/li>\n<\/ul>\n<p data-start=\"3597\" data-end=\"3751\">Solicito la colaboraci\u00f3n de todos para un buen desarrollo de este acto y que acudan a la hoguera hecha en el campo del Patronat (antiguo campo de f\u00fatbol).<\/p>\n<p data-start=\"3753\" data-end=\"3786\">Muro d\u2019Alcoi, 10 de marzo de 2026<\/p>\n<p data-start=\"3788\" data-end=\"3798\">EL ALCALDE<\/p>\n<p>&nbsp;<\/p>\n<p data-start=\"1806\" data-end=\"1815\">Bando: <a href=\"https:\/\/www.vilademuro.net\/wp-content\/uploads\/2026\/03\/20260310_Publicacio_Bandol_Ban-Fogueres-de-Sant-Josep-2026.pdf\">20260310_Publicacio\u0301_Ba\u0300ndol_Ban Fogueres de Sant Josep 2026<\/a><\/p>\n","protected":false},"excerpt":{"rendered":"<p>BANDO VICENT MOLINA I PERONA, alcalde del Ayuntamiento de Muro de l\u2019Alcoi HACE SABER: Que con la celebraci\u00f3n de las tradicionales hogueras de San Jos\u00e9, como cada a\u00f1o, el pr\u00f3ximo [&hellip;]<\/p>\n","protected":false},"author":32,"featured_media":60041,"comment_status":"closed","ping_status":"closed","sticky":false,"template":"","format":"standard","meta":{"_et_pb_use_builder":"","_et_pb_old_content":"","_et_gb_content_width":"","footnotes":""},"categories":[51,49],"tags":[],"class_list":["post-60033","post","type-post","status-publish","format-standard","has-post-thumbnail","hentry","category-destacat-es","category-noticias"],"yoast_head":"<!-- This site is optimized with the Yoast SEO plugin v27.1.1 - https:\/\/yoast.com\/product\/yoast-seo-wordpress\/ -->\n<title>BANDO - Fogueres de Sant Josep | Ajuntament de Muro<\/title>\n<meta name=\"robots\" content=\"index, follow, max-snippet:-1, max-image-preview:large, max-video-preview:-1\" \/>\n<link rel=\"canonical\" href=\"https:\/\/www.vilademuro.net\/es\/ban-fogueres-de-sant-josep\/\" \/>\n<meta property=\"og:locale\" content=\"es_ES\" \/>\n<meta property=\"og:type\" content=\"article\" \/>\n<meta property=\"og:title\" content=\"BANDO - Fogueres de Sant Josep | Ajuntament de Muro\" \/>\n<meta property=\"og:description\" content=\"BANDO VICENT MOLINA I PERONA, alcalde del Ayuntamiento de Muro de l\u2019Alcoi HACE SABER: Que con la celebraci\u00f3n de las tradicionales hogueras de San Jos\u00e9, como cada a\u00f1o, el pr\u00f3ximo [&hellip;]\" \/>\n<meta property=\"og:url\" content=\"https:\/\/www.vilademuro.net\/es\/ban-fogueres-de-sant-josep\/\" \/>\n<meta property=\"og:site_name\" content=\"Ajuntament de Muro\" \/>\n<meta property=\"article:publisher\" content=\"https:\/\/www.facebook.com\/murodealcoy\" \/>\n<meta property=\"article:published_time\" content=\"2026-03-10T15:49:52+00:00\" \/>\n<meta property=\"article:modified_time\" content=\"2026-03-10T16:22:14+00:00\" \/>\n<meta property=\"og:image\" content=\"https:\/\/www.vilademuro.net\/wp-content\/uploads\/2026\/03\/Diseno-sin-titulo-43-1-715x1024.png\" \/>\n\t<meta property=\"og:image:width\" content=\"715\" \/>\n\t<meta property=\"og:image:height\" content=\"1024\" \/>\n\t<meta property=\"og:image:type\" content=\"image\/png\" \/>\n<meta name=\"author\" content=\"david perez\" \/>\n<meta name=\"twitter:card\" content=\"summary_large_image\" \/>\n<meta name=\"twitter:creator\" content=\"@AjuntamentMuro\" \/>\n<meta name=\"twitter:site\" content=\"@AjuntamentMuro\" \/>\n<meta name=\"twitter:label1\" content=\"Escrito por\" \/>\n\t<meta name=\"twitter:data1\" content=\"david perez\" \/>\n\t<meta name=\"twitter:label2\" content=\"Tiempo de lectura\" \/>\n\t<meta name=\"twitter:data2\" content=\"2 minutos\" \/>\n<script type=\"application\/ld+json\" class=\"yoast-schema-graph\">{\"@context\":\"https:\/\/schema.org\",\"@graph\":[{\"@type\":\"Article\",\"@id\":\"https:\/\/www.vilademuro.net\/es\/ban-fogueres-de-sant-josep\/#article\",\"isPartOf\":{\"@id\":\"https:\/\/www.vilademuro.net\/es\/ban-fogueres-de-sant-josep\/\"},\"author\":{\"name\":\"david perez\",\"@id\":\"https:\/\/www.vilademuro.net\/es\/#\/schema\/person\/18d508a6d83aeac8b78142fe72d521b2\"},\"headline\":\"BANDO &#8211; Fogueres de Sant Josep\",\"datePublished\":\"2026-03-10T15:49:52+00:00\",\"dateModified\":\"2026-03-10T16:22:14+00:00\",\"mainEntityOfPage\":{\"@id\":\"https:\/\/www.vilademuro.net\/es\/ban-fogueres-de-sant-josep\/\"},\"wordCount\":319,\"publisher\":{\"@id\":\"https:\/\/www.vilademuro.net\/es\/#organization\"},\"image\":{\"@id\":\"https:\/\/www.vilademuro.net\/es\/ban-fogueres-de-sant-josep\/#primaryimage\"},\"thumbnailUrl\":\"https:\/\/www.vilademuro.net\/wp-content\/uploads\/2026\/03\/Diseno-sin-titulo-43-1.png\",\"articleSection\":[\"Destacat\",\"Noticias\"],\"inLanguage\":\"es\"},{\"@type\":\"WebPage\",\"@id\":\"https:\/\/www.vilademuro.net\/es\/ban-fogueres-de-sant-josep\/\",\"url\":\"https:\/\/www.vilademuro.net\/es\/ban-fogueres-de-sant-josep\/\",\"name\":\"BANDO - Fogueres de Sant Josep | Ajuntament de Muro\",\"isPartOf\":{\"@id\":\"https:\/\/www.vilademuro.net\/es\/#website\"},\"primaryImageOfPage\":{\"@id\":\"https:\/\/www.vilademuro.net\/es\/ban-fogueres-de-sant-josep\/#primaryimage\"},\"image\":{\"@id\":\"https:\/\/www.vilademuro.net\/es\/ban-fogueres-de-sant-josep\/#primaryimage\"},\"thumbnailUrl\":\"https:\/\/www.vilademuro.net\/wp-content\/uploads\/2026\/03\/Diseno-sin-titulo-43-1.png\",\"datePublished\":\"2026-03-10T15:49:52+00:00\",\"dateModified\":\"2026-03-10T16:22:14+00:00\",\"breadcrumb\":{\"@id\":\"https:\/\/www.vilademuro.net\/es\/ban-fogueres-de-sant-josep\/#breadcrumb\"},\"inLanguage\":\"es\",\"potentialAction\":[{\"@type\":\"ReadAction\",\"target\":[\"https:\/\/www.vilademuro.net\/es\/ban-fogueres-de-sant-josep\/\"]}]},{\"@type\":\"ImageObject\",\"inLanguage\":\"es\",\"@id\":\"https:\/\/www.vilademuro.net\/es\/ban-fogueres-de-sant-josep\/#primaryimage\",\"url\":\"https:\/\/www.vilademuro.net\/wp-content\/uploads\/2026\/03\/Diseno-sin-titulo-43-1.png\",\"contentUrl\":\"https:\/\/www.vilademuro.net\/wp-content\/uploads\/2026\/03\/Diseno-sin-titulo-43-1.png\",\"width\":1370,\"height\":1961},{\"@type\":\"BreadcrumbList\",\"@id\":\"https:\/\/www.vilademuro.net\/es\/ban-fogueres-de-sant-josep\/#breadcrumb\",\"itemListElement\":[{\"@type\":\"ListItem\",\"position\":1,\"name\":\"Inici\",\"item\":\"https:\/\/www.vilademuro.net\/es\/\"},{\"@type\":\"ListItem\",\"position\":2,\"name\":\"BANDO &#8211; Fogueres de Sant Josep\"}]},{\"@type\":\"WebSite\",\"@id\":\"https:\/\/www.vilademuro.net\/es\/#website\",\"url\":\"https:\/\/www.vilademuro.net\/es\/\",\"name\":\"Ajuntament de Muro d'Alcoi\",\"description\":\"P\u00e1gina web oficial de l&#039;Ajuntament de Muro\",\"publisher\":{\"@id\":\"https:\/\/www.vilademuro.net\/es\/#organization\"},\"potentialAction\":[{\"@type\":\"SearchAction\",\"target\":{\"@type\":\"EntryPoint\",\"urlTemplate\":\"https:\/\/www.vilademuro.net\/es\/?s={search_term_string}\"},\"query-input\":{\"@type\":\"PropertyValueSpecification\",\"valueRequired\":true,\"valueName\":\"search_term_string\"}}],\"inLanguage\":\"es\"},{\"@type\":\"Organization\",\"@id\":\"https:\/\/www.vilademuro.net\/es\/#organization\",\"name\":\"Ajuntament de Muro\",\"url\":\"https:\/\/www.vilademuro.net\/es\/\",\"logo\":{\"@type\":\"ImageObject\",\"inLanguage\":\"es\",\"@id\":\"https:\/\/www.vilademuro.net\/es\/#\/schema\/logo\/image\/\",\"url\":\"https:\/\/www.vilademuro.net\/wp-content\/uploads\/2022\/10\/LOGO3-2.jpg\",\"contentUrl\":\"https:\/\/www.vilademuro.net\/wp-content\/uploads\/2022\/10\/LOGO3-2.jpg\",\"width\":756,\"height\":517,\"caption\":\"Ajuntament de Muro\"},\"image\":{\"@id\":\"https:\/\/www.vilademuro.net\/es\/#\/schema\/logo\/image\/\"},\"sameAs\":[\"https:\/\/www.facebook.com\/murodealcoy\",\"https:\/\/x.com\/AjuntamentMuro\",\"https:\/\/www.youtube.com\/channel\/UC2rwbKfRqsd1Ncwm6Y1prQw\"]},{\"@type\":\"Person\",\"@id\":\"https:\/\/www.vilademuro.net\/es\/#\/schema\/person\/18d508a6d83aeac8b78142fe72d521b2\",\"name\":\"david perez\",\"image\":{\"@type\":\"ImageObject\",\"inLanguage\":\"es\",\"@id\":\"https:\/\/www.vilademuro.net\/es\/#\/schema\/person\/image\/\",\"url\":\"https:\/\/secure.gravatar.com\/avatar\/32e29d67ef109fa6f899286cf1743bb75688fd5ba35d80f5c1b6ac2b6bf32256?s=96&d=mm&r=g\",\"contentUrl\":\"https:\/\/secure.gravatar.com\/avatar\/32e29d67ef109fa6f899286cf1743bb75688fd5ba35d80f5c1b6ac2b6bf32256?s=96&d=mm&r=g\",\"caption\":\"david perez\"}}]}<\/script>\n<!-- \/ Yoast SEO plugin. -->","yoast_head_json":{"title":"BANDO - Fogueres de Sant Josep | Ajuntament de Muro","robots":{"index":"index","follow":"follow","max-snippet":"max-snippet:-1","max-image-preview":"max-image-preview:large","max-video-preview":"max-video-preview:-1"},"canonical":"https:\/\/www.vilademuro.net\/es\/ban-fogueres-de-sant-josep\/","og_locale":"es_ES","og_type":"article","og_title":"BANDO - Fogueres de Sant Josep | Ajuntament de Muro","og_description":"BANDO VICENT MOLINA I PERONA, alcalde del Ayuntamiento de Muro de l\u2019Alcoi HACE SABER: Que con la celebraci\u00f3n de las tradicionales hogueras de San Jos\u00e9, como cada a\u00f1o, el pr\u00f3ximo [&hellip;]","og_url":"https:\/\/www.vilademuro.net\/es\/ban-fogueres-de-sant-josep\/","og_site_name":"Ajuntament de Muro","article_publisher":"https:\/\/www.facebook.com\/murodealcoy","article_published_time":"2026-03-10T15:49:52+00:00","article_modified_time":"2026-03-10T16:22:14+00:00","og_image":[{"width":715,"height":1024,"url":"https:\/\/www.vilademuro.net\/wp-content\/uploads\/2026\/03\/Diseno-sin-titulo-43-1-715x1024.png","type":"image\/png"}],"author":"david perez","twitter_card":"summary_large_image","twitter_creator":"@AjuntamentMuro","twitter_site":"@AjuntamentMuro","twitter_misc":{"Escrito por":"david perez","Tiempo de lectura":"2 minutos"},"schema":{"@context":"https:\/\/schema.org","@graph":[{"@type":"Article","@id":"https:\/\/www.vilademuro.net\/es\/ban-fogueres-de-sant-josep\/#article","isPartOf":{"@id":"https:\/\/www.vilademuro.net\/es\/ban-fogueres-de-sant-josep\/"},"author":{"name":"david perez","@id":"https:\/\/www.vilademuro.net\/es\/#\/schema\/person\/18d508a6d83aeac8b78142fe72d521b2"},"headline":"BANDO &#8211; Fogueres de Sant Josep","datePublished":"2026-03-10T15:49:52+00:00","dateModified":"2026-03-10T16:22:14+00:00","mainEntityOfPage":{"@id":"https:\/\/www.vilademuro.net\/es\/ban-fogueres-de-sant-josep\/"},"wordCount":319,"publisher":{"@id":"https:\/\/www.vilademuro.net\/es\/#organization"},"image":{"@id":"https:\/\/www.vilademuro.net\/es\/ban-fogueres-de-sant-josep\/#primaryimage"},"thumbnailUrl":"https:\/\/www.vilademuro.net\/wp-content\/uploads\/2026\/03\/Diseno-sin-titulo-43-1.png","articleSection":["Destacat","Noticias"],"inLanguage":"es"},{"@type":"WebPage","@id":"https:\/\/www.vilademuro.net\/es\/ban-fogueres-de-sant-josep\/","url":"https:\/\/www.vilademuro.net\/es\/ban-fogueres-de-sant-josep\/","name":"BANDO - Fogueres de Sant Josep | Ajuntament de Muro","isPartOf":{"@id":"https:\/\/www.vilademuro.net\/es\/#website"},"primaryImageOfPage":{"@id":"https:\/\/www.vilademuro.net\/es\/ban-fogueres-de-sant-josep\/#primaryimage"},"image":{"@id":"https:\/\/www.vilademuro.net\/es\/ban-fogueres-de-sant-josep\/#primaryimage"},"thumbnailUrl":"https:\/\/www.vilademuro.net\/wp-content\/uploads\/2026\/03\/Diseno-sin-titulo-43-1.png","datePublished":"2026-03-10T15:49:52+00:00","dateModified":"2026-03-10T16:22:14+00:00","breadcrumb":{"@id":"https:\/\/www.vilademuro.net\/es\/ban-fogueres-de-sant-josep\/#breadcrumb"},"inLanguage":"es","potentialAction":[{"@type":"ReadAction","target":["https:\/\/www.vilademuro.net\/es\/ban-fogueres-de-sant-josep\/"]}]},{"@type":"ImageObject","inLanguage":"es","@id":"https:\/\/www.vilademuro.net\/es\/ban-fogueres-de-sant-josep\/#primaryimage","url":"https:\/\/www.vilademuro.net\/wp-content\/uploads\/2026\/03\/Diseno-sin-titulo-43-1.png","contentUrl":"https:\/\/www.vilademuro.net\/wp-content\/uploads\/2026\/03\/Diseno-sin-titulo-43-1.png","width":1370,"height":1961},{"@type":"BreadcrumbList","@id":"https:\/\/www.vilademuro.net\/es\/ban-fogueres-de-sant-josep\/#breadcrumb","itemListElement":[{"@type":"ListItem","position":1,"name":"Inici","item":"https:\/\/www.vilademuro.net\/es\/"},{"@type":"ListItem","position":2,"name":"BANDO &#8211; Fogueres de Sant Josep"}]},{"@type":"WebSite","@id":"https:\/\/www.vilademuro.net\/es\/#website","url":"https:\/\/www.vilademuro.net\/es\/","name":"Ajuntament de Muro d'Alcoi","description":"P\u00e1gina web oficial de l&#039;Ajuntament de Muro","publisher":{"@id":"https:\/\/www.vilademuro.net\/es\/#organization"},"potentialAction":[{"@type":"SearchAction","target":{"@type":"EntryPoint","urlTemplate":"https:\/\/www.vilademuro.net\/es\/?s={search_term_string}"},"query-input":{"@type":"PropertyValueSpecification","valueRequired":true,"valueName":"search_term_string"}}],"inLanguage":"es"},{"@type":"Organization","@id":"https:\/\/www.vilademuro.net\/es\/#organization","name":"Ajuntament de Muro","url":"https:\/\/www.vilademuro.net\/es\/","logo":{"@type":"ImageObject","inLanguage":"es","@id":"https:\/\/www.vilademuro.net\/es\/#\/schema\/logo\/image\/","url":"https:\/\/www.vilademuro.net\/wp-content\/uploads\/2022\/10\/LOGO3-2.jpg","contentUrl":"https:\/\/www.vilademuro.net\/wp-content\/uploads\/2022\/10\/LOGO3-2.jpg","width":756,"height":517,"caption":"Ajuntament de Muro"},"image":{"@id":"https:\/\/www.vilademuro.net\/es\/#\/schema\/logo\/image\/"},"sameAs":["https:\/\/www.facebook.com\/murodealcoy","https:\/\/x.com\/AjuntamentMuro","https:\/\/www.youtube.com\/channel\/UC2rwbKfRqsd1Ncwm6Y1prQw"]},{"@type":"Person","@id":"https:\/\/www.vilademuro.net\/es\/#\/schema\/person\/18d508a6d83aeac8b78142fe72d521b2","name":"david perez","image":{"@type":"ImageObject","inLanguage":"es","@id":"https:\/\/www.vilademuro.net\/es\/#\/schema\/person\/image\/","url":"https:\/\/secure.gravatar.com\/avatar\/32e29d67ef109fa6f899286cf1743bb75688fd5ba35d80f5c1b6ac2b6bf32256?s=96&d=mm&r=g","contentUrl":"https:\/\/secure.gravatar.com\/avatar\/32e29d67ef109fa6f899286cf1743bb75688fd5ba35d80f5c1b6ac2b6bf32256?s=96&d=mm&r=g","caption":"david perez"}}]}},"_links":{"self":[{"href":"https:\/\/www.vilademuro.net\/es\/wp-json\/wp\/v2\/posts\/60033","targetHints":{"allow":["GET"]}}],"collection":[{"href":"https:\/\/www.vilademuro.net\/es\/wp-json\/wp\/v2\/posts"}],"about":[{"href":"https:\/\/www.vilademuro.net\/es\/wp-json\/wp\/v2\/types\/post"}],"author":[{"embeddable":true,"href":"https:\/\/www.vilademuro.net\/es\/wp-json\/wp\/v2\/users\/32"}],"replies":[{"embeddable":true,"href":"https:\/\/www.vilademuro.net\/es\/wp-json\/wp\/v2\/comments?post=60033"}],"version-history":[{"count":2,"href":"https:\/\/www.vilademuro.net\/es\/wp-json\/wp\/v2\/posts\/60033\/revisions"}],"predecessor-version":[{"id":60037,"href":"https:\/\/www.vilademuro.net\/es\/wp-json\/wp\/v2\/posts\/60033\/revisions\/60037"}],"wp:featuredmedia":[{"embeddable":true,"href":"https:\/\/www.vilademuro.net\/es\/wp-json\/wp\/v2\/media\/60041"}],"wp:attachment":[{"href":"https:\/\/www.vilademuro.net\/es\/wp-json\/wp\/v2\/media?parent=60033"}],"wp:term":[{"taxonomy":"category","embeddable":true,"href":"https:\/\/www.vilademuro.net\/es\/wp-json\/wp\/v2\/categories?post=60033"},{"taxonomy":"post_tag","embeddable":true,"href":"https:\/\/www.vilademuro.net\/es\/wp-json\/wp\/v2\/tags?post=60033"}],"curies":[{"name":"wp","href":"https:\/\/api.w.org\/{rel}","templated":true}]}}