{"id":58937,"date":"2025-12-11T09:26:31","date_gmt":"2025-12-11T08:26:31","guid":{"rendered":"https:\/\/www.vilademuro.net\/?p=58937"},"modified":"2026-03-11T11:47:31","modified_gmt":"2026-03-11T10:47:31","slug":"concedit-el-taller-docupacio-format-a-muro-2","status":"publish","type":"post","link":"https:\/\/www.vilademuro.net\/es\/concedit-el-taller-docupacio-format-a-muro-2\/","title":{"rendered":"Concedido el Taller de Empleo \u00abFORMA\u2019T A MURO 2\u00bb\u201d."},"content":{"rendered":"<p><span style=\"color: #000000\">LABORA, Servicio Valenciano de Empleo y Formaci\u00f3n ha concedido subvenci\u00f3n para el desarrollo del Taller de Empleo \u00abFORMA\u2019T A MURO 2\u00bb\u201d con tres itinerario y 30 alumnos.<\/span><br \/>\n<span style=\"color: #000000\"><strong>ESTE TALLER SE INICIAR\u00c1 EL 1 DE MARZO DE 2026.<\/strong><br \/>\nEn breve se crear\u00e1 la comisi\u00f3n de baremaci\u00f3n y se aprobar\u00e1n las bases y el calendario para la selecci\u00f3n.<\/span><br \/>\n<span style=\"color: #000000\">En la web del Ayuntamiento se publicar\u00e1 toda la informaci\u00f3n.<\/span><br \/>\n<span style=\"color: #000000\">Los itinerarios son:<\/span><br \/>\n<span style=\"color: #000000\">AGAR0309 ACTIVIDADES AUXILIARES EN CONSERVACI\u00d3N Y MEJORA DE MONTES (Certificado de Profesionalidad nivel 1) y AGAR0208 REPOBLACIONES FORESTALES Y TRATAMIENTOS SILV\u00cdCOLAS (Certificado de Profesionalidad nivel 2).<\/span><br \/>\n<span style=\"color: #000000\">EOCB0208 OPERACIONES AUXILIARES DE ALBA\u00d1ILER\u00cdA DE F\u00c1BRICAS Y CUBIERTAS (Certificado de profesionalidad nivel 1) y EOCB0108 FABRICAS DE ALBA\u00d1ILER\u00cdA (Certificado de profesionalidad nivel 2)<\/span><br \/>\n<span style=\"color: #000000\">SSCB0209 DINAMIZACI\u00d3N DE ACTIVIDADES DE TIEMPO LIBRE EDUCATIVO INFANTIL Y JUVENIL (Certificado de profesionalidad nivel 2) y SSCB0109 DINAMIZACI\u00d3N COMUNITARIA (Certificado de profesionalidad nivel 3)<\/span><br \/>\n<span style=\"color: #000000\">Las personas interesadas y destinatarias de este programa tendr\u00e1n que cumplir los siguientes requisitos m\u00ednimos:<\/span><br \/>\n<span style=\"color: #000000\">1) Pertenecer a cualquiera de los Estados firmantes del Tratado de la Uni\u00f3n Europea y del Acuerdo sobre el Espacio Econ\u00f3mico Europeo, con conocimientos suficientes de la lengua castellana. En caso de ser persona extranjera no perteneciente a ninguno de los Estados firmantes del Tratado de la Uni\u00f3n Europea, se deber\u00e1n tener conocimientos de la lengua castellana y permiso de trabajo para la ocupaci\u00f3n correspondiente con una duraci\u00f3n m\u00ednima igual o superior a la del proyecto. Podr\u00e1n participar en estos programas las personas con autorizaci\u00f3n de residencia por razones de arraigo socioformativo.<\/span><br \/>\n<span style=\"color: #000000\">2) Cumplir los requisitos exigidos a las personas destinatarias en los art\u00edculos 8 y 17 de la Orden 23\/2024 y en el resuelvo quinto de la Resoluci\u00f3n de 10 de julio de 2025, del director general de Labora-Servicio Valenciano de Empleo y formaci\u00f3n, por la que se aprueba la convocatoria del programa mixto de empleo formaci\u00f3n Talleres de Empleo, con cargo al ejercicio presupuestario 2025:<\/span><br \/>\n<span style=\"color: #000000\">a) Ser personas desempleadas, entendi\u00e9ndose como tales personas demandantes de empleo y servicios en situaci\u00f3n laboral de no ocupadas, registradas en un servicio p\u00fablico de empleo.<\/span><br \/>\n<span style=\"color: #000000\">b) Cumplir los requisitos establecidos en la normativa de aplicaci\u00f3n para formalizar un contrato para la formaci\u00f3n en alternancia, regulado en el art. 11.2 del R.D. Legislativo 2\/2015 del Estatuto de los Trabajadores, modificado por el R.D. Ley 32\/2021 de 28 de diciembre, de medidas urgentes para la reforma laboral, la garant\u00eda de la estabilidad en el empleo y la transformaci\u00f3n del mercado de trabajo. De la Reforma laboral, desarrollado por el del R. D. 1065\/2025, de 26 de noviembre, por el que se desarrolla el r\u00e9gimen del contrato formativo, previsto en el art\u00edculo 11 del texto refundido de la Ley del Estatuto de los Trabajadores, en cuya disposici\u00f3n adicional tercera se establece que podr\u00e1n participar en estos programas las personas con autorizaci\u00f3n de residencia por razones de arraigo socioformativo.<\/span><br \/>\n<span style=\"color: #000000\">3) En su caso, acreditar la formaci\u00f3n espec\u00edfica previa que exija la especialidad a la que se opta. Al tratarse de formaci\u00f3n certificable el alumnado deber\u00e1 cumplir los requisitos y criterios de acceso establecidos en los art\u00edculos 75 y 76 del Real Decreto 659\/2023, de 18 de julio, por el que se desarrolla la ordenaci\u00f3n del Sistema de Formaci\u00f3n Profesional y en el Real Decreto por el que se establece el correspondiente certificado profesional.<\/span><br \/>\n<span style=\"color: #000000\">4) Presentar declaraci\u00f3n responsable de no haber abandonado un programa mixto de empleo-formaci\u00f3n, antes de la finalizaci\u00f3n del mismo, para iniciar otro programa mixto de empleo-formaci\u00f3n en el mismo ejercicio, con referencia a programas financiados con cargo a los presupuestos de los a\u00f1os 2022, 2023 y 2024. Las personas candidatas que no cumplan esta condici\u00f3n no podr\u00e1n participar en el proceso de selecci\u00f3n.<\/span><br \/>\n<span style=\"color: #000000\">5) No haber superado previamente la formaci\u00f3n que da lugar a la obtenci\u00f3n de certificado profesional objeto del itinerario formativo.<\/span><br \/>\n<span style=\"color: #000000\">Las condiciones relacionadas deber\u00e1n mantenerse en la fecha de la incorporaci\u00f3n al proyecto.<\/span><\/p>\n<p><span style=\"color: #000000\">A fin de garantizar el acceso a la formaci\u00f3n de las personas con mayores dificultades de inserci\u00f3n tendr\u00e1n prioridad los siguientes colectivos:<\/span><br \/>\n<span style=\"color: #000000\">&#8211; V\u00edctimas de violencia de g\u00e9nero.<\/span><br \/>\n<span style=\"color: #000000\">&#8211; Personas con una discapacidad reconocida igual o superior al 33%.<\/span><br \/>\n<span style=\"color: #000000\">&#8211; PLD (Personas desempleadas de larga duraci\u00f3n).<\/span><br \/>\n<span style=\"color: #000000\">&#8211; Personas mayores de 45 a\u00f1os de edad.<\/span><br \/>\n<span style=\"color: #000000\">&#8211; Bajo nivel de cualificaci\u00f3n formativa.<\/span><\/p>\n<p><span style=\"color: #000000\">DURACI\u00d3N: Un a\u00f1o.<\/span><br \/>\n<span style=\"color: #000000\">SALARIO: 100% SMI = 1.184,00 \u20ac\/mes bruto.<\/span><br \/>\n<span style=\"color: #000000\">CONTRATO: Contrato de Formaci\u00f3n y Aprendizaje.<\/span><br \/>\n<span style=\"color: #000000\">CON LA SUBVENCI\u00d3N DE LABORA, SERVICIO VALENCIANO DE EMPLEO Y FORMACI\u00d3N.<\/span><br \/>\n<span style=\"color: #000000\">LAS PERSONAS INTERESADAS DEBER\u00c1N CONTACTAR\/SUBIR A ESPAI LABORA ALCOY (965694810 o https:\/\/puntlabora.gva.es\/puntlabora\/atenciontelefonica) PARA INDICAR QUE EST\u00c1N INTERESADOS EN EL ITINERARIO O LOS ITINERARIOS QUE LE SEAN DE SU INTER\u00c9S.<\/span><\/p>\n<p><span style=\"color: #000000\"><img loading=\"lazy\" decoding=\"async\" class=\"alignnone size-full wp-image-55880\" src=\"https:\/\/www.vilademuro.net\/wp-content\/uploads\/2025\/02\/labora-gva-2025-1.jpg\" alt=\"\" width=\"300\" height=\"64\" \/><br \/>\n<\/span><\/p>\n","protected":false},"excerpt":{"rendered":"<p>LABORA, Servicio Valenciano de Empleo y Formaci\u00f3n ha concedido subvenci\u00f3n para el desarrollo del Taller de Empleo \u00abFORMA\u2019T A MURO 2\u00bb\u201d con tres itinerario y 30 alumnos. ESTE TALLER SE [&hellip;]<\/p>\n","protected":false},"author":9,"featured_media":37834,"comment_status":"closed","ping_status":"closed","sticky":false,"template":"","format":"standard","meta":{"_et_pb_use_builder":"","_et_pb_old_content":"","_et_gb_content_width":"","footnotes":""},"categories":[50,63,110,51,49,111],"tags":[],"class_list":["post-58937","post","type-post","status-publish","format-standard","has-post-thumbnail","hentry","category-adl-es","category-areas","category-ayudas-y-subvenciones","category-destacat-es","category-noticias","category-taller-de-empleo"],"yoast_head":"<!-- This site is optimized with the Yoast SEO plugin v27.1.1 - https:\/\/yoast.com\/product\/yoast-seo-wordpress\/ -->\n<title>Concedido el Taller de Empleo \u00abFORMA\u2019T A MURO 2\u00bb\u201d. | Ajuntament de Muro<\/title>\n<meta name=\"robots\" content=\"index, follow, max-snippet:-1, max-image-preview:large, max-video-preview:-1\" \/>\n<link rel=\"canonical\" href=\"https:\/\/www.vilademuro.net\/es\/concedit-el-taller-docupacio-format-a-muro-2\/\" \/>\n<meta property=\"og:locale\" content=\"es_ES\" \/>\n<meta property=\"og:type\" content=\"article\" \/>\n<meta property=\"og:title\" content=\"Concedido el Taller de Empleo \u00abFORMA\u2019T A MURO 2\u00bb\u201d. | Ajuntament de Muro\" \/>\n<meta property=\"og:description\" content=\"LABORA, Servicio Valenciano de Empleo y Formaci\u00f3n ha concedido subvenci\u00f3n para el desarrollo del Taller de Empleo \u00abFORMA\u2019T A MURO 2\u00bb\u201d con tres itinerario y 30 alumnos. ESTE TALLER SE [&hellip;]\" \/>\n<meta property=\"og:url\" content=\"https:\/\/www.vilademuro.net\/es\/concedit-el-taller-docupacio-format-a-muro-2\/\" \/>\n<meta property=\"og:site_name\" content=\"Ajuntament de Muro\" \/>\n<meta property=\"article:publisher\" content=\"https:\/\/www.facebook.com\/murodealcoy\" \/>\n<meta property=\"article:published_time\" content=\"2025-12-11T08:26:31+00:00\" \/>\n<meta property=\"article:modified_time\" content=\"2026-03-11T10:47:31+00:00\" \/>\n<meta property=\"og:image\" content=\"https:\/\/www.vilademuro.net\/wp-content\/uploads\/2020\/04\/logo-entrades-ajudes-i-subvencions.jpg\" \/>\n\t<meta property=\"og:image:width\" content=\"200\" \/>\n\t<meta property=\"og:image:height\" content=\"200\" \/>\n\t<meta property=\"og:image:type\" content=\"image\/jpeg\" \/>\n<meta name=\"author\" content=\"Manolo Moll\" \/>\n<meta name=\"twitter:card\" content=\"summary_large_image\" \/>\n<meta name=\"twitter:creator\" content=\"@AjuntamentMuro\" \/>\n<meta name=\"twitter:site\" content=\"@AjuntamentMuro\" \/>\n<meta name=\"twitter:label1\" content=\"Escrito por\" \/>\n\t<meta name=\"twitter:data1\" content=\"Manolo Moll\" \/>\n\t<meta name=\"twitter:label2\" content=\"Tiempo de lectura\" \/>\n\t<meta name=\"twitter:data2\" content=\"5 minutos\" \/>\n<script type=\"application\/ld+json\" class=\"yoast-schema-graph\">{\"@context\":\"https:\/\/schema.org\",\"@graph\":[{\"@type\":\"Article\",\"@id\":\"https:\/\/www.vilademuro.net\/es\/concedit-el-taller-docupacio-format-a-muro-2\/#article\",\"isPartOf\":{\"@id\":\"https:\/\/www.vilademuro.net\/es\/concedit-el-taller-docupacio-format-a-muro-2\/\"},\"author\":{\"name\":\"Manolo Moll\",\"@id\":\"https:\/\/www.vilademuro.net\/es\/#\/schema\/person\/a42e266ef9e9ced94f63a10cae995cb3\"},\"headline\":\"Concedido el Taller de Empleo \u00abFORMA\u2019T A MURO 2\u00bb\u201d.\",\"datePublished\":\"2025-12-11T08:26:31+00:00\",\"dateModified\":\"2026-03-11T10:47:31+00:00\",\"mainEntityOfPage\":{\"@id\":\"https:\/\/www.vilademuro.net\/es\/concedit-el-taller-docupacio-format-a-muro-2\/\"},\"wordCount\":812,\"publisher\":{\"@id\":\"https:\/\/www.vilademuro.net\/es\/#organization\"},\"image\":{\"@id\":\"https:\/\/www.vilademuro.net\/es\/concedit-el-taller-docupacio-format-a-muro-2\/#primaryimage\"},\"thumbnailUrl\":\"https:\/\/www.vilademuro.net\/wp-content\/uploads\/2020\/04\/logo-entrades-ajudes-i-subvencions.jpg\",\"articleSection\":[\"ADL\",\"\u00c1reas\",\"Ayudas y subvenciones\",\"Destacat\",\"Noticias\",\"Taller de empleo\"],\"inLanguage\":\"es\"},{\"@type\":\"WebPage\",\"@id\":\"https:\/\/www.vilademuro.net\/es\/concedit-el-taller-docupacio-format-a-muro-2\/\",\"url\":\"https:\/\/www.vilademuro.net\/es\/concedit-el-taller-docupacio-format-a-muro-2\/\",\"name\":\"Concedido el Taller de Empleo \u00abFORMA\u2019T A MURO 2\u00bb\u201d. | Ajuntament de Muro\",\"isPartOf\":{\"@id\":\"https:\/\/www.vilademuro.net\/es\/#website\"},\"primaryImageOfPage\":{\"@id\":\"https:\/\/www.vilademuro.net\/es\/concedit-el-taller-docupacio-format-a-muro-2\/#primaryimage\"},\"image\":{\"@id\":\"https:\/\/www.vilademuro.net\/es\/concedit-el-taller-docupacio-format-a-muro-2\/#primaryimage\"},\"thumbnailUrl\":\"https:\/\/www.vilademuro.net\/wp-content\/uploads\/2020\/04\/logo-entrades-ajudes-i-subvencions.jpg\",\"datePublished\":\"2025-12-11T08:26:31+00:00\",\"dateModified\":\"2026-03-11T10:47:31+00:00\",\"breadcrumb\":{\"@id\":\"https:\/\/www.vilademuro.net\/es\/concedit-el-taller-docupacio-format-a-muro-2\/#breadcrumb\"},\"inLanguage\":\"es\",\"potentialAction\":[{\"@type\":\"ReadAction\",\"target\":[\"https:\/\/www.vilademuro.net\/es\/concedit-el-taller-docupacio-format-a-muro-2\/\"]}]},{\"@type\":\"ImageObject\",\"inLanguage\":\"es\",\"@id\":\"https:\/\/www.vilademuro.net\/es\/concedit-el-taller-docupacio-format-a-muro-2\/#primaryimage\",\"url\":\"https:\/\/www.vilademuro.net\/wp-content\/uploads\/2020\/04\/logo-entrades-ajudes-i-subvencions.jpg\",\"contentUrl\":\"https:\/\/www.vilademuro.net\/wp-content\/uploads\/2020\/04\/logo-entrades-ajudes-i-subvencions.jpg\",\"width\":200,\"height\":200},{\"@type\":\"BreadcrumbList\",\"@id\":\"https:\/\/www.vilademuro.net\/es\/concedit-el-taller-docupacio-format-a-muro-2\/#breadcrumb\",\"itemListElement\":[{\"@type\":\"ListItem\",\"position\":1,\"name\":\"Inici\",\"item\":\"https:\/\/www.vilademuro.net\/es\/\"},{\"@type\":\"ListItem\",\"position\":2,\"name\":\"Concedido el Taller de Empleo \u00abFORMA\u2019T A MURO 2\u00bb\u201d.\"}]},{\"@type\":\"WebSite\",\"@id\":\"https:\/\/www.vilademuro.net\/es\/#website\",\"url\":\"https:\/\/www.vilademuro.net\/es\/\",\"name\":\"Ajuntament de Muro d'Alcoi\",\"description\":\"P\u00e1gina web oficial de l&#039;Ajuntament de Muro\",\"publisher\":{\"@id\":\"https:\/\/www.vilademuro.net\/es\/#organization\"},\"potentialAction\":[{\"@type\":\"SearchAction\",\"target\":{\"@type\":\"EntryPoint\",\"urlTemplate\":\"https:\/\/www.vilademuro.net\/es\/?s={search_term_string}\"},\"query-input\":{\"@type\":\"PropertyValueSpecification\",\"valueRequired\":true,\"valueName\":\"search_term_string\"}}],\"inLanguage\":\"es\"},{\"@type\":\"Organization\",\"@id\":\"https:\/\/www.vilademuro.net\/es\/#organization\",\"name\":\"Ajuntament de Muro\",\"url\":\"https:\/\/www.vilademuro.net\/es\/\",\"logo\":{\"@type\":\"ImageObject\",\"inLanguage\":\"es\",\"@id\":\"https:\/\/www.vilademuro.net\/es\/#\/schema\/logo\/image\/\",\"url\":\"https:\/\/www.vilademuro.net\/wp-content\/uploads\/2022\/10\/LOGO3-2.jpg\",\"contentUrl\":\"https:\/\/www.vilademuro.net\/wp-content\/uploads\/2022\/10\/LOGO3-2.jpg\",\"width\":756,\"height\":517,\"caption\":\"Ajuntament de Muro\"},\"image\":{\"@id\":\"https:\/\/www.vilademuro.net\/es\/#\/schema\/logo\/image\/\"},\"sameAs\":[\"https:\/\/www.facebook.com\/murodealcoy\",\"https:\/\/x.com\/AjuntamentMuro\",\"https:\/\/www.youtube.com\/channel\/UC2rwbKfRqsd1Ncwm6Y1prQw\"]},{\"@type\":\"Person\",\"@id\":\"https:\/\/www.vilademuro.net\/es\/#\/schema\/person\/a42e266ef9e9ced94f63a10cae995cb3\",\"name\":\"Manolo Moll\",\"image\":{\"@type\":\"ImageObject\",\"inLanguage\":\"es\",\"@id\":\"https:\/\/www.vilademuro.net\/es\/#\/schema\/person\/image\/\",\"url\":\"https:\/\/secure.gravatar.com\/avatar\/a3221566d53d0f1136f8c6f2cfcd2956c691deadb08d33bb4b275a4da7bd7260?s=96&d=mm&r=g\",\"contentUrl\":\"https:\/\/secure.gravatar.com\/avatar\/a3221566d53d0f1136f8c6f2cfcd2956c691deadb08d33bb4b275a4da7bd7260?s=96&d=mm&r=g\",\"caption\":\"Manolo Moll\"}}]}<\/script>\n<!-- \/ Yoast SEO plugin. -->","yoast_head_json":{"title":"Concedido el Taller de Empleo \u00abFORMA\u2019T A MURO 2\u00bb\u201d. | Ajuntament de Muro","robots":{"index":"index","follow":"follow","max-snippet":"max-snippet:-1","max-image-preview":"max-image-preview:large","max-video-preview":"max-video-preview:-1"},"canonical":"https:\/\/www.vilademuro.net\/es\/concedit-el-taller-docupacio-format-a-muro-2\/","og_locale":"es_ES","og_type":"article","og_title":"Concedido el Taller de Empleo \u00abFORMA\u2019T A MURO 2\u00bb\u201d. | Ajuntament de Muro","og_description":"LABORA, Servicio Valenciano de Empleo y Formaci\u00f3n ha concedido subvenci\u00f3n para el desarrollo del Taller de Empleo \u00abFORMA\u2019T A MURO 2\u00bb\u201d con tres itinerario y 30 alumnos. ESTE TALLER SE [&hellip;]","og_url":"https:\/\/www.vilademuro.net\/es\/concedit-el-taller-docupacio-format-a-muro-2\/","og_site_name":"Ajuntament de Muro","article_publisher":"https:\/\/www.facebook.com\/murodealcoy","article_published_time":"2025-12-11T08:26:31+00:00","article_modified_time":"2026-03-11T10:47:31+00:00","og_image":[{"width":200,"height":200,"url":"https:\/\/www.vilademuro.net\/wp-content\/uploads\/2020\/04\/logo-entrades-ajudes-i-subvencions.jpg","type":"image\/jpeg"}],"author":"Manolo Moll","twitter_card":"summary_large_image","twitter_creator":"@AjuntamentMuro","twitter_site":"@AjuntamentMuro","twitter_misc":{"Escrito por":"Manolo Moll","Tiempo de lectura":"5 minutos"},"schema":{"@context":"https:\/\/schema.org","@graph":[{"@type":"Article","@id":"https:\/\/www.vilademuro.net\/es\/concedit-el-taller-docupacio-format-a-muro-2\/#article","isPartOf":{"@id":"https:\/\/www.vilademuro.net\/es\/concedit-el-taller-docupacio-format-a-muro-2\/"},"author":{"name":"Manolo Moll","@id":"https:\/\/www.vilademuro.net\/es\/#\/schema\/person\/a42e266ef9e9ced94f63a10cae995cb3"},"headline":"Concedido el Taller de Empleo \u00abFORMA\u2019T A MURO 2\u00bb\u201d.","datePublished":"2025-12-11T08:26:31+00:00","dateModified":"2026-03-11T10:47:31+00:00","mainEntityOfPage":{"@id":"https:\/\/www.vilademuro.net\/es\/concedit-el-taller-docupacio-format-a-muro-2\/"},"wordCount":812,"publisher":{"@id":"https:\/\/www.vilademuro.net\/es\/#organization"},"image":{"@id":"https:\/\/www.vilademuro.net\/es\/concedit-el-taller-docupacio-format-a-muro-2\/#primaryimage"},"thumbnailUrl":"https:\/\/www.vilademuro.net\/wp-content\/uploads\/2020\/04\/logo-entrades-ajudes-i-subvencions.jpg","articleSection":["ADL","\u00c1reas","Ayudas y subvenciones","Destacat","Noticias","Taller de empleo"],"inLanguage":"es"},{"@type":"WebPage","@id":"https:\/\/www.vilademuro.net\/es\/concedit-el-taller-docupacio-format-a-muro-2\/","url":"https:\/\/www.vilademuro.net\/es\/concedit-el-taller-docupacio-format-a-muro-2\/","name":"Concedido el Taller de Empleo \u00abFORMA\u2019T A MURO 2\u00bb\u201d. | Ajuntament de Muro","isPartOf":{"@id":"https:\/\/www.vilademuro.net\/es\/#website"},"primaryImageOfPage":{"@id":"https:\/\/www.vilademuro.net\/es\/concedit-el-taller-docupacio-format-a-muro-2\/#primaryimage"},"image":{"@id":"https:\/\/www.vilademuro.net\/es\/concedit-el-taller-docupacio-format-a-muro-2\/#primaryimage"},"thumbnailUrl":"https:\/\/www.vilademuro.net\/wp-content\/uploads\/2020\/04\/logo-entrades-ajudes-i-subvencions.jpg","datePublished":"2025-12-11T08:26:31+00:00","dateModified":"2026-03-11T10:47:31+00:00","breadcrumb":{"@id":"https:\/\/www.vilademuro.net\/es\/concedit-el-taller-docupacio-format-a-muro-2\/#breadcrumb"},"inLanguage":"es","potentialAction":[{"@type":"ReadAction","target":["https:\/\/www.vilademuro.net\/es\/concedit-el-taller-docupacio-format-a-muro-2\/"]}]},{"@type":"ImageObject","inLanguage":"es","@id":"https:\/\/www.vilademuro.net\/es\/concedit-el-taller-docupacio-format-a-muro-2\/#primaryimage","url":"https:\/\/www.vilademuro.net\/wp-content\/uploads\/2020\/04\/logo-entrades-ajudes-i-subvencions.jpg","contentUrl":"https:\/\/www.vilademuro.net\/wp-content\/uploads\/2020\/04\/logo-entrades-ajudes-i-subvencions.jpg","width":200,"height":200},{"@type":"BreadcrumbList","@id":"https:\/\/www.vilademuro.net\/es\/concedit-el-taller-docupacio-format-a-muro-2\/#breadcrumb","itemListElement":[{"@type":"ListItem","position":1,"name":"Inici","item":"https:\/\/www.vilademuro.net\/es\/"},{"@type":"ListItem","position":2,"name":"Concedido el Taller de Empleo \u00abFORMA\u2019T A MURO 2\u00bb\u201d."}]},{"@type":"WebSite","@id":"https:\/\/www.vilademuro.net\/es\/#website","url":"https:\/\/www.vilademuro.net\/es\/","name":"Ajuntament de Muro d'Alcoi","description":"P\u00e1gina web oficial de l&#039;Ajuntament de Muro","publisher":{"@id":"https:\/\/www.vilademuro.net\/es\/#organization"},"potentialAction":[{"@type":"SearchAction","target":{"@type":"EntryPoint","urlTemplate":"https:\/\/www.vilademuro.net\/es\/?s={search_term_string}"},"query-input":{"@type":"PropertyValueSpecification","valueRequired":true,"valueName":"search_term_string"}}],"inLanguage":"es"},{"@type":"Organization","@id":"https:\/\/www.vilademuro.net\/es\/#organization","name":"Ajuntament de Muro","url":"https:\/\/www.vilademuro.net\/es\/","logo":{"@type":"ImageObject","inLanguage":"es","@id":"https:\/\/www.vilademuro.net\/es\/#\/schema\/logo\/image\/","url":"https:\/\/www.vilademuro.net\/wp-content\/uploads\/2022\/10\/LOGO3-2.jpg","contentUrl":"https:\/\/www.vilademuro.net\/wp-content\/uploads\/2022\/10\/LOGO3-2.jpg","width":756,"height":517,"caption":"Ajuntament de Muro"},"image":{"@id":"https:\/\/www.vilademuro.net\/es\/#\/schema\/logo\/image\/"},"sameAs":["https:\/\/www.facebook.com\/murodealcoy","https:\/\/x.com\/AjuntamentMuro","https:\/\/www.youtube.com\/channel\/UC2rwbKfRqsd1Ncwm6Y1prQw"]},{"@type":"Person","@id":"https:\/\/www.vilademuro.net\/es\/#\/schema\/person\/a42e266ef9e9ced94f63a10cae995cb3","name":"Manolo Moll","image":{"@type":"ImageObject","inLanguage":"es","@id":"https:\/\/www.vilademuro.net\/es\/#\/schema\/person\/image\/","url":"https:\/\/secure.gravatar.com\/avatar\/a3221566d53d0f1136f8c6f2cfcd2956c691deadb08d33bb4b275a4da7bd7260?s=96&d=mm&r=g","contentUrl":"https:\/\/secure.gravatar.com\/avatar\/a3221566d53d0f1136f8c6f2cfcd2956c691deadb08d33bb4b275a4da7bd7260?s=96&d=mm&r=g","caption":"Manolo Moll"}}]}},"_links":{"self":[{"href":"https:\/\/www.vilademuro.net\/es\/wp-json\/wp\/v2\/posts\/58937","targetHints":{"allow":["GET"]}}],"collection":[{"href":"https:\/\/www.vilademuro.net\/es\/wp-json\/wp\/v2\/posts"}],"about":[{"href":"https:\/\/www.vilademuro.net\/es\/wp-json\/wp\/v2\/types\/post"}],"author":[{"embeddable":true,"href":"https:\/\/www.vilademuro.net\/es\/wp-json\/wp\/v2\/users\/9"}],"replies":[{"embeddable":true,"href":"https:\/\/www.vilademuro.net\/es\/wp-json\/wp\/v2\/comments?post=58937"}],"version-history":[{"count":4,"href":"https:\/\/www.vilademuro.net\/es\/wp-json\/wp\/v2\/posts\/58937\/revisions"}],"predecessor-version":[{"id":59054,"href":"https:\/\/www.vilademuro.net\/es\/wp-json\/wp\/v2\/posts\/58937\/revisions\/59054"}],"wp:featuredmedia":[{"embeddable":true,"href":"https:\/\/www.vilademuro.net\/es\/wp-json\/wp\/v2\/media\/37834"}],"wp:attachment":[{"href":"https:\/\/www.vilademuro.net\/es\/wp-json\/wp\/v2\/media?parent=58937"}],"wp:term":[{"taxonomy":"category","embeddable":true,"href":"https:\/\/www.vilademuro.net\/es\/wp-json\/wp\/v2\/categories?post=58937"},{"taxonomy":"post_tag","embeddable":true,"href":"https:\/\/www.vilademuro.net\/es\/wp-json\/wp\/v2\/tags?post=58937"}],"curies":[{"name":"wp","href":"https:\/\/api.w.org\/{rel}","templated":true}]}}