{"id":58895,"date":"2025-03-14T16:17:35","date_gmt":"2025-03-14T15:17:35","guid":{"rendered":"https:\/\/www.vilademuro.net\/cronica-pleno-sesion-extraordinaria-celebrada-el-14-de-marzo-de-2025\/"},"modified":"2025-03-14T16:17:35","modified_gmt":"2025-03-14T15:17:35","slug":"cronica-pleno-sesion-extraordinaria-celebrada-el-14-de-marzo-de-2025","status":"publish","type":"post","link":"https:\/\/www.vilademuro.net\/es\/cronica-pleno-sesion-extraordinaria-celebrada-el-14-de-marzo-de-2025\/","title":{"rendered":"Cr\u00f3nica pleno sesi\u00f3n extraordinaria celebrada el 14 de marzo de 2025"},"content":{"rendered":"<p>En el inicio de la reuni\u00f3n, la corporaci\u00f3n municipal ha incorporado Javier Jover Pastor como nuevo regidor del grupo municipal Partido Popular.<\/p>\n<p>En materia de gesti\u00f3n de servicios p\u00fablicos, el Ayuntamiento ha aprobado por mayor\u00eda absoluta el inicio del procedimiento de contrataci\u00f3n del servicio de recogida y transporte de residuos s\u00f3lidos urbanos. El presupuesto base de licitaci\u00f3n ha ascendido a 6.986.934,60 euros.<\/p>\n<p>Paralelamente, la corporaci\u00f3n ha acordado por unanimidad la imposici\u00f3n de penalidades por demora al contratista responsable del proyecto de creaci\u00f3n de un pulm\u00f3n verde a la zona del Bat\u00e0. El Ayuntamiento ha considerado necesario aplicar esta medida para garantizar el cumplimiento de los plazos y la correcta ejecuci\u00f3n de las actuaciones previstas.<\/p>\n<p>En el \u00e1mbito econ\u00f3mico, el plenario ha aprobado inicialmente la modificaci\u00f3n de cr\u00e9ditos 06\/2025, una propuesta presentada por el regidor de Hacienda con el objetivo de ajustar y reorganizar determinadas partidas presupuestarias seg\u00fan las necesidades actuales del municipio.<\/p>\n<p>Adem\u00e1s, la corporaci\u00f3n ha dado luz verde provisionalmente, y por mayor\u00eda absoluta, a la modificaci\u00f3n de la Ordenanza fiscal reguladora de la tasa por la expedici\u00f3n de documentos administrativos, despu\u00e9s de haber recibido el dictamen favorable de la Comisi\u00f3n Informativa Permanente de Gobierno.<\/p>\n<p><em>Puedes consultar informaci\u00f3n sobre los \u00f3rdenes del d\u00eda, las actas de las sesiones plenarias u otra informaci\u00f3n de inter\u00e9s sobre el pleno en el <strong><a href=\"https:\/\/vilademuro.sedelectronica.es\/transparency\/a1937048-d64d-4179-b5ac-71fe968d822b\/\">Portal de Transparencia.<\/a><\/strong><\/em><\/p>\n","protected":false},"excerpt":{"rendered":"<p>En el inicio de la reuni\u00f3n, la corporaci\u00f3n municipal ha incorporado Javier Jover Pastor como nuevo regidor del grupo municipal Partido Popular. En materia de gesti\u00f3n de servicios p\u00fablicos, el [&hellip;]<\/p>\n","protected":false},"author":31,"featured_media":58879,"comment_status":"closed","ping_status":"closed","sticky":false,"template":"","format":"standard","meta":{"_et_pb_use_builder":"","_et_pb_old_content":"","_et_gb_content_width":"","footnotes":""},"categories":[49],"tags":[],"class_list":["post-58895","post","type-post","status-publish","format-standard","has-post-thumbnail","hentry","category-noticias"],"yoast_head":"<!-- This site is optimized with the Yoast SEO plugin v27.1.1 - https:\/\/yoast.com\/product\/yoast-seo-wordpress\/ -->\n<title>Cr\u00f3nica pleno sesi\u00f3n extraordinaria celebrada el 14 de marzo de 2025 | Ajuntament de Muro<\/title>\n<meta name=\"robots\" content=\"index, follow, max-snippet:-1, max-image-preview:large, max-video-preview:-1\" \/>\n<link rel=\"canonical\" href=\"https:\/\/www.vilademuro.net\/es\/cronica-pleno-sesion-extraordinaria-celebrada-el-14-de-marzo-de-2025\/\" \/>\n<meta property=\"og:locale\" content=\"es_ES\" \/>\n<meta property=\"og:type\" content=\"article\" \/>\n<meta property=\"og:title\" content=\"Cr\u00f3nica pleno sesi\u00f3n extraordinaria celebrada el 14 de marzo de 2025 | Ajuntament de Muro\" \/>\n<meta property=\"og:description\" content=\"En el inicio de la reuni\u00f3n, la corporaci\u00f3n municipal ha incorporado Javier Jover Pastor como nuevo regidor del grupo municipal Partido Popular. En materia de gesti\u00f3n de servicios p\u00fablicos, el [&hellip;]\" \/>\n<meta property=\"og:url\" content=\"https:\/\/www.vilademuro.net\/es\/cronica-pleno-sesion-extraordinaria-celebrada-el-14-de-marzo-de-2025\/\" \/>\n<meta property=\"og:site_name\" content=\"Ajuntament de Muro\" \/>\n<meta property=\"article:publisher\" content=\"https:\/\/www.facebook.com\/murodealcoy\" \/>\n<meta property=\"article:published_time\" content=\"2025-03-14T15:17:35+00:00\" \/>\n<meta property=\"og:image\" content=\"https:\/\/www.vilademuro.net\/wp-content\/uploads\/2025\/12\/facana-Muro-980x711-1.jpeg\" \/>\n\t<meta property=\"og:image:width\" content=\"980\" \/>\n\t<meta property=\"og:image:height\" content=\"711\" \/>\n\t<meta property=\"og:image:type\" content=\"image\/jpeg\" \/>\n<meta name=\"author\" content=\"alejandro_martorell\" \/>\n<meta name=\"twitter:card\" content=\"summary_large_image\" \/>\n<meta name=\"twitter:creator\" content=\"@AjuntamentMuro\" \/>\n<meta name=\"twitter:site\" content=\"@AjuntamentMuro\" \/>\n<meta name=\"twitter:label1\" content=\"Escrito por\" \/>\n\t<meta name=\"twitter:data1\" content=\"alejandro_martorell\" \/>\n\t<meta name=\"twitter:label2\" content=\"Tiempo de lectura\" \/>\n\t<meta name=\"twitter:data2\" content=\"1 minuto\" \/>\n<script type=\"application\/ld+json\" class=\"yoast-schema-graph\">{\"@context\":\"https:\/\/schema.org\",\"@graph\":[{\"@type\":\"Article\",\"@id\":\"https:\/\/www.vilademuro.net\/es\/cronica-pleno-sesion-extraordinaria-celebrada-el-14-de-marzo-de-2025\/#article\",\"isPartOf\":{\"@id\":\"https:\/\/www.vilademuro.net\/es\/cronica-pleno-sesion-extraordinaria-celebrada-el-14-de-marzo-de-2025\/\"},\"author\":{\"name\":\"alejandro_martorell\",\"@id\":\"https:\/\/www.vilademuro.net\/es\/#\/schema\/person\/1f48fb114e2d2146557e24aaac8480d3\"},\"headline\":\"Cr\u00f3nica pleno sesi\u00f3n extraordinaria celebrada el 14 de marzo de 2025\",\"datePublished\":\"2025-03-14T15:17:35+00:00\",\"mainEntityOfPage\":{\"@id\":\"https:\/\/www.vilademuro.net\/es\/cronica-pleno-sesion-extraordinaria-celebrada-el-14-de-marzo-de-2025\/\"},\"wordCount\":259,\"publisher\":{\"@id\":\"https:\/\/www.vilademuro.net\/es\/#organization\"},\"image\":{\"@id\":\"https:\/\/www.vilademuro.net\/es\/cronica-pleno-sesion-extraordinaria-celebrada-el-14-de-marzo-de-2025\/#primaryimage\"},\"thumbnailUrl\":\"https:\/\/www.vilademuro.net\/wp-content\/uploads\/2025\/12\/facana-Muro-980x711-1.jpeg\",\"articleSection\":[\"Noticias\"],\"inLanguage\":\"es\"},{\"@type\":\"WebPage\",\"@id\":\"https:\/\/www.vilademuro.net\/es\/cronica-pleno-sesion-extraordinaria-celebrada-el-14-de-marzo-de-2025\/\",\"url\":\"https:\/\/www.vilademuro.net\/es\/cronica-pleno-sesion-extraordinaria-celebrada-el-14-de-marzo-de-2025\/\",\"name\":\"Cr\u00f3nica pleno sesi\u00f3n extraordinaria celebrada el 14 de marzo de 2025 | Ajuntament de Muro\",\"isPartOf\":{\"@id\":\"https:\/\/www.vilademuro.net\/es\/#website\"},\"primaryImageOfPage\":{\"@id\":\"https:\/\/www.vilademuro.net\/es\/cronica-pleno-sesion-extraordinaria-celebrada-el-14-de-marzo-de-2025\/#primaryimage\"},\"image\":{\"@id\":\"https:\/\/www.vilademuro.net\/es\/cronica-pleno-sesion-extraordinaria-celebrada-el-14-de-marzo-de-2025\/#primaryimage\"},\"thumbnailUrl\":\"https:\/\/www.vilademuro.net\/wp-content\/uploads\/2025\/12\/facana-Muro-980x711-1.jpeg\",\"datePublished\":\"2025-03-14T15:17:35+00:00\",\"breadcrumb\":{\"@id\":\"https:\/\/www.vilademuro.net\/es\/cronica-pleno-sesion-extraordinaria-celebrada-el-14-de-marzo-de-2025\/#breadcrumb\"},\"inLanguage\":\"es\",\"potentialAction\":[{\"@type\":\"ReadAction\",\"target\":[\"https:\/\/www.vilademuro.net\/es\/cronica-pleno-sesion-extraordinaria-celebrada-el-14-de-marzo-de-2025\/\"]}]},{\"@type\":\"ImageObject\",\"inLanguage\":\"es\",\"@id\":\"https:\/\/www.vilademuro.net\/es\/cronica-pleno-sesion-extraordinaria-celebrada-el-14-de-marzo-de-2025\/#primaryimage\",\"url\":\"https:\/\/www.vilademuro.net\/wp-content\/uploads\/2025\/12\/facana-Muro-980x711-1.jpeg\",\"contentUrl\":\"https:\/\/www.vilademuro.net\/wp-content\/uploads\/2025\/12\/facana-Muro-980x711-1.jpeg\",\"width\":980,\"height\":711},{\"@type\":\"BreadcrumbList\",\"@id\":\"https:\/\/www.vilademuro.net\/es\/cronica-pleno-sesion-extraordinaria-celebrada-el-14-de-marzo-de-2025\/#breadcrumb\",\"itemListElement\":[{\"@type\":\"ListItem\",\"position\":1,\"name\":\"Inici\",\"item\":\"https:\/\/www.vilademuro.net\/es\/\"},{\"@type\":\"ListItem\",\"position\":2,\"name\":\"Cr\u00f3nica pleno sesi\u00f3n extraordinaria celebrada el 14 de marzo de 2025\"}]},{\"@type\":\"WebSite\",\"@id\":\"https:\/\/www.vilademuro.net\/es\/#website\",\"url\":\"https:\/\/www.vilademuro.net\/es\/\",\"name\":\"Ajuntament de Muro d'Alcoi\",\"description\":\"P\u00e1gina web oficial de l&#039;Ajuntament de Muro\",\"publisher\":{\"@id\":\"https:\/\/www.vilademuro.net\/es\/#organization\"},\"potentialAction\":[{\"@type\":\"SearchAction\",\"target\":{\"@type\":\"EntryPoint\",\"urlTemplate\":\"https:\/\/www.vilademuro.net\/es\/?s={search_term_string}\"},\"query-input\":{\"@type\":\"PropertyValueSpecification\",\"valueRequired\":true,\"valueName\":\"search_term_string\"}}],\"inLanguage\":\"es\"},{\"@type\":\"Organization\",\"@id\":\"https:\/\/www.vilademuro.net\/es\/#organization\",\"name\":\"Ajuntament de Muro\",\"url\":\"https:\/\/www.vilademuro.net\/es\/\",\"logo\":{\"@type\":\"ImageObject\",\"inLanguage\":\"es\",\"@id\":\"https:\/\/www.vilademuro.net\/es\/#\/schema\/logo\/image\/\",\"url\":\"https:\/\/www.vilademuro.net\/wp-content\/uploads\/2022\/10\/LOGO3-2.jpg\",\"contentUrl\":\"https:\/\/www.vilademuro.net\/wp-content\/uploads\/2022\/10\/LOGO3-2.jpg\",\"width\":756,\"height\":517,\"caption\":\"Ajuntament de Muro\"},\"image\":{\"@id\":\"https:\/\/www.vilademuro.net\/es\/#\/schema\/logo\/image\/\"},\"sameAs\":[\"https:\/\/www.facebook.com\/murodealcoy\",\"https:\/\/x.com\/AjuntamentMuro\",\"https:\/\/www.youtube.com\/channel\/UC2rwbKfRqsd1Ncwm6Y1prQw\"]},{\"@type\":\"Person\",\"@id\":\"https:\/\/www.vilademuro.net\/es\/#\/schema\/person\/1f48fb114e2d2146557e24aaac8480d3\",\"name\":\"alejandro_martorell\",\"image\":{\"@type\":\"ImageObject\",\"inLanguage\":\"es\",\"@id\":\"https:\/\/www.vilademuro.net\/es\/#\/schema\/person\/image\/\",\"url\":\"https:\/\/secure.gravatar.com\/avatar\/6255e37a6bb3f9d6e20216b347ef672422b8a1d389ff928eee1051903bcb0c8b?s=96&d=mm&r=g\",\"contentUrl\":\"https:\/\/secure.gravatar.com\/avatar\/6255e37a6bb3f9d6e20216b347ef672422b8a1d389ff928eee1051903bcb0c8b?s=96&d=mm&r=g\",\"caption\":\"alejandro_martorell\"}}]}<\/script>\n<!-- \/ Yoast SEO plugin. -->","yoast_head_json":{"title":"Cr\u00f3nica pleno sesi\u00f3n extraordinaria celebrada el 14 de marzo de 2025 | Ajuntament de Muro","robots":{"index":"index","follow":"follow","max-snippet":"max-snippet:-1","max-image-preview":"max-image-preview:large","max-video-preview":"max-video-preview:-1"},"canonical":"https:\/\/www.vilademuro.net\/es\/cronica-pleno-sesion-extraordinaria-celebrada-el-14-de-marzo-de-2025\/","og_locale":"es_ES","og_type":"article","og_title":"Cr\u00f3nica pleno sesi\u00f3n extraordinaria celebrada el 14 de marzo de 2025 | Ajuntament de Muro","og_description":"En el inicio de la reuni\u00f3n, la corporaci\u00f3n municipal ha incorporado Javier Jover Pastor como nuevo regidor del grupo municipal Partido Popular. En materia de gesti\u00f3n de servicios p\u00fablicos, el [&hellip;]","og_url":"https:\/\/www.vilademuro.net\/es\/cronica-pleno-sesion-extraordinaria-celebrada-el-14-de-marzo-de-2025\/","og_site_name":"Ajuntament de Muro","article_publisher":"https:\/\/www.facebook.com\/murodealcoy","article_published_time":"2025-03-14T15:17:35+00:00","og_image":[{"width":980,"height":711,"url":"https:\/\/www.vilademuro.net\/wp-content\/uploads\/2025\/12\/facana-Muro-980x711-1.jpeg","type":"image\/jpeg"}],"author":"alejandro_martorell","twitter_card":"summary_large_image","twitter_creator":"@AjuntamentMuro","twitter_site":"@AjuntamentMuro","twitter_misc":{"Escrito por":"alejandro_martorell","Tiempo de lectura":"1 minuto"},"schema":{"@context":"https:\/\/schema.org","@graph":[{"@type":"Article","@id":"https:\/\/www.vilademuro.net\/es\/cronica-pleno-sesion-extraordinaria-celebrada-el-14-de-marzo-de-2025\/#article","isPartOf":{"@id":"https:\/\/www.vilademuro.net\/es\/cronica-pleno-sesion-extraordinaria-celebrada-el-14-de-marzo-de-2025\/"},"author":{"name":"alejandro_martorell","@id":"https:\/\/www.vilademuro.net\/es\/#\/schema\/person\/1f48fb114e2d2146557e24aaac8480d3"},"headline":"Cr\u00f3nica pleno sesi\u00f3n extraordinaria celebrada el 14 de marzo de 2025","datePublished":"2025-03-14T15:17:35+00:00","mainEntityOfPage":{"@id":"https:\/\/www.vilademuro.net\/es\/cronica-pleno-sesion-extraordinaria-celebrada-el-14-de-marzo-de-2025\/"},"wordCount":259,"publisher":{"@id":"https:\/\/www.vilademuro.net\/es\/#organization"},"image":{"@id":"https:\/\/www.vilademuro.net\/es\/cronica-pleno-sesion-extraordinaria-celebrada-el-14-de-marzo-de-2025\/#primaryimage"},"thumbnailUrl":"https:\/\/www.vilademuro.net\/wp-content\/uploads\/2025\/12\/facana-Muro-980x711-1.jpeg","articleSection":["Noticias"],"inLanguage":"es"},{"@type":"WebPage","@id":"https:\/\/www.vilademuro.net\/es\/cronica-pleno-sesion-extraordinaria-celebrada-el-14-de-marzo-de-2025\/","url":"https:\/\/www.vilademuro.net\/es\/cronica-pleno-sesion-extraordinaria-celebrada-el-14-de-marzo-de-2025\/","name":"Cr\u00f3nica pleno sesi\u00f3n extraordinaria celebrada el 14 de marzo de 2025 | Ajuntament de Muro","isPartOf":{"@id":"https:\/\/www.vilademuro.net\/es\/#website"},"primaryImageOfPage":{"@id":"https:\/\/www.vilademuro.net\/es\/cronica-pleno-sesion-extraordinaria-celebrada-el-14-de-marzo-de-2025\/#primaryimage"},"image":{"@id":"https:\/\/www.vilademuro.net\/es\/cronica-pleno-sesion-extraordinaria-celebrada-el-14-de-marzo-de-2025\/#primaryimage"},"thumbnailUrl":"https:\/\/www.vilademuro.net\/wp-content\/uploads\/2025\/12\/facana-Muro-980x711-1.jpeg","datePublished":"2025-03-14T15:17:35+00:00","breadcrumb":{"@id":"https:\/\/www.vilademuro.net\/es\/cronica-pleno-sesion-extraordinaria-celebrada-el-14-de-marzo-de-2025\/#breadcrumb"},"inLanguage":"es","potentialAction":[{"@type":"ReadAction","target":["https:\/\/www.vilademuro.net\/es\/cronica-pleno-sesion-extraordinaria-celebrada-el-14-de-marzo-de-2025\/"]}]},{"@type":"ImageObject","inLanguage":"es","@id":"https:\/\/www.vilademuro.net\/es\/cronica-pleno-sesion-extraordinaria-celebrada-el-14-de-marzo-de-2025\/#primaryimage","url":"https:\/\/www.vilademuro.net\/wp-content\/uploads\/2025\/12\/facana-Muro-980x711-1.jpeg","contentUrl":"https:\/\/www.vilademuro.net\/wp-content\/uploads\/2025\/12\/facana-Muro-980x711-1.jpeg","width":980,"height":711},{"@type":"BreadcrumbList","@id":"https:\/\/www.vilademuro.net\/es\/cronica-pleno-sesion-extraordinaria-celebrada-el-14-de-marzo-de-2025\/#breadcrumb","itemListElement":[{"@type":"ListItem","position":1,"name":"Inici","item":"https:\/\/www.vilademuro.net\/es\/"},{"@type":"ListItem","position":2,"name":"Cr\u00f3nica pleno sesi\u00f3n extraordinaria celebrada el 14 de marzo de 2025"}]},{"@type":"WebSite","@id":"https:\/\/www.vilademuro.net\/es\/#website","url":"https:\/\/www.vilademuro.net\/es\/","name":"Ajuntament de Muro d'Alcoi","description":"P\u00e1gina web oficial de l&#039;Ajuntament de Muro","publisher":{"@id":"https:\/\/www.vilademuro.net\/es\/#organization"},"potentialAction":[{"@type":"SearchAction","target":{"@type":"EntryPoint","urlTemplate":"https:\/\/www.vilademuro.net\/es\/?s={search_term_string}"},"query-input":{"@type":"PropertyValueSpecification","valueRequired":true,"valueName":"search_term_string"}}],"inLanguage":"es"},{"@type":"Organization","@id":"https:\/\/www.vilademuro.net\/es\/#organization","name":"Ajuntament de Muro","url":"https:\/\/www.vilademuro.net\/es\/","logo":{"@type":"ImageObject","inLanguage":"es","@id":"https:\/\/www.vilademuro.net\/es\/#\/schema\/logo\/image\/","url":"https:\/\/www.vilademuro.net\/wp-content\/uploads\/2022\/10\/LOGO3-2.jpg","contentUrl":"https:\/\/www.vilademuro.net\/wp-content\/uploads\/2022\/10\/LOGO3-2.jpg","width":756,"height":517,"caption":"Ajuntament de Muro"},"image":{"@id":"https:\/\/www.vilademuro.net\/es\/#\/schema\/logo\/image\/"},"sameAs":["https:\/\/www.facebook.com\/murodealcoy","https:\/\/x.com\/AjuntamentMuro","https:\/\/www.youtube.com\/channel\/UC2rwbKfRqsd1Ncwm6Y1prQw"]},{"@type":"Person","@id":"https:\/\/www.vilademuro.net\/es\/#\/schema\/person\/1f48fb114e2d2146557e24aaac8480d3","name":"alejandro_martorell","image":{"@type":"ImageObject","inLanguage":"es","@id":"https:\/\/www.vilademuro.net\/es\/#\/schema\/person\/image\/","url":"https:\/\/secure.gravatar.com\/avatar\/6255e37a6bb3f9d6e20216b347ef672422b8a1d389ff928eee1051903bcb0c8b?s=96&d=mm&r=g","contentUrl":"https:\/\/secure.gravatar.com\/avatar\/6255e37a6bb3f9d6e20216b347ef672422b8a1d389ff928eee1051903bcb0c8b?s=96&d=mm&r=g","caption":"alejandro_martorell"}}]}},"_links":{"self":[{"href":"https:\/\/www.vilademuro.net\/es\/wp-json\/wp\/v2\/posts\/58895","targetHints":{"allow":["GET"]}}],"collection":[{"href":"https:\/\/www.vilademuro.net\/es\/wp-json\/wp\/v2\/posts"}],"about":[{"href":"https:\/\/www.vilademuro.net\/es\/wp-json\/wp\/v2\/types\/post"}],"author":[{"embeddable":true,"href":"https:\/\/www.vilademuro.net\/es\/wp-json\/wp\/v2\/users\/31"}],"replies":[{"embeddable":true,"href":"https:\/\/www.vilademuro.net\/es\/wp-json\/wp\/v2\/comments?post=58895"}],"version-history":[{"count":0,"href":"https:\/\/www.vilademuro.net\/es\/wp-json\/wp\/v2\/posts\/58895\/revisions"}],"wp:featuredmedia":[{"embeddable":true,"href":"https:\/\/www.vilademuro.net\/es\/wp-json\/wp\/v2\/media\/58879"}],"wp:attachment":[{"href":"https:\/\/www.vilademuro.net\/es\/wp-json\/wp\/v2\/media?parent=58895"}],"wp:term":[{"taxonomy":"category","embeddable":true,"href":"https:\/\/www.vilademuro.net\/es\/wp-json\/wp\/v2\/categories?post=58895"},{"taxonomy":"post_tag","embeddable":true,"href":"https:\/\/www.vilademuro.net\/es\/wp-json\/wp\/v2\/tags?post=58895"}],"curies":[{"name":"wp","href":"https:\/\/api.w.org\/{rel}","templated":true}]}}