{"id":58832,"date":"2025-12-09T09:00:49","date_gmt":"2025-12-09T08:00:49","guid":{"rendered":"https:\/\/www.vilademuro.net\/?p=58832"},"modified":"2025-12-16T13:07:51","modified_gmt":"2025-12-16T12:07:51","slug":"xxvi-concurso-de-escaparates-de-navidad","status":"publish","type":"post","link":"https:\/\/www.vilademuro.net\/es\/xxvi-concurso-de-escaparates-de-navidad\/","title":{"rendered":"XXVI Concurso de Escaparates de Navidad."},"content":{"rendered":"<p><span style=\"color: #000000\">En la \u00e9poca de Navidad y para animar las calles y plazas de Muro y apoyar nuestros comercios y servicios locales y de proximidad lanzamos el tradicional Concurso de Escaparates de Navidad.<\/span><br \/>\n<span style=\"color: #000000\">Este a\u00f1o llegamos a la XXVI edici\u00f3n manteniendo los premios como la pasada edici\u00f3n:<\/span><br \/>\n<span style=\"color: #000000\">\u2013 500,00 \u20ac para el primer premio<\/span><br \/>\n<span style=\"color: #000000\">\u2013 300,00 \u20ac para el segundo<\/span><br \/>\n<span style=\"color: #000000\">\u2013 5 acc\u00e9sit de 160,00 \u20ac cada uno, concedidos a: Ambientaci\u00f3n Navide\u00f1a; Exposici\u00f3n del producto; Imaginaci\u00f3n\/originalidad; Reciclaje\/reutilizaci\u00f3n de los materiales y M\u00e1s Popular (la foto del escaparate con m\u00e1s \u201cme gusta\u201d el d\u00eda y hora que se re\u00fana la comisi\u00f3n de valoraci\u00f3n en la p\u00e1gina https:\/\/www.facebook.com\/murodealcoy\/.<\/span><br \/>\n<span style=\"color: #000000\">Los premios no ser\u00e1n acumulables.<\/span><br \/>\n<span style=\"color: #000000\">El plazo para presentar las inscripciones ser\u00e1 del 27 de octubre hasta el 5 de diciembre de 2025.<\/span><br \/>\n<span style=\"color: #000000\">Los escaparates deben estar preparados el d\u00eda 9 de diciembre a las 19:00 h.<br \/>\n<a href=\"https:\/\/www.vilademuro.net\/wp-content\/uploads\/2025\/10\/Publicacio-BOP-No-203-de-24-10-2025.pdf\">EXTRACTO CONVOCATORIA BOP<\/a><br \/>\n<a href=\"https:\/\/www.vilademuro.net\/wp-content\/uploads\/2025\/10\/Publicacio-BOP-No-203-de-24-10-2025.pdf\">BASES CONCURSO ESCAPARATES DE NAVIDAD<\/a><br \/>\n<a href=\"https:\/\/www.vilademuro.net\/wp-content\/uploads\/2025\/10\/DECRETO-2025-1147-CC-CONCURSO-ESCAPARATES-NAVIDAD-2025.pdf\">DECRETO CONVOCATORIA<\/a><br \/>\n<a href=\"https:\/\/www.vilademuro.net\/wp-content\/uploads\/2025\/10\/SOL_CONCURS_APARADORS_25.pdf\">SOLICITUD<\/a><br \/>\n<strong><span style=\"color: #3366ff\"><a style=\"color: #3366ff\" href=\"https:\/\/www.vilademuro.net\/wp-content\/uploads\/2025\/12\/03-IPP_D_CONCURS_APARADORS_25.pdf\">INFORME PROPUESTA CONCESI\u00d3N DE PREMIOS DENTRO LA CONVOCATORIA DEL XXVI CONCURSO DE ESCAPARATES DE NAVIDAD<\/a><\/span><\/strong><br \/>\nLas solicitudes se deben presentar de forma telem\u00e1tica en la sede electr\u00f3nica del Ayuntamiento mediante una instancia general y adjuntando la solicitud (Anexo I). (https:\/\/vilademuro.sedelectronica.es).<br \/>\n<img loading=\"lazy\" decoding=\"async\" class=\"alignnone size-full wp-image-50614\" src=\"https:\/\/www.vilademuro.net\/wp-content\/uploads\/2023\/11\/AJUNTAMENT-NOTICIES.jpg\" alt=\"\" width=\"125\" height=\"150\" \/><img loading=\"lazy\" decoding=\"async\" class=\"alignnone size-full wp-image-50612\" src=\"https:\/\/www.vilademuro.net\/wp-content\/uploads\/2023\/11\/2021_06_30-FAM.jpg\" alt=\"\" width=\"87\" height=\"118\" \/><br \/>\n<\/span><\/p>\n<p><span style=\"color: #000000\">Una vez terminado el plazo de inscripci\u00f3n hay un total de 17 participantes.<\/span><\/p>\n<table style=\"border-collapse: collapse;width: 100%\">\n<tbody>\n<tr>\n<td style=\"width: 33.3333%;text-align: center\"><a href=\"https:\/\/www.vilademuro.net\/wp-content\/uploads\/2025\/10\/1-MUEBLES-UCLES.jpeg\"><img loading=\"lazy\" decoding=\"async\" class=\"alignnone size-full wp-image-58798\" src=\"https:\/\/www.vilademuro.net\/wp-content\/uploads\/2025\/10\/1-Muebles-Ucles.jpg\" alt=\"\" width=\"150\" height=\"150\" \/><\/a><\/td>\n<td style=\"width: 33.3333%;text-align: center\"><img loading=\"lazy\" decoding=\"async\" class=\"alignnone size-full wp-image-58799\" src=\"https:\/\/www.vilademuro.net\/wp-content\/uploads\/2025\/10\/2-Ballet-Elena-Tudela.jpg\" alt=\"\" width=\"150\" height=\"150\" \/><\/td>\n<td style=\"width: 33.3333%;text-align: center\"><a href=\"https:\/\/www.vilademuro.net\/wp-content\/uploads\/2025\/10\/3-BLAZIER.jpeg\"><img loading=\"lazy\" decoding=\"async\" class=\"alignnone size-full wp-image-58800\" src=\"https:\/\/www.vilademuro.net\/wp-content\/uploads\/2025\/10\/3-Blazier.jpg\" alt=\"\" width=\"150\" height=\"150\" \/><\/a><\/td>\n<\/tr>\n<tr>\n<td style=\"width: 33.3333%;text-align: center\"><a href=\"https:\/\/www.vilademuro.net\/wp-content\/uploads\/2025\/10\/4-CENTRAL-OPTICA-MURO.jpg\"><img loading=\"lazy\" decoding=\"async\" class=\"alignnone size-full wp-image-58801\" src=\"https:\/\/www.vilademuro.net\/wp-content\/uploads\/2025\/10\/4-Central-Optica-Muro.jpg\" alt=\"\" width=\"150\" height=\"150\" \/><\/a><\/td>\n<td style=\"width: 33.3333%;text-align: center\"><a href=\"https:\/\/www.vilademuro.net\/wp-content\/uploads\/2025\/10\/5-CREA-CREA.jpeg\"><img loading=\"lazy\" decoding=\"async\" class=\"alignnone size-full wp-image-58802\" src=\"https:\/\/www.vilademuro.net\/wp-content\/uploads\/2025\/10\/5-CREA-CREA.jpg\" alt=\"\" width=\"150\" height=\"150\" \/><\/a><\/td>\n<td style=\"width: 33.3333%;text-align: center\"><a href=\"https:\/\/www.vilademuro.net\/wp-content\/uploads\/2025\/10\/6-DOMINGO-DE-JUEGOS.jpg\"><img loading=\"lazy\" decoding=\"async\" class=\"alignnone size-full wp-image-58803\" src=\"https:\/\/www.vilademuro.net\/wp-content\/uploads\/2025\/10\/6-Domingo-de-juegos.jpg\" alt=\"\" width=\"150\" height=\"150\" \/><\/a><\/td>\n<\/tr>\n<tr>\n<td style=\"width: 33.3333%;text-align: center\"><a href=\"https:\/\/www.vilademuro.net\/wp-content\/uploads\/2025\/10\/7-FARMACIA-LEIDE-GOZALBEZ.jpg\"><img loading=\"lazy\" decoding=\"async\" class=\"alignnone size-full wp-image-58804\" src=\"https:\/\/www.vilademuro.net\/wp-content\/uploads\/2025\/10\/7-Farmacia-Leide-Gozalbez.jpg\" alt=\"\" width=\"150\" height=\"150\" \/><\/a><\/td>\n<td style=\"width: 33.3333%;text-align: center\"><img loading=\"lazy\" decoding=\"async\" class=\"alignnone size-full wp-image-58805\" src=\"https:\/\/www.vilademuro.net\/wp-content\/uploads\/2025\/10\/8-FLORISTERIA-BIANCO.jpg\" alt=\"\" width=\"150\" height=\"150\" \/><\/td>\n<td style=\"width: 33.3333%;text-align: center\"><img loading=\"lazy\" decoding=\"async\" class=\"alignnone size-full wp-image-51068\" src=\"https:\/\/www.vilademuro.net\/wp-content\/uploads\/2023\/11\/18-LaTendeta.jpg\" alt=\"9 LaTendeta\" width=\"150\" height=\"150\" \/><\/td>\n<\/tr>\n<tr>\n<td style=\"width: 33.3333%;text-align: center\"><a href=\"https:\/\/www.vilademuro.net\/wp-content\/uploads\/2025\/10\/10-LAMPARAS-MOLTO.jpg\"><img loading=\"lazy\" decoding=\"async\" class=\"alignnone size-full wp-image-58812\" src=\"https:\/\/www.vilademuro.net\/wp-content\/uploads\/2025\/10\/10-Lamparas-Molto.jpg\" alt=\"\" width=\"150\" height=\"150\" \/><\/a><\/td>\n<td style=\"width: 33.3333%;text-align: center\"><a href=\"https:\/\/www.vilademuro.net\/wp-content\/uploads\/2025\/10\/11-LLIBRERIA-PAPIRO.jpeg\"><img loading=\"lazy\" decoding=\"async\" class=\"alignnone size-full wp-image-51070\" src=\"https:\/\/www.vilademuro.net\/wp-content\/uploads\/2023\/11\/20-Llibreria-Papiro.jpg\" alt=\"11 Llibreria Papiro\" width=\"150\" height=\"150\" \/><\/a><\/td>\n<td style=\"width: 33.3333%;text-align: center\"><img loading=\"lazy\" decoding=\"async\" class=\"alignnone size-full wp-image-58806\" src=\"https:\/\/www.vilademuro.net\/wp-content\/uploads\/2025\/10\/12-Llibreria-Papereria-Sanchis.jpg\" alt=\"\" width=\"150\" height=\"150\" \/><\/td>\n<\/tr>\n<tr>\n<td style=\"width: 33.3333%;text-align: center\"><img loading=\"lazy\" decoding=\"async\" class=\"alignnone size-full wp-image-58807\" src=\"https:\/\/www.vilademuro.net\/wp-content\/uploads\/2025\/10\/13-Motorcar-2015-SL.png\" alt=\"\" width=\"121\" height=\"150\" \/><\/td>\n<td style=\"width: 33.3333%;text-align: center\"><a href=\"https:\/\/www.vilademuro.net\/wp-content\/uploads\/2025\/10\/14-PANADERIA-PAYA.jpeg\"><img loading=\"lazy\" decoding=\"async\" class=\"alignnone size-full wp-image-58813\" src=\"https:\/\/www.vilademuro.net\/wp-content\/uploads\/2025\/10\/14-PANADERIA-PAYA-CB.jpg\" alt=\"\" width=\"150\" height=\"150\" \/><\/a><\/td>\n<td style=\"width: 33.3333%;text-align: center\"><a href=\"https:\/\/www.vilademuro.net\/wp-content\/uploads\/2025\/10\/15-Quasi-de-Bades.jpeg\"><img loading=\"lazy\" decoding=\"async\" class=\"alignnone size-full wp-image-58809\" src=\"https:\/\/www.vilademuro.net\/wp-content\/uploads\/2025\/10\/15-Quasi-de-Bades.jpg\" alt=\"\" width=\"150\" height=\"150\" \/><\/a><\/td>\n<\/tr>\n<tr>\n<td style=\"width: 33.3333%;text-align: center\"><a href=\"https:\/\/www.vilademuro.net\/wp-content\/uploads\/2025\/10\/16-SABATES-I-COMPLEMENTS-MARY.jpg\"><img loading=\"lazy\" decoding=\"async\" class=\"alignnone size-full wp-image-58810\" src=\"https:\/\/www.vilademuro.net\/wp-content\/uploads\/2025\/10\/16-Sabates-i-Complements-Mary.jpg\" alt=\"\" width=\"150\" height=\"150\" \/><\/a><\/td>\n<td style=\"width: 33.3333%;text-align: center\"><img loading=\"lazy\" decoding=\"async\" class=\"alignnone size-full wp-image-58814\" src=\"https:\/\/www.vilademuro.net\/wp-content\/uploads\/2025\/10\/FAM.jpg\" alt=\"\" width=\"150\" height=\"150\" \/><\/td>\n<td style=\"width: 33.3333%;text-align: center\"><img loading=\"lazy\" decoding=\"async\" class=\"alignnone size-full wp-image-58811\" src=\"https:\/\/www.vilademuro.net\/wp-content\/uploads\/2025\/10\/17-Selene.jpg\" alt=\"\" width=\"150\" height=\"150\" \/><\/td>\n<\/tr>\n<tr>\n<td style=\"width: 33.3333%;text-align: center\"><\/td>\n<td style=\"width: 33.3333%;text-align: center\"><\/td>\n<td style=\"width: 33.3333%;text-align: center\"><\/td>\n<\/tr>\n<\/tbody>\n<\/table>\n","protected":false},"excerpt":{"rendered":"<p>En la \u00e9poca de Navidad y para animar las calles y plazas de Muro y apoyar nuestros comercios y servicios locales y de proximidad lanzamos el tradicional Concurso de Escaparates [&hellip;]<\/p>\n","protected":false},"author":9,"featured_media":37897,"comment_status":"closed","ping_status":"closed","sticky":false,"template":"","format":"standard","meta":{"_et_pb_use_builder":"","_et_pb_old_content":"","_et_gb_content_width":"","footnotes":""},"categories":[50,63,126,51,49],"tags":[],"class_list":["post-58832","post","type-post","status-publish","format-standard","has-post-thumbnail","hentry","category-adl-es","category-areas","category-concurso-escaparates-navidad","category-destacat-es","category-noticias"],"yoast_head":"<!-- This site is optimized with the Yoast SEO plugin v27.1.1 - https:\/\/yoast.com\/product\/yoast-seo-wordpress\/ -->\n<title>XXVI Concurso de Escaparates de Navidad. | Ajuntament de Muro<\/title>\n<meta name=\"robots\" content=\"index, follow, max-snippet:-1, max-image-preview:large, max-video-preview:-1\" \/>\n<link rel=\"canonical\" href=\"https:\/\/www.vilademuro.net\/es\/xxvi-concurso-de-escaparates-de-navidad\/\" \/>\n<meta property=\"og:locale\" content=\"es_ES\" \/>\n<meta property=\"og:type\" content=\"article\" \/>\n<meta property=\"og:title\" content=\"XXVI Concurso de Escaparates de Navidad. | Ajuntament de Muro\" \/>\n<meta property=\"og:description\" content=\"En la \u00e9poca de Navidad y para animar las calles y plazas de Muro y apoyar nuestros comercios y servicios locales y de proximidad lanzamos el tradicional Concurso de Escaparates [&hellip;]\" \/>\n<meta property=\"og:url\" content=\"https:\/\/www.vilademuro.net\/es\/xxvi-concurso-de-escaparates-de-navidad\/\" \/>\n<meta property=\"og:site_name\" content=\"Ajuntament de Muro\" \/>\n<meta property=\"article:publisher\" content=\"https:\/\/www.facebook.com\/murodealcoy\" \/>\n<meta property=\"article:published_time\" content=\"2025-12-09T08:00:49+00:00\" \/>\n<meta property=\"article:modified_time\" content=\"2025-12-16T12:07:51+00:00\" \/>\n<meta property=\"og:image\" content=\"https:\/\/www.vilademuro.net\/wp-content\/uploads\/2020\/04\/logo-entrades-convocatoria-1.jpg\" \/>\n\t<meta property=\"og:image:width\" content=\"200\" \/>\n\t<meta property=\"og:image:height\" content=\"200\" \/>\n\t<meta property=\"og:image:type\" content=\"image\/jpeg\" \/>\n<meta name=\"author\" content=\"Manolo Moll\" \/>\n<meta name=\"twitter:card\" content=\"summary_large_image\" \/>\n<meta name=\"twitter:creator\" content=\"@AjuntamentMuro\" \/>\n<meta name=\"twitter:site\" content=\"@AjuntamentMuro\" \/>\n<meta name=\"twitter:label1\" content=\"Escrito por\" \/>\n\t<meta name=\"twitter:data1\" content=\"Manolo Moll\" \/>\n\t<meta name=\"twitter:label2\" content=\"Tiempo de lectura\" \/>\n\t<meta name=\"twitter:data2\" content=\"6 minutos\" \/>\n<script type=\"application\/ld+json\" class=\"yoast-schema-graph\">{\"@context\":\"https:\/\/schema.org\",\"@graph\":[{\"@type\":\"Article\",\"@id\":\"https:\/\/www.vilademuro.net\/es\/xxvi-concurso-de-escaparates-de-navidad\/#article\",\"isPartOf\":{\"@id\":\"https:\/\/www.vilademuro.net\/es\/xxvi-concurso-de-escaparates-de-navidad\/\"},\"author\":{\"name\":\"Manolo Moll\",\"@id\":\"https:\/\/www.vilademuro.net\/es\/#\/schema\/person\/a42e266ef9e9ced94f63a10cae995cb3\"},\"headline\":\"XXVI Concurso de Escaparates de Navidad.\",\"datePublished\":\"2025-12-09T08:00:49+00:00\",\"dateModified\":\"2025-12-16T12:07:51+00:00\",\"mainEntityOfPage\":{\"@id\":\"https:\/\/www.vilademuro.net\/es\/xxvi-concurso-de-escaparates-de-navidad\/\"},\"wordCount\":227,\"publisher\":{\"@id\":\"https:\/\/www.vilademuro.net\/es\/#organization\"},\"image\":{\"@id\":\"https:\/\/www.vilademuro.net\/es\/xxvi-concurso-de-escaparates-de-navidad\/#primaryimage\"},\"thumbnailUrl\":\"https:\/\/www.vilademuro.net\/wp-content\/uploads\/2020\/04\/logo-entrades-convocatoria-1.jpg\",\"articleSection\":[\"ADL\",\"\u00c1reas\",\"Concurso escaparates Navidad\",\"Destacat\",\"Noticias\"],\"inLanguage\":\"es\"},{\"@type\":\"WebPage\",\"@id\":\"https:\/\/www.vilademuro.net\/es\/xxvi-concurso-de-escaparates-de-navidad\/\",\"url\":\"https:\/\/www.vilademuro.net\/es\/xxvi-concurso-de-escaparates-de-navidad\/\",\"name\":\"XXVI Concurso de Escaparates de Navidad. | Ajuntament de Muro\",\"isPartOf\":{\"@id\":\"https:\/\/www.vilademuro.net\/es\/#website\"},\"primaryImageOfPage\":{\"@id\":\"https:\/\/www.vilademuro.net\/es\/xxvi-concurso-de-escaparates-de-navidad\/#primaryimage\"},\"image\":{\"@id\":\"https:\/\/www.vilademuro.net\/es\/xxvi-concurso-de-escaparates-de-navidad\/#primaryimage\"},\"thumbnailUrl\":\"https:\/\/www.vilademuro.net\/wp-content\/uploads\/2020\/04\/logo-entrades-convocatoria-1.jpg\",\"datePublished\":\"2025-12-09T08:00:49+00:00\",\"dateModified\":\"2025-12-16T12:07:51+00:00\",\"breadcrumb\":{\"@id\":\"https:\/\/www.vilademuro.net\/es\/xxvi-concurso-de-escaparates-de-navidad\/#breadcrumb\"},\"inLanguage\":\"es\",\"potentialAction\":[{\"@type\":\"ReadAction\",\"target\":[\"https:\/\/www.vilademuro.net\/es\/xxvi-concurso-de-escaparates-de-navidad\/\"]}]},{\"@type\":\"ImageObject\",\"inLanguage\":\"es\",\"@id\":\"https:\/\/www.vilademuro.net\/es\/xxvi-concurso-de-escaparates-de-navidad\/#primaryimage\",\"url\":\"https:\/\/www.vilademuro.net\/wp-content\/uploads\/2020\/04\/logo-entrades-convocatoria-1.jpg\",\"contentUrl\":\"https:\/\/www.vilademuro.net\/wp-content\/uploads\/2020\/04\/logo-entrades-convocatoria-1.jpg\",\"width\":200,\"height\":200},{\"@type\":\"BreadcrumbList\",\"@id\":\"https:\/\/www.vilademuro.net\/es\/xxvi-concurso-de-escaparates-de-navidad\/#breadcrumb\",\"itemListElement\":[{\"@type\":\"ListItem\",\"position\":1,\"name\":\"Inici\",\"item\":\"https:\/\/www.vilademuro.net\/es\/\"},{\"@type\":\"ListItem\",\"position\":2,\"name\":\"XXVI Concurso de Escaparates de Navidad.\"}]},{\"@type\":\"WebSite\",\"@id\":\"https:\/\/www.vilademuro.net\/es\/#website\",\"url\":\"https:\/\/www.vilademuro.net\/es\/\",\"name\":\"Ajuntament de Muro d'Alcoi\",\"description\":\"P\u00e1gina web oficial de l&#039;Ajuntament de Muro\",\"publisher\":{\"@id\":\"https:\/\/www.vilademuro.net\/es\/#organization\"},\"potentialAction\":[{\"@type\":\"SearchAction\",\"target\":{\"@type\":\"EntryPoint\",\"urlTemplate\":\"https:\/\/www.vilademuro.net\/es\/?s={search_term_string}\"},\"query-input\":{\"@type\":\"PropertyValueSpecification\",\"valueRequired\":true,\"valueName\":\"search_term_string\"}}],\"inLanguage\":\"es\"},{\"@type\":\"Organization\",\"@id\":\"https:\/\/www.vilademuro.net\/es\/#organization\",\"name\":\"Ajuntament de Muro\",\"url\":\"https:\/\/www.vilademuro.net\/es\/\",\"logo\":{\"@type\":\"ImageObject\",\"inLanguage\":\"es\",\"@id\":\"https:\/\/www.vilademuro.net\/es\/#\/schema\/logo\/image\/\",\"url\":\"https:\/\/www.vilademuro.net\/wp-content\/uploads\/2022\/10\/LOGO3-2.jpg\",\"contentUrl\":\"https:\/\/www.vilademuro.net\/wp-content\/uploads\/2022\/10\/LOGO3-2.jpg\",\"width\":756,\"height\":517,\"caption\":\"Ajuntament de Muro\"},\"image\":{\"@id\":\"https:\/\/www.vilademuro.net\/es\/#\/schema\/logo\/image\/\"},\"sameAs\":[\"https:\/\/www.facebook.com\/murodealcoy\",\"https:\/\/x.com\/AjuntamentMuro\",\"https:\/\/www.youtube.com\/channel\/UC2rwbKfRqsd1Ncwm6Y1prQw\"]},{\"@type\":\"Person\",\"@id\":\"https:\/\/www.vilademuro.net\/es\/#\/schema\/person\/a42e266ef9e9ced94f63a10cae995cb3\",\"name\":\"Manolo Moll\",\"image\":{\"@type\":\"ImageObject\",\"inLanguage\":\"es\",\"@id\":\"https:\/\/www.vilademuro.net\/es\/#\/schema\/person\/image\/\",\"url\":\"https:\/\/secure.gravatar.com\/avatar\/a3221566d53d0f1136f8c6f2cfcd2956c691deadb08d33bb4b275a4da7bd7260?s=96&d=mm&r=g\",\"contentUrl\":\"https:\/\/secure.gravatar.com\/avatar\/a3221566d53d0f1136f8c6f2cfcd2956c691deadb08d33bb4b275a4da7bd7260?s=96&d=mm&r=g\",\"caption\":\"Manolo Moll\"}}]}<\/script>\n<!-- \/ Yoast SEO plugin. -->","yoast_head_json":{"title":"XXVI Concurso de Escaparates de Navidad. | Ajuntament de Muro","robots":{"index":"index","follow":"follow","max-snippet":"max-snippet:-1","max-image-preview":"max-image-preview:large","max-video-preview":"max-video-preview:-1"},"canonical":"https:\/\/www.vilademuro.net\/es\/xxvi-concurso-de-escaparates-de-navidad\/","og_locale":"es_ES","og_type":"article","og_title":"XXVI Concurso de Escaparates de Navidad. | Ajuntament de Muro","og_description":"En la \u00e9poca de Navidad y para animar las calles y plazas de Muro y apoyar nuestros comercios y servicios locales y de proximidad lanzamos el tradicional Concurso de Escaparates [&hellip;]","og_url":"https:\/\/www.vilademuro.net\/es\/xxvi-concurso-de-escaparates-de-navidad\/","og_site_name":"Ajuntament de Muro","article_publisher":"https:\/\/www.facebook.com\/murodealcoy","article_published_time":"2025-12-09T08:00:49+00:00","article_modified_time":"2025-12-16T12:07:51+00:00","og_image":[{"width":200,"height":200,"url":"https:\/\/www.vilademuro.net\/wp-content\/uploads\/2020\/04\/logo-entrades-convocatoria-1.jpg","type":"image\/jpeg"}],"author":"Manolo Moll","twitter_card":"summary_large_image","twitter_creator":"@AjuntamentMuro","twitter_site":"@AjuntamentMuro","twitter_misc":{"Escrito por":"Manolo Moll","Tiempo de lectura":"6 minutos"},"schema":{"@context":"https:\/\/schema.org","@graph":[{"@type":"Article","@id":"https:\/\/www.vilademuro.net\/es\/xxvi-concurso-de-escaparates-de-navidad\/#article","isPartOf":{"@id":"https:\/\/www.vilademuro.net\/es\/xxvi-concurso-de-escaparates-de-navidad\/"},"author":{"name":"Manolo Moll","@id":"https:\/\/www.vilademuro.net\/es\/#\/schema\/person\/a42e266ef9e9ced94f63a10cae995cb3"},"headline":"XXVI Concurso de Escaparates de Navidad.","datePublished":"2025-12-09T08:00:49+00:00","dateModified":"2025-12-16T12:07:51+00:00","mainEntityOfPage":{"@id":"https:\/\/www.vilademuro.net\/es\/xxvi-concurso-de-escaparates-de-navidad\/"},"wordCount":227,"publisher":{"@id":"https:\/\/www.vilademuro.net\/es\/#organization"},"image":{"@id":"https:\/\/www.vilademuro.net\/es\/xxvi-concurso-de-escaparates-de-navidad\/#primaryimage"},"thumbnailUrl":"https:\/\/www.vilademuro.net\/wp-content\/uploads\/2020\/04\/logo-entrades-convocatoria-1.jpg","articleSection":["ADL","\u00c1reas","Concurso escaparates Navidad","Destacat","Noticias"],"inLanguage":"es"},{"@type":"WebPage","@id":"https:\/\/www.vilademuro.net\/es\/xxvi-concurso-de-escaparates-de-navidad\/","url":"https:\/\/www.vilademuro.net\/es\/xxvi-concurso-de-escaparates-de-navidad\/","name":"XXVI Concurso de Escaparates de Navidad. | Ajuntament de Muro","isPartOf":{"@id":"https:\/\/www.vilademuro.net\/es\/#website"},"primaryImageOfPage":{"@id":"https:\/\/www.vilademuro.net\/es\/xxvi-concurso-de-escaparates-de-navidad\/#primaryimage"},"image":{"@id":"https:\/\/www.vilademuro.net\/es\/xxvi-concurso-de-escaparates-de-navidad\/#primaryimage"},"thumbnailUrl":"https:\/\/www.vilademuro.net\/wp-content\/uploads\/2020\/04\/logo-entrades-convocatoria-1.jpg","datePublished":"2025-12-09T08:00:49+00:00","dateModified":"2025-12-16T12:07:51+00:00","breadcrumb":{"@id":"https:\/\/www.vilademuro.net\/es\/xxvi-concurso-de-escaparates-de-navidad\/#breadcrumb"},"inLanguage":"es","potentialAction":[{"@type":"ReadAction","target":["https:\/\/www.vilademuro.net\/es\/xxvi-concurso-de-escaparates-de-navidad\/"]}]},{"@type":"ImageObject","inLanguage":"es","@id":"https:\/\/www.vilademuro.net\/es\/xxvi-concurso-de-escaparates-de-navidad\/#primaryimage","url":"https:\/\/www.vilademuro.net\/wp-content\/uploads\/2020\/04\/logo-entrades-convocatoria-1.jpg","contentUrl":"https:\/\/www.vilademuro.net\/wp-content\/uploads\/2020\/04\/logo-entrades-convocatoria-1.jpg","width":200,"height":200},{"@type":"BreadcrumbList","@id":"https:\/\/www.vilademuro.net\/es\/xxvi-concurso-de-escaparates-de-navidad\/#breadcrumb","itemListElement":[{"@type":"ListItem","position":1,"name":"Inici","item":"https:\/\/www.vilademuro.net\/es\/"},{"@type":"ListItem","position":2,"name":"XXVI Concurso de Escaparates de Navidad."}]},{"@type":"WebSite","@id":"https:\/\/www.vilademuro.net\/es\/#website","url":"https:\/\/www.vilademuro.net\/es\/","name":"Ajuntament de Muro d'Alcoi","description":"P\u00e1gina web oficial de l&#039;Ajuntament de Muro","publisher":{"@id":"https:\/\/www.vilademuro.net\/es\/#organization"},"potentialAction":[{"@type":"SearchAction","target":{"@type":"EntryPoint","urlTemplate":"https:\/\/www.vilademuro.net\/es\/?s={search_term_string}"},"query-input":{"@type":"PropertyValueSpecification","valueRequired":true,"valueName":"search_term_string"}}],"inLanguage":"es"},{"@type":"Organization","@id":"https:\/\/www.vilademuro.net\/es\/#organization","name":"Ajuntament de Muro","url":"https:\/\/www.vilademuro.net\/es\/","logo":{"@type":"ImageObject","inLanguage":"es","@id":"https:\/\/www.vilademuro.net\/es\/#\/schema\/logo\/image\/","url":"https:\/\/www.vilademuro.net\/wp-content\/uploads\/2022\/10\/LOGO3-2.jpg","contentUrl":"https:\/\/www.vilademuro.net\/wp-content\/uploads\/2022\/10\/LOGO3-2.jpg","width":756,"height":517,"caption":"Ajuntament de Muro"},"image":{"@id":"https:\/\/www.vilademuro.net\/es\/#\/schema\/logo\/image\/"},"sameAs":["https:\/\/www.facebook.com\/murodealcoy","https:\/\/x.com\/AjuntamentMuro","https:\/\/www.youtube.com\/channel\/UC2rwbKfRqsd1Ncwm6Y1prQw"]},{"@type":"Person","@id":"https:\/\/www.vilademuro.net\/es\/#\/schema\/person\/a42e266ef9e9ced94f63a10cae995cb3","name":"Manolo Moll","image":{"@type":"ImageObject","inLanguage":"es","@id":"https:\/\/www.vilademuro.net\/es\/#\/schema\/person\/image\/","url":"https:\/\/secure.gravatar.com\/avatar\/a3221566d53d0f1136f8c6f2cfcd2956c691deadb08d33bb4b275a4da7bd7260?s=96&d=mm&r=g","contentUrl":"https:\/\/secure.gravatar.com\/avatar\/a3221566d53d0f1136f8c6f2cfcd2956c691deadb08d33bb4b275a4da7bd7260?s=96&d=mm&r=g","caption":"Manolo Moll"}}]}},"_links":{"self":[{"href":"https:\/\/www.vilademuro.net\/es\/wp-json\/wp\/v2\/posts\/58832","targetHints":{"allow":["GET"]}}],"collection":[{"href":"https:\/\/www.vilademuro.net\/es\/wp-json\/wp\/v2\/posts"}],"about":[{"href":"https:\/\/www.vilademuro.net\/es\/wp-json\/wp\/v2\/types\/post"}],"author":[{"embeddable":true,"href":"https:\/\/www.vilademuro.net\/es\/wp-json\/wp\/v2\/users\/9"}],"replies":[{"embeddable":true,"href":"https:\/\/www.vilademuro.net\/es\/wp-json\/wp\/v2\/comments?post=58832"}],"version-history":[{"count":5,"href":"https:\/\/www.vilademuro.net\/es\/wp-json\/wp\/v2\/posts\/58832\/revisions"}],"predecessor-version":[{"id":59057,"href":"https:\/\/www.vilademuro.net\/es\/wp-json\/wp\/v2\/posts\/58832\/revisions\/59057"}],"wp:featuredmedia":[{"embeddable":true,"href":"https:\/\/www.vilademuro.net\/es\/wp-json\/wp\/v2\/media\/37897"}],"wp:attachment":[{"href":"https:\/\/www.vilademuro.net\/es\/wp-json\/wp\/v2\/media?parent=58832"}],"wp:term":[{"taxonomy":"category","embeddable":true,"href":"https:\/\/www.vilademuro.net\/es\/wp-json\/wp\/v2\/categories?post=58832"},{"taxonomy":"post_tag","embeddable":true,"href":"https:\/\/www.vilademuro.net\/es\/wp-json\/wp\/v2\/tags?post=58832"}],"curies":[{"name":"wp","href":"https:\/\/api.w.org\/{rel}","templated":true}]}}