{"id":58202,"date":"2025-10-24T12:38:56","date_gmt":"2025-10-24T10:38:56","guid":{"rendered":"https:\/\/www.vilademuro.net\/el-maria-moliner-2025-es-per-a-la-biblioteca-de-muro\/"},"modified":"2025-10-24T12:46:12","modified_gmt":"2025-10-24T10:46:12","slug":"el-maria-moliner-2025-es-per-a-la-biblioteca-de-muro","status":"publish","type":"post","link":"https:\/\/www.vilademuro.net\/es\/el-maria-moliner-2025-es-per-a-la-biblioteca-de-muro\/","title":{"rendered":"El Mar\u00eda Moliner 2025 \u00e9s per a la Biblioteca de Muro"},"content":{"rendered":"<p data-start=\"151\" data-end=\"167\"><strong data-start=\"154\" data-end=\"165\">Cultura<\/strong><\/p>\n<h1 data-start=\"168\" data-end=\"259\"><strong data-start=\"172\" data-end=\"259\">La Biblioteca de Muro es la m\u00e1s puntuada del Estado en el Premio Mar\u00eda Moliner 2025<\/strong><\/h1>\n<p data-start=\"261\" data-end=\"552\"><em>\u2022 El Ministerio de Cultura reconoce el proyecto \u201cQui\u00e9reme entre Letras\u201d como el mejor programa de fomento lector del pa\u00eds entre m\u00e1s de 500 bibliotecas municipales.<\/em><br data-start=\"424\" data-end=\"427\" \/><em>\u2022 Carmina Prats: \u201cLeer nos hace libres, pero tambi\u00e9n m\u00e1s cercanos. Por eso, en Muro, la lectura no solo se promueve: se ama.\u201d<\/em><\/p>\n<p><em> <img loading=\"lazy\" decoding=\"async\" class=\"aligncenter wp-image-58198 \" src=\"https:\/\/www.vilademuro.net\/wp-content\/uploads\/2025\/10\/569268493_1126727812899586_8111894835177257091_n-819x1024.jpg\" alt=\"\" width=\"696\" height=\"869\" \/><\/em><\/p>\n<p data-start=\"554\" data-end=\"1179\">En una sociedad donde los saberes se vuelven l\u00edquidos y las certezas resultan cada vez m\u00e1s dif\u00edciles de consensuar, las bibliotecas se transforman en espacios para la reflexi\u00f3n, para el debate en comunidad, pero tambi\u00e9n para ese di\u00e1logo \u00edntimo que se da entre libros, peri\u00f3dicos o revistas. Por ello, en su D\u00eda de las Bibliotecas y bajo el lema <em data-start=\"933\" data-end=\"974\">\u201cContra la desinformaci\u00f3n: bibliotecas\u201d<\/em>, desde el Ayuntamiento de Muro se quiere lanzar un enorme agradecimiento a su biblioteca y a las personas que durante d\u00e9cadas han convertido los sue\u00f1os en realidades, como es el caso de <strong data-start=\"1161\" data-end=\"1178\">Carmina Prats<\/strong>.<\/p>\n<p data-start=\"1181\" data-end=\"1692\">Ha sido un largo viaje que ha llevado a que la <strong data-start=\"1228\" data-end=\"1260\">Biblioteca Municipal de Muro<\/strong> haya sido reconocida por el <strong data-start=\"1289\" data-end=\"1314\">Ministerio de Cultura<\/strong> con el <strong data-start=\"1322\" data-end=\"1351\">Premio Mar\u00eda Moliner 2025<\/strong>, el galard\u00f3n m\u00e1s prestigioso del Estado en fomento de la lectura para municipios de menos de 50.000 habitantes.<br data-start=\"1463\" data-end=\"1466\" \/>El proyecto presentado, <strong data-start=\"1490\" data-end=\"1517\">\u201cQui\u00e9reme entre Letras\u201d<\/strong>, ha obtenido la <strong data-start=\"1534\" data-end=\"1557\">puntuaci\u00f3n m\u00e1s alta<\/strong>, con <strong data-start=\"1563\" data-end=\"1579\">78,33 puntos<\/strong>, encabezando la clasificaci\u00f3n estatal y situando a Muro como referente de buenas pr\u00e1cticas en animaci\u00f3n lectora.<\/p>\n<p data-start=\"1694\" data-end=\"2268\">El <strong data-start=\"1697\" data-end=\"1721\">Premio Mar\u00eda Moliner<\/strong>, convocado por la <strong data-start=\"1740\" data-end=\"1798\">Direcci\u00f3n General del Libro, del C\u00f3mic y de la Lectura<\/strong>, reconoce cada a\u00f1o los <strong data-start=\"1822\" data-end=\"1869\">diez mejores proyectos de animaci\u00f3n lectora<\/strong> entre m\u00e1s de 500 propuestas de todo el territorio. Este a\u00f1o, la Biblioteca de Muro comparte reconocimiento con municipios como <strong data-start=\"1997\" data-end=\"2039\">Villafranca de los Caballeros (Toledo)<\/strong>, <strong data-start=\"2041\" data-end=\"2059\">Ugena (Toledo)<\/strong>, <strong data-start=\"2061\" data-end=\"2090\">Gata de Gorgos (Alicante)<\/strong> o <strong data-start=\"2093\" data-end=\"2116\">Suances (Cantabria)<\/strong>, pero ha sido la que ha obtenido la <strong data-start=\"2153\" data-end=\"2183\">puntuaci\u00f3n global m\u00e1s alta<\/strong>, consolidando un trabajo de a\u00f1os en la promoci\u00f3n lectora y la dinamizaci\u00f3n cultural.<\/p>\n<p data-start=\"2270\" data-end=\"2661\">El premio llega como la culminaci\u00f3n de un cap\u00edtulo que comenz\u00f3 en <strong data-start=\"2336\" data-end=\"2344\">1986<\/strong>. Desde entonces, este espacio se ha convertido en mucho m\u00e1s que un servicio p\u00fablico: <strong data-start=\"2430\" data-end=\"2453\">un coraz\u00f3n cultural<\/strong> que late al ritmo de la vida del pueblo. Ha logrado hacer de los libros una fiesta y de la lectura un camino hacia nuevos mundos, pero tambi\u00e9n una herramienta para disipar oscuridades como la desinformaci\u00f3n.<\/p>\n<p><img loading=\"lazy\" decoding=\"async\" class=\"alignnone wp-image-58199 size-large\" src=\"https:\/\/www.vilademuro.net\/wp-content\/uploads\/2025\/10\/festa-del-llibre-1024x768.jpg\" alt=\"\" width=\"1024\" height=\"768\" srcset=\"https:\/\/www.vilademuro.net\/wp-content\/uploads\/2025\/10\/festa-del-llibre-980x735.jpg 980w, https:\/\/www.vilademuro.net\/wp-content\/uploads\/2025\/10\/festa-del-llibre-480x360.jpg 480w\" sizes=\"(min-width: 0px) and (max-width: 480px) 480px, (min-width: 481px) and (max-width: 980px) 980px, (min-width: 981px) 1024px, 100vw\" \/><\/p>\n<p data-start=\"2663\" data-end=\"3292\">Como explica su bibliotecaria, <strong data-start=\"2694\" data-end=\"2711\">Carmina Prats<\/strong>, \u201ceste premio es como el Premio Cervantes para un escritor; es el mayor sue\u00f1o para cualquier persona que trabaja entre libros. Es el reconocimiento a tantas horas invisibles, de trabajo hecho con pasi\u00f3n y con cari\u00f1o hacia el pueblo.\u201d<br data-start=\"2945\" data-end=\"2948\" \/>Para el <strong data-start=\"2956\" data-end=\"2990\">alcalde de Muro, Vicent Molina<\/strong>, \u201ceste galard\u00f3n cierra simb\u00f3licamente el primer cap\u00edtulo de un libro comenzado hace casi cuarenta a\u00f1os, y abre uno nuevo para seguir escribiendo colectivamente desde la lectura, la cultura y la comunidad. Carmina ha dejado en Muro una huella imborrable y una semilla que ya hace tiempo que da frutos.\u201d<\/p>\n<h3 data-start=\"3299\" data-end=\"3360\"><strong data-start=\"3303\" data-end=\"3360\">Qui\u00e9reme entre Letras: un proyecto que teje comunidad<\/strong><\/h3>\n<p data-start=\"3362\" data-end=\"3802\">El proyecto premiado, <strong data-start=\"3384\" data-end=\"3411\">\u201cQui\u00e9reme entre Letras\u201d<\/strong>, es una propuesta viva, abierta e intergeneracional que hace de la lectura un instrumento de integraci\u00f3n, aprendizaje y convivencia. Desde clubes de lectura hasta encuentros con autores, actividades art\u00edsticas, rutas literarias o iniciativas escolares, el programa involucra a todo el tejido social: <strong data-start=\"3712\" data-end=\"3802\">escuelas, familias, personas mayores, asociaciones, comercios y comunidades migrantes.<\/strong><\/p>\n<p data-start=\"3804\" data-end=\"4129\">La Biblioteca se ha convertido as\u00ed en una <strong data-start=\"3846\" data-end=\"3879\">red de afectos y conocimiento<\/strong>, capaz de atravesar fronteras f\u00edsicas y sociales. \u201cEn Muro no leemos solo dentro de la Biblioteca: leemos en los colegios, en la plaza, en el centro social, en el centro de d\u00eda\u2026 Leemos juntos porque leer es una forma de hacer pueblo\u201d, explica Prats.<\/p>\n<p data-start=\"4131\" data-end=\"4639\">El jurado del Ministerio de Cultura ha valorado especialmente la <strong data-start=\"4196\" data-end=\"4229\">sostenibilidad y originalidad<\/strong> del proyecto, as\u00ed como su enfoque <strong data-start=\"4264\" data-end=\"4307\">inclusivo, participativo y colaborativo<\/strong>, articulado a trav\u00e9s del <strong data-start=\"4333\" data-end=\"4359\">Consejo Lector de Muro<\/strong>, un espacio que coordina agentes educativos, culturales y sociales.<br data-start=\"4427\" data-end=\"4430\" \/>Gracias a esta estructura, la Biblioteca se ha convertido en una de las m\u00e1s activas del territorio valenciano, con un calendario anual de actividades que abarca desde la primera infancia hasta la tercera edad.<\/p>\n<p><img loading=\"lazy\" decoding=\"async\" class=\"wp-image-58200 aligncenter\" src=\"https:\/\/www.vilademuro.net\/wp-content\/uploads\/2025\/10\/551521654_1103242958581405_1436201372209072841_n-819x1024.jpg\" alt=\"\" width=\"361\" height=\"451\" \/><\/p>\n<p data-start=\"4641\" data-end=\"5369\">Para el <strong data-start=\"4649\" data-end=\"4687\">concejal de Cultura, Fernando Pic\u00f3<\/strong>, \u201ceste reconocimiento es una alegr\u00eda inmensa y un orgullo compartido. La Biblioteca de Muro ha sido reconocida como la mejor de Espa\u00f1a en su categor\u00eda, y eso es fruto de un trabajo constante, riguroso y apasionado.\u201d Pic\u00f3 ha destacado \u201cel esfuerzo, la dedicaci\u00f3n y la ilusi\u00f3n de <strong data-start=\"4968\" data-end=\"5000\">Carmina Prats y Sandra Marco<\/strong>, que han convertido la Biblioteca en un espacio vivo, abierto y participativo.\u201d<br data-start=\"5080\" data-end=\"5083\" \/>\u201cPero este premio no es solo suyo \u2014a\u00f1ade\u2014. Su generosidad y buen hacer hacen que sea tambi\u00e9n de todo el pueblo de Muro: de las personas que cada d\u00eda leen, participan y hacen que la cultura sea una parte esencial de nuestra vida colectiva. En Muro, la lectura nos une y nos hace crecer.\u201d<\/p>\n<p data-start=\"5371\" data-end=\"5607\">El galard\u00f3n incluye una <strong data-start=\"5395\" data-end=\"5433\">dotaci\u00f3n econ\u00f3mica de 10.000 euros<\/strong>, que permitir\u00e1 seguir ampliando el programa de fomento lector e impulsar nuevas l\u00edneas de trabajo, consolidando adem\u00e1s propuestas de referencia como la <strong data-start=\"5586\" data-end=\"5606\">Fiesta del Libro<\/strong>.<\/p>\n<p data-start=\"5371\" data-end=\"5607\"><img loading=\"lazy\" decoding=\"async\" class=\"alignnone wp-image-58203 \" src=\"https:\/\/www.vilademuro.net\/wp-content\/uploads\/2025\/10\/4-819x1024.png\" alt=\"\" width=\"694\" height=\"867\" \/><\/p>\n<p data-start=\"5609\" data-end=\"5861\">Para <strong data-start=\"5614\" data-end=\"5631\">Carmina Prats<\/strong>, este reconocimiento \u201ces un premio para todo un pueblo que ama las letras, que ha sabido hacer de la lectura una forma de vivir y de compartir.\u201d<br data-start=\"5776\" data-end=\"5779\" \/>La bibliotecaria concluye con una reflexi\u00f3n que resume el esp\u00edritu del proyecto:<\/p>\n<blockquote data-start=\"5862\" data-end=\"5972\">\n<p data-start=\"5864\" data-end=\"5972\">\u201cLeer nos hace libres, pero tambi\u00e9n m\u00e1s cercanos. Por eso, en Muro, la lectura no solo se promueve: se ama.\u201d<\/p>\n<\/blockquote>\n","protected":false},"excerpt":{"rendered":"<p>Cultura La Biblioteca de Muro es la m\u00e1s puntuada del Estado en el Premio Mar\u00eda Moliner 2025 \u2022 El Ministerio de Cultura reconoce el proyecto \u201cQui\u00e9reme entre Letras\u201d como el [&hellip;]<\/p>\n","protected":false},"author":32,"featured_media":58203,"comment_status":"closed","ping_status":"closed","sticky":false,"template":"","format":"standard","meta":{"_et_pb_use_builder":"","_et_pb_old_content":"","_et_gb_content_width":"","footnotes":""},"categories":[112,70,51,49],"tags":[],"class_list":["post-58202","post","type-post","status-publish","format-standard","has-post-thumbnail","hentry","category-animacion-lectora","category-biblioteca-es","category-destacat-es","category-noticias"],"yoast_head":"<!-- This site is optimized with the Yoast SEO plugin v27.1.1 - https:\/\/yoast.com\/product\/yoast-seo-wordpress\/ -->\n<title>El Mar\u00eda Moliner 2025 \u00e9s per a la Biblioteca de Muro | Ajuntament de Muro<\/title>\n<meta name=\"robots\" content=\"index, follow, max-snippet:-1, max-image-preview:large, max-video-preview:-1\" \/>\n<link rel=\"canonical\" href=\"https:\/\/www.vilademuro.net\/es\/el-maria-moliner-2025-es-per-a-la-biblioteca-de-muro\/\" \/>\n<meta property=\"og:locale\" content=\"es_ES\" \/>\n<meta property=\"og:type\" content=\"article\" \/>\n<meta property=\"og:title\" content=\"El Mar\u00eda Moliner 2025 \u00e9s per a la Biblioteca de Muro | Ajuntament de Muro\" \/>\n<meta property=\"og:description\" content=\"Cultura La Biblioteca de Muro es la m\u00e1s puntuada del Estado en el Premio Mar\u00eda Moliner 2025 \u2022 El Ministerio de Cultura reconoce el proyecto \u201cQui\u00e9reme entre Letras\u201d como el [&hellip;]\" \/>\n<meta property=\"og:url\" content=\"https:\/\/www.vilademuro.net\/es\/el-maria-moliner-2025-es-per-a-la-biblioteca-de-muro\/\" \/>\n<meta property=\"og:site_name\" content=\"Ajuntament de Muro\" \/>\n<meta property=\"article:publisher\" content=\"https:\/\/www.facebook.com\/murodealcoy\" \/>\n<meta property=\"article:published_time\" content=\"2025-10-24T10:38:56+00:00\" \/>\n<meta property=\"article:modified_time\" content=\"2025-10-24T10:46:12+00:00\" \/>\n<meta property=\"og:image\" content=\"https:\/\/www.vilademuro.net\/wp-content\/uploads\/2025\/10\/4.png\" \/>\n\t<meta property=\"og:image:width\" content=\"1080\" \/>\n\t<meta property=\"og:image:height\" content=\"1350\" \/>\n\t<meta property=\"og:image:type\" content=\"image\/png\" \/>\n<meta name=\"author\" content=\"david perez\" \/>\n<meta name=\"twitter:card\" content=\"summary_large_image\" \/>\n<meta name=\"twitter:creator\" content=\"@AjuntamentMuro\" \/>\n<meta name=\"twitter:site\" content=\"@AjuntamentMuro\" \/>\n<meta name=\"twitter:label1\" content=\"Escrito por\" \/>\n\t<meta name=\"twitter:data1\" content=\"david perez\" \/>\n\t<meta name=\"twitter:label2\" content=\"Tiempo de lectura\" \/>\n\t<meta name=\"twitter:data2\" content=\"6 minutos\" \/>\n<script type=\"application\/ld+json\" class=\"yoast-schema-graph\">{\"@context\":\"https:\/\/schema.org\",\"@graph\":[{\"@type\":\"Article\",\"@id\":\"https:\/\/www.vilademuro.net\/es\/el-maria-moliner-2025-es-per-a-la-biblioteca-de-muro\/#article\",\"isPartOf\":{\"@id\":\"https:\/\/www.vilademuro.net\/es\/el-maria-moliner-2025-es-per-a-la-biblioteca-de-muro\/\"},\"author\":{\"name\":\"david perez\",\"@id\":\"https:\/\/www.vilademuro.net\/es\/#\/schema\/person\/18d508a6d83aeac8b78142fe72d521b2\"},\"headline\":\"El Mar\u00eda Moliner 2025 \u00e9s per a la Biblioteca de Muro\",\"datePublished\":\"2025-10-24T10:38:56+00:00\",\"dateModified\":\"2025-10-24T10:46:12+00:00\",\"mainEntityOfPage\":{\"@id\":\"https:\/\/www.vilademuro.net\/es\/el-maria-moliner-2025-es-per-a-la-biblioteca-de-muro\/\"},\"wordCount\":990,\"publisher\":{\"@id\":\"https:\/\/www.vilademuro.net\/es\/#organization\"},\"image\":{\"@id\":\"https:\/\/www.vilademuro.net\/es\/el-maria-moliner-2025-es-per-a-la-biblioteca-de-muro\/#primaryimage\"},\"thumbnailUrl\":\"https:\/\/www.vilademuro.net\/wp-content\/uploads\/2025\/10\/4.png\",\"articleSection\":[\"Animaci\u00f3n lectora\",\"Biblioteca\",\"Destacat\",\"Noticias\"],\"inLanguage\":\"es\"},{\"@type\":\"WebPage\",\"@id\":\"https:\/\/www.vilademuro.net\/es\/el-maria-moliner-2025-es-per-a-la-biblioteca-de-muro\/\",\"url\":\"https:\/\/www.vilademuro.net\/es\/el-maria-moliner-2025-es-per-a-la-biblioteca-de-muro\/\",\"name\":\"El Mar\u00eda Moliner 2025 \u00e9s per a la Biblioteca de Muro | Ajuntament de Muro\",\"isPartOf\":{\"@id\":\"https:\/\/www.vilademuro.net\/es\/#website\"},\"primaryImageOfPage\":{\"@id\":\"https:\/\/www.vilademuro.net\/es\/el-maria-moliner-2025-es-per-a-la-biblioteca-de-muro\/#primaryimage\"},\"image\":{\"@id\":\"https:\/\/www.vilademuro.net\/es\/el-maria-moliner-2025-es-per-a-la-biblioteca-de-muro\/#primaryimage\"},\"thumbnailUrl\":\"https:\/\/www.vilademuro.net\/wp-content\/uploads\/2025\/10\/4.png\",\"datePublished\":\"2025-10-24T10:38:56+00:00\",\"dateModified\":\"2025-10-24T10:46:12+00:00\",\"breadcrumb\":{\"@id\":\"https:\/\/www.vilademuro.net\/es\/el-maria-moliner-2025-es-per-a-la-biblioteca-de-muro\/#breadcrumb\"},\"inLanguage\":\"es\",\"potentialAction\":[{\"@type\":\"ReadAction\",\"target\":[\"https:\/\/www.vilademuro.net\/es\/el-maria-moliner-2025-es-per-a-la-biblioteca-de-muro\/\"]}]},{\"@type\":\"ImageObject\",\"inLanguage\":\"es\",\"@id\":\"https:\/\/www.vilademuro.net\/es\/el-maria-moliner-2025-es-per-a-la-biblioteca-de-muro\/#primaryimage\",\"url\":\"https:\/\/www.vilademuro.net\/wp-content\/uploads\/2025\/10\/4.png\",\"contentUrl\":\"https:\/\/www.vilademuro.net\/wp-content\/uploads\/2025\/10\/4.png\",\"width\":1080,\"height\":1350},{\"@type\":\"BreadcrumbList\",\"@id\":\"https:\/\/www.vilademuro.net\/es\/el-maria-moliner-2025-es-per-a-la-biblioteca-de-muro\/#breadcrumb\",\"itemListElement\":[{\"@type\":\"ListItem\",\"position\":1,\"name\":\"Inici\",\"item\":\"https:\/\/www.vilademuro.net\/es\/\"},{\"@type\":\"ListItem\",\"position\":2,\"name\":\"El Mar\u00eda Moliner 2025 \u00e9s per a la Biblioteca de Muro\"}]},{\"@type\":\"WebSite\",\"@id\":\"https:\/\/www.vilademuro.net\/es\/#website\",\"url\":\"https:\/\/www.vilademuro.net\/es\/\",\"name\":\"Ajuntament de Muro d'Alcoi\",\"description\":\"P\u00e1gina web oficial de l&#039;Ajuntament de Muro\",\"publisher\":{\"@id\":\"https:\/\/www.vilademuro.net\/es\/#organization\"},\"potentialAction\":[{\"@type\":\"SearchAction\",\"target\":{\"@type\":\"EntryPoint\",\"urlTemplate\":\"https:\/\/www.vilademuro.net\/es\/?s={search_term_string}\"},\"query-input\":{\"@type\":\"PropertyValueSpecification\",\"valueRequired\":true,\"valueName\":\"search_term_string\"}}],\"inLanguage\":\"es\"},{\"@type\":\"Organization\",\"@id\":\"https:\/\/www.vilademuro.net\/es\/#organization\",\"name\":\"Ajuntament de Muro\",\"url\":\"https:\/\/www.vilademuro.net\/es\/\",\"logo\":{\"@type\":\"ImageObject\",\"inLanguage\":\"es\",\"@id\":\"https:\/\/www.vilademuro.net\/es\/#\/schema\/logo\/image\/\",\"url\":\"https:\/\/www.vilademuro.net\/wp-content\/uploads\/2022\/10\/LOGO3-2.jpg\",\"contentUrl\":\"https:\/\/www.vilademuro.net\/wp-content\/uploads\/2022\/10\/LOGO3-2.jpg\",\"width\":756,\"height\":517,\"caption\":\"Ajuntament de Muro\"},\"image\":{\"@id\":\"https:\/\/www.vilademuro.net\/es\/#\/schema\/logo\/image\/\"},\"sameAs\":[\"https:\/\/www.facebook.com\/murodealcoy\",\"https:\/\/x.com\/AjuntamentMuro\",\"https:\/\/www.youtube.com\/channel\/UC2rwbKfRqsd1Ncwm6Y1prQw\"]},{\"@type\":\"Person\",\"@id\":\"https:\/\/www.vilademuro.net\/es\/#\/schema\/person\/18d508a6d83aeac8b78142fe72d521b2\",\"name\":\"david perez\",\"image\":{\"@type\":\"ImageObject\",\"inLanguage\":\"es\",\"@id\":\"https:\/\/www.vilademuro.net\/es\/#\/schema\/person\/image\/\",\"url\":\"https:\/\/secure.gravatar.com\/avatar\/32e29d67ef109fa6f899286cf1743bb75688fd5ba35d80f5c1b6ac2b6bf32256?s=96&d=mm&r=g\",\"contentUrl\":\"https:\/\/secure.gravatar.com\/avatar\/32e29d67ef109fa6f899286cf1743bb75688fd5ba35d80f5c1b6ac2b6bf32256?s=96&d=mm&r=g\",\"caption\":\"david perez\"}}]}<\/script>\n<!-- \/ Yoast SEO plugin. -->","yoast_head_json":{"title":"El Mar\u00eda Moliner 2025 \u00e9s per a la Biblioteca de Muro | Ajuntament de Muro","robots":{"index":"index","follow":"follow","max-snippet":"max-snippet:-1","max-image-preview":"max-image-preview:large","max-video-preview":"max-video-preview:-1"},"canonical":"https:\/\/www.vilademuro.net\/es\/el-maria-moliner-2025-es-per-a-la-biblioteca-de-muro\/","og_locale":"es_ES","og_type":"article","og_title":"El Mar\u00eda Moliner 2025 \u00e9s per a la Biblioteca de Muro | Ajuntament de Muro","og_description":"Cultura La Biblioteca de Muro es la m\u00e1s puntuada del Estado en el Premio Mar\u00eda Moliner 2025 \u2022 El Ministerio de Cultura reconoce el proyecto \u201cQui\u00e9reme entre Letras\u201d como el [&hellip;]","og_url":"https:\/\/www.vilademuro.net\/es\/el-maria-moliner-2025-es-per-a-la-biblioteca-de-muro\/","og_site_name":"Ajuntament de Muro","article_publisher":"https:\/\/www.facebook.com\/murodealcoy","article_published_time":"2025-10-24T10:38:56+00:00","article_modified_time":"2025-10-24T10:46:12+00:00","og_image":[{"width":1080,"height":1350,"url":"https:\/\/www.vilademuro.net\/wp-content\/uploads\/2025\/10\/4.png","type":"image\/png"}],"author":"david perez","twitter_card":"summary_large_image","twitter_creator":"@AjuntamentMuro","twitter_site":"@AjuntamentMuro","twitter_misc":{"Escrito por":"david perez","Tiempo de lectura":"6 minutos"},"schema":{"@context":"https:\/\/schema.org","@graph":[{"@type":"Article","@id":"https:\/\/www.vilademuro.net\/es\/el-maria-moliner-2025-es-per-a-la-biblioteca-de-muro\/#article","isPartOf":{"@id":"https:\/\/www.vilademuro.net\/es\/el-maria-moliner-2025-es-per-a-la-biblioteca-de-muro\/"},"author":{"name":"david perez","@id":"https:\/\/www.vilademuro.net\/es\/#\/schema\/person\/18d508a6d83aeac8b78142fe72d521b2"},"headline":"El Mar\u00eda Moliner 2025 \u00e9s per a la Biblioteca de Muro","datePublished":"2025-10-24T10:38:56+00:00","dateModified":"2025-10-24T10:46:12+00:00","mainEntityOfPage":{"@id":"https:\/\/www.vilademuro.net\/es\/el-maria-moliner-2025-es-per-a-la-biblioteca-de-muro\/"},"wordCount":990,"publisher":{"@id":"https:\/\/www.vilademuro.net\/es\/#organization"},"image":{"@id":"https:\/\/www.vilademuro.net\/es\/el-maria-moliner-2025-es-per-a-la-biblioteca-de-muro\/#primaryimage"},"thumbnailUrl":"https:\/\/www.vilademuro.net\/wp-content\/uploads\/2025\/10\/4.png","articleSection":["Animaci\u00f3n lectora","Biblioteca","Destacat","Noticias"],"inLanguage":"es"},{"@type":"WebPage","@id":"https:\/\/www.vilademuro.net\/es\/el-maria-moliner-2025-es-per-a-la-biblioteca-de-muro\/","url":"https:\/\/www.vilademuro.net\/es\/el-maria-moliner-2025-es-per-a-la-biblioteca-de-muro\/","name":"El Mar\u00eda Moliner 2025 \u00e9s per a la Biblioteca de Muro | Ajuntament de Muro","isPartOf":{"@id":"https:\/\/www.vilademuro.net\/es\/#website"},"primaryImageOfPage":{"@id":"https:\/\/www.vilademuro.net\/es\/el-maria-moliner-2025-es-per-a-la-biblioteca-de-muro\/#primaryimage"},"image":{"@id":"https:\/\/www.vilademuro.net\/es\/el-maria-moliner-2025-es-per-a-la-biblioteca-de-muro\/#primaryimage"},"thumbnailUrl":"https:\/\/www.vilademuro.net\/wp-content\/uploads\/2025\/10\/4.png","datePublished":"2025-10-24T10:38:56+00:00","dateModified":"2025-10-24T10:46:12+00:00","breadcrumb":{"@id":"https:\/\/www.vilademuro.net\/es\/el-maria-moliner-2025-es-per-a-la-biblioteca-de-muro\/#breadcrumb"},"inLanguage":"es","potentialAction":[{"@type":"ReadAction","target":["https:\/\/www.vilademuro.net\/es\/el-maria-moliner-2025-es-per-a-la-biblioteca-de-muro\/"]}]},{"@type":"ImageObject","inLanguage":"es","@id":"https:\/\/www.vilademuro.net\/es\/el-maria-moliner-2025-es-per-a-la-biblioteca-de-muro\/#primaryimage","url":"https:\/\/www.vilademuro.net\/wp-content\/uploads\/2025\/10\/4.png","contentUrl":"https:\/\/www.vilademuro.net\/wp-content\/uploads\/2025\/10\/4.png","width":1080,"height":1350},{"@type":"BreadcrumbList","@id":"https:\/\/www.vilademuro.net\/es\/el-maria-moliner-2025-es-per-a-la-biblioteca-de-muro\/#breadcrumb","itemListElement":[{"@type":"ListItem","position":1,"name":"Inici","item":"https:\/\/www.vilademuro.net\/es\/"},{"@type":"ListItem","position":2,"name":"El Mar\u00eda Moliner 2025 \u00e9s per a la Biblioteca de Muro"}]},{"@type":"WebSite","@id":"https:\/\/www.vilademuro.net\/es\/#website","url":"https:\/\/www.vilademuro.net\/es\/","name":"Ajuntament de Muro d'Alcoi","description":"P\u00e1gina web oficial de l&#039;Ajuntament de Muro","publisher":{"@id":"https:\/\/www.vilademuro.net\/es\/#organization"},"potentialAction":[{"@type":"SearchAction","target":{"@type":"EntryPoint","urlTemplate":"https:\/\/www.vilademuro.net\/es\/?s={search_term_string}"},"query-input":{"@type":"PropertyValueSpecification","valueRequired":true,"valueName":"search_term_string"}}],"inLanguage":"es"},{"@type":"Organization","@id":"https:\/\/www.vilademuro.net\/es\/#organization","name":"Ajuntament de Muro","url":"https:\/\/www.vilademuro.net\/es\/","logo":{"@type":"ImageObject","inLanguage":"es","@id":"https:\/\/www.vilademuro.net\/es\/#\/schema\/logo\/image\/","url":"https:\/\/www.vilademuro.net\/wp-content\/uploads\/2022\/10\/LOGO3-2.jpg","contentUrl":"https:\/\/www.vilademuro.net\/wp-content\/uploads\/2022\/10\/LOGO3-2.jpg","width":756,"height":517,"caption":"Ajuntament de Muro"},"image":{"@id":"https:\/\/www.vilademuro.net\/es\/#\/schema\/logo\/image\/"},"sameAs":["https:\/\/www.facebook.com\/murodealcoy","https:\/\/x.com\/AjuntamentMuro","https:\/\/www.youtube.com\/channel\/UC2rwbKfRqsd1Ncwm6Y1prQw"]},{"@type":"Person","@id":"https:\/\/www.vilademuro.net\/es\/#\/schema\/person\/18d508a6d83aeac8b78142fe72d521b2","name":"david perez","image":{"@type":"ImageObject","inLanguage":"es","@id":"https:\/\/www.vilademuro.net\/es\/#\/schema\/person\/image\/","url":"https:\/\/secure.gravatar.com\/avatar\/32e29d67ef109fa6f899286cf1743bb75688fd5ba35d80f5c1b6ac2b6bf32256?s=96&d=mm&r=g","contentUrl":"https:\/\/secure.gravatar.com\/avatar\/32e29d67ef109fa6f899286cf1743bb75688fd5ba35d80f5c1b6ac2b6bf32256?s=96&d=mm&r=g","caption":"david perez"}}]}},"_links":{"self":[{"href":"https:\/\/www.vilademuro.net\/es\/wp-json\/wp\/v2\/posts\/58202","targetHints":{"allow":["GET"]}}],"collection":[{"href":"https:\/\/www.vilademuro.net\/es\/wp-json\/wp\/v2\/posts"}],"about":[{"href":"https:\/\/www.vilademuro.net\/es\/wp-json\/wp\/v2\/types\/post"}],"author":[{"embeddable":true,"href":"https:\/\/www.vilademuro.net\/es\/wp-json\/wp\/v2\/users\/32"}],"replies":[{"embeddable":true,"href":"https:\/\/www.vilademuro.net\/es\/wp-json\/wp\/v2\/comments?post=58202"}],"version-history":[{"count":2,"href":"https:\/\/www.vilademuro.net\/es\/wp-json\/wp\/v2\/posts\/58202\/revisions"}],"predecessor-version":[{"id":58208,"href":"https:\/\/www.vilademuro.net\/es\/wp-json\/wp\/v2\/posts\/58202\/revisions\/58208"}],"wp:featuredmedia":[{"embeddable":true,"href":"https:\/\/www.vilademuro.net\/es\/wp-json\/wp\/v2\/media\/58203"}],"wp:attachment":[{"href":"https:\/\/www.vilademuro.net\/es\/wp-json\/wp\/v2\/media?parent=58202"}],"wp:term":[{"taxonomy":"category","embeddable":true,"href":"https:\/\/www.vilademuro.net\/es\/wp-json\/wp\/v2\/categories?post=58202"},{"taxonomy":"post_tag","embeddable":true,"href":"https:\/\/www.vilademuro.net\/es\/wp-json\/wp\/v2\/tags?post=58202"}],"curies":[{"name":"wp","href":"https:\/\/api.w.org\/{rel}","templated":true}]}}