{"id":58107,"date":"2025-10-22T15:05:45","date_gmt":"2025-10-22T13:05:45","guid":{"rendered":"https:\/\/www.vilademuro.net\/muro-pau-ua\/"},"modified":"2025-10-22T15:14:25","modified_gmt":"2025-10-22T13:14:25","slug":"muro-pau-ua","status":"publish","type":"post","link":"https:\/\/www.vilademuro.net\/es\/muro-pau-ua\/","title":{"rendered":"\u00abLes PAU a casa\u00bb"},"content":{"rendered":"<h1 data-start=\"299\" data-end=\"402\">Muro celebra que la PAU contin\u00fae en Alcoi y reconoce la fuerza creativa de la comunidad educativa<\/h1>\n<p><img loading=\"lazy\" decoding=\"async\" class=\"aligncenter wp-image-58105 size-full\" src=\"https:\/\/www.vilademuro.net\/wp-content\/uploads\/2025\/10\/timThumb.jpg\" alt=\"\" width=\"800\" height=\"779\" srcset=\"https:\/\/www.vilademuro.net\/wp-content\/uploads\/2025\/10\/timThumb.jpg 800w, https:\/\/www.vilademuro.net\/wp-content\/uploads\/2025\/10\/timThumb-480x467.jpg 480w\" sizes=\"(min-width: 0px) and (max-width: 480px) 480px, (min-width: 481px) 800px, 100vw\" \/><\/p>\n<p data-start=\"404\" data-end=\"783\">El Ayuntamiento de Muro ha celebrado la decisi\u00f3n de la <strong data-start=\"495\" data-end=\"522\">Universidad de Alicante<\/strong> de <strong data-start=\"526\" data-end=\"583\">mantener las Pruebas de Acceso a la Universidad (PAU)<\/strong> en la ciudad de Alcoi, una resoluci\u00f3n que garantiza la igualdad de oportunidades y evita desplazamientos largos, costes a\u00f1adidos y un desgaste emocional innecesario para el alumnado y sus familias.<\/p>\n<p data-start=\"785\" data-end=\"1269\">Desde el consistorio se ha querido destacar que esta rectificaci\u00f3n ha sido posible gracias a la <strong data-start=\"881\" data-end=\"956\">ejemplar movilizaci\u00f3n de la comunidad educativa de l\u2019Alcoi\u00e0 y el Comtat<\/strong>, que, a trav\u00e9s de la plataforma <em data-start=\"989\" data-end=\"1005\">Les PAU a Casa<\/em>, ha sabido transformar la preocupaci\u00f3n en una respuesta serena, participativa y creativa. Familias, centros y estudiantes han trabajado codo con codo para defender un derecho esencial: poder examinarse en su territorio, en condiciones de equidad y tranquilidad.<\/p>\n<p data-start=\"1271\" data-end=\"1953\">El alcalde de Muro, <strong data-start=\"1291\" data-end=\"1308\">Vicent Molina<\/strong>, ha subrayado que la decisi\u00f3n de la Universidad de Alicante \u201cpone cordura y sensibilidad en un tema que nunca deber\u00eda haberse puesto en duda\u201d, y ha remarcado que \u201cel modelo de Alcoi siempre ha funcionado con eficacia y justicia para todo el alumnado de la comarca; cambiarlo habr\u00eda supuesto un agravio para muchas familias y estudiantes\u201d. Molina tambi\u00e9n ha querido destacar la capacidad de los j\u00f3venes para hacer o\u00edr su voz \u201ccon civismo, ilusi\u00f3n y creatividad, elaborando v\u00eddeos, canciones y materiales que han conectado con toda la sociedad y han sido un ejemplo de c\u00f3mo la comunicaci\u00f3n puede ser una herramienta de transformaci\u00f3n positiva\u201d.<\/p>\n<p data-start=\"1955\" data-end=\"2354\">En la misma l\u00ednea, el concejal de Educaci\u00f3n, <strong data-start=\"2000\" data-end=\"2017\">Fernando Pic\u00f3<\/strong>, ha destacado que \u201cesta ha sido una lecci\u00f3n de participaci\u00f3n y aprendizaje ciudadano que demuestra que la juventud sabe organizarse y hacer o\u00edr su voz con responsabilidad\u201d. Para Pic\u00f3, el proceso ha servido \u201cno solo para defender un derecho, sino para aprender a hacerlo colectivamente, con respeto y colaboraci\u00f3n entre instituciones\u201d.<\/p>\n<p data-start=\"2356\" data-end=\"2678\">El Ayuntamiento de Muro tambi\u00e9n ha querido agradecer la <strong data-start=\"2412\" data-end=\"2476\">actitud dialogante y receptiva de la Universidad de Alicante<\/strong>, as\u00ed como el trabajo constante de la plataforma <em data-start=\"2525\" data-end=\"2541\">Les PAU a Casa<\/em> y de los ayuntamientos de la comarca, que han defendido de manera conjunta una educaci\u00f3n <strong data-start=\"2631\" data-end=\"2675\">pr\u00f3xima, justa y arraigada al territorio<\/strong>.<\/p>\n<p data-start=\"2680\" data-end=\"2985\">Con esta decisi\u00f3n se garantiza que cerca de <strong data-start=\"2724\" data-end=\"2743\">400 estudiantes<\/strong> de l\u2019Alcoi\u00e0 y el Comtat puedan realizar sus ex\u00e1menes en un entorno conocido y accesible. Una victoria colectiva que, seg\u00fan Molina, \u201cdemuestra que cuando la comunidad educativa camina unida, se construyen soluciones y se aseguran derechos\u201d.<\/p>\n<p>&nbsp;<\/p>\n<h2 data-start=\"2866\" data-end=\"3168\">Comunicado de la \u00abPlataforma les PAU a casa\u00bb<\/h2>\n<p data-start=\"2866\" data-end=\"3168\"><img loading=\"lazy\" decoding=\"async\" class=\"alignnone wp-image-58103 size-full\" src=\"https:\/\/www.vilademuro.net\/wp-content\/uploads\/2025\/10\/569139176_1147584407479268_6710752908840408591_n.jpg\" alt=\"\" width=\"1241\" height=\"1755\" srcset=\"https:\/\/www.vilademuro.net\/wp-content\/uploads\/2025\/10\/569139176_1147584407479268_6710752908840408591_n.jpg 1241w, https:\/\/www.vilademuro.net\/wp-content\/uploads\/2025\/10\/569139176_1147584407479268_6710752908840408591_n-980x1386.jpg 980w, https:\/\/www.vilademuro.net\/wp-content\/uploads\/2025\/10\/569139176_1147584407479268_6710752908840408591_n-480x679.jpg 480w\" sizes=\"(min-width: 0px) and (max-width: 480px) 480px, (min-width: 481px) and (max-width: 980px) 980px, (min-width: 981px) 1241px, 100vw\" \/> <img loading=\"lazy\" decoding=\"async\" class=\"alignnone wp-image-58104 size-full\" src=\"https:\/\/www.vilademuro.net\/wp-content\/uploads\/2025\/10\/567519329_1147584404145935_668137546780257482_n.jpg\" alt=\"\" width=\"1241\" height=\"1755\" srcset=\"https:\/\/www.vilademuro.net\/wp-content\/uploads\/2025\/10\/567519329_1147584404145935_668137546780257482_n.jpg 1241w, https:\/\/www.vilademuro.net\/wp-content\/uploads\/2025\/10\/567519329_1147584404145935_668137546780257482_n-980x1386.jpg 980w, https:\/\/www.vilademuro.net\/wp-content\/uploads\/2025\/10\/567519329_1147584404145935_668137546780257482_n-480x679.jpg 480w\" sizes=\"(min-width: 0px) and (max-width: 480px) 480px, (min-width: 481px) and (max-width: 980px) 980px, (min-width: 981px) 1241px, 100vw\" \/><\/p>\n","protected":false},"excerpt":{"rendered":"<p>Muro celebra que la PAU contin\u00fae en Alcoi y reconoce la fuerza creativa de la comunidad educativa El Ayuntamiento de Muro ha celebrado la decisi\u00f3n de la Universidad de Alicante [&hellip;]<\/p>\n","protected":false},"author":32,"featured_media":58109,"comment_status":"closed","ping_status":"closed","sticky":false,"template":"","format":"standard","meta":{"_et_pb_use_builder":"","_et_pb_old_content":"","_et_gb_content_width":"","footnotes":""},"categories":[51,54,71,49],"tags":[],"class_list":["post-58107","post","type-post","status-publish","format-standard","has-post-thumbnail","hentry","category-destacat-es","category-educacio-es","category-juventud","category-noticias"],"yoast_head":"<!-- This site is optimized with the Yoast SEO plugin v27.1.1 - https:\/\/yoast.com\/product\/yoast-seo-wordpress\/ -->\n<title>&quot;Les PAU a casa&quot; | Ajuntament de Muro<\/title>\n<meta name=\"robots\" content=\"index, follow, max-snippet:-1, max-image-preview:large, max-video-preview:-1\" \/>\n<link rel=\"canonical\" href=\"https:\/\/www.vilademuro.net\/es\/muro-pau-ua\/\" \/>\n<meta property=\"og:locale\" content=\"es_ES\" \/>\n<meta property=\"og:type\" content=\"article\" \/>\n<meta property=\"og:title\" content=\"&quot;Les PAU a casa&quot; | Ajuntament de Muro\" \/>\n<meta property=\"og:description\" content=\"Muro celebra que la PAU contin\u00fae en Alcoi y reconoce la fuerza creativa de la comunidad educativa El Ayuntamiento de Muro ha celebrado la decisi\u00f3n de la Universidad de Alicante [&hellip;]\" \/>\n<meta property=\"og:url\" content=\"https:\/\/www.vilademuro.net\/es\/muro-pau-ua\/\" \/>\n<meta property=\"og:site_name\" content=\"Ajuntament de Muro\" \/>\n<meta property=\"article:publisher\" content=\"https:\/\/www.facebook.com\/murodealcoy\" \/>\n<meta property=\"article:published_time\" content=\"2025-10-22T13:05:45+00:00\" \/>\n<meta property=\"article:modified_time\" content=\"2025-10-22T13:14:25+00:00\" \/>\n<meta property=\"og:image\" content=\"https:\/\/www.vilademuro.net\/wp-content\/uploads\/2025\/10\/timThumb.jpg\" \/>\n\t<meta property=\"og:image:width\" content=\"800\" \/>\n\t<meta property=\"og:image:height\" content=\"779\" \/>\n\t<meta property=\"og:image:type\" content=\"image\/jpeg\" \/>\n<meta name=\"author\" content=\"david perez\" \/>\n<meta name=\"twitter:card\" content=\"summary_large_image\" \/>\n<meta name=\"twitter:creator\" content=\"@AjuntamentMuro\" \/>\n<meta name=\"twitter:site\" content=\"@AjuntamentMuro\" \/>\n<meta name=\"twitter:label1\" content=\"Escrito por\" \/>\n\t<meta name=\"twitter:data1\" content=\"david perez\" \/>\n\t<meta name=\"twitter:label2\" content=\"Tiempo de lectura\" \/>\n\t<meta name=\"twitter:data2\" content=\"4 minutos\" \/>\n<script type=\"application\/ld+json\" class=\"yoast-schema-graph\">{\"@context\":\"https:\/\/schema.org\",\"@graph\":[{\"@type\":\"Article\",\"@id\":\"https:\/\/www.vilademuro.net\/es\/muro-pau-ua\/#article\",\"isPartOf\":{\"@id\":\"https:\/\/www.vilademuro.net\/es\/muro-pau-ua\/\"},\"author\":{\"name\":\"david perez\",\"@id\":\"https:\/\/www.vilademuro.net\/es\/#\/schema\/person\/18d508a6d83aeac8b78142fe72d521b2\"},\"headline\":\"\u00abLes PAU a casa\u00bb\",\"datePublished\":\"2025-10-22T13:05:45+00:00\",\"dateModified\":\"2025-10-22T13:14:25+00:00\",\"mainEntityOfPage\":{\"@id\":\"https:\/\/www.vilademuro.net\/es\/muro-pau-ua\/\"},\"wordCount\":457,\"publisher\":{\"@id\":\"https:\/\/www.vilademuro.net\/es\/#organization\"},\"image\":{\"@id\":\"https:\/\/www.vilademuro.net\/es\/muro-pau-ua\/#primaryimage\"},\"thumbnailUrl\":\"https:\/\/www.vilademuro.net\/wp-content\/uploads\/2025\/10\/timThumb.jpg\",\"articleSection\":[\"Destacat\",\"Educaci\u00f3\",\"Juventud\",\"Noticias\"],\"inLanguage\":\"es\"},{\"@type\":\"WebPage\",\"@id\":\"https:\/\/www.vilademuro.net\/es\/muro-pau-ua\/\",\"url\":\"https:\/\/www.vilademuro.net\/es\/muro-pau-ua\/\",\"name\":\"\\\"Les PAU a casa\\\" | Ajuntament de Muro\",\"isPartOf\":{\"@id\":\"https:\/\/www.vilademuro.net\/es\/#website\"},\"primaryImageOfPage\":{\"@id\":\"https:\/\/www.vilademuro.net\/es\/muro-pau-ua\/#primaryimage\"},\"image\":{\"@id\":\"https:\/\/www.vilademuro.net\/es\/muro-pau-ua\/#primaryimage\"},\"thumbnailUrl\":\"https:\/\/www.vilademuro.net\/wp-content\/uploads\/2025\/10\/timThumb.jpg\",\"datePublished\":\"2025-10-22T13:05:45+00:00\",\"dateModified\":\"2025-10-22T13:14:25+00:00\",\"breadcrumb\":{\"@id\":\"https:\/\/www.vilademuro.net\/es\/muro-pau-ua\/#breadcrumb\"},\"inLanguage\":\"es\",\"potentialAction\":[{\"@type\":\"ReadAction\",\"target\":[\"https:\/\/www.vilademuro.net\/es\/muro-pau-ua\/\"]}]},{\"@type\":\"ImageObject\",\"inLanguage\":\"es\",\"@id\":\"https:\/\/www.vilademuro.net\/es\/muro-pau-ua\/#primaryimage\",\"url\":\"https:\/\/www.vilademuro.net\/wp-content\/uploads\/2025\/10\/timThumb.jpg\",\"contentUrl\":\"https:\/\/www.vilademuro.net\/wp-content\/uploads\/2025\/10\/timThumb.jpg\",\"width\":800,\"height\":779},{\"@type\":\"BreadcrumbList\",\"@id\":\"https:\/\/www.vilademuro.net\/es\/muro-pau-ua\/#breadcrumb\",\"itemListElement\":[{\"@type\":\"ListItem\",\"position\":1,\"name\":\"Inici\",\"item\":\"https:\/\/www.vilademuro.net\/es\/\"},{\"@type\":\"ListItem\",\"position\":2,\"name\":\"&#8220;Les PAU a casa&#8221;\"}]},{\"@type\":\"WebSite\",\"@id\":\"https:\/\/www.vilademuro.net\/es\/#website\",\"url\":\"https:\/\/www.vilademuro.net\/es\/\",\"name\":\"Ajuntament de Muro d'Alcoi\",\"description\":\"P\u00e1gina web oficial de l&#039;Ajuntament de Muro\",\"publisher\":{\"@id\":\"https:\/\/www.vilademuro.net\/es\/#organization\"},\"potentialAction\":[{\"@type\":\"SearchAction\",\"target\":{\"@type\":\"EntryPoint\",\"urlTemplate\":\"https:\/\/www.vilademuro.net\/es\/?s={search_term_string}\"},\"query-input\":{\"@type\":\"PropertyValueSpecification\",\"valueRequired\":true,\"valueName\":\"search_term_string\"}}],\"inLanguage\":\"es\"},{\"@type\":\"Organization\",\"@id\":\"https:\/\/www.vilademuro.net\/es\/#organization\",\"name\":\"Ajuntament de Muro\",\"url\":\"https:\/\/www.vilademuro.net\/es\/\",\"logo\":{\"@type\":\"ImageObject\",\"inLanguage\":\"es\",\"@id\":\"https:\/\/www.vilademuro.net\/es\/#\/schema\/logo\/image\/\",\"url\":\"https:\/\/www.vilademuro.net\/wp-content\/uploads\/2022\/10\/LOGO3-2.jpg\",\"contentUrl\":\"https:\/\/www.vilademuro.net\/wp-content\/uploads\/2022\/10\/LOGO3-2.jpg\",\"width\":756,\"height\":517,\"caption\":\"Ajuntament de Muro\"},\"image\":{\"@id\":\"https:\/\/www.vilademuro.net\/es\/#\/schema\/logo\/image\/\"},\"sameAs\":[\"https:\/\/www.facebook.com\/murodealcoy\",\"https:\/\/x.com\/AjuntamentMuro\",\"https:\/\/www.youtube.com\/channel\/UC2rwbKfRqsd1Ncwm6Y1prQw\"]},{\"@type\":\"Person\",\"@id\":\"https:\/\/www.vilademuro.net\/es\/#\/schema\/person\/18d508a6d83aeac8b78142fe72d521b2\",\"name\":\"david perez\",\"image\":{\"@type\":\"ImageObject\",\"inLanguage\":\"es\",\"@id\":\"https:\/\/www.vilademuro.net\/es\/#\/schema\/person\/image\/\",\"url\":\"https:\/\/secure.gravatar.com\/avatar\/32e29d67ef109fa6f899286cf1743bb75688fd5ba35d80f5c1b6ac2b6bf32256?s=96&d=mm&r=g\",\"contentUrl\":\"https:\/\/secure.gravatar.com\/avatar\/32e29d67ef109fa6f899286cf1743bb75688fd5ba35d80f5c1b6ac2b6bf32256?s=96&d=mm&r=g\",\"caption\":\"david perez\"}}]}<\/script>\n<!-- \/ Yoast SEO plugin. -->","yoast_head_json":{"title":"\"Les PAU a casa\" | Ajuntament de Muro","robots":{"index":"index","follow":"follow","max-snippet":"max-snippet:-1","max-image-preview":"max-image-preview:large","max-video-preview":"max-video-preview:-1"},"canonical":"https:\/\/www.vilademuro.net\/es\/muro-pau-ua\/","og_locale":"es_ES","og_type":"article","og_title":"\"Les PAU a casa\" | Ajuntament de Muro","og_description":"Muro celebra que la PAU contin\u00fae en Alcoi y reconoce la fuerza creativa de la comunidad educativa El Ayuntamiento de Muro ha celebrado la decisi\u00f3n de la Universidad de Alicante [&hellip;]","og_url":"https:\/\/www.vilademuro.net\/es\/muro-pau-ua\/","og_site_name":"Ajuntament de Muro","article_publisher":"https:\/\/www.facebook.com\/murodealcoy","article_published_time":"2025-10-22T13:05:45+00:00","article_modified_time":"2025-10-22T13:14:25+00:00","og_image":[{"width":800,"height":779,"url":"https:\/\/www.vilademuro.net\/wp-content\/uploads\/2025\/10\/timThumb.jpg","type":"image\/jpeg"}],"author":"david perez","twitter_card":"summary_large_image","twitter_creator":"@AjuntamentMuro","twitter_site":"@AjuntamentMuro","twitter_misc":{"Escrito por":"david perez","Tiempo de lectura":"4 minutos"},"schema":{"@context":"https:\/\/schema.org","@graph":[{"@type":"Article","@id":"https:\/\/www.vilademuro.net\/es\/muro-pau-ua\/#article","isPartOf":{"@id":"https:\/\/www.vilademuro.net\/es\/muro-pau-ua\/"},"author":{"name":"david perez","@id":"https:\/\/www.vilademuro.net\/es\/#\/schema\/person\/18d508a6d83aeac8b78142fe72d521b2"},"headline":"\u00abLes PAU a casa\u00bb","datePublished":"2025-10-22T13:05:45+00:00","dateModified":"2025-10-22T13:14:25+00:00","mainEntityOfPage":{"@id":"https:\/\/www.vilademuro.net\/es\/muro-pau-ua\/"},"wordCount":457,"publisher":{"@id":"https:\/\/www.vilademuro.net\/es\/#organization"},"image":{"@id":"https:\/\/www.vilademuro.net\/es\/muro-pau-ua\/#primaryimage"},"thumbnailUrl":"https:\/\/www.vilademuro.net\/wp-content\/uploads\/2025\/10\/timThumb.jpg","articleSection":["Destacat","Educaci\u00f3","Juventud","Noticias"],"inLanguage":"es"},{"@type":"WebPage","@id":"https:\/\/www.vilademuro.net\/es\/muro-pau-ua\/","url":"https:\/\/www.vilademuro.net\/es\/muro-pau-ua\/","name":"\"Les PAU a casa\" | Ajuntament de Muro","isPartOf":{"@id":"https:\/\/www.vilademuro.net\/es\/#website"},"primaryImageOfPage":{"@id":"https:\/\/www.vilademuro.net\/es\/muro-pau-ua\/#primaryimage"},"image":{"@id":"https:\/\/www.vilademuro.net\/es\/muro-pau-ua\/#primaryimage"},"thumbnailUrl":"https:\/\/www.vilademuro.net\/wp-content\/uploads\/2025\/10\/timThumb.jpg","datePublished":"2025-10-22T13:05:45+00:00","dateModified":"2025-10-22T13:14:25+00:00","breadcrumb":{"@id":"https:\/\/www.vilademuro.net\/es\/muro-pau-ua\/#breadcrumb"},"inLanguage":"es","potentialAction":[{"@type":"ReadAction","target":["https:\/\/www.vilademuro.net\/es\/muro-pau-ua\/"]}]},{"@type":"ImageObject","inLanguage":"es","@id":"https:\/\/www.vilademuro.net\/es\/muro-pau-ua\/#primaryimage","url":"https:\/\/www.vilademuro.net\/wp-content\/uploads\/2025\/10\/timThumb.jpg","contentUrl":"https:\/\/www.vilademuro.net\/wp-content\/uploads\/2025\/10\/timThumb.jpg","width":800,"height":779},{"@type":"BreadcrumbList","@id":"https:\/\/www.vilademuro.net\/es\/muro-pau-ua\/#breadcrumb","itemListElement":[{"@type":"ListItem","position":1,"name":"Inici","item":"https:\/\/www.vilademuro.net\/es\/"},{"@type":"ListItem","position":2,"name":"&#8220;Les PAU a casa&#8221;"}]},{"@type":"WebSite","@id":"https:\/\/www.vilademuro.net\/es\/#website","url":"https:\/\/www.vilademuro.net\/es\/","name":"Ajuntament de Muro d'Alcoi","description":"P\u00e1gina web oficial de l&#039;Ajuntament de Muro","publisher":{"@id":"https:\/\/www.vilademuro.net\/es\/#organization"},"potentialAction":[{"@type":"SearchAction","target":{"@type":"EntryPoint","urlTemplate":"https:\/\/www.vilademuro.net\/es\/?s={search_term_string}"},"query-input":{"@type":"PropertyValueSpecification","valueRequired":true,"valueName":"search_term_string"}}],"inLanguage":"es"},{"@type":"Organization","@id":"https:\/\/www.vilademuro.net\/es\/#organization","name":"Ajuntament de Muro","url":"https:\/\/www.vilademuro.net\/es\/","logo":{"@type":"ImageObject","inLanguage":"es","@id":"https:\/\/www.vilademuro.net\/es\/#\/schema\/logo\/image\/","url":"https:\/\/www.vilademuro.net\/wp-content\/uploads\/2022\/10\/LOGO3-2.jpg","contentUrl":"https:\/\/www.vilademuro.net\/wp-content\/uploads\/2022\/10\/LOGO3-2.jpg","width":756,"height":517,"caption":"Ajuntament de Muro"},"image":{"@id":"https:\/\/www.vilademuro.net\/es\/#\/schema\/logo\/image\/"},"sameAs":["https:\/\/www.facebook.com\/murodealcoy","https:\/\/x.com\/AjuntamentMuro","https:\/\/www.youtube.com\/channel\/UC2rwbKfRqsd1Ncwm6Y1prQw"]},{"@type":"Person","@id":"https:\/\/www.vilademuro.net\/es\/#\/schema\/person\/18d508a6d83aeac8b78142fe72d521b2","name":"david perez","image":{"@type":"ImageObject","inLanguage":"es","@id":"https:\/\/www.vilademuro.net\/es\/#\/schema\/person\/image\/","url":"https:\/\/secure.gravatar.com\/avatar\/32e29d67ef109fa6f899286cf1743bb75688fd5ba35d80f5c1b6ac2b6bf32256?s=96&d=mm&r=g","contentUrl":"https:\/\/secure.gravatar.com\/avatar\/32e29d67ef109fa6f899286cf1743bb75688fd5ba35d80f5c1b6ac2b6bf32256?s=96&d=mm&r=g","caption":"david perez"}}]}},"_links":{"self":[{"href":"https:\/\/www.vilademuro.net\/es\/wp-json\/wp\/v2\/posts\/58107","targetHints":{"allow":["GET"]}}],"collection":[{"href":"https:\/\/www.vilademuro.net\/es\/wp-json\/wp\/v2\/posts"}],"about":[{"href":"https:\/\/www.vilademuro.net\/es\/wp-json\/wp\/v2\/types\/post"}],"author":[{"embeddable":true,"href":"https:\/\/www.vilademuro.net\/es\/wp-json\/wp\/v2\/users\/32"}],"replies":[{"embeddable":true,"href":"https:\/\/www.vilademuro.net\/es\/wp-json\/wp\/v2\/comments?post=58107"}],"version-history":[{"count":3,"href":"https:\/\/www.vilademuro.net\/es\/wp-json\/wp\/v2\/posts\/58107\/revisions"}],"predecessor-version":[{"id":58113,"href":"https:\/\/www.vilademuro.net\/es\/wp-json\/wp\/v2\/posts\/58107\/revisions\/58113"}],"wp:featuredmedia":[{"embeddable":true,"href":"https:\/\/www.vilademuro.net\/es\/wp-json\/wp\/v2\/media\/58109"}],"wp:attachment":[{"href":"https:\/\/www.vilademuro.net\/es\/wp-json\/wp\/v2\/media?parent=58107"}],"wp:term":[{"taxonomy":"category","embeddable":true,"href":"https:\/\/www.vilademuro.net\/es\/wp-json\/wp\/v2\/categories?post=58107"},{"taxonomy":"post_tag","embeddable":true,"href":"https:\/\/www.vilademuro.net\/es\/wp-json\/wp\/v2\/tags?post=58107"}],"curies":[{"name":"wp","href":"https:\/\/api.w.org\/{rel}","templated":true}]}}