{"id":58085,"date":"2025-10-22T14:16:07","date_gmt":"2025-10-22T12:16:07","guid":{"rendered":"https:\/\/www.vilademuro.net\/muro-i-lavl-firmen-un-conveni-per-a-enfortir-lus-del-valencia-en-tots-els-ambits-de-la-vida-publica\/"},"modified":"2025-10-22T14:35:07","modified_gmt":"2025-10-22T12:35:07","slug":"muro-i-lavl-firmen-un-conveni-per-a-enfortir-lus-del-valencia-en-tots-els-ambits-de-la-vida-publica","status":"publish","type":"post","link":"https:\/\/www.vilademuro.net\/es\/muro-i-lavl-firmen-un-conveni-per-a-enfortir-lus-del-valencia-en-tots-els-ambits-de-la-vida-publica\/","title":{"rendered":"Muro y la AVL firman un convenio para fortalecer el uso del valenciano en todos los \u00e1mbitos de la vida p\u00fablica"},"content":{"rendered":"<p data-start=\"0\" data-end=\"129\"><strong data-start=\"0\" data-end=\"10\">Lengua<\/strong><\/p>\n<h1 data-start=\"0\" data-end=\"129\"><strong data-start=\"13\" data-end=\"127\">Muro y la AVL firman un convenio para fortalecer el uso del valenciano en todos los \u00e1mbitos de la vida p\u00fablica<\/strong><\/h1>\n<p data-start=\"131\" data-end=\"307\">\u2022 El acuerdo contempla acciones concretas en toponimia, se\u00f1alizaci\u00f3n, formaci\u00f3n, cultura y asesoramiento ling\u00fc\u00edstico de la mano de la Acad\u00e8mia Valenciana de la Llengua (AVL).<\/p>\n<p data-start=\"309\" data-end=\"738\">En un acto cargado de simbolismo y compromiso con la identidad del pueblo, el Ayuntamiento de Muro y la <a href=\"https:\/\/www.avl.gva.es\/\">Acad\u00e8mia Valenciana de la Llengua (AVL)<\/a> han formalizado un convenio de colaboraci\u00f3n para convertir a Muro en uno de los municipios referentes en la promoci\u00f3n del valenciano como lengua de cultura, administraci\u00f3n y convivencia. Una lengua capaz de integrar y crear comunidad, de hacer pueblo.<\/p>\n<p>&nbsp;<\/p>\n<p><img loading=\"lazy\" decoding=\"async\" class=\"alignnone wp-image-58080 size-large\" src=\"https:\/\/www.vilademuro.net\/wp-content\/uploads\/2025\/10\/AVL-Muro1-1024x768.jpg\" alt=\"\" width=\"1024\" height=\"768\" srcset=\"https:\/\/www.vilademuro.net\/wp-content\/uploads\/2025\/10\/AVL-Muro1-980x735.jpg 980w, https:\/\/www.vilademuro.net\/wp-content\/uploads\/2025\/10\/AVL-Muro1-480x360.jpg 480w\" sizes=\"(min-width: 0px) and (max-width: 480px) 480px, (min-width: 481px) and (max-width: 980px) 980px, (min-width: 981px) 1024px, 100vw\" \/><\/p>\n<p data-start=\"740\" data-end=\"1349\">La firma del documento, rubricado por el alcalde Vicent Molina y la presidenta de la AVL, Ver\u00f2nica Cant\u00f3, representa, en palabras del alcalde, \u201cun punto de inflexi\u00f3n en el trabajo constante por nuestra lengua, nuestra cultura y nuestra identidad\u201d. Molina ha destacado que \u201ces un acto m\u00e1s que protocolario, profundamente simb\u00f3lico, porque refuerza el camino hacia la plena normalidad ling\u00fc\u00edstica y cultural de nuestro pueblo\u201d, en definitiva, \u201ccontinuar adelante con aquello que Muro ya hace de manera natural, como hemos visto en la encuesta sobre el uso de la lengua en los centros educativos, por ejemplo\u201d.<\/p>\n<p data-start=\"1351\" data-end=\"1939\">El convenio, que tendr\u00e1 una vigencia inicial de cuatro a\u00f1os, incluye medidas para valencianizar el nombre oficial del municipio, mantener el nomencl\u00e1tor urbano y la se\u00f1alizaci\u00f3n en valenciano, garantizar que al menos el 50 % de la programaci\u00f3n cultural se desarrolle en esta lengua y consolidar la Oficina de Promoci\u00f3n Ling\u00fc\u00edstica. La AVL, por su parte, se compromete a ofrecer asesoramiento ling\u00fc\u00edstico y jur\u00eddico, aportar publicaciones para la Biblioteca de Muro, incorporar los centros educativos del municipio a sus programas divulgativos y colaborar en actos culturales y festivos.<\/p>\n<p><img loading=\"lazy\" decoding=\"async\" class=\"alignnone wp-image-58083 size-large\" src=\"https:\/\/www.vilademuro.net\/wp-content\/uploads\/2025\/10\/IMG_8017-1024x768.jpg\" alt=\"\" width=\"1024\" height=\"768\" srcset=\"https:\/\/www.vilademuro.net\/wp-content\/uploads\/2025\/10\/IMG_8017-980x735.jpg 980w, https:\/\/www.vilademuro.net\/wp-content\/uploads\/2025\/10\/IMG_8017-480x360.jpg 480w\" sizes=\"(min-width: 0px) and (max-width: 480px) 480px, (min-width: 481px) and (max-width: 980px) 980px, (min-width: 981px) 1024px, 100vw\" \/><\/p>\n<p data-start=\"1941\" data-end=\"2632\">La presidenta de la Acad\u00e8mia, Ver\u00f2nica Cant\u00f3, ha subrayado que \u201cvivimos en un para\u00edso natural y tambi\u00e9n ling\u00fc\u00edstico, porque al pie de la Mariola y del Montcabrer hemos sabido mantener viva la lengua que nos identifica como colectivo\u201d. Cant\u00f3 ha puesto en valor \u201cla capacidad de acoger a nuevos vecinos y vecinas sin perder la naturalidad del valenciano\u201d y ha recordado que \u201ctodav\u00eda es necesario continuar valencianizando la administraci\u00f3n, porque el biling\u00fcismo que se practica es el del hegem\u00f3nico, es decir, uno tiene m\u00e1s peso que el otro. Y creo que a\u00fan queda trabajo por hacer en el \u00e1mbito administrativo y, sobre todo, en lo que tiene que ver con la administraci\u00f3n general del Estado\u201d.<\/p>\n<p data-start=\"1941\" data-end=\"2632\"><img loading=\"lazy\" decoding=\"async\" class=\"alignnone wp-image-58092 size-large\" src=\"https:\/\/www.vilademuro.net\/wp-content\/uploads\/2025\/10\/IMG_7806-1-1024x576.jpg\" alt=\"\" width=\"1024\" height=\"576\" srcset=\"https:\/\/www.vilademuro.net\/wp-content\/uploads\/2025\/10\/IMG_7806-1-980x551.jpg 980w, https:\/\/www.vilademuro.net\/wp-content\/uploads\/2025\/10\/IMG_7806-1-480x270.jpg 480w\" sizes=\"(min-width: 0px) and (max-width: 480px) 480px, (min-width: 481px) and (max-width: 980px) 980px, (min-width: 981px) 1024px, 100vw\" \/><\/p>\n<p data-start=\"2634\" data-end=\"2996\">Por su parte, el concejal de Cultura y Normalizaci\u00f3n Ling\u00fc\u00edstica, Fernando Pic\u00f3, ha remarcado que este acuerdo \u201creconoce la trayectoria de d\u00e9cadas de Muro en defensa del valenciano y nos anima a seguir trabajando para que est\u00e9 presente no solo en las calles, sino tambi\u00e9n en las instituciones, en las escuelas y en toda la programaci\u00f3n cultural del municipio\u201d.<\/p>\n<p><img loading=\"lazy\" decoding=\"async\" class=\"alignnone wp-image-58081 size-large\" src=\"https:\/\/www.vilademuro.net\/wp-content\/uploads\/2025\/10\/AVL-Muro2-1024x768.jpg\" alt=\"\" width=\"1024\" height=\"768\" srcset=\"https:\/\/www.vilademuro.net\/wp-content\/uploads\/2025\/10\/AVL-Muro2-980x735.jpg 980w, https:\/\/www.vilademuro.net\/wp-content\/uploads\/2025\/10\/AVL-Muro2-480x360.jpg 480w\" sizes=\"(min-width: 0px) and (max-width: 480px) 480px, (min-width: 481px) and (max-width: 980px) 980px, (min-width: 981px) 1024px, 100vw\" \/><\/p>\n<p data-start=\"2998\" data-end=\"3281\">El acto, celebrado en el Sal\u00f3n de Plenos del Ayuntamiento, concluy\u00f3 con la firma de la presidenta de la AVL en el Libro de Oro y un paseo por los murales literarios del Bat\u00e0, guiados por su autor, Toni Espinar, como muestra viva de una lengua que inspira arte, cultura y comunidad.<\/p>\n<p data-start=\"3283\" data-end=\"3450\" data-is-last-node=\"\" data-is-only-node=\"\">\u201cMuro ha sido, es y ser\u00e1 una tierra de palabra, donde el valenciano no solo se escribe o se habla, sino que se vive cada d\u00eda\u201d, resumi\u00f3 el alcalde al cerrar la jornada.<\/p>\n<h1 data-start=\"3283\" data-end=\"3450\">Conveni amb l&#8217;AVL<\/h1>\n<p data-start=\"3283\" data-end=\"3450\" data-is-last-node=\"\" data-is-only-node=\"\"><a href=\"https:\/\/www.vilademuro.net\/wp-content\/uploads\/2025\/10\/20250912_Resolucio_Decret_DECRETO-2025-1093-Decret-conveni-AVL-1.pdf\">Decret Conveni amb l&#8217;AVL<\/a><\/p>\n<p>&nbsp;<\/p>\n","protected":false},"excerpt":{"rendered":"<p>Lengua Muro y la AVL firman un convenio para fortalecer el uso del valenciano en todos los \u00e1mbitos de la vida p\u00fablica \u2022 El acuerdo contempla acciones concretas en toponimia, [&hellip;]<\/p>\n","protected":false},"author":32,"featured_media":58087,"comment_status":"closed","ping_status":"closed","sticky":false,"template":"","format":"standard","meta":{"_et_pb_use_builder":"","_et_pb_old_content":"","_et_gb_content_width":"","footnotes":""},"categories":[51,49],"tags":[],"class_list":["post-58085","post","type-post","status-publish","format-standard","has-post-thumbnail","hentry","category-destacat-es","category-noticias"],"yoast_head":"<!-- This site is optimized with the Yoast SEO plugin v27.1.1 - https:\/\/yoast.com\/product\/yoast-seo-wordpress\/ -->\n<title>Muro y la AVL firman un convenio para fortalecer el uso del valenciano en todos los \u00e1mbitos de la vida p\u00fablica | Ajuntament de Muro<\/title>\n<meta name=\"robots\" content=\"index, follow, max-snippet:-1, max-image-preview:large, max-video-preview:-1\" \/>\n<link rel=\"canonical\" href=\"https:\/\/www.vilademuro.net\/es\/muro-i-lavl-firmen-un-conveni-per-a-enfortir-lus-del-valencia-en-tots-els-ambits-de-la-vida-publica\/\" \/>\n<meta property=\"og:locale\" content=\"es_ES\" \/>\n<meta property=\"og:type\" content=\"article\" \/>\n<meta property=\"og:title\" content=\"Muro y la AVL firman un convenio para fortalecer el uso del valenciano en todos los \u00e1mbitos de la vida p\u00fablica | Ajuntament de Muro\" \/>\n<meta property=\"og:description\" content=\"Lengua Muro y la AVL firman un convenio para fortalecer el uso del valenciano en todos los \u00e1mbitos de la vida p\u00fablica \u2022 El acuerdo contempla acciones concretas en toponimia, [&hellip;]\" \/>\n<meta property=\"og:url\" content=\"https:\/\/www.vilademuro.net\/es\/muro-i-lavl-firmen-un-conveni-per-a-enfortir-lus-del-valencia-en-tots-els-ambits-de-la-vida-publica\/\" \/>\n<meta property=\"og:site_name\" content=\"Ajuntament de Muro\" \/>\n<meta property=\"article:publisher\" content=\"https:\/\/www.facebook.com\/murodealcoy\" \/>\n<meta property=\"article:published_time\" content=\"2025-10-22T12:16:07+00:00\" \/>\n<meta property=\"article:modified_time\" content=\"2025-10-22T12:35:07+00:00\" \/>\n<meta property=\"og:image\" content=\"https:\/\/www.vilademuro.net\/wp-content\/uploads\/2025\/10\/IMG_7806.jpg\" \/>\n\t<meta property=\"og:image:width\" content=\"1920\" \/>\n\t<meta property=\"og:image:height\" content=\"1080\" \/>\n\t<meta property=\"og:image:type\" content=\"image\/jpeg\" \/>\n<meta name=\"author\" content=\"david perez\" \/>\n<meta name=\"twitter:card\" content=\"summary_large_image\" \/>\n<meta name=\"twitter:creator\" content=\"@AjuntamentMuro\" \/>\n<meta name=\"twitter:site\" content=\"@AjuntamentMuro\" \/>\n<meta name=\"twitter:label1\" content=\"Escrito por\" \/>\n\t<meta name=\"twitter:data1\" content=\"david perez\" \/>\n\t<meta name=\"twitter:label2\" content=\"Tiempo de lectura\" \/>\n\t<meta name=\"twitter:data2\" content=\"5 minutos\" \/>\n<script type=\"application\/ld+json\" class=\"yoast-schema-graph\">{\"@context\":\"https:\/\/schema.org\",\"@graph\":[{\"@type\":\"Article\",\"@id\":\"https:\/\/www.vilademuro.net\/es\/muro-i-lavl-firmen-un-conveni-per-a-enfortir-lus-del-valencia-en-tots-els-ambits-de-la-vida-publica\/#article\",\"isPartOf\":{\"@id\":\"https:\/\/www.vilademuro.net\/es\/muro-i-lavl-firmen-un-conveni-per-a-enfortir-lus-del-valencia-en-tots-els-ambits-de-la-vida-publica\/\"},\"author\":{\"name\":\"david perez\",\"@id\":\"https:\/\/www.vilademuro.net\/es\/#\/schema\/person\/18d508a6d83aeac8b78142fe72d521b2\"},\"headline\":\"Muro y la AVL firman un convenio para fortalecer el uso del valenciano en todos los \u00e1mbitos de la vida p\u00fablica\",\"datePublished\":\"2025-10-22T12:16:07+00:00\",\"dateModified\":\"2025-10-22T12:35:07+00:00\",\"mainEntityOfPage\":{\"@id\":\"https:\/\/www.vilademuro.net\/es\/muro-i-lavl-firmen-un-conveni-per-a-enfortir-lus-del-valencia-en-tots-els-ambits-de-la-vida-publica\/\"},\"wordCount\":627,\"publisher\":{\"@id\":\"https:\/\/www.vilademuro.net\/es\/#organization\"},\"image\":{\"@id\":\"https:\/\/www.vilademuro.net\/es\/muro-i-lavl-firmen-un-conveni-per-a-enfortir-lus-del-valencia-en-tots-els-ambits-de-la-vida-publica\/#primaryimage\"},\"thumbnailUrl\":\"https:\/\/www.vilademuro.net\/wp-content\/uploads\/2025\/10\/IMG_7806.jpg\",\"articleSection\":[\"Destacat\",\"Noticias\"],\"inLanguage\":\"es\"},{\"@type\":\"WebPage\",\"@id\":\"https:\/\/www.vilademuro.net\/es\/muro-i-lavl-firmen-un-conveni-per-a-enfortir-lus-del-valencia-en-tots-els-ambits-de-la-vida-publica\/\",\"url\":\"https:\/\/www.vilademuro.net\/es\/muro-i-lavl-firmen-un-conveni-per-a-enfortir-lus-del-valencia-en-tots-els-ambits-de-la-vida-publica\/\",\"name\":\"Muro y la AVL firman un convenio para fortalecer el uso del valenciano en todos los \u00e1mbitos de la vida p\u00fablica | Ajuntament de Muro\",\"isPartOf\":{\"@id\":\"https:\/\/www.vilademuro.net\/es\/#website\"},\"primaryImageOfPage\":{\"@id\":\"https:\/\/www.vilademuro.net\/es\/muro-i-lavl-firmen-un-conveni-per-a-enfortir-lus-del-valencia-en-tots-els-ambits-de-la-vida-publica\/#primaryimage\"},\"image\":{\"@id\":\"https:\/\/www.vilademuro.net\/es\/muro-i-lavl-firmen-un-conveni-per-a-enfortir-lus-del-valencia-en-tots-els-ambits-de-la-vida-publica\/#primaryimage\"},\"thumbnailUrl\":\"https:\/\/www.vilademuro.net\/wp-content\/uploads\/2025\/10\/IMG_7806.jpg\",\"datePublished\":\"2025-10-22T12:16:07+00:00\",\"dateModified\":\"2025-10-22T12:35:07+00:00\",\"breadcrumb\":{\"@id\":\"https:\/\/www.vilademuro.net\/es\/muro-i-lavl-firmen-un-conveni-per-a-enfortir-lus-del-valencia-en-tots-els-ambits-de-la-vida-publica\/#breadcrumb\"},\"inLanguage\":\"es\",\"potentialAction\":[{\"@type\":\"ReadAction\",\"target\":[\"https:\/\/www.vilademuro.net\/es\/muro-i-lavl-firmen-un-conveni-per-a-enfortir-lus-del-valencia-en-tots-els-ambits-de-la-vida-publica\/\"]}]},{\"@type\":\"ImageObject\",\"inLanguage\":\"es\",\"@id\":\"https:\/\/www.vilademuro.net\/es\/muro-i-lavl-firmen-un-conveni-per-a-enfortir-lus-del-valencia-en-tots-els-ambits-de-la-vida-publica\/#primaryimage\",\"url\":\"https:\/\/www.vilademuro.net\/wp-content\/uploads\/2025\/10\/IMG_7806.jpg\",\"contentUrl\":\"https:\/\/www.vilademuro.net\/wp-content\/uploads\/2025\/10\/IMG_7806.jpg\",\"width\":1920,\"height\":1080},{\"@type\":\"BreadcrumbList\",\"@id\":\"https:\/\/www.vilademuro.net\/es\/muro-i-lavl-firmen-un-conveni-per-a-enfortir-lus-del-valencia-en-tots-els-ambits-de-la-vida-publica\/#breadcrumb\",\"itemListElement\":[{\"@type\":\"ListItem\",\"position\":1,\"name\":\"Inici\",\"item\":\"https:\/\/www.vilademuro.net\/es\/\"},{\"@type\":\"ListItem\",\"position\":2,\"name\":\"Muro y la AVL firman un convenio para fortalecer el uso del valenciano en todos los \u00e1mbitos de la vida p\u00fablica\"}]},{\"@type\":\"WebSite\",\"@id\":\"https:\/\/www.vilademuro.net\/es\/#website\",\"url\":\"https:\/\/www.vilademuro.net\/es\/\",\"name\":\"Ajuntament de Muro d'Alcoi\",\"description\":\"P\u00e1gina web oficial de l&#039;Ajuntament de Muro\",\"publisher\":{\"@id\":\"https:\/\/www.vilademuro.net\/es\/#organization\"},\"potentialAction\":[{\"@type\":\"SearchAction\",\"target\":{\"@type\":\"EntryPoint\",\"urlTemplate\":\"https:\/\/www.vilademuro.net\/es\/?s={search_term_string}\"},\"query-input\":{\"@type\":\"PropertyValueSpecification\",\"valueRequired\":true,\"valueName\":\"search_term_string\"}}],\"inLanguage\":\"es\"},{\"@type\":\"Organization\",\"@id\":\"https:\/\/www.vilademuro.net\/es\/#organization\",\"name\":\"Ajuntament de Muro\",\"url\":\"https:\/\/www.vilademuro.net\/es\/\",\"logo\":{\"@type\":\"ImageObject\",\"inLanguage\":\"es\",\"@id\":\"https:\/\/www.vilademuro.net\/es\/#\/schema\/logo\/image\/\",\"url\":\"https:\/\/www.vilademuro.net\/wp-content\/uploads\/2022\/10\/LOGO3-2.jpg\",\"contentUrl\":\"https:\/\/www.vilademuro.net\/wp-content\/uploads\/2022\/10\/LOGO3-2.jpg\",\"width\":756,\"height\":517,\"caption\":\"Ajuntament de Muro\"},\"image\":{\"@id\":\"https:\/\/www.vilademuro.net\/es\/#\/schema\/logo\/image\/\"},\"sameAs\":[\"https:\/\/www.facebook.com\/murodealcoy\",\"https:\/\/x.com\/AjuntamentMuro\",\"https:\/\/www.youtube.com\/channel\/UC2rwbKfRqsd1Ncwm6Y1prQw\"]},{\"@type\":\"Person\",\"@id\":\"https:\/\/www.vilademuro.net\/es\/#\/schema\/person\/18d508a6d83aeac8b78142fe72d521b2\",\"name\":\"david perez\",\"image\":{\"@type\":\"ImageObject\",\"inLanguage\":\"es\",\"@id\":\"https:\/\/www.vilademuro.net\/es\/#\/schema\/person\/image\/\",\"url\":\"https:\/\/secure.gravatar.com\/avatar\/32e29d67ef109fa6f899286cf1743bb75688fd5ba35d80f5c1b6ac2b6bf32256?s=96&d=mm&r=g\",\"contentUrl\":\"https:\/\/secure.gravatar.com\/avatar\/32e29d67ef109fa6f899286cf1743bb75688fd5ba35d80f5c1b6ac2b6bf32256?s=96&d=mm&r=g\",\"caption\":\"david perez\"}}]}<\/script>\n<!-- \/ Yoast SEO plugin. -->","yoast_head_json":{"title":"Muro y la AVL firman un convenio para fortalecer el uso del valenciano en todos los \u00e1mbitos de la vida p\u00fablica | Ajuntament de Muro","robots":{"index":"index","follow":"follow","max-snippet":"max-snippet:-1","max-image-preview":"max-image-preview:large","max-video-preview":"max-video-preview:-1"},"canonical":"https:\/\/www.vilademuro.net\/es\/muro-i-lavl-firmen-un-conveni-per-a-enfortir-lus-del-valencia-en-tots-els-ambits-de-la-vida-publica\/","og_locale":"es_ES","og_type":"article","og_title":"Muro y la AVL firman un convenio para fortalecer el uso del valenciano en todos los \u00e1mbitos de la vida p\u00fablica | Ajuntament de Muro","og_description":"Lengua Muro y la AVL firman un convenio para fortalecer el uso del valenciano en todos los \u00e1mbitos de la vida p\u00fablica \u2022 El acuerdo contempla acciones concretas en toponimia, [&hellip;]","og_url":"https:\/\/www.vilademuro.net\/es\/muro-i-lavl-firmen-un-conveni-per-a-enfortir-lus-del-valencia-en-tots-els-ambits-de-la-vida-publica\/","og_site_name":"Ajuntament de Muro","article_publisher":"https:\/\/www.facebook.com\/murodealcoy","article_published_time":"2025-10-22T12:16:07+00:00","article_modified_time":"2025-10-22T12:35:07+00:00","og_image":[{"width":1920,"height":1080,"url":"https:\/\/www.vilademuro.net\/wp-content\/uploads\/2025\/10\/IMG_7806.jpg","type":"image\/jpeg"}],"author":"david perez","twitter_card":"summary_large_image","twitter_creator":"@AjuntamentMuro","twitter_site":"@AjuntamentMuro","twitter_misc":{"Escrito por":"david perez","Tiempo de lectura":"5 minutos"},"schema":{"@context":"https:\/\/schema.org","@graph":[{"@type":"Article","@id":"https:\/\/www.vilademuro.net\/es\/muro-i-lavl-firmen-un-conveni-per-a-enfortir-lus-del-valencia-en-tots-els-ambits-de-la-vida-publica\/#article","isPartOf":{"@id":"https:\/\/www.vilademuro.net\/es\/muro-i-lavl-firmen-un-conveni-per-a-enfortir-lus-del-valencia-en-tots-els-ambits-de-la-vida-publica\/"},"author":{"name":"david perez","@id":"https:\/\/www.vilademuro.net\/es\/#\/schema\/person\/18d508a6d83aeac8b78142fe72d521b2"},"headline":"Muro y la AVL firman un convenio para fortalecer el uso del valenciano en todos los \u00e1mbitos de la vida p\u00fablica","datePublished":"2025-10-22T12:16:07+00:00","dateModified":"2025-10-22T12:35:07+00:00","mainEntityOfPage":{"@id":"https:\/\/www.vilademuro.net\/es\/muro-i-lavl-firmen-un-conveni-per-a-enfortir-lus-del-valencia-en-tots-els-ambits-de-la-vida-publica\/"},"wordCount":627,"publisher":{"@id":"https:\/\/www.vilademuro.net\/es\/#organization"},"image":{"@id":"https:\/\/www.vilademuro.net\/es\/muro-i-lavl-firmen-un-conveni-per-a-enfortir-lus-del-valencia-en-tots-els-ambits-de-la-vida-publica\/#primaryimage"},"thumbnailUrl":"https:\/\/www.vilademuro.net\/wp-content\/uploads\/2025\/10\/IMG_7806.jpg","articleSection":["Destacat","Noticias"],"inLanguage":"es"},{"@type":"WebPage","@id":"https:\/\/www.vilademuro.net\/es\/muro-i-lavl-firmen-un-conveni-per-a-enfortir-lus-del-valencia-en-tots-els-ambits-de-la-vida-publica\/","url":"https:\/\/www.vilademuro.net\/es\/muro-i-lavl-firmen-un-conveni-per-a-enfortir-lus-del-valencia-en-tots-els-ambits-de-la-vida-publica\/","name":"Muro y la AVL firman un convenio para fortalecer el uso del valenciano en todos los \u00e1mbitos de la vida p\u00fablica | Ajuntament de Muro","isPartOf":{"@id":"https:\/\/www.vilademuro.net\/es\/#website"},"primaryImageOfPage":{"@id":"https:\/\/www.vilademuro.net\/es\/muro-i-lavl-firmen-un-conveni-per-a-enfortir-lus-del-valencia-en-tots-els-ambits-de-la-vida-publica\/#primaryimage"},"image":{"@id":"https:\/\/www.vilademuro.net\/es\/muro-i-lavl-firmen-un-conveni-per-a-enfortir-lus-del-valencia-en-tots-els-ambits-de-la-vida-publica\/#primaryimage"},"thumbnailUrl":"https:\/\/www.vilademuro.net\/wp-content\/uploads\/2025\/10\/IMG_7806.jpg","datePublished":"2025-10-22T12:16:07+00:00","dateModified":"2025-10-22T12:35:07+00:00","breadcrumb":{"@id":"https:\/\/www.vilademuro.net\/es\/muro-i-lavl-firmen-un-conveni-per-a-enfortir-lus-del-valencia-en-tots-els-ambits-de-la-vida-publica\/#breadcrumb"},"inLanguage":"es","potentialAction":[{"@type":"ReadAction","target":["https:\/\/www.vilademuro.net\/es\/muro-i-lavl-firmen-un-conveni-per-a-enfortir-lus-del-valencia-en-tots-els-ambits-de-la-vida-publica\/"]}]},{"@type":"ImageObject","inLanguage":"es","@id":"https:\/\/www.vilademuro.net\/es\/muro-i-lavl-firmen-un-conveni-per-a-enfortir-lus-del-valencia-en-tots-els-ambits-de-la-vida-publica\/#primaryimage","url":"https:\/\/www.vilademuro.net\/wp-content\/uploads\/2025\/10\/IMG_7806.jpg","contentUrl":"https:\/\/www.vilademuro.net\/wp-content\/uploads\/2025\/10\/IMG_7806.jpg","width":1920,"height":1080},{"@type":"BreadcrumbList","@id":"https:\/\/www.vilademuro.net\/es\/muro-i-lavl-firmen-un-conveni-per-a-enfortir-lus-del-valencia-en-tots-els-ambits-de-la-vida-publica\/#breadcrumb","itemListElement":[{"@type":"ListItem","position":1,"name":"Inici","item":"https:\/\/www.vilademuro.net\/es\/"},{"@type":"ListItem","position":2,"name":"Muro y la AVL firman un convenio para fortalecer el uso del valenciano en todos los \u00e1mbitos de la vida p\u00fablica"}]},{"@type":"WebSite","@id":"https:\/\/www.vilademuro.net\/es\/#website","url":"https:\/\/www.vilademuro.net\/es\/","name":"Ajuntament de Muro d'Alcoi","description":"P\u00e1gina web oficial de l&#039;Ajuntament de Muro","publisher":{"@id":"https:\/\/www.vilademuro.net\/es\/#organization"},"potentialAction":[{"@type":"SearchAction","target":{"@type":"EntryPoint","urlTemplate":"https:\/\/www.vilademuro.net\/es\/?s={search_term_string}"},"query-input":{"@type":"PropertyValueSpecification","valueRequired":true,"valueName":"search_term_string"}}],"inLanguage":"es"},{"@type":"Organization","@id":"https:\/\/www.vilademuro.net\/es\/#organization","name":"Ajuntament de Muro","url":"https:\/\/www.vilademuro.net\/es\/","logo":{"@type":"ImageObject","inLanguage":"es","@id":"https:\/\/www.vilademuro.net\/es\/#\/schema\/logo\/image\/","url":"https:\/\/www.vilademuro.net\/wp-content\/uploads\/2022\/10\/LOGO3-2.jpg","contentUrl":"https:\/\/www.vilademuro.net\/wp-content\/uploads\/2022\/10\/LOGO3-2.jpg","width":756,"height":517,"caption":"Ajuntament de Muro"},"image":{"@id":"https:\/\/www.vilademuro.net\/es\/#\/schema\/logo\/image\/"},"sameAs":["https:\/\/www.facebook.com\/murodealcoy","https:\/\/x.com\/AjuntamentMuro","https:\/\/www.youtube.com\/channel\/UC2rwbKfRqsd1Ncwm6Y1prQw"]},{"@type":"Person","@id":"https:\/\/www.vilademuro.net\/es\/#\/schema\/person\/18d508a6d83aeac8b78142fe72d521b2","name":"david perez","image":{"@type":"ImageObject","inLanguage":"es","@id":"https:\/\/www.vilademuro.net\/es\/#\/schema\/person\/image\/","url":"https:\/\/secure.gravatar.com\/avatar\/32e29d67ef109fa6f899286cf1743bb75688fd5ba35d80f5c1b6ac2b6bf32256?s=96&d=mm&r=g","contentUrl":"https:\/\/secure.gravatar.com\/avatar\/32e29d67ef109fa6f899286cf1743bb75688fd5ba35d80f5c1b6ac2b6bf32256?s=96&d=mm&r=g","caption":"david perez"}}]}},"_links":{"self":[{"href":"https:\/\/www.vilademuro.net\/es\/wp-json\/wp\/v2\/posts\/58085","targetHints":{"allow":["GET"]}}],"collection":[{"href":"https:\/\/www.vilademuro.net\/es\/wp-json\/wp\/v2\/posts"}],"about":[{"href":"https:\/\/www.vilademuro.net\/es\/wp-json\/wp\/v2\/types\/post"}],"author":[{"embeddable":true,"href":"https:\/\/www.vilademuro.net\/es\/wp-json\/wp\/v2\/users\/32"}],"replies":[{"embeddable":true,"href":"https:\/\/www.vilademuro.net\/es\/wp-json\/wp\/v2\/comments?post=58085"}],"version-history":[{"count":4,"href":"https:\/\/www.vilademuro.net\/es\/wp-json\/wp\/v2\/posts\/58085\/revisions"}],"predecessor-version":[{"id":58100,"href":"https:\/\/www.vilademuro.net\/es\/wp-json\/wp\/v2\/posts\/58085\/revisions\/58100"}],"wp:featuredmedia":[{"embeddable":true,"href":"https:\/\/www.vilademuro.net\/es\/wp-json\/wp\/v2\/media\/58087"}],"wp:attachment":[{"href":"https:\/\/www.vilademuro.net\/es\/wp-json\/wp\/v2\/media?parent=58085"}],"wp:term":[{"taxonomy":"category","embeddable":true,"href":"https:\/\/www.vilademuro.net\/es\/wp-json\/wp\/v2\/categories?post=58085"},{"taxonomy":"post_tag","embeddable":true,"href":"https:\/\/www.vilademuro.net\/es\/wp-json\/wp\/v2\/tags?post=58085"}],"curies":[{"name":"wp","href":"https:\/\/api.w.org\/{rel}","templated":true}]}}