{"id":58011,"date":"2025-10-21T12:29:29","date_gmt":"2025-10-21T10:29:29","guid":{"rendered":"https:\/\/www.vilademuro.net\/turisme-patrimoni-la-xx-fira-comercial-i-gastronomica-de-muro-consolida-el-municipi-com-a-referent-en-gastronomia-patrimoni-i-cultura\/"},"modified":"2025-10-21T12:32:52","modified_gmt":"2025-10-21T10:32:52","slug":"turisme-patrimoni-la-xx-fira-comercial-i-gastronomica-de-muro-consolida-el-municipi-com-a-referent-en-gastronomia-patrimoni-i-cultura","status":"publish","type":"post","link":"https:\/\/www.vilademuro.net\/es\/turisme-patrimoni-la-xx-fira-comercial-i-gastronomica-de-muro-consolida-el-municipi-com-a-referent-en-gastronomia-patrimoni-i-cultura\/","title":{"rendered":"La XX Fira Comercial i Gastron\u00f2mica de Muro consolida el municipi com a referent en gastronomia, patrimoni i cultura"},"content":{"rendered":"<p data-start=\"0\" data-end=\"152\"><strong data-start=\"0\" data-end=\"24\">Turismo \/ Patrimonio<\/strong><br data-start=\"24\" data-end=\"27\" \/><strong data-start=\"27\" data-end=\"150\">La XX Feria Comercial y Gastron\u00f3mica de Muro consolida al municipio como referente en gastronom\u00eda, patrimonio y cultura<\/strong><\/p>\n<p data-start=\"154\" data-end=\"402\">\u2022 Durante el fin de semana del 17 al 19 de octubre, Muro ha vivido tres d\u00edas de intensa actividad con productos de proximidad, m\u00fasica, visitas guiadas y el 28\u00ba Encuentro de Campaneros Valencianos, el primero celebrado en las comarcas de Alicante.<\/p>\n<p data-start=\"404\" data-end=\"851\"><em data-start=\"404\" data-end=\"435\">(Muro, 20 de octubre de 2025)<\/em> \u2013 La <strong data-start=\"441\" data-end=\"486\">XX Feria Comercial y Gastron\u00f3mica de Muro<\/strong> ha cerrado sus puertas con un balance muy positivo tanto por parte del p\u00fablico como de los expositores. Cientos de personas han llenado la <strong data-start=\"626\" data-end=\"646\">Plaza del Matzem<\/strong>, han visitado su patrimonio y disfrutado de las actividades culturales durante todo el fin de semana, confirmando una vez m\u00e1s que esta es una de las citas m\u00e1s arraigadas y queridas del calendario local.<\/p>\n<p data-start=\"853\" data-end=\"1134\">La feria ha combinado <strong data-start=\"875\" data-end=\"908\">gastronom\u00eda de kil\u00f3metro cero<\/strong>, m\u00fasica en directo, talleres infantiles, actividades culturales y visitas guiadas, adem\u00e1s de coincidir con el <strong data-start=\"1019\" data-end=\"1062\">28\u00ba Encuentro de Campaneros Valencianos<\/strong>, que ha aportado un componente patrimonial y simb\u00f3lico de gran valor.<\/p>\n<p data-start=\"1136\" data-end=\"1571\">La concejala de Turismo, <strong data-start=\"1161\" data-end=\"1180\">Carolina Iv\u00e0\u00f1ez<\/strong>, ha asegurado que \u201ceste a\u00f1o podemos afirmar que la Feria ha sido, una vez m\u00e1s, un \u00e9xito tanto de p\u00fablico como de resultados para los expositores. Estamos muy contentas por la acogida que han tenido todas las actividades, tanto las musicales como las gastron\u00f3micas, y por la participaci\u00f3n en las visitas guiadas y en el Encuentro de Campaneros, que ha coincidido este mismo fin de semana\u201d.<\/p>\n<p data-start=\"1573\" data-end=\"2003\">Iv\u00e0\u00f1ez ha destacado que la feria \u201cha sido un fin de semana muy intenso y participativo, con una afluencia constante de visitantes a lo largo de los tres d\u00edas\u201d, y ha agradecido \u201ca todas las personas que han visitado Muro y han contribuido a reforzar el valor de nuestro comercio y de nuestra oferta gastron\u00f3mica\u201d. Seg\u00fan ha anunciado, \u201cdesde el Departamento de Turismo ya se est\u00e1n preparando nuevas ideas para la pr\u00f3xima edici\u00f3n\u201d.<\/p>\n<p data-start=\"2005\" data-end=\"2596\">El alcalde de Muro, <strong data-start=\"2025\" data-end=\"2042\">Vicent Molina<\/strong>, ha resaltado el papel que juega esta feria como motor de dinamizaci\u00f3n econ\u00f3mica y promoci\u00f3n local: \u201ceste fin de semana Muro ha sido, de alguna manera, la capital de la gastronom\u00eda. Hemos tenido una gran afluencia de visitantes que han participado activamente en todas las actividades y han podido conocer y disfrutar de los productos ofrecidos por nuestros expositores. Los propios productores nos han trasladado que las ventas y la asistencia de p\u00fablico han superado las expectativas, y que esta edici\u00f3n ha mejorado los resultados del a\u00f1o anterior\u201d.<\/p>\n<p><img loading=\"lazy\" decoding=\"async\" class=\"alignnone size-medium wp-image-58004\" src=\"https:\/\/www.vilademuro.net\/wp-content\/uploads\/2025\/10\/Fira-Gastro-Muro-255-300x225.jpg\" alt=\"\" width=\"300\" height=\"225\" \/> <img loading=\"lazy\" decoding=\"async\" class=\"alignnone size-medium wp-image-58005\" src=\"https:\/\/www.vilademuro.net\/wp-content\/uploads\/2025\/10\/Fira-Gastro-Muro-253-300x225.jpg\" alt=\"\" width=\"300\" height=\"225\" \/> <img loading=\"lazy\" decoding=\"async\" class=\"alignnone size-medium wp-image-58006\" src=\"https:\/\/www.vilademuro.net\/wp-content\/uploads\/2025\/10\/Fira-Gastro-Muro-252-300x225.jpg\" alt=\"\" width=\"300\" height=\"225\" \/><img loading=\"lazy\" decoding=\"async\" class=\"alignnone size-medium wp-image-58007\" src=\"https:\/\/www.vilademuro.net\/wp-content\/uploads\/2025\/10\/Fira-Gastro-Muro-254-300x225.jpg\" alt=\"\" width=\"300\" height=\"225\" \/><\/p>\n<p data-start=\"2598\" data-end=\"2884\">Molina ha aprovechado para agradecer la labor de todas las personas implicadas en la organizaci\u00f3n: \u201ctodo el equipo de gobierno, el personal de Turismo, la Polic\u00eda Local, los servicios municipales y el voluntariado han hecho posible que la feria se desarrollara con \u00e9xito y seguridad\u201d.<\/p>\n<h3 data-start=\"2886\" data-end=\"2932\">Promoci\u00f3n econ\u00f3mica y formaci\u00f3n aplicada<\/h3>\n<p data-start=\"2934\" data-end=\"3525\">El concejal de Promoci\u00f3n Econ\u00f3mica, <strong data-start=\"2970\" data-end=\"2986\">Sa\u00fcl Serrano<\/strong>, ha subrayado el valor de la feria como herramienta para fortalecer el tejido local y poner en pr\u00e1ctica la formaci\u00f3n profesional del municipio: \u201cactividades como esta son una oportunidad para fomentar el consumo local y de kil\u00f3metro cero, un consumo que multiplica varias veces cada euro gastado y ayuda a mantener el comercio y los servicios en el pueblo. Adem\u00e1s, permite a las y los participantes de los talleres de Empleo aplicar lo que aprenden en un contexto real y reforzar su formaci\u00f3n de cara a futuras oportunidades laborales\u201d.<\/p>\n<h3 data-start=\"3527\" data-end=\"3596\">El patrimonio campanero, protagonista de un fin de semana \u00fanico<\/h3>\n<p><img loading=\"lazy\" decoding=\"async\" class=\"alignnone wp-image-58008 size-large\" src=\"https:\/\/www.vilademuro.net\/wp-content\/uploads\/2025\/10\/Fira-Gastro-Muro-251-1024x472.jpg\" alt=\"\" width=\"1024\" height=\"472\" srcset=\"https:\/\/www.vilademuro.net\/wp-content\/uploads\/2025\/10\/Fira-Gastro-Muro-251-980x452.jpg 980w, https:\/\/www.vilademuro.net\/wp-content\/uploads\/2025\/10\/Fira-Gastro-Muro-251-480x221.jpg 480w\" sizes=\"(min-width: 0px) and (max-width: 480px) 480px, (min-width: 481px) and (max-width: 980px) 980px, (min-width: 981px) 1024px, 100vw\" \/><\/p>\n<p data-start=\"3598\" data-end=\"3949\">En paralelo, el municipio ha acogido el <strong data-start=\"3638\" data-end=\"3681\">28\u00ba Encuentro de Campaneros Valencianos<\/strong>, el primero celebrado en las comarcas de Alicante. La actividad, organizada por la <strong data-start=\"3765\" data-end=\"3798\">Colla de Campaners del Comtat<\/strong>, ha reunido representantes de todo el territorio e incluido conferencias, proyecciones, una exposici\u00f3n y una muestra de toques manuales de campanas.<\/p>\n<p data-start=\"3951\" data-end=\"4146\">El concejal de Patrimonio, <strong data-start=\"3978\" data-end=\"3997\">Sergi Silvestre<\/strong>, ha calificado el fin de semana como \u201cvibrante y lleno de vida, en el que Muro ha puesto en valor su patrimonio, su memoria y su cultura popular\u201d.<\/p>\n<p data-start=\"4148\" data-end=\"4562\">Seg\u00fan Silvestre, \u201cla labor de los campaneros es admirable; mantienen vivo un lenguaje ancestral que forma parte de nuestra identidad. El silencio de un campanario es el silencio de un pueblo, y mientras las campanas suenan, hay vida\u201d. Tambi\u00e9n ha felicitado a la Colla de Campaners del Comtat \u201cpor la gran calidad de la exposici\u00f3n y su aportaci\u00f3n a la difusi\u00f3n del patrimonio inmaterial reconocido por la UNESCO\u201d.<\/p>\n<p><img loading=\"lazy\" decoding=\"async\" class=\"alignnone wp-image-58003 size-large\" src=\"https:\/\/www.vilademuro.net\/wp-content\/uploads\/2025\/10\/Fira-Gastro-Muro-2514-1024x768.jpg\" alt=\"\" width=\"1024\" height=\"768\" srcset=\"https:\/\/www.vilademuro.net\/wp-content\/uploads\/2025\/10\/Fira-Gastro-Muro-2514-980x735.jpg 980w, https:\/\/www.vilademuro.net\/wp-content\/uploads\/2025\/10\/Fira-Gastro-Muro-2514-480x360.jpg 480w\" sizes=\"(min-width: 0px) and (max-width: 480px) 480px, (min-width: 481px) and (max-width: 980px) 980px, (min-width: 981px) 1024px, 100vw\" \/><\/p>\n<h3 data-start=\"4564\" data-end=\"4599\">Un balance que mira al futuro<\/h3>\n<p data-start=\"4601\" data-end=\"4815\">Tras tres d\u00edas de intensa actividad, la <strong data-start=\"4641\" data-end=\"4686\">XX Feria Comercial y Gastron\u00f3mica de Muro<\/strong> consolida al municipio como un referente comarcal del <strong data-start=\"4741\" data-end=\"4812\">turismo de proximidad, la cultura participativa y el producto local<\/strong>.<\/p>\n<p data-start=\"4817\" data-end=\"5079\" data-is-last-node=\"\" data-is-only-node=\"\">El <strong data-start=\"4820\" data-end=\"4844\">Ayuntamiento de Muro<\/strong> ya trabaja en la pr\u00f3xima edici\u00f3n con el objetivo de seguir creciendo en <strong data-start=\"4917\" data-end=\"4965\">calidad, innovaci\u00f3n y dinamizaci\u00f3n econ\u00f3mica<\/strong>, reforzando as\u00ed su apuesta por un modelo de desarrollo basado en la <strong data-start=\"5034\" data-end=\"5078\">sostenibilidad y el valor del territorio<\/strong>.<\/p>\n<p>&nbsp;<\/p>\n","protected":false},"excerpt":{"rendered":"<p>Turismo \/ PatrimonioLa XX Feria Comercial y Gastron\u00f3mica de Muro consolida al municipio como referente en gastronom\u00eda, patrimonio y cultura \u2022 Durante el fin de semana del 17 al 19 [&hellip;]<\/p>\n","protected":false},"author":32,"featured_media":58012,"comment_status":"closed","ping_status":"closed","sticky":false,"template":"","format":"standard","meta":{"_et_pb_use_builder":"","_et_pb_old_content":"","_et_gb_content_width":"","footnotes":""},"categories":[51,49,52,78],"tags":[],"class_list":["post-58011","post","type-post","status-publish","format-standard","has-post-thumbnail","hentry","category-destacat-es","category-noticias","category-turisme-es","category-turismo"],"yoast_head":"<!-- This site is optimized with the Yoast SEO plugin v27.1.1 - https:\/\/yoast.com\/product\/yoast-seo-wordpress\/ -->\n<title>La XX Fira Comercial i Gastron\u00f2mica de Muro consolida el municipi com a referent en gastronomia, patrimoni i cultura | Ajuntament de Muro<\/title>\n<meta name=\"robots\" content=\"index, follow, max-snippet:-1, max-image-preview:large, max-video-preview:-1\" \/>\n<link rel=\"canonical\" href=\"https:\/\/www.vilademuro.net\/es\/turisme-patrimoni-la-xx-fira-comercial-i-gastronomica-de-muro-consolida-el-municipi-com-a-referent-en-gastronomia-patrimoni-i-cultura\/\" \/>\n<meta property=\"og:locale\" content=\"es_ES\" \/>\n<meta property=\"og:type\" content=\"article\" \/>\n<meta property=\"og:title\" content=\"La XX Fira Comercial i Gastron\u00f2mica de Muro consolida el municipi com a referent en gastronomia, patrimoni i cultura | Ajuntament de Muro\" \/>\n<meta property=\"og:description\" content=\"Turismo \/ PatrimonioLa XX Feria Comercial y Gastron\u00f3mica de Muro consolida al municipio como referente en gastronom\u00eda, patrimonio y cultura \u2022 Durante el fin de semana del 17 al 19 [&hellip;]\" \/>\n<meta property=\"og:url\" content=\"https:\/\/www.vilademuro.net\/es\/turisme-patrimoni-la-xx-fira-comercial-i-gastronomica-de-muro-consolida-el-municipi-com-a-referent-en-gastronomia-patrimoni-i-cultura\/\" \/>\n<meta property=\"og:site_name\" content=\"Ajuntament de Muro\" \/>\n<meta property=\"article:publisher\" content=\"https:\/\/www.facebook.com\/murodealcoy\" \/>\n<meta property=\"article:published_time\" content=\"2025-10-21T10:29:29+00:00\" \/>\n<meta property=\"article:modified_time\" content=\"2025-10-21T10:32:52+00:00\" \/>\n<meta property=\"og:image\" content=\"https:\/\/www.vilademuro.net\/wp-content\/uploads\/2025\/10\/Fira-Gastro-Muro-257.jpg\" \/>\n\t<meta property=\"og:image:width\" content=\"1920\" \/>\n\t<meta property=\"og:image:height\" content=\"1440\" \/>\n\t<meta property=\"og:image:type\" content=\"image\/jpeg\" \/>\n<meta name=\"author\" content=\"david perez\" \/>\n<meta name=\"twitter:card\" content=\"summary_large_image\" \/>\n<meta name=\"twitter:creator\" content=\"@AjuntamentMuro\" \/>\n<meta name=\"twitter:site\" content=\"@AjuntamentMuro\" \/>\n<meta name=\"twitter:label1\" content=\"Escrito por\" \/>\n\t<meta name=\"twitter:data1\" content=\"david perez\" \/>\n\t<meta name=\"twitter:label2\" content=\"Tiempo de lectura\" \/>\n\t<meta name=\"twitter:data2\" content=\"6 minutos\" \/>\n<script type=\"application\/ld+json\" class=\"yoast-schema-graph\">{\"@context\":\"https:\/\/schema.org\",\"@graph\":[{\"@type\":\"Article\",\"@id\":\"https:\/\/www.vilademuro.net\/es\/turisme-patrimoni-la-xx-fira-comercial-i-gastronomica-de-muro-consolida-el-municipi-com-a-referent-en-gastronomia-patrimoni-i-cultura\/#article\",\"isPartOf\":{\"@id\":\"https:\/\/www.vilademuro.net\/es\/turisme-patrimoni-la-xx-fira-comercial-i-gastronomica-de-muro-consolida-el-municipi-com-a-referent-en-gastronomia-patrimoni-i-cultura\/\"},\"author\":{\"name\":\"david perez\",\"@id\":\"https:\/\/www.vilademuro.net\/es\/#\/schema\/person\/18d508a6d83aeac8b78142fe72d521b2\"},\"headline\":\"La XX Fira Comercial i Gastron\u00f2mica de Muro consolida el municipi com a referent en gastronomia, patrimoni i cultura\",\"datePublished\":\"2025-10-21T10:29:29+00:00\",\"dateModified\":\"2025-10-21T10:32:52+00:00\",\"mainEntityOfPage\":{\"@id\":\"https:\/\/www.vilademuro.net\/es\/turisme-patrimoni-la-xx-fira-comercial-i-gastronomica-de-muro-consolida-el-municipi-com-a-referent-en-gastronomia-patrimoni-i-cultura\/\"},\"wordCount\":874,\"publisher\":{\"@id\":\"https:\/\/www.vilademuro.net\/es\/#organization\"},\"image\":{\"@id\":\"https:\/\/www.vilademuro.net\/es\/turisme-patrimoni-la-xx-fira-comercial-i-gastronomica-de-muro-consolida-el-municipi-com-a-referent-en-gastronomia-patrimoni-i-cultura\/#primaryimage\"},\"thumbnailUrl\":\"https:\/\/www.vilademuro.net\/wp-content\/uploads\/2025\/10\/Fira-Gastro-Muro-257.jpg\",\"articleSection\":[\"Destacat\",\"Noticias\",\"Turismo\",\"Turismo\"],\"inLanguage\":\"es\"},{\"@type\":\"WebPage\",\"@id\":\"https:\/\/www.vilademuro.net\/es\/turisme-patrimoni-la-xx-fira-comercial-i-gastronomica-de-muro-consolida-el-municipi-com-a-referent-en-gastronomia-patrimoni-i-cultura\/\",\"url\":\"https:\/\/www.vilademuro.net\/es\/turisme-patrimoni-la-xx-fira-comercial-i-gastronomica-de-muro-consolida-el-municipi-com-a-referent-en-gastronomia-patrimoni-i-cultura\/\",\"name\":\"La XX Fira Comercial i Gastron\u00f2mica de Muro consolida el municipi com a referent en gastronomia, patrimoni i cultura | Ajuntament de Muro\",\"isPartOf\":{\"@id\":\"https:\/\/www.vilademuro.net\/es\/#website\"},\"primaryImageOfPage\":{\"@id\":\"https:\/\/www.vilademuro.net\/es\/turisme-patrimoni-la-xx-fira-comercial-i-gastronomica-de-muro-consolida-el-municipi-com-a-referent-en-gastronomia-patrimoni-i-cultura\/#primaryimage\"},\"image\":{\"@id\":\"https:\/\/www.vilademuro.net\/es\/turisme-patrimoni-la-xx-fira-comercial-i-gastronomica-de-muro-consolida-el-municipi-com-a-referent-en-gastronomia-patrimoni-i-cultura\/#primaryimage\"},\"thumbnailUrl\":\"https:\/\/www.vilademuro.net\/wp-content\/uploads\/2025\/10\/Fira-Gastro-Muro-257.jpg\",\"datePublished\":\"2025-10-21T10:29:29+00:00\",\"dateModified\":\"2025-10-21T10:32:52+00:00\",\"breadcrumb\":{\"@id\":\"https:\/\/www.vilademuro.net\/es\/turisme-patrimoni-la-xx-fira-comercial-i-gastronomica-de-muro-consolida-el-municipi-com-a-referent-en-gastronomia-patrimoni-i-cultura\/#breadcrumb\"},\"inLanguage\":\"es\",\"potentialAction\":[{\"@type\":\"ReadAction\",\"target\":[\"https:\/\/www.vilademuro.net\/es\/turisme-patrimoni-la-xx-fira-comercial-i-gastronomica-de-muro-consolida-el-municipi-com-a-referent-en-gastronomia-patrimoni-i-cultura\/\"]}]},{\"@type\":\"ImageObject\",\"inLanguage\":\"es\",\"@id\":\"https:\/\/www.vilademuro.net\/es\/turisme-patrimoni-la-xx-fira-comercial-i-gastronomica-de-muro-consolida-el-municipi-com-a-referent-en-gastronomia-patrimoni-i-cultura\/#primaryimage\",\"url\":\"https:\/\/www.vilademuro.net\/wp-content\/uploads\/2025\/10\/Fira-Gastro-Muro-257.jpg\",\"contentUrl\":\"https:\/\/www.vilademuro.net\/wp-content\/uploads\/2025\/10\/Fira-Gastro-Muro-257.jpg\",\"width\":1920,\"height\":1440},{\"@type\":\"BreadcrumbList\",\"@id\":\"https:\/\/www.vilademuro.net\/es\/turisme-patrimoni-la-xx-fira-comercial-i-gastronomica-de-muro-consolida-el-municipi-com-a-referent-en-gastronomia-patrimoni-i-cultura\/#breadcrumb\",\"itemListElement\":[{\"@type\":\"ListItem\",\"position\":1,\"name\":\"Inici\",\"item\":\"https:\/\/www.vilademuro.net\/es\/\"},{\"@type\":\"ListItem\",\"position\":2,\"name\":\"La XX Fira Comercial i Gastron\u00f2mica de Muro consolida el municipi com a referent en gastronomia, patrimoni i cultura\"}]},{\"@type\":\"WebSite\",\"@id\":\"https:\/\/www.vilademuro.net\/es\/#website\",\"url\":\"https:\/\/www.vilademuro.net\/es\/\",\"name\":\"Ajuntament de Muro d'Alcoi\",\"description\":\"P\u00e1gina web oficial de l&#039;Ajuntament de Muro\",\"publisher\":{\"@id\":\"https:\/\/www.vilademuro.net\/es\/#organization\"},\"potentialAction\":[{\"@type\":\"SearchAction\",\"target\":{\"@type\":\"EntryPoint\",\"urlTemplate\":\"https:\/\/www.vilademuro.net\/es\/?s={search_term_string}\"},\"query-input\":{\"@type\":\"PropertyValueSpecification\",\"valueRequired\":true,\"valueName\":\"search_term_string\"}}],\"inLanguage\":\"es\"},{\"@type\":\"Organization\",\"@id\":\"https:\/\/www.vilademuro.net\/es\/#organization\",\"name\":\"Ajuntament de Muro\",\"url\":\"https:\/\/www.vilademuro.net\/es\/\",\"logo\":{\"@type\":\"ImageObject\",\"inLanguage\":\"es\",\"@id\":\"https:\/\/www.vilademuro.net\/es\/#\/schema\/logo\/image\/\",\"url\":\"https:\/\/www.vilademuro.net\/wp-content\/uploads\/2022\/10\/LOGO3-2.jpg\",\"contentUrl\":\"https:\/\/www.vilademuro.net\/wp-content\/uploads\/2022\/10\/LOGO3-2.jpg\",\"width\":756,\"height\":517,\"caption\":\"Ajuntament de Muro\"},\"image\":{\"@id\":\"https:\/\/www.vilademuro.net\/es\/#\/schema\/logo\/image\/\"},\"sameAs\":[\"https:\/\/www.facebook.com\/murodealcoy\",\"https:\/\/x.com\/AjuntamentMuro\",\"https:\/\/www.youtube.com\/channel\/UC2rwbKfRqsd1Ncwm6Y1prQw\"]},{\"@type\":\"Person\",\"@id\":\"https:\/\/www.vilademuro.net\/es\/#\/schema\/person\/18d508a6d83aeac8b78142fe72d521b2\",\"name\":\"david perez\",\"image\":{\"@type\":\"ImageObject\",\"inLanguage\":\"es\",\"@id\":\"https:\/\/www.vilademuro.net\/es\/#\/schema\/person\/image\/\",\"url\":\"https:\/\/secure.gravatar.com\/avatar\/32e29d67ef109fa6f899286cf1743bb75688fd5ba35d80f5c1b6ac2b6bf32256?s=96&d=mm&r=g\",\"contentUrl\":\"https:\/\/secure.gravatar.com\/avatar\/32e29d67ef109fa6f899286cf1743bb75688fd5ba35d80f5c1b6ac2b6bf32256?s=96&d=mm&r=g\",\"caption\":\"david perez\"}}]}<\/script>\n<!-- \/ Yoast SEO plugin. -->","yoast_head_json":{"title":"La XX Fira Comercial i Gastron\u00f2mica de Muro consolida el municipi com a referent en gastronomia, patrimoni i cultura | Ajuntament de Muro","robots":{"index":"index","follow":"follow","max-snippet":"max-snippet:-1","max-image-preview":"max-image-preview:large","max-video-preview":"max-video-preview:-1"},"canonical":"https:\/\/www.vilademuro.net\/es\/turisme-patrimoni-la-xx-fira-comercial-i-gastronomica-de-muro-consolida-el-municipi-com-a-referent-en-gastronomia-patrimoni-i-cultura\/","og_locale":"es_ES","og_type":"article","og_title":"La XX Fira Comercial i Gastron\u00f2mica de Muro consolida el municipi com a referent en gastronomia, patrimoni i cultura | Ajuntament de Muro","og_description":"Turismo \/ PatrimonioLa XX Feria Comercial y Gastron\u00f3mica de Muro consolida al municipio como referente en gastronom\u00eda, patrimonio y cultura \u2022 Durante el fin de semana del 17 al 19 [&hellip;]","og_url":"https:\/\/www.vilademuro.net\/es\/turisme-patrimoni-la-xx-fira-comercial-i-gastronomica-de-muro-consolida-el-municipi-com-a-referent-en-gastronomia-patrimoni-i-cultura\/","og_site_name":"Ajuntament de Muro","article_publisher":"https:\/\/www.facebook.com\/murodealcoy","article_published_time":"2025-10-21T10:29:29+00:00","article_modified_time":"2025-10-21T10:32:52+00:00","og_image":[{"width":1920,"height":1440,"url":"https:\/\/www.vilademuro.net\/wp-content\/uploads\/2025\/10\/Fira-Gastro-Muro-257.jpg","type":"image\/jpeg"}],"author":"david perez","twitter_card":"summary_large_image","twitter_creator":"@AjuntamentMuro","twitter_site":"@AjuntamentMuro","twitter_misc":{"Escrito por":"david perez","Tiempo de lectura":"6 minutos"},"schema":{"@context":"https:\/\/schema.org","@graph":[{"@type":"Article","@id":"https:\/\/www.vilademuro.net\/es\/turisme-patrimoni-la-xx-fira-comercial-i-gastronomica-de-muro-consolida-el-municipi-com-a-referent-en-gastronomia-patrimoni-i-cultura\/#article","isPartOf":{"@id":"https:\/\/www.vilademuro.net\/es\/turisme-patrimoni-la-xx-fira-comercial-i-gastronomica-de-muro-consolida-el-municipi-com-a-referent-en-gastronomia-patrimoni-i-cultura\/"},"author":{"name":"david perez","@id":"https:\/\/www.vilademuro.net\/es\/#\/schema\/person\/18d508a6d83aeac8b78142fe72d521b2"},"headline":"La XX Fira Comercial i Gastron\u00f2mica de Muro consolida el municipi com a referent en gastronomia, patrimoni i cultura","datePublished":"2025-10-21T10:29:29+00:00","dateModified":"2025-10-21T10:32:52+00:00","mainEntityOfPage":{"@id":"https:\/\/www.vilademuro.net\/es\/turisme-patrimoni-la-xx-fira-comercial-i-gastronomica-de-muro-consolida-el-municipi-com-a-referent-en-gastronomia-patrimoni-i-cultura\/"},"wordCount":874,"publisher":{"@id":"https:\/\/www.vilademuro.net\/es\/#organization"},"image":{"@id":"https:\/\/www.vilademuro.net\/es\/turisme-patrimoni-la-xx-fira-comercial-i-gastronomica-de-muro-consolida-el-municipi-com-a-referent-en-gastronomia-patrimoni-i-cultura\/#primaryimage"},"thumbnailUrl":"https:\/\/www.vilademuro.net\/wp-content\/uploads\/2025\/10\/Fira-Gastro-Muro-257.jpg","articleSection":["Destacat","Noticias","Turismo","Turismo"],"inLanguage":"es"},{"@type":"WebPage","@id":"https:\/\/www.vilademuro.net\/es\/turisme-patrimoni-la-xx-fira-comercial-i-gastronomica-de-muro-consolida-el-municipi-com-a-referent-en-gastronomia-patrimoni-i-cultura\/","url":"https:\/\/www.vilademuro.net\/es\/turisme-patrimoni-la-xx-fira-comercial-i-gastronomica-de-muro-consolida-el-municipi-com-a-referent-en-gastronomia-patrimoni-i-cultura\/","name":"La XX Fira Comercial i Gastron\u00f2mica de Muro consolida el municipi com a referent en gastronomia, patrimoni i cultura | Ajuntament de Muro","isPartOf":{"@id":"https:\/\/www.vilademuro.net\/es\/#website"},"primaryImageOfPage":{"@id":"https:\/\/www.vilademuro.net\/es\/turisme-patrimoni-la-xx-fira-comercial-i-gastronomica-de-muro-consolida-el-municipi-com-a-referent-en-gastronomia-patrimoni-i-cultura\/#primaryimage"},"image":{"@id":"https:\/\/www.vilademuro.net\/es\/turisme-patrimoni-la-xx-fira-comercial-i-gastronomica-de-muro-consolida-el-municipi-com-a-referent-en-gastronomia-patrimoni-i-cultura\/#primaryimage"},"thumbnailUrl":"https:\/\/www.vilademuro.net\/wp-content\/uploads\/2025\/10\/Fira-Gastro-Muro-257.jpg","datePublished":"2025-10-21T10:29:29+00:00","dateModified":"2025-10-21T10:32:52+00:00","breadcrumb":{"@id":"https:\/\/www.vilademuro.net\/es\/turisme-patrimoni-la-xx-fira-comercial-i-gastronomica-de-muro-consolida-el-municipi-com-a-referent-en-gastronomia-patrimoni-i-cultura\/#breadcrumb"},"inLanguage":"es","potentialAction":[{"@type":"ReadAction","target":["https:\/\/www.vilademuro.net\/es\/turisme-patrimoni-la-xx-fira-comercial-i-gastronomica-de-muro-consolida-el-municipi-com-a-referent-en-gastronomia-patrimoni-i-cultura\/"]}]},{"@type":"ImageObject","inLanguage":"es","@id":"https:\/\/www.vilademuro.net\/es\/turisme-patrimoni-la-xx-fira-comercial-i-gastronomica-de-muro-consolida-el-municipi-com-a-referent-en-gastronomia-patrimoni-i-cultura\/#primaryimage","url":"https:\/\/www.vilademuro.net\/wp-content\/uploads\/2025\/10\/Fira-Gastro-Muro-257.jpg","contentUrl":"https:\/\/www.vilademuro.net\/wp-content\/uploads\/2025\/10\/Fira-Gastro-Muro-257.jpg","width":1920,"height":1440},{"@type":"BreadcrumbList","@id":"https:\/\/www.vilademuro.net\/es\/turisme-patrimoni-la-xx-fira-comercial-i-gastronomica-de-muro-consolida-el-municipi-com-a-referent-en-gastronomia-patrimoni-i-cultura\/#breadcrumb","itemListElement":[{"@type":"ListItem","position":1,"name":"Inici","item":"https:\/\/www.vilademuro.net\/es\/"},{"@type":"ListItem","position":2,"name":"La XX Fira Comercial i Gastron\u00f2mica de Muro consolida el municipi com a referent en gastronomia, patrimoni i cultura"}]},{"@type":"WebSite","@id":"https:\/\/www.vilademuro.net\/es\/#website","url":"https:\/\/www.vilademuro.net\/es\/","name":"Ajuntament de Muro d'Alcoi","description":"P\u00e1gina web oficial de l&#039;Ajuntament de Muro","publisher":{"@id":"https:\/\/www.vilademuro.net\/es\/#organization"},"potentialAction":[{"@type":"SearchAction","target":{"@type":"EntryPoint","urlTemplate":"https:\/\/www.vilademuro.net\/es\/?s={search_term_string}"},"query-input":{"@type":"PropertyValueSpecification","valueRequired":true,"valueName":"search_term_string"}}],"inLanguage":"es"},{"@type":"Organization","@id":"https:\/\/www.vilademuro.net\/es\/#organization","name":"Ajuntament de Muro","url":"https:\/\/www.vilademuro.net\/es\/","logo":{"@type":"ImageObject","inLanguage":"es","@id":"https:\/\/www.vilademuro.net\/es\/#\/schema\/logo\/image\/","url":"https:\/\/www.vilademuro.net\/wp-content\/uploads\/2022\/10\/LOGO3-2.jpg","contentUrl":"https:\/\/www.vilademuro.net\/wp-content\/uploads\/2022\/10\/LOGO3-2.jpg","width":756,"height":517,"caption":"Ajuntament de Muro"},"image":{"@id":"https:\/\/www.vilademuro.net\/es\/#\/schema\/logo\/image\/"},"sameAs":["https:\/\/www.facebook.com\/murodealcoy","https:\/\/x.com\/AjuntamentMuro","https:\/\/www.youtube.com\/channel\/UC2rwbKfRqsd1Ncwm6Y1prQw"]},{"@type":"Person","@id":"https:\/\/www.vilademuro.net\/es\/#\/schema\/person\/18d508a6d83aeac8b78142fe72d521b2","name":"david perez","image":{"@type":"ImageObject","inLanguage":"es","@id":"https:\/\/www.vilademuro.net\/es\/#\/schema\/person\/image\/","url":"https:\/\/secure.gravatar.com\/avatar\/32e29d67ef109fa6f899286cf1743bb75688fd5ba35d80f5c1b6ac2b6bf32256?s=96&d=mm&r=g","contentUrl":"https:\/\/secure.gravatar.com\/avatar\/32e29d67ef109fa6f899286cf1743bb75688fd5ba35d80f5c1b6ac2b6bf32256?s=96&d=mm&r=g","caption":"david perez"}}]}},"_links":{"self":[{"href":"https:\/\/www.vilademuro.net\/es\/wp-json\/wp\/v2\/posts\/58011","targetHints":{"allow":["GET"]}}],"collection":[{"href":"https:\/\/www.vilademuro.net\/es\/wp-json\/wp\/v2\/posts"}],"about":[{"href":"https:\/\/www.vilademuro.net\/es\/wp-json\/wp\/v2\/types\/post"}],"author":[{"embeddable":true,"href":"https:\/\/www.vilademuro.net\/es\/wp-json\/wp\/v2\/users\/32"}],"replies":[{"embeddable":true,"href":"https:\/\/www.vilademuro.net\/es\/wp-json\/wp\/v2\/comments?post=58011"}],"version-history":[{"count":2,"href":"https:\/\/www.vilademuro.net\/es\/wp-json\/wp\/v2\/posts\/58011\/revisions"}],"predecessor-version":[{"id":58020,"href":"https:\/\/www.vilademuro.net\/es\/wp-json\/wp\/v2\/posts\/58011\/revisions\/58020"}],"wp:featuredmedia":[{"embeddable":true,"href":"https:\/\/www.vilademuro.net\/es\/wp-json\/wp\/v2\/media\/58012"}],"wp:attachment":[{"href":"https:\/\/www.vilademuro.net\/es\/wp-json\/wp\/v2\/media?parent=58011"}],"wp:term":[{"taxonomy":"category","embeddable":true,"href":"https:\/\/www.vilademuro.net\/es\/wp-json\/wp\/v2\/categories?post=58011"},{"taxonomy":"post_tag","embeddable":true,"href":"https:\/\/www.vilademuro.net\/es\/wp-json\/wp\/v2\/tags?post=58011"}],"curies":[{"name":"wp","href":"https:\/\/api.w.org\/{rel}","templated":true}]}}