{"id":57997,"date":"2025-10-21T12:21:40","date_gmt":"2025-10-21T10:21:40","guid":{"rendered":"https:\/\/www.vilademuro.net\/celebrem-la-xx-fira-comercial-i-gastronomica-amb-un-cap-de-setmana-dedicat-als-productes-de-proximitat-la-cultura-i-la-tradicio\/"},"modified":"2025-10-21T12:23:49","modified_gmt":"2025-10-21T10:23:49","slug":"celebrem-la-xx-fira-comercial-i-gastronomica-amb-un-cap-de-setmana-dedicat-als-productes-de-proximitat-la-cultura-i-la-tradicio","status":"publish","type":"post","link":"https:\/\/www.vilademuro.net\/es\/celebrem-la-xx-fira-comercial-i-gastronomica-amb-un-cap-de-setmana-dedicat-als-productes-de-proximitat-la-cultura-i-la-tradicio\/","title":{"rendered":"Celebraci\u00f3n de la XX Feria Comercial y Gastron\u00f3mica"},"content":{"rendered":"<p data-start=\"0\" data-end=\"11\"><strong data-start=\"0\" data-end=\"11\">Turismo<\/strong><\/p>\n<p data-start=\"13\" data-end=\"153\"><strong data-start=\"13\" data-end=\"153\">Muro celebra la XX Feria Comercial y Gastron\u00f3mica con un fin de semana dedicado a los productos de proximidad, la cultura y la tradici\u00f3n<\/strong><\/p>\n<p data-start=\"155\" data-end=\"385\">Comenzar\u00e1 el <strong data-start=\"168\" data-end=\"207\">viernes 17 de octubre a las 19:00 h<\/strong> con la apertura de la exposici\u00f3n <em data-start=\"241\" data-end=\"264\">\u201cCampanas del Comtat\u201d<\/em> en el Centro Cultural de Muro, seguida de la inauguraci\u00f3n de la Feria Gastron\u00f3mica en la Plaza del Matzem a las 19:30 h.<\/p>\n<p data-start=\"387\" data-end=\"745\">El buen comer, beber y los productos locales se fusionan al toque de campana en Muro para celebrar la <strong data-start=\"489\" data-end=\"553\">XX Feria Comercial del Sector Agroalimentario y Gastron\u00f3mico<\/strong>, que tendr\u00e1 lugar del <strong data-start=\"576\" data-end=\"599\">17 al 19 de octubre<\/strong> en el Matzem. Una feria que contar\u00e1 con el <strong data-start=\"643\" data-end=\"682\">Encuentro de Campaneros Valencianos<\/strong>, que por primera vez se celebrar\u00e1 en la provincia de Alicante.<\/p>\n<p data-start=\"747\" data-end=\"1072\">La feria reunir\u00e1 una amplia oferta de <strong data-start=\"785\" data-end=\"839\">productores, empresas agroalimentarias y artesanos<\/strong> del territorio, que ofrecer\u00e1n desde <strong data-start=\"876\" data-end=\"911\">tapas y productos tradicionales<\/strong> como miel, cervezas o patatas artesanas, cocas fritas, pasteles o focaccias, hasta <strong data-start=\"995\" data-end=\"1040\">propuestas m\u00e1s actuales e internacionales<\/strong> a cargo de varios <em data-start=\"1059\" data-end=\"1071\">foodtrucks<\/em>.<\/p>\n<p data-start=\"1074\" data-end=\"1638\">La concejala de Turismo, <strong data-start=\"1099\" data-end=\"1118\">Carolina Iv\u00e0\u00f1ez<\/strong>, ha destacado que esta edici\u00f3n \u201cconsolida a Muro como un referente gastron\u00f3mico y cultural de la comarca, con una programaci\u00f3n que combina producto local, m\u00fasica, patrimonio y ocio familiar\u201d. Adem\u00e1s, ha subrayado que la feria \u201ces una oportunidad para apoyar el comercio de proximidad, dinamizar la econom\u00eda local y proyectar la calidad de lo que se hace en nuestro pueblo\u201d, al mismo tiempo que \u201catrae y fideliza al p\u00fablico visitante que puede descubrir el potencial de Muro para seguir visit\u00e1ndolo durante todo el a\u00f1o\u201d.<\/p>\n<p data-start=\"1640\" data-end=\"1967\">Durante todo el fin de semana, la <strong data-start=\"1674\" data-end=\"1694\">Plaza del Matzem<\/strong> acoger\u00e1 conciertos, actividades infantiles, talleres, visitas guiadas por el centro hist\u00f3rico y actuaciones musicales. Tambi\u00e9n habr\u00e1 espacios dedicados a la <strong data-start=\"1852\" data-end=\"1874\">m\u00fasica tradicional<\/strong> y a la participaci\u00f3n de las entidades locales, que llenar\u00e1n de vida cada rinc\u00f3n de la feria.<\/p>\n<p data-start=\"1969\" data-end=\"2664\">La inauguraci\u00f3n oficial ser\u00e1 el <strong data-start=\"2001\" data-end=\"2070\">viernes 17 de octubre a las 19:00 h en el Centro Cultural de Muro<\/strong>, con la apertura de la exposici\u00f3n <em data-start=\"2105\" data-end=\"2128\">\u201cCampanas del Comtat\u201d<\/em>, una muestra que pone en valor el patrimonio campanero de la comarca y que dar\u00e1 el pistoletazo de salida a un <strong data-start=\"2239\" data-end=\"2293\">fin de semana dedicado a la cultura y la tradici\u00f3n<\/strong> como el mejor acompa\u00f1amiento al men\u00fa gastron\u00f3mico. Adem\u00e1s, habr\u00e1 un viaje emocional a los a\u00f1os 80 y 90 de la mano de los mejores \u201cgaritos\u201d y salas de la comarca: Gaud\u00ed, La Mujer Barbuda, La Mara\u00f1a, Delirium y El Autob\u00fas. Ser\u00e1 con <em data-start=\"2524\" data-end=\"2537\">\u201cEl Retorn\u201d<\/em> el viernes 17 de octubre a partir de las 20 h, con los DJs Chicho, David el Melenas, Dami\u00e1n, Jos\u00e9 Carlos, Eli y Mari Cl\u00e0ssics.<\/p>\n<p data-start=\"2666\" data-end=\"3101\">Esta exposici\u00f3n forma parte del programa del <strong data-start=\"2711\" data-end=\"2754\">28\u00ba Encuentro de Campaneros Valencianos<\/strong>, el primero que se celebra en la provincia de Alicante, organizado por la <strong data-start=\"2829\" data-end=\"2862\">Colla de Campaners del Comtat<\/strong>. El encuentro reunir\u00e1 grupos de todo el territorio valenciano e incluir\u00e1 conferencias, proyecciones, actividades divulgativas y una muestra de toques tradicionales en el campanario de Sant Joan Baptista de Muro, abierta a todo el p\u00fablico.<\/p>\n<p data-start=\"3103\" data-end=\"3442\">El miembro de la colla, <strong data-start=\"3127\" data-end=\"3141\">Javi Calvo<\/strong>, ha destacado que \u201ces un honor que Muro sea el primer municipio alicantino que acoge este encuentro, que servir\u00e1 para compartir experiencias, reforzar la colaboraci\u00f3n entre grupos y seguir trabajando para preservar este patrimonio reconocido por la UNESCO como Patrimonio Inmaterial de la Humanidad\u201d.<\/p>\n<p data-start=\"3444\" data-end=\"3504\"><strong data-start=\"3444\" data-end=\"3504\">Compromiso con el territorio y el comercio de proximidad<\/strong><\/p>\n<p data-start=\"3506\" data-end=\"3896\">Desde el <strong data-start=\"3515\" data-end=\"3539\">Ayuntamiento de Muro<\/strong> se invita a toda la ciudadan\u00eda y a las personas visitantes a participar en la feria y a <strong data-start=\"3628\" data-end=\"3678\">apoyar el comercio y a los productores locales<\/strong>, ya que, como ha subrayado el alcalde de Muro, <strong data-start=\"3726\" data-end=\"3743\">Vicent Molina<\/strong>, \u201ccada euro invertido en productos y servicios de proximidad se multiplica en forma de empleo, tejido productivo y calidad de vida para nuestro pueblo\u201d.<\/p>\n<p data-start=\"3898\" data-end=\"4164\" data-is-last-node=\"\" data-is-only-node=\"\">La programaci\u00f3n completa de la <strong data-start=\"3929\" data-end=\"3974\">XX Feria Comercial y Gastron\u00f3mica de Muro<\/strong> y del <strong data-start=\"3981\" data-end=\"4024\">28\u00ba Encuentro de Campaneros Valencianos<\/strong> puede consultarse en la web municipal <a class=\"decorated-link\" href=\"https:\/\/www.vilademuro.net\/es\/\" target=\"_new\" rel=\"noopener\" data-start=\"4063\" data-end=\"4111\">www.vilademuro.net<\/a> y en los canales oficiales del Ayuntamiento de Muro.<\/p>\n<p>&nbsp;<\/p>\n<p><img loading=\"lazy\" decoding=\"async\" class=\"alignnone size-medium wp-image-57839\" src=\"https:\/\/www.vilademuro.net\/wp-content\/uploads\/2025\/10\/FIRA-CARTEL-01-A3-V2-212x300.jpg\" alt=\"\" width=\"212\" height=\"300\" \/> <img loading=\"lazy\" decoding=\"async\" class=\"alignnone size-medium wp-image-57843\" src=\"https:\/\/www.vilademuro.net\/wp-content\/uploads\/2025\/10\/PHOTO-2025-10-07-12-27-32-212x300.jpg\" alt=\"\" width=\"212\" height=\"300\" \/><\/p>\n<p>&nbsp;<\/p>\n","protected":false},"excerpt":{"rendered":"<p>Turismo Muro celebra la XX Feria Comercial y Gastron\u00f3mica con un fin de semana dedicado a los productos de proximidad, la cultura y la tradici\u00f3n Comenzar\u00e1 el viernes 17 de [&hellip;]<\/p>\n","protected":false},"author":32,"featured_media":57998,"comment_status":"closed","ping_status":"closed","sticky":false,"template":"","format":"standard","meta":{"_et_pb_use_builder":"","_et_pb_old_content":"","_et_gb_content_width":"","footnotes":""},"categories":[51,49,52],"tags":[],"class_list":["post-57997","post","type-post","status-publish","format-standard","has-post-thumbnail","hentry","category-destacat-es","category-noticias","category-turisme-es"],"yoast_head":"<!-- This site is optimized with the Yoast SEO plugin v27.1.1 - https:\/\/yoast.com\/product\/yoast-seo-wordpress\/ -->\n<title>Celebraci\u00f3n de la XX Feria Comercial y Gastron\u00f3mica | Ajuntament de Muro<\/title>\n<meta name=\"robots\" content=\"index, follow, max-snippet:-1, max-image-preview:large, max-video-preview:-1\" \/>\n<link rel=\"canonical\" href=\"https:\/\/www.vilademuro.net\/es\/celebrem-la-xx-fira-comercial-i-gastronomica-amb-un-cap-de-setmana-dedicat-als-productes-de-proximitat-la-cultura-i-la-tradicio\/\" \/>\n<meta property=\"og:locale\" content=\"es_ES\" \/>\n<meta property=\"og:type\" content=\"article\" \/>\n<meta property=\"og:title\" content=\"Celebraci\u00f3n de la XX Feria Comercial y Gastron\u00f3mica | Ajuntament de Muro\" \/>\n<meta property=\"og:description\" content=\"Turismo Muro celebra la XX Feria Comercial y Gastron\u00f3mica con un fin de semana dedicado a los productos de proximidad, la cultura y la tradici\u00f3n Comenzar\u00e1 el viernes 17 de [&hellip;]\" \/>\n<meta property=\"og:url\" content=\"https:\/\/www.vilademuro.net\/es\/celebrem-la-xx-fira-comercial-i-gastronomica-amb-un-cap-de-setmana-dedicat-als-productes-de-proximitat-la-cultura-i-la-tradicio\/\" \/>\n<meta property=\"og:site_name\" content=\"Ajuntament de Muro\" \/>\n<meta property=\"article:publisher\" content=\"https:\/\/www.facebook.com\/murodealcoy\" \/>\n<meta property=\"article:published_time\" content=\"2025-10-21T10:21:40+00:00\" \/>\n<meta property=\"article:modified_time\" content=\"2025-10-21T10:23:49+00:00\" \/>\n<meta property=\"og:image\" content=\"https:\/\/www.vilademuro.net\/wp-content\/uploads\/2025\/10\/Fira-foto-de-COPE-Alcoi.jpg\" \/>\n\t<meta property=\"og:image:width\" content=\"1440\" \/>\n\t<meta property=\"og:image:height\" content=\"1080\" \/>\n\t<meta property=\"og:image:type\" content=\"image\/jpeg\" \/>\n<meta name=\"author\" content=\"david perez\" \/>\n<meta name=\"twitter:card\" content=\"summary_large_image\" \/>\n<meta name=\"twitter:creator\" content=\"@AjuntamentMuro\" \/>\n<meta name=\"twitter:site\" content=\"@AjuntamentMuro\" \/>\n<meta name=\"twitter:label1\" content=\"Escrito por\" \/>\n\t<meta name=\"twitter:data1\" content=\"david perez\" \/>\n\t<meta name=\"twitter:label2\" content=\"Tiempo de lectura\" \/>\n\t<meta name=\"twitter:data2\" content=\"5 minutos\" \/>\n<script type=\"application\/ld+json\" class=\"yoast-schema-graph\">{\"@context\":\"https:\/\/schema.org\",\"@graph\":[{\"@type\":\"Article\",\"@id\":\"https:\/\/www.vilademuro.net\/es\/celebrem-la-xx-fira-comercial-i-gastronomica-amb-un-cap-de-setmana-dedicat-als-productes-de-proximitat-la-cultura-i-la-tradicio\/#article\",\"isPartOf\":{\"@id\":\"https:\/\/www.vilademuro.net\/es\/celebrem-la-xx-fira-comercial-i-gastronomica-amb-un-cap-de-setmana-dedicat-als-productes-de-proximitat-la-cultura-i-la-tradicio\/\"},\"author\":{\"name\":\"david perez\",\"@id\":\"https:\/\/www.vilademuro.net\/es\/#\/schema\/person\/18d508a6d83aeac8b78142fe72d521b2\"},\"headline\":\"Celebraci\u00f3n de la XX Feria Comercial y Gastron\u00f3mica\",\"datePublished\":\"2025-10-21T10:21:40+00:00\",\"dateModified\":\"2025-10-21T10:23:49+00:00\",\"mainEntityOfPage\":{\"@id\":\"https:\/\/www.vilademuro.net\/es\/celebrem-la-xx-fira-comercial-i-gastronomica-amb-un-cap-de-setmana-dedicat-als-productes-de-proximitat-la-cultura-i-la-tradicio\/\"},\"wordCount\":705,\"publisher\":{\"@id\":\"https:\/\/www.vilademuro.net\/es\/#organization\"},\"image\":{\"@id\":\"https:\/\/www.vilademuro.net\/es\/celebrem-la-xx-fira-comercial-i-gastronomica-amb-un-cap-de-setmana-dedicat-als-productes-de-proximitat-la-cultura-i-la-tradicio\/#primaryimage\"},\"thumbnailUrl\":\"https:\/\/www.vilademuro.net\/wp-content\/uploads\/2025\/10\/Fira-foto-de-COPE-Alcoi.jpg\",\"articleSection\":[\"Destacat\",\"Noticias\",\"Turismo\"],\"inLanguage\":\"es\"},{\"@type\":\"WebPage\",\"@id\":\"https:\/\/www.vilademuro.net\/es\/celebrem-la-xx-fira-comercial-i-gastronomica-amb-un-cap-de-setmana-dedicat-als-productes-de-proximitat-la-cultura-i-la-tradicio\/\",\"url\":\"https:\/\/www.vilademuro.net\/es\/celebrem-la-xx-fira-comercial-i-gastronomica-amb-un-cap-de-setmana-dedicat-als-productes-de-proximitat-la-cultura-i-la-tradicio\/\",\"name\":\"Celebraci\u00f3n de la XX Feria Comercial y Gastron\u00f3mica | Ajuntament de Muro\",\"isPartOf\":{\"@id\":\"https:\/\/www.vilademuro.net\/es\/#website\"},\"primaryImageOfPage\":{\"@id\":\"https:\/\/www.vilademuro.net\/es\/celebrem-la-xx-fira-comercial-i-gastronomica-amb-un-cap-de-setmana-dedicat-als-productes-de-proximitat-la-cultura-i-la-tradicio\/#primaryimage\"},\"image\":{\"@id\":\"https:\/\/www.vilademuro.net\/es\/celebrem-la-xx-fira-comercial-i-gastronomica-amb-un-cap-de-setmana-dedicat-als-productes-de-proximitat-la-cultura-i-la-tradicio\/#primaryimage\"},\"thumbnailUrl\":\"https:\/\/www.vilademuro.net\/wp-content\/uploads\/2025\/10\/Fira-foto-de-COPE-Alcoi.jpg\",\"datePublished\":\"2025-10-21T10:21:40+00:00\",\"dateModified\":\"2025-10-21T10:23:49+00:00\",\"breadcrumb\":{\"@id\":\"https:\/\/www.vilademuro.net\/es\/celebrem-la-xx-fira-comercial-i-gastronomica-amb-un-cap-de-setmana-dedicat-als-productes-de-proximitat-la-cultura-i-la-tradicio\/#breadcrumb\"},\"inLanguage\":\"es\",\"potentialAction\":[{\"@type\":\"ReadAction\",\"target\":[\"https:\/\/www.vilademuro.net\/es\/celebrem-la-xx-fira-comercial-i-gastronomica-amb-un-cap-de-setmana-dedicat-als-productes-de-proximitat-la-cultura-i-la-tradicio\/\"]}]},{\"@type\":\"ImageObject\",\"inLanguage\":\"es\",\"@id\":\"https:\/\/www.vilademuro.net\/es\/celebrem-la-xx-fira-comercial-i-gastronomica-amb-un-cap-de-setmana-dedicat-als-productes-de-proximitat-la-cultura-i-la-tradicio\/#primaryimage\",\"url\":\"https:\/\/www.vilademuro.net\/wp-content\/uploads\/2025\/10\/Fira-foto-de-COPE-Alcoi.jpg\",\"contentUrl\":\"https:\/\/www.vilademuro.net\/wp-content\/uploads\/2025\/10\/Fira-foto-de-COPE-Alcoi.jpg\",\"width\":1440,\"height\":1080,\"caption\":\"Foto cedida per COPE Alcoi\"},{\"@type\":\"BreadcrumbList\",\"@id\":\"https:\/\/www.vilademuro.net\/es\/celebrem-la-xx-fira-comercial-i-gastronomica-amb-un-cap-de-setmana-dedicat-als-productes-de-proximitat-la-cultura-i-la-tradicio\/#breadcrumb\",\"itemListElement\":[{\"@type\":\"ListItem\",\"position\":1,\"name\":\"Inici\",\"item\":\"https:\/\/www.vilademuro.net\/es\/\"},{\"@type\":\"ListItem\",\"position\":2,\"name\":\"Celebraci\u00f3n de la XX Feria Comercial y Gastron\u00f3mica\"}]},{\"@type\":\"WebSite\",\"@id\":\"https:\/\/www.vilademuro.net\/es\/#website\",\"url\":\"https:\/\/www.vilademuro.net\/es\/\",\"name\":\"Ajuntament de Muro d'Alcoi\",\"description\":\"P\u00e1gina web oficial de l&#039;Ajuntament de Muro\",\"publisher\":{\"@id\":\"https:\/\/www.vilademuro.net\/es\/#organization\"},\"potentialAction\":[{\"@type\":\"SearchAction\",\"target\":{\"@type\":\"EntryPoint\",\"urlTemplate\":\"https:\/\/www.vilademuro.net\/es\/?s={search_term_string}\"},\"query-input\":{\"@type\":\"PropertyValueSpecification\",\"valueRequired\":true,\"valueName\":\"search_term_string\"}}],\"inLanguage\":\"es\"},{\"@type\":\"Organization\",\"@id\":\"https:\/\/www.vilademuro.net\/es\/#organization\",\"name\":\"Ajuntament de Muro\",\"url\":\"https:\/\/www.vilademuro.net\/es\/\",\"logo\":{\"@type\":\"ImageObject\",\"inLanguage\":\"es\",\"@id\":\"https:\/\/www.vilademuro.net\/es\/#\/schema\/logo\/image\/\",\"url\":\"https:\/\/www.vilademuro.net\/wp-content\/uploads\/2022\/10\/LOGO3-2.jpg\",\"contentUrl\":\"https:\/\/www.vilademuro.net\/wp-content\/uploads\/2022\/10\/LOGO3-2.jpg\",\"width\":756,\"height\":517,\"caption\":\"Ajuntament de Muro\"},\"image\":{\"@id\":\"https:\/\/www.vilademuro.net\/es\/#\/schema\/logo\/image\/\"},\"sameAs\":[\"https:\/\/www.facebook.com\/murodealcoy\",\"https:\/\/x.com\/AjuntamentMuro\",\"https:\/\/www.youtube.com\/channel\/UC2rwbKfRqsd1Ncwm6Y1prQw\"]},{\"@type\":\"Person\",\"@id\":\"https:\/\/www.vilademuro.net\/es\/#\/schema\/person\/18d508a6d83aeac8b78142fe72d521b2\",\"name\":\"david perez\",\"image\":{\"@type\":\"ImageObject\",\"inLanguage\":\"es\",\"@id\":\"https:\/\/www.vilademuro.net\/es\/#\/schema\/person\/image\/\",\"url\":\"https:\/\/secure.gravatar.com\/avatar\/32e29d67ef109fa6f899286cf1743bb75688fd5ba35d80f5c1b6ac2b6bf32256?s=96&d=mm&r=g\",\"contentUrl\":\"https:\/\/secure.gravatar.com\/avatar\/32e29d67ef109fa6f899286cf1743bb75688fd5ba35d80f5c1b6ac2b6bf32256?s=96&d=mm&r=g\",\"caption\":\"david perez\"}}]}<\/script>\n<!-- \/ Yoast SEO plugin. -->","yoast_head_json":{"title":"Celebraci\u00f3n de la XX Feria Comercial y Gastron\u00f3mica | Ajuntament de Muro","robots":{"index":"index","follow":"follow","max-snippet":"max-snippet:-1","max-image-preview":"max-image-preview:large","max-video-preview":"max-video-preview:-1"},"canonical":"https:\/\/www.vilademuro.net\/es\/celebrem-la-xx-fira-comercial-i-gastronomica-amb-un-cap-de-setmana-dedicat-als-productes-de-proximitat-la-cultura-i-la-tradicio\/","og_locale":"es_ES","og_type":"article","og_title":"Celebraci\u00f3n de la XX Feria Comercial y Gastron\u00f3mica | Ajuntament de Muro","og_description":"Turismo Muro celebra la XX Feria Comercial y Gastron\u00f3mica con un fin de semana dedicado a los productos de proximidad, la cultura y la tradici\u00f3n Comenzar\u00e1 el viernes 17 de [&hellip;]","og_url":"https:\/\/www.vilademuro.net\/es\/celebrem-la-xx-fira-comercial-i-gastronomica-amb-un-cap-de-setmana-dedicat-als-productes-de-proximitat-la-cultura-i-la-tradicio\/","og_site_name":"Ajuntament de Muro","article_publisher":"https:\/\/www.facebook.com\/murodealcoy","article_published_time":"2025-10-21T10:21:40+00:00","article_modified_time":"2025-10-21T10:23:49+00:00","og_image":[{"width":1440,"height":1080,"url":"https:\/\/www.vilademuro.net\/wp-content\/uploads\/2025\/10\/Fira-foto-de-COPE-Alcoi.jpg","type":"image\/jpeg"}],"author":"david perez","twitter_card":"summary_large_image","twitter_creator":"@AjuntamentMuro","twitter_site":"@AjuntamentMuro","twitter_misc":{"Escrito por":"david perez","Tiempo de lectura":"5 minutos"},"schema":{"@context":"https:\/\/schema.org","@graph":[{"@type":"Article","@id":"https:\/\/www.vilademuro.net\/es\/celebrem-la-xx-fira-comercial-i-gastronomica-amb-un-cap-de-setmana-dedicat-als-productes-de-proximitat-la-cultura-i-la-tradicio\/#article","isPartOf":{"@id":"https:\/\/www.vilademuro.net\/es\/celebrem-la-xx-fira-comercial-i-gastronomica-amb-un-cap-de-setmana-dedicat-als-productes-de-proximitat-la-cultura-i-la-tradicio\/"},"author":{"name":"david perez","@id":"https:\/\/www.vilademuro.net\/es\/#\/schema\/person\/18d508a6d83aeac8b78142fe72d521b2"},"headline":"Celebraci\u00f3n de la XX Feria Comercial y Gastron\u00f3mica","datePublished":"2025-10-21T10:21:40+00:00","dateModified":"2025-10-21T10:23:49+00:00","mainEntityOfPage":{"@id":"https:\/\/www.vilademuro.net\/es\/celebrem-la-xx-fira-comercial-i-gastronomica-amb-un-cap-de-setmana-dedicat-als-productes-de-proximitat-la-cultura-i-la-tradicio\/"},"wordCount":705,"publisher":{"@id":"https:\/\/www.vilademuro.net\/es\/#organization"},"image":{"@id":"https:\/\/www.vilademuro.net\/es\/celebrem-la-xx-fira-comercial-i-gastronomica-amb-un-cap-de-setmana-dedicat-als-productes-de-proximitat-la-cultura-i-la-tradicio\/#primaryimage"},"thumbnailUrl":"https:\/\/www.vilademuro.net\/wp-content\/uploads\/2025\/10\/Fira-foto-de-COPE-Alcoi.jpg","articleSection":["Destacat","Noticias","Turismo"],"inLanguage":"es"},{"@type":"WebPage","@id":"https:\/\/www.vilademuro.net\/es\/celebrem-la-xx-fira-comercial-i-gastronomica-amb-un-cap-de-setmana-dedicat-als-productes-de-proximitat-la-cultura-i-la-tradicio\/","url":"https:\/\/www.vilademuro.net\/es\/celebrem-la-xx-fira-comercial-i-gastronomica-amb-un-cap-de-setmana-dedicat-als-productes-de-proximitat-la-cultura-i-la-tradicio\/","name":"Celebraci\u00f3n de la XX Feria Comercial y Gastron\u00f3mica | Ajuntament de Muro","isPartOf":{"@id":"https:\/\/www.vilademuro.net\/es\/#website"},"primaryImageOfPage":{"@id":"https:\/\/www.vilademuro.net\/es\/celebrem-la-xx-fira-comercial-i-gastronomica-amb-un-cap-de-setmana-dedicat-als-productes-de-proximitat-la-cultura-i-la-tradicio\/#primaryimage"},"image":{"@id":"https:\/\/www.vilademuro.net\/es\/celebrem-la-xx-fira-comercial-i-gastronomica-amb-un-cap-de-setmana-dedicat-als-productes-de-proximitat-la-cultura-i-la-tradicio\/#primaryimage"},"thumbnailUrl":"https:\/\/www.vilademuro.net\/wp-content\/uploads\/2025\/10\/Fira-foto-de-COPE-Alcoi.jpg","datePublished":"2025-10-21T10:21:40+00:00","dateModified":"2025-10-21T10:23:49+00:00","breadcrumb":{"@id":"https:\/\/www.vilademuro.net\/es\/celebrem-la-xx-fira-comercial-i-gastronomica-amb-un-cap-de-setmana-dedicat-als-productes-de-proximitat-la-cultura-i-la-tradicio\/#breadcrumb"},"inLanguage":"es","potentialAction":[{"@type":"ReadAction","target":["https:\/\/www.vilademuro.net\/es\/celebrem-la-xx-fira-comercial-i-gastronomica-amb-un-cap-de-setmana-dedicat-als-productes-de-proximitat-la-cultura-i-la-tradicio\/"]}]},{"@type":"ImageObject","inLanguage":"es","@id":"https:\/\/www.vilademuro.net\/es\/celebrem-la-xx-fira-comercial-i-gastronomica-amb-un-cap-de-setmana-dedicat-als-productes-de-proximitat-la-cultura-i-la-tradicio\/#primaryimage","url":"https:\/\/www.vilademuro.net\/wp-content\/uploads\/2025\/10\/Fira-foto-de-COPE-Alcoi.jpg","contentUrl":"https:\/\/www.vilademuro.net\/wp-content\/uploads\/2025\/10\/Fira-foto-de-COPE-Alcoi.jpg","width":1440,"height":1080,"caption":"Foto cedida per COPE Alcoi"},{"@type":"BreadcrumbList","@id":"https:\/\/www.vilademuro.net\/es\/celebrem-la-xx-fira-comercial-i-gastronomica-amb-un-cap-de-setmana-dedicat-als-productes-de-proximitat-la-cultura-i-la-tradicio\/#breadcrumb","itemListElement":[{"@type":"ListItem","position":1,"name":"Inici","item":"https:\/\/www.vilademuro.net\/es\/"},{"@type":"ListItem","position":2,"name":"Celebraci\u00f3n de la XX Feria Comercial y Gastron\u00f3mica"}]},{"@type":"WebSite","@id":"https:\/\/www.vilademuro.net\/es\/#website","url":"https:\/\/www.vilademuro.net\/es\/","name":"Ajuntament de Muro d'Alcoi","description":"P\u00e1gina web oficial de l&#039;Ajuntament de Muro","publisher":{"@id":"https:\/\/www.vilademuro.net\/es\/#organization"},"potentialAction":[{"@type":"SearchAction","target":{"@type":"EntryPoint","urlTemplate":"https:\/\/www.vilademuro.net\/es\/?s={search_term_string}"},"query-input":{"@type":"PropertyValueSpecification","valueRequired":true,"valueName":"search_term_string"}}],"inLanguage":"es"},{"@type":"Organization","@id":"https:\/\/www.vilademuro.net\/es\/#organization","name":"Ajuntament de Muro","url":"https:\/\/www.vilademuro.net\/es\/","logo":{"@type":"ImageObject","inLanguage":"es","@id":"https:\/\/www.vilademuro.net\/es\/#\/schema\/logo\/image\/","url":"https:\/\/www.vilademuro.net\/wp-content\/uploads\/2022\/10\/LOGO3-2.jpg","contentUrl":"https:\/\/www.vilademuro.net\/wp-content\/uploads\/2022\/10\/LOGO3-2.jpg","width":756,"height":517,"caption":"Ajuntament de Muro"},"image":{"@id":"https:\/\/www.vilademuro.net\/es\/#\/schema\/logo\/image\/"},"sameAs":["https:\/\/www.facebook.com\/murodealcoy","https:\/\/x.com\/AjuntamentMuro","https:\/\/www.youtube.com\/channel\/UC2rwbKfRqsd1Ncwm6Y1prQw"]},{"@type":"Person","@id":"https:\/\/www.vilademuro.net\/es\/#\/schema\/person\/18d508a6d83aeac8b78142fe72d521b2","name":"david perez","image":{"@type":"ImageObject","inLanguage":"es","@id":"https:\/\/www.vilademuro.net\/es\/#\/schema\/person\/image\/","url":"https:\/\/secure.gravatar.com\/avatar\/32e29d67ef109fa6f899286cf1743bb75688fd5ba35d80f5c1b6ac2b6bf32256?s=96&d=mm&r=g","contentUrl":"https:\/\/secure.gravatar.com\/avatar\/32e29d67ef109fa6f899286cf1743bb75688fd5ba35d80f5c1b6ac2b6bf32256?s=96&d=mm&r=g","caption":"david perez"}}]}},"_links":{"self":[{"href":"https:\/\/www.vilademuro.net\/es\/wp-json\/wp\/v2\/posts\/57997","targetHints":{"allow":["GET"]}}],"collection":[{"href":"https:\/\/www.vilademuro.net\/es\/wp-json\/wp\/v2\/posts"}],"about":[{"href":"https:\/\/www.vilademuro.net\/es\/wp-json\/wp\/v2\/types\/post"}],"author":[{"embeddable":true,"href":"https:\/\/www.vilademuro.net\/es\/wp-json\/wp\/v2\/users\/32"}],"replies":[{"embeddable":true,"href":"https:\/\/www.vilademuro.net\/es\/wp-json\/wp\/v2\/comments?post=57997"}],"version-history":[{"count":2,"href":"https:\/\/www.vilademuro.net\/es\/wp-json\/wp\/v2\/posts\/57997\/revisions"}],"predecessor-version":[{"id":58000,"href":"https:\/\/www.vilademuro.net\/es\/wp-json\/wp\/v2\/posts\/57997\/revisions\/58000"}],"wp:featuredmedia":[{"embeddable":true,"href":"https:\/\/www.vilademuro.net\/es\/wp-json\/wp\/v2\/media\/57998"}],"wp:attachment":[{"href":"https:\/\/www.vilademuro.net\/es\/wp-json\/wp\/v2\/media?parent=57997"}],"wp:term":[{"taxonomy":"category","embeddable":true,"href":"https:\/\/www.vilademuro.net\/es\/wp-json\/wp\/v2\/categories?post=57997"},{"taxonomy":"post_tag","embeddable":true,"href":"https:\/\/www.vilademuro.net\/es\/wp-json\/wp\/v2\/tags?post=57997"}],"curies":[{"name":"wp","href":"https:\/\/api.w.org\/{rel}","templated":true}]}}