{"id":57947,"date":"2025-10-06T20:12:16","date_gmt":"2025-10-06T18:12:16","guid":{"rendered":"https:\/\/www.vilademuro.net\/constitucio-del-consell-local-de-la-infancia-i-ladolescencia\/"},"modified":"2025-10-17T14:22:00","modified_gmt":"2025-10-17T12:22:00","slug":"constitucio-del-consell-local-de-la-infancia-i-ladolescencia","status":"publish","type":"post","link":"https:\/\/www.vilademuro.net\/es\/constitucio-del-consell-local-de-la-infancia-i-ladolescencia\/","title":{"rendered":"Constituci\u00f3n del Consejo Local de la Infancia y la Adolescencia &#8211; CLIA"},"content":{"rendered":"<h1>Muro constituye su Consejo Local de la Infancia y la Adolescencia<\/h1>\n<p>El municipio de Muro culmina el proceso de constituci\u00f3n del Consejo Local de la Infancia y la Adolescencia (CLIA), el \u00f3rgano de participaci\u00f3n que dar\u00e1 voz a ni\u00f1os, ni\u00f1as y adolescentes en las decisiones y proyectos que afectan su d\u00eda a d\u00eda. Con este paso, el municipio refuerza su compromiso con la participaci\u00f3n activa y los derechos de la infancia, siguiendo las directrices de la Convenci\u00f3n de los Derechos de los Ni\u00f1os y las Ni\u00f1as de Naciones Unidas.<\/p>\n<p>La sesi\u00f3n de constituci\u00f3n cont\u00f3 con la presencia de las personas que integran el nuevo Consejo, representantes municipales y miembros de la comunidad educativa. Durante el acto, las y los consejeros tomaron posesi\u00f3n de sus cargos y compartieron sus primeras impresiones y propuestas para hacer de Muro un pueblo m\u00e1s inclusivo.<\/p>\n<p>Este Consejo surge como resultado de un proceso participativo desarrollado durante las \u00faltimas semanas, en las cuales se han llevado a cabo varias sesiones de trabajo con la infancia y la adolescencia del municipio y campa\u00f1as en las redes sociales.<\/p>\n<p>Adem\u00e1s de la constituci\u00f3n del CLIA, la fase final del proyecto ha incluido la aprobaci\u00f3n del reglamento de funcionamiento y la creaci\u00f3n de una gu\u00eda adaptada a lenguaje accesible para explicar de manera sencilla el papel y las funciones del Consejo.<\/p>\n<p>Con la puesta en marcha del CLIA, Muro inicia una nueva etapa en la cual cobra importancia la voz de la infancia y la adolescencia en las pol\u00edticas locales. El Consejo se reunir\u00e1 peri\u00f3dicamente para analizar temas relevantes para el municipio, proponer mejoras y representar el punto de vista de ni\u00f1os, ni\u00f1as y adolescentes en los procesos de decisi\u00f3n.<\/p>\n<p>&nbsp;<\/p>\n<h1>Aqu\u00ed puedes bajarte y leer el reglamento final del CLIA:<\/h1>\n<p><a href=\"https:\/\/www.vilademuro.net\/wp-content\/uploads\/2025\/10\/Reglament-CLIA_Muro.pdf\">Reglament CLIA_Muro<\/a><\/p>\n<p><img loading=\"lazy\" decoding=\"async\" class=\"alignnone wp-image-57944 size-large\" src=\"https:\/\/www.vilademuro.net\/wp-content\/uploads\/2025\/10\/POST-FINAL_MURO-819x1024.jpg\" alt=\"\" width=\"819\" height=\"1024\" \/><\/p>\n","protected":false},"excerpt":{"rendered":"<p>Muro constituye su Consejo Local de la Infancia y la Adolescencia El municipio de Muro culmina el proceso de constituci\u00f3n del Consejo Local de la Infancia y la Adolescencia (CLIA), [&hellip;]<\/p>\n","protected":false},"author":32,"featured_media":57948,"comment_status":"closed","ping_status":"closed","sticky":false,"template":"","format":"standard","meta":{"_et_pb_use_builder":"","_et_pb_old_content":"","_et_gb_content_width":"","footnotes":""},"categories":[51,71,49,74],"tags":[],"class_list":["post-57947","post","type-post","status-publish","format-standard","has-post-thumbnail","hentry","category-destacat-es","category-juventud","category-noticias","category-participacion-ciudadana"],"yoast_head":"<!-- This site is optimized with the Yoast SEO plugin v27.1.1 - https:\/\/yoast.com\/product\/yoast-seo-wordpress\/ -->\n<title>Constituci\u00f3n del Consejo Local de la Infancia y la Adolescencia - CLIA | Ajuntament de Muro<\/title>\n<meta name=\"robots\" content=\"index, follow, max-snippet:-1, max-image-preview:large, max-video-preview:-1\" \/>\n<link rel=\"canonical\" href=\"https:\/\/www.vilademuro.net\/es\/constitucio-del-consell-local-de-la-infancia-i-ladolescencia\/\" \/>\n<meta property=\"og:locale\" content=\"es_ES\" \/>\n<meta property=\"og:type\" content=\"article\" \/>\n<meta property=\"og:title\" content=\"Constituci\u00f3n del Consejo Local de la Infancia y la Adolescencia - CLIA | Ajuntament de Muro\" \/>\n<meta property=\"og:description\" content=\"Muro constituye su Consejo Local de la Infancia y la Adolescencia El municipio de Muro culmina el proceso de constituci\u00f3n del Consejo Local de la Infancia y la Adolescencia (CLIA), [&hellip;]\" \/>\n<meta property=\"og:url\" content=\"https:\/\/www.vilademuro.net\/es\/constitucio-del-consell-local-de-la-infancia-i-ladolescencia\/\" \/>\n<meta property=\"og:site_name\" content=\"Ajuntament de Muro\" \/>\n<meta property=\"article:publisher\" content=\"https:\/\/www.facebook.com\/murodealcoy\" \/>\n<meta property=\"article:published_time\" content=\"2025-10-06T18:12:16+00:00\" \/>\n<meta property=\"article:modified_time\" content=\"2025-10-17T12:22:00+00:00\" \/>\n<meta property=\"og:image\" content=\"https:\/\/www.vilademuro.net\/wp-content\/uploads\/2025\/10\/POST-FINAL_MURO.jpg\" \/>\n\t<meta property=\"og:image:width\" content=\"1080\" \/>\n\t<meta property=\"og:image:height\" content=\"1350\" \/>\n\t<meta property=\"og:image:type\" content=\"image\/jpeg\" \/>\n<meta name=\"author\" content=\"david perez\" \/>\n<meta name=\"twitter:card\" content=\"summary_large_image\" \/>\n<meta name=\"twitter:creator\" content=\"@AjuntamentMuro\" \/>\n<meta name=\"twitter:site\" content=\"@AjuntamentMuro\" \/>\n<meta name=\"twitter:label1\" content=\"Escrito por\" \/>\n\t<meta name=\"twitter:data1\" content=\"david perez\" \/>\n\t<meta name=\"twitter:label2\" content=\"Tiempo de lectura\" \/>\n\t<meta name=\"twitter:data2\" content=\"2 minutos\" \/>\n<script type=\"application\/ld+json\" class=\"yoast-schema-graph\">{\"@context\":\"https:\/\/schema.org\",\"@graph\":[{\"@type\":\"Article\",\"@id\":\"https:\/\/www.vilademuro.net\/es\/constitucio-del-consell-local-de-la-infancia-i-ladolescencia\/#article\",\"isPartOf\":{\"@id\":\"https:\/\/www.vilademuro.net\/es\/constitucio-del-consell-local-de-la-infancia-i-ladolescencia\/\"},\"author\":{\"name\":\"david perez\",\"@id\":\"https:\/\/www.vilademuro.net\/es\/#\/schema\/person\/18d508a6d83aeac8b78142fe72d521b2\"},\"headline\":\"Constituci\u00f3n del Consejo Local de la Infancia y la Adolescencia &#8211; CLIA\",\"datePublished\":\"2025-10-06T18:12:16+00:00\",\"dateModified\":\"2025-10-17T12:22:00+00:00\",\"mainEntityOfPage\":{\"@id\":\"https:\/\/www.vilademuro.net\/es\/constitucio-del-consell-local-de-la-infancia-i-ladolescencia\/\"},\"wordCount\":332,\"publisher\":{\"@id\":\"https:\/\/www.vilademuro.net\/es\/#organization\"},\"image\":{\"@id\":\"https:\/\/www.vilademuro.net\/es\/constitucio-del-consell-local-de-la-infancia-i-ladolescencia\/#primaryimage\"},\"thumbnailUrl\":\"https:\/\/www.vilademuro.net\/wp-content\/uploads\/2025\/10\/POST-FINAL_MURO.jpg\",\"articleSection\":[\"Destacat\",\"Juventud\",\"Noticias\",\"Participaci\u00f3n ciudadana\"],\"inLanguage\":\"es\"},{\"@type\":\"WebPage\",\"@id\":\"https:\/\/www.vilademuro.net\/es\/constitucio-del-consell-local-de-la-infancia-i-ladolescencia\/\",\"url\":\"https:\/\/www.vilademuro.net\/es\/constitucio-del-consell-local-de-la-infancia-i-ladolescencia\/\",\"name\":\"Constituci\u00f3n del Consejo Local de la Infancia y la Adolescencia - CLIA | Ajuntament de Muro\",\"isPartOf\":{\"@id\":\"https:\/\/www.vilademuro.net\/es\/#website\"},\"primaryImageOfPage\":{\"@id\":\"https:\/\/www.vilademuro.net\/es\/constitucio-del-consell-local-de-la-infancia-i-ladolescencia\/#primaryimage\"},\"image\":{\"@id\":\"https:\/\/www.vilademuro.net\/es\/constitucio-del-consell-local-de-la-infancia-i-ladolescencia\/#primaryimage\"},\"thumbnailUrl\":\"https:\/\/www.vilademuro.net\/wp-content\/uploads\/2025\/10\/POST-FINAL_MURO.jpg\",\"datePublished\":\"2025-10-06T18:12:16+00:00\",\"dateModified\":\"2025-10-17T12:22:00+00:00\",\"breadcrumb\":{\"@id\":\"https:\/\/www.vilademuro.net\/es\/constitucio-del-consell-local-de-la-infancia-i-ladolescencia\/#breadcrumb\"},\"inLanguage\":\"es\",\"potentialAction\":[{\"@type\":\"ReadAction\",\"target\":[\"https:\/\/www.vilademuro.net\/es\/constitucio-del-consell-local-de-la-infancia-i-ladolescencia\/\"]}]},{\"@type\":\"ImageObject\",\"inLanguage\":\"es\",\"@id\":\"https:\/\/www.vilademuro.net\/es\/constitucio-del-consell-local-de-la-infancia-i-ladolescencia\/#primaryimage\",\"url\":\"https:\/\/www.vilademuro.net\/wp-content\/uploads\/2025\/10\/POST-FINAL_MURO.jpg\",\"contentUrl\":\"https:\/\/www.vilademuro.net\/wp-content\/uploads\/2025\/10\/POST-FINAL_MURO.jpg\",\"width\":1080,\"height\":1350},{\"@type\":\"BreadcrumbList\",\"@id\":\"https:\/\/www.vilademuro.net\/es\/constitucio-del-consell-local-de-la-infancia-i-ladolescencia\/#breadcrumb\",\"itemListElement\":[{\"@type\":\"ListItem\",\"position\":1,\"name\":\"Inici\",\"item\":\"https:\/\/www.vilademuro.net\/es\/\"},{\"@type\":\"ListItem\",\"position\":2,\"name\":\"Constituci\u00f3n del Consejo Local de la Infancia y la Adolescencia &#8211; CLIA\"}]},{\"@type\":\"WebSite\",\"@id\":\"https:\/\/www.vilademuro.net\/es\/#website\",\"url\":\"https:\/\/www.vilademuro.net\/es\/\",\"name\":\"Ajuntament de Muro d'Alcoi\",\"description\":\"P\u00e1gina web oficial de l&#039;Ajuntament de Muro\",\"publisher\":{\"@id\":\"https:\/\/www.vilademuro.net\/es\/#organization\"},\"potentialAction\":[{\"@type\":\"SearchAction\",\"target\":{\"@type\":\"EntryPoint\",\"urlTemplate\":\"https:\/\/www.vilademuro.net\/es\/?s={search_term_string}\"},\"query-input\":{\"@type\":\"PropertyValueSpecification\",\"valueRequired\":true,\"valueName\":\"search_term_string\"}}],\"inLanguage\":\"es\"},{\"@type\":\"Organization\",\"@id\":\"https:\/\/www.vilademuro.net\/es\/#organization\",\"name\":\"Ajuntament de Muro\",\"url\":\"https:\/\/www.vilademuro.net\/es\/\",\"logo\":{\"@type\":\"ImageObject\",\"inLanguage\":\"es\",\"@id\":\"https:\/\/www.vilademuro.net\/es\/#\/schema\/logo\/image\/\",\"url\":\"https:\/\/www.vilademuro.net\/wp-content\/uploads\/2022\/10\/LOGO3-2.jpg\",\"contentUrl\":\"https:\/\/www.vilademuro.net\/wp-content\/uploads\/2022\/10\/LOGO3-2.jpg\",\"width\":756,\"height\":517,\"caption\":\"Ajuntament de Muro\"},\"image\":{\"@id\":\"https:\/\/www.vilademuro.net\/es\/#\/schema\/logo\/image\/\"},\"sameAs\":[\"https:\/\/www.facebook.com\/murodealcoy\",\"https:\/\/x.com\/AjuntamentMuro\",\"https:\/\/www.youtube.com\/channel\/UC2rwbKfRqsd1Ncwm6Y1prQw\"]},{\"@type\":\"Person\",\"@id\":\"https:\/\/www.vilademuro.net\/es\/#\/schema\/person\/18d508a6d83aeac8b78142fe72d521b2\",\"name\":\"david perez\",\"image\":{\"@type\":\"ImageObject\",\"inLanguage\":\"es\",\"@id\":\"https:\/\/www.vilademuro.net\/es\/#\/schema\/person\/image\/\",\"url\":\"https:\/\/secure.gravatar.com\/avatar\/32e29d67ef109fa6f899286cf1743bb75688fd5ba35d80f5c1b6ac2b6bf32256?s=96&d=mm&r=g\",\"contentUrl\":\"https:\/\/secure.gravatar.com\/avatar\/32e29d67ef109fa6f899286cf1743bb75688fd5ba35d80f5c1b6ac2b6bf32256?s=96&d=mm&r=g\",\"caption\":\"david perez\"}}]}<\/script>\n<!-- \/ Yoast SEO plugin. -->","yoast_head_json":{"title":"Constituci\u00f3n del Consejo Local de la Infancia y la Adolescencia - CLIA | Ajuntament de Muro","robots":{"index":"index","follow":"follow","max-snippet":"max-snippet:-1","max-image-preview":"max-image-preview:large","max-video-preview":"max-video-preview:-1"},"canonical":"https:\/\/www.vilademuro.net\/es\/constitucio-del-consell-local-de-la-infancia-i-ladolescencia\/","og_locale":"es_ES","og_type":"article","og_title":"Constituci\u00f3n del Consejo Local de la Infancia y la Adolescencia - CLIA | Ajuntament de Muro","og_description":"Muro constituye su Consejo Local de la Infancia y la Adolescencia El municipio de Muro culmina el proceso de constituci\u00f3n del Consejo Local de la Infancia y la Adolescencia (CLIA), [&hellip;]","og_url":"https:\/\/www.vilademuro.net\/es\/constitucio-del-consell-local-de-la-infancia-i-ladolescencia\/","og_site_name":"Ajuntament de Muro","article_publisher":"https:\/\/www.facebook.com\/murodealcoy","article_published_time":"2025-10-06T18:12:16+00:00","article_modified_time":"2025-10-17T12:22:00+00:00","og_image":[{"width":1080,"height":1350,"url":"https:\/\/www.vilademuro.net\/wp-content\/uploads\/2025\/10\/POST-FINAL_MURO.jpg","type":"image\/jpeg"}],"author":"david perez","twitter_card":"summary_large_image","twitter_creator":"@AjuntamentMuro","twitter_site":"@AjuntamentMuro","twitter_misc":{"Escrito por":"david perez","Tiempo de lectura":"2 minutos"},"schema":{"@context":"https:\/\/schema.org","@graph":[{"@type":"Article","@id":"https:\/\/www.vilademuro.net\/es\/constitucio-del-consell-local-de-la-infancia-i-ladolescencia\/#article","isPartOf":{"@id":"https:\/\/www.vilademuro.net\/es\/constitucio-del-consell-local-de-la-infancia-i-ladolescencia\/"},"author":{"name":"david perez","@id":"https:\/\/www.vilademuro.net\/es\/#\/schema\/person\/18d508a6d83aeac8b78142fe72d521b2"},"headline":"Constituci\u00f3n del Consejo Local de la Infancia y la Adolescencia &#8211; CLIA","datePublished":"2025-10-06T18:12:16+00:00","dateModified":"2025-10-17T12:22:00+00:00","mainEntityOfPage":{"@id":"https:\/\/www.vilademuro.net\/es\/constitucio-del-consell-local-de-la-infancia-i-ladolescencia\/"},"wordCount":332,"publisher":{"@id":"https:\/\/www.vilademuro.net\/es\/#organization"},"image":{"@id":"https:\/\/www.vilademuro.net\/es\/constitucio-del-consell-local-de-la-infancia-i-ladolescencia\/#primaryimage"},"thumbnailUrl":"https:\/\/www.vilademuro.net\/wp-content\/uploads\/2025\/10\/POST-FINAL_MURO.jpg","articleSection":["Destacat","Juventud","Noticias","Participaci\u00f3n ciudadana"],"inLanguage":"es"},{"@type":"WebPage","@id":"https:\/\/www.vilademuro.net\/es\/constitucio-del-consell-local-de-la-infancia-i-ladolescencia\/","url":"https:\/\/www.vilademuro.net\/es\/constitucio-del-consell-local-de-la-infancia-i-ladolescencia\/","name":"Constituci\u00f3n del Consejo Local de la Infancia y la Adolescencia - CLIA | Ajuntament de Muro","isPartOf":{"@id":"https:\/\/www.vilademuro.net\/es\/#website"},"primaryImageOfPage":{"@id":"https:\/\/www.vilademuro.net\/es\/constitucio-del-consell-local-de-la-infancia-i-ladolescencia\/#primaryimage"},"image":{"@id":"https:\/\/www.vilademuro.net\/es\/constitucio-del-consell-local-de-la-infancia-i-ladolescencia\/#primaryimage"},"thumbnailUrl":"https:\/\/www.vilademuro.net\/wp-content\/uploads\/2025\/10\/POST-FINAL_MURO.jpg","datePublished":"2025-10-06T18:12:16+00:00","dateModified":"2025-10-17T12:22:00+00:00","breadcrumb":{"@id":"https:\/\/www.vilademuro.net\/es\/constitucio-del-consell-local-de-la-infancia-i-ladolescencia\/#breadcrumb"},"inLanguage":"es","potentialAction":[{"@type":"ReadAction","target":["https:\/\/www.vilademuro.net\/es\/constitucio-del-consell-local-de-la-infancia-i-ladolescencia\/"]}]},{"@type":"ImageObject","inLanguage":"es","@id":"https:\/\/www.vilademuro.net\/es\/constitucio-del-consell-local-de-la-infancia-i-ladolescencia\/#primaryimage","url":"https:\/\/www.vilademuro.net\/wp-content\/uploads\/2025\/10\/POST-FINAL_MURO.jpg","contentUrl":"https:\/\/www.vilademuro.net\/wp-content\/uploads\/2025\/10\/POST-FINAL_MURO.jpg","width":1080,"height":1350},{"@type":"BreadcrumbList","@id":"https:\/\/www.vilademuro.net\/es\/constitucio-del-consell-local-de-la-infancia-i-ladolescencia\/#breadcrumb","itemListElement":[{"@type":"ListItem","position":1,"name":"Inici","item":"https:\/\/www.vilademuro.net\/es\/"},{"@type":"ListItem","position":2,"name":"Constituci\u00f3n del Consejo Local de la Infancia y la Adolescencia &#8211; CLIA"}]},{"@type":"WebSite","@id":"https:\/\/www.vilademuro.net\/es\/#website","url":"https:\/\/www.vilademuro.net\/es\/","name":"Ajuntament de Muro d'Alcoi","description":"P\u00e1gina web oficial de l&#039;Ajuntament de Muro","publisher":{"@id":"https:\/\/www.vilademuro.net\/es\/#organization"},"potentialAction":[{"@type":"SearchAction","target":{"@type":"EntryPoint","urlTemplate":"https:\/\/www.vilademuro.net\/es\/?s={search_term_string}"},"query-input":{"@type":"PropertyValueSpecification","valueRequired":true,"valueName":"search_term_string"}}],"inLanguage":"es"},{"@type":"Organization","@id":"https:\/\/www.vilademuro.net\/es\/#organization","name":"Ajuntament de Muro","url":"https:\/\/www.vilademuro.net\/es\/","logo":{"@type":"ImageObject","inLanguage":"es","@id":"https:\/\/www.vilademuro.net\/es\/#\/schema\/logo\/image\/","url":"https:\/\/www.vilademuro.net\/wp-content\/uploads\/2022\/10\/LOGO3-2.jpg","contentUrl":"https:\/\/www.vilademuro.net\/wp-content\/uploads\/2022\/10\/LOGO3-2.jpg","width":756,"height":517,"caption":"Ajuntament de Muro"},"image":{"@id":"https:\/\/www.vilademuro.net\/es\/#\/schema\/logo\/image\/"},"sameAs":["https:\/\/www.facebook.com\/murodealcoy","https:\/\/x.com\/AjuntamentMuro","https:\/\/www.youtube.com\/channel\/UC2rwbKfRqsd1Ncwm6Y1prQw"]},{"@type":"Person","@id":"https:\/\/www.vilademuro.net\/es\/#\/schema\/person\/18d508a6d83aeac8b78142fe72d521b2","name":"david perez","image":{"@type":"ImageObject","inLanguage":"es","@id":"https:\/\/www.vilademuro.net\/es\/#\/schema\/person\/image\/","url":"https:\/\/secure.gravatar.com\/avatar\/32e29d67ef109fa6f899286cf1743bb75688fd5ba35d80f5c1b6ac2b6bf32256?s=96&d=mm&r=g","contentUrl":"https:\/\/secure.gravatar.com\/avatar\/32e29d67ef109fa6f899286cf1743bb75688fd5ba35d80f5c1b6ac2b6bf32256?s=96&d=mm&r=g","caption":"david perez"}}]}},"_links":{"self":[{"href":"https:\/\/www.vilademuro.net\/es\/wp-json\/wp\/v2\/posts\/57947","targetHints":{"allow":["GET"]}}],"collection":[{"href":"https:\/\/www.vilademuro.net\/es\/wp-json\/wp\/v2\/posts"}],"about":[{"href":"https:\/\/www.vilademuro.net\/es\/wp-json\/wp\/v2\/types\/post"}],"author":[{"embeddable":true,"href":"https:\/\/www.vilademuro.net\/es\/wp-json\/wp\/v2\/users\/32"}],"replies":[{"embeddable":true,"href":"https:\/\/www.vilademuro.net\/es\/wp-json\/wp\/v2\/comments?post=57947"}],"version-history":[{"count":2,"href":"https:\/\/www.vilademuro.net\/es\/wp-json\/wp\/v2\/posts\/57947\/revisions"}],"predecessor-version":[{"id":57951,"href":"https:\/\/www.vilademuro.net\/es\/wp-json\/wp\/v2\/posts\/57947\/revisions\/57951"}],"wp:featuredmedia":[{"embeddable":true,"href":"https:\/\/www.vilademuro.net\/es\/wp-json\/wp\/v2\/media\/57948"}],"wp:attachment":[{"href":"https:\/\/www.vilademuro.net\/es\/wp-json\/wp\/v2\/media?parent=57947"}],"wp:term":[{"taxonomy":"category","embeddable":true,"href":"https:\/\/www.vilademuro.net\/es\/wp-json\/wp\/v2\/categories?post=57947"},{"taxonomy":"post_tag","embeddable":true,"href":"https:\/\/www.vilademuro.net\/es\/wp-json\/wp\/v2\/tags?post=57947"}],"curies":[{"name":"wp","href":"https:\/\/api.w.org\/{rel}","templated":true}]}}