{"id":57876,"date":"2025-10-13T20:26:40","date_gmt":"2025-10-13T18:26:40","guid":{"rendered":"https:\/\/www.vilademuro.net\/la-corporacio-municipal-de-muro-es-reuneix-per-a-mostrar-la-seua-predisposicio-a-collaborar-amb-el-centre-de-xiquets-en-estat-de-vulnerabilitat\/"},"modified":"2025-10-13T20:56:32","modified_gmt":"2025-10-13T18:56:32","slug":"la-corporacio-municipal-de-muro-es-reuneix-per-a-mostrar-la-seua-predisposicio-a-collaborar-amb-el-centre-de-xiquets-en-estat-de-vulnerabilitat","status":"publish","type":"post","link":"https:\/\/www.vilademuro.net\/es\/la-corporacio-municipal-de-muro-es-reuneix-per-a-mostrar-la-seua-predisposicio-a-collaborar-amb-el-centre-de-xiquets-en-estat-de-vulnerabilitat\/","title":{"rendered":"La Corporaci\u00f3n Municipal de Muro se re\u00fane para mostrar su predisposici\u00f3n a colaborar con el centro de ni\u00f1os en situaci\u00f3n de vulnerabilidad"},"content":{"rendered":"<h2><img loading=\"lazy\" decoding=\"async\" class=\"alignnone wp-image-57872 size-medium\" src=\"https:\/\/www.vilademuro.net\/wp-content\/uploads\/2025\/10\/IMG_7627-300x225.jpg\" alt=\"\" width=\"300\" height=\"225\" \/><img loading=\"lazy\" decoding=\"async\" class=\"alignnone size-medium wp-image-57873\" src=\"https:\/\/www.vilademuro.net\/wp-content\/uploads\/2025\/10\/IMG_7634-300x225.jpg\" alt=\"\" width=\"300\" height=\"225\" \/><img loading=\"lazy\" decoding=\"async\" class=\"alignnone size-medium wp-image-57885\" src=\"https:\/\/www.vilademuro.net\/wp-content\/uploads\/2025\/10\/IMG_7649-300x225.jpg\" alt=\"\" width=\"300\" height=\"225\" \/><\/h2>\n<h2><strong data-start=\"106\" data-end=\"248\">La Corporaci\u00f3n Municipal de Muro se re\u00fane para mostrar su predisposici\u00f3n a colaborar con el centro de ni\u00f1os en situaci\u00f3n de vulnerabilidad<\/strong><\/h2>\n<p data-start=\"250\" data-end=\"730\"><em data-start=\"250\" data-end=\"282\">(Muro, 13 de octubre de 2025).<\/em> La Corporaci\u00f3n Municipal de Muro ha mantenido hoy una reuni\u00f3n con representantes de la Fundaci\u00f3n Antonio Moreno, entidad gestora del Centro de Atenci\u00f3n Temporal de Emergencia (CATE) para menores en situaci\u00f3n de vulnerabilidad. El objetivo ha sido compartir informaci\u00f3n actualizada sobre el funcionamiento del recurso y establecer v\u00edas de colaboraci\u00f3n que garanticen una integraci\u00f3n real, coordinada y respetuosa con el municipio y con los menores.<\/p>\n<p data-start=\"732\" data-end=\"1202\">Esta es la segunda reuni\u00f3n mantenida por parte de la Junta de Portavoces desde que se comunic\u00f3 la llegada de los primeros ni\u00f1os, y ha contado con la participaci\u00f3n de los representantes de todos los grupos pol\u00edticos municipales: Partido Popular, Xarxa Muro, Ens Uneix, PSPV-PSOE y Comprom\u00eds, que han mostrado una predisposici\u00f3n com\u00fan para trabajar de manera responsable y conjunta, as\u00ed como para mantener l\u00edneas de comunicaci\u00f3n fluidas entre administraciones y el centro.<\/p>\n<p data-start=\"1204\" data-end=\"2067\">Vicent Molina, alcalde de Muro, ha manifestado que \u201chemos tenido la primera toma de contacto con representantes de la Fundaci\u00f3n Antonio Moreno y, por mi parte, quiero mostrar mi gratitud por las palabras expuestas en esta reuni\u00f3n. Se trata de un centro de atenci\u00f3n temporal para menores en situaci\u00f3n de vulnerabilidad, y entendemos desde el Ayuntamiento que, m\u00e1s que un problema, puede ser una oportunidad para acompa\u00f1ar a personas con un grado de vulnerabilidad elevado en una sociedad donde se demanda mano de obra, si las cosas las hacemos bien. Desde el Ayuntamiento colaboraremos con la Fundaci\u00f3n durante estos tres meses para poder formar y acompa\u00f1ar a estos menores\u201d. Al mismo tiempo ha recordado que la administraci\u00f3n local no tiene ninguna competencia en la materia y se muestra a la espera de disponer de toda la informaci\u00f3n por parte de la Generalitat.<\/p>\n<p data-start=\"2069\" data-end=\"2534\">Actualmente, el centro acoge a 12 ni\u00f1os, con capacidad m\u00e1xima para 60, y est\u00e1 gestionado por la Fundaci\u00f3n Antonio Moreno, una entidad con dilatada experiencia en el \u00e1mbito social y de inserci\u00f3n. No es un centro de recepci\u00f3n en primera instancia, ni tampoco un recurso para menores con medidas judiciales, sino un espacio de acogida temporal para j\u00f3venes que han vivido situaciones de gran vulnerabilidad y que buscan las herramientas para integrarse en la sociedad.<\/p>\n<p data-start=\"2536\" data-end=\"2861\">La Conselleria de Igualdad, Pol\u00edticas Inclusivas y Migraciones ha establecido un contrato de emergencia de tres meses, prorrogable seg\u00fan las necesidades, con la Fundaci\u00f3n Antonio Moreno para la gesti\u00f3n del CATE. La tutela recae en la Direcci\u00f3n Territorial de Alicante y en los servicios sociales de la Generalitat Valenciana.<\/p>\n<p data-start=\"2863\" data-end=\"3506\">Desde el Ayuntamiento se ha expresado la disposici\u00f3n total a colaborar con la Conselleria y con la Fundaci\u00f3n Antonio Moreno para velar por una convivencia positiva y una integraci\u00f3n efectiva, al tiempo que se ha trasladado la preocupaci\u00f3n por la falta de previsi\u00f3n y de comunicaci\u00f3n previa en la implantaci\u00f3n del recurso, recordando que el consistorio no tiene competencias directas en esta materia. En este sentido, el Ayuntamiento solicitar\u00e1 una reuni\u00f3n formal con la Conselleria para mejorar la l\u00ednea de informaci\u00f3n y establecer un convenio de colaboraci\u00f3n que garantice los recursos necesarios y defina el papel de la administraci\u00f3n local.<\/p>\n<p data-start=\"3508\" data-end=\"4380\">Lute Pastor, director de zona de la Fundaci\u00f3n Antonio Moreno, ha explicado que \u201cel centro de atenci\u00f3n temporal de emergencia acoge a ni\u00f1os de entre 15 y 18 a\u00f1os que llegan en situaci\u00f3n de gran vulnerabilidad. Con la colaboraci\u00f3n de la corporaci\u00f3n local y de la ciudadan\u00eda, buscamos una integraci\u00f3n sociolaboral adecuada para que puedan tener un mejor futuro. Actualmente hay entre 12 y 15 ni\u00f1os, con capacidad m\u00e1xima para 60, y un equipo profesional de entre 50 y 55 personas para el acompa\u00f1amiento y la protecci\u00f3n\u201d. Un equipo amplio porque los menores est\u00e1n siempre acompa\u00f1ados las 24 horas del d\u00eda, todos los d\u00edas del a\u00f1o, y es necesario establecer turnos. Incluso se contempla el acompa\u00f1amiento en el tiempo de ocio y en las salidas al exterior. Adem\u00e1s, se recuerda que hasta el momento no se ha realizado ninguna salida fuera del centro por las condiciones clim\u00e1ticas.<\/p>\n<h2 data-start=\"4382\" data-end=\"4409\"><strong data-start=\"4382\" data-end=\"4409\">Oportunidades laborales<\/strong><\/h2>\n<p data-start=\"4411\" data-end=\"4754\">El centro cuenta con un equipo multidisciplinar (psicolog\u00eda, educaci\u00f3n social, trabajo social, auxiliares de control educativo, mediaci\u00f3n intercultural, limpieza, mantenimiento, vigilancia y direcci\u00f3n) que suma cerca de 50 puestos de trabajo, muchos de los cuales se espera cubrir en Muro y la comarca para favorecer el v\u00ednculo con el entorno.<\/p>\n<p data-start=\"4756\" data-end=\"5332\">Las personas interesadas pueden presentar su candidatura a trav\u00e9s del portal de selecci\u00f3n del Grupo El Castillo (empresa colaboradora de la Fundaci\u00f3n Antonio Moreno), donde hay vacantes para perfiles de educaci\u00f3n, mediaci\u00f3n, trabajo social, psicolog\u00eda, enfermer\u00eda, servicios generales y administraci\u00f3n (contratos fijos discontinuos y jornada completa). M\u00e1s informaci\u00f3n y env\u00edo de CV: <a class=\"decorated-link\" href=\"https:\/\/seleccion.grupoelcastillo.com\/\" target=\"_new\" rel=\"noopener\" data-start=\"5140\" data-end=\"5179\">https:\/\/seleccion.grupoelcastillo.com<\/a> \u00b7 <strong data-start=\"5182\" data-end=\"5210\"><a class=\"decorated-link cursor-pointer\" rel=\"noopener\" data-start=\"5184\" data-end=\"5208\">rrhh@grupoelcastillo.com<\/a><\/strong>. Adem\u00e1s, en los pr\u00f3ximos d\u00edas se habilitar\u00e1 tambi\u00e9n la opci\u00f3n de recoger candidaturas desde la oficina de empleo del ADL.<\/p>\n<h2 data-start=\"5334\" data-end=\"5371\"><strong data-start=\"5334\" data-end=\"5371\">Proyectos de futuro e integraci\u00f3n<\/strong><\/h2>\n<p data-start=\"5373\" data-end=\"5879\">El Ayuntamiento propondr\u00e1 a Labora la creaci\u00f3n de un programa de formaci\u00f3n ocupacional o escuela taller para facilitar la inserci\u00f3n laboral en sectores con demanda real de mano de obra, especialmente el sector primario. Los menores siguen programas educativos personalizados en grupos reducidos, con salidas acompa\u00f1adas por personal responsable, para facilitar su adaptaci\u00f3n al nuevo entorno. De momento no se prev\u00e9 la escolarizaci\u00f3n en los centros de Muro por cuestiones de edad y competencia ling\u00fc\u00edstica.<\/p>\n<p data-start=\"5881\" data-end=\"6123\" data-is-last-node=\"\" data-is-only-node=\"\">Finalmente, el Gobierno Municipal agradece la buena predisposici\u00f3n de todas las fuerzas pol\u00edticas y la colaboraci\u00f3n de la Fundaci\u00f3n Antonio Moreno, reforzando el compromiso com\u00fan de ofrecer una respuesta humanitaria, coordinada y responsable.<\/p>\n<p>&nbsp;<\/p>\n","protected":false},"excerpt":{"rendered":"<p>La Corporaci\u00f3n Municipal de Muro se re\u00fane para mostrar su predisposici\u00f3n a colaborar con el centro de ni\u00f1os en situaci\u00f3n de vulnerabilidad (Muro, 13 de octubre de 2025). La Corporaci\u00f3n [&hellip;]<\/p>\n","protected":false},"author":32,"featured_media":57877,"comment_status":"closed","ping_status":"closed","sticky":false,"template":"","format":"standard","meta":{"_et_pb_use_builder":"","_et_pb_old_content":"","_et_gb_content_width":"","footnotes":""},"categories":[51,49],"tags":[],"class_list":["post-57876","post","type-post","status-publish","format-standard","has-post-thumbnail","hentry","category-destacat-es","category-noticias"],"yoast_head":"<!-- This site is optimized with the Yoast SEO plugin v27.1.1 - https:\/\/yoast.com\/product\/yoast-seo-wordpress\/ -->\n<title>La Corporaci\u00f3n Municipal de Muro se re\u00fane para mostrar su predisposici\u00f3n a colaborar con el centro de ni\u00f1os en situaci\u00f3n de vulnerabilidad | Ajuntament de Muro<\/title>\n<meta name=\"robots\" content=\"index, follow, max-snippet:-1, max-image-preview:large, max-video-preview:-1\" \/>\n<link rel=\"canonical\" href=\"https:\/\/www.vilademuro.net\/es\/la-corporacio-municipal-de-muro-es-reuneix-per-a-mostrar-la-seua-predisposicio-a-collaborar-amb-el-centre-de-xiquets-en-estat-de-vulnerabilitat\/\" \/>\n<meta property=\"og:locale\" content=\"es_ES\" \/>\n<meta property=\"og:type\" content=\"article\" \/>\n<meta property=\"og:title\" content=\"La Corporaci\u00f3n Municipal de Muro se re\u00fane para mostrar su predisposici\u00f3n a colaborar con el centro de ni\u00f1os en situaci\u00f3n de vulnerabilidad | Ajuntament de Muro\" \/>\n<meta property=\"og:description\" content=\"La Corporaci\u00f3n Municipal de Muro se re\u00fane para mostrar su predisposici\u00f3n a colaborar con el centro de ni\u00f1os en situaci\u00f3n de vulnerabilidad (Muro, 13 de octubre de 2025). La Corporaci\u00f3n [&hellip;]\" \/>\n<meta property=\"og:url\" content=\"https:\/\/www.vilademuro.net\/es\/la-corporacio-municipal-de-muro-es-reuneix-per-a-mostrar-la-seua-predisposicio-a-collaborar-amb-el-centre-de-xiquets-en-estat-de-vulnerabilitat\/\" \/>\n<meta property=\"og:site_name\" content=\"Ajuntament de Muro\" \/>\n<meta property=\"article:publisher\" content=\"https:\/\/www.facebook.com\/murodealcoy\" \/>\n<meta property=\"article:published_time\" content=\"2025-10-13T18:26:40+00:00\" \/>\n<meta property=\"article:modified_time\" content=\"2025-10-13T18:56:32+00:00\" \/>\n<meta property=\"og:image\" content=\"https:\/\/www.vilademuro.net\/wp-content\/uploads\/2025\/10\/reunio-fundacio-antonio-moreno-muro.jpg\" \/>\n\t<meta property=\"og:image:width\" content=\"1920\" \/>\n\t<meta property=\"og:image:height\" content=\"1487\" \/>\n\t<meta property=\"og:image:type\" content=\"image\/jpeg\" \/>\n<meta name=\"author\" content=\"david perez\" \/>\n<meta name=\"twitter:card\" content=\"summary_large_image\" \/>\n<meta name=\"twitter:creator\" content=\"@AjuntamentMuro\" \/>\n<meta name=\"twitter:site\" content=\"@AjuntamentMuro\" \/>\n<meta name=\"twitter:label1\" content=\"Escrito por\" \/>\n\t<meta name=\"twitter:data1\" content=\"david perez\" \/>\n\t<meta name=\"twitter:label2\" content=\"Tiempo de lectura\" \/>\n\t<meta name=\"twitter:data2\" content=\"6 minutos\" \/>\n<script type=\"application\/ld+json\" class=\"yoast-schema-graph\">{\"@context\":\"https:\/\/schema.org\",\"@graph\":[{\"@type\":\"Article\",\"@id\":\"https:\/\/www.vilademuro.net\/es\/la-corporacio-municipal-de-muro-es-reuneix-per-a-mostrar-la-seua-predisposicio-a-collaborar-amb-el-centre-de-xiquets-en-estat-de-vulnerabilitat\/#article\",\"isPartOf\":{\"@id\":\"https:\/\/www.vilademuro.net\/es\/la-corporacio-municipal-de-muro-es-reuneix-per-a-mostrar-la-seua-predisposicio-a-collaborar-amb-el-centre-de-xiquets-en-estat-de-vulnerabilitat\/\"},\"author\":{\"name\":\"david perez\",\"@id\":\"https:\/\/www.vilademuro.net\/es\/#\/schema\/person\/18d508a6d83aeac8b78142fe72d521b2\"},\"headline\":\"La Corporaci\u00f3n Municipal de Muro se re\u00fane para mostrar su predisposici\u00f3n a colaborar con el centro de ni\u00f1os en situaci\u00f3n de vulnerabilidad\",\"datePublished\":\"2025-10-13T18:26:40+00:00\",\"dateModified\":\"2025-10-13T18:56:32+00:00\",\"mainEntityOfPage\":{\"@id\":\"https:\/\/www.vilademuro.net\/es\/la-corporacio-municipal-de-muro-es-reuneix-per-a-mostrar-la-seua-predisposicio-a-collaborar-amb-el-centre-de-xiquets-en-estat-de-vulnerabilitat\/\"},\"wordCount\":1049,\"publisher\":{\"@id\":\"https:\/\/www.vilademuro.net\/es\/#organization\"},\"image\":{\"@id\":\"https:\/\/www.vilademuro.net\/es\/la-corporacio-municipal-de-muro-es-reuneix-per-a-mostrar-la-seua-predisposicio-a-collaborar-amb-el-centre-de-xiquets-en-estat-de-vulnerabilitat\/#primaryimage\"},\"thumbnailUrl\":\"https:\/\/www.vilademuro.net\/wp-content\/uploads\/2025\/10\/reunio-fundacio-antonio-moreno-muro.jpg\",\"articleSection\":[\"Destacat\",\"Noticias\"],\"inLanguage\":\"es\"},{\"@type\":\"WebPage\",\"@id\":\"https:\/\/www.vilademuro.net\/es\/la-corporacio-municipal-de-muro-es-reuneix-per-a-mostrar-la-seua-predisposicio-a-collaborar-amb-el-centre-de-xiquets-en-estat-de-vulnerabilitat\/\",\"url\":\"https:\/\/www.vilademuro.net\/es\/la-corporacio-municipal-de-muro-es-reuneix-per-a-mostrar-la-seua-predisposicio-a-collaborar-amb-el-centre-de-xiquets-en-estat-de-vulnerabilitat\/\",\"name\":\"La Corporaci\u00f3n Municipal de Muro se re\u00fane para mostrar su predisposici\u00f3n a colaborar con el centro de ni\u00f1os en situaci\u00f3n de vulnerabilidad | Ajuntament de Muro\",\"isPartOf\":{\"@id\":\"https:\/\/www.vilademuro.net\/es\/#website\"},\"primaryImageOfPage\":{\"@id\":\"https:\/\/www.vilademuro.net\/es\/la-corporacio-municipal-de-muro-es-reuneix-per-a-mostrar-la-seua-predisposicio-a-collaborar-amb-el-centre-de-xiquets-en-estat-de-vulnerabilitat\/#primaryimage\"},\"image\":{\"@id\":\"https:\/\/www.vilademuro.net\/es\/la-corporacio-municipal-de-muro-es-reuneix-per-a-mostrar-la-seua-predisposicio-a-collaborar-amb-el-centre-de-xiquets-en-estat-de-vulnerabilitat\/#primaryimage\"},\"thumbnailUrl\":\"https:\/\/www.vilademuro.net\/wp-content\/uploads\/2025\/10\/reunio-fundacio-antonio-moreno-muro.jpg\",\"datePublished\":\"2025-10-13T18:26:40+00:00\",\"dateModified\":\"2025-10-13T18:56:32+00:00\",\"breadcrumb\":{\"@id\":\"https:\/\/www.vilademuro.net\/es\/la-corporacio-municipal-de-muro-es-reuneix-per-a-mostrar-la-seua-predisposicio-a-collaborar-amb-el-centre-de-xiquets-en-estat-de-vulnerabilitat\/#breadcrumb\"},\"inLanguage\":\"es\",\"potentialAction\":[{\"@type\":\"ReadAction\",\"target\":[\"https:\/\/www.vilademuro.net\/es\/la-corporacio-municipal-de-muro-es-reuneix-per-a-mostrar-la-seua-predisposicio-a-collaborar-amb-el-centre-de-xiquets-en-estat-de-vulnerabilitat\/\"]}]},{\"@type\":\"ImageObject\",\"inLanguage\":\"es\",\"@id\":\"https:\/\/www.vilademuro.net\/es\/la-corporacio-municipal-de-muro-es-reuneix-per-a-mostrar-la-seua-predisposicio-a-collaborar-amb-el-centre-de-xiquets-en-estat-de-vulnerabilitat\/#primaryimage\",\"url\":\"https:\/\/www.vilademuro.net\/wp-content\/uploads\/2025\/10\/reunio-fundacio-antonio-moreno-muro.jpg\",\"contentUrl\":\"https:\/\/www.vilademuro.net\/wp-content\/uploads\/2025\/10\/reunio-fundacio-antonio-moreno-muro.jpg\",\"width\":1920,\"height\":1487},{\"@type\":\"BreadcrumbList\",\"@id\":\"https:\/\/www.vilademuro.net\/es\/la-corporacio-municipal-de-muro-es-reuneix-per-a-mostrar-la-seua-predisposicio-a-collaborar-amb-el-centre-de-xiquets-en-estat-de-vulnerabilitat\/#breadcrumb\",\"itemListElement\":[{\"@type\":\"ListItem\",\"position\":1,\"name\":\"Inici\",\"item\":\"https:\/\/www.vilademuro.net\/es\/\"},{\"@type\":\"ListItem\",\"position\":2,\"name\":\"La Corporaci\u00f3n Municipal de Muro se re\u00fane para mostrar su predisposici\u00f3n a colaborar con el centro de ni\u00f1os en situaci\u00f3n de vulnerabilidad\"}]},{\"@type\":\"WebSite\",\"@id\":\"https:\/\/www.vilademuro.net\/es\/#website\",\"url\":\"https:\/\/www.vilademuro.net\/es\/\",\"name\":\"Ajuntament de Muro d'Alcoi\",\"description\":\"P\u00e1gina web oficial de l&#039;Ajuntament de Muro\",\"publisher\":{\"@id\":\"https:\/\/www.vilademuro.net\/es\/#organization\"},\"potentialAction\":[{\"@type\":\"SearchAction\",\"target\":{\"@type\":\"EntryPoint\",\"urlTemplate\":\"https:\/\/www.vilademuro.net\/es\/?s={search_term_string}\"},\"query-input\":{\"@type\":\"PropertyValueSpecification\",\"valueRequired\":true,\"valueName\":\"search_term_string\"}}],\"inLanguage\":\"es\"},{\"@type\":\"Organization\",\"@id\":\"https:\/\/www.vilademuro.net\/es\/#organization\",\"name\":\"Ajuntament de Muro\",\"url\":\"https:\/\/www.vilademuro.net\/es\/\",\"logo\":{\"@type\":\"ImageObject\",\"inLanguage\":\"es\",\"@id\":\"https:\/\/www.vilademuro.net\/es\/#\/schema\/logo\/image\/\",\"url\":\"https:\/\/www.vilademuro.net\/wp-content\/uploads\/2022\/10\/LOGO3-2.jpg\",\"contentUrl\":\"https:\/\/www.vilademuro.net\/wp-content\/uploads\/2022\/10\/LOGO3-2.jpg\",\"width\":756,\"height\":517,\"caption\":\"Ajuntament de Muro\"},\"image\":{\"@id\":\"https:\/\/www.vilademuro.net\/es\/#\/schema\/logo\/image\/\"},\"sameAs\":[\"https:\/\/www.facebook.com\/murodealcoy\",\"https:\/\/x.com\/AjuntamentMuro\",\"https:\/\/www.youtube.com\/channel\/UC2rwbKfRqsd1Ncwm6Y1prQw\"]},{\"@type\":\"Person\",\"@id\":\"https:\/\/www.vilademuro.net\/es\/#\/schema\/person\/18d508a6d83aeac8b78142fe72d521b2\",\"name\":\"david perez\",\"image\":{\"@type\":\"ImageObject\",\"inLanguage\":\"es\",\"@id\":\"https:\/\/www.vilademuro.net\/es\/#\/schema\/person\/image\/\",\"url\":\"https:\/\/secure.gravatar.com\/avatar\/32e29d67ef109fa6f899286cf1743bb75688fd5ba35d80f5c1b6ac2b6bf32256?s=96&d=mm&r=g\",\"contentUrl\":\"https:\/\/secure.gravatar.com\/avatar\/32e29d67ef109fa6f899286cf1743bb75688fd5ba35d80f5c1b6ac2b6bf32256?s=96&d=mm&r=g\",\"caption\":\"david perez\"}}]}<\/script>\n<!-- \/ Yoast SEO plugin. -->","yoast_head_json":{"title":"La Corporaci\u00f3n Municipal de Muro se re\u00fane para mostrar su predisposici\u00f3n a colaborar con el centro de ni\u00f1os en situaci\u00f3n de vulnerabilidad | Ajuntament de Muro","robots":{"index":"index","follow":"follow","max-snippet":"max-snippet:-1","max-image-preview":"max-image-preview:large","max-video-preview":"max-video-preview:-1"},"canonical":"https:\/\/www.vilademuro.net\/es\/la-corporacio-municipal-de-muro-es-reuneix-per-a-mostrar-la-seua-predisposicio-a-collaborar-amb-el-centre-de-xiquets-en-estat-de-vulnerabilitat\/","og_locale":"es_ES","og_type":"article","og_title":"La Corporaci\u00f3n Municipal de Muro se re\u00fane para mostrar su predisposici\u00f3n a colaborar con el centro de ni\u00f1os en situaci\u00f3n de vulnerabilidad | Ajuntament de Muro","og_description":"La Corporaci\u00f3n Municipal de Muro se re\u00fane para mostrar su predisposici\u00f3n a colaborar con el centro de ni\u00f1os en situaci\u00f3n de vulnerabilidad (Muro, 13 de octubre de 2025). La Corporaci\u00f3n [&hellip;]","og_url":"https:\/\/www.vilademuro.net\/es\/la-corporacio-municipal-de-muro-es-reuneix-per-a-mostrar-la-seua-predisposicio-a-collaborar-amb-el-centre-de-xiquets-en-estat-de-vulnerabilitat\/","og_site_name":"Ajuntament de Muro","article_publisher":"https:\/\/www.facebook.com\/murodealcoy","article_published_time":"2025-10-13T18:26:40+00:00","article_modified_time":"2025-10-13T18:56:32+00:00","og_image":[{"width":1920,"height":1487,"url":"https:\/\/www.vilademuro.net\/wp-content\/uploads\/2025\/10\/reunio-fundacio-antonio-moreno-muro.jpg","type":"image\/jpeg"}],"author":"david perez","twitter_card":"summary_large_image","twitter_creator":"@AjuntamentMuro","twitter_site":"@AjuntamentMuro","twitter_misc":{"Escrito por":"david perez","Tiempo de lectura":"6 minutos"},"schema":{"@context":"https:\/\/schema.org","@graph":[{"@type":"Article","@id":"https:\/\/www.vilademuro.net\/es\/la-corporacio-municipal-de-muro-es-reuneix-per-a-mostrar-la-seua-predisposicio-a-collaborar-amb-el-centre-de-xiquets-en-estat-de-vulnerabilitat\/#article","isPartOf":{"@id":"https:\/\/www.vilademuro.net\/es\/la-corporacio-municipal-de-muro-es-reuneix-per-a-mostrar-la-seua-predisposicio-a-collaborar-amb-el-centre-de-xiquets-en-estat-de-vulnerabilitat\/"},"author":{"name":"david perez","@id":"https:\/\/www.vilademuro.net\/es\/#\/schema\/person\/18d508a6d83aeac8b78142fe72d521b2"},"headline":"La Corporaci\u00f3n Municipal de Muro se re\u00fane para mostrar su predisposici\u00f3n a colaborar con el centro de ni\u00f1os en situaci\u00f3n de vulnerabilidad","datePublished":"2025-10-13T18:26:40+00:00","dateModified":"2025-10-13T18:56:32+00:00","mainEntityOfPage":{"@id":"https:\/\/www.vilademuro.net\/es\/la-corporacio-municipal-de-muro-es-reuneix-per-a-mostrar-la-seua-predisposicio-a-collaborar-amb-el-centre-de-xiquets-en-estat-de-vulnerabilitat\/"},"wordCount":1049,"publisher":{"@id":"https:\/\/www.vilademuro.net\/es\/#organization"},"image":{"@id":"https:\/\/www.vilademuro.net\/es\/la-corporacio-municipal-de-muro-es-reuneix-per-a-mostrar-la-seua-predisposicio-a-collaborar-amb-el-centre-de-xiquets-en-estat-de-vulnerabilitat\/#primaryimage"},"thumbnailUrl":"https:\/\/www.vilademuro.net\/wp-content\/uploads\/2025\/10\/reunio-fundacio-antonio-moreno-muro.jpg","articleSection":["Destacat","Noticias"],"inLanguage":"es"},{"@type":"WebPage","@id":"https:\/\/www.vilademuro.net\/es\/la-corporacio-municipal-de-muro-es-reuneix-per-a-mostrar-la-seua-predisposicio-a-collaborar-amb-el-centre-de-xiquets-en-estat-de-vulnerabilitat\/","url":"https:\/\/www.vilademuro.net\/es\/la-corporacio-municipal-de-muro-es-reuneix-per-a-mostrar-la-seua-predisposicio-a-collaborar-amb-el-centre-de-xiquets-en-estat-de-vulnerabilitat\/","name":"La Corporaci\u00f3n Municipal de Muro se re\u00fane para mostrar su predisposici\u00f3n a colaborar con el centro de ni\u00f1os en situaci\u00f3n de vulnerabilidad | Ajuntament de Muro","isPartOf":{"@id":"https:\/\/www.vilademuro.net\/es\/#website"},"primaryImageOfPage":{"@id":"https:\/\/www.vilademuro.net\/es\/la-corporacio-municipal-de-muro-es-reuneix-per-a-mostrar-la-seua-predisposicio-a-collaborar-amb-el-centre-de-xiquets-en-estat-de-vulnerabilitat\/#primaryimage"},"image":{"@id":"https:\/\/www.vilademuro.net\/es\/la-corporacio-municipal-de-muro-es-reuneix-per-a-mostrar-la-seua-predisposicio-a-collaborar-amb-el-centre-de-xiquets-en-estat-de-vulnerabilitat\/#primaryimage"},"thumbnailUrl":"https:\/\/www.vilademuro.net\/wp-content\/uploads\/2025\/10\/reunio-fundacio-antonio-moreno-muro.jpg","datePublished":"2025-10-13T18:26:40+00:00","dateModified":"2025-10-13T18:56:32+00:00","breadcrumb":{"@id":"https:\/\/www.vilademuro.net\/es\/la-corporacio-municipal-de-muro-es-reuneix-per-a-mostrar-la-seua-predisposicio-a-collaborar-amb-el-centre-de-xiquets-en-estat-de-vulnerabilitat\/#breadcrumb"},"inLanguage":"es","potentialAction":[{"@type":"ReadAction","target":["https:\/\/www.vilademuro.net\/es\/la-corporacio-municipal-de-muro-es-reuneix-per-a-mostrar-la-seua-predisposicio-a-collaborar-amb-el-centre-de-xiquets-en-estat-de-vulnerabilitat\/"]}]},{"@type":"ImageObject","inLanguage":"es","@id":"https:\/\/www.vilademuro.net\/es\/la-corporacio-municipal-de-muro-es-reuneix-per-a-mostrar-la-seua-predisposicio-a-collaborar-amb-el-centre-de-xiquets-en-estat-de-vulnerabilitat\/#primaryimage","url":"https:\/\/www.vilademuro.net\/wp-content\/uploads\/2025\/10\/reunio-fundacio-antonio-moreno-muro.jpg","contentUrl":"https:\/\/www.vilademuro.net\/wp-content\/uploads\/2025\/10\/reunio-fundacio-antonio-moreno-muro.jpg","width":1920,"height":1487},{"@type":"BreadcrumbList","@id":"https:\/\/www.vilademuro.net\/es\/la-corporacio-municipal-de-muro-es-reuneix-per-a-mostrar-la-seua-predisposicio-a-collaborar-amb-el-centre-de-xiquets-en-estat-de-vulnerabilitat\/#breadcrumb","itemListElement":[{"@type":"ListItem","position":1,"name":"Inici","item":"https:\/\/www.vilademuro.net\/es\/"},{"@type":"ListItem","position":2,"name":"La Corporaci\u00f3n Municipal de Muro se re\u00fane para mostrar su predisposici\u00f3n a colaborar con el centro de ni\u00f1os en situaci\u00f3n de vulnerabilidad"}]},{"@type":"WebSite","@id":"https:\/\/www.vilademuro.net\/es\/#website","url":"https:\/\/www.vilademuro.net\/es\/","name":"Ajuntament de Muro d'Alcoi","description":"P\u00e1gina web oficial de l&#039;Ajuntament de Muro","publisher":{"@id":"https:\/\/www.vilademuro.net\/es\/#organization"},"potentialAction":[{"@type":"SearchAction","target":{"@type":"EntryPoint","urlTemplate":"https:\/\/www.vilademuro.net\/es\/?s={search_term_string}"},"query-input":{"@type":"PropertyValueSpecification","valueRequired":true,"valueName":"search_term_string"}}],"inLanguage":"es"},{"@type":"Organization","@id":"https:\/\/www.vilademuro.net\/es\/#organization","name":"Ajuntament de Muro","url":"https:\/\/www.vilademuro.net\/es\/","logo":{"@type":"ImageObject","inLanguage":"es","@id":"https:\/\/www.vilademuro.net\/es\/#\/schema\/logo\/image\/","url":"https:\/\/www.vilademuro.net\/wp-content\/uploads\/2022\/10\/LOGO3-2.jpg","contentUrl":"https:\/\/www.vilademuro.net\/wp-content\/uploads\/2022\/10\/LOGO3-2.jpg","width":756,"height":517,"caption":"Ajuntament de Muro"},"image":{"@id":"https:\/\/www.vilademuro.net\/es\/#\/schema\/logo\/image\/"},"sameAs":["https:\/\/www.facebook.com\/murodealcoy","https:\/\/x.com\/AjuntamentMuro","https:\/\/www.youtube.com\/channel\/UC2rwbKfRqsd1Ncwm6Y1prQw"]},{"@type":"Person","@id":"https:\/\/www.vilademuro.net\/es\/#\/schema\/person\/18d508a6d83aeac8b78142fe72d521b2","name":"david perez","image":{"@type":"ImageObject","inLanguage":"es","@id":"https:\/\/www.vilademuro.net\/es\/#\/schema\/person\/image\/","url":"https:\/\/secure.gravatar.com\/avatar\/32e29d67ef109fa6f899286cf1743bb75688fd5ba35d80f5c1b6ac2b6bf32256?s=96&d=mm&r=g","contentUrl":"https:\/\/secure.gravatar.com\/avatar\/32e29d67ef109fa6f899286cf1743bb75688fd5ba35d80f5c1b6ac2b6bf32256?s=96&d=mm&r=g","caption":"david perez"}}]}},"_links":{"self":[{"href":"https:\/\/www.vilademuro.net\/es\/wp-json\/wp\/v2\/posts\/57876","targetHints":{"allow":["GET"]}}],"collection":[{"href":"https:\/\/www.vilademuro.net\/es\/wp-json\/wp\/v2\/posts"}],"about":[{"href":"https:\/\/www.vilademuro.net\/es\/wp-json\/wp\/v2\/types\/post"}],"author":[{"embeddable":true,"href":"https:\/\/www.vilademuro.net\/es\/wp-json\/wp\/v2\/users\/32"}],"replies":[{"embeddable":true,"href":"https:\/\/www.vilademuro.net\/es\/wp-json\/wp\/v2\/comments?post=57876"}],"version-history":[{"count":3,"href":"https:\/\/www.vilademuro.net\/es\/wp-json\/wp\/v2\/posts\/57876\/revisions"}],"predecessor-version":[{"id":57887,"href":"https:\/\/www.vilademuro.net\/es\/wp-json\/wp\/v2\/posts\/57876\/revisions\/57887"}],"wp:featuredmedia":[{"embeddable":true,"href":"https:\/\/www.vilademuro.net\/es\/wp-json\/wp\/v2\/media\/57877"}],"wp:attachment":[{"href":"https:\/\/www.vilademuro.net\/es\/wp-json\/wp\/v2\/media?parent=57876"}],"wp:term":[{"taxonomy":"category","embeddable":true,"href":"https:\/\/www.vilademuro.net\/es\/wp-json\/wp\/v2\/categories?post=57876"},{"taxonomy":"post_tag","embeddable":true,"href":"https:\/\/www.vilademuro.net\/es\/wp-json\/wp\/v2\/tags?post=57876"}],"curies":[{"name":"wp","href":"https:\/\/api.w.org\/{rel}","templated":true}]}}