{"id":56989,"date":"2025-07-23T12:34:53","date_gmt":"2025-07-23T10:34:53","guid":{"rendered":"https:\/\/www.vilademuro.net\/muro-convida-a-coneixer-els-seus-pobles-amb-una-passejada-guiada\/"},"modified":"2025-07-23T12:37:49","modified_gmt":"2025-07-23T10:37:49","slug":"muro-convida-a-coneixer-els-seus-pobles-amb-una-passejada-guiada","status":"publish","type":"post","link":"https:\/\/www.vilademuro.net\/es\/muro-convida-a-coneixer-els-seus-pobles-amb-una-passejada-guiada\/","title":{"rendered":"Muro invita a conocer sus pueblos con un paseo guiado"},"content":{"rendered":"<p data-start=\"0\" data-end=\"67\"><em><strong data-start=\"0\" data-end=\"67\">Turismo<\/strong><\/em><\/p>\n<h1 data-start=\"0\" data-end=\"67\"><strong data-start=\"0\" data-end=\"67\">Muro invita a conocer sus pueblos con un paseo guiado<\/strong><\/h1>\n<p data-start=\"69\" data-end=\"517\">Muro anima a vecinos y visitantes a recorrer Ben\u00e0mer,\u202fl\u2019Alquerieta,\u202fSetla\u202fde\u202fNuny\u00e8s y\u202fTurballos este s\u00e1bado, 27 de julio, en un paseo guiado que pretende reivindicar la riqueza patrimonial y paisaj\u00edstica de sus pedan\u00edas y t\u00e9rmino municipal. La iniciativa, impulsada por la Concejal\u00eda de Turismo, tiene como objetivo principal divulgar la \u201cpeque\u00f1a historia\u201d que guarda cada calle y fomentar un turismo de proximidad, accesible para todas las edades.<\/p>\n<p data-start=\"519\" data-end=\"961\">La ruta partir\u00e1 a las ocho de la ma\u00f1ana desde la Casa de Ferro, junto al Polideportivo Municipal, y contar\u00e1 con las explicaciones de un gu\u00eda especializado en patrimonio local. Gracias a sus comentarios, los participantes descubrir\u00e1n tanto el valor del paisaje vivo como la importancia patrimonial de las pedan\u00edas: un entorno privilegiado repleto de curiosidades por desvelar, mientras se tejen lazos entre pueblos y se fortalece la comunidad.<\/p>\n<p data-start=\"963\" data-end=\"1444\">\u00abDesde Tourist Info Muro hemos preparado una actividad sencilla pero cargada de significado; queremos que la gente se acerque a nuestra memoria colectiva y, al mismo tiempo, disfrute de un d\u00eda de naturaleza\u00bb, explica la concejala de Turismo,\u202fCarolina\u202fIv\u00e0\u00f1ez, quien destaca que la propuesta responde a la creciente demanda de actividades sostenibles y de \u201ckil\u00f3metro\u202fcero\u201d. Seg\u00fan Iv\u00e0\u00f1ez, el paseo \u00abes apto para todo el p\u00fablico y anima a valorar lo que tenemos a pocos pasos de casa\u00bb.<\/p>\n<p data-start=\"1446\" data-end=\"1731\">Las inscripciones, que se cerrar\u00e1n en cuanto se complete el aforo, pueden formalizarse en el tel\u00e9fono 965\u202f532\u202f071 o por WhatsApp en el 635\u202f485\u202f344. El Ayuntamiento recuerda que se recomienda llevar calzado c\u00f3modo, agua y alguna prenda para protegerse del sol, as\u00ed como protector solar.<\/p>\n<p data-start=\"1733\" data-end=\"2041\">Con esta iniciativa, Muro reafirma su apuesta por un modelo tur\u00edstico responsable que combina divulgaci\u00f3n hist\u00f3rica, contacto con el medio y convivencia vecinal, apelando a la participaci\u00f3n ciudadana en la preservaci\u00f3n del legado cultural del municipio. \u00abOs esperamos a todas y todos\u00bb, concluye la concejala.<\/p>\n<p data-start=\"2043\" data-end=\"2438\" data-is-last-node=\"\" data-is-only-node=\"\">Muro es un \u201cpueblo de pueblos\u201d que aspira a hacer o\u00edr la voz y el alma de cada uno de ellos, destacando el valor de la unidad y la buena convivencia que se respira en el municipio, tanto hacia el exterior como hacia el interior; generar un sentimiento de orgullo por todo lo que se ha sabido conservar y cuidar a lo largo de los a\u00f1os, transformando a Muro en la \u201cTierra culta\u201d que es hoy en d\u00eda.<\/p>\n<p>&nbsp;<\/p>\n<p><img loading=\"lazy\" decoding=\"async\" class=\"alignnone wp-image-56986 size-large\" src=\"https:\/\/www.vilademuro.net\/wp-content\/uploads\/2025\/07\/cartell-Pedanies-819x1024.jpeg\" alt=\"\" width=\"819\" height=\"1024\" \/><\/p>\n<p>&nbsp;<\/p>\n","protected":false},"excerpt":{"rendered":"<p>Turismo Muro invita a conocer sus pueblos con un paseo guiado Muro anima a vecinos y visitantes a recorrer Ben\u00e0mer,\u202fl\u2019Alquerieta,\u202fSetla\u202fde\u202fNuny\u00e8s y\u202fTurballos este s\u00e1bado, 27 de julio, en un paseo guiado [&hellip;]<\/p>\n","protected":false},"author":32,"featured_media":56987,"comment_status":"closed","ping_status":"closed","sticky":false,"template":"","format":"standard","meta":{"_et_pb_use_builder":"","_et_pb_old_content":"","_et_gb_content_width":"","footnotes":""},"categories":[51,49,83,130,84],"tags":[],"class_list":["post-56989","post","type-post","status-publish","format-standard","has-post-thumbnail","hentry","category-destacat-es","category-noticias","category-patrimonio-cultural","category-pedanias","category-turismo-activo"],"yoast_head":"<!-- This site is optimized with the Yoast SEO plugin v27.1.1 - https:\/\/yoast.com\/product\/yoast-seo-wordpress\/ -->\n<title>Muro invita a conocer sus pueblos con un paseo guiado | Ajuntament de Muro<\/title>\n<meta name=\"robots\" content=\"index, follow, max-snippet:-1, max-image-preview:large, max-video-preview:-1\" \/>\n<link rel=\"canonical\" href=\"https:\/\/www.vilademuro.net\/es\/muro-convida-a-coneixer-els-seus-pobles-amb-una-passejada-guiada\/\" \/>\n<meta property=\"og:locale\" content=\"es_ES\" \/>\n<meta property=\"og:type\" content=\"article\" \/>\n<meta property=\"og:title\" content=\"Muro invita a conocer sus pueblos con un paseo guiado | Ajuntament de Muro\" \/>\n<meta property=\"og:description\" content=\"Turismo Muro invita a conocer sus pueblos con un paseo guiado Muro anima a vecinos y visitantes a recorrer Ben\u00e0mer,\u202fl\u2019Alquerieta,\u202fSetla\u202fde\u202fNuny\u00e8s y\u202fTurballos este s\u00e1bado, 27 de julio, en un paseo guiado [&hellip;]\" \/>\n<meta property=\"og:url\" content=\"https:\/\/www.vilademuro.net\/es\/muro-convida-a-coneixer-els-seus-pobles-amb-una-passejada-guiada\/\" \/>\n<meta property=\"og:site_name\" content=\"Ajuntament de Muro\" \/>\n<meta property=\"article:publisher\" content=\"https:\/\/www.facebook.com\/murodealcoy\" \/>\n<meta property=\"article:published_time\" content=\"2025-07-23T10:34:53+00:00\" \/>\n<meta property=\"article:modified_time\" content=\"2025-07-23T10:37:49+00:00\" \/>\n<meta property=\"og:image\" content=\"https:\/\/www.vilademuro.net\/wp-content\/uploads\/2025\/07\/cartell-Pedanies.jpeg\" \/>\n\t<meta property=\"og:image:width\" content=\"1279\" \/>\n\t<meta property=\"og:image:height\" content=\"1600\" \/>\n\t<meta property=\"og:image:type\" content=\"image\/jpeg\" \/>\n<meta name=\"author\" content=\"david perez\" \/>\n<meta name=\"twitter:card\" content=\"summary_large_image\" \/>\n<meta name=\"twitter:creator\" content=\"@AjuntamentMuro\" \/>\n<meta name=\"twitter:site\" content=\"@AjuntamentMuro\" \/>\n<meta name=\"twitter:label1\" content=\"Escrito por\" \/>\n\t<meta name=\"twitter:data1\" content=\"david perez\" \/>\n\t<meta name=\"twitter:label2\" content=\"Tiempo de lectura\" \/>\n\t<meta name=\"twitter:data2\" content=\"3 minutos\" \/>\n<script type=\"application\/ld+json\" class=\"yoast-schema-graph\">{\"@context\":\"https:\/\/schema.org\",\"@graph\":[{\"@type\":\"Article\",\"@id\":\"https:\/\/www.vilademuro.net\/es\/muro-convida-a-coneixer-els-seus-pobles-amb-una-passejada-guiada\/#article\",\"isPartOf\":{\"@id\":\"https:\/\/www.vilademuro.net\/es\/muro-convida-a-coneixer-els-seus-pobles-amb-una-passejada-guiada\/\"},\"author\":{\"name\":\"david perez\",\"@id\":\"https:\/\/www.vilademuro.net\/es\/#\/schema\/person\/18d508a6d83aeac8b78142fe72d521b2\"},\"headline\":\"Muro invita a conocer sus pueblos con un paseo guiado\",\"datePublished\":\"2025-07-23T10:34:53+00:00\",\"dateModified\":\"2025-07-23T10:37:49+00:00\",\"mainEntityOfPage\":{\"@id\":\"https:\/\/www.vilademuro.net\/es\/muro-convida-a-coneixer-els-seus-pobles-amb-una-passejada-guiada\/\"},\"wordCount\":434,\"publisher\":{\"@id\":\"https:\/\/www.vilademuro.net\/es\/#organization\"},\"image\":{\"@id\":\"https:\/\/www.vilademuro.net\/es\/muro-convida-a-coneixer-els-seus-pobles-amb-una-passejada-guiada\/#primaryimage\"},\"thumbnailUrl\":\"https:\/\/www.vilademuro.net\/wp-content\/uploads\/2025\/07\/cartell-Pedanies.jpeg\",\"articleSection\":[\"Destacat\",\"Noticias\",\"Patrimonio cultural\",\"Pedanias\",\"Turismo activo\"],\"inLanguage\":\"es\"},{\"@type\":\"WebPage\",\"@id\":\"https:\/\/www.vilademuro.net\/es\/muro-convida-a-coneixer-els-seus-pobles-amb-una-passejada-guiada\/\",\"url\":\"https:\/\/www.vilademuro.net\/es\/muro-convida-a-coneixer-els-seus-pobles-amb-una-passejada-guiada\/\",\"name\":\"Muro invita a conocer sus pueblos con un paseo guiado | Ajuntament de Muro\",\"isPartOf\":{\"@id\":\"https:\/\/www.vilademuro.net\/es\/#website\"},\"primaryImageOfPage\":{\"@id\":\"https:\/\/www.vilademuro.net\/es\/muro-convida-a-coneixer-els-seus-pobles-amb-una-passejada-guiada\/#primaryimage\"},\"image\":{\"@id\":\"https:\/\/www.vilademuro.net\/es\/muro-convida-a-coneixer-els-seus-pobles-amb-una-passejada-guiada\/#primaryimage\"},\"thumbnailUrl\":\"https:\/\/www.vilademuro.net\/wp-content\/uploads\/2025\/07\/cartell-Pedanies.jpeg\",\"datePublished\":\"2025-07-23T10:34:53+00:00\",\"dateModified\":\"2025-07-23T10:37:49+00:00\",\"breadcrumb\":{\"@id\":\"https:\/\/www.vilademuro.net\/es\/muro-convida-a-coneixer-els-seus-pobles-amb-una-passejada-guiada\/#breadcrumb\"},\"inLanguage\":\"es\",\"potentialAction\":[{\"@type\":\"ReadAction\",\"target\":[\"https:\/\/www.vilademuro.net\/es\/muro-convida-a-coneixer-els-seus-pobles-amb-una-passejada-guiada\/\"]}]},{\"@type\":\"ImageObject\",\"inLanguage\":\"es\",\"@id\":\"https:\/\/www.vilademuro.net\/es\/muro-convida-a-coneixer-els-seus-pobles-amb-una-passejada-guiada\/#primaryimage\",\"url\":\"https:\/\/www.vilademuro.net\/wp-content\/uploads\/2025\/07\/cartell-Pedanies.jpeg\",\"contentUrl\":\"https:\/\/www.vilademuro.net\/wp-content\/uploads\/2025\/07\/cartell-Pedanies.jpeg\",\"width\":1279,\"height\":1600},{\"@type\":\"BreadcrumbList\",\"@id\":\"https:\/\/www.vilademuro.net\/es\/muro-convida-a-coneixer-els-seus-pobles-amb-una-passejada-guiada\/#breadcrumb\",\"itemListElement\":[{\"@type\":\"ListItem\",\"position\":1,\"name\":\"Inici\",\"item\":\"https:\/\/www.vilademuro.net\/es\/\"},{\"@type\":\"ListItem\",\"position\":2,\"name\":\"Muro invita a conocer sus pueblos con un paseo guiado\"}]},{\"@type\":\"WebSite\",\"@id\":\"https:\/\/www.vilademuro.net\/es\/#website\",\"url\":\"https:\/\/www.vilademuro.net\/es\/\",\"name\":\"Ajuntament de Muro d'Alcoi\",\"description\":\"P\u00e1gina web oficial de l&#039;Ajuntament de Muro\",\"publisher\":{\"@id\":\"https:\/\/www.vilademuro.net\/es\/#organization\"},\"potentialAction\":[{\"@type\":\"SearchAction\",\"target\":{\"@type\":\"EntryPoint\",\"urlTemplate\":\"https:\/\/www.vilademuro.net\/es\/?s={search_term_string}\"},\"query-input\":{\"@type\":\"PropertyValueSpecification\",\"valueRequired\":true,\"valueName\":\"search_term_string\"}}],\"inLanguage\":\"es\"},{\"@type\":\"Organization\",\"@id\":\"https:\/\/www.vilademuro.net\/es\/#organization\",\"name\":\"Ajuntament de Muro\",\"url\":\"https:\/\/www.vilademuro.net\/es\/\",\"logo\":{\"@type\":\"ImageObject\",\"inLanguage\":\"es\",\"@id\":\"https:\/\/www.vilademuro.net\/es\/#\/schema\/logo\/image\/\",\"url\":\"https:\/\/www.vilademuro.net\/wp-content\/uploads\/2022\/10\/LOGO3-2.jpg\",\"contentUrl\":\"https:\/\/www.vilademuro.net\/wp-content\/uploads\/2022\/10\/LOGO3-2.jpg\",\"width\":756,\"height\":517,\"caption\":\"Ajuntament de Muro\"},\"image\":{\"@id\":\"https:\/\/www.vilademuro.net\/es\/#\/schema\/logo\/image\/\"},\"sameAs\":[\"https:\/\/www.facebook.com\/murodealcoy\",\"https:\/\/x.com\/AjuntamentMuro\",\"https:\/\/www.youtube.com\/channel\/UC2rwbKfRqsd1Ncwm6Y1prQw\"]},{\"@type\":\"Person\",\"@id\":\"https:\/\/www.vilademuro.net\/es\/#\/schema\/person\/18d508a6d83aeac8b78142fe72d521b2\",\"name\":\"david perez\",\"image\":{\"@type\":\"ImageObject\",\"inLanguage\":\"es\",\"@id\":\"https:\/\/www.vilademuro.net\/es\/#\/schema\/person\/image\/\",\"url\":\"https:\/\/secure.gravatar.com\/avatar\/32e29d67ef109fa6f899286cf1743bb75688fd5ba35d80f5c1b6ac2b6bf32256?s=96&d=mm&r=g\",\"contentUrl\":\"https:\/\/secure.gravatar.com\/avatar\/32e29d67ef109fa6f899286cf1743bb75688fd5ba35d80f5c1b6ac2b6bf32256?s=96&d=mm&r=g\",\"caption\":\"david perez\"}}]}<\/script>\n<!-- \/ Yoast SEO plugin. -->","yoast_head_json":{"title":"Muro invita a conocer sus pueblos con un paseo guiado | Ajuntament de Muro","robots":{"index":"index","follow":"follow","max-snippet":"max-snippet:-1","max-image-preview":"max-image-preview:large","max-video-preview":"max-video-preview:-1"},"canonical":"https:\/\/www.vilademuro.net\/es\/muro-convida-a-coneixer-els-seus-pobles-amb-una-passejada-guiada\/","og_locale":"es_ES","og_type":"article","og_title":"Muro invita a conocer sus pueblos con un paseo guiado | Ajuntament de Muro","og_description":"Turismo Muro invita a conocer sus pueblos con un paseo guiado Muro anima a vecinos y visitantes a recorrer Ben\u00e0mer,\u202fl\u2019Alquerieta,\u202fSetla\u202fde\u202fNuny\u00e8s y\u202fTurballos este s\u00e1bado, 27 de julio, en un paseo guiado [&hellip;]","og_url":"https:\/\/www.vilademuro.net\/es\/muro-convida-a-coneixer-els-seus-pobles-amb-una-passejada-guiada\/","og_site_name":"Ajuntament de Muro","article_publisher":"https:\/\/www.facebook.com\/murodealcoy","article_published_time":"2025-07-23T10:34:53+00:00","article_modified_time":"2025-07-23T10:37:49+00:00","og_image":[{"width":1279,"height":1600,"url":"https:\/\/www.vilademuro.net\/wp-content\/uploads\/2025\/07\/cartell-Pedanies.jpeg","type":"image\/jpeg"}],"author":"david perez","twitter_card":"summary_large_image","twitter_creator":"@AjuntamentMuro","twitter_site":"@AjuntamentMuro","twitter_misc":{"Escrito por":"david perez","Tiempo de lectura":"3 minutos"},"schema":{"@context":"https:\/\/schema.org","@graph":[{"@type":"Article","@id":"https:\/\/www.vilademuro.net\/es\/muro-convida-a-coneixer-els-seus-pobles-amb-una-passejada-guiada\/#article","isPartOf":{"@id":"https:\/\/www.vilademuro.net\/es\/muro-convida-a-coneixer-els-seus-pobles-amb-una-passejada-guiada\/"},"author":{"name":"david perez","@id":"https:\/\/www.vilademuro.net\/es\/#\/schema\/person\/18d508a6d83aeac8b78142fe72d521b2"},"headline":"Muro invita a conocer sus pueblos con un paseo guiado","datePublished":"2025-07-23T10:34:53+00:00","dateModified":"2025-07-23T10:37:49+00:00","mainEntityOfPage":{"@id":"https:\/\/www.vilademuro.net\/es\/muro-convida-a-coneixer-els-seus-pobles-amb-una-passejada-guiada\/"},"wordCount":434,"publisher":{"@id":"https:\/\/www.vilademuro.net\/es\/#organization"},"image":{"@id":"https:\/\/www.vilademuro.net\/es\/muro-convida-a-coneixer-els-seus-pobles-amb-una-passejada-guiada\/#primaryimage"},"thumbnailUrl":"https:\/\/www.vilademuro.net\/wp-content\/uploads\/2025\/07\/cartell-Pedanies.jpeg","articleSection":["Destacat","Noticias","Patrimonio cultural","Pedanias","Turismo activo"],"inLanguage":"es"},{"@type":"WebPage","@id":"https:\/\/www.vilademuro.net\/es\/muro-convida-a-coneixer-els-seus-pobles-amb-una-passejada-guiada\/","url":"https:\/\/www.vilademuro.net\/es\/muro-convida-a-coneixer-els-seus-pobles-amb-una-passejada-guiada\/","name":"Muro invita a conocer sus pueblos con un paseo guiado | Ajuntament de Muro","isPartOf":{"@id":"https:\/\/www.vilademuro.net\/es\/#website"},"primaryImageOfPage":{"@id":"https:\/\/www.vilademuro.net\/es\/muro-convida-a-coneixer-els-seus-pobles-amb-una-passejada-guiada\/#primaryimage"},"image":{"@id":"https:\/\/www.vilademuro.net\/es\/muro-convida-a-coneixer-els-seus-pobles-amb-una-passejada-guiada\/#primaryimage"},"thumbnailUrl":"https:\/\/www.vilademuro.net\/wp-content\/uploads\/2025\/07\/cartell-Pedanies.jpeg","datePublished":"2025-07-23T10:34:53+00:00","dateModified":"2025-07-23T10:37:49+00:00","breadcrumb":{"@id":"https:\/\/www.vilademuro.net\/es\/muro-convida-a-coneixer-els-seus-pobles-amb-una-passejada-guiada\/#breadcrumb"},"inLanguage":"es","potentialAction":[{"@type":"ReadAction","target":["https:\/\/www.vilademuro.net\/es\/muro-convida-a-coneixer-els-seus-pobles-amb-una-passejada-guiada\/"]}]},{"@type":"ImageObject","inLanguage":"es","@id":"https:\/\/www.vilademuro.net\/es\/muro-convida-a-coneixer-els-seus-pobles-amb-una-passejada-guiada\/#primaryimage","url":"https:\/\/www.vilademuro.net\/wp-content\/uploads\/2025\/07\/cartell-Pedanies.jpeg","contentUrl":"https:\/\/www.vilademuro.net\/wp-content\/uploads\/2025\/07\/cartell-Pedanies.jpeg","width":1279,"height":1600},{"@type":"BreadcrumbList","@id":"https:\/\/www.vilademuro.net\/es\/muro-convida-a-coneixer-els-seus-pobles-amb-una-passejada-guiada\/#breadcrumb","itemListElement":[{"@type":"ListItem","position":1,"name":"Inici","item":"https:\/\/www.vilademuro.net\/es\/"},{"@type":"ListItem","position":2,"name":"Muro invita a conocer sus pueblos con un paseo guiado"}]},{"@type":"WebSite","@id":"https:\/\/www.vilademuro.net\/es\/#website","url":"https:\/\/www.vilademuro.net\/es\/","name":"Ajuntament de Muro d'Alcoi","description":"P\u00e1gina web oficial de l&#039;Ajuntament de Muro","publisher":{"@id":"https:\/\/www.vilademuro.net\/es\/#organization"},"potentialAction":[{"@type":"SearchAction","target":{"@type":"EntryPoint","urlTemplate":"https:\/\/www.vilademuro.net\/es\/?s={search_term_string}"},"query-input":{"@type":"PropertyValueSpecification","valueRequired":true,"valueName":"search_term_string"}}],"inLanguage":"es"},{"@type":"Organization","@id":"https:\/\/www.vilademuro.net\/es\/#organization","name":"Ajuntament de Muro","url":"https:\/\/www.vilademuro.net\/es\/","logo":{"@type":"ImageObject","inLanguage":"es","@id":"https:\/\/www.vilademuro.net\/es\/#\/schema\/logo\/image\/","url":"https:\/\/www.vilademuro.net\/wp-content\/uploads\/2022\/10\/LOGO3-2.jpg","contentUrl":"https:\/\/www.vilademuro.net\/wp-content\/uploads\/2022\/10\/LOGO3-2.jpg","width":756,"height":517,"caption":"Ajuntament de Muro"},"image":{"@id":"https:\/\/www.vilademuro.net\/es\/#\/schema\/logo\/image\/"},"sameAs":["https:\/\/www.facebook.com\/murodealcoy","https:\/\/x.com\/AjuntamentMuro","https:\/\/www.youtube.com\/channel\/UC2rwbKfRqsd1Ncwm6Y1prQw"]},{"@type":"Person","@id":"https:\/\/www.vilademuro.net\/es\/#\/schema\/person\/18d508a6d83aeac8b78142fe72d521b2","name":"david perez","image":{"@type":"ImageObject","inLanguage":"es","@id":"https:\/\/www.vilademuro.net\/es\/#\/schema\/person\/image\/","url":"https:\/\/secure.gravatar.com\/avatar\/32e29d67ef109fa6f899286cf1743bb75688fd5ba35d80f5c1b6ac2b6bf32256?s=96&d=mm&r=g","contentUrl":"https:\/\/secure.gravatar.com\/avatar\/32e29d67ef109fa6f899286cf1743bb75688fd5ba35d80f5c1b6ac2b6bf32256?s=96&d=mm&r=g","caption":"david perez"}}]}},"_links":{"self":[{"href":"https:\/\/www.vilademuro.net\/es\/wp-json\/wp\/v2\/posts\/56989","targetHints":{"allow":["GET"]}}],"collection":[{"href":"https:\/\/www.vilademuro.net\/es\/wp-json\/wp\/v2\/posts"}],"about":[{"href":"https:\/\/www.vilademuro.net\/es\/wp-json\/wp\/v2\/types\/post"}],"author":[{"embeddable":true,"href":"https:\/\/www.vilademuro.net\/es\/wp-json\/wp\/v2\/users\/32"}],"replies":[{"embeddable":true,"href":"https:\/\/www.vilademuro.net\/es\/wp-json\/wp\/v2\/comments?post=56989"}],"version-history":[{"count":2,"href":"https:\/\/www.vilademuro.net\/es\/wp-json\/wp\/v2\/posts\/56989\/revisions"}],"predecessor-version":[{"id":56991,"href":"https:\/\/www.vilademuro.net\/es\/wp-json\/wp\/v2\/posts\/56989\/revisions\/56991"}],"wp:featuredmedia":[{"embeddable":true,"href":"https:\/\/www.vilademuro.net\/es\/wp-json\/wp\/v2\/media\/56987"}],"wp:attachment":[{"href":"https:\/\/www.vilademuro.net\/es\/wp-json\/wp\/v2\/media?parent=56989"}],"wp:term":[{"taxonomy":"category","embeddable":true,"href":"https:\/\/www.vilademuro.net\/es\/wp-json\/wp\/v2\/categories?post=56989"},{"taxonomy":"post_tag","embeddable":true,"href":"https:\/\/www.vilademuro.net\/es\/wp-json\/wp\/v2\/tags?post=56989"}],"curies":[{"name":"wp","href":"https:\/\/api.w.org\/{rel}","templated":true}]}}