{"id":56941,"date":"2025-07-17T00:48:04","date_gmt":"2025-07-16T22:48:04","guid":{"rendered":"https:\/\/www.vilademuro.net\/?p=56941"},"modified":"2025-07-17T00:58:44","modified_gmt":"2025-07-16T22:58:44","slug":"56941","status":"publish","type":"post","link":"https:\/\/www.vilademuro.net\/es\/56941\/","title":{"rendered":"La primera edici\u00f3n de Juga\u202fMuro congrega a m\u00e1s de 400 participantes y sit\u00faa el juego como motor de convivencia en el municipio"},"content":{"rendered":"<p data-start=\"0\" data-end=\"143\"><strong data-start=\"0\" data-end=\"12\">Juventud<\/strong><\/p>\n<div id=\"attachment_56937\" style=\"width: 1930px\" class=\"wp-caption alignnone\"><img loading=\"lazy\" decoding=\"async\" aria-describedby=\"caption-attachment-56937\" class=\"wp-image-56937 size-full\" src=\"https:\/\/www.vilademuro.net\/wp-content\/uploads\/2025\/07\/DSC2272.jpg\" alt=\"Juga Muro\" width=\"1920\" height=\"1281\" srcset=\"https:\/\/www.vilademuro.net\/wp-content\/uploads\/2025\/07\/DSC2272.jpg 1920w, https:\/\/www.vilademuro.net\/wp-content\/uploads\/2025\/07\/DSC2272-1280x854.jpg 1280w, https:\/\/www.vilademuro.net\/wp-content\/uploads\/2025\/07\/DSC2272-980x654.jpg 980w, https:\/\/www.vilademuro.net\/wp-content\/uploads\/2025\/07\/DSC2272-480x320.jpg 480w\" sizes=\"(min-width: 0px) and (max-width: 480px) 480px, (min-width: 481px) and (max-width: 980px) 980px, (min-width: 981px) and (max-width: 1280px) 1280px, (min-width: 1281px) 1920px, 100vw\" \/><p id=\"caption-attachment-56937\" class=\"wp-caption-text\">Foto de Sof\u00eda A\u00eds<\/p><\/div>\n<h1 data-start=\"0\" data-end=\"143\"><br data-start=\"12\" data-end=\"15\" \/>La primera edici\u00f3n de Juga\u202fMuro congrega a m\u00e1s de 400 participantes y sit\u00faa el juego como motor de convivencia en el municipio<\/h1>\n<p data-start=\"145\" data-end=\"745\">El Archivo Municipal de Muro se convirti\u00f3 el s\u00e1bado, de diez de la ma\u00f1ana a diez de la noche, en un gran tablero compartido donde familias, j\u00f3venes y ni\u00f1os descubrieron nuevas formas de ocio alternativo. La Concejal\u00eda de Juventud, con la complicidad de la asociaci\u00f3n Domingueros\u202fAlcoi y la tienda Domingo de\u202fJuegos, estren\u00f3 <strong data-start=\"500\" data-end=\"513\">Juga\u202fMuro<\/strong> superando todas las expectativas: m\u00e1s de cuatrocientas personas participaron en torneos de juegos de mesa y de rol, probaron la Nintendo\u202fSwitch\u202f2 y disfrutaron de demostraciones, talleres creativos y espacios de lectura tem\u00e1tica.<\/p>\n<div id=\"attachment_56935\" style=\"width: 310px\" class=\"wp-caption alignleft\"><img loading=\"lazy\" decoding=\"async\" aria-describedby=\"caption-attachment-56935\" class=\"size-medium wp-image-56935\" src=\"https:\/\/www.vilademuro.net\/wp-content\/uploads\/2025\/07\/DSC2353-300x200.jpg\" alt=\"\" width=\"300\" height=\"200\" \/><p id=\"caption-attachment-56935\" class=\"wp-caption-text\">Foto de Sof\u00eda A\u00eds<\/p><\/div>\n<p data-start=\"747\" data-end=\"1450\">La jornada, planteada como una palanca de cambio social, demostr\u00f3 que el juego puede ir mucho m\u00e1s all\u00e1 de la simple diversi\u00f3n. Alrededor de las mesas \u2014intergeneracionales y sin distinciones\u2014 se tejieron relaciones de cooperaci\u00f3n, se aprendi\u00f3 a actuar con estrategia y se resolvieron conflictos y retos de manera l\u00fadica, impulsando valores de comunidad y convivencia que definen el proyecto. \u00abVemos en Juga\u202fMuro una forma de acercar a la juventud y a las familias un espacio de encuentro donde fomentar la competitividad sana, la participaci\u00f3n y las ganas de pasarlo bien\u00bb, se\u00f1ala el concejal de Juventud, <strong data-start=\"1352\" data-end=\"1371\">Sergi\u202fSilvestre<\/strong>, quien avanza que \u00abya trabajamos en la segunda edici\u00f3n para el pr\u00f3ximo a\u00f1o\u00bb.<\/p>\n<p data-start=\"1452\" data-end=\"2085\">El \u00e9xito no habr\u00eda sido posible sin la implicaci\u00f3n de las entidades colaboradoras: Domingueros\u202fAlcoi, Domingo de\u202fJuegos, el Club de Lectura <strong data-start=\"1592\" data-end=\"1606\">La\u202fTerreta<\/strong> y un nutrido grupo de voluntariado que dinamiz\u00f3 partidas, orient\u00f3 a los visitantes y aport\u00f3 material propio. Las personas que acudieron al Archivo pudieron jugar incluso a propuestas nacidas de Domingueros\u202fAlcoi, convirtiendo la experiencia en todo un reto \u00fanico para descubrir nuevos mundos. El Ayuntamiento de Muro quiere agradecerles p\u00fablicamente su labor y el entusiasmo que ha convertido la iniciativa en lo que se espera sea un referente del verano en los pr\u00f3ximos a\u00f1os.<\/p>\n<div id=\"attachment_56933\" style=\"width: 1930px\" class=\"wp-caption alignnone\"><img loading=\"lazy\" decoding=\"async\" aria-describedby=\"caption-attachment-56933\" class=\"wp-image-56933 size-full\" src=\"https:\/\/www.vilademuro.net\/wp-content\/uploads\/2025\/07\/DSC2349.jpg\" alt=\"\" width=\"1920\" height=\"1281\" srcset=\"https:\/\/www.vilademuro.net\/wp-content\/uploads\/2025\/07\/DSC2349.jpg 1920w, https:\/\/www.vilademuro.net\/wp-content\/uploads\/2025\/07\/DSC2349-1280x854.jpg 1280w, https:\/\/www.vilademuro.net\/wp-content\/uploads\/2025\/07\/DSC2349-980x654.jpg 980w, https:\/\/www.vilademuro.net\/wp-content\/uploads\/2025\/07\/DSC2349-480x320.jpg 480w\" sizes=\"(min-width: 0px) and (max-width: 480px) 480px, (min-width: 481px) and (max-width: 980px) 980px, (min-width: 981px) and (max-width: 1280px) 1280px, (min-width: 1281px) 1920px, 100vw\" \/><p id=\"caption-attachment-56933\" class=\"wp-caption-text\">Foto de Sof\u00eda A\u00eds<\/p><\/div>\n<p data-start=\"2087\" data-end=\"2630\">\u00abPara Domingueros\u202fAlcoi, esta primera edici\u00f3n de Juga\u202fMuro ha sido un aut\u00e9ntico \u00e9xito. Las mesas de juego estuvieron llenas de cabo a rabo durante toda la jornada y participaron cerca de 350\u202fo\u202f400 personas, mayoritariamente j\u00f3venes con muchas ganas de descubrir nuevos juegos. Estamos muy agradecidos por la acogida del Ayuntamiento, de la Concejal\u00eda de Juventud y del p\u00fablico de Muro, y ya estamos trabajando para que la pr\u00f3xima edici\u00f3n sea, si cabe, a\u00fan mejor\u00bb, subraya <strong data-start=\"2559\" data-end=\"2571\">Pepincho<\/strong>, fundador y responsable de eventos de Domingueros\u202fAlcoi.<\/p>\n<div id=\"attachment_56931\" style=\"width: 1930px\" class=\"wp-caption alignnone\"><img loading=\"lazy\" decoding=\"async\" aria-describedby=\"caption-attachment-56931\" class=\"wp-image-56931 size-full\" src=\"https:\/\/www.vilademuro.net\/wp-content\/uploads\/2025\/07\/DSC2314.jpg\" alt=\"\" width=\"1920\" height=\"1281\" srcset=\"https:\/\/www.vilademuro.net\/wp-content\/uploads\/2025\/07\/DSC2314.jpg 1920w, https:\/\/www.vilademuro.net\/wp-content\/uploads\/2025\/07\/DSC2314-1280x854.jpg 1280w, https:\/\/www.vilademuro.net\/wp-content\/uploads\/2025\/07\/DSC2314-980x654.jpg 980w, https:\/\/www.vilademuro.net\/wp-content\/uploads\/2025\/07\/DSC2314-480x320.jpg 480w\" sizes=\"(min-width: 0px) and (max-width: 480px) 480px, (min-width: 481px) and (max-width: 980px) 980px, (min-width: 981px) and (max-width: 1280px) 1280px, (min-width: 1281px) 1920px, 100vw\" \/><p id=\"caption-attachment-56931\" class=\"wp-caption-text\">Foto de Sof\u00eda A\u00eds<\/p><\/div>\n<h1><a href=\"https:\/\/www.instagram.com\/sofiaais.photo\/?hl=es\">LAS FOTOS SON DE SOF\u00cdA A\u00cdS, PUEDES VER M\u00c1S TRABAJOS SUYOS EN SU PERFIL DE INSTAGRAM: @sofiaais.photo<\/a><\/h1>\n<p data-start=\"2632\" data-end=\"3008\" data-is-last-node=\"\" data-is-only-node=\"\"><a href=\"https:\/\/www.vilademuro.net\/es\/event\/estiu-jove-oci-i-formacio\/\">El calendario de <strong data-start=\"2649\" data-end=\"2668\">Estiu\u202fJove\u202f2025<\/strong> contin\u00faa en marcha con actividades gratuitas para todas las edades: el taller de jab\u00f3n artesanal, el Centro Joven abierto cada ma\u00f1ana como refugio clim\u00e1tico repleto de propuestas l\u00fadicas y, del 21\u202fal\u202f31\u202fde\u202fjulio, el curso de inteligencia artificial aplicada a la creatividad, para el que a\u00fan quedan plazas disponibles sin importar la edad.<\/a><\/p>\n<p data-start=\"2632\" data-end=\"3008\" data-is-last-node=\"\" data-is-only-node=\"\"><img loading=\"lazy\" decoding=\"async\" class=\"alignnone size-medium wp-image-56639\" src=\"https:\/\/www.vilademuro.net\/wp-content\/uploads\/2025\/06\/3-240x300.png\" alt=\"\" width=\"240\" height=\"300\" \/> <img loading=\"lazy\" decoding=\"async\" class=\"alignnone size-medium wp-image-56637\" src=\"https:\/\/www.vilademuro.net\/wp-content\/uploads\/2025\/06\/2-240x300.png\" alt=\"\" width=\"240\" height=\"300\" \/><\/p>\n","protected":false},"excerpt":{"rendered":"<p>Juventud La primera edici\u00f3n de Juga\u202fMuro congrega a m\u00e1s de 400 participantes y sit\u00faa el juego como motor de convivencia en el municipio El Archivo Municipal de Muro se convirti\u00f3 [&hellip;]<\/p>\n","protected":false},"author":32,"featured_media":56935,"comment_status":"closed","ping_status":"closed","sticky":false,"template":"","format":"standard","meta":{"_et_pb_use_builder":"","_et_pb_old_content":"","_et_gb_content_width":"","footnotes":""},"categories":[51,71,49],"tags":[],"class_list":["post-56941","post","type-post","status-publish","format-standard","has-post-thumbnail","hentry","category-destacat-es","category-juventud","category-noticias"],"yoast_head":"<!-- This site is optimized with the Yoast SEO plugin v27.1.1 - https:\/\/yoast.com\/product\/yoast-seo-wordpress\/ -->\n<title>La primera edici\u00f3n de Juga\u202fMuro congrega a m\u00e1s de 400 participantes y sit\u00faa el juego como motor de convivencia en el municipio | Ajuntament de Muro<\/title>\n<meta name=\"robots\" content=\"index, follow, max-snippet:-1, max-image-preview:large, max-video-preview:-1\" \/>\n<link rel=\"canonical\" href=\"https:\/\/www.vilademuro.net\/es\/56941\/\" \/>\n<meta property=\"og:locale\" content=\"es_ES\" \/>\n<meta property=\"og:type\" content=\"article\" \/>\n<meta property=\"og:title\" content=\"La primera edici\u00f3n de Juga\u202fMuro congrega a m\u00e1s de 400 participantes y sit\u00faa el juego como motor de convivencia en el municipio | Ajuntament de Muro\" \/>\n<meta property=\"og:description\" content=\"Juventud La primera edici\u00f3n de Juga\u202fMuro congrega a m\u00e1s de 400 participantes y sit\u00faa el juego como motor de convivencia en el municipio El Archivo Municipal de Muro se convirti\u00f3 [&hellip;]\" \/>\n<meta property=\"og:url\" content=\"https:\/\/www.vilademuro.net\/es\/56941\/\" \/>\n<meta property=\"og:site_name\" content=\"Ajuntament de Muro\" \/>\n<meta property=\"article:publisher\" content=\"https:\/\/www.facebook.com\/murodealcoy\" \/>\n<meta property=\"article:published_time\" content=\"2025-07-16T22:48:04+00:00\" \/>\n<meta property=\"article:modified_time\" content=\"2025-07-16T22:58:44+00:00\" \/>\n<meta property=\"og:image\" content=\"https:\/\/www.vilademuro.net\/wp-content\/uploads\/2025\/07\/DSC2353.jpg\" \/>\n\t<meta property=\"og:image:width\" content=\"1920\" \/>\n\t<meta property=\"og:image:height\" content=\"1281\" \/>\n\t<meta property=\"og:image:type\" content=\"image\/jpeg\" \/>\n<meta name=\"author\" content=\"david perez\" \/>\n<meta name=\"twitter:card\" content=\"summary_large_image\" \/>\n<meta name=\"twitter:creator\" content=\"@AjuntamentMuro\" \/>\n<meta name=\"twitter:site\" content=\"@AjuntamentMuro\" \/>\n<meta name=\"twitter:label1\" content=\"Escrito por\" \/>\n\t<meta name=\"twitter:data1\" content=\"david perez\" \/>\n\t<meta name=\"twitter:label2\" content=\"Tiempo de lectura\" \/>\n\t<meta name=\"twitter:data2\" content=\"5 minutos\" \/>\n<script type=\"application\/ld+json\" class=\"yoast-schema-graph\">{\"@context\":\"https:\/\/schema.org\",\"@graph\":[{\"@type\":\"Article\",\"@id\":\"https:\/\/www.vilademuro.net\/es\/56941\/#article\",\"isPartOf\":{\"@id\":\"https:\/\/www.vilademuro.net\/es\/56941\/\"},\"author\":{\"name\":\"david perez\",\"@id\":\"https:\/\/www.vilademuro.net\/es\/#\/schema\/person\/18d508a6d83aeac8b78142fe72d521b2\"},\"headline\":\"La primera edici\u00f3n de Juga\u202fMuro congrega a m\u00e1s de 400 participantes y sit\u00faa el juego como motor de convivencia en el municipio\",\"datePublished\":\"2025-07-16T22:48:04+00:00\",\"dateModified\":\"2025-07-16T22:58:44+00:00\",\"mainEntityOfPage\":{\"@id\":\"https:\/\/www.vilademuro.net\/es\/56941\/\"},\"wordCount\":603,\"publisher\":{\"@id\":\"https:\/\/www.vilademuro.net\/es\/#organization\"},\"image\":{\"@id\":\"https:\/\/www.vilademuro.net\/es\/56941\/#primaryimage\"},\"thumbnailUrl\":\"https:\/\/www.vilademuro.net\/wp-content\/uploads\/2025\/07\/DSC2353.jpg\",\"articleSection\":[\"Destacat\",\"Juventud\",\"Noticias\"],\"inLanguage\":\"es\"},{\"@type\":\"WebPage\",\"@id\":\"https:\/\/www.vilademuro.net\/es\/56941\/\",\"url\":\"https:\/\/www.vilademuro.net\/es\/56941\/\",\"name\":\"La primera edici\u00f3n de Juga\u202fMuro congrega a m\u00e1s de 400 participantes y sit\u00faa el juego como motor de convivencia en el municipio | Ajuntament de Muro\",\"isPartOf\":{\"@id\":\"https:\/\/www.vilademuro.net\/es\/#website\"},\"primaryImageOfPage\":{\"@id\":\"https:\/\/www.vilademuro.net\/es\/56941\/#primaryimage\"},\"image\":{\"@id\":\"https:\/\/www.vilademuro.net\/es\/56941\/#primaryimage\"},\"thumbnailUrl\":\"https:\/\/www.vilademuro.net\/wp-content\/uploads\/2025\/07\/DSC2353.jpg\",\"datePublished\":\"2025-07-16T22:48:04+00:00\",\"dateModified\":\"2025-07-16T22:58:44+00:00\",\"breadcrumb\":{\"@id\":\"https:\/\/www.vilademuro.net\/es\/56941\/#breadcrumb\"},\"inLanguage\":\"es\",\"potentialAction\":[{\"@type\":\"ReadAction\",\"target\":[\"https:\/\/www.vilademuro.net\/es\/56941\/\"]}]},{\"@type\":\"ImageObject\",\"inLanguage\":\"es\",\"@id\":\"https:\/\/www.vilademuro.net\/es\/56941\/#primaryimage\",\"url\":\"https:\/\/www.vilademuro.net\/wp-content\/uploads\/2025\/07\/DSC2353.jpg\",\"contentUrl\":\"https:\/\/www.vilademuro.net\/wp-content\/uploads\/2025\/07\/DSC2353.jpg\",\"width\":1920,\"height\":1281,\"caption\":\"Foto de Sof\u00eda A\u00eds\"},{\"@type\":\"BreadcrumbList\",\"@id\":\"https:\/\/www.vilademuro.net\/es\/56941\/#breadcrumb\",\"itemListElement\":[{\"@type\":\"ListItem\",\"position\":1,\"name\":\"Inici\",\"item\":\"https:\/\/www.vilademuro.net\/es\/\"},{\"@type\":\"ListItem\",\"position\":2,\"name\":\"La primera edici\u00f3n de Juga\u202fMuro congrega a m\u00e1s de 400 participantes y sit\u00faa el juego como motor de convivencia en el municipio\"}]},{\"@type\":\"WebSite\",\"@id\":\"https:\/\/www.vilademuro.net\/es\/#website\",\"url\":\"https:\/\/www.vilademuro.net\/es\/\",\"name\":\"Ajuntament de Muro d'Alcoi\",\"description\":\"P\u00e1gina web oficial de l&#039;Ajuntament de Muro\",\"publisher\":{\"@id\":\"https:\/\/www.vilademuro.net\/es\/#organization\"},\"potentialAction\":[{\"@type\":\"SearchAction\",\"target\":{\"@type\":\"EntryPoint\",\"urlTemplate\":\"https:\/\/www.vilademuro.net\/es\/?s={search_term_string}\"},\"query-input\":{\"@type\":\"PropertyValueSpecification\",\"valueRequired\":true,\"valueName\":\"search_term_string\"}}],\"inLanguage\":\"es\"},{\"@type\":\"Organization\",\"@id\":\"https:\/\/www.vilademuro.net\/es\/#organization\",\"name\":\"Ajuntament de Muro\",\"url\":\"https:\/\/www.vilademuro.net\/es\/\",\"logo\":{\"@type\":\"ImageObject\",\"inLanguage\":\"es\",\"@id\":\"https:\/\/www.vilademuro.net\/es\/#\/schema\/logo\/image\/\",\"url\":\"https:\/\/www.vilademuro.net\/wp-content\/uploads\/2022\/10\/LOGO3-2.jpg\",\"contentUrl\":\"https:\/\/www.vilademuro.net\/wp-content\/uploads\/2022\/10\/LOGO3-2.jpg\",\"width\":756,\"height\":517,\"caption\":\"Ajuntament de Muro\"},\"image\":{\"@id\":\"https:\/\/www.vilademuro.net\/es\/#\/schema\/logo\/image\/\"},\"sameAs\":[\"https:\/\/www.facebook.com\/murodealcoy\",\"https:\/\/x.com\/AjuntamentMuro\",\"https:\/\/www.youtube.com\/channel\/UC2rwbKfRqsd1Ncwm6Y1prQw\"]},{\"@type\":\"Person\",\"@id\":\"https:\/\/www.vilademuro.net\/es\/#\/schema\/person\/18d508a6d83aeac8b78142fe72d521b2\",\"name\":\"david perez\",\"image\":{\"@type\":\"ImageObject\",\"inLanguage\":\"es\",\"@id\":\"https:\/\/www.vilademuro.net\/es\/#\/schema\/person\/image\/\",\"url\":\"https:\/\/secure.gravatar.com\/avatar\/32e29d67ef109fa6f899286cf1743bb75688fd5ba35d80f5c1b6ac2b6bf32256?s=96&d=mm&r=g\",\"contentUrl\":\"https:\/\/secure.gravatar.com\/avatar\/32e29d67ef109fa6f899286cf1743bb75688fd5ba35d80f5c1b6ac2b6bf32256?s=96&d=mm&r=g\",\"caption\":\"david perez\"}}]}<\/script>\n<!-- \/ Yoast SEO plugin. -->","yoast_head_json":{"title":"La primera edici\u00f3n de Juga\u202fMuro congrega a m\u00e1s de 400 participantes y sit\u00faa el juego como motor de convivencia en el municipio | Ajuntament de Muro","robots":{"index":"index","follow":"follow","max-snippet":"max-snippet:-1","max-image-preview":"max-image-preview:large","max-video-preview":"max-video-preview:-1"},"canonical":"https:\/\/www.vilademuro.net\/es\/56941\/","og_locale":"es_ES","og_type":"article","og_title":"La primera edici\u00f3n de Juga\u202fMuro congrega a m\u00e1s de 400 participantes y sit\u00faa el juego como motor de convivencia en el municipio | Ajuntament de Muro","og_description":"Juventud La primera edici\u00f3n de Juga\u202fMuro congrega a m\u00e1s de 400 participantes y sit\u00faa el juego como motor de convivencia en el municipio El Archivo Municipal de Muro se convirti\u00f3 [&hellip;]","og_url":"https:\/\/www.vilademuro.net\/es\/56941\/","og_site_name":"Ajuntament de Muro","article_publisher":"https:\/\/www.facebook.com\/murodealcoy","article_published_time":"2025-07-16T22:48:04+00:00","article_modified_time":"2025-07-16T22:58:44+00:00","og_image":[{"width":1920,"height":1281,"url":"https:\/\/www.vilademuro.net\/wp-content\/uploads\/2025\/07\/DSC2353.jpg","type":"image\/jpeg"}],"author":"david perez","twitter_card":"summary_large_image","twitter_creator":"@AjuntamentMuro","twitter_site":"@AjuntamentMuro","twitter_misc":{"Escrito por":"david perez","Tiempo de lectura":"5 minutos"},"schema":{"@context":"https:\/\/schema.org","@graph":[{"@type":"Article","@id":"https:\/\/www.vilademuro.net\/es\/56941\/#article","isPartOf":{"@id":"https:\/\/www.vilademuro.net\/es\/56941\/"},"author":{"name":"david perez","@id":"https:\/\/www.vilademuro.net\/es\/#\/schema\/person\/18d508a6d83aeac8b78142fe72d521b2"},"headline":"La primera edici\u00f3n de Juga\u202fMuro congrega a m\u00e1s de 400 participantes y sit\u00faa el juego como motor de convivencia en el municipio","datePublished":"2025-07-16T22:48:04+00:00","dateModified":"2025-07-16T22:58:44+00:00","mainEntityOfPage":{"@id":"https:\/\/www.vilademuro.net\/es\/56941\/"},"wordCount":603,"publisher":{"@id":"https:\/\/www.vilademuro.net\/es\/#organization"},"image":{"@id":"https:\/\/www.vilademuro.net\/es\/56941\/#primaryimage"},"thumbnailUrl":"https:\/\/www.vilademuro.net\/wp-content\/uploads\/2025\/07\/DSC2353.jpg","articleSection":["Destacat","Juventud","Noticias"],"inLanguage":"es"},{"@type":"WebPage","@id":"https:\/\/www.vilademuro.net\/es\/56941\/","url":"https:\/\/www.vilademuro.net\/es\/56941\/","name":"La primera edici\u00f3n de Juga\u202fMuro congrega a m\u00e1s de 400 participantes y sit\u00faa el juego como motor de convivencia en el municipio | Ajuntament de Muro","isPartOf":{"@id":"https:\/\/www.vilademuro.net\/es\/#website"},"primaryImageOfPage":{"@id":"https:\/\/www.vilademuro.net\/es\/56941\/#primaryimage"},"image":{"@id":"https:\/\/www.vilademuro.net\/es\/56941\/#primaryimage"},"thumbnailUrl":"https:\/\/www.vilademuro.net\/wp-content\/uploads\/2025\/07\/DSC2353.jpg","datePublished":"2025-07-16T22:48:04+00:00","dateModified":"2025-07-16T22:58:44+00:00","breadcrumb":{"@id":"https:\/\/www.vilademuro.net\/es\/56941\/#breadcrumb"},"inLanguage":"es","potentialAction":[{"@type":"ReadAction","target":["https:\/\/www.vilademuro.net\/es\/56941\/"]}]},{"@type":"ImageObject","inLanguage":"es","@id":"https:\/\/www.vilademuro.net\/es\/56941\/#primaryimage","url":"https:\/\/www.vilademuro.net\/wp-content\/uploads\/2025\/07\/DSC2353.jpg","contentUrl":"https:\/\/www.vilademuro.net\/wp-content\/uploads\/2025\/07\/DSC2353.jpg","width":1920,"height":1281,"caption":"Foto de Sof\u00eda A\u00eds"},{"@type":"BreadcrumbList","@id":"https:\/\/www.vilademuro.net\/es\/56941\/#breadcrumb","itemListElement":[{"@type":"ListItem","position":1,"name":"Inici","item":"https:\/\/www.vilademuro.net\/es\/"},{"@type":"ListItem","position":2,"name":"La primera edici\u00f3n de Juga\u202fMuro congrega a m\u00e1s de 400 participantes y sit\u00faa el juego como motor de convivencia en el municipio"}]},{"@type":"WebSite","@id":"https:\/\/www.vilademuro.net\/es\/#website","url":"https:\/\/www.vilademuro.net\/es\/","name":"Ajuntament de Muro d'Alcoi","description":"P\u00e1gina web oficial de l&#039;Ajuntament de Muro","publisher":{"@id":"https:\/\/www.vilademuro.net\/es\/#organization"},"potentialAction":[{"@type":"SearchAction","target":{"@type":"EntryPoint","urlTemplate":"https:\/\/www.vilademuro.net\/es\/?s={search_term_string}"},"query-input":{"@type":"PropertyValueSpecification","valueRequired":true,"valueName":"search_term_string"}}],"inLanguage":"es"},{"@type":"Organization","@id":"https:\/\/www.vilademuro.net\/es\/#organization","name":"Ajuntament de Muro","url":"https:\/\/www.vilademuro.net\/es\/","logo":{"@type":"ImageObject","inLanguage":"es","@id":"https:\/\/www.vilademuro.net\/es\/#\/schema\/logo\/image\/","url":"https:\/\/www.vilademuro.net\/wp-content\/uploads\/2022\/10\/LOGO3-2.jpg","contentUrl":"https:\/\/www.vilademuro.net\/wp-content\/uploads\/2022\/10\/LOGO3-2.jpg","width":756,"height":517,"caption":"Ajuntament de Muro"},"image":{"@id":"https:\/\/www.vilademuro.net\/es\/#\/schema\/logo\/image\/"},"sameAs":["https:\/\/www.facebook.com\/murodealcoy","https:\/\/x.com\/AjuntamentMuro","https:\/\/www.youtube.com\/channel\/UC2rwbKfRqsd1Ncwm6Y1prQw"]},{"@type":"Person","@id":"https:\/\/www.vilademuro.net\/es\/#\/schema\/person\/18d508a6d83aeac8b78142fe72d521b2","name":"david perez","image":{"@type":"ImageObject","inLanguage":"es","@id":"https:\/\/www.vilademuro.net\/es\/#\/schema\/person\/image\/","url":"https:\/\/secure.gravatar.com\/avatar\/32e29d67ef109fa6f899286cf1743bb75688fd5ba35d80f5c1b6ac2b6bf32256?s=96&d=mm&r=g","contentUrl":"https:\/\/secure.gravatar.com\/avatar\/32e29d67ef109fa6f899286cf1743bb75688fd5ba35d80f5c1b6ac2b6bf32256?s=96&d=mm&r=g","caption":"david perez"}}]}},"_links":{"self":[{"href":"https:\/\/www.vilademuro.net\/es\/wp-json\/wp\/v2\/posts\/56941","targetHints":{"allow":["GET"]}}],"collection":[{"href":"https:\/\/www.vilademuro.net\/es\/wp-json\/wp\/v2\/posts"}],"about":[{"href":"https:\/\/www.vilademuro.net\/es\/wp-json\/wp\/v2\/types\/post"}],"author":[{"embeddable":true,"href":"https:\/\/www.vilademuro.net\/es\/wp-json\/wp\/v2\/users\/32"}],"replies":[{"embeddable":true,"href":"https:\/\/www.vilademuro.net\/es\/wp-json\/wp\/v2\/comments?post=56941"}],"version-history":[{"count":4,"href":"https:\/\/www.vilademuro.net\/es\/wp-json\/wp\/v2\/posts\/56941\/revisions"}],"predecessor-version":[{"id":56945,"href":"https:\/\/www.vilademuro.net\/es\/wp-json\/wp\/v2\/posts\/56941\/revisions\/56945"}],"wp:featuredmedia":[{"embeddable":true,"href":"https:\/\/www.vilademuro.net\/es\/wp-json\/wp\/v2\/media\/56935"}],"wp:attachment":[{"href":"https:\/\/www.vilademuro.net\/es\/wp-json\/wp\/v2\/media?parent=56941"}],"wp:term":[{"taxonomy":"category","embeddable":true,"href":"https:\/\/www.vilademuro.net\/es\/wp-json\/wp\/v2\/categories?post=56941"},{"taxonomy":"post_tag","embeddable":true,"href":"https:\/\/www.vilademuro.net\/es\/wp-json\/wp\/v2\/tags?post=56941"}],"curies":[{"name":"wp","href":"https:\/\/api.w.org\/{rel}","templated":true}]}}