{"id":56796,"date":"2025-06-30T18:11:54","date_gmt":"2025-06-30T16:11:54","guid":{"rendered":"https:\/\/www.vilademuro.net\/nou-servei-dautobus-interurba-ce-703\/"},"modified":"2025-06-30T18:14:16","modified_gmt":"2025-06-30T16:14:16","slug":"nou-servei-dautobus-interurba-ce-703","status":"publish","type":"post","link":"https:\/\/www.vilademuro.net\/es\/nou-servei-dautobus-interurba-ce-703\/","title":{"rendered":"Nuevo servicio de autob\u00fas interurbano CE-703"},"content":{"rendered":"<p data-start=\"0\" data-end=\"51\">? <strong data-start=\"3\" data-end=\"51\">Nuevo servicio de autob\u00fas interurbano CE-703<\/strong><\/p>\n<p data-start=\"53\" data-end=\"308\">A partir del <strong data-start=\"66\" data-end=\"96\">s\u00e1bado 28 de junio de 2025<\/strong> entra en funcionamiento la nueva l\u00ednea de autob\u00fas <strong data-start=\"147\" data-end=\"157\">CE-703<\/strong>, que conectar\u00e1 <strong data-start=\"173\" data-end=\"181\">Muro<\/strong>con <strong data-start=\"186\" data-end=\"200\">Cocentaina<\/strong> y <strong data-start=\"203\" data-end=\"212\">Alcoy<\/strong> (y viceversa) mediante un servicio metropolitano prestado por <strong data-start=\"275\" data-end=\"308\">Autom\u00f3viles La Alcoyana, S.A.<\/strong><\/p>\n<p data-start=\"310\" data-end=\"503\"><strong data-start=\"310\" data-end=\"350\">\u00bfD\u00f3nde puedo consultar los horarios?<\/strong><br data-start=\"350\" data-end=\"353\" \/>Los horarios ya est\u00e1n disponibles \u2014y se ir\u00e1n actualizando a diario si es necesario\u2014 en la web del operador:<br data-start=\"460\" data-end=\"463\" \/>? <a class=\"\" href=\"https:\/\/movilidad.vectalia.es\/rutas\" target=\"_new\" rel=\"noopener\" data-start=\"466\" data-end=\"501\">https:\/\/movilidad.vectalia.es\/rutas<\/a><\/p>\n<h2 data-start=\"505\" data-end=\"699\"><em data-start=\"505\" data-end=\"699\">(Recuerda que durante los primeros d\u00edas puede haber peque\u00f1os ajustes. Adem\u00e1s, esta publicaci\u00f3n es del 30 de junio de 2025, por lo que <strong>podr\u00eda no estar actualizada en el momento de tu consulta<\/strong>.)<\/em><\/h2>\n<p data-start=\"701\" data-end=\"786\" data-is-last-node=\"\" data-is-only-node=\"\"><strong data-start=\"701\" data-end=\"786\" data-is-last-node=\"\">Puedes descargar la documentaci\u00f3n oficial con los horarios y otros detalles aqu\u00ed:<\/strong><\/p>\n<p><a href=\"https:\/\/www.vilademuro.net\/wp-content\/uploads\/2025\/06\/20250627_Comunicacion-Aytos-CE_703_firmado.pdf\">20250627_Comunicacio\u0301n<\/a><\/p>\n<p><a href=\"https:\/\/www.vilademuro.net\/wp-content\/uploads\/2025\/06\/20250627_ANEXO-HORARIOS.pdf\">20250627_ANEXO HORARIOS<\/a><\/p>\n<p><img loading=\"lazy\" decoding=\"async\" class=\"alignnone wp-image-56771 size-large\" src=\"https:\/\/www.vilademuro.net\/wp-content\/uploads\/2025\/06\/1-1-819x1024.png\" alt=\"\" width=\"819\" height=\"1024\" \/><\/p>\n<p><img loading=\"lazy\" decoding=\"async\" class=\"aligncenter wp-image-56773 size-large\" src=\"https:\/\/www.vilademuro.net\/wp-content\/uploads\/2025\/06\/3-1-819x1024.png\" alt=\"\" width=\"819\" height=\"1024\" \/><\/p>\n<p><img loading=\"lazy\" decoding=\"async\" class=\"alignnone wp-image-56775 size-large\" src=\"https:\/\/www.vilademuro.net\/wp-content\/uploads\/2025\/06\/5-1-819x1024.png\" alt=\"\" width=\"819\" height=\"1024\" \/> <img loading=\"lazy\" decoding=\"async\" class=\"alignnone wp-image-56777 size-large\" src=\"https:\/\/www.vilademuro.net\/wp-content\/uploads\/2025\/06\/7-819x1024.png\" alt=\"\" width=\"819\" height=\"1024\" \/> <img loading=\"lazy\" decoding=\"async\" class=\"alignnone wp-image-56779 size-large\" src=\"https:\/\/www.vilademuro.net\/wp-content\/uploads\/2025\/06\/9-819x1024.png\" alt=\"\" width=\"819\" height=\"1024\" \/> <img loading=\"lazy\" decoding=\"async\" class=\"alignnone wp-image-56781 size-large\" src=\"https:\/\/www.vilademuro.net\/wp-content\/uploads\/2025\/06\/12-819x1024.png\" alt=\"\" width=\"819\" height=\"1024\" \/> <img loading=\"lazy\" decoding=\"async\" class=\"alignnone wp-image-56783 size-large\" src=\"https:\/\/www.vilademuro.net\/wp-content\/uploads\/2025\/06\/14-819x1024.png\" alt=\"\" width=\"819\" height=\"1024\" \/> <img loading=\"lazy\" decoding=\"async\" class=\"alignnone wp-image-56785 size-large\" src=\"https:\/\/www.vilademuro.net\/wp-content\/uploads\/2025\/06\/16-819x1024.png\" alt=\"\" width=\"819\" height=\"1024\" \/> <img loading=\"lazy\" decoding=\"async\" class=\"alignnone wp-image-56787 size-large\" src=\"https:\/\/www.vilademuro.net\/wp-content\/uploads\/2025\/06\/18-819x1024.png\" alt=\"\" width=\"819\" height=\"1024\" \/> <img loading=\"lazy\" decoding=\"async\" class=\"alignnone wp-image-56789 size-large\" src=\"https:\/\/www.vilademuro.net\/wp-content\/uploads\/2025\/06\/20-819x1024.png\" alt=\"\" width=\"819\" height=\"1024\" \/><\/p>\n","protected":false},"excerpt":{"rendered":"<p>? Nuevo servicio de autob\u00fas interurbano CE-703 A partir del s\u00e1bado 28 de junio de 2025 entra en funcionamiento la nueva l\u00ednea de autob\u00fas CE-703, que conectar\u00e1 Murocon Cocentaina y [&hellip;]<\/p>\n","protected":false},"author":32,"featured_media":56772,"comment_status":"closed","ping_status":"closed","sticky":false,"template":"","format":"standard","meta":{"_et_pb_use_builder":"","_et_pb_old_content":"","_et_gb_content_width":"","footnotes":""},"categories":[51,49,52],"tags":[],"class_list":["post-56796","post","type-post","status-publish","format-standard","has-post-thumbnail","hentry","category-destacat-es","category-noticias","category-turisme-es"],"yoast_head":"<!-- This site is optimized with the Yoast SEO plugin v27.1.1 - https:\/\/yoast.com\/product\/yoast-seo-wordpress\/ -->\n<title>Nuevo servicio de autob\u00fas interurbano CE-703 | Ajuntament de Muro<\/title>\n<meta name=\"robots\" content=\"index, follow, max-snippet:-1, max-image-preview:large, max-video-preview:-1\" \/>\n<link rel=\"canonical\" href=\"https:\/\/www.vilademuro.net\/es\/nou-servei-dautobus-interurba-ce-703\/\" \/>\n<meta property=\"og:locale\" content=\"es_ES\" \/>\n<meta property=\"og:type\" content=\"article\" \/>\n<meta property=\"og:title\" content=\"Nuevo servicio de autob\u00fas interurbano CE-703 | Ajuntament de Muro\" \/>\n<meta property=\"og:description\" content=\"? Nuevo servicio de autob\u00fas interurbano CE-703 A partir del s\u00e1bado 28 de junio de 2025 entra en funcionamiento la nueva l\u00ednea de autob\u00fas CE-703, que conectar\u00e1 Murocon Cocentaina y [&hellip;]\" \/>\n<meta property=\"og:url\" content=\"https:\/\/www.vilademuro.net\/es\/nou-servei-dautobus-interurba-ce-703\/\" \/>\n<meta property=\"og:site_name\" content=\"Ajuntament de Muro\" \/>\n<meta property=\"article:publisher\" content=\"https:\/\/www.facebook.com\/murodealcoy\" \/>\n<meta property=\"article:published_time\" content=\"2025-06-30T16:11:54+00:00\" \/>\n<meta property=\"article:modified_time\" content=\"2025-06-30T16:14:16+00:00\" \/>\n<meta property=\"og:image\" content=\"https:\/\/www.vilademuro.net\/wp-content\/uploads\/2025\/06\/1-1.png\" \/>\n\t<meta property=\"og:image:width\" content=\"1080\" \/>\n\t<meta property=\"og:image:height\" content=\"1350\" \/>\n\t<meta property=\"og:image:type\" content=\"image\/png\" \/>\n<meta name=\"author\" content=\"david perez\" \/>\n<meta name=\"twitter:card\" content=\"summary_large_image\" \/>\n<meta name=\"twitter:creator\" content=\"@AjuntamentMuro\" \/>\n<meta name=\"twitter:site\" content=\"@AjuntamentMuro\" \/>\n<meta name=\"twitter:label1\" content=\"Escrito por\" \/>\n\t<meta name=\"twitter:data1\" content=\"david perez\" \/>\n\t<meta name=\"twitter:label2\" content=\"Tiempo de lectura\" \/>\n\t<meta name=\"twitter:data2\" content=\"3 minutos\" \/>\n<script type=\"application\/ld+json\" class=\"yoast-schema-graph\">{\"@context\":\"https:\/\/schema.org\",\"@graph\":[{\"@type\":\"Article\",\"@id\":\"https:\/\/www.vilademuro.net\/es\/nou-servei-dautobus-interurba-ce-703\/#article\",\"isPartOf\":{\"@id\":\"https:\/\/www.vilademuro.net\/es\/nou-servei-dautobus-interurba-ce-703\/\"},\"author\":{\"name\":\"david perez\",\"@id\":\"https:\/\/www.vilademuro.net\/es\/#\/schema\/person\/18d508a6d83aeac8b78142fe72d521b2\"},\"headline\":\"Nuevo servicio de autob\u00fas interurbano CE-703\",\"datePublished\":\"2025-06-30T16:11:54+00:00\",\"dateModified\":\"2025-06-30T16:14:16+00:00\",\"mainEntityOfPage\":{\"@id\":\"https:\/\/www.vilademuro.net\/es\/nou-servei-dautobus-interurba-ce-703\/\"},\"wordCount\":138,\"publisher\":{\"@id\":\"https:\/\/www.vilademuro.net\/es\/#organization\"},\"image\":{\"@id\":\"https:\/\/www.vilademuro.net\/es\/nou-servei-dautobus-interurba-ce-703\/#primaryimage\"},\"thumbnailUrl\":\"https:\/\/www.vilademuro.net\/wp-content\/uploads\/2025\/06\/1-1.png\",\"articleSection\":[\"Destacat\",\"Noticias\",\"Turismo\"],\"inLanguage\":\"es\"},{\"@type\":\"WebPage\",\"@id\":\"https:\/\/www.vilademuro.net\/es\/nou-servei-dautobus-interurba-ce-703\/\",\"url\":\"https:\/\/www.vilademuro.net\/es\/nou-servei-dautobus-interurba-ce-703\/\",\"name\":\"Nuevo servicio de autob\u00fas interurbano CE-703 | Ajuntament de Muro\",\"isPartOf\":{\"@id\":\"https:\/\/www.vilademuro.net\/es\/#website\"},\"primaryImageOfPage\":{\"@id\":\"https:\/\/www.vilademuro.net\/es\/nou-servei-dautobus-interurba-ce-703\/#primaryimage\"},\"image\":{\"@id\":\"https:\/\/www.vilademuro.net\/es\/nou-servei-dautobus-interurba-ce-703\/#primaryimage\"},\"thumbnailUrl\":\"https:\/\/www.vilademuro.net\/wp-content\/uploads\/2025\/06\/1-1.png\",\"datePublished\":\"2025-06-30T16:11:54+00:00\",\"dateModified\":\"2025-06-30T16:14:16+00:00\",\"breadcrumb\":{\"@id\":\"https:\/\/www.vilademuro.net\/es\/nou-servei-dautobus-interurba-ce-703\/#breadcrumb\"},\"inLanguage\":\"es\",\"potentialAction\":[{\"@type\":\"ReadAction\",\"target\":[\"https:\/\/www.vilademuro.net\/es\/nou-servei-dautobus-interurba-ce-703\/\"]}]},{\"@type\":\"ImageObject\",\"inLanguage\":\"es\",\"@id\":\"https:\/\/www.vilademuro.net\/es\/nou-servei-dautobus-interurba-ce-703\/#primaryimage\",\"url\":\"https:\/\/www.vilademuro.net\/wp-content\/uploads\/2025\/06\/1-1.png\",\"contentUrl\":\"https:\/\/www.vilademuro.net\/wp-content\/uploads\/2025\/06\/1-1.png\",\"width\":1080,\"height\":1350},{\"@type\":\"BreadcrumbList\",\"@id\":\"https:\/\/www.vilademuro.net\/es\/nou-servei-dautobus-interurba-ce-703\/#breadcrumb\",\"itemListElement\":[{\"@type\":\"ListItem\",\"position\":1,\"name\":\"Inici\",\"item\":\"https:\/\/www.vilademuro.net\/es\/\"},{\"@type\":\"ListItem\",\"position\":2,\"name\":\"Nuevo servicio de autob\u00fas interurbano CE-703\"}]},{\"@type\":\"WebSite\",\"@id\":\"https:\/\/www.vilademuro.net\/es\/#website\",\"url\":\"https:\/\/www.vilademuro.net\/es\/\",\"name\":\"Ajuntament de Muro d'Alcoi\",\"description\":\"P\u00e1gina web oficial de l&#039;Ajuntament de Muro\",\"publisher\":{\"@id\":\"https:\/\/www.vilademuro.net\/es\/#organization\"},\"potentialAction\":[{\"@type\":\"SearchAction\",\"target\":{\"@type\":\"EntryPoint\",\"urlTemplate\":\"https:\/\/www.vilademuro.net\/es\/?s={search_term_string}\"},\"query-input\":{\"@type\":\"PropertyValueSpecification\",\"valueRequired\":true,\"valueName\":\"search_term_string\"}}],\"inLanguage\":\"es\"},{\"@type\":\"Organization\",\"@id\":\"https:\/\/www.vilademuro.net\/es\/#organization\",\"name\":\"Ajuntament de Muro\",\"url\":\"https:\/\/www.vilademuro.net\/es\/\",\"logo\":{\"@type\":\"ImageObject\",\"inLanguage\":\"es\",\"@id\":\"https:\/\/www.vilademuro.net\/es\/#\/schema\/logo\/image\/\",\"url\":\"https:\/\/www.vilademuro.net\/wp-content\/uploads\/2022\/10\/LOGO3-2.jpg\",\"contentUrl\":\"https:\/\/www.vilademuro.net\/wp-content\/uploads\/2022\/10\/LOGO3-2.jpg\",\"width\":756,\"height\":517,\"caption\":\"Ajuntament de Muro\"},\"image\":{\"@id\":\"https:\/\/www.vilademuro.net\/es\/#\/schema\/logo\/image\/\"},\"sameAs\":[\"https:\/\/www.facebook.com\/murodealcoy\",\"https:\/\/x.com\/AjuntamentMuro\",\"https:\/\/www.youtube.com\/channel\/UC2rwbKfRqsd1Ncwm6Y1prQw\"]},{\"@type\":\"Person\",\"@id\":\"https:\/\/www.vilademuro.net\/es\/#\/schema\/person\/18d508a6d83aeac8b78142fe72d521b2\",\"name\":\"david perez\",\"image\":{\"@type\":\"ImageObject\",\"inLanguage\":\"es\",\"@id\":\"https:\/\/www.vilademuro.net\/es\/#\/schema\/person\/image\/\",\"url\":\"https:\/\/secure.gravatar.com\/avatar\/32e29d67ef109fa6f899286cf1743bb75688fd5ba35d80f5c1b6ac2b6bf32256?s=96&d=mm&r=g\",\"contentUrl\":\"https:\/\/secure.gravatar.com\/avatar\/32e29d67ef109fa6f899286cf1743bb75688fd5ba35d80f5c1b6ac2b6bf32256?s=96&d=mm&r=g\",\"caption\":\"david perez\"}}]}<\/script>\n<!-- \/ Yoast SEO plugin. -->","yoast_head_json":{"title":"Nuevo servicio de autob\u00fas interurbano CE-703 | Ajuntament de Muro","robots":{"index":"index","follow":"follow","max-snippet":"max-snippet:-1","max-image-preview":"max-image-preview:large","max-video-preview":"max-video-preview:-1"},"canonical":"https:\/\/www.vilademuro.net\/es\/nou-servei-dautobus-interurba-ce-703\/","og_locale":"es_ES","og_type":"article","og_title":"Nuevo servicio de autob\u00fas interurbano CE-703 | Ajuntament de Muro","og_description":"? Nuevo servicio de autob\u00fas interurbano CE-703 A partir del s\u00e1bado 28 de junio de 2025 entra en funcionamiento la nueva l\u00ednea de autob\u00fas CE-703, que conectar\u00e1 Murocon Cocentaina y [&hellip;]","og_url":"https:\/\/www.vilademuro.net\/es\/nou-servei-dautobus-interurba-ce-703\/","og_site_name":"Ajuntament de Muro","article_publisher":"https:\/\/www.facebook.com\/murodealcoy","article_published_time":"2025-06-30T16:11:54+00:00","article_modified_time":"2025-06-30T16:14:16+00:00","og_image":[{"width":1080,"height":1350,"url":"https:\/\/www.vilademuro.net\/wp-content\/uploads\/2025\/06\/1-1.png","type":"image\/png"}],"author":"david perez","twitter_card":"summary_large_image","twitter_creator":"@AjuntamentMuro","twitter_site":"@AjuntamentMuro","twitter_misc":{"Escrito por":"david perez","Tiempo de lectura":"3 minutos"},"schema":{"@context":"https:\/\/schema.org","@graph":[{"@type":"Article","@id":"https:\/\/www.vilademuro.net\/es\/nou-servei-dautobus-interurba-ce-703\/#article","isPartOf":{"@id":"https:\/\/www.vilademuro.net\/es\/nou-servei-dautobus-interurba-ce-703\/"},"author":{"name":"david perez","@id":"https:\/\/www.vilademuro.net\/es\/#\/schema\/person\/18d508a6d83aeac8b78142fe72d521b2"},"headline":"Nuevo servicio de autob\u00fas interurbano CE-703","datePublished":"2025-06-30T16:11:54+00:00","dateModified":"2025-06-30T16:14:16+00:00","mainEntityOfPage":{"@id":"https:\/\/www.vilademuro.net\/es\/nou-servei-dautobus-interurba-ce-703\/"},"wordCount":138,"publisher":{"@id":"https:\/\/www.vilademuro.net\/es\/#organization"},"image":{"@id":"https:\/\/www.vilademuro.net\/es\/nou-servei-dautobus-interurba-ce-703\/#primaryimage"},"thumbnailUrl":"https:\/\/www.vilademuro.net\/wp-content\/uploads\/2025\/06\/1-1.png","articleSection":["Destacat","Noticias","Turismo"],"inLanguage":"es"},{"@type":"WebPage","@id":"https:\/\/www.vilademuro.net\/es\/nou-servei-dautobus-interurba-ce-703\/","url":"https:\/\/www.vilademuro.net\/es\/nou-servei-dautobus-interurba-ce-703\/","name":"Nuevo servicio de autob\u00fas interurbano CE-703 | Ajuntament de Muro","isPartOf":{"@id":"https:\/\/www.vilademuro.net\/es\/#website"},"primaryImageOfPage":{"@id":"https:\/\/www.vilademuro.net\/es\/nou-servei-dautobus-interurba-ce-703\/#primaryimage"},"image":{"@id":"https:\/\/www.vilademuro.net\/es\/nou-servei-dautobus-interurba-ce-703\/#primaryimage"},"thumbnailUrl":"https:\/\/www.vilademuro.net\/wp-content\/uploads\/2025\/06\/1-1.png","datePublished":"2025-06-30T16:11:54+00:00","dateModified":"2025-06-30T16:14:16+00:00","breadcrumb":{"@id":"https:\/\/www.vilademuro.net\/es\/nou-servei-dautobus-interurba-ce-703\/#breadcrumb"},"inLanguage":"es","potentialAction":[{"@type":"ReadAction","target":["https:\/\/www.vilademuro.net\/es\/nou-servei-dautobus-interurba-ce-703\/"]}]},{"@type":"ImageObject","inLanguage":"es","@id":"https:\/\/www.vilademuro.net\/es\/nou-servei-dautobus-interurba-ce-703\/#primaryimage","url":"https:\/\/www.vilademuro.net\/wp-content\/uploads\/2025\/06\/1-1.png","contentUrl":"https:\/\/www.vilademuro.net\/wp-content\/uploads\/2025\/06\/1-1.png","width":1080,"height":1350},{"@type":"BreadcrumbList","@id":"https:\/\/www.vilademuro.net\/es\/nou-servei-dautobus-interurba-ce-703\/#breadcrumb","itemListElement":[{"@type":"ListItem","position":1,"name":"Inici","item":"https:\/\/www.vilademuro.net\/es\/"},{"@type":"ListItem","position":2,"name":"Nuevo servicio de autob\u00fas interurbano CE-703"}]},{"@type":"WebSite","@id":"https:\/\/www.vilademuro.net\/es\/#website","url":"https:\/\/www.vilademuro.net\/es\/","name":"Ajuntament de Muro d'Alcoi","description":"P\u00e1gina web oficial de l&#039;Ajuntament de Muro","publisher":{"@id":"https:\/\/www.vilademuro.net\/es\/#organization"},"potentialAction":[{"@type":"SearchAction","target":{"@type":"EntryPoint","urlTemplate":"https:\/\/www.vilademuro.net\/es\/?s={search_term_string}"},"query-input":{"@type":"PropertyValueSpecification","valueRequired":true,"valueName":"search_term_string"}}],"inLanguage":"es"},{"@type":"Organization","@id":"https:\/\/www.vilademuro.net\/es\/#organization","name":"Ajuntament de Muro","url":"https:\/\/www.vilademuro.net\/es\/","logo":{"@type":"ImageObject","inLanguage":"es","@id":"https:\/\/www.vilademuro.net\/es\/#\/schema\/logo\/image\/","url":"https:\/\/www.vilademuro.net\/wp-content\/uploads\/2022\/10\/LOGO3-2.jpg","contentUrl":"https:\/\/www.vilademuro.net\/wp-content\/uploads\/2022\/10\/LOGO3-2.jpg","width":756,"height":517,"caption":"Ajuntament de Muro"},"image":{"@id":"https:\/\/www.vilademuro.net\/es\/#\/schema\/logo\/image\/"},"sameAs":["https:\/\/www.facebook.com\/murodealcoy","https:\/\/x.com\/AjuntamentMuro","https:\/\/www.youtube.com\/channel\/UC2rwbKfRqsd1Ncwm6Y1prQw"]},{"@type":"Person","@id":"https:\/\/www.vilademuro.net\/es\/#\/schema\/person\/18d508a6d83aeac8b78142fe72d521b2","name":"david perez","image":{"@type":"ImageObject","inLanguage":"es","@id":"https:\/\/www.vilademuro.net\/es\/#\/schema\/person\/image\/","url":"https:\/\/secure.gravatar.com\/avatar\/32e29d67ef109fa6f899286cf1743bb75688fd5ba35d80f5c1b6ac2b6bf32256?s=96&d=mm&r=g","contentUrl":"https:\/\/secure.gravatar.com\/avatar\/32e29d67ef109fa6f899286cf1743bb75688fd5ba35d80f5c1b6ac2b6bf32256?s=96&d=mm&r=g","caption":"david perez"}}]}},"_links":{"self":[{"href":"https:\/\/www.vilademuro.net\/es\/wp-json\/wp\/v2\/posts\/56796","targetHints":{"allow":["GET"]}}],"collection":[{"href":"https:\/\/www.vilademuro.net\/es\/wp-json\/wp\/v2\/posts"}],"about":[{"href":"https:\/\/www.vilademuro.net\/es\/wp-json\/wp\/v2\/types\/post"}],"author":[{"embeddable":true,"href":"https:\/\/www.vilademuro.net\/es\/wp-json\/wp\/v2\/users\/32"}],"replies":[{"embeddable":true,"href":"https:\/\/www.vilademuro.net\/es\/wp-json\/wp\/v2\/comments?post=56796"}],"version-history":[{"count":2,"href":"https:\/\/www.vilademuro.net\/es\/wp-json\/wp\/v2\/posts\/56796\/revisions"}],"predecessor-version":[{"id":56798,"href":"https:\/\/www.vilademuro.net\/es\/wp-json\/wp\/v2\/posts\/56796\/revisions\/56798"}],"wp:featuredmedia":[{"embeddable":true,"href":"https:\/\/www.vilademuro.net\/es\/wp-json\/wp\/v2\/media\/56772"}],"wp:attachment":[{"href":"https:\/\/www.vilademuro.net\/es\/wp-json\/wp\/v2\/media?parent=56796"}],"wp:term":[{"taxonomy":"category","embeddable":true,"href":"https:\/\/www.vilademuro.net\/es\/wp-json\/wp\/v2\/categories?post=56796"},{"taxonomy":"post_tag","embeddable":true,"href":"https:\/\/www.vilademuro.net\/es\/wp-json\/wp\/v2\/tags?post=56796"}],"curies":[{"name":"wp","href":"https:\/\/api.w.org\/{rel}","templated":true}]}}