{"id":56763,"date":"2025-06-29T17:33:50","date_gmt":"2025-06-29T15:33:50","guid":{"rendered":"https:\/\/www.vilademuro.net\/muro-vol-apostar-per-un-model-mes-civic-de-gestio-de-residus\/"},"modified":"2025-06-29T17:38:00","modified_gmt":"2025-06-29T15:38:00","slug":"muro-vol-apostar-per-un-model-mes-civic-de-gestio-de-residus","status":"publish","type":"post","link":"https:\/\/www.vilademuro.net\/es\/muro-vol-apostar-per-un-model-mes-civic-de-gestio-de-residus\/","title":{"rendered":"Muro apuesta por un modelo m\u00e1s c\u00edvico de gesti\u00f3n de residuos"},"content":{"rendered":"<h1 data-start=\"77\" data-end=\"225\"><strong data-start=\"77\" data-end=\"225\">El ayuntamiento sancionar\u00e1, a partir del 1 de julio, los puntos de vertido incontrolado mientras avanza el nuevo sistema de recogida de residuos<\/strong><\/h1>\n<p data-start=\"227\" data-end=\"821\"><br data-start=\"255\" data-end=\"258\" \/>El Ayuntamiento de Muro invita a la ciudadan\u00eda a reflexionar y tomar conciencia colectiva de lo que hoy supone la gesti\u00f3n de los residuos. Se trata de una responsabilidad compartida entre las administraciones y las personas: un servicio b\u00e1sico que puede convertirse en un grave problema o en una apuesta por un futuro mejor para la siguiente generaci\u00f3n. Transformar los desechos en materias primas valiosas puede evitar futuras subidas de la tasa, reducir la contaminaci\u00f3n y, por qu\u00e9 no, convertirnos en ejemplo de un pueblo limpio que apuesta por las soluciones.<\/p>\n<p data-start=\"823\" data-end=\"1560\">La concejala de Residuos Urbanos, <strong data-start=\"857\" data-end=\"873\">Sara Beneyto<\/strong>, ha actualizado los datos de la gesti\u00f3n de residuos s\u00f3lidos urbanos (RSU) y ha recordado la importancia de reciclar, tanto por motivos econ\u00f3micos como ambientales. Muro forma parte del <strong data-start=\"1059\" data-end=\"1077\">Consorci Terra<\/strong>, integrado por 37 municipios y responsable del tratamiento, la valorizaci\u00f3n y la eliminaci\u00f3n de los residuos dom\u00e9sticos de 270.000 personas. El consorcio cuenta con la planta de Xixona \u2014que trata tanto la fracci\u00f3n resto como la FORS, fracci\u00f3n org\u00e1nica de recogida selectiva\u2014, doce ecoparques fijos y seis unidades m\u00f3viles que procesan hasta 90.000 toneladas anuales; en breve pondr\u00e1 en funcionamiento un Centro de Gesti\u00f3n de Voluminosos con capacidad para 20.000 toneladas al a\u00f1o.<\/p>\n<p data-start=\"1562\" data-end=\"2513\">Beneyto ha recordado que el Ayuntamiento solo se encarga de la <strong data-start=\"1625\" data-end=\"1650\">recogida y transporte<\/strong> de los residuos, mientras que el tratamiento corresponde al Consorci Terra con el apoyo de la Generalitat Valenciana y la Diputaci\u00f3n. Esos costes repercuten despu\u00e9s en el consistorio, que por normativa europea debe trasladarlos \u00edntegramente a una <strong data-start=\"1898\" data-end=\"1906\">tasa<\/strong> que paga cada domicilio y cada negocio; por ello, cuanto menos cueste el servicio, menos se abonar\u00e1 a la larga. Actualmente solo diez municipios del consorcio disponen del <strong data-start=\"2079\" data-end=\"2100\">contenedor marr\u00f3n<\/strong>, y Muro fue el primero en implantarlo en 2020. En la localidad ya hay 33 contenedores marrones y 720 familias inscritas; la concejala subraya que es \u201ctan f\u00e1cil como pedir la llave en el Ayuntamiento y apuntarse\u201d para separar los residuos org\u00e1nicos, un peque\u00f1o gesto que abarata considerablemente la factura total, porque la recogida del org\u00e1nico es mucho m\u00e1s barata que la de la fracci\u00f3n resto (contenedor gris).<\/p>\n<p data-start=\"2515\" data-end=\"3491\">Las cifras de 2024 muestran margen de mejora: se recogieron <strong data-start=\"2575\" data-end=\"2591\">2.681,820 kg<\/strong> en el contenedor gris y solo <strong data-start=\"2621\" data-end=\"2634\">47,260 kg<\/strong> en el marr\u00f3n, lo que sit\u00faa la recogida selectiva en un 17 %, lejos del 50 % que exige la Uni\u00f3n Europea. Esta falta de separaci\u00f3n repercute directamente en el bolsillo: por cada tonelada de fracci\u00f3n resto se pagan <strong data-start=\"2848\" data-end=\"2865\">58,96 \u20ac + IVA<\/strong>, mientras que la tarifa oficial del contenedor marr\u00f3n es de <strong data-start=\"2926\" data-end=\"2943\">23,18 \u20ac + IVA<\/strong>; este a\u00f1o, gracias al buen uso ciudadano, el coste real se ha reducido a <strong data-start=\"3017\" data-end=\"3034\">11,59 \u20ac + IVA<\/strong>. En cambio, por el papel-cart\u00f3n, el vidrio y los envases (contenedores azul, verde y amarillo) el Ayuntamiento ingresa dinero. \u201cCuanta m\u00e1s org\u00e1nica depositemos en el marr\u00f3n, menos pagaremos todos y, al mismo tiempo, alargaremos la vida \u00fatil de la planta de Xixona, prevista para 30 a\u00f1os\u201d, insiste Beneyto, quien recuerda adem\u00e1s que \u201creciclar no solo no cuesta dinero al pueblo, sino que genera beneficios con los que podr\u00edamos, por ejemplo, bajar la tasa\u201d.<\/p>\n<p data-start=\"3493\" data-end=\"4330\">La concejala subraya tambi\u00e9n el componente <strong data-start=\"3536\" data-end=\"3546\">c\u00edvico<\/strong> de la gesti\u00f3n de residuos. La Ordenanza Municipal de Convivencia Ciudadana y la que regula el servicio de RSU fijan franjas horarias para depositar la basura; sin embargo, con el calor se han multiplicado las quejas por malos olores en las islas de contenedores porque hay vecinos que dejan las bolsas fuera de horario e incluso fuera de los contenedores. Por ello, a partir del <strong data-start=\"3926\" data-end=\"3940\">1 de julio<\/strong> se har\u00e1n cumplir estrictamente las ordenanzas y se abrir\u00e1n expedientes sancionadores a quien incumpla los horarios o arroje basura donde no corresponde. Del mismo modo, se vigilar\u00e1 el desbroce y el mantenimiento de solares y parcelas privadas, ya que, como remarca la concejala, la limpieza es \u201cuna cuesti\u00f3n de respeto colectivo\u201d y \u201cun pueblo limpio dice mucho de la gente que vive en \u00e9l\u201d.<\/p>\n<p data-start=\"4332\" data-end=\"5099\">Beneyto concluye que avanzar hacia la <strong data-start=\"4370\" data-end=\"4391\">econom\u00eda circular<\/strong> \u2014reduciendo, priorizando la recogida selectiva y dando valor a los residuos\u2014 es una responsabilidad compartida: \u201cSolo, y no es poco, pagamos por el contenedor gris y por el marr\u00f3n; por eso, si queremos ahorrar en la factura de la basura y proteger el medio ambiente, hay que reciclar m\u00e1s y mejor\u201d. El Ayuntamiento se ha visto obligado a lanzar una campa\u00f1a especial de vigilancia de la ordenanza c\u00edvica ante la reiterada presencia de desechos fuera de los contenedores desde primera hora de la ma\u00f1ana, lo que ha exigido reforzar la limpieza viaria y la recogida en los puntos m\u00e1s conflictivos para evitar acumulaciones, con el consiguiente sobrecoste y la imposibilidad de atender otros puntos del municipio.<\/p>\n<p data-start=\"5101\" data-end=\"5925\" data-is-last-node=\"\" data-is-only-node=\"\">Como recuerda la concejala Beneyto, \u201cla mejor noticia que podr\u00edamos dar al final del verano, cuando hagamos balance, es que no hemos tenido que poner ninguna multa, que la gente se ha comportado como es debido\u201d. La voluntad municipal es poder <strong data-start=\"5344\" data-end=\"5401\">bonificar al mayor n\u00famero posible de personas la tasa<\/strong>; el aumento de la exigencia sancionadora se explica porque se est\u00e1 incumpliendo sistem\u00e1ticamente la normativa horaria y provocando grandes molestias vecinales. El departamento est\u00e1 abierto a cualquier queja o sugerencia de mejora, que puede presentarse por registro de entrada, mientras se sigue trabajando en los nuevos contratos de recogida y limpieza viaria para aportar mejores soluciones mediante refuerzo de personal y mejora de contenedores. Entretanto, se pide respeto a la ciudadan\u00eda para no agravar los problemas.<\/p>\n","protected":false},"excerpt":{"rendered":"<p>El ayuntamiento sancionar\u00e1, a partir del 1 de julio, los puntos de vertido incontrolado mientras avanza el nuevo sistema de recogida de residuos El Ayuntamiento de Muro invita a la [&hellip;]<\/p>\n","protected":false},"author":32,"featured_media":56761,"comment_status":"closed","ping_status":"closed","sticky":false,"template":"","format":"standard","meta":{"_et_pb_use_builder":"","_et_pb_old_content":"","_et_gb_content_width":"","footnotes":""},"categories":[51,49,76],"tags":[],"class_list":["post-56763","post","type-post","status-publish","format-standard","has-post-thumbnail","hentry","category-destacat-es","category-noticias","category-servicios-municipales"],"yoast_head":"<!-- This site is optimized with the Yoast SEO plugin v27.1.1 - https:\/\/yoast.com\/product\/yoast-seo-wordpress\/ -->\n<title>Muro apuesta por un modelo m\u00e1s c\u00edvico de gesti\u00f3n de residuos | Ajuntament de Muro<\/title>\n<meta name=\"robots\" content=\"index, follow, max-snippet:-1, max-image-preview:large, max-video-preview:-1\" \/>\n<link rel=\"canonical\" href=\"https:\/\/www.vilademuro.net\/es\/muro-vol-apostar-per-un-model-mes-civic-de-gestio-de-residus\/\" \/>\n<meta property=\"og:locale\" content=\"es_ES\" \/>\n<meta property=\"og:type\" content=\"article\" \/>\n<meta property=\"og:title\" content=\"Muro apuesta por un modelo m\u00e1s c\u00edvico de gesti\u00f3n de residuos | Ajuntament de Muro\" \/>\n<meta property=\"og:description\" content=\"El ayuntamiento sancionar\u00e1, a partir del 1 de julio, los puntos de vertido incontrolado mientras avanza el nuevo sistema de recogida de residuos El Ayuntamiento de Muro invita a la [&hellip;]\" \/>\n<meta property=\"og:url\" content=\"https:\/\/www.vilademuro.net\/es\/muro-vol-apostar-per-un-model-mes-civic-de-gestio-de-residus\/\" \/>\n<meta property=\"og:site_name\" content=\"Ajuntament de Muro\" \/>\n<meta property=\"article:publisher\" content=\"https:\/\/www.facebook.com\/murodealcoy\" \/>\n<meta property=\"article:published_time\" content=\"2025-06-29T15:33:50+00:00\" \/>\n<meta property=\"article:modified_time\" content=\"2025-06-29T15:38:00+00:00\" \/>\n<meta property=\"og:image\" content=\"https:\/\/www.vilademuro.net\/wp-content\/uploads\/2025\/06\/IMG_3455.jpg\" \/>\n\t<meta property=\"og:image:width\" content=\"1920\" \/>\n\t<meta property=\"og:image:height\" content=\"1440\" \/>\n\t<meta property=\"og:image:type\" content=\"image\/jpeg\" \/>\n<meta name=\"author\" content=\"david perez\" \/>\n<meta name=\"twitter:card\" content=\"summary_large_image\" \/>\n<meta name=\"twitter:creator\" content=\"@AjuntamentMuro\" \/>\n<meta name=\"twitter:site\" content=\"@AjuntamentMuro\" \/>\n<meta name=\"twitter:label1\" content=\"Escrito por\" \/>\n\t<meta name=\"twitter:data1\" content=\"david perez\" \/>\n\t<meta name=\"twitter:label2\" content=\"Tiempo de lectura\" \/>\n\t<meta name=\"twitter:data2\" content=\"6 minutos\" \/>\n<script type=\"application\/ld+json\" class=\"yoast-schema-graph\">{\"@context\":\"https:\/\/schema.org\",\"@graph\":[{\"@type\":\"Article\",\"@id\":\"https:\/\/www.vilademuro.net\/es\/muro-vol-apostar-per-un-model-mes-civic-de-gestio-de-residus\/#article\",\"isPartOf\":{\"@id\":\"https:\/\/www.vilademuro.net\/es\/muro-vol-apostar-per-un-model-mes-civic-de-gestio-de-residus\/\"},\"author\":{\"name\":\"david perez\",\"@id\":\"https:\/\/www.vilademuro.net\/es\/#\/schema\/person\/18d508a6d83aeac8b78142fe72d521b2\"},\"headline\":\"Muro apuesta por un modelo m\u00e1s c\u00edvico de gesti\u00f3n de residuos\",\"datePublished\":\"2025-06-29T15:33:50+00:00\",\"dateModified\":\"2025-06-29T15:38:00+00:00\",\"mainEntityOfPage\":{\"@id\":\"https:\/\/www.vilademuro.net\/es\/muro-vol-apostar-per-un-model-mes-civic-de-gestio-de-residus\/\"},\"wordCount\":977,\"publisher\":{\"@id\":\"https:\/\/www.vilademuro.net\/es\/#organization\"},\"image\":{\"@id\":\"https:\/\/www.vilademuro.net\/es\/muro-vol-apostar-per-un-model-mes-civic-de-gestio-de-residus\/#primaryimage\"},\"thumbnailUrl\":\"https:\/\/www.vilademuro.net\/wp-content\/uploads\/2025\/06\/IMG_3455.jpg\",\"articleSection\":[\"Destacat\",\"Noticias\",\"Servicios Municipales\"],\"inLanguage\":\"es\"},{\"@type\":\"WebPage\",\"@id\":\"https:\/\/www.vilademuro.net\/es\/muro-vol-apostar-per-un-model-mes-civic-de-gestio-de-residus\/\",\"url\":\"https:\/\/www.vilademuro.net\/es\/muro-vol-apostar-per-un-model-mes-civic-de-gestio-de-residus\/\",\"name\":\"Muro apuesta por un modelo m\u00e1s c\u00edvico de gesti\u00f3n de residuos | Ajuntament de Muro\",\"isPartOf\":{\"@id\":\"https:\/\/www.vilademuro.net\/es\/#website\"},\"primaryImageOfPage\":{\"@id\":\"https:\/\/www.vilademuro.net\/es\/muro-vol-apostar-per-un-model-mes-civic-de-gestio-de-residus\/#primaryimage\"},\"image\":{\"@id\":\"https:\/\/www.vilademuro.net\/es\/muro-vol-apostar-per-un-model-mes-civic-de-gestio-de-residus\/#primaryimage\"},\"thumbnailUrl\":\"https:\/\/www.vilademuro.net\/wp-content\/uploads\/2025\/06\/IMG_3455.jpg\",\"datePublished\":\"2025-06-29T15:33:50+00:00\",\"dateModified\":\"2025-06-29T15:38:00+00:00\",\"breadcrumb\":{\"@id\":\"https:\/\/www.vilademuro.net\/es\/muro-vol-apostar-per-un-model-mes-civic-de-gestio-de-residus\/#breadcrumb\"},\"inLanguage\":\"es\",\"potentialAction\":[{\"@type\":\"ReadAction\",\"target\":[\"https:\/\/www.vilademuro.net\/es\/muro-vol-apostar-per-un-model-mes-civic-de-gestio-de-residus\/\"]}]},{\"@type\":\"ImageObject\",\"inLanguage\":\"es\",\"@id\":\"https:\/\/www.vilademuro.net\/es\/muro-vol-apostar-per-un-model-mes-civic-de-gestio-de-residus\/#primaryimage\",\"url\":\"https:\/\/www.vilademuro.net\/wp-content\/uploads\/2025\/06\/IMG_3455.jpg\",\"contentUrl\":\"https:\/\/www.vilademuro.net\/wp-content\/uploads\/2025\/06\/IMG_3455.jpg\",\"width\":1920,\"height\":1440},{\"@type\":\"BreadcrumbList\",\"@id\":\"https:\/\/www.vilademuro.net\/es\/muro-vol-apostar-per-un-model-mes-civic-de-gestio-de-residus\/#breadcrumb\",\"itemListElement\":[{\"@type\":\"ListItem\",\"position\":1,\"name\":\"Inici\",\"item\":\"https:\/\/www.vilademuro.net\/es\/\"},{\"@type\":\"ListItem\",\"position\":2,\"name\":\"Muro apuesta por un modelo m\u00e1s c\u00edvico de gesti\u00f3n de residuos\"}]},{\"@type\":\"WebSite\",\"@id\":\"https:\/\/www.vilademuro.net\/es\/#website\",\"url\":\"https:\/\/www.vilademuro.net\/es\/\",\"name\":\"Ajuntament de Muro d'Alcoi\",\"description\":\"P\u00e1gina web oficial de l&#039;Ajuntament de Muro\",\"publisher\":{\"@id\":\"https:\/\/www.vilademuro.net\/es\/#organization\"},\"potentialAction\":[{\"@type\":\"SearchAction\",\"target\":{\"@type\":\"EntryPoint\",\"urlTemplate\":\"https:\/\/www.vilademuro.net\/es\/?s={search_term_string}\"},\"query-input\":{\"@type\":\"PropertyValueSpecification\",\"valueRequired\":true,\"valueName\":\"search_term_string\"}}],\"inLanguage\":\"es\"},{\"@type\":\"Organization\",\"@id\":\"https:\/\/www.vilademuro.net\/es\/#organization\",\"name\":\"Ajuntament de Muro\",\"url\":\"https:\/\/www.vilademuro.net\/es\/\",\"logo\":{\"@type\":\"ImageObject\",\"inLanguage\":\"es\",\"@id\":\"https:\/\/www.vilademuro.net\/es\/#\/schema\/logo\/image\/\",\"url\":\"https:\/\/www.vilademuro.net\/wp-content\/uploads\/2022\/10\/LOGO3-2.jpg\",\"contentUrl\":\"https:\/\/www.vilademuro.net\/wp-content\/uploads\/2022\/10\/LOGO3-2.jpg\",\"width\":756,\"height\":517,\"caption\":\"Ajuntament de Muro\"},\"image\":{\"@id\":\"https:\/\/www.vilademuro.net\/es\/#\/schema\/logo\/image\/\"},\"sameAs\":[\"https:\/\/www.facebook.com\/murodealcoy\",\"https:\/\/x.com\/AjuntamentMuro\",\"https:\/\/www.youtube.com\/channel\/UC2rwbKfRqsd1Ncwm6Y1prQw\"]},{\"@type\":\"Person\",\"@id\":\"https:\/\/www.vilademuro.net\/es\/#\/schema\/person\/18d508a6d83aeac8b78142fe72d521b2\",\"name\":\"david perez\",\"image\":{\"@type\":\"ImageObject\",\"inLanguage\":\"es\",\"@id\":\"https:\/\/www.vilademuro.net\/es\/#\/schema\/person\/image\/\",\"url\":\"https:\/\/secure.gravatar.com\/avatar\/32e29d67ef109fa6f899286cf1743bb75688fd5ba35d80f5c1b6ac2b6bf32256?s=96&d=mm&r=g\",\"contentUrl\":\"https:\/\/secure.gravatar.com\/avatar\/32e29d67ef109fa6f899286cf1743bb75688fd5ba35d80f5c1b6ac2b6bf32256?s=96&d=mm&r=g\",\"caption\":\"david perez\"}}]}<\/script>\n<!-- \/ Yoast SEO plugin. -->","yoast_head_json":{"title":"Muro apuesta por un modelo m\u00e1s c\u00edvico de gesti\u00f3n de residuos | Ajuntament de Muro","robots":{"index":"index","follow":"follow","max-snippet":"max-snippet:-1","max-image-preview":"max-image-preview:large","max-video-preview":"max-video-preview:-1"},"canonical":"https:\/\/www.vilademuro.net\/es\/muro-vol-apostar-per-un-model-mes-civic-de-gestio-de-residus\/","og_locale":"es_ES","og_type":"article","og_title":"Muro apuesta por un modelo m\u00e1s c\u00edvico de gesti\u00f3n de residuos | Ajuntament de Muro","og_description":"El ayuntamiento sancionar\u00e1, a partir del 1 de julio, los puntos de vertido incontrolado mientras avanza el nuevo sistema de recogida de residuos El Ayuntamiento de Muro invita a la [&hellip;]","og_url":"https:\/\/www.vilademuro.net\/es\/muro-vol-apostar-per-un-model-mes-civic-de-gestio-de-residus\/","og_site_name":"Ajuntament de Muro","article_publisher":"https:\/\/www.facebook.com\/murodealcoy","article_published_time":"2025-06-29T15:33:50+00:00","article_modified_time":"2025-06-29T15:38:00+00:00","og_image":[{"width":1920,"height":1440,"url":"https:\/\/www.vilademuro.net\/wp-content\/uploads\/2025\/06\/IMG_3455.jpg","type":"image\/jpeg"}],"author":"david perez","twitter_card":"summary_large_image","twitter_creator":"@AjuntamentMuro","twitter_site":"@AjuntamentMuro","twitter_misc":{"Escrito por":"david perez","Tiempo de lectura":"6 minutos"},"schema":{"@context":"https:\/\/schema.org","@graph":[{"@type":"Article","@id":"https:\/\/www.vilademuro.net\/es\/muro-vol-apostar-per-un-model-mes-civic-de-gestio-de-residus\/#article","isPartOf":{"@id":"https:\/\/www.vilademuro.net\/es\/muro-vol-apostar-per-un-model-mes-civic-de-gestio-de-residus\/"},"author":{"name":"david perez","@id":"https:\/\/www.vilademuro.net\/es\/#\/schema\/person\/18d508a6d83aeac8b78142fe72d521b2"},"headline":"Muro apuesta por un modelo m\u00e1s c\u00edvico de gesti\u00f3n de residuos","datePublished":"2025-06-29T15:33:50+00:00","dateModified":"2025-06-29T15:38:00+00:00","mainEntityOfPage":{"@id":"https:\/\/www.vilademuro.net\/es\/muro-vol-apostar-per-un-model-mes-civic-de-gestio-de-residus\/"},"wordCount":977,"publisher":{"@id":"https:\/\/www.vilademuro.net\/es\/#organization"},"image":{"@id":"https:\/\/www.vilademuro.net\/es\/muro-vol-apostar-per-un-model-mes-civic-de-gestio-de-residus\/#primaryimage"},"thumbnailUrl":"https:\/\/www.vilademuro.net\/wp-content\/uploads\/2025\/06\/IMG_3455.jpg","articleSection":["Destacat","Noticias","Servicios Municipales"],"inLanguage":"es"},{"@type":"WebPage","@id":"https:\/\/www.vilademuro.net\/es\/muro-vol-apostar-per-un-model-mes-civic-de-gestio-de-residus\/","url":"https:\/\/www.vilademuro.net\/es\/muro-vol-apostar-per-un-model-mes-civic-de-gestio-de-residus\/","name":"Muro apuesta por un modelo m\u00e1s c\u00edvico de gesti\u00f3n de residuos | Ajuntament de Muro","isPartOf":{"@id":"https:\/\/www.vilademuro.net\/es\/#website"},"primaryImageOfPage":{"@id":"https:\/\/www.vilademuro.net\/es\/muro-vol-apostar-per-un-model-mes-civic-de-gestio-de-residus\/#primaryimage"},"image":{"@id":"https:\/\/www.vilademuro.net\/es\/muro-vol-apostar-per-un-model-mes-civic-de-gestio-de-residus\/#primaryimage"},"thumbnailUrl":"https:\/\/www.vilademuro.net\/wp-content\/uploads\/2025\/06\/IMG_3455.jpg","datePublished":"2025-06-29T15:33:50+00:00","dateModified":"2025-06-29T15:38:00+00:00","breadcrumb":{"@id":"https:\/\/www.vilademuro.net\/es\/muro-vol-apostar-per-un-model-mes-civic-de-gestio-de-residus\/#breadcrumb"},"inLanguage":"es","potentialAction":[{"@type":"ReadAction","target":["https:\/\/www.vilademuro.net\/es\/muro-vol-apostar-per-un-model-mes-civic-de-gestio-de-residus\/"]}]},{"@type":"ImageObject","inLanguage":"es","@id":"https:\/\/www.vilademuro.net\/es\/muro-vol-apostar-per-un-model-mes-civic-de-gestio-de-residus\/#primaryimage","url":"https:\/\/www.vilademuro.net\/wp-content\/uploads\/2025\/06\/IMG_3455.jpg","contentUrl":"https:\/\/www.vilademuro.net\/wp-content\/uploads\/2025\/06\/IMG_3455.jpg","width":1920,"height":1440},{"@type":"BreadcrumbList","@id":"https:\/\/www.vilademuro.net\/es\/muro-vol-apostar-per-un-model-mes-civic-de-gestio-de-residus\/#breadcrumb","itemListElement":[{"@type":"ListItem","position":1,"name":"Inici","item":"https:\/\/www.vilademuro.net\/es\/"},{"@type":"ListItem","position":2,"name":"Muro apuesta por un modelo m\u00e1s c\u00edvico de gesti\u00f3n de residuos"}]},{"@type":"WebSite","@id":"https:\/\/www.vilademuro.net\/es\/#website","url":"https:\/\/www.vilademuro.net\/es\/","name":"Ajuntament de Muro d'Alcoi","description":"P\u00e1gina web oficial de l&#039;Ajuntament de Muro","publisher":{"@id":"https:\/\/www.vilademuro.net\/es\/#organization"},"potentialAction":[{"@type":"SearchAction","target":{"@type":"EntryPoint","urlTemplate":"https:\/\/www.vilademuro.net\/es\/?s={search_term_string}"},"query-input":{"@type":"PropertyValueSpecification","valueRequired":true,"valueName":"search_term_string"}}],"inLanguage":"es"},{"@type":"Organization","@id":"https:\/\/www.vilademuro.net\/es\/#organization","name":"Ajuntament de Muro","url":"https:\/\/www.vilademuro.net\/es\/","logo":{"@type":"ImageObject","inLanguage":"es","@id":"https:\/\/www.vilademuro.net\/es\/#\/schema\/logo\/image\/","url":"https:\/\/www.vilademuro.net\/wp-content\/uploads\/2022\/10\/LOGO3-2.jpg","contentUrl":"https:\/\/www.vilademuro.net\/wp-content\/uploads\/2022\/10\/LOGO3-2.jpg","width":756,"height":517,"caption":"Ajuntament de Muro"},"image":{"@id":"https:\/\/www.vilademuro.net\/es\/#\/schema\/logo\/image\/"},"sameAs":["https:\/\/www.facebook.com\/murodealcoy","https:\/\/x.com\/AjuntamentMuro","https:\/\/www.youtube.com\/channel\/UC2rwbKfRqsd1Ncwm6Y1prQw"]},{"@type":"Person","@id":"https:\/\/www.vilademuro.net\/es\/#\/schema\/person\/18d508a6d83aeac8b78142fe72d521b2","name":"david perez","image":{"@type":"ImageObject","inLanguage":"es","@id":"https:\/\/www.vilademuro.net\/es\/#\/schema\/person\/image\/","url":"https:\/\/secure.gravatar.com\/avatar\/32e29d67ef109fa6f899286cf1743bb75688fd5ba35d80f5c1b6ac2b6bf32256?s=96&d=mm&r=g","contentUrl":"https:\/\/secure.gravatar.com\/avatar\/32e29d67ef109fa6f899286cf1743bb75688fd5ba35d80f5c1b6ac2b6bf32256?s=96&d=mm&r=g","caption":"david perez"}}]}},"_links":{"self":[{"href":"https:\/\/www.vilademuro.net\/es\/wp-json\/wp\/v2\/posts\/56763","targetHints":{"allow":["GET"]}}],"collection":[{"href":"https:\/\/www.vilademuro.net\/es\/wp-json\/wp\/v2\/posts"}],"about":[{"href":"https:\/\/www.vilademuro.net\/es\/wp-json\/wp\/v2\/types\/post"}],"author":[{"embeddable":true,"href":"https:\/\/www.vilademuro.net\/es\/wp-json\/wp\/v2\/users\/32"}],"replies":[{"embeddable":true,"href":"https:\/\/www.vilademuro.net\/es\/wp-json\/wp\/v2\/comments?post=56763"}],"version-history":[{"count":1,"href":"https:\/\/www.vilademuro.net\/es\/wp-json\/wp\/v2\/posts\/56763\/revisions"}],"predecessor-version":[{"id":56764,"href":"https:\/\/www.vilademuro.net\/es\/wp-json\/wp\/v2\/posts\/56763\/revisions\/56764"}],"wp:featuredmedia":[{"embeddable":true,"href":"https:\/\/www.vilademuro.net\/es\/wp-json\/wp\/v2\/media\/56761"}],"wp:attachment":[{"href":"https:\/\/www.vilademuro.net\/es\/wp-json\/wp\/v2\/media?parent=56763"}],"wp:term":[{"taxonomy":"category","embeddable":true,"href":"https:\/\/www.vilademuro.net\/es\/wp-json\/wp\/v2\/categories?post=56763"},{"taxonomy":"post_tag","embeddable":true,"href":"https:\/\/www.vilademuro.net\/es\/wp-json\/wp\/v2\/tags?post=56763"}],"curies":[{"name":"wp","href":"https:\/\/api.w.org\/{rel}","templated":true}]}}