{"id":56741,"date":"2025-06-24T20:17:58","date_gmt":"2025-06-24T18:17:58","guid":{"rendered":"https:\/\/www.vilademuro.net\/juga-muro-repta-a-una-jornada-de-jocs-a-tot-el-jovent-de-la-comarca-aquest-12-de-juliol\/"},"modified":"2025-06-24T20:23:39","modified_gmt":"2025-06-24T18:23:39","slug":"juga-muro-repta-a-una-jornada-de-jocs-a-tot-el-jovent-de-la-comarca-aquest-12-de-juliol","status":"publish","type":"post","link":"https:\/\/www.vilademuro.net\/es\/juga-muro-repta-a-una-jornada-de-jocs-a-tot-el-jovent-de-la-comarca-aquest-12-de-juliol\/","title":{"rendered":"Juga Muro ser\u00e1 este 12 de j\u00falio"},"content":{"rendered":"<h2><strong>Juga Muro repta a una jornada de jocs a tot el jovent de la comarca aquest 12 de juliol<\/strong><\/h2>\n<h4>\u00b7\u00a0\u00a0\u00a0\u00a0\u00a0\u00a0 <em>Dotze hores gratu\u00eftes de jocs de taula, rol, videojocs, lectura i art per a tots els p\u00fablics<\/em><\/h4>\n<h4>\u00b7\u00a0\u00a0\u00a0\u00a0\u00a0\u00a0 <em>Torneigs, streamer de Mario\u202fKart a la nova Switch\u202fII i creativitat local marquen l\u2019equador de l\u2019Estiu Jove 2025<\/em><\/h4>\n<p>La Regidoria de Joventut encetar\u00e0 aquest juliol l\u2019\u00abEstiu\u00a0Jove: Oci i Formaci\u00f3\u00bb, el programa gratu\u00eft que omplir\u00e0 el Centre Jove de tallers i dinamitzaci\u00f3 fins a final de mes. El seu moment m\u00e9s sonat ser\u00e0 \u00abJuga Muro\u00bb, una marat\u00f3 de dotze hores \u2014de 9.00 h a 14.00 h i de 16.00 h a 21.00 h\u2014 de jocs de taula, rol i videojocs que se celebrar\u00e0 el dissabte 12 de juliol a la sala\u00a0Arpeia\u00a0de l\u2019Arxiu Municipal.<\/p>\n<p><img loading=\"lazy\" decoding=\"async\" class=\"alignnone wp-image-56730 size-large\" src=\"https:\/\/www.vilademuro.net\/wp-content\/uploads\/2025\/06\/IMG_2691-1024x768.jpg\" alt=\"\" width=\"1024\" height=\"768\" srcset=\"https:\/\/www.vilademuro.net\/wp-content\/uploads\/2025\/06\/IMG_2691-980x735.jpg 980w, https:\/\/www.vilademuro.net\/wp-content\/uploads\/2025\/06\/IMG_2691-480x360.jpg 480w\" sizes=\"(min-width: 0px) and (max-width: 480px) 480px, (min-width: 481px) and (max-width: 980px) 980px, (min-width: 981px) 1024px, 100vw\" \/><br \/>\n\u00abAmb aquesta proposta a l\u2019equador de la programaci\u00f3 volem refor\u00e7ar el m\u00fascul associatiu, transmetre valors i fomentar el vincle social m\u00e9s enll\u00e0 de les pantalles\u00bb, explica el regidor de Joventut, Sergi Silvestre, qui tamb\u00e9 subratlla que la iniciativa\u00a0ser\u00e0 organitzada\u00a0pel col\u00b7lectiu\u00a0Domingueros\u00a0Alcoi. Per\u00f2 durant tot el\u00a0mes\u00a0hi haur\u00e0 tallers i activitat matinera dinamitzada per l\u2019alumnat del Taller d\u2019Ocupaci\u00f3 \u00abForma\u2019t a Muro\u00bb i comptar\u00e0 amb suport del Consorci de Residus en mat\u00e8ria de sostenibilitat per a actes de la vesprada que conjuguen aprenentatges amb diversi\u00f3 i reptes de creixement personal, exemple d\u2019una col\u00b7laboraci\u00f3 transversal que multiplica l\u2019impacte de cada acci\u00f3 municipal. Silvestre afirma que \u201cs\u2019ha volgut aplicar la transversalitat de l\u2019acci\u00f3 de govern a la proposta estiuenca del Centre Jove, una mirada a qu\u00e8 podem apropar per a la joventut\u00a0al mateix temps que\u00a0apostem per recursos propis d\u2019alt valor com el personal de Forma\u2019t a Muro, qui han adquirit formaci\u00f3 i aptituds de primer nivell per a dur a terme les activitats de dinamitzaci\u00f3 matineres,\u00a0alhora que\u00a0hem aconseguit la implicaci\u00f3 del Consorci per al disseny de propostes engrescadores que ens fan prendre\u00a0consci\u00e8ncia\u00a0des de joves de la problem\u00e0tica dels residus\u201d.<\/p>\n<p>L\u2019esdeveniment, organitzat per l\u2019associaci\u00f3\u00a0Domingueros\u00a0Alcoi, estar\u00e0 obert a tots els p\u00fablics, per\u00f2 cal entendre que els infants de menor edat han d\u2019estar acompanyats per persones adultes responsables, i combinar\u00e0 partides obertes amb tornejos. \u00abHem preparat jocs cooperatius, competitius, d\u2019habilitat, a l\u2019aire lliure i fins i tot un circuit de xapes ambientat en Mario\u202fKart; tothom trobar\u00e0 la seua opci\u00f3\u00bb, assenyala P.\u00a0Pincho, Responsable d\u2019esdeveniment de\u00a0Domingueros\u00a0Alcoi. Experts ajudaran al cada\u00a0participant\u00a0principiants per a recomanar-los un joc i explicar\u2011ne les regles, de manera que no caldr\u00e0 cap experi\u00e8ncia pr\u00e8via: \u00abNom\u00e9s venen amb ganes de divertir\u2011se, de la resta ens encarreguem nosaltres\u00bb\u00a0ha concl\u00f3s.<\/p>\n<p>Els afeccionats al rol disposaran d\u2019una programaci\u00f3 espec\u00edfica coordinada per Carlos Llopis, amb partides del cl\u00e0ssic \u00abDungeons &amp; Dragons\u00bb i del seu propi sistema \u00abMerto\u00bb, que permet personalitzar molt l\u2019experi\u00e8ncia de joc. La jornada inclour\u00e0 tamb\u00e9 un espai de foment lector impulsat pel Club de Lectura de Domingueros Alcoi i una zona de videojocs on un streamer convidat presentar\u00e0 la nova versi\u00f3 de Mario\u202fKart sobre la Nintendo Switch\u202fII perqu\u00e8 el p\u00fablic puga provar\u2011la.<\/p>\n<p><img loading=\"lazy\" decoding=\"async\" class=\"alignnone wp-image-56732 size-large\" src=\"https:\/\/www.vilademuro.net\/wp-content\/uploads\/2025\/06\/JugaMuro_Cartel_20250612_Valenciano_page-0001-725x1024.jpg\" alt=\"\" width=\"725\" height=\"1024\" \/><br \/>\nEls tornejos \u2014classificatori de TOMA 6, competici\u00f3 de\u00a0Pitchcar\u00a0i Mario\u202fKart World\u2014 repartiran premis cedits per la botiga murera Domingo de\u00a0Juegos. L\u2019ambient creatiu el posaran artistes de la comarca, que exposaran i signaran els seus treballs, i els dissenyadors de jocs\u00a0Gaiogames\u00a0i\u00a0Pactum, que presentaran les seues novetats. El cartell de la jornada \u00e9s obra del dibuixant i\u00a0storyboardista\u00a0Mario Dom\u00ednguez, que ha sintetitzat l\u2019esperit de la festa \u2014cl\u00e0ssics com l\u2019Oca o el\u00a0Monopoly\u00a0s\u2019enfronten a noves figures com la Fallera Calavera en una carrera de Mario\u202fKart amb el\u00a0Tio\u00a0Pep i l\u2019Arxiu de fons\u2014 en una il\u00b7lustraci\u00f3 plena de detalls i humor.<\/p>\n<p>Tota la programaci\u00f3 de l\u2019Estiu\u00a0Jove \u00e9s gratu\u00efta; per participar en Juga Muro nom\u00e9s cal acudir a l\u2019Arxiu el 12 de juliol i apuntar\u2011se als tornejos in situ. Els interessats poden ampliar la informaci\u00f3 i resoldre dubtes al Centre Jove, al canal oficial de WhatsApp o als d\u00edptics amb codis QR distribu\u00efts pel municipi.<\/p>\n<p>Descarga en PDF el programa de Juga Muro en: <a href=\"https:\/\/www.vilademuro.net\/wp-content\/uploads\/2025\/06\/juga-muro-diptic.pdf\">juga muro diptic<\/a><\/p>\n<p><img loading=\"lazy\" decoding=\"async\" class=\"alignnone wp-image-56733 size-large\" src=\"https:\/\/www.vilademuro.net\/wp-content\/uploads\/2025\/06\/juga-muro-diptic_page-0002-1024x725.jpg\" alt=\"\" width=\"1024\" height=\"725\" srcset=\"https:\/\/www.vilademuro.net\/wp-content\/uploads\/2025\/06\/juga-muro-diptic_page-0002-980x693.jpg 980w, https:\/\/www.vilademuro.net\/wp-content\/uploads\/2025\/06\/juga-muro-diptic_page-0002-480x340.jpg 480w\" sizes=\"(min-width: 0px) and (max-width: 480px) 480px, (min-width: 481px) and (max-width: 980px) 980px, (min-width: 981px) 1024px, 100vw\" \/><\/p>\n<p><img loading=\"lazy\" decoding=\"async\" class=\"alignnone wp-image-56735 size-large\" src=\"https:\/\/www.vilademuro.net\/wp-content\/uploads\/2025\/06\/juga-muro-diptic_page-0001-1024x725.jpg\" alt=\"\" width=\"1024\" height=\"725\" srcset=\"https:\/\/www.vilademuro.net\/wp-content\/uploads\/2025\/06\/juga-muro-diptic_page-0001-980x693.jpg 980w, https:\/\/www.vilademuro.net\/wp-content\/uploads\/2025\/06\/juga-muro-diptic_page-0001-480x340.jpg 480w\" sizes=\"(min-width: 0px) and (max-width: 480px) 480px, (min-width: 481px) and (max-width: 980px) 980px, (min-width: 981px) 1024px, 100vw\" \/><\/p>\n","protected":false},"excerpt":{"rendered":"<p>Juga Muro repta a una jornada de jocs a tot el jovent de la comarca aquest 12 de juliol \u00b7\u00a0\u00a0\u00a0\u00a0\u00a0\u00a0 Dotze hores gratu\u00eftes de jocs de taula, rol, videojocs, lectura [&hellip;]<\/p>\n","protected":false},"author":32,"featured_media":56728,"comment_status":"closed","ping_status":"closed","sticky":false,"template":"","format":"standard","meta":{"_et_pb_use_builder":"","_et_pb_old_content":"","_et_gb_content_width":"","footnotes":""},"categories":[51,71,49],"tags":[],"class_list":["post-56741","post","type-post","status-publish","format-standard","has-post-thumbnail","hentry","category-destacat-es","category-juventud","category-noticias"],"yoast_head":"<!-- This site is optimized with the Yoast SEO plugin v27.1.1 - https:\/\/yoast.com\/product\/yoast-seo-wordpress\/ -->\n<title>Juga Muro ser\u00e1 este 12 de j\u00falio | Ajuntament de Muro<\/title>\n<meta name=\"robots\" content=\"index, follow, max-snippet:-1, max-image-preview:large, max-video-preview:-1\" \/>\n<link rel=\"canonical\" href=\"https:\/\/www.vilademuro.net\/es\/juga-muro-repta-a-una-jornada-de-jocs-a-tot-el-jovent-de-la-comarca-aquest-12-de-juliol\/\" \/>\n<meta property=\"og:locale\" content=\"es_ES\" \/>\n<meta property=\"og:type\" content=\"article\" \/>\n<meta property=\"og:title\" content=\"Juga Muro ser\u00e1 este 12 de j\u00falio | Ajuntament de Muro\" \/>\n<meta property=\"og:description\" content=\"Juga Muro repta a una jornada de jocs a tot el jovent de la comarca aquest 12 de juliol \u00b7\u00a0\u00a0\u00a0\u00a0\u00a0\u00a0 Dotze hores gratu\u00eftes de jocs de taula, rol, videojocs, lectura [&hellip;]\" \/>\n<meta property=\"og:url\" content=\"https:\/\/www.vilademuro.net\/es\/juga-muro-repta-a-una-jornada-de-jocs-a-tot-el-jovent-de-la-comarca-aquest-12-de-juliol\/\" \/>\n<meta property=\"og:site_name\" content=\"Ajuntament de Muro\" \/>\n<meta property=\"article:publisher\" content=\"https:\/\/www.facebook.com\/murodealcoy\" \/>\n<meta property=\"article:published_time\" content=\"2025-06-24T18:17:58+00:00\" \/>\n<meta property=\"article:modified_time\" content=\"2025-06-24T18:23:39+00:00\" \/>\n<meta property=\"og:image\" content=\"https:\/\/www.vilademuro.net\/wp-content\/uploads\/2025\/06\/IMG_2659-3.jpg\" \/>\n\t<meta property=\"og:image:width\" content=\"1920\" \/>\n\t<meta property=\"og:image:height\" content=\"1440\" \/>\n\t<meta property=\"og:image:type\" content=\"image\/jpeg\" \/>\n<meta name=\"author\" content=\"david perez\" \/>\n<meta name=\"twitter:card\" content=\"summary_large_image\" \/>\n<meta name=\"twitter:creator\" content=\"@AjuntamentMuro\" \/>\n<meta name=\"twitter:site\" content=\"@AjuntamentMuro\" \/>\n<meta name=\"twitter:label1\" content=\"Escrito por\" \/>\n\t<meta name=\"twitter:data1\" content=\"david perez\" \/>\n\t<meta name=\"twitter:label2\" content=\"Tiempo de lectura\" \/>\n\t<meta name=\"twitter:data2\" content=\"5 minutos\" \/>\n<script type=\"application\/ld+json\" class=\"yoast-schema-graph\">{\"@context\":\"https:\/\/schema.org\",\"@graph\":[{\"@type\":\"Article\",\"@id\":\"https:\/\/www.vilademuro.net\/es\/juga-muro-repta-a-una-jornada-de-jocs-a-tot-el-jovent-de-la-comarca-aquest-12-de-juliol\/#article\",\"isPartOf\":{\"@id\":\"https:\/\/www.vilademuro.net\/es\/juga-muro-repta-a-una-jornada-de-jocs-a-tot-el-jovent-de-la-comarca-aquest-12-de-juliol\/\"},\"author\":{\"name\":\"david perez\",\"@id\":\"https:\/\/www.vilademuro.net\/es\/#\/schema\/person\/18d508a6d83aeac8b78142fe72d521b2\"},\"headline\":\"Juga Muro ser\u00e1 este 12 de j\u00falio\",\"datePublished\":\"2025-06-24T18:17:58+00:00\",\"dateModified\":\"2025-06-24T18:23:39+00:00\",\"mainEntityOfPage\":{\"@id\":\"https:\/\/www.vilademuro.net\/es\/juga-muro-repta-a-una-jornada-de-jocs-a-tot-el-jovent-de-la-comarca-aquest-12-de-juliol\/\"},\"wordCount\":739,\"publisher\":{\"@id\":\"https:\/\/www.vilademuro.net\/es\/#organization\"},\"image\":{\"@id\":\"https:\/\/www.vilademuro.net\/es\/juga-muro-repta-a-una-jornada-de-jocs-a-tot-el-jovent-de-la-comarca-aquest-12-de-juliol\/#primaryimage\"},\"thumbnailUrl\":\"https:\/\/www.vilademuro.net\/wp-content\/uploads\/2025\/06\/IMG_2659-3.jpg\",\"articleSection\":[\"Destacat\",\"Juventud\",\"Noticias\"],\"inLanguage\":\"es\"},{\"@type\":\"WebPage\",\"@id\":\"https:\/\/www.vilademuro.net\/es\/juga-muro-repta-a-una-jornada-de-jocs-a-tot-el-jovent-de-la-comarca-aquest-12-de-juliol\/\",\"url\":\"https:\/\/www.vilademuro.net\/es\/juga-muro-repta-a-una-jornada-de-jocs-a-tot-el-jovent-de-la-comarca-aquest-12-de-juliol\/\",\"name\":\"Juga Muro ser\u00e1 este 12 de j\u00falio | Ajuntament de Muro\",\"isPartOf\":{\"@id\":\"https:\/\/www.vilademuro.net\/es\/#website\"},\"primaryImageOfPage\":{\"@id\":\"https:\/\/www.vilademuro.net\/es\/juga-muro-repta-a-una-jornada-de-jocs-a-tot-el-jovent-de-la-comarca-aquest-12-de-juliol\/#primaryimage\"},\"image\":{\"@id\":\"https:\/\/www.vilademuro.net\/es\/juga-muro-repta-a-una-jornada-de-jocs-a-tot-el-jovent-de-la-comarca-aquest-12-de-juliol\/#primaryimage\"},\"thumbnailUrl\":\"https:\/\/www.vilademuro.net\/wp-content\/uploads\/2025\/06\/IMG_2659-3.jpg\",\"datePublished\":\"2025-06-24T18:17:58+00:00\",\"dateModified\":\"2025-06-24T18:23:39+00:00\",\"breadcrumb\":{\"@id\":\"https:\/\/www.vilademuro.net\/es\/juga-muro-repta-a-una-jornada-de-jocs-a-tot-el-jovent-de-la-comarca-aquest-12-de-juliol\/#breadcrumb\"},\"inLanguage\":\"es\",\"potentialAction\":[{\"@type\":\"ReadAction\",\"target\":[\"https:\/\/www.vilademuro.net\/es\/juga-muro-repta-a-una-jornada-de-jocs-a-tot-el-jovent-de-la-comarca-aquest-12-de-juliol\/\"]}]},{\"@type\":\"ImageObject\",\"inLanguage\":\"es\",\"@id\":\"https:\/\/www.vilademuro.net\/es\/juga-muro-repta-a-una-jornada-de-jocs-a-tot-el-jovent-de-la-comarca-aquest-12-de-juliol\/#primaryimage\",\"url\":\"https:\/\/www.vilademuro.net\/wp-content\/uploads\/2025\/06\/IMG_2659-3.jpg\",\"contentUrl\":\"https:\/\/www.vilademuro.net\/wp-content\/uploads\/2025\/06\/IMG_2659-3.jpg\",\"width\":1920,\"height\":1440},{\"@type\":\"BreadcrumbList\",\"@id\":\"https:\/\/www.vilademuro.net\/es\/juga-muro-repta-a-una-jornada-de-jocs-a-tot-el-jovent-de-la-comarca-aquest-12-de-juliol\/#breadcrumb\",\"itemListElement\":[{\"@type\":\"ListItem\",\"position\":1,\"name\":\"Inici\",\"item\":\"https:\/\/www.vilademuro.net\/es\/\"},{\"@type\":\"ListItem\",\"position\":2,\"name\":\"Juga Muro ser\u00e1 este 12 de j\u00falio\"}]},{\"@type\":\"WebSite\",\"@id\":\"https:\/\/www.vilademuro.net\/es\/#website\",\"url\":\"https:\/\/www.vilademuro.net\/es\/\",\"name\":\"Ajuntament de Muro d'Alcoi\",\"description\":\"P\u00e1gina web oficial de l&#039;Ajuntament de Muro\",\"publisher\":{\"@id\":\"https:\/\/www.vilademuro.net\/es\/#organization\"},\"potentialAction\":[{\"@type\":\"SearchAction\",\"target\":{\"@type\":\"EntryPoint\",\"urlTemplate\":\"https:\/\/www.vilademuro.net\/es\/?s={search_term_string}\"},\"query-input\":{\"@type\":\"PropertyValueSpecification\",\"valueRequired\":true,\"valueName\":\"search_term_string\"}}],\"inLanguage\":\"es\"},{\"@type\":\"Organization\",\"@id\":\"https:\/\/www.vilademuro.net\/es\/#organization\",\"name\":\"Ajuntament de Muro\",\"url\":\"https:\/\/www.vilademuro.net\/es\/\",\"logo\":{\"@type\":\"ImageObject\",\"inLanguage\":\"es\",\"@id\":\"https:\/\/www.vilademuro.net\/es\/#\/schema\/logo\/image\/\",\"url\":\"https:\/\/www.vilademuro.net\/wp-content\/uploads\/2022\/10\/LOGO3-2.jpg\",\"contentUrl\":\"https:\/\/www.vilademuro.net\/wp-content\/uploads\/2022\/10\/LOGO3-2.jpg\",\"width\":756,\"height\":517,\"caption\":\"Ajuntament de Muro\"},\"image\":{\"@id\":\"https:\/\/www.vilademuro.net\/es\/#\/schema\/logo\/image\/\"},\"sameAs\":[\"https:\/\/www.facebook.com\/murodealcoy\",\"https:\/\/x.com\/AjuntamentMuro\",\"https:\/\/www.youtube.com\/channel\/UC2rwbKfRqsd1Ncwm6Y1prQw\"]},{\"@type\":\"Person\",\"@id\":\"https:\/\/www.vilademuro.net\/es\/#\/schema\/person\/18d508a6d83aeac8b78142fe72d521b2\",\"name\":\"david perez\",\"image\":{\"@type\":\"ImageObject\",\"inLanguage\":\"es\",\"@id\":\"https:\/\/www.vilademuro.net\/es\/#\/schema\/person\/image\/\",\"url\":\"https:\/\/secure.gravatar.com\/avatar\/32e29d67ef109fa6f899286cf1743bb75688fd5ba35d80f5c1b6ac2b6bf32256?s=96&d=mm&r=g\",\"contentUrl\":\"https:\/\/secure.gravatar.com\/avatar\/32e29d67ef109fa6f899286cf1743bb75688fd5ba35d80f5c1b6ac2b6bf32256?s=96&d=mm&r=g\",\"caption\":\"david perez\"}}]}<\/script>\n<!-- \/ Yoast SEO plugin. -->","yoast_head_json":{"title":"Juga Muro ser\u00e1 este 12 de j\u00falio | Ajuntament de Muro","robots":{"index":"index","follow":"follow","max-snippet":"max-snippet:-1","max-image-preview":"max-image-preview:large","max-video-preview":"max-video-preview:-1"},"canonical":"https:\/\/www.vilademuro.net\/es\/juga-muro-repta-a-una-jornada-de-jocs-a-tot-el-jovent-de-la-comarca-aquest-12-de-juliol\/","og_locale":"es_ES","og_type":"article","og_title":"Juga Muro ser\u00e1 este 12 de j\u00falio | Ajuntament de Muro","og_description":"Juga Muro repta a una jornada de jocs a tot el jovent de la comarca aquest 12 de juliol \u00b7\u00a0\u00a0\u00a0\u00a0\u00a0\u00a0 Dotze hores gratu\u00eftes de jocs de taula, rol, videojocs, lectura [&hellip;]","og_url":"https:\/\/www.vilademuro.net\/es\/juga-muro-repta-a-una-jornada-de-jocs-a-tot-el-jovent-de-la-comarca-aquest-12-de-juliol\/","og_site_name":"Ajuntament de Muro","article_publisher":"https:\/\/www.facebook.com\/murodealcoy","article_published_time":"2025-06-24T18:17:58+00:00","article_modified_time":"2025-06-24T18:23:39+00:00","og_image":[{"width":1920,"height":1440,"url":"https:\/\/www.vilademuro.net\/wp-content\/uploads\/2025\/06\/IMG_2659-3.jpg","type":"image\/jpeg"}],"author":"david perez","twitter_card":"summary_large_image","twitter_creator":"@AjuntamentMuro","twitter_site":"@AjuntamentMuro","twitter_misc":{"Escrito por":"david perez","Tiempo de lectura":"5 minutos"},"schema":{"@context":"https:\/\/schema.org","@graph":[{"@type":"Article","@id":"https:\/\/www.vilademuro.net\/es\/juga-muro-repta-a-una-jornada-de-jocs-a-tot-el-jovent-de-la-comarca-aquest-12-de-juliol\/#article","isPartOf":{"@id":"https:\/\/www.vilademuro.net\/es\/juga-muro-repta-a-una-jornada-de-jocs-a-tot-el-jovent-de-la-comarca-aquest-12-de-juliol\/"},"author":{"name":"david perez","@id":"https:\/\/www.vilademuro.net\/es\/#\/schema\/person\/18d508a6d83aeac8b78142fe72d521b2"},"headline":"Juga Muro ser\u00e1 este 12 de j\u00falio","datePublished":"2025-06-24T18:17:58+00:00","dateModified":"2025-06-24T18:23:39+00:00","mainEntityOfPage":{"@id":"https:\/\/www.vilademuro.net\/es\/juga-muro-repta-a-una-jornada-de-jocs-a-tot-el-jovent-de-la-comarca-aquest-12-de-juliol\/"},"wordCount":739,"publisher":{"@id":"https:\/\/www.vilademuro.net\/es\/#organization"},"image":{"@id":"https:\/\/www.vilademuro.net\/es\/juga-muro-repta-a-una-jornada-de-jocs-a-tot-el-jovent-de-la-comarca-aquest-12-de-juliol\/#primaryimage"},"thumbnailUrl":"https:\/\/www.vilademuro.net\/wp-content\/uploads\/2025\/06\/IMG_2659-3.jpg","articleSection":["Destacat","Juventud","Noticias"],"inLanguage":"es"},{"@type":"WebPage","@id":"https:\/\/www.vilademuro.net\/es\/juga-muro-repta-a-una-jornada-de-jocs-a-tot-el-jovent-de-la-comarca-aquest-12-de-juliol\/","url":"https:\/\/www.vilademuro.net\/es\/juga-muro-repta-a-una-jornada-de-jocs-a-tot-el-jovent-de-la-comarca-aquest-12-de-juliol\/","name":"Juga Muro ser\u00e1 este 12 de j\u00falio | Ajuntament de Muro","isPartOf":{"@id":"https:\/\/www.vilademuro.net\/es\/#website"},"primaryImageOfPage":{"@id":"https:\/\/www.vilademuro.net\/es\/juga-muro-repta-a-una-jornada-de-jocs-a-tot-el-jovent-de-la-comarca-aquest-12-de-juliol\/#primaryimage"},"image":{"@id":"https:\/\/www.vilademuro.net\/es\/juga-muro-repta-a-una-jornada-de-jocs-a-tot-el-jovent-de-la-comarca-aquest-12-de-juliol\/#primaryimage"},"thumbnailUrl":"https:\/\/www.vilademuro.net\/wp-content\/uploads\/2025\/06\/IMG_2659-3.jpg","datePublished":"2025-06-24T18:17:58+00:00","dateModified":"2025-06-24T18:23:39+00:00","breadcrumb":{"@id":"https:\/\/www.vilademuro.net\/es\/juga-muro-repta-a-una-jornada-de-jocs-a-tot-el-jovent-de-la-comarca-aquest-12-de-juliol\/#breadcrumb"},"inLanguage":"es","potentialAction":[{"@type":"ReadAction","target":["https:\/\/www.vilademuro.net\/es\/juga-muro-repta-a-una-jornada-de-jocs-a-tot-el-jovent-de-la-comarca-aquest-12-de-juliol\/"]}]},{"@type":"ImageObject","inLanguage":"es","@id":"https:\/\/www.vilademuro.net\/es\/juga-muro-repta-a-una-jornada-de-jocs-a-tot-el-jovent-de-la-comarca-aquest-12-de-juliol\/#primaryimage","url":"https:\/\/www.vilademuro.net\/wp-content\/uploads\/2025\/06\/IMG_2659-3.jpg","contentUrl":"https:\/\/www.vilademuro.net\/wp-content\/uploads\/2025\/06\/IMG_2659-3.jpg","width":1920,"height":1440},{"@type":"BreadcrumbList","@id":"https:\/\/www.vilademuro.net\/es\/juga-muro-repta-a-una-jornada-de-jocs-a-tot-el-jovent-de-la-comarca-aquest-12-de-juliol\/#breadcrumb","itemListElement":[{"@type":"ListItem","position":1,"name":"Inici","item":"https:\/\/www.vilademuro.net\/es\/"},{"@type":"ListItem","position":2,"name":"Juga Muro ser\u00e1 este 12 de j\u00falio"}]},{"@type":"WebSite","@id":"https:\/\/www.vilademuro.net\/es\/#website","url":"https:\/\/www.vilademuro.net\/es\/","name":"Ajuntament de Muro d'Alcoi","description":"P\u00e1gina web oficial de l&#039;Ajuntament de Muro","publisher":{"@id":"https:\/\/www.vilademuro.net\/es\/#organization"},"potentialAction":[{"@type":"SearchAction","target":{"@type":"EntryPoint","urlTemplate":"https:\/\/www.vilademuro.net\/es\/?s={search_term_string}"},"query-input":{"@type":"PropertyValueSpecification","valueRequired":true,"valueName":"search_term_string"}}],"inLanguage":"es"},{"@type":"Organization","@id":"https:\/\/www.vilademuro.net\/es\/#organization","name":"Ajuntament de Muro","url":"https:\/\/www.vilademuro.net\/es\/","logo":{"@type":"ImageObject","inLanguage":"es","@id":"https:\/\/www.vilademuro.net\/es\/#\/schema\/logo\/image\/","url":"https:\/\/www.vilademuro.net\/wp-content\/uploads\/2022\/10\/LOGO3-2.jpg","contentUrl":"https:\/\/www.vilademuro.net\/wp-content\/uploads\/2022\/10\/LOGO3-2.jpg","width":756,"height":517,"caption":"Ajuntament de Muro"},"image":{"@id":"https:\/\/www.vilademuro.net\/es\/#\/schema\/logo\/image\/"},"sameAs":["https:\/\/www.facebook.com\/murodealcoy","https:\/\/x.com\/AjuntamentMuro","https:\/\/www.youtube.com\/channel\/UC2rwbKfRqsd1Ncwm6Y1prQw"]},{"@type":"Person","@id":"https:\/\/www.vilademuro.net\/es\/#\/schema\/person\/18d508a6d83aeac8b78142fe72d521b2","name":"david perez","image":{"@type":"ImageObject","inLanguage":"es","@id":"https:\/\/www.vilademuro.net\/es\/#\/schema\/person\/image\/","url":"https:\/\/secure.gravatar.com\/avatar\/32e29d67ef109fa6f899286cf1743bb75688fd5ba35d80f5c1b6ac2b6bf32256?s=96&d=mm&r=g","contentUrl":"https:\/\/secure.gravatar.com\/avatar\/32e29d67ef109fa6f899286cf1743bb75688fd5ba35d80f5c1b6ac2b6bf32256?s=96&d=mm&r=g","caption":"david perez"}}]}},"_links":{"self":[{"href":"https:\/\/www.vilademuro.net\/es\/wp-json\/wp\/v2\/posts\/56741","targetHints":{"allow":["GET"]}}],"collection":[{"href":"https:\/\/www.vilademuro.net\/es\/wp-json\/wp\/v2\/posts"}],"about":[{"href":"https:\/\/www.vilademuro.net\/es\/wp-json\/wp\/v2\/types\/post"}],"author":[{"embeddable":true,"href":"https:\/\/www.vilademuro.net\/es\/wp-json\/wp\/v2\/users\/32"}],"replies":[{"embeddable":true,"href":"https:\/\/www.vilademuro.net\/es\/wp-json\/wp\/v2\/comments?post=56741"}],"version-history":[{"count":2,"href":"https:\/\/www.vilademuro.net\/es\/wp-json\/wp\/v2\/posts\/56741\/revisions"}],"predecessor-version":[{"id":56743,"href":"https:\/\/www.vilademuro.net\/es\/wp-json\/wp\/v2\/posts\/56741\/revisions\/56743"}],"wp:featuredmedia":[{"embeddable":true,"href":"https:\/\/www.vilademuro.net\/es\/wp-json\/wp\/v2\/media\/56728"}],"wp:attachment":[{"href":"https:\/\/www.vilademuro.net\/es\/wp-json\/wp\/v2\/media?parent=56741"}],"wp:term":[{"taxonomy":"category","embeddable":true,"href":"https:\/\/www.vilademuro.net\/es\/wp-json\/wp\/v2\/categories?post=56741"},{"taxonomy":"post_tag","embeddable":true,"href":"https:\/\/www.vilademuro.net\/es\/wp-json\/wp\/v2\/tags?post=56741"}],"curies":[{"name":"wp","href":"https:\/\/api.w.org\/{rel}","templated":true}]}}