{"id":56680,"date":"2025-06-12T12:47:32","date_gmt":"2025-06-12T10:47:32","guid":{"rendered":"https:\/\/www.vilademuro.net\/muro-enceta-lestiu-amb-cultura-en-majuscules-bolling-quartet-i-les-arts-volant\/"},"modified":"2025-06-12T12:47:32","modified_gmt":"2025-06-12T10:47:32","slug":"muro-enceta-lestiu-amb-cultura-en-majuscules-bolling-quartet-i-les-arts-volant","status":"publish","type":"post","link":"https:\/\/www.vilademuro.net\/es\/muro-enceta-lestiu-amb-cultura-en-majuscules-bolling-quartet-i-les-arts-volant\/","title":{"rendered":"Muro enceta l\u2019estiu amb Cultura en maj\u00fascules: Bolling Quartet i Les Arts Volant"},"content":{"rendered":"<p><em>Agenda<\/em><\/p>\n<p><strong>Muro enceta l\u2019estiu amb Cultura en maj\u00fascules: Bolling Quartet i Les Arts Volant<\/strong><\/p>\n<div id=\"attachment_56677\" style=\"width: 1930px\" class=\"wp-caption alignnone\"><img loading=\"lazy\" decoding=\"async\" aria-describedby=\"caption-attachment-56677\" class=\"wp-image-56677 size-full\" src=\"https:\/\/www.vilademuro.net\/wp-content\/uploads\/2025\/06\/foto-Javier-Eguillor-autoria-Eva-Ripoll.jpg\" alt=\"\" width=\"1920\" height=\"873\" srcset=\"https:\/\/www.vilademuro.net\/wp-content\/uploads\/2025\/06\/foto-Javier-Eguillor-autoria-Eva-Ripoll.jpg 1920w, https:\/\/www.vilademuro.net\/wp-content\/uploads\/2025\/06\/foto-Javier-Eguillor-autoria-Eva-Ripoll-1280x582.jpg 1280w, https:\/\/www.vilademuro.net\/wp-content\/uploads\/2025\/06\/foto-Javier-Eguillor-autoria-Eva-Ripoll-980x446.jpg 980w, https:\/\/www.vilademuro.net\/wp-content\/uploads\/2025\/06\/foto-Javier-Eguillor-autoria-Eva-Ripoll-480x218.jpg 480w\" sizes=\"(min-width: 0px) and (max-width: 480px) 480px, (min-width: 481px) and (max-width: 980px) 980px, (min-width: 981px) and (max-width: 1280px) 1280px, (min-width: 1281px) 1920px, 100vw\" \/><p id=\"caption-attachment-56677\" class=\"wp-caption-text\">Javier Eguillor, foto d&#8217;Eva Ripoll<\/p><\/div>\n<ul>\n<li><em>Dues propostes que hom espera veure a una capital de prov\u00edncia i que amb esfor\u00e7 s\u2019aconsegueix apropar als municipis i fer gaudir de la Cultura a tot el m\u00f3n<\/em><\/li>\n<li><em>Divendres 13 de juny amb Bolling Quartet i divendres 20 de juny amb la Ventafocs de les Arts Volant, Muro presenta dues propostes renovadores i refrescants per a les nits d\u2019estiu<\/em><\/li>\n<\/ul>\n<p>Muro viur\u00e0 dues vetlades musicals de primer nivell que confirmen la seua condici\u00f3 de laboratori cultural i pedag\u00f2gic, dues propostes tant diferents com complement\u00e0ries que convergeixen en una mateixa idea: posar la m\u00fasica de qualitat a l\u2019abast de tothom. Divendres 13 de juny, a les 8 de la vesprada, el Centre Cultural acollir\u00e0 el Bolling Quartet, integrat per Ra\u00fcl Junquera a la trompa, Javier Sapi\u00f1a al contrabaix, Adolfo Garc\u00eda al piano i Javier Eguillor a la bateria, tots quatre s\u00f3n reconeguts m\u00fasics de prestigi.<\/p>\n<p>L\u2019actuaci\u00f3 recorre estils que van de la m\u00fasica barroca al jazz passant pel swing i incorpora arranjaments sobre est\u00e0ndards populars. L\u2019espectacle s\u2019ha pensat per a tots els p\u00fablics, per\u00f2 \u201cvolem que l\u2019alumnat de l\u2019Escola de M\u00fasica i la banda local descobrisquen nous camins, i que el p\u00fablic general gaudisca d\u2019un di\u00e0leg entre \u00e8poques\u201d, apunta Eguillor, per aix\u00f2 s&#8217;apel\u00b7la a totes les persones amants de la cultura i la m\u00fasica a Muro a viure amb intensitat l\u2019agenda d\u2019actes. Les entrades, a huit euros, es poden adquirir a entrades.vilademuro.net o a la taquilla del teatre.<\/p>\n<p>La setmana seg\u00fcent, divendres 20 de juny a les 10 de la nit, el pati del CEIP El Bracal es transformar\u00e0 en platea a l\u2019aire lliure amb l\u2019arribada del cami\u00f3-escenari del Palau de les Arts. El projecte itinerant les Arts Volant presentar\u00e0 La Ventafocs, adaptaci\u00f3 al valenci\u00e0 de la Cendrillon de Pauline Viardot dirigida esc\u00e8nicament per Joan Font. L\u2019est\u00e8tica de circ ambulant \u2014la capa gegant de la Fada convertida en carrossa, les sabatilles de vidre que cauen del cel\u2014 combina humor i proximitat sense renunciar a l\u2019exig\u00e8ncia belcantista. El repartiment, format per joves cantants del Centre de Perfeccionament, alterna els rols al llarg de la gira; \u00e9s un exercici que mant\u00e9 la versi\u00f3 fresca i din\u00e0mica. L\u2019acc\u00e9s ser\u00e0 gratu\u00eft fins a completar l\u2019aforament, una declaraci\u00f3 de principis que vol desfer el binomi \u00f2pera-elit, \u201cal cap i a la fi la Cultura \u00e9s Cultura, cal apropar-la al poble i llevar-li a manifestacions com l\u2019\u00d2pera etiquetes com elitista, des de les Arts Volant es fa un gran treball per a aconseguir-ho al mateix temps que es dona prestigi al valenci\u00e0 al ser cantat per int\u00e8rprets d\u2019aquest nivell internacional\u201d assenyala el regidor de Cultura, Fernando Pic\u00f3.<\/p>\n<div id=\"attachment_56667\" style=\"width: 778px\" class=\"wp-caption alignnone\"><img loading=\"lazy\" decoding=\"async\" aria-describedby=\"caption-attachment-56667\" class=\"wp-image-56667 size-full\" src=\"https:\/\/www.vilademuro.net\/wp-content\/uploads\/2025\/06\/3x2_-Cendrillon__.jpg-2.webp\" alt=\"\" width=\"768\" height=\"512\" srcset=\"https:\/\/www.vilademuro.net\/wp-content\/uploads\/2025\/06\/3x2_-Cendrillon__.jpg-2.webp 768w, https:\/\/www.vilademuro.net\/wp-content\/uploads\/2025\/06\/3x2_-Cendrillon__.jpg-2-480x320.webp 480w\" sizes=\"(min-width: 0px) and (max-width: 480px) 480px, (min-width: 481px) 768px, 100vw\" \/><p id=\"caption-attachment-56667\" class=\"wp-caption-text\">Les Arts Volant: la Ventafocs<\/p><\/div>\n<p>El treball de l\u2019\u00e0rea de Cultura \u00e9s incansable, i per aix\u00f2 podem gaudir ara d\u2019un doble cartell, que com destaca Pic\u00f3 \u201cvisualitza la l\u00ednia estrat\u00e8gica de Muro: qualitat art\u00edstica, pedagogia i espais no convencionals; un pont natural entre la tradici\u00f3 i la modernitat\u201d. \u201cEl di\u00e0leg entre Barroc i jazz que proposa el Bolling Quartet, unit a l\u2019\u00f2pera sobre rodes de Les Arts Volant, converteixen la m\u00fasica en experi\u00e8ncia comunit\u00e0ria, reivindiquen l\u2019espai p\u00fablic com a escenari i situen la vila com a referent cultural de la comarca. Dues cites, dues est\u00e8tiques i una invitaci\u00f3 \u00fanica: viure la m\u00fasica en directe sense barreres ni dist\u00e0ncies\u201d ha estat la conclusi\u00f3 que ha transm\u00e9s el regidor de Cultura al costat de la invitaci\u00f3 col\u00b7lectiva a la ciutadania de Muro i comarca a participar de l\u2019agenda cultural murera.<\/p>\n<p><img loading=\"lazy\" decoding=\"async\" class=\"alignnone wp-image-56675 size-full\" src=\"https:\/\/www.vilademuro.net\/wp-content\/uploads\/2025\/06\/Bolling-Quartet.jpeg\" alt=\"\" width=\"1080\" height=\"1350\" srcset=\"https:\/\/www.vilademuro.net\/wp-content\/uploads\/2025\/06\/Bolling-Quartet.jpeg 1080w, https:\/\/www.vilademuro.net\/wp-content\/uploads\/2025\/06\/Bolling-Quartet-980x1225.jpeg 980w, https:\/\/www.vilademuro.net\/wp-content\/uploads\/2025\/06\/Bolling-Quartet-480x600.jpeg 480w\" sizes=\"(min-width: 0px) and (max-width: 480px) 480px, (min-width: 481px) and (max-width: 980px) 980px, (min-width: 981px) 1080px, 100vw\" \/> <img loading=\"lazy\" decoding=\"async\" class=\"alignnone wp-image-56665 size-full\" src=\"https:\/\/www.vilademuro.net\/wp-content\/uploads\/2025\/06\/cartell-opera.jpeg\" alt=\"\" width=\"1107\" height=\"1600\" srcset=\"https:\/\/www.vilademuro.net\/wp-content\/uploads\/2025\/06\/cartell-opera.jpeg 1107w, https:\/\/www.vilademuro.net\/wp-content\/uploads\/2025\/06\/cartell-opera-980x1416.jpeg 980w, https:\/\/www.vilademuro.net\/wp-content\/uploads\/2025\/06\/cartell-opera-480x694.jpeg 480w\" sizes=\"(min-width: 0px) and (max-width: 480px) 480px, (min-width: 481px) and (max-width: 980px) 980px, (min-width: 981px) 1107px, 100vw\" \/><\/p>\n","protected":false},"excerpt":{"rendered":"<p>Agenda Muro enceta l\u2019estiu amb Cultura en maj\u00fascules: Bolling Quartet i Les Arts Volant Dues propostes que hom espera veure a una capital de prov\u00edncia i que amb esfor\u00e7 s\u2019aconsegueix [&hellip;]<\/p>\n","protected":false},"author":32,"featured_media":56674,"comment_status":"closed","ping_status":"closed","sticky":false,"template":"","format":"standard","meta":{"_et_pb_use_builder":"","_et_pb_old_content":"","_et_gb_content_width":"","footnotes":""},"categories":[51,49],"tags":[],"class_list":["post-56680","post","type-post","status-publish","format-standard","has-post-thumbnail","hentry","category-destacat-es","category-noticias"],"yoast_head":"<!-- This site is optimized with the Yoast SEO plugin v27.1.1 - https:\/\/yoast.com\/product\/yoast-seo-wordpress\/ -->\n<title>Muro enceta l\u2019estiu amb Cultura en maj\u00fascules: Bolling Quartet i Les Arts Volant | Ajuntament de Muro<\/title>\n<meta name=\"robots\" content=\"index, follow, max-snippet:-1, max-image-preview:large, max-video-preview:-1\" \/>\n<link rel=\"canonical\" href=\"https:\/\/www.vilademuro.net\/es\/muro-enceta-lestiu-amb-cultura-en-majuscules-bolling-quartet-i-les-arts-volant\/\" \/>\n<meta property=\"og:locale\" content=\"es_ES\" \/>\n<meta property=\"og:type\" content=\"article\" \/>\n<meta property=\"og:title\" content=\"Muro enceta l\u2019estiu amb Cultura en maj\u00fascules: Bolling Quartet i Les Arts Volant | Ajuntament de Muro\" \/>\n<meta property=\"og:description\" content=\"Agenda Muro enceta l\u2019estiu amb Cultura en maj\u00fascules: Bolling Quartet i Les Arts Volant Dues propostes que hom espera veure a una capital de prov\u00edncia i que amb esfor\u00e7 s\u2019aconsegueix [&hellip;]\" \/>\n<meta property=\"og:url\" content=\"https:\/\/www.vilademuro.net\/es\/muro-enceta-lestiu-amb-cultura-en-majuscules-bolling-quartet-i-les-arts-volant\/\" \/>\n<meta property=\"og:site_name\" content=\"Ajuntament de Muro\" \/>\n<meta property=\"article:publisher\" content=\"https:\/\/www.facebook.com\/murodealcoy\" \/>\n<meta property=\"article:published_time\" content=\"2025-06-12T10:47:32+00:00\" \/>\n<meta property=\"og:image\" content=\"https:\/\/www.vilademuro.net\/wp-content\/uploads\/2025\/06\/foto-Javier-Eguillor-autoria-Eva-Ripoll.jpg\" \/>\n\t<meta property=\"og:image:width\" content=\"1920\" \/>\n\t<meta property=\"og:image:height\" content=\"873\" \/>\n\t<meta property=\"og:image:type\" content=\"image\/jpeg\" \/>\n<meta name=\"author\" content=\"david perez\" \/>\n<meta name=\"twitter:card\" content=\"summary_large_image\" \/>\n<meta name=\"twitter:creator\" content=\"@AjuntamentMuro\" \/>\n<meta name=\"twitter:site\" content=\"@AjuntamentMuro\" \/>\n<meta name=\"twitter:label1\" content=\"Escrito por\" \/>\n\t<meta name=\"twitter:data1\" content=\"david perez\" \/>\n\t<meta name=\"twitter:label2\" content=\"Tiempo de lectura\" \/>\n\t<meta name=\"twitter:data2\" content=\"3 minutos\" \/>\n<script type=\"application\/ld+json\" class=\"yoast-schema-graph\">{\"@context\":\"https:\/\/schema.org\",\"@graph\":[{\"@type\":\"Article\",\"@id\":\"https:\/\/www.vilademuro.net\/es\/muro-enceta-lestiu-amb-cultura-en-majuscules-bolling-quartet-i-les-arts-volant\/#article\",\"isPartOf\":{\"@id\":\"https:\/\/www.vilademuro.net\/es\/muro-enceta-lestiu-amb-cultura-en-majuscules-bolling-quartet-i-les-arts-volant\/\"},\"author\":{\"name\":\"david perez\",\"@id\":\"https:\/\/www.vilademuro.net\/es\/#\/schema\/person\/18d508a6d83aeac8b78142fe72d521b2\"},\"headline\":\"Muro enceta l\u2019estiu amb Cultura en maj\u00fascules: Bolling Quartet i Les Arts Volant\",\"datePublished\":\"2025-06-12T10:47:32+00:00\",\"mainEntityOfPage\":{\"@id\":\"https:\/\/www.vilademuro.net\/es\/muro-enceta-lestiu-amb-cultura-en-majuscules-bolling-quartet-i-les-arts-volant\/\"},\"wordCount\":680,\"publisher\":{\"@id\":\"https:\/\/www.vilademuro.net\/es\/#organization\"},\"image\":{\"@id\":\"https:\/\/www.vilademuro.net\/es\/muro-enceta-lestiu-amb-cultura-en-majuscules-bolling-quartet-i-les-arts-volant\/#primaryimage\"},\"thumbnailUrl\":\"https:\/\/www.vilademuro.net\/wp-content\/uploads\/2025\/06\/Bolling-Quartet.jpeg\",\"articleSection\":[\"Destacat\",\"Noticias\"],\"inLanguage\":\"es\"},{\"@type\":\"WebPage\",\"@id\":\"https:\/\/www.vilademuro.net\/es\/muro-enceta-lestiu-amb-cultura-en-majuscules-bolling-quartet-i-les-arts-volant\/\",\"url\":\"https:\/\/www.vilademuro.net\/es\/muro-enceta-lestiu-amb-cultura-en-majuscules-bolling-quartet-i-les-arts-volant\/\",\"name\":\"Muro enceta l\u2019estiu amb Cultura en maj\u00fascules: Bolling Quartet i Les Arts Volant | Ajuntament de Muro\",\"isPartOf\":{\"@id\":\"https:\/\/www.vilademuro.net\/es\/#website\"},\"primaryImageOfPage\":{\"@id\":\"https:\/\/www.vilademuro.net\/es\/muro-enceta-lestiu-amb-cultura-en-majuscules-bolling-quartet-i-les-arts-volant\/#primaryimage\"},\"image\":{\"@id\":\"https:\/\/www.vilademuro.net\/es\/muro-enceta-lestiu-amb-cultura-en-majuscules-bolling-quartet-i-les-arts-volant\/#primaryimage\"},\"thumbnailUrl\":\"https:\/\/www.vilademuro.net\/wp-content\/uploads\/2025\/06\/Bolling-Quartet.jpeg\",\"datePublished\":\"2025-06-12T10:47:32+00:00\",\"breadcrumb\":{\"@id\":\"https:\/\/www.vilademuro.net\/es\/muro-enceta-lestiu-amb-cultura-en-majuscules-bolling-quartet-i-les-arts-volant\/#breadcrumb\"},\"inLanguage\":\"es\",\"potentialAction\":[{\"@type\":\"ReadAction\",\"target\":[\"https:\/\/www.vilademuro.net\/es\/muro-enceta-lestiu-amb-cultura-en-majuscules-bolling-quartet-i-les-arts-volant\/\"]}]},{\"@type\":\"ImageObject\",\"inLanguage\":\"es\",\"@id\":\"https:\/\/www.vilademuro.net\/es\/muro-enceta-lestiu-amb-cultura-en-majuscules-bolling-quartet-i-les-arts-volant\/#primaryimage\",\"url\":\"https:\/\/www.vilademuro.net\/wp-content\/uploads\/2025\/06\/Bolling-Quartet.jpeg\",\"contentUrl\":\"https:\/\/www.vilademuro.net\/wp-content\/uploads\/2025\/06\/Bolling-Quartet.jpeg\",\"width\":1080,\"height\":1350},{\"@type\":\"BreadcrumbList\",\"@id\":\"https:\/\/www.vilademuro.net\/es\/muro-enceta-lestiu-amb-cultura-en-majuscules-bolling-quartet-i-les-arts-volant\/#breadcrumb\",\"itemListElement\":[{\"@type\":\"ListItem\",\"position\":1,\"name\":\"Inici\",\"item\":\"https:\/\/www.vilademuro.net\/es\/\"},{\"@type\":\"ListItem\",\"position\":2,\"name\":\"Muro enceta l\u2019estiu amb Cultura en maj\u00fascules: Bolling Quartet i Les Arts Volant\"}]},{\"@type\":\"WebSite\",\"@id\":\"https:\/\/www.vilademuro.net\/es\/#website\",\"url\":\"https:\/\/www.vilademuro.net\/es\/\",\"name\":\"Ajuntament de Muro d'Alcoi\",\"description\":\"P\u00e1gina web oficial de l&#039;Ajuntament de Muro\",\"publisher\":{\"@id\":\"https:\/\/www.vilademuro.net\/es\/#organization\"},\"potentialAction\":[{\"@type\":\"SearchAction\",\"target\":{\"@type\":\"EntryPoint\",\"urlTemplate\":\"https:\/\/www.vilademuro.net\/es\/?s={search_term_string}\"},\"query-input\":{\"@type\":\"PropertyValueSpecification\",\"valueRequired\":true,\"valueName\":\"search_term_string\"}}],\"inLanguage\":\"es\"},{\"@type\":\"Organization\",\"@id\":\"https:\/\/www.vilademuro.net\/es\/#organization\",\"name\":\"Ajuntament de Muro\",\"url\":\"https:\/\/www.vilademuro.net\/es\/\",\"logo\":{\"@type\":\"ImageObject\",\"inLanguage\":\"es\",\"@id\":\"https:\/\/www.vilademuro.net\/es\/#\/schema\/logo\/image\/\",\"url\":\"https:\/\/www.vilademuro.net\/wp-content\/uploads\/2022\/10\/LOGO3-2.jpg\",\"contentUrl\":\"https:\/\/www.vilademuro.net\/wp-content\/uploads\/2022\/10\/LOGO3-2.jpg\",\"width\":756,\"height\":517,\"caption\":\"Ajuntament de Muro\"},\"image\":{\"@id\":\"https:\/\/www.vilademuro.net\/es\/#\/schema\/logo\/image\/\"},\"sameAs\":[\"https:\/\/www.facebook.com\/murodealcoy\",\"https:\/\/x.com\/AjuntamentMuro\",\"https:\/\/www.youtube.com\/channel\/UC2rwbKfRqsd1Ncwm6Y1prQw\"]},{\"@type\":\"Person\",\"@id\":\"https:\/\/www.vilademuro.net\/es\/#\/schema\/person\/18d508a6d83aeac8b78142fe72d521b2\",\"name\":\"david perez\",\"image\":{\"@type\":\"ImageObject\",\"inLanguage\":\"es\",\"@id\":\"https:\/\/www.vilademuro.net\/es\/#\/schema\/person\/image\/\",\"url\":\"https:\/\/secure.gravatar.com\/avatar\/32e29d67ef109fa6f899286cf1743bb75688fd5ba35d80f5c1b6ac2b6bf32256?s=96&d=mm&r=g\",\"contentUrl\":\"https:\/\/secure.gravatar.com\/avatar\/32e29d67ef109fa6f899286cf1743bb75688fd5ba35d80f5c1b6ac2b6bf32256?s=96&d=mm&r=g\",\"caption\":\"david perez\"}}]}<\/script>\n<!-- \/ Yoast SEO plugin. -->","yoast_head_json":{"title":"Muro enceta l\u2019estiu amb Cultura en maj\u00fascules: Bolling Quartet i Les Arts Volant | Ajuntament de Muro","robots":{"index":"index","follow":"follow","max-snippet":"max-snippet:-1","max-image-preview":"max-image-preview:large","max-video-preview":"max-video-preview:-1"},"canonical":"https:\/\/www.vilademuro.net\/es\/muro-enceta-lestiu-amb-cultura-en-majuscules-bolling-quartet-i-les-arts-volant\/","og_locale":"es_ES","og_type":"article","og_title":"Muro enceta l\u2019estiu amb Cultura en maj\u00fascules: Bolling Quartet i Les Arts Volant | Ajuntament de Muro","og_description":"Agenda Muro enceta l\u2019estiu amb Cultura en maj\u00fascules: Bolling Quartet i Les Arts Volant Dues propostes que hom espera veure a una capital de prov\u00edncia i que amb esfor\u00e7 s\u2019aconsegueix [&hellip;]","og_url":"https:\/\/www.vilademuro.net\/es\/muro-enceta-lestiu-amb-cultura-en-majuscules-bolling-quartet-i-les-arts-volant\/","og_site_name":"Ajuntament de Muro","article_publisher":"https:\/\/www.facebook.com\/murodealcoy","article_published_time":"2025-06-12T10:47:32+00:00","og_image":[{"width":1920,"height":873,"url":"https:\/\/www.vilademuro.net\/wp-content\/uploads\/2025\/06\/foto-Javier-Eguillor-autoria-Eva-Ripoll.jpg","type":"image\/jpeg"}],"author":"david perez","twitter_card":"summary_large_image","twitter_creator":"@AjuntamentMuro","twitter_site":"@AjuntamentMuro","twitter_misc":{"Escrito por":"david perez","Tiempo de lectura":"3 minutos"},"schema":{"@context":"https:\/\/schema.org","@graph":[{"@type":"Article","@id":"https:\/\/www.vilademuro.net\/es\/muro-enceta-lestiu-amb-cultura-en-majuscules-bolling-quartet-i-les-arts-volant\/#article","isPartOf":{"@id":"https:\/\/www.vilademuro.net\/es\/muro-enceta-lestiu-amb-cultura-en-majuscules-bolling-quartet-i-les-arts-volant\/"},"author":{"name":"david perez","@id":"https:\/\/www.vilademuro.net\/es\/#\/schema\/person\/18d508a6d83aeac8b78142fe72d521b2"},"headline":"Muro enceta l\u2019estiu amb Cultura en maj\u00fascules: Bolling Quartet i Les Arts Volant","datePublished":"2025-06-12T10:47:32+00:00","mainEntityOfPage":{"@id":"https:\/\/www.vilademuro.net\/es\/muro-enceta-lestiu-amb-cultura-en-majuscules-bolling-quartet-i-les-arts-volant\/"},"wordCount":680,"publisher":{"@id":"https:\/\/www.vilademuro.net\/es\/#organization"},"image":{"@id":"https:\/\/www.vilademuro.net\/es\/muro-enceta-lestiu-amb-cultura-en-majuscules-bolling-quartet-i-les-arts-volant\/#primaryimage"},"thumbnailUrl":"https:\/\/www.vilademuro.net\/wp-content\/uploads\/2025\/06\/Bolling-Quartet.jpeg","articleSection":["Destacat","Noticias"],"inLanguage":"es"},{"@type":"WebPage","@id":"https:\/\/www.vilademuro.net\/es\/muro-enceta-lestiu-amb-cultura-en-majuscules-bolling-quartet-i-les-arts-volant\/","url":"https:\/\/www.vilademuro.net\/es\/muro-enceta-lestiu-amb-cultura-en-majuscules-bolling-quartet-i-les-arts-volant\/","name":"Muro enceta l\u2019estiu amb Cultura en maj\u00fascules: Bolling Quartet i Les Arts Volant | Ajuntament de Muro","isPartOf":{"@id":"https:\/\/www.vilademuro.net\/es\/#website"},"primaryImageOfPage":{"@id":"https:\/\/www.vilademuro.net\/es\/muro-enceta-lestiu-amb-cultura-en-majuscules-bolling-quartet-i-les-arts-volant\/#primaryimage"},"image":{"@id":"https:\/\/www.vilademuro.net\/es\/muro-enceta-lestiu-amb-cultura-en-majuscules-bolling-quartet-i-les-arts-volant\/#primaryimage"},"thumbnailUrl":"https:\/\/www.vilademuro.net\/wp-content\/uploads\/2025\/06\/Bolling-Quartet.jpeg","datePublished":"2025-06-12T10:47:32+00:00","breadcrumb":{"@id":"https:\/\/www.vilademuro.net\/es\/muro-enceta-lestiu-amb-cultura-en-majuscules-bolling-quartet-i-les-arts-volant\/#breadcrumb"},"inLanguage":"es","potentialAction":[{"@type":"ReadAction","target":["https:\/\/www.vilademuro.net\/es\/muro-enceta-lestiu-amb-cultura-en-majuscules-bolling-quartet-i-les-arts-volant\/"]}]},{"@type":"ImageObject","inLanguage":"es","@id":"https:\/\/www.vilademuro.net\/es\/muro-enceta-lestiu-amb-cultura-en-majuscules-bolling-quartet-i-les-arts-volant\/#primaryimage","url":"https:\/\/www.vilademuro.net\/wp-content\/uploads\/2025\/06\/Bolling-Quartet.jpeg","contentUrl":"https:\/\/www.vilademuro.net\/wp-content\/uploads\/2025\/06\/Bolling-Quartet.jpeg","width":1080,"height":1350},{"@type":"BreadcrumbList","@id":"https:\/\/www.vilademuro.net\/es\/muro-enceta-lestiu-amb-cultura-en-majuscules-bolling-quartet-i-les-arts-volant\/#breadcrumb","itemListElement":[{"@type":"ListItem","position":1,"name":"Inici","item":"https:\/\/www.vilademuro.net\/es\/"},{"@type":"ListItem","position":2,"name":"Muro enceta l\u2019estiu amb Cultura en maj\u00fascules: Bolling Quartet i Les Arts Volant"}]},{"@type":"WebSite","@id":"https:\/\/www.vilademuro.net\/es\/#website","url":"https:\/\/www.vilademuro.net\/es\/","name":"Ajuntament de Muro d'Alcoi","description":"P\u00e1gina web oficial de l&#039;Ajuntament de Muro","publisher":{"@id":"https:\/\/www.vilademuro.net\/es\/#organization"},"potentialAction":[{"@type":"SearchAction","target":{"@type":"EntryPoint","urlTemplate":"https:\/\/www.vilademuro.net\/es\/?s={search_term_string}"},"query-input":{"@type":"PropertyValueSpecification","valueRequired":true,"valueName":"search_term_string"}}],"inLanguage":"es"},{"@type":"Organization","@id":"https:\/\/www.vilademuro.net\/es\/#organization","name":"Ajuntament de Muro","url":"https:\/\/www.vilademuro.net\/es\/","logo":{"@type":"ImageObject","inLanguage":"es","@id":"https:\/\/www.vilademuro.net\/es\/#\/schema\/logo\/image\/","url":"https:\/\/www.vilademuro.net\/wp-content\/uploads\/2022\/10\/LOGO3-2.jpg","contentUrl":"https:\/\/www.vilademuro.net\/wp-content\/uploads\/2022\/10\/LOGO3-2.jpg","width":756,"height":517,"caption":"Ajuntament de Muro"},"image":{"@id":"https:\/\/www.vilademuro.net\/es\/#\/schema\/logo\/image\/"},"sameAs":["https:\/\/www.facebook.com\/murodealcoy","https:\/\/x.com\/AjuntamentMuro","https:\/\/www.youtube.com\/channel\/UC2rwbKfRqsd1Ncwm6Y1prQw"]},{"@type":"Person","@id":"https:\/\/www.vilademuro.net\/es\/#\/schema\/person\/18d508a6d83aeac8b78142fe72d521b2","name":"david perez","image":{"@type":"ImageObject","inLanguage":"es","@id":"https:\/\/www.vilademuro.net\/es\/#\/schema\/person\/image\/","url":"https:\/\/secure.gravatar.com\/avatar\/32e29d67ef109fa6f899286cf1743bb75688fd5ba35d80f5c1b6ac2b6bf32256?s=96&d=mm&r=g","contentUrl":"https:\/\/secure.gravatar.com\/avatar\/32e29d67ef109fa6f899286cf1743bb75688fd5ba35d80f5c1b6ac2b6bf32256?s=96&d=mm&r=g","caption":"david perez"}}]}},"_links":{"self":[{"href":"https:\/\/www.vilademuro.net\/es\/wp-json\/wp\/v2\/posts\/56680","targetHints":{"allow":["GET"]}}],"collection":[{"href":"https:\/\/www.vilademuro.net\/es\/wp-json\/wp\/v2\/posts"}],"about":[{"href":"https:\/\/www.vilademuro.net\/es\/wp-json\/wp\/v2\/types\/post"}],"author":[{"embeddable":true,"href":"https:\/\/www.vilademuro.net\/es\/wp-json\/wp\/v2\/users\/32"}],"replies":[{"embeddable":true,"href":"https:\/\/www.vilademuro.net\/es\/wp-json\/wp\/v2\/comments?post=56680"}],"version-history":[{"count":1,"href":"https:\/\/www.vilademuro.net\/es\/wp-json\/wp\/v2\/posts\/56680\/revisions"}],"predecessor-version":[{"id":56681,"href":"https:\/\/www.vilademuro.net\/es\/wp-json\/wp\/v2\/posts\/56680\/revisions\/56681"}],"wp:featuredmedia":[{"embeddable":true,"href":"https:\/\/www.vilademuro.net\/es\/wp-json\/wp\/v2\/media\/56674"}],"wp:attachment":[{"href":"https:\/\/www.vilademuro.net\/es\/wp-json\/wp\/v2\/media?parent=56680"}],"wp:term":[{"taxonomy":"category","embeddable":true,"href":"https:\/\/www.vilademuro.net\/es\/wp-json\/wp\/v2\/categories?post=56680"},{"taxonomy":"post_tag","embeddable":true,"href":"https:\/\/www.vilademuro.net\/es\/wp-json\/wp\/v2\/tags?post=56680"}],"curies":[{"name":"wp","href":"https:\/\/api.w.org\/{rel}","templated":true}]}}