{"id":56457,"date":"2025-05-21T13:49:05","date_gmt":"2025-05-21T11:49:05","guid":{"rendered":"https:\/\/www.vilademuro.net\/?p=56457"},"modified":"2025-05-21T13:49:05","modified_gmt":"2025-05-21T11:49:05","slug":"muro-celebra-una-maraton-de-actividad-deportiva-con-las-24-horas-del-esportitzat","status":"publish","type":"post","link":"https:\/\/www.vilademuro.net\/es\/muro-celebra-una-maraton-de-actividad-deportiva-con-las-24-horas-del-esportitzat\/","title":{"rendered":"Muro celebra una marat\u00f3n de actividad deportiva con las 24 horas del Esportitza\u2019t"},"content":{"rendered":"<div class=\"flex max-w-full flex-col grow\">\n<div class=\"min-h-8 text-message relative flex w-full flex-col items-end gap-2 text-start break-words whitespace-normal [.text-message+&amp;]:mt-5\" dir=\"auto\" data-message-author-role=\"assistant\" data-message-id=\"1b695970-0960-4a4a-936d-ee2d4a8d55a9\" data-message-model-slug=\"gpt-4o\">\n<div class=\"flex w-full flex-col gap-1 empty:hidden first:pt-[3px]\">\n<div class=\"markdown prose dark:prose-invert w-full break-words light\">\n<h2 data-start=\"0\" data-end=\"102\"><strong data-start=\"15\" data-end=\"100\">Muro celebra una marat\u00f3n de actividad deportiva con las 24 horas del Esportitza\u2019t<\/strong><\/h2>\n<p class=\"\" data-start=\"104\" data-end=\"577\">Muro vivir\u00e1 los pr\u00f3ximos 23 y 24 de mayo un fin de semana lleno de actividad f\u00edsica y convivencia con motivo del <em data-start=\"245\" data-end=\"270\">Esportitza\u2019t \u2013 24 horas<\/em>, una iniciativa organizada por la concejal\u00eda de Deportes que cuenta con la implicaci\u00f3n de numerosos clubes y entidades locales. El evento, que busca poner en valor el deporte base y el tejido asociativo, ofrecer\u00e1 m\u00e1s de una veintena de disciplinas y actividades pensadas para todas las edades y p\u00fablicos.<\/p>\n<p class=\"\" data-start=\"579\" data-end=\"1236\">Sa\u00fal Serrano, Primer Teniente de Alcalde y concejal de Deportes, ha querido destacar que \u201cMuro vive una actividad deportiva intensa y de primer nivel, como bien demuestra el gran n\u00famero de profesionales del deporte que se forman en nuestro pueblo y logran ser referentes en sus disciplinas a escala estatal e incluso internacional\u201d y esto \u201cnos da fuerzas para seguir trabajando desde el \u00e1rea de deportes con actividades como esta, o con la recientemente celebrada Gala del Deporte, porque todo lo que invertimos en un estilo de vida m\u00e1s activo y saludable es garant\u00eda de disciplina para afrontar los retos de la vida y de una mejor salud en el municipio\u201d.<\/p>\n<p class=\"\" data-start=\"1238\" data-end=\"1714\">La cita comenzar\u00e1 el viernes a las 19:30 horas con la inauguraci\u00f3n del <em data-start=\"1309\" data-end=\"1323\">Esportitza\u2019t<\/em> en el Pabell\u00f3n, que tambi\u00e9n estrena nombre en honor a Vicent Olcina. Para dar inicio, habr\u00e1 una exhibici\u00f3n de gimnasia a las 20:00 h. A partir de esa hora, arrancar\u00e1 la programaci\u00f3n deportiva con partidas de petanca, el inicio de la fase de grupos de tenis y p\u00e1del, y la marat\u00f3n de 24 horas de f\u00fatbol sala, que contar\u00e1 con partidos ininterrumpidos hasta la final del s\u00e1bado a las 20:00 h.<\/p>\n<p class=\"\" data-start=\"1716\" data-end=\"2289\">La agenda del s\u00e1bado comenzar\u00e1 temprano, con pruebas de ciclismo desde las 7:30 h en el Polideportivo, y continuar\u00e1 con una programaci\u00f3n intensa que incluye atletismo con una carrera de obst\u00e1culos en el pabell\u00f3n, partidas de <em data-start=\"1941\" data-end=\"1960\">pilota valenciana<\/em> en categor\u00edas infantil y s\u00e9nior, as\u00ed como una jornada completa de f\u00fatbol 7, con equipos distribuidos en cuatro grupos y eliminatorias por la tarde. Adem\u00e1s, los diferentes equipos del Muro B\u00e0squet disputar\u00e1n partidos en categor\u00edas desde benjam\u00edn hasta s\u00e9nior, frente a rivales como Teixereta, Alcoi, CB Joventut o CB Ontinyent.<\/p>\n<p class=\"\" data-start=\"2291\" data-end=\"2760\">Tambi\u00e9n habr\u00e1 espacio para las exhibiciones, con propuestas de patinaje, automodelismo y gimnasia, as\u00ed como actividades l\u00fadicas como un circuito de actividades deportivas y una gymkhana para ni\u00f1os y ni\u00f1as durante la ma\u00f1ana, y castillos hinchables durante toda la jornada. El hockey tendr\u00e1 protagonismo con partidos de prebenjamines e iniciaci\u00f3n, mientras que las competiciones de tenis y p\u00e1del continuar\u00e1n a lo largo del d\u00eda en el club de tenis y en el polideportivo.<\/p>\n<p class=\"\" data-start=\"2762\" data-end=\"3136\">Los aficionados a la pesca tambi\u00e9n tendr\u00e1n una doble cita: en el embalse de Beniarr\u00e9s, donde se har\u00e1 un sorteo a las 7:30 h y se competir\u00e1 hasta las 13 h y durante toda la tarde, y en la playa de la Almadrava, donde el concurso se alargar\u00e1 desde las 17 h hasta las 2 de la madrugada. Paralelamente, se realizar\u00e1 una tirada de caza el viernes en el campo de tiro municipal.<\/p>\n<p class=\"\" data-start=\"3138\" data-end=\"3963\"><em data-start=\"3138\" data-end=\"3152\">Esportitza\u2019t<\/em> tambi\u00e9n incluye dos charlas inspiradoras que buscan reforzar los valores educativos y personales del deporte. La primera, \u201cTercer equipo, valores en el deporte\u201d, se celebr\u00f3 el martes 20 de mayo en el IES Serra Mariola y cont\u00f3 con la participaci\u00f3n de Sa\u00fal Ais, \u00e1rbitro con diez temporadas en Segunda Divisi\u00f3n y uno de los m\u00e1s veteranos de la categor\u00eda. Ais comparti\u00f3 su trayectoria y puso en valor el papel del arbitraje como parte fundamental del deporte. La segunda charla, \u201cLas claves para correr: de 0 km a correr como Kilian Jornet\u201d, tendr\u00e1 lugar el jueves a las 19:30 h en la Casa de Ferro y estar\u00e1 a cargo de Joan Belvis, experto en iniciaci\u00f3n deportiva y apasionado del running, quien ofrecer\u00e1 consejos pr\u00e1cticos y motivadores para empezar a correr desde cero y hacer del movimiento una forma de vida.<\/p>\n<p class=\"\" data-start=\"3965\" data-end=\"4429\">Con esta propuesta, Muro consolida su compromiso con la promoci\u00f3n de la actividad f\u00edsica, la vida saludable y el deporte como herramienta de cohesi\u00f3n social. <em data-start=\"4123\" data-end=\"4148\">Esportitza\u2019t \u2013 24 horas<\/em> se presenta como una aut\u00e9ntica fiesta del deporte local y comarcal, con una oferta transversal, participativa y abierta a todos y todas. La organizaci\u00f3n invita a la ciudadan\u00eda a disfrutar del deporte en todas sus formas y a compartir la experiencia con grupos de amigos y familia.<\/p>\n<p data-start=\"3965\" data-end=\"4429\"><img loading=\"lazy\" decoding=\"async\" class=\"alignnone wp-image-56444 size-full\" src=\"https:\/\/www.vilademuro.net\/wp-content\/uploads\/2025\/05\/diptic-1.jpeg\" alt=\"\" width=\"1600\" height=\"1131\" srcset=\"https:\/\/www.vilademuro.net\/wp-content\/uploads\/2025\/05\/diptic-1.jpeg 1600w, https:\/\/www.vilademuro.net\/wp-content\/uploads\/2025\/05\/diptic-1-1280x905.jpeg 1280w, https:\/\/www.vilademuro.net\/wp-content\/uploads\/2025\/05\/diptic-1-980x693.jpeg 980w, https:\/\/www.vilademuro.net\/wp-content\/uploads\/2025\/05\/diptic-1-480x339.jpeg 480w\" sizes=\"(min-width: 0px) and (max-width: 480px) 480px, (min-width: 481px) and (max-width: 980px) 980px, (min-width: 981px) and (max-width: 1280px) 1280px, (min-width: 1281px) 1600px, 100vw\" \/> <img loading=\"lazy\" decoding=\"async\" class=\"alignnone wp-image-56446 size-full\" src=\"https:\/\/www.vilademuro.net\/wp-content\/uploads\/2025\/05\/diptic-2.jpeg\" alt=\"\" width=\"1600\" height=\"1131\" srcset=\"https:\/\/www.vilademuro.net\/wp-content\/uploads\/2025\/05\/diptic-2.jpeg 1600w, https:\/\/www.vilademuro.net\/wp-content\/uploads\/2025\/05\/diptic-2-1280x905.jpeg 1280w, https:\/\/www.vilademuro.net\/wp-content\/uploads\/2025\/05\/diptic-2-980x693.jpeg 980w, https:\/\/www.vilademuro.net\/wp-content\/uploads\/2025\/05\/diptic-2-480x339.jpeg 480w\" sizes=\"(min-width: 0px) and (max-width: 480px) 480px, (min-width: 481px) and (max-width: 980px) 980px, (min-width: 981px) and (max-width: 1280px) 1280px, (min-width: 1281px) 1600px, 100vw\" \/><\/p>\n<\/div>\n<\/div>\n<\/div>\n<\/div>\n<div class=\"flex justify-start\"><img loading=\"lazy\" decoding=\"async\" class=\"alignnone size-medium wp-image-56448\" src=\"https:\/\/www.vilademuro.net\/wp-content\/uploads\/2025\/05\/WhatsApp-Image-2025-05-15-at-08.21.10-169x300.jpeg\" alt=\"\" width=\"169\" height=\"300\" \/><img loading=\"lazy\" decoding=\"async\" class=\"alignnone size-medium wp-image-56450\" src=\"https:\/\/www.vilademuro.net\/wp-content\/uploads\/2025\/05\/WhatsApp-Image-2025-05-15-at-08.21.11-169x300.jpeg\" alt=\"\" width=\"169\" height=\"300\" \/><\/div>\n","protected":false},"excerpt":{"rendered":"<p>Muro celebra una marat\u00f3n de actividad deportiva con las 24 horas del Esportitza\u2019t Muro vivir\u00e1 los pr\u00f3ximos 23 y 24 de mayo un fin de semana lleno de actividad f\u00edsica [&hellip;]<\/p>\n","protected":false},"author":32,"featured_media":56458,"comment_status":"closed","ping_status":"closed","sticky":false,"template":"","format":"standard","meta":{"_et_pb_use_builder":"","_et_pb_old_content":"","_et_gb_content_width":"","footnotes":""},"categories":[51,59,49],"tags":[],"class_list":["post-56457","post","type-post","status-publish","format-standard","has-post-thumbnail","hentry","category-destacat-es","category-esports-es","category-noticias"],"yoast_head":"<!-- This site is optimized with the Yoast SEO plugin v27.1.1 - https:\/\/yoast.com\/product\/yoast-seo-wordpress\/ -->\n<title>Muro celebra una marat\u00f3n de actividad deportiva con las 24 horas del Esportitza\u2019t | Ajuntament de Muro<\/title>\n<meta name=\"robots\" content=\"index, follow, max-snippet:-1, max-image-preview:large, max-video-preview:-1\" \/>\n<link rel=\"canonical\" href=\"https:\/\/www.vilademuro.net\/es\/muro-celebra-una-maraton-de-actividad-deportiva-con-las-24-horas-del-esportitzat\/\" \/>\n<meta property=\"og:locale\" content=\"es_ES\" \/>\n<meta property=\"og:type\" content=\"article\" \/>\n<meta property=\"og:title\" content=\"Muro celebra una marat\u00f3n de actividad deportiva con las 24 horas del Esportitza\u2019t | Ajuntament de Muro\" \/>\n<meta property=\"og:description\" content=\"Muro celebra una marat\u00f3n de actividad deportiva con las 24 horas del Esportitza\u2019t Muro vivir\u00e1 los pr\u00f3ximos 23 y 24 de mayo un fin de semana lleno de actividad f\u00edsica [&hellip;]\" \/>\n<meta property=\"og:url\" content=\"https:\/\/www.vilademuro.net\/es\/muro-celebra-una-maraton-de-actividad-deportiva-con-las-24-horas-del-esportitzat\/\" \/>\n<meta property=\"og:site_name\" content=\"Ajuntament de Muro\" \/>\n<meta property=\"article:publisher\" content=\"https:\/\/www.facebook.com\/murodealcoy\" \/>\n<meta property=\"article:published_time\" content=\"2025-05-21T11:49:05+00:00\" \/>\n<meta property=\"og:image\" content=\"https:\/\/www.vilademuro.net\/wp-content\/uploads\/2025\/05\/xarrada-saul-ais.jpeg\" \/>\n\t<meta property=\"og:image:width\" content=\"2000\" \/>\n\t<meta property=\"og:image:height\" content=\"1500\" \/>\n\t<meta property=\"og:image:type\" content=\"image\/jpeg\" \/>\n<meta name=\"author\" content=\"david perez\" \/>\n<meta name=\"twitter:card\" content=\"summary_large_image\" \/>\n<meta name=\"twitter:creator\" content=\"@AjuntamentMuro\" \/>\n<meta name=\"twitter:site\" content=\"@AjuntamentMuro\" \/>\n<meta name=\"twitter:label1\" content=\"Escrito por\" \/>\n\t<meta name=\"twitter:data1\" content=\"david perez\" \/>\n\t<meta name=\"twitter:label2\" content=\"Tiempo de lectura\" \/>\n\t<meta name=\"twitter:data2\" content=\"5 minutos\" \/>\n<script type=\"application\/ld+json\" class=\"yoast-schema-graph\">{\"@context\":\"https:\/\/schema.org\",\"@graph\":[{\"@type\":\"Article\",\"@id\":\"https:\/\/www.vilademuro.net\/es\/muro-celebra-una-maraton-de-actividad-deportiva-con-las-24-horas-del-esportitzat\/#article\",\"isPartOf\":{\"@id\":\"https:\/\/www.vilademuro.net\/es\/muro-celebra-una-maraton-de-actividad-deportiva-con-las-24-horas-del-esportitzat\/\"},\"author\":{\"name\":\"david perez\",\"@id\":\"https:\/\/www.vilademuro.net\/es\/#\/schema\/person\/18d508a6d83aeac8b78142fe72d521b2\"},\"headline\":\"Muro celebra una marat\u00f3n de actividad deportiva con las 24 horas del Esportitza\u2019t\",\"datePublished\":\"2025-05-21T11:49:05+00:00\",\"mainEntityOfPage\":{\"@id\":\"https:\/\/www.vilademuro.net\/es\/muro-celebra-una-maraton-de-actividad-deportiva-con-las-24-horas-del-esportitzat\/\"},\"wordCount\":792,\"publisher\":{\"@id\":\"https:\/\/www.vilademuro.net\/es\/#organization\"},\"image\":{\"@id\":\"https:\/\/www.vilademuro.net\/es\/muro-celebra-una-maraton-de-actividad-deportiva-con-las-24-horas-del-esportitzat\/#primaryimage\"},\"thumbnailUrl\":\"https:\/\/www.vilademuro.net\/wp-content\/uploads\/2025\/05\/xarrada-saul-ais.jpeg\",\"articleSection\":[\"Destacat\",\"Esports\",\"Noticias\"],\"inLanguage\":\"es\"},{\"@type\":\"WebPage\",\"@id\":\"https:\/\/www.vilademuro.net\/es\/muro-celebra-una-maraton-de-actividad-deportiva-con-las-24-horas-del-esportitzat\/\",\"url\":\"https:\/\/www.vilademuro.net\/es\/muro-celebra-una-maraton-de-actividad-deportiva-con-las-24-horas-del-esportitzat\/\",\"name\":\"Muro celebra una marat\u00f3n de actividad deportiva con las 24 horas del Esportitza\u2019t | Ajuntament de Muro\",\"isPartOf\":{\"@id\":\"https:\/\/www.vilademuro.net\/es\/#website\"},\"primaryImageOfPage\":{\"@id\":\"https:\/\/www.vilademuro.net\/es\/muro-celebra-una-maraton-de-actividad-deportiva-con-las-24-horas-del-esportitzat\/#primaryimage\"},\"image\":{\"@id\":\"https:\/\/www.vilademuro.net\/es\/muro-celebra-una-maraton-de-actividad-deportiva-con-las-24-horas-del-esportitzat\/#primaryimage\"},\"thumbnailUrl\":\"https:\/\/www.vilademuro.net\/wp-content\/uploads\/2025\/05\/xarrada-saul-ais.jpeg\",\"datePublished\":\"2025-05-21T11:49:05+00:00\",\"breadcrumb\":{\"@id\":\"https:\/\/www.vilademuro.net\/es\/muro-celebra-una-maraton-de-actividad-deportiva-con-las-24-horas-del-esportitzat\/#breadcrumb\"},\"inLanguage\":\"es\",\"potentialAction\":[{\"@type\":\"ReadAction\",\"target\":[\"https:\/\/www.vilademuro.net\/es\/muro-celebra-una-maraton-de-actividad-deportiva-con-las-24-horas-del-esportitzat\/\"]}]},{\"@type\":\"ImageObject\",\"inLanguage\":\"es\",\"@id\":\"https:\/\/www.vilademuro.net\/es\/muro-celebra-una-maraton-de-actividad-deportiva-con-las-24-horas-del-esportitzat\/#primaryimage\",\"url\":\"https:\/\/www.vilademuro.net\/wp-content\/uploads\/2025\/05\/xarrada-saul-ais.jpeg\",\"contentUrl\":\"https:\/\/www.vilademuro.net\/wp-content\/uploads\/2025\/05\/xarrada-saul-ais.jpeg\",\"width\":2000,\"height\":1500},{\"@type\":\"BreadcrumbList\",\"@id\":\"https:\/\/www.vilademuro.net\/es\/muro-celebra-una-maraton-de-actividad-deportiva-con-las-24-horas-del-esportitzat\/#breadcrumb\",\"itemListElement\":[{\"@type\":\"ListItem\",\"position\":1,\"name\":\"Inici\",\"item\":\"https:\/\/www.vilademuro.net\/es\/\"},{\"@type\":\"ListItem\",\"position\":2,\"name\":\"Muro celebra una marat\u00f3n de actividad deportiva con las 24 horas del Esportitza\u2019t\"}]},{\"@type\":\"WebSite\",\"@id\":\"https:\/\/www.vilademuro.net\/es\/#website\",\"url\":\"https:\/\/www.vilademuro.net\/es\/\",\"name\":\"Ajuntament de Muro d'Alcoi\",\"description\":\"P\u00e1gina web oficial de l&#039;Ajuntament de Muro\",\"publisher\":{\"@id\":\"https:\/\/www.vilademuro.net\/es\/#organization\"},\"potentialAction\":[{\"@type\":\"SearchAction\",\"target\":{\"@type\":\"EntryPoint\",\"urlTemplate\":\"https:\/\/www.vilademuro.net\/es\/?s={search_term_string}\"},\"query-input\":{\"@type\":\"PropertyValueSpecification\",\"valueRequired\":true,\"valueName\":\"search_term_string\"}}],\"inLanguage\":\"es\"},{\"@type\":\"Organization\",\"@id\":\"https:\/\/www.vilademuro.net\/es\/#organization\",\"name\":\"Ajuntament de Muro\",\"url\":\"https:\/\/www.vilademuro.net\/es\/\",\"logo\":{\"@type\":\"ImageObject\",\"inLanguage\":\"es\",\"@id\":\"https:\/\/www.vilademuro.net\/es\/#\/schema\/logo\/image\/\",\"url\":\"https:\/\/www.vilademuro.net\/wp-content\/uploads\/2022\/10\/LOGO3-2.jpg\",\"contentUrl\":\"https:\/\/www.vilademuro.net\/wp-content\/uploads\/2022\/10\/LOGO3-2.jpg\",\"width\":756,\"height\":517,\"caption\":\"Ajuntament de Muro\"},\"image\":{\"@id\":\"https:\/\/www.vilademuro.net\/es\/#\/schema\/logo\/image\/\"},\"sameAs\":[\"https:\/\/www.facebook.com\/murodealcoy\",\"https:\/\/x.com\/AjuntamentMuro\",\"https:\/\/www.youtube.com\/channel\/UC2rwbKfRqsd1Ncwm6Y1prQw\"]},{\"@type\":\"Person\",\"@id\":\"https:\/\/www.vilademuro.net\/es\/#\/schema\/person\/18d508a6d83aeac8b78142fe72d521b2\",\"name\":\"david perez\",\"image\":{\"@type\":\"ImageObject\",\"inLanguage\":\"es\",\"@id\":\"https:\/\/www.vilademuro.net\/es\/#\/schema\/person\/image\/\",\"url\":\"https:\/\/secure.gravatar.com\/avatar\/32e29d67ef109fa6f899286cf1743bb75688fd5ba35d80f5c1b6ac2b6bf32256?s=96&d=mm&r=g\",\"contentUrl\":\"https:\/\/secure.gravatar.com\/avatar\/32e29d67ef109fa6f899286cf1743bb75688fd5ba35d80f5c1b6ac2b6bf32256?s=96&d=mm&r=g\",\"caption\":\"david perez\"}}]}<\/script>\n<!-- \/ Yoast SEO plugin. -->","yoast_head_json":{"title":"Muro celebra una marat\u00f3n de actividad deportiva con las 24 horas del Esportitza\u2019t | Ajuntament de Muro","robots":{"index":"index","follow":"follow","max-snippet":"max-snippet:-1","max-image-preview":"max-image-preview:large","max-video-preview":"max-video-preview:-1"},"canonical":"https:\/\/www.vilademuro.net\/es\/muro-celebra-una-maraton-de-actividad-deportiva-con-las-24-horas-del-esportitzat\/","og_locale":"es_ES","og_type":"article","og_title":"Muro celebra una marat\u00f3n de actividad deportiva con las 24 horas del Esportitza\u2019t | Ajuntament de Muro","og_description":"Muro celebra una marat\u00f3n de actividad deportiva con las 24 horas del Esportitza\u2019t Muro vivir\u00e1 los pr\u00f3ximos 23 y 24 de mayo un fin de semana lleno de actividad f\u00edsica [&hellip;]","og_url":"https:\/\/www.vilademuro.net\/es\/muro-celebra-una-maraton-de-actividad-deportiva-con-las-24-horas-del-esportitzat\/","og_site_name":"Ajuntament de Muro","article_publisher":"https:\/\/www.facebook.com\/murodealcoy","article_published_time":"2025-05-21T11:49:05+00:00","og_image":[{"width":2000,"height":1500,"url":"https:\/\/www.vilademuro.net\/wp-content\/uploads\/2025\/05\/xarrada-saul-ais.jpeg","type":"image\/jpeg"}],"author":"david perez","twitter_card":"summary_large_image","twitter_creator":"@AjuntamentMuro","twitter_site":"@AjuntamentMuro","twitter_misc":{"Escrito por":"david perez","Tiempo de lectura":"5 minutos"},"schema":{"@context":"https:\/\/schema.org","@graph":[{"@type":"Article","@id":"https:\/\/www.vilademuro.net\/es\/muro-celebra-una-maraton-de-actividad-deportiva-con-las-24-horas-del-esportitzat\/#article","isPartOf":{"@id":"https:\/\/www.vilademuro.net\/es\/muro-celebra-una-maraton-de-actividad-deportiva-con-las-24-horas-del-esportitzat\/"},"author":{"name":"david perez","@id":"https:\/\/www.vilademuro.net\/es\/#\/schema\/person\/18d508a6d83aeac8b78142fe72d521b2"},"headline":"Muro celebra una marat\u00f3n de actividad deportiva con las 24 horas del Esportitza\u2019t","datePublished":"2025-05-21T11:49:05+00:00","mainEntityOfPage":{"@id":"https:\/\/www.vilademuro.net\/es\/muro-celebra-una-maraton-de-actividad-deportiva-con-las-24-horas-del-esportitzat\/"},"wordCount":792,"publisher":{"@id":"https:\/\/www.vilademuro.net\/es\/#organization"},"image":{"@id":"https:\/\/www.vilademuro.net\/es\/muro-celebra-una-maraton-de-actividad-deportiva-con-las-24-horas-del-esportitzat\/#primaryimage"},"thumbnailUrl":"https:\/\/www.vilademuro.net\/wp-content\/uploads\/2025\/05\/xarrada-saul-ais.jpeg","articleSection":["Destacat","Esports","Noticias"],"inLanguage":"es"},{"@type":"WebPage","@id":"https:\/\/www.vilademuro.net\/es\/muro-celebra-una-maraton-de-actividad-deportiva-con-las-24-horas-del-esportitzat\/","url":"https:\/\/www.vilademuro.net\/es\/muro-celebra-una-maraton-de-actividad-deportiva-con-las-24-horas-del-esportitzat\/","name":"Muro celebra una marat\u00f3n de actividad deportiva con las 24 horas del Esportitza\u2019t | Ajuntament de Muro","isPartOf":{"@id":"https:\/\/www.vilademuro.net\/es\/#website"},"primaryImageOfPage":{"@id":"https:\/\/www.vilademuro.net\/es\/muro-celebra-una-maraton-de-actividad-deportiva-con-las-24-horas-del-esportitzat\/#primaryimage"},"image":{"@id":"https:\/\/www.vilademuro.net\/es\/muro-celebra-una-maraton-de-actividad-deportiva-con-las-24-horas-del-esportitzat\/#primaryimage"},"thumbnailUrl":"https:\/\/www.vilademuro.net\/wp-content\/uploads\/2025\/05\/xarrada-saul-ais.jpeg","datePublished":"2025-05-21T11:49:05+00:00","breadcrumb":{"@id":"https:\/\/www.vilademuro.net\/es\/muro-celebra-una-maraton-de-actividad-deportiva-con-las-24-horas-del-esportitzat\/#breadcrumb"},"inLanguage":"es","potentialAction":[{"@type":"ReadAction","target":["https:\/\/www.vilademuro.net\/es\/muro-celebra-una-maraton-de-actividad-deportiva-con-las-24-horas-del-esportitzat\/"]}]},{"@type":"ImageObject","inLanguage":"es","@id":"https:\/\/www.vilademuro.net\/es\/muro-celebra-una-maraton-de-actividad-deportiva-con-las-24-horas-del-esportitzat\/#primaryimage","url":"https:\/\/www.vilademuro.net\/wp-content\/uploads\/2025\/05\/xarrada-saul-ais.jpeg","contentUrl":"https:\/\/www.vilademuro.net\/wp-content\/uploads\/2025\/05\/xarrada-saul-ais.jpeg","width":2000,"height":1500},{"@type":"BreadcrumbList","@id":"https:\/\/www.vilademuro.net\/es\/muro-celebra-una-maraton-de-actividad-deportiva-con-las-24-horas-del-esportitzat\/#breadcrumb","itemListElement":[{"@type":"ListItem","position":1,"name":"Inici","item":"https:\/\/www.vilademuro.net\/es\/"},{"@type":"ListItem","position":2,"name":"Muro celebra una marat\u00f3n de actividad deportiva con las 24 horas del Esportitza\u2019t"}]},{"@type":"WebSite","@id":"https:\/\/www.vilademuro.net\/es\/#website","url":"https:\/\/www.vilademuro.net\/es\/","name":"Ajuntament de Muro d'Alcoi","description":"P\u00e1gina web oficial de l&#039;Ajuntament de Muro","publisher":{"@id":"https:\/\/www.vilademuro.net\/es\/#organization"},"potentialAction":[{"@type":"SearchAction","target":{"@type":"EntryPoint","urlTemplate":"https:\/\/www.vilademuro.net\/es\/?s={search_term_string}"},"query-input":{"@type":"PropertyValueSpecification","valueRequired":true,"valueName":"search_term_string"}}],"inLanguage":"es"},{"@type":"Organization","@id":"https:\/\/www.vilademuro.net\/es\/#organization","name":"Ajuntament de Muro","url":"https:\/\/www.vilademuro.net\/es\/","logo":{"@type":"ImageObject","inLanguage":"es","@id":"https:\/\/www.vilademuro.net\/es\/#\/schema\/logo\/image\/","url":"https:\/\/www.vilademuro.net\/wp-content\/uploads\/2022\/10\/LOGO3-2.jpg","contentUrl":"https:\/\/www.vilademuro.net\/wp-content\/uploads\/2022\/10\/LOGO3-2.jpg","width":756,"height":517,"caption":"Ajuntament de Muro"},"image":{"@id":"https:\/\/www.vilademuro.net\/es\/#\/schema\/logo\/image\/"},"sameAs":["https:\/\/www.facebook.com\/murodealcoy","https:\/\/x.com\/AjuntamentMuro","https:\/\/www.youtube.com\/channel\/UC2rwbKfRqsd1Ncwm6Y1prQw"]},{"@type":"Person","@id":"https:\/\/www.vilademuro.net\/es\/#\/schema\/person\/18d508a6d83aeac8b78142fe72d521b2","name":"david perez","image":{"@type":"ImageObject","inLanguage":"es","@id":"https:\/\/www.vilademuro.net\/es\/#\/schema\/person\/image\/","url":"https:\/\/secure.gravatar.com\/avatar\/32e29d67ef109fa6f899286cf1743bb75688fd5ba35d80f5c1b6ac2b6bf32256?s=96&d=mm&r=g","contentUrl":"https:\/\/secure.gravatar.com\/avatar\/32e29d67ef109fa6f899286cf1743bb75688fd5ba35d80f5c1b6ac2b6bf32256?s=96&d=mm&r=g","caption":"david perez"}}]}},"_links":{"self":[{"href":"https:\/\/www.vilademuro.net\/es\/wp-json\/wp\/v2\/posts\/56457","targetHints":{"allow":["GET"]}}],"collection":[{"href":"https:\/\/www.vilademuro.net\/es\/wp-json\/wp\/v2\/posts"}],"about":[{"href":"https:\/\/www.vilademuro.net\/es\/wp-json\/wp\/v2\/types\/post"}],"author":[{"embeddable":true,"href":"https:\/\/www.vilademuro.net\/es\/wp-json\/wp\/v2\/users\/32"}],"replies":[{"embeddable":true,"href":"https:\/\/www.vilademuro.net\/es\/wp-json\/wp\/v2\/comments?post=56457"}],"version-history":[{"count":1,"href":"https:\/\/www.vilademuro.net\/es\/wp-json\/wp\/v2\/posts\/56457\/revisions"}],"predecessor-version":[{"id":56460,"href":"https:\/\/www.vilademuro.net\/es\/wp-json\/wp\/v2\/posts\/56457\/revisions\/56460"}],"wp:featuredmedia":[{"embeddable":true,"href":"https:\/\/www.vilademuro.net\/es\/wp-json\/wp\/v2\/media\/56458"}],"wp:attachment":[{"href":"https:\/\/www.vilademuro.net\/es\/wp-json\/wp\/v2\/media?parent=56457"}],"wp:term":[{"taxonomy":"category","embeddable":true,"href":"https:\/\/www.vilademuro.net\/es\/wp-json\/wp\/v2\/categories?post=56457"},{"taxonomy":"post_tag","embeddable":true,"href":"https:\/\/www.vilademuro.net\/es\/wp-json\/wp\/v2\/tags?post=56457"}],"curies":[{"name":"wp","href":"https:\/\/api.w.org\/{rel}","templated":true}]}}