{"id":56428,"date":"2025-05-20T13:22:06","date_gmt":"2025-05-20T11:22:06","guid":{"rendered":"https:\/\/www.vilademuro.net\/?p=56428"},"modified":"2025-05-20T13:31:15","modified_gmt":"2025-05-20T11:31:15","slug":"jornada-como-desarrollar-productos-y-servicios-de-exito","status":"publish","type":"post","link":"https:\/\/www.vilademuro.net\/es\/jornada-como-desarrollar-productos-y-servicios-de-exito\/","title":{"rendered":"Jornada C\u00f3mo desarrollar productos y servicios de \u00e9xito"},"content":{"rendered":"<p><span style=\"color: #000000\">Jornada C\u00f3mo desarrollar productos y servicios de \u00e9xito |<\/span><br \/>\n<span style=\"color: #000000\">Premios QIA para innovaci\u00f3n<\/span><br \/>\n<span style=\"color: #000000\">La jornada SOMMOS connecta\u00bbC\u00f3mo desarrollar productos<\/span><br \/>\n<span style=\"color: #000000\">y servicios de \u00e9xito\u00bbpone el foco en la competitividad de las<\/span><br \/>\n<span style=\"color: #000000\">compa\u00f1\u00edas desde la perspectiva de \u00ablo que el cliente quiere\u00bb.<\/span><br \/>\n<span style=\"color: #000000\">Si quieres lanzar un nuevo producto\/servicio y mejorar<\/span><br \/>\n<span style=\"color: #000000\">funcionalidades de uno existente, en esta jornada encontrar\u00e1s la<\/span><br \/>\n<span style=\"color: #000000\">metodolog\u00eda que te permitir\u00e1 conseguir cautivar a tu cliente y<\/span><br \/>\n<span style=\"color: #000000\">ofrecerle lo que realmente demanda.<\/span><br \/>\n<span style=\"color: #000000\">AGENDA<\/span><br \/>\n<span style=\"color: #000000\">09:30h Bienvenida<\/span><br \/>\n<span style=\"color: #000000\">09:45h Desarrollo de Grandes productos<\/span><br \/>\n<span style=\"color: #000000\">\u2022 Benjamin Lorente y Salva Ferri, fundadores de<\/span><br \/>\n<span style=\"color: #000000\">WeTangible<\/span><br \/>\n<span style=\"color: #000000\">11:30h Pausa Caf\u00e9<\/span><br \/>\n<span style=\"color: #000000\">12:00h Convertir las necesidades de cliente en mejoras del<\/span><br \/>\n<span style=\"color: #000000\">dise\u00f1o &#8211; La experiencia de Gaviota Group<\/span><br \/>\n<span style=\"color: #000000\">\u2022 Francisco Javier Fern\u00e1ndez, COO de Gaviota Group<\/span><br \/>\n<span style=\"color: #000000\">13:00h Cierre y networking<\/span><br \/>\n<span style=\"color: #000000\">FECHA, HORA Y LUGAR:12 de junio a las 09:30h. En<\/span><br \/>\n<span style=\"color: #000000\">C\u00e1mara Comercio Alcoy.<\/span><br \/>\n<span style=\"color: #000000\">M\u00c1S INFORMACI\u00d3N E INSCRIPCI\u00d3N GRATUITA:<\/span><\/p>\n<div class=\"ead-preview\"><div class=\"ead-document\" style=\"position: relative;padding-top: 90%;\"><div class=\"ead-iframe-wrapper\"><iframe src=\"\/\/docs.google.com\/viewer?url=https%3A%2F%2Fwww.vilademuro.net%2Fwp-content%2Fuploads%2F2025%2F05%2FCEIP-1.jpg&amp;embedded=true&amp;hl=en\" title=\"Documento incrustado\" class=\"ead-iframe\" style=\"width: 100%;height: 100%;border: none;position: absolute;left: 0;top: 0;visibility: hidden;\"><\/iframe><\/div>\t\t\t<div class=\"ead-document-loading\" style=\"width:100%;height:100%;position:absolute;left:0;top:0;z-index:10;\">\n\t\t\t\t<div class=\"ead-loading-wrap\">\n\t\t\t\t\t<div class=\"ead-loading-main\">\n\t\t\t\t\t\t<div class=\"ead-loading\">\n\t\t\t\t\t\t\t<img loading=\"lazy\" decoding=\"async\" src=\"https:\/\/www.vilademuro.net\/wp-content\/plugins\/embed-any-document\/images\/loading.svg\" width=\"55\" height=\"55\" alt=\"Cargador\">\n\t\t\t\t\t\t\t<span>Cargando...<\/span>\n\t\t\t\t\t\t<\/div>\n\t\t\t\t\t<\/div>\n\t\t\t\t\t<div class=\"ead-loading-foot\">\n\t\t\t\t\t\t<div class=\"ead-loading-foot-title\">\n\t\t\t\t\t\t\t<img loading=\"lazy\" decoding=\"async\" src=\"https:\/\/www.vilademuro.net\/wp-content\/plugins\/embed-any-document\/images\/EAD-logo.svg\" alt=\"Logotipo de EAD\" width=\"36\" height=\"23\"\/>\n\t\t\t\t\t\t\t<span>\u00bfTarda demasiado?<\/span>\n\t\t\t\t\t\t<\/div>\n\t\t\t\t\t\t<p>\n\t\t\t\t\t\t\t<div class=\"ead-document-btn ead-reload-btn\" role=\"button\">\n\t\t\t\t\t\t\t\t<img loading=\"lazy\" decoding=\"async\" src=\"https:\/\/www.vilademuro.net\/wp-content\/plugins\/embed-any-document\/images\/reload.svg\" alt=\"Recargar\" width=\"12\" height=\"12\"\/> Recargar el documento\t\t\t\t\t\t\t<\/div>\n\t\t\t\t\t\t\t<span>|<\/span>\n\t\t\t\t\t\t\t<a href=\"https:\/\/docs.google.com\/viewer?url=https%3A%2F%2Fwww.vilademuro.net%2Fwp-content%2Fuploads%2F2025%2F05%2FCEIP-1.jpg&#038;hl=en\" class=\"ead-document-btn\" target=\"_blank\">\n\t\t\t\t\t\t\t\t<img loading=\"lazy\" decoding=\"async\" src=\"https:\/\/www.vilademuro.net\/wp-content\/plugins\/embed-any-document\/images\/open.svg\" alt=\"Abrir\" width=\"12\" height=\"12\"\/> Abrir en una nueva pesta\u00f1a\t\t\t\t\t\t\t<\/a>\n\t\t\t\t\t<\/div>\n\t\t\t\t<\/div>\n\t\t\t<\/div>\n\t\t<\/div><p class=\"embed_download\"><a href=\"https:\/\/www.vilademuro.net\/wp-content\/uploads\/2025\/05\/CEIP-1.jpg\" download>Desc\u00e0rrega [250.43 KB] <\/a><\/p><\/div>\n","protected":false},"excerpt":{"rendered":"<p>Jornada C\u00f3mo desarrollar productos y servicios de \u00e9xito | Premios QIA para innovaci\u00f3n La jornada SOMMOS connecta\u00bbC\u00f3mo desarrollar productos y servicios de \u00e9xito\u00bbpone el foco en la competitividad de las [&hellip;]<\/p>\n","protected":false},"author":9,"featured_media":56433,"comment_status":"closed","ping_status":"closed","sticky":false,"template":"","format":"standard","meta":{"_et_pb_use_builder":"","_et_pb_old_content":"","_et_gb_content_width":"","footnotes":""},"categories":[50,63,49],"tags":[],"class_list":["post-56428","post","type-post","status-publish","format-standard","has-post-thumbnail","hentry","category-adl-es","category-areas","category-noticias"],"yoast_head":"<!-- This site is optimized with the Yoast SEO plugin v27.1.1 - https:\/\/yoast.com\/product\/yoast-seo-wordpress\/ -->\n<title>Jornada C\u00f3mo desarrollar productos y servicios de \u00e9xito | Ajuntament de Muro<\/title>\n<meta name=\"robots\" content=\"index, follow, max-snippet:-1, max-image-preview:large, max-video-preview:-1\" \/>\n<link rel=\"canonical\" href=\"https:\/\/www.vilademuro.net\/es\/jornada-como-desarrollar-productos-y-servicios-de-exito\/\" \/>\n<meta property=\"og:locale\" content=\"es_ES\" \/>\n<meta property=\"og:type\" content=\"article\" \/>\n<meta property=\"og:title\" content=\"Jornada C\u00f3mo desarrollar productos y servicios de \u00e9xito | Ajuntament de Muro\" \/>\n<meta property=\"og:description\" content=\"Jornada C\u00f3mo desarrollar productos y servicios de \u00e9xito | Premios QIA para innovaci\u00f3n La jornada SOMMOS connecta\u00bbC\u00f3mo desarrollar productos y servicios de \u00e9xito\u00bbpone el foco en la competitividad de las [&hellip;]\" \/>\n<meta property=\"og:url\" content=\"https:\/\/www.vilademuro.net\/es\/jornada-como-desarrollar-productos-y-servicios-de-exito\/\" \/>\n<meta property=\"og:site_name\" content=\"Ajuntament de Muro\" \/>\n<meta property=\"article:publisher\" content=\"https:\/\/www.facebook.com\/murodealcoy\" \/>\n<meta property=\"article:published_time\" content=\"2025-05-20T11:22:06+00:00\" \/>\n<meta property=\"article:modified_time\" content=\"2025-05-20T11:31:15+00:00\" \/>\n<meta property=\"og:image\" content=\"https:\/\/www.vilademuro.net\/wp-content\/uploads\/2025\/05\/CEIP.jpg\" \/>\n\t<meta property=\"og:image:width\" content=\"877\" \/>\n\t<meta property=\"og:image:height\" content=\"1240\" \/>\n\t<meta property=\"og:image:type\" content=\"image\/jpeg\" \/>\n<meta name=\"author\" content=\"Manolo Moll\" \/>\n<meta name=\"twitter:card\" content=\"summary_large_image\" \/>\n<meta name=\"twitter:creator\" content=\"@AjuntamentMuro\" \/>\n<meta name=\"twitter:site\" content=\"@AjuntamentMuro\" \/>\n<meta name=\"twitter:label1\" content=\"Escrito por\" \/>\n\t<meta name=\"twitter:data1\" content=\"Manolo Moll\" \/>\n\t<meta name=\"twitter:label2\" content=\"Tiempo de lectura\" \/>\n\t<meta name=\"twitter:data2\" content=\"1 minuto\" \/>\n<script type=\"application\/ld+json\" class=\"yoast-schema-graph\">{\"@context\":\"https:\/\/schema.org\",\"@graph\":[{\"@type\":\"Article\",\"@id\":\"https:\/\/www.vilademuro.net\/es\/jornada-como-desarrollar-productos-y-servicios-de-exito\/#article\",\"isPartOf\":{\"@id\":\"https:\/\/www.vilademuro.net\/es\/jornada-como-desarrollar-productos-y-servicios-de-exito\/\"},\"author\":{\"name\":\"Manolo Moll\",\"@id\":\"https:\/\/www.vilademuro.net\/es\/#\/schema\/person\/a42e266ef9e9ced94f63a10cae995cb3\"},\"headline\":\"Jornada C\u00f3mo desarrollar productos y servicios de \u00e9xito\",\"datePublished\":\"2025-05-20T11:22:06+00:00\",\"dateModified\":\"2025-05-20T11:31:15+00:00\",\"mainEntityOfPage\":{\"@id\":\"https:\/\/www.vilademuro.net\/es\/jornada-como-desarrollar-productos-y-servicios-de-exito\/\"},\"wordCount\":171,\"publisher\":{\"@id\":\"https:\/\/www.vilademuro.net\/es\/#organization\"},\"image\":{\"@id\":\"https:\/\/www.vilademuro.net\/es\/jornada-como-desarrollar-productos-y-servicios-de-exito\/#primaryimage\"},\"thumbnailUrl\":\"https:\/\/www.vilademuro.net\/wp-content\/uploads\/2025\/05\/CEIP.jpg\",\"articleSection\":[\"ADL\",\"\u00c1reas\",\"Noticias\"],\"inLanguage\":\"es\"},{\"@type\":\"WebPage\",\"@id\":\"https:\/\/www.vilademuro.net\/es\/jornada-como-desarrollar-productos-y-servicios-de-exito\/\",\"url\":\"https:\/\/www.vilademuro.net\/es\/jornada-como-desarrollar-productos-y-servicios-de-exito\/\",\"name\":\"Jornada C\u00f3mo desarrollar productos y servicios de \u00e9xito | Ajuntament de Muro\",\"isPartOf\":{\"@id\":\"https:\/\/www.vilademuro.net\/es\/#website\"},\"primaryImageOfPage\":{\"@id\":\"https:\/\/www.vilademuro.net\/es\/jornada-como-desarrollar-productos-y-servicios-de-exito\/#primaryimage\"},\"image\":{\"@id\":\"https:\/\/www.vilademuro.net\/es\/jornada-como-desarrollar-productos-y-servicios-de-exito\/#primaryimage\"},\"thumbnailUrl\":\"https:\/\/www.vilademuro.net\/wp-content\/uploads\/2025\/05\/CEIP.jpg\",\"datePublished\":\"2025-05-20T11:22:06+00:00\",\"dateModified\":\"2025-05-20T11:31:15+00:00\",\"breadcrumb\":{\"@id\":\"https:\/\/www.vilademuro.net\/es\/jornada-como-desarrollar-productos-y-servicios-de-exito\/#breadcrumb\"},\"inLanguage\":\"es\",\"potentialAction\":[{\"@type\":\"ReadAction\",\"target\":[\"https:\/\/www.vilademuro.net\/es\/jornada-como-desarrollar-productos-y-servicios-de-exito\/\"]}]},{\"@type\":\"ImageObject\",\"inLanguage\":\"es\",\"@id\":\"https:\/\/www.vilademuro.net\/es\/jornada-como-desarrollar-productos-y-servicios-de-exito\/#primaryimage\",\"url\":\"https:\/\/www.vilademuro.net\/wp-content\/uploads\/2025\/05\/CEIP.jpg\",\"contentUrl\":\"https:\/\/www.vilademuro.net\/wp-content\/uploads\/2025\/05\/CEIP.jpg\",\"width\":877,\"height\":1240},{\"@type\":\"BreadcrumbList\",\"@id\":\"https:\/\/www.vilademuro.net\/es\/jornada-como-desarrollar-productos-y-servicios-de-exito\/#breadcrumb\",\"itemListElement\":[{\"@type\":\"ListItem\",\"position\":1,\"name\":\"Inici\",\"item\":\"https:\/\/www.vilademuro.net\/es\/\"},{\"@type\":\"ListItem\",\"position\":2,\"name\":\"Jornada C\u00f3mo desarrollar productos y servicios de \u00e9xito\"}]},{\"@type\":\"WebSite\",\"@id\":\"https:\/\/www.vilademuro.net\/es\/#website\",\"url\":\"https:\/\/www.vilademuro.net\/es\/\",\"name\":\"Ajuntament de Muro d'Alcoi\",\"description\":\"P\u00e1gina web oficial de l&#039;Ajuntament de Muro\",\"publisher\":{\"@id\":\"https:\/\/www.vilademuro.net\/es\/#organization\"},\"potentialAction\":[{\"@type\":\"SearchAction\",\"target\":{\"@type\":\"EntryPoint\",\"urlTemplate\":\"https:\/\/www.vilademuro.net\/es\/?s={search_term_string}\"},\"query-input\":{\"@type\":\"PropertyValueSpecification\",\"valueRequired\":true,\"valueName\":\"search_term_string\"}}],\"inLanguage\":\"es\"},{\"@type\":\"Organization\",\"@id\":\"https:\/\/www.vilademuro.net\/es\/#organization\",\"name\":\"Ajuntament de Muro\",\"url\":\"https:\/\/www.vilademuro.net\/es\/\",\"logo\":{\"@type\":\"ImageObject\",\"inLanguage\":\"es\",\"@id\":\"https:\/\/www.vilademuro.net\/es\/#\/schema\/logo\/image\/\",\"url\":\"https:\/\/www.vilademuro.net\/wp-content\/uploads\/2022\/10\/LOGO3-2.jpg\",\"contentUrl\":\"https:\/\/www.vilademuro.net\/wp-content\/uploads\/2022\/10\/LOGO3-2.jpg\",\"width\":756,\"height\":517,\"caption\":\"Ajuntament de Muro\"},\"image\":{\"@id\":\"https:\/\/www.vilademuro.net\/es\/#\/schema\/logo\/image\/\"},\"sameAs\":[\"https:\/\/www.facebook.com\/murodealcoy\",\"https:\/\/x.com\/AjuntamentMuro\",\"https:\/\/www.youtube.com\/channel\/UC2rwbKfRqsd1Ncwm6Y1prQw\"]},{\"@type\":\"Person\",\"@id\":\"https:\/\/www.vilademuro.net\/es\/#\/schema\/person\/a42e266ef9e9ced94f63a10cae995cb3\",\"name\":\"Manolo Moll\",\"image\":{\"@type\":\"ImageObject\",\"inLanguage\":\"es\",\"@id\":\"https:\/\/www.vilademuro.net\/es\/#\/schema\/person\/image\/\",\"url\":\"https:\/\/secure.gravatar.com\/avatar\/a3221566d53d0f1136f8c6f2cfcd2956c691deadb08d33bb4b275a4da7bd7260?s=96&d=mm&r=g\",\"contentUrl\":\"https:\/\/secure.gravatar.com\/avatar\/a3221566d53d0f1136f8c6f2cfcd2956c691deadb08d33bb4b275a4da7bd7260?s=96&d=mm&r=g\",\"caption\":\"Manolo Moll\"}}]}<\/script>\n<!-- \/ Yoast SEO plugin. -->","yoast_head_json":{"title":"Jornada C\u00f3mo desarrollar productos y servicios de \u00e9xito | Ajuntament de Muro","robots":{"index":"index","follow":"follow","max-snippet":"max-snippet:-1","max-image-preview":"max-image-preview:large","max-video-preview":"max-video-preview:-1"},"canonical":"https:\/\/www.vilademuro.net\/es\/jornada-como-desarrollar-productos-y-servicios-de-exito\/","og_locale":"es_ES","og_type":"article","og_title":"Jornada C\u00f3mo desarrollar productos y servicios de \u00e9xito | Ajuntament de Muro","og_description":"Jornada C\u00f3mo desarrollar productos y servicios de \u00e9xito | Premios QIA para innovaci\u00f3n La jornada SOMMOS connecta\u00bbC\u00f3mo desarrollar productos y servicios de \u00e9xito\u00bbpone el foco en la competitividad de las [&hellip;]","og_url":"https:\/\/www.vilademuro.net\/es\/jornada-como-desarrollar-productos-y-servicios-de-exito\/","og_site_name":"Ajuntament de Muro","article_publisher":"https:\/\/www.facebook.com\/murodealcoy","article_published_time":"2025-05-20T11:22:06+00:00","article_modified_time":"2025-05-20T11:31:15+00:00","og_image":[{"width":877,"height":1240,"url":"https:\/\/www.vilademuro.net\/wp-content\/uploads\/2025\/05\/CEIP.jpg","type":"image\/jpeg"}],"author":"Manolo Moll","twitter_card":"summary_large_image","twitter_creator":"@AjuntamentMuro","twitter_site":"@AjuntamentMuro","twitter_misc":{"Escrito por":"Manolo Moll","Tiempo de lectura":"1 minuto"},"schema":{"@context":"https:\/\/schema.org","@graph":[{"@type":"Article","@id":"https:\/\/www.vilademuro.net\/es\/jornada-como-desarrollar-productos-y-servicios-de-exito\/#article","isPartOf":{"@id":"https:\/\/www.vilademuro.net\/es\/jornada-como-desarrollar-productos-y-servicios-de-exito\/"},"author":{"name":"Manolo Moll","@id":"https:\/\/www.vilademuro.net\/es\/#\/schema\/person\/a42e266ef9e9ced94f63a10cae995cb3"},"headline":"Jornada C\u00f3mo desarrollar productos y servicios de \u00e9xito","datePublished":"2025-05-20T11:22:06+00:00","dateModified":"2025-05-20T11:31:15+00:00","mainEntityOfPage":{"@id":"https:\/\/www.vilademuro.net\/es\/jornada-como-desarrollar-productos-y-servicios-de-exito\/"},"wordCount":171,"publisher":{"@id":"https:\/\/www.vilademuro.net\/es\/#organization"},"image":{"@id":"https:\/\/www.vilademuro.net\/es\/jornada-como-desarrollar-productos-y-servicios-de-exito\/#primaryimage"},"thumbnailUrl":"https:\/\/www.vilademuro.net\/wp-content\/uploads\/2025\/05\/CEIP.jpg","articleSection":["ADL","\u00c1reas","Noticias"],"inLanguage":"es"},{"@type":"WebPage","@id":"https:\/\/www.vilademuro.net\/es\/jornada-como-desarrollar-productos-y-servicios-de-exito\/","url":"https:\/\/www.vilademuro.net\/es\/jornada-como-desarrollar-productos-y-servicios-de-exito\/","name":"Jornada C\u00f3mo desarrollar productos y servicios de \u00e9xito | Ajuntament de Muro","isPartOf":{"@id":"https:\/\/www.vilademuro.net\/es\/#website"},"primaryImageOfPage":{"@id":"https:\/\/www.vilademuro.net\/es\/jornada-como-desarrollar-productos-y-servicios-de-exito\/#primaryimage"},"image":{"@id":"https:\/\/www.vilademuro.net\/es\/jornada-como-desarrollar-productos-y-servicios-de-exito\/#primaryimage"},"thumbnailUrl":"https:\/\/www.vilademuro.net\/wp-content\/uploads\/2025\/05\/CEIP.jpg","datePublished":"2025-05-20T11:22:06+00:00","dateModified":"2025-05-20T11:31:15+00:00","breadcrumb":{"@id":"https:\/\/www.vilademuro.net\/es\/jornada-como-desarrollar-productos-y-servicios-de-exito\/#breadcrumb"},"inLanguage":"es","potentialAction":[{"@type":"ReadAction","target":["https:\/\/www.vilademuro.net\/es\/jornada-como-desarrollar-productos-y-servicios-de-exito\/"]}]},{"@type":"ImageObject","inLanguage":"es","@id":"https:\/\/www.vilademuro.net\/es\/jornada-como-desarrollar-productos-y-servicios-de-exito\/#primaryimage","url":"https:\/\/www.vilademuro.net\/wp-content\/uploads\/2025\/05\/CEIP.jpg","contentUrl":"https:\/\/www.vilademuro.net\/wp-content\/uploads\/2025\/05\/CEIP.jpg","width":877,"height":1240},{"@type":"BreadcrumbList","@id":"https:\/\/www.vilademuro.net\/es\/jornada-como-desarrollar-productos-y-servicios-de-exito\/#breadcrumb","itemListElement":[{"@type":"ListItem","position":1,"name":"Inici","item":"https:\/\/www.vilademuro.net\/es\/"},{"@type":"ListItem","position":2,"name":"Jornada C\u00f3mo desarrollar productos y servicios de \u00e9xito"}]},{"@type":"WebSite","@id":"https:\/\/www.vilademuro.net\/es\/#website","url":"https:\/\/www.vilademuro.net\/es\/","name":"Ajuntament de Muro d'Alcoi","description":"P\u00e1gina web oficial de l&#039;Ajuntament de Muro","publisher":{"@id":"https:\/\/www.vilademuro.net\/es\/#organization"},"potentialAction":[{"@type":"SearchAction","target":{"@type":"EntryPoint","urlTemplate":"https:\/\/www.vilademuro.net\/es\/?s={search_term_string}"},"query-input":{"@type":"PropertyValueSpecification","valueRequired":true,"valueName":"search_term_string"}}],"inLanguage":"es"},{"@type":"Organization","@id":"https:\/\/www.vilademuro.net\/es\/#organization","name":"Ajuntament de Muro","url":"https:\/\/www.vilademuro.net\/es\/","logo":{"@type":"ImageObject","inLanguage":"es","@id":"https:\/\/www.vilademuro.net\/es\/#\/schema\/logo\/image\/","url":"https:\/\/www.vilademuro.net\/wp-content\/uploads\/2022\/10\/LOGO3-2.jpg","contentUrl":"https:\/\/www.vilademuro.net\/wp-content\/uploads\/2022\/10\/LOGO3-2.jpg","width":756,"height":517,"caption":"Ajuntament de Muro"},"image":{"@id":"https:\/\/www.vilademuro.net\/es\/#\/schema\/logo\/image\/"},"sameAs":["https:\/\/www.facebook.com\/murodealcoy","https:\/\/x.com\/AjuntamentMuro","https:\/\/www.youtube.com\/channel\/UC2rwbKfRqsd1Ncwm6Y1prQw"]},{"@type":"Person","@id":"https:\/\/www.vilademuro.net\/es\/#\/schema\/person\/a42e266ef9e9ced94f63a10cae995cb3","name":"Manolo Moll","image":{"@type":"ImageObject","inLanguage":"es","@id":"https:\/\/www.vilademuro.net\/es\/#\/schema\/person\/image\/","url":"https:\/\/secure.gravatar.com\/avatar\/a3221566d53d0f1136f8c6f2cfcd2956c691deadb08d33bb4b275a4da7bd7260?s=96&d=mm&r=g","contentUrl":"https:\/\/secure.gravatar.com\/avatar\/a3221566d53d0f1136f8c6f2cfcd2956c691deadb08d33bb4b275a4da7bd7260?s=96&d=mm&r=g","caption":"Manolo Moll"}}]}},"_links":{"self":[{"href":"https:\/\/www.vilademuro.net\/es\/wp-json\/wp\/v2\/posts\/56428","targetHints":{"allow":["GET"]}}],"collection":[{"href":"https:\/\/www.vilademuro.net\/es\/wp-json\/wp\/v2\/posts"}],"about":[{"href":"https:\/\/www.vilademuro.net\/es\/wp-json\/wp\/v2\/types\/post"}],"author":[{"embeddable":true,"href":"https:\/\/www.vilademuro.net\/es\/wp-json\/wp\/v2\/users\/9"}],"replies":[{"embeddable":true,"href":"https:\/\/www.vilademuro.net\/es\/wp-json\/wp\/v2\/comments?post=56428"}],"version-history":[{"count":3,"href":"https:\/\/www.vilademuro.net\/es\/wp-json\/wp\/v2\/posts\/56428\/revisions"}],"predecessor-version":[{"id":56441,"href":"https:\/\/www.vilademuro.net\/es\/wp-json\/wp\/v2\/posts\/56428\/revisions\/56441"}],"wp:featuredmedia":[{"embeddable":true,"href":"https:\/\/www.vilademuro.net\/es\/wp-json\/wp\/v2\/media\/56433"}],"wp:attachment":[{"href":"https:\/\/www.vilademuro.net\/es\/wp-json\/wp\/v2\/media?parent=56428"}],"wp:term":[{"taxonomy":"category","embeddable":true,"href":"https:\/\/www.vilademuro.net\/es\/wp-json\/wp\/v2\/categories?post=56428"},{"taxonomy":"post_tag","embeddable":true,"href":"https:\/\/www.vilademuro.net\/es\/wp-json\/wp\/v2\/tags?post=56428"}],"curies":[{"name":"wp","href":"https:\/\/api.w.org\/{rel}","templated":true}]}}