{"id":56346,"date":"2025-05-06T09:00:32","date_gmt":"2025-05-06T07:00:32","guid":{"rendered":"https:\/\/www.vilademuro.net\/descobreixen-a-muro-quatre-estructures-fortificades-de-pedra-en-sec-dalta-rellevancia-historica\/"},"modified":"2025-05-08T09:05:03","modified_gmt":"2025-05-08T07:05:03","slug":"descobreixen-a-muro-quatre-estructures-fortificades-de-pedra-en-sec-dalta-rellevancia-historica","status":"publish","type":"post","link":"https:\/\/www.vilademuro.net\/es\/descobreixen-a-muro-quatre-estructures-fortificades-de-pedra-en-sec-dalta-rellevancia-historica\/","title":{"rendered":"Descubren en Muro cuatro estructuras fortificadas de piedra seca de gran relevancia hist\u00f3rica"},"content":{"rendered":"<p class=\"\" data-start=\"0\" data-end=\"116\"><strong data-start=\"0\" data-end=\"14\">Patrimonio<\/strong><br data-start=\"14\" data-end=\"17\" \/><strong data-start=\"17\" data-end=\"114\">Descubren en Muro cuatro estructuras fortificadas de piedra seca de gran relevancia hist\u00f3rica<\/strong><\/p>\n<p data-start=\"118\" data-end=\"721\"><img loading=\"lazy\" decoding=\"async\" class=\"alignnone wp-image-56340 size-full\" src=\"https:\/\/www.vilademuro.net\/wp-content\/uploads\/2025\/05\/IMG_9163.jpg\" alt=\"\" width=\"1920\" height=\"1440\" srcset=\"https:\/\/www.vilademuro.net\/wp-content\/uploads\/2025\/05\/IMG_9163.jpg 1920w, https:\/\/www.vilademuro.net\/wp-content\/uploads\/2025\/05\/IMG_9163-1280x960.jpg 1280w, https:\/\/www.vilademuro.net\/wp-content\/uploads\/2025\/05\/IMG_9163-980x735.jpg 980w, https:\/\/www.vilademuro.net\/wp-content\/uploads\/2025\/05\/IMG_9163-480x360.jpg 480w\" sizes=\"(min-width: 0px) and (max-width: 480px) 480px, (min-width: 481px) and (max-width: 980px) 980px, (min-width: 981px) and (max-width: 1280px) 1280px, (min-width: 1281px) 1920px, 100vw\" \/><\/p>\n<p class=\"\" data-start=\"118\" data-end=\"721\">Gracias a las \u00faltimas salidas de campo realizadas por el Centre d\u2019Estudis Contestans, se han localizado al menos cuatro fortificaciones de piedra seca, in\u00e9ditas hasta el momento, situadas en diferentes puntos de las sierras del t\u00e9rmino municipal de Muro. Estas estructuras presentan una gran variedad tipol\u00f3gica y constructiva, con plantas que var\u00edan entre la forma cuadrada, pentagonal o incluso estructuras lineales con muros de gran envergadura. Nos encontramos en un punto inicial de observaci\u00f3n y estudio, ya que todav\u00eda no se han llevado a cabo trabajos arqueol\u00f3gicos.<\/p>\n<p class=\"\" data-start=\"723\" data-end=\"1127\">Todas estas construcciones est\u00e1n realizadas con t\u00e9cnica de piedra seca y presentan un estado actual de derrumbe o inacabado, con alturas conservadas que oscilan entre los 40 y 50 cent\u00edmetros, seg\u00fan se puede observar a simple vista. A pesar de este estado, destacan por su monumentalidad, con muros que pueden alcanzar hasta los tres metros de grosor y longitudes cercanas a los ochenta metros lineales.<\/p>\n<p class=\"\" data-start=\"1129\" data-end=\"1604\">Los estudios preliminares apuntan a que estas fortificaciones podr\u00edan datar de la \u00e9poca musulmana, probablemente entre los siglos X y XI. Concretamente, seg\u00fan Pere Ferer del Centre d\u2019Estudis Contestans, \u201cse vinculan con una \u00e9poca en la que la presencia bereber en nuestras tierras est\u00e1 ampliamente documentada, y estas construcciones podr\u00edan ser testimonios materiales de los primeros asentamientos fortificados en el paisaje monta\u00f1oso del Comtat y las Comarcas Centrales\u201d.<\/p>\n<p class=\"\" data-start=\"1606\" data-end=\"1981\">Cabe destacar que hallazgos de esta naturaleza son extremadamente poco frecuentes en el territorio valenciano, lo que confiere a este descubrimiento un valor patrimonial e hist\u00f3rico de primer orden. Se trata, sin duda, de un conjunto arquitect\u00f3nico de enorme importancia para el conocimiento de nuestro pasado y de las primeras formas de ocupaci\u00f3n defensiva del territorio.<\/p>\n<p class=\"\" data-start=\"1983\" data-end=\"2929\">El Ayuntamiento de Muro quiere poner en valor este hallazgo y reafirma su compromiso con la protecci\u00f3n, estudio y eventual restauraci\u00f3n de estas fortificaciones. Aunque se encuentran en estado de ruina, la presencia de la piedra original alrededor de las estructuras sugiere que una intervenci\u00f3n conservadora podr\u00eda ser viable con el apoyo de las administraciones competentes. El concejal de Patrimonio de Muro, Sergi Silvestre, ha querido \u201cagradecer p\u00fablicamente la labor de investigaci\u00f3n y catalogaci\u00f3n del patrimonio que est\u00e1 llevando a cabo el Centre d\u2019Estudis Contestans en nuestro t\u00e9rmino municipal y en toda la comarca del Comtat\u201d, ya que \u201cson capaces de devolver la vida a historias olvidadas y de poner orden en un pasado que en muchos casos hab\u00eda quedado desdibujado para el gran p\u00fablico, o que como en el caso de estas fortificaciones, directamente estaba borrado de la historia y que ahora hay que investigar, conservar y proteger\u201d.<\/p>\n<p class=\"\" data-start=\"2931\" data-end=\"3474\">En este sentido, Silvestre ha se\u00f1alado \u201cla existencia de l\u00edneas de ayuda y subvenciones espec\u00edficas para la rehabilitaci\u00f3n de elementos de piedra seca, que podr\u00edan ser aplicables a este conjunto patrimonial y cuya viabilidad debemos ahora explorar\u201d. Desde el Ayuntamiento se considera fundamental la colaboraci\u00f3n institucional y el apoyo a las iniciativas impulsadas por entidades como el Centre d\u2019Estudis Contestans, que con su rigor y dedicaci\u00f3n contribuyen decisivamente a recuperar y preservar la memoria hist\u00f3rica de nuestro territorio.<\/p>\n<p data-start=\"2931\" data-end=\"3474\"><img loading=\"lazy\" decoding=\"async\" class=\"alignnone wp-image-56344 size-full\" src=\"https:\/\/www.vilademuro.net\/wp-content\/uploads\/2025\/05\/Fortificacio-Pedra-seca-Muro2.jpg\" alt=\"\" width=\"1920\" height=\"1086\" srcset=\"https:\/\/www.vilademuro.net\/wp-content\/uploads\/2025\/05\/Fortificacio-Pedra-seca-Muro2.jpg 1920w, https:\/\/www.vilademuro.net\/wp-content\/uploads\/2025\/05\/Fortificacio-Pedra-seca-Muro2-1280x724.jpg 1280w, https:\/\/www.vilademuro.net\/wp-content\/uploads\/2025\/05\/Fortificacio-Pedra-seca-Muro2-980x554.jpg 980w, https:\/\/www.vilademuro.net\/wp-content\/uploads\/2025\/05\/Fortificacio-Pedra-seca-Muro2-480x272.jpg 480w\" sizes=\"(min-width: 0px) and (max-width: 480px) 480px, (min-width: 481px) and (max-width: 980px) 980px, (min-width: 981px) and (max-width: 1280px) 1280px, (min-width: 1281px) 1920px, 100vw\" \/><\/p>\n<p class=\"\" data-start=\"3476\" data-end=\"3803\">Estas fortificaciones de piedra seca podr\u00edan convertirse, en un futuro pr\u00f3ximo, en espacios emblem\u00e1ticos y de referencia dentro del patrimonio hist\u00f3rico y arqueol\u00f3gico de Muro y del conjunto de las Comarcas Centrales, ofreciendo tambi\u00e9n nuevas oportunidades de dinamizaci\u00f3n cultural vinculadas a nuestra historia m\u00e1s antigua.<\/p>\n","protected":false},"excerpt":{"rendered":"<p>PatrimonioDescubren en Muro cuatro estructuras fortificadas de piedra seca de gran relevancia hist\u00f3rica Gracias a las \u00faltimas salidas de campo realizadas por el Centre d\u2019Estudis Contestans, se han localizado al [&hellip;]<\/p>\n","protected":false},"author":32,"featured_media":56342,"comment_status":"closed","ping_status":"closed","sticky":false,"template":"","format":"standard","meta":{"_et_pb_use_builder":"","_et_pb_old_content":"","_et_gb_content_width":"","footnotes":""},"categories":[51,49],"tags":[],"class_list":["post-56346","post","type-post","status-publish","format-standard","has-post-thumbnail","hentry","category-destacat-es","category-noticias"],"yoast_head":"<!-- This site is optimized with the Yoast SEO plugin v27.1.1 - https:\/\/yoast.com\/product\/yoast-seo-wordpress\/ -->\n<title>Descubren en Muro cuatro estructuras fortificadas de piedra seca de gran relevancia hist\u00f3rica | Ajuntament de Muro<\/title>\n<meta name=\"robots\" content=\"index, follow, max-snippet:-1, max-image-preview:large, max-video-preview:-1\" \/>\n<link rel=\"canonical\" href=\"https:\/\/www.vilademuro.net\/es\/descobreixen-a-muro-quatre-estructures-fortificades-de-pedra-en-sec-dalta-rellevancia-historica\/\" \/>\n<meta property=\"og:locale\" content=\"es_ES\" \/>\n<meta property=\"og:type\" content=\"article\" \/>\n<meta property=\"og:title\" content=\"Descubren en Muro cuatro estructuras fortificadas de piedra seca de gran relevancia hist\u00f3rica | Ajuntament de Muro\" \/>\n<meta property=\"og:description\" content=\"PatrimonioDescubren en Muro cuatro estructuras fortificadas de piedra seca de gran relevancia hist\u00f3rica Gracias a las \u00faltimas salidas de campo realizadas por el Centre d\u2019Estudis Contestans, se han localizado al [&hellip;]\" \/>\n<meta property=\"og:url\" content=\"https:\/\/www.vilademuro.net\/es\/descobreixen-a-muro-quatre-estructures-fortificades-de-pedra-en-sec-dalta-rellevancia-historica\/\" \/>\n<meta property=\"og:site_name\" content=\"Ajuntament de Muro\" \/>\n<meta property=\"article:publisher\" content=\"https:\/\/www.facebook.com\/murodealcoy\" \/>\n<meta property=\"article:published_time\" content=\"2025-05-06T07:00:32+00:00\" \/>\n<meta property=\"article:modified_time\" content=\"2025-05-08T07:05:03+00:00\" \/>\n<meta property=\"og:image\" content=\"https:\/\/www.vilademuro.net\/wp-content\/uploads\/2025\/05\/Fortificacio-Pedra-seca-Muro1.jpg\" \/>\n\t<meta property=\"og:image:width\" content=\"1920\" \/>\n\t<meta property=\"og:image:height\" content=\"1440\" \/>\n\t<meta property=\"og:image:type\" content=\"image\/jpeg\" \/>\n<meta name=\"author\" content=\"david perez\" \/>\n<meta name=\"twitter:card\" content=\"summary_large_image\" \/>\n<meta name=\"twitter:creator\" content=\"@AjuntamentMuro\" \/>\n<meta name=\"twitter:site\" content=\"@AjuntamentMuro\" \/>\n<meta name=\"twitter:label1\" content=\"Escrito por\" \/>\n\t<meta name=\"twitter:data1\" content=\"david perez\" \/>\n\t<meta name=\"twitter:label2\" content=\"Tiempo de lectura\" \/>\n\t<meta name=\"twitter:data2\" content=\"4 minutos\" \/>\n<script type=\"application\/ld+json\" class=\"yoast-schema-graph\">{\"@context\":\"https:\/\/schema.org\",\"@graph\":[{\"@type\":\"Article\",\"@id\":\"https:\/\/www.vilademuro.net\/es\/descobreixen-a-muro-quatre-estructures-fortificades-de-pedra-en-sec-dalta-rellevancia-historica\/#article\",\"isPartOf\":{\"@id\":\"https:\/\/www.vilademuro.net\/es\/descobreixen-a-muro-quatre-estructures-fortificades-de-pedra-en-sec-dalta-rellevancia-historica\/\"},\"author\":{\"name\":\"david perez\",\"@id\":\"https:\/\/www.vilademuro.net\/es\/#\/schema\/person\/18d508a6d83aeac8b78142fe72d521b2\"},\"headline\":\"Descubren en Muro cuatro estructuras fortificadas de piedra seca de gran relevancia hist\u00f3rica\",\"datePublished\":\"2025-05-06T07:00:32+00:00\",\"dateModified\":\"2025-05-08T07:05:03+00:00\",\"mainEntityOfPage\":{\"@id\":\"https:\/\/www.vilademuro.net\/es\/descobreixen-a-muro-quatre-estructures-fortificades-de-pedra-en-sec-dalta-rellevancia-historica\/\"},\"wordCount\":623,\"publisher\":{\"@id\":\"https:\/\/www.vilademuro.net\/es\/#organization\"},\"image\":{\"@id\":\"https:\/\/www.vilademuro.net\/es\/descobreixen-a-muro-quatre-estructures-fortificades-de-pedra-en-sec-dalta-rellevancia-historica\/#primaryimage\"},\"thumbnailUrl\":\"https:\/\/www.vilademuro.net\/wp-content\/uploads\/2025\/05\/Fortificacio-Pedra-seca-Muro1.jpg\",\"articleSection\":[\"Destacat\",\"Noticias\"],\"inLanguage\":\"es\"},{\"@type\":\"WebPage\",\"@id\":\"https:\/\/www.vilademuro.net\/es\/descobreixen-a-muro-quatre-estructures-fortificades-de-pedra-en-sec-dalta-rellevancia-historica\/\",\"url\":\"https:\/\/www.vilademuro.net\/es\/descobreixen-a-muro-quatre-estructures-fortificades-de-pedra-en-sec-dalta-rellevancia-historica\/\",\"name\":\"Descubren en Muro cuatro estructuras fortificadas de piedra seca de gran relevancia hist\u00f3rica | Ajuntament de Muro\",\"isPartOf\":{\"@id\":\"https:\/\/www.vilademuro.net\/es\/#website\"},\"primaryImageOfPage\":{\"@id\":\"https:\/\/www.vilademuro.net\/es\/descobreixen-a-muro-quatre-estructures-fortificades-de-pedra-en-sec-dalta-rellevancia-historica\/#primaryimage\"},\"image\":{\"@id\":\"https:\/\/www.vilademuro.net\/es\/descobreixen-a-muro-quatre-estructures-fortificades-de-pedra-en-sec-dalta-rellevancia-historica\/#primaryimage\"},\"thumbnailUrl\":\"https:\/\/www.vilademuro.net\/wp-content\/uploads\/2025\/05\/Fortificacio-Pedra-seca-Muro1.jpg\",\"datePublished\":\"2025-05-06T07:00:32+00:00\",\"dateModified\":\"2025-05-08T07:05:03+00:00\",\"breadcrumb\":{\"@id\":\"https:\/\/www.vilademuro.net\/es\/descobreixen-a-muro-quatre-estructures-fortificades-de-pedra-en-sec-dalta-rellevancia-historica\/#breadcrumb\"},\"inLanguage\":\"es\",\"potentialAction\":[{\"@type\":\"ReadAction\",\"target\":[\"https:\/\/www.vilademuro.net\/es\/descobreixen-a-muro-quatre-estructures-fortificades-de-pedra-en-sec-dalta-rellevancia-historica\/\"]}]},{\"@type\":\"ImageObject\",\"inLanguage\":\"es\",\"@id\":\"https:\/\/www.vilademuro.net\/es\/descobreixen-a-muro-quatre-estructures-fortificades-de-pedra-en-sec-dalta-rellevancia-historica\/#primaryimage\",\"url\":\"https:\/\/www.vilademuro.net\/wp-content\/uploads\/2025\/05\/Fortificacio-Pedra-seca-Muro1.jpg\",\"contentUrl\":\"https:\/\/www.vilademuro.net\/wp-content\/uploads\/2025\/05\/Fortificacio-Pedra-seca-Muro1.jpg\",\"width\":1920,\"height\":1440},{\"@type\":\"BreadcrumbList\",\"@id\":\"https:\/\/www.vilademuro.net\/es\/descobreixen-a-muro-quatre-estructures-fortificades-de-pedra-en-sec-dalta-rellevancia-historica\/#breadcrumb\",\"itemListElement\":[{\"@type\":\"ListItem\",\"position\":1,\"name\":\"Inici\",\"item\":\"https:\/\/www.vilademuro.net\/es\/\"},{\"@type\":\"ListItem\",\"position\":2,\"name\":\"Descubren en Muro cuatro estructuras fortificadas de piedra seca de gran relevancia hist\u00f3rica\"}]},{\"@type\":\"WebSite\",\"@id\":\"https:\/\/www.vilademuro.net\/es\/#website\",\"url\":\"https:\/\/www.vilademuro.net\/es\/\",\"name\":\"Ajuntament de Muro d'Alcoi\",\"description\":\"P\u00e1gina web oficial de l&#039;Ajuntament de Muro\",\"publisher\":{\"@id\":\"https:\/\/www.vilademuro.net\/es\/#organization\"},\"potentialAction\":[{\"@type\":\"SearchAction\",\"target\":{\"@type\":\"EntryPoint\",\"urlTemplate\":\"https:\/\/www.vilademuro.net\/es\/?s={search_term_string}\"},\"query-input\":{\"@type\":\"PropertyValueSpecification\",\"valueRequired\":true,\"valueName\":\"search_term_string\"}}],\"inLanguage\":\"es\"},{\"@type\":\"Organization\",\"@id\":\"https:\/\/www.vilademuro.net\/es\/#organization\",\"name\":\"Ajuntament de Muro\",\"url\":\"https:\/\/www.vilademuro.net\/es\/\",\"logo\":{\"@type\":\"ImageObject\",\"inLanguage\":\"es\",\"@id\":\"https:\/\/www.vilademuro.net\/es\/#\/schema\/logo\/image\/\",\"url\":\"https:\/\/www.vilademuro.net\/wp-content\/uploads\/2022\/10\/LOGO3-2.jpg\",\"contentUrl\":\"https:\/\/www.vilademuro.net\/wp-content\/uploads\/2022\/10\/LOGO3-2.jpg\",\"width\":756,\"height\":517,\"caption\":\"Ajuntament de Muro\"},\"image\":{\"@id\":\"https:\/\/www.vilademuro.net\/es\/#\/schema\/logo\/image\/\"},\"sameAs\":[\"https:\/\/www.facebook.com\/murodealcoy\",\"https:\/\/x.com\/AjuntamentMuro\",\"https:\/\/www.youtube.com\/channel\/UC2rwbKfRqsd1Ncwm6Y1prQw\"]},{\"@type\":\"Person\",\"@id\":\"https:\/\/www.vilademuro.net\/es\/#\/schema\/person\/18d508a6d83aeac8b78142fe72d521b2\",\"name\":\"david perez\",\"image\":{\"@type\":\"ImageObject\",\"inLanguage\":\"es\",\"@id\":\"https:\/\/www.vilademuro.net\/es\/#\/schema\/person\/image\/\",\"url\":\"https:\/\/secure.gravatar.com\/avatar\/32e29d67ef109fa6f899286cf1743bb75688fd5ba35d80f5c1b6ac2b6bf32256?s=96&d=mm&r=g\",\"contentUrl\":\"https:\/\/secure.gravatar.com\/avatar\/32e29d67ef109fa6f899286cf1743bb75688fd5ba35d80f5c1b6ac2b6bf32256?s=96&d=mm&r=g\",\"caption\":\"david perez\"}}]}<\/script>\n<!-- \/ Yoast SEO plugin. -->","yoast_head_json":{"title":"Descubren en Muro cuatro estructuras fortificadas de piedra seca de gran relevancia hist\u00f3rica | Ajuntament de Muro","robots":{"index":"index","follow":"follow","max-snippet":"max-snippet:-1","max-image-preview":"max-image-preview:large","max-video-preview":"max-video-preview:-1"},"canonical":"https:\/\/www.vilademuro.net\/es\/descobreixen-a-muro-quatre-estructures-fortificades-de-pedra-en-sec-dalta-rellevancia-historica\/","og_locale":"es_ES","og_type":"article","og_title":"Descubren en Muro cuatro estructuras fortificadas de piedra seca de gran relevancia hist\u00f3rica | Ajuntament de Muro","og_description":"PatrimonioDescubren en Muro cuatro estructuras fortificadas de piedra seca de gran relevancia hist\u00f3rica Gracias a las \u00faltimas salidas de campo realizadas por el Centre d\u2019Estudis Contestans, se han localizado al [&hellip;]","og_url":"https:\/\/www.vilademuro.net\/es\/descobreixen-a-muro-quatre-estructures-fortificades-de-pedra-en-sec-dalta-rellevancia-historica\/","og_site_name":"Ajuntament de Muro","article_publisher":"https:\/\/www.facebook.com\/murodealcoy","article_published_time":"2025-05-06T07:00:32+00:00","article_modified_time":"2025-05-08T07:05:03+00:00","og_image":[{"width":1920,"height":1440,"url":"https:\/\/www.vilademuro.net\/wp-content\/uploads\/2025\/05\/Fortificacio-Pedra-seca-Muro1.jpg","type":"image\/jpeg"}],"author":"david perez","twitter_card":"summary_large_image","twitter_creator":"@AjuntamentMuro","twitter_site":"@AjuntamentMuro","twitter_misc":{"Escrito por":"david perez","Tiempo de lectura":"4 minutos"},"schema":{"@context":"https:\/\/schema.org","@graph":[{"@type":"Article","@id":"https:\/\/www.vilademuro.net\/es\/descobreixen-a-muro-quatre-estructures-fortificades-de-pedra-en-sec-dalta-rellevancia-historica\/#article","isPartOf":{"@id":"https:\/\/www.vilademuro.net\/es\/descobreixen-a-muro-quatre-estructures-fortificades-de-pedra-en-sec-dalta-rellevancia-historica\/"},"author":{"name":"david perez","@id":"https:\/\/www.vilademuro.net\/es\/#\/schema\/person\/18d508a6d83aeac8b78142fe72d521b2"},"headline":"Descubren en Muro cuatro estructuras fortificadas de piedra seca de gran relevancia hist\u00f3rica","datePublished":"2025-05-06T07:00:32+00:00","dateModified":"2025-05-08T07:05:03+00:00","mainEntityOfPage":{"@id":"https:\/\/www.vilademuro.net\/es\/descobreixen-a-muro-quatre-estructures-fortificades-de-pedra-en-sec-dalta-rellevancia-historica\/"},"wordCount":623,"publisher":{"@id":"https:\/\/www.vilademuro.net\/es\/#organization"},"image":{"@id":"https:\/\/www.vilademuro.net\/es\/descobreixen-a-muro-quatre-estructures-fortificades-de-pedra-en-sec-dalta-rellevancia-historica\/#primaryimage"},"thumbnailUrl":"https:\/\/www.vilademuro.net\/wp-content\/uploads\/2025\/05\/Fortificacio-Pedra-seca-Muro1.jpg","articleSection":["Destacat","Noticias"],"inLanguage":"es"},{"@type":"WebPage","@id":"https:\/\/www.vilademuro.net\/es\/descobreixen-a-muro-quatre-estructures-fortificades-de-pedra-en-sec-dalta-rellevancia-historica\/","url":"https:\/\/www.vilademuro.net\/es\/descobreixen-a-muro-quatre-estructures-fortificades-de-pedra-en-sec-dalta-rellevancia-historica\/","name":"Descubren en Muro cuatro estructuras fortificadas de piedra seca de gran relevancia hist\u00f3rica | Ajuntament de Muro","isPartOf":{"@id":"https:\/\/www.vilademuro.net\/es\/#website"},"primaryImageOfPage":{"@id":"https:\/\/www.vilademuro.net\/es\/descobreixen-a-muro-quatre-estructures-fortificades-de-pedra-en-sec-dalta-rellevancia-historica\/#primaryimage"},"image":{"@id":"https:\/\/www.vilademuro.net\/es\/descobreixen-a-muro-quatre-estructures-fortificades-de-pedra-en-sec-dalta-rellevancia-historica\/#primaryimage"},"thumbnailUrl":"https:\/\/www.vilademuro.net\/wp-content\/uploads\/2025\/05\/Fortificacio-Pedra-seca-Muro1.jpg","datePublished":"2025-05-06T07:00:32+00:00","dateModified":"2025-05-08T07:05:03+00:00","breadcrumb":{"@id":"https:\/\/www.vilademuro.net\/es\/descobreixen-a-muro-quatre-estructures-fortificades-de-pedra-en-sec-dalta-rellevancia-historica\/#breadcrumb"},"inLanguage":"es","potentialAction":[{"@type":"ReadAction","target":["https:\/\/www.vilademuro.net\/es\/descobreixen-a-muro-quatre-estructures-fortificades-de-pedra-en-sec-dalta-rellevancia-historica\/"]}]},{"@type":"ImageObject","inLanguage":"es","@id":"https:\/\/www.vilademuro.net\/es\/descobreixen-a-muro-quatre-estructures-fortificades-de-pedra-en-sec-dalta-rellevancia-historica\/#primaryimage","url":"https:\/\/www.vilademuro.net\/wp-content\/uploads\/2025\/05\/Fortificacio-Pedra-seca-Muro1.jpg","contentUrl":"https:\/\/www.vilademuro.net\/wp-content\/uploads\/2025\/05\/Fortificacio-Pedra-seca-Muro1.jpg","width":1920,"height":1440},{"@type":"BreadcrumbList","@id":"https:\/\/www.vilademuro.net\/es\/descobreixen-a-muro-quatre-estructures-fortificades-de-pedra-en-sec-dalta-rellevancia-historica\/#breadcrumb","itemListElement":[{"@type":"ListItem","position":1,"name":"Inici","item":"https:\/\/www.vilademuro.net\/es\/"},{"@type":"ListItem","position":2,"name":"Descubren en Muro cuatro estructuras fortificadas de piedra seca de gran relevancia hist\u00f3rica"}]},{"@type":"WebSite","@id":"https:\/\/www.vilademuro.net\/es\/#website","url":"https:\/\/www.vilademuro.net\/es\/","name":"Ajuntament de Muro d'Alcoi","description":"P\u00e1gina web oficial de l&#039;Ajuntament de Muro","publisher":{"@id":"https:\/\/www.vilademuro.net\/es\/#organization"},"potentialAction":[{"@type":"SearchAction","target":{"@type":"EntryPoint","urlTemplate":"https:\/\/www.vilademuro.net\/es\/?s={search_term_string}"},"query-input":{"@type":"PropertyValueSpecification","valueRequired":true,"valueName":"search_term_string"}}],"inLanguage":"es"},{"@type":"Organization","@id":"https:\/\/www.vilademuro.net\/es\/#organization","name":"Ajuntament de Muro","url":"https:\/\/www.vilademuro.net\/es\/","logo":{"@type":"ImageObject","inLanguage":"es","@id":"https:\/\/www.vilademuro.net\/es\/#\/schema\/logo\/image\/","url":"https:\/\/www.vilademuro.net\/wp-content\/uploads\/2022\/10\/LOGO3-2.jpg","contentUrl":"https:\/\/www.vilademuro.net\/wp-content\/uploads\/2022\/10\/LOGO3-2.jpg","width":756,"height":517,"caption":"Ajuntament de Muro"},"image":{"@id":"https:\/\/www.vilademuro.net\/es\/#\/schema\/logo\/image\/"},"sameAs":["https:\/\/www.facebook.com\/murodealcoy","https:\/\/x.com\/AjuntamentMuro","https:\/\/www.youtube.com\/channel\/UC2rwbKfRqsd1Ncwm6Y1prQw"]},{"@type":"Person","@id":"https:\/\/www.vilademuro.net\/es\/#\/schema\/person\/18d508a6d83aeac8b78142fe72d521b2","name":"david perez","image":{"@type":"ImageObject","inLanguage":"es","@id":"https:\/\/www.vilademuro.net\/es\/#\/schema\/person\/image\/","url":"https:\/\/secure.gravatar.com\/avatar\/32e29d67ef109fa6f899286cf1743bb75688fd5ba35d80f5c1b6ac2b6bf32256?s=96&d=mm&r=g","contentUrl":"https:\/\/secure.gravatar.com\/avatar\/32e29d67ef109fa6f899286cf1743bb75688fd5ba35d80f5c1b6ac2b6bf32256?s=96&d=mm&r=g","caption":"david perez"}}]}},"_links":{"self":[{"href":"https:\/\/www.vilademuro.net\/es\/wp-json\/wp\/v2\/posts\/56346","targetHints":{"allow":["GET"]}}],"collection":[{"href":"https:\/\/www.vilademuro.net\/es\/wp-json\/wp\/v2\/posts"}],"about":[{"href":"https:\/\/www.vilademuro.net\/es\/wp-json\/wp\/v2\/types\/post"}],"author":[{"embeddable":true,"href":"https:\/\/www.vilademuro.net\/es\/wp-json\/wp\/v2\/users\/32"}],"replies":[{"embeddable":true,"href":"https:\/\/www.vilademuro.net\/es\/wp-json\/wp\/v2\/comments?post=56346"}],"version-history":[{"count":2,"href":"https:\/\/www.vilademuro.net\/es\/wp-json\/wp\/v2\/posts\/56346\/revisions"}],"predecessor-version":[{"id":56348,"href":"https:\/\/www.vilademuro.net\/es\/wp-json\/wp\/v2\/posts\/56346\/revisions\/56348"}],"wp:featuredmedia":[{"embeddable":true,"href":"https:\/\/www.vilademuro.net\/es\/wp-json\/wp\/v2\/media\/56342"}],"wp:attachment":[{"href":"https:\/\/www.vilademuro.net\/es\/wp-json\/wp\/v2\/media?parent=56346"}],"wp:term":[{"taxonomy":"category","embeddable":true,"href":"https:\/\/www.vilademuro.net\/es\/wp-json\/wp\/v2\/categories?post=56346"},{"taxonomy":"post_tag","embeddable":true,"href":"https:\/\/www.vilademuro.net\/es\/wp-json\/wp\/v2\/tags?post=56346"}],"curies":[{"name":"wp","href":"https:\/\/api.w.org\/{rel}","templated":true}]}}