{"id":56227,"date":"2025-04-11T13:15:33","date_gmt":"2025-04-11T11:15:33","guid":{"rendered":"https:\/\/www.vilademuro.net\/la-biblioteca-de-muro-enceta-un-abril-dedicat-als-llibres-i-al-foment-lector\/"},"modified":"2025-04-11T13:21:57","modified_gmt":"2025-04-11T11:21:57","slug":"la-biblioteca-de-muro-enceta-un-abril-dedicat-als-llibres-i-al-foment-lector","status":"publish","type":"post","link":"https:\/\/www.vilademuro.net\/es\/la-biblioteca-de-muro-enceta-un-abril-dedicat-als-llibres-i-al-foment-lector\/","title":{"rendered":"La Biblioteca de Muro inicia un abril dedicado a los libros y al fomento de la lectura"},"content":{"rendered":"<p class=\"\" data-start=\"54\" data-end=\"188\"><strong data-start=\"54\" data-end=\"65\">Cultura<\/strong><br data-start=\"65\" data-end=\"68\" \/><strong data-start=\"68\" data-end=\"158\">La Biblioteca de Muro inicia un abril dedicado a los libros y al fomento de la lectura<\/strong><\/p>\n<p class=\"\" data-start=\"190\" data-end=\"3108\">La Biblioteca de Muro abre sus puertas a un mes de abril dedicado a los libros y al fomento lector. Lo hace con la fuerza de la memoria y la mirada puesta en el futuro, con la voluntad de honrar una trayectoria que la ha convertido en una de las instituciones pioneras en reivindicar la dinamizaci\u00f3n de las bibliotecas como espacios vivos, abiertos y transformadores.<\/p>\n<p class=\"\" data-start=\"190\" data-end=\"3108\">Todo empez\u00f3 con la Fiesta del Libro. Una fiesta que naci\u00f3 de forma org\u00e1nica, como quien va tirando del hilo y acaba tejiendo una red de encuentros. Encuentros como el que propici\u00f3 la alcoyana Isabel-Clara Sim\u00f3 entre Montserrat Roig y Manuel V\u00e1zquez Montalb\u00e1n, dos autores que hab\u00edan mantenido discrepancias p\u00fablicas a trav\u00e9s de columnas de opini\u00f3n y que, gracias a aquel encuentro en Muro, en 1989, se conocieron, hablaron, se reconciliaron y se hicieron amigos. Aquella semilla ha estado presente en las XXX ediciones de la Festa, desde su nacimiento en 1987 con Enric Valor y Joan Josep Pascual como primeros invitados.<\/p>\n<p class=\"\" data-start=\"190\" data-end=\"3108\"><br data-start=\"1182\" data-end=\"1185\" \/>Desde entonces, la Festa del Llibre ha ido cambiando, creciendo, adapt\u00e1ndose. Pero siempre con un eje claro: el libro, la palabra escrita como vertebradora de un imaginario compartido. Lo que ahora llamamos transmedia ya se hac\u00eda en Muro mucho antes de que existiera el t\u00e9rmino. La tinta y el papel se han convertido en m\u00fasica, en teatro, en exposiciones, en cuadros\u2026 y ahora tambi\u00e9n en estrategia digital. Durante todo este mes de abril, la Biblioteca de Muro invita a participar a trav\u00e9s de sus redes sociales: habr\u00e1 concursos, piezas audiovisuales y puesta en valor de la memoria de estos a\u00f1os. \u201cDesde el Ayuntamiento queremos reconocer el trabajo incansable de las t\u00e9cnicas de la biblioteca, que han sido el m\u00fasculo, el coraz\u00f3n y el alma de una fiesta que ha trascendido Muro para convertirnos en epicentro cultural de todo el \u00e1mbito ling\u00fc\u00edstico\u201d, ha manifestado el concejal de Cultura, Fernando Pic\u00f3.<\/p>\n<p class=\"\" data-start=\"190\" data-end=\"3108\"><br data-start=\"2090\" data-end=\"2093\" \/>Si en 1987 la magia consist\u00eda en poner cara y voz a quien hab\u00eda escrito palabras dulces, amargas, feroces o tiernas, ahora la magia consiste en romper la imagen que nos hemos hecho, vencer al algoritmo y despojar de artificio al marketing literario para reencontrarse con autoras y autores que nos han acompa\u00f1ado en el camino. Y, al mismo tiempo, descubrir a otros nuevos. Aquellos que a\u00fan no han sido escogidos por las grandes editoriales o que tienen discursos nuevos, diferentes, que quieren crecer al calor de esta fiesta.<\/p>\n<p class=\"\" data-start=\"190\" data-end=\"3108\"><br data-start=\"2619\" data-end=\"2622\" \/>En Muro, leer no es solo un acto \u00edntimo, sino tambi\u00e9n colectivo. La Festa del Llibre es una celebraci\u00f3n compartida que comienza a calentar motores en abril con actividades de animaci\u00f3n lectora y su presentaci\u00f3n oficial. No obstante, la fiesta se celebra del 30 de mayo al 8 de junio y deja una huella que perdura a\u00f1o tras a\u00f1o. La presentaci\u00f3n oficial tendr\u00e1 lugar el lunes 22 de abril, a las 10:30 h, en el Sal\u00f3n de Plenos del Ayuntamiento, donde se dar\u00e1 a conocer toda la programaci\u00f3n.<\/p>\n<p>&nbsp;<\/p>\n<div id=\"attachment_56224\" style=\"width: 1034px\" class=\"wp-caption aligncenter\"><img loading=\"lazy\" decoding=\"async\" aria-describedby=\"caption-attachment-56224\" class=\"wp-image-56224 size-large\" src=\"https:\/\/www.vilademuro.net\/wp-content\/uploads\/2025\/04\/Raquel-Ricart-1024x768.jpg\" alt=\"\" width=\"1024\" height=\"768\" srcset=\"https:\/\/www.vilademuro.net\/wp-content\/uploads\/2025\/04\/Raquel-Ricart-1024x768.jpg 1024w, https:\/\/www.vilademuro.net\/wp-content\/uploads\/2025\/04\/Raquel-Ricart-980x735.jpg 980w, https:\/\/www.vilademuro.net\/wp-content\/uploads\/2025\/04\/Raquel-Ricart-480x360.jpg 480w\" sizes=\"(min-width: 0px) and (max-width: 480px) 480px, (min-width: 481px) and (max-width: 980px) 980px, (min-width: 981px) 1024px, 100vw\" \/><p id=\"caption-attachment-56224\" class=\"wp-caption-text\">Raquel Ricart durant la XXIX Festa del Llibre<\/p><\/div>\n","protected":false},"excerpt":{"rendered":"<p>CulturaLa Biblioteca de Muro inicia un abril dedicado a los libros y al fomento de la lectura La Biblioteca de Muro abre sus puertas a un mes de abril dedicado [&hellip;]<\/p>\n","protected":false},"author":32,"featured_media":56223,"comment_status":"closed","ping_status":"closed","sticky":false,"template":"","format":"standard","meta":{"_et_pb_use_builder":"","_et_pb_old_content":"","_et_gb_content_width":"","footnotes":""},"categories":[70,51,49],"tags":[],"class_list":["post-56227","post","type-post","status-publish","format-standard","has-post-thumbnail","hentry","category-biblioteca-es","category-destacat-es","category-noticias"],"yoast_head":"<!-- This site is optimized with the Yoast SEO plugin v27.1.1 - https:\/\/yoast.com\/product\/yoast-seo-wordpress\/ -->\n<title>La Biblioteca de Muro inicia un abril dedicado a los libros y al fomento de la lectura | Ajuntament de Muro<\/title>\n<meta name=\"robots\" content=\"index, follow, max-snippet:-1, max-image-preview:large, max-video-preview:-1\" \/>\n<link rel=\"canonical\" href=\"https:\/\/www.vilademuro.net\/es\/la-biblioteca-de-muro-enceta-un-abril-dedicat-als-llibres-i-al-foment-lector\/\" \/>\n<meta property=\"og:locale\" content=\"es_ES\" \/>\n<meta property=\"og:type\" content=\"article\" \/>\n<meta property=\"og:title\" content=\"La Biblioteca de Muro inicia un abril dedicado a los libros y al fomento de la lectura | Ajuntament de Muro\" \/>\n<meta property=\"og:description\" content=\"CulturaLa Biblioteca de Muro inicia un abril dedicado a los libros y al fomento de la lectura La Biblioteca de Muro abre sus puertas a un mes de abril dedicado [&hellip;]\" \/>\n<meta property=\"og:url\" content=\"https:\/\/www.vilademuro.net\/es\/la-biblioteca-de-muro-enceta-un-abril-dedicat-als-llibres-i-al-foment-lector\/\" \/>\n<meta property=\"og:site_name\" content=\"Ajuntament de Muro\" \/>\n<meta property=\"article:publisher\" content=\"https:\/\/www.facebook.com\/murodealcoy\" \/>\n<meta property=\"article:published_time\" content=\"2025-04-11T11:15:33+00:00\" \/>\n<meta property=\"article:modified_time\" content=\"2025-04-11T11:21:57+00:00\" \/>\n<meta property=\"og:image\" content=\"https:\/\/www.vilademuro.net\/wp-content\/uploads\/2025\/04\/Biblioteca-de-Muro.jpg\" \/>\n\t<meta property=\"og:image:width\" content=\"1400\" \/>\n\t<meta property=\"og:image:height\" content=\"1050\" \/>\n\t<meta property=\"og:image:type\" content=\"image\/jpeg\" \/>\n<meta name=\"author\" content=\"david perez\" \/>\n<meta name=\"twitter:card\" content=\"summary_large_image\" \/>\n<meta name=\"twitter:creator\" content=\"@AjuntamentMuro\" \/>\n<meta name=\"twitter:site\" content=\"@AjuntamentMuro\" \/>\n<meta name=\"twitter:label1\" content=\"Escrito por\" \/>\n\t<meta name=\"twitter:data1\" content=\"david perez\" \/>\n\t<meta name=\"twitter:label2\" content=\"Tiempo de lectura\" \/>\n\t<meta name=\"twitter:data2\" content=\"4 minutos\" \/>\n<script type=\"application\/ld+json\" class=\"yoast-schema-graph\">{\"@context\":\"https:\/\/schema.org\",\"@graph\":[{\"@type\":\"Article\",\"@id\":\"https:\/\/www.vilademuro.net\/es\/la-biblioteca-de-muro-enceta-un-abril-dedicat-als-llibres-i-al-foment-lector\/#article\",\"isPartOf\":{\"@id\":\"https:\/\/www.vilademuro.net\/es\/la-biblioteca-de-muro-enceta-un-abril-dedicat-als-llibres-i-al-foment-lector\/\"},\"author\":{\"name\":\"david perez\",\"@id\":\"https:\/\/www.vilademuro.net\/es\/#\/schema\/person\/18d508a6d83aeac8b78142fe72d521b2\"},\"headline\":\"La Biblioteca de Muro inicia un abril dedicado a los libros y al fomento de la lectura\",\"datePublished\":\"2025-04-11T11:15:33+00:00\",\"dateModified\":\"2025-04-11T11:21:57+00:00\",\"mainEntityOfPage\":{\"@id\":\"https:\/\/www.vilademuro.net\/es\/la-biblioteca-de-muro-enceta-un-abril-dedicat-als-llibres-i-al-foment-lector\/\"},\"wordCount\":569,\"publisher\":{\"@id\":\"https:\/\/www.vilademuro.net\/es\/#organization\"},\"image\":{\"@id\":\"https:\/\/www.vilademuro.net\/es\/la-biblioteca-de-muro-enceta-un-abril-dedicat-als-llibres-i-al-foment-lector\/#primaryimage\"},\"thumbnailUrl\":\"https:\/\/www.vilademuro.net\/wp-content\/uploads\/2025\/04\/Biblioteca-de-Muro.jpg\",\"articleSection\":[\"Biblioteca\",\"Destacat\",\"Noticias\"],\"inLanguage\":\"es\"},{\"@type\":\"WebPage\",\"@id\":\"https:\/\/www.vilademuro.net\/es\/la-biblioteca-de-muro-enceta-un-abril-dedicat-als-llibres-i-al-foment-lector\/\",\"url\":\"https:\/\/www.vilademuro.net\/es\/la-biblioteca-de-muro-enceta-un-abril-dedicat-als-llibres-i-al-foment-lector\/\",\"name\":\"La Biblioteca de Muro inicia un abril dedicado a los libros y al fomento de la lectura | Ajuntament de Muro\",\"isPartOf\":{\"@id\":\"https:\/\/www.vilademuro.net\/es\/#website\"},\"primaryImageOfPage\":{\"@id\":\"https:\/\/www.vilademuro.net\/es\/la-biblioteca-de-muro-enceta-un-abril-dedicat-als-llibres-i-al-foment-lector\/#primaryimage\"},\"image\":{\"@id\":\"https:\/\/www.vilademuro.net\/es\/la-biblioteca-de-muro-enceta-un-abril-dedicat-als-llibres-i-al-foment-lector\/#primaryimage\"},\"thumbnailUrl\":\"https:\/\/www.vilademuro.net\/wp-content\/uploads\/2025\/04\/Biblioteca-de-Muro.jpg\",\"datePublished\":\"2025-04-11T11:15:33+00:00\",\"dateModified\":\"2025-04-11T11:21:57+00:00\",\"breadcrumb\":{\"@id\":\"https:\/\/www.vilademuro.net\/es\/la-biblioteca-de-muro-enceta-un-abril-dedicat-als-llibres-i-al-foment-lector\/#breadcrumb\"},\"inLanguage\":\"es\",\"potentialAction\":[{\"@type\":\"ReadAction\",\"target\":[\"https:\/\/www.vilademuro.net\/es\/la-biblioteca-de-muro-enceta-un-abril-dedicat-als-llibres-i-al-foment-lector\/\"]}]},{\"@type\":\"ImageObject\",\"inLanguage\":\"es\",\"@id\":\"https:\/\/www.vilademuro.net\/es\/la-biblioteca-de-muro-enceta-un-abril-dedicat-als-llibres-i-al-foment-lector\/#primaryimage\",\"url\":\"https:\/\/www.vilademuro.net\/wp-content\/uploads\/2025\/04\/Biblioteca-de-Muro.jpg\",\"contentUrl\":\"https:\/\/www.vilademuro.net\/wp-content\/uploads\/2025\/04\/Biblioteca-de-Muro.jpg\",\"width\":1400,\"height\":1050},{\"@type\":\"BreadcrumbList\",\"@id\":\"https:\/\/www.vilademuro.net\/es\/la-biblioteca-de-muro-enceta-un-abril-dedicat-als-llibres-i-al-foment-lector\/#breadcrumb\",\"itemListElement\":[{\"@type\":\"ListItem\",\"position\":1,\"name\":\"Inici\",\"item\":\"https:\/\/www.vilademuro.net\/es\/\"},{\"@type\":\"ListItem\",\"position\":2,\"name\":\"La Biblioteca de Muro inicia un abril dedicado a los libros y al fomento de la lectura\"}]},{\"@type\":\"WebSite\",\"@id\":\"https:\/\/www.vilademuro.net\/es\/#website\",\"url\":\"https:\/\/www.vilademuro.net\/es\/\",\"name\":\"Ajuntament de Muro d'Alcoi\",\"description\":\"P\u00e1gina web oficial de l&#039;Ajuntament de Muro\",\"publisher\":{\"@id\":\"https:\/\/www.vilademuro.net\/es\/#organization\"},\"potentialAction\":[{\"@type\":\"SearchAction\",\"target\":{\"@type\":\"EntryPoint\",\"urlTemplate\":\"https:\/\/www.vilademuro.net\/es\/?s={search_term_string}\"},\"query-input\":{\"@type\":\"PropertyValueSpecification\",\"valueRequired\":true,\"valueName\":\"search_term_string\"}}],\"inLanguage\":\"es\"},{\"@type\":\"Organization\",\"@id\":\"https:\/\/www.vilademuro.net\/es\/#organization\",\"name\":\"Ajuntament de Muro\",\"url\":\"https:\/\/www.vilademuro.net\/es\/\",\"logo\":{\"@type\":\"ImageObject\",\"inLanguage\":\"es\",\"@id\":\"https:\/\/www.vilademuro.net\/es\/#\/schema\/logo\/image\/\",\"url\":\"https:\/\/www.vilademuro.net\/wp-content\/uploads\/2022\/10\/LOGO3-2.jpg\",\"contentUrl\":\"https:\/\/www.vilademuro.net\/wp-content\/uploads\/2022\/10\/LOGO3-2.jpg\",\"width\":756,\"height\":517,\"caption\":\"Ajuntament de Muro\"},\"image\":{\"@id\":\"https:\/\/www.vilademuro.net\/es\/#\/schema\/logo\/image\/\"},\"sameAs\":[\"https:\/\/www.facebook.com\/murodealcoy\",\"https:\/\/x.com\/AjuntamentMuro\",\"https:\/\/www.youtube.com\/channel\/UC2rwbKfRqsd1Ncwm6Y1prQw\"]},{\"@type\":\"Person\",\"@id\":\"https:\/\/www.vilademuro.net\/es\/#\/schema\/person\/18d508a6d83aeac8b78142fe72d521b2\",\"name\":\"david perez\",\"image\":{\"@type\":\"ImageObject\",\"inLanguage\":\"es\",\"@id\":\"https:\/\/www.vilademuro.net\/es\/#\/schema\/person\/image\/\",\"url\":\"https:\/\/secure.gravatar.com\/avatar\/32e29d67ef109fa6f899286cf1743bb75688fd5ba35d80f5c1b6ac2b6bf32256?s=96&d=mm&r=g\",\"contentUrl\":\"https:\/\/secure.gravatar.com\/avatar\/32e29d67ef109fa6f899286cf1743bb75688fd5ba35d80f5c1b6ac2b6bf32256?s=96&d=mm&r=g\",\"caption\":\"david perez\"}}]}<\/script>\n<!-- \/ Yoast SEO plugin. -->","yoast_head_json":{"title":"La Biblioteca de Muro inicia un abril dedicado a los libros y al fomento de la lectura | Ajuntament de Muro","robots":{"index":"index","follow":"follow","max-snippet":"max-snippet:-1","max-image-preview":"max-image-preview:large","max-video-preview":"max-video-preview:-1"},"canonical":"https:\/\/www.vilademuro.net\/es\/la-biblioteca-de-muro-enceta-un-abril-dedicat-als-llibres-i-al-foment-lector\/","og_locale":"es_ES","og_type":"article","og_title":"La Biblioteca de Muro inicia un abril dedicado a los libros y al fomento de la lectura | Ajuntament de Muro","og_description":"CulturaLa Biblioteca de Muro inicia un abril dedicado a los libros y al fomento de la lectura La Biblioteca de Muro abre sus puertas a un mes de abril dedicado [&hellip;]","og_url":"https:\/\/www.vilademuro.net\/es\/la-biblioteca-de-muro-enceta-un-abril-dedicat-als-llibres-i-al-foment-lector\/","og_site_name":"Ajuntament de Muro","article_publisher":"https:\/\/www.facebook.com\/murodealcoy","article_published_time":"2025-04-11T11:15:33+00:00","article_modified_time":"2025-04-11T11:21:57+00:00","og_image":[{"width":1400,"height":1050,"url":"https:\/\/www.vilademuro.net\/wp-content\/uploads\/2025\/04\/Biblioteca-de-Muro.jpg","type":"image\/jpeg"}],"author":"david perez","twitter_card":"summary_large_image","twitter_creator":"@AjuntamentMuro","twitter_site":"@AjuntamentMuro","twitter_misc":{"Escrito por":"david perez","Tiempo de lectura":"4 minutos"},"schema":{"@context":"https:\/\/schema.org","@graph":[{"@type":"Article","@id":"https:\/\/www.vilademuro.net\/es\/la-biblioteca-de-muro-enceta-un-abril-dedicat-als-llibres-i-al-foment-lector\/#article","isPartOf":{"@id":"https:\/\/www.vilademuro.net\/es\/la-biblioteca-de-muro-enceta-un-abril-dedicat-als-llibres-i-al-foment-lector\/"},"author":{"name":"david perez","@id":"https:\/\/www.vilademuro.net\/es\/#\/schema\/person\/18d508a6d83aeac8b78142fe72d521b2"},"headline":"La Biblioteca de Muro inicia un abril dedicado a los libros y al fomento de la lectura","datePublished":"2025-04-11T11:15:33+00:00","dateModified":"2025-04-11T11:21:57+00:00","mainEntityOfPage":{"@id":"https:\/\/www.vilademuro.net\/es\/la-biblioteca-de-muro-enceta-un-abril-dedicat-als-llibres-i-al-foment-lector\/"},"wordCount":569,"publisher":{"@id":"https:\/\/www.vilademuro.net\/es\/#organization"},"image":{"@id":"https:\/\/www.vilademuro.net\/es\/la-biblioteca-de-muro-enceta-un-abril-dedicat-als-llibres-i-al-foment-lector\/#primaryimage"},"thumbnailUrl":"https:\/\/www.vilademuro.net\/wp-content\/uploads\/2025\/04\/Biblioteca-de-Muro.jpg","articleSection":["Biblioteca","Destacat","Noticias"],"inLanguage":"es"},{"@type":"WebPage","@id":"https:\/\/www.vilademuro.net\/es\/la-biblioteca-de-muro-enceta-un-abril-dedicat-als-llibres-i-al-foment-lector\/","url":"https:\/\/www.vilademuro.net\/es\/la-biblioteca-de-muro-enceta-un-abril-dedicat-als-llibres-i-al-foment-lector\/","name":"La Biblioteca de Muro inicia un abril dedicado a los libros y al fomento de la lectura | Ajuntament de Muro","isPartOf":{"@id":"https:\/\/www.vilademuro.net\/es\/#website"},"primaryImageOfPage":{"@id":"https:\/\/www.vilademuro.net\/es\/la-biblioteca-de-muro-enceta-un-abril-dedicat-als-llibres-i-al-foment-lector\/#primaryimage"},"image":{"@id":"https:\/\/www.vilademuro.net\/es\/la-biblioteca-de-muro-enceta-un-abril-dedicat-als-llibres-i-al-foment-lector\/#primaryimage"},"thumbnailUrl":"https:\/\/www.vilademuro.net\/wp-content\/uploads\/2025\/04\/Biblioteca-de-Muro.jpg","datePublished":"2025-04-11T11:15:33+00:00","dateModified":"2025-04-11T11:21:57+00:00","breadcrumb":{"@id":"https:\/\/www.vilademuro.net\/es\/la-biblioteca-de-muro-enceta-un-abril-dedicat-als-llibres-i-al-foment-lector\/#breadcrumb"},"inLanguage":"es","potentialAction":[{"@type":"ReadAction","target":["https:\/\/www.vilademuro.net\/es\/la-biblioteca-de-muro-enceta-un-abril-dedicat-als-llibres-i-al-foment-lector\/"]}]},{"@type":"ImageObject","inLanguage":"es","@id":"https:\/\/www.vilademuro.net\/es\/la-biblioteca-de-muro-enceta-un-abril-dedicat-als-llibres-i-al-foment-lector\/#primaryimage","url":"https:\/\/www.vilademuro.net\/wp-content\/uploads\/2025\/04\/Biblioteca-de-Muro.jpg","contentUrl":"https:\/\/www.vilademuro.net\/wp-content\/uploads\/2025\/04\/Biblioteca-de-Muro.jpg","width":1400,"height":1050},{"@type":"BreadcrumbList","@id":"https:\/\/www.vilademuro.net\/es\/la-biblioteca-de-muro-enceta-un-abril-dedicat-als-llibres-i-al-foment-lector\/#breadcrumb","itemListElement":[{"@type":"ListItem","position":1,"name":"Inici","item":"https:\/\/www.vilademuro.net\/es\/"},{"@type":"ListItem","position":2,"name":"La Biblioteca de Muro inicia un abril dedicado a los libros y al fomento de la lectura"}]},{"@type":"WebSite","@id":"https:\/\/www.vilademuro.net\/es\/#website","url":"https:\/\/www.vilademuro.net\/es\/","name":"Ajuntament de Muro d'Alcoi","description":"P\u00e1gina web oficial de l&#039;Ajuntament de Muro","publisher":{"@id":"https:\/\/www.vilademuro.net\/es\/#organization"},"potentialAction":[{"@type":"SearchAction","target":{"@type":"EntryPoint","urlTemplate":"https:\/\/www.vilademuro.net\/es\/?s={search_term_string}"},"query-input":{"@type":"PropertyValueSpecification","valueRequired":true,"valueName":"search_term_string"}}],"inLanguage":"es"},{"@type":"Organization","@id":"https:\/\/www.vilademuro.net\/es\/#organization","name":"Ajuntament de Muro","url":"https:\/\/www.vilademuro.net\/es\/","logo":{"@type":"ImageObject","inLanguage":"es","@id":"https:\/\/www.vilademuro.net\/es\/#\/schema\/logo\/image\/","url":"https:\/\/www.vilademuro.net\/wp-content\/uploads\/2022\/10\/LOGO3-2.jpg","contentUrl":"https:\/\/www.vilademuro.net\/wp-content\/uploads\/2022\/10\/LOGO3-2.jpg","width":756,"height":517,"caption":"Ajuntament de Muro"},"image":{"@id":"https:\/\/www.vilademuro.net\/es\/#\/schema\/logo\/image\/"},"sameAs":["https:\/\/www.facebook.com\/murodealcoy","https:\/\/x.com\/AjuntamentMuro","https:\/\/www.youtube.com\/channel\/UC2rwbKfRqsd1Ncwm6Y1prQw"]},{"@type":"Person","@id":"https:\/\/www.vilademuro.net\/es\/#\/schema\/person\/18d508a6d83aeac8b78142fe72d521b2","name":"david perez","image":{"@type":"ImageObject","inLanguage":"es","@id":"https:\/\/www.vilademuro.net\/es\/#\/schema\/person\/image\/","url":"https:\/\/secure.gravatar.com\/avatar\/32e29d67ef109fa6f899286cf1743bb75688fd5ba35d80f5c1b6ac2b6bf32256?s=96&d=mm&r=g","contentUrl":"https:\/\/secure.gravatar.com\/avatar\/32e29d67ef109fa6f899286cf1743bb75688fd5ba35d80f5c1b6ac2b6bf32256?s=96&d=mm&r=g","caption":"david perez"}}]}},"_links":{"self":[{"href":"https:\/\/www.vilademuro.net\/es\/wp-json\/wp\/v2\/posts\/56227","targetHints":{"allow":["GET"]}}],"collection":[{"href":"https:\/\/www.vilademuro.net\/es\/wp-json\/wp\/v2\/posts"}],"about":[{"href":"https:\/\/www.vilademuro.net\/es\/wp-json\/wp\/v2\/types\/post"}],"author":[{"embeddable":true,"href":"https:\/\/www.vilademuro.net\/es\/wp-json\/wp\/v2\/users\/32"}],"replies":[{"embeddable":true,"href":"https:\/\/www.vilademuro.net\/es\/wp-json\/wp\/v2\/comments?post=56227"}],"version-history":[{"count":3,"href":"https:\/\/www.vilademuro.net\/es\/wp-json\/wp\/v2\/posts\/56227\/revisions"}],"predecessor-version":[{"id":56230,"href":"https:\/\/www.vilademuro.net\/es\/wp-json\/wp\/v2\/posts\/56227\/revisions\/56230"}],"wp:featuredmedia":[{"embeddable":true,"href":"https:\/\/www.vilademuro.net\/es\/wp-json\/wp\/v2\/media\/56223"}],"wp:attachment":[{"href":"https:\/\/www.vilademuro.net\/es\/wp-json\/wp\/v2\/media?parent=56227"}],"wp:term":[{"taxonomy":"category","embeddable":true,"href":"https:\/\/www.vilademuro.net\/es\/wp-json\/wp\/v2\/categories?post=56227"},{"taxonomy":"post_tag","embeddable":true,"href":"https:\/\/www.vilademuro.net\/es\/wp-json\/wp\/v2\/tags?post=56227"}],"curies":[{"name":"wp","href":"https:\/\/api.w.org\/{rel}","templated":true}]}}