{"id":55735,"date":"2024-09-11T16:05:01","date_gmt":"2024-09-11T14:05:01","guid":{"rendered":"https:\/\/www.vilademuro.net\/?p=55735"},"modified":"2025-02-24T16:06:37","modified_gmt":"2025-02-24T15:06:37","slug":"cronica-pleno-sesion-extraordinaria-celebrada-el-11-de-septiembre-de-2024","status":"publish","type":"post","link":"https:\/\/www.vilademuro.net\/es\/cronica-pleno-sesion-extraordinaria-celebrada-el-11-de-septiembre-de-2024\/","title":{"rendered":"Cr\u00f3nica pleno sesi\u00f3n extraordinaria celebrada el 11 de septiembre de 2024"},"content":{"rendered":"<p>Pleno Municipal<\/p>\n<p><img loading=\"lazy\" decoding=\"async\" class=\"alignnone size-medium wp-image-34031\" src=\"https:\/\/www.vilademuro.net\/wp-content\/uploads\/2020\/01\/Ajuntament-300x225.jpg\" alt=\"Ajuntament\" width=\"300\" height=\"225\" \/><\/p>\n<p style=\"font-weight: 400;\">El Ayuntamiento de Muro ha celebrado la sesi\u00f3n plenaria extraordinaria en la que se han aprobado diversos puntos de inter\u00e9s para el municipio.<\/p>\n<p style=\"font-weight: 400;\">En primer lugar, se ha aprobado el r\u00e9gimen de dedicaci\u00f3n parcial del nuevo concejal el Sr. Fernando Pic\u00f3 Gonz\u00e1lbez, concejal de Cultura, Educaci\u00f3n, Tradiciones, Biblioteca y Pol\u00edtica Ling\u00fc\u00edstica. La dedicaci\u00f3n ser\u00e1 del 50%, con una retribuci\u00f3n de 22.680,00 euros brutos anuales.<\/p>\n<p style=\"font-weight: 400;\">Asimismo, se ha convalidado la omisi\u00f3n de la funci\u00f3n interventora en relaci\u00f3n con los gastos derivados del suministro de energ\u00eda y del servicio de mantenimiento del alumbrado p\u00fablico y los sem\u00e1foros. Se aprobaron gastos por un total de 137.253,12 euros.<\/p>\n<p style=\"font-weight: 400;\">Finalmente, se ha aprobado la declaraci\u00f3n de especial inter\u00e9s o utilidad municipal por concurrir circunstancias hist\u00f3rico-art\u00edsticas de una vivienda en la pedan\u00eda de Ben\u00e0mer.<\/p>\n<p style=\"font-weight: 400;\">El pleno se ha desarrollado con la asistencia de los miembros de la corporaci\u00f3n municipal, a excepci\u00f3n de Noelia \u00dabeda Camarasa (PP), que excus\u00f3 su asistencia por motivos personales.<\/p>\n<p style=\"font-weight: 400;\"><em>Puedes consultar informaci\u00f3n sobre los \u00f3rdenes del d\u00eda, las actas de las sesiones plenarias u otra informaci\u00f3n de inter\u00e9s sobre el pleno en el <a href=\"https:\/\/vilademuro.sedelectronica.es\/transparency\/a1937048-d64d-4179-b5ac-71fe968d822b\/\">Portal de Transparencia. <\/a><\/em><\/p>\n","protected":false},"excerpt":{"rendered":"<p>Pleno Municipal El Ayuntamiento de Muro ha celebrado la sesi\u00f3n plenaria extraordinaria en la que se han aprobado diversos puntos de inter\u00e9s para el municipio. En primer lugar, se ha [&hellip;]<\/p>\n","protected":false},"author":31,"featured_media":0,"comment_status":"closed","ping_status":"closed","sticky":false,"template":"","format":"standard","meta":{"_et_pb_use_builder":"","_et_pb_old_content":"","_et_gb_content_width":"","footnotes":""},"categories":[49],"tags":[],"class_list":["post-55735","post","type-post","status-publish","format-standard","hentry","category-noticias"],"yoast_head":"<!-- This site is optimized with the Yoast SEO plugin v27.1.1 - https:\/\/yoast.com\/product\/yoast-seo-wordpress\/ -->\n<title>Cr\u00f3nica pleno sesi\u00f3n extraordinaria celebrada el 11 de septiembre de 2024 | Ajuntament de Muro<\/title>\n<meta name=\"robots\" content=\"index, follow, max-snippet:-1, max-image-preview:large, max-video-preview:-1\" \/>\n<link rel=\"canonical\" href=\"https:\/\/www.vilademuro.net\/es\/cronica-pleno-sesion-extraordinaria-celebrada-el-11-de-septiembre-de-2024\/\" \/>\n<meta property=\"og:locale\" content=\"es_ES\" \/>\n<meta property=\"og:type\" content=\"article\" \/>\n<meta property=\"og:title\" content=\"Cr\u00f3nica pleno sesi\u00f3n extraordinaria celebrada el 11 de septiembre de 2024 | Ajuntament de Muro\" \/>\n<meta property=\"og:description\" content=\"Pleno Municipal El Ayuntamiento de Muro ha celebrado la sesi\u00f3n plenaria extraordinaria en la que se han aprobado diversos puntos de inter\u00e9s para el municipio. En primer lugar, se ha [&hellip;]\" \/>\n<meta property=\"og:url\" content=\"https:\/\/www.vilademuro.net\/es\/cronica-pleno-sesion-extraordinaria-celebrada-el-11-de-septiembre-de-2024\/\" \/>\n<meta property=\"og:site_name\" content=\"Ajuntament de Muro\" \/>\n<meta property=\"article:publisher\" content=\"https:\/\/www.facebook.com\/murodealcoy\" \/>\n<meta property=\"article:published_time\" content=\"2024-09-11T14:05:01+00:00\" \/>\n<meta property=\"article:modified_time\" content=\"2025-02-24T15:06:37+00:00\" \/>\n<meta property=\"og:image\" content=\"https:\/\/www.vilademuro.net\/wp-content\/uploads\/2020\/01\/Ajuntament.jpg\" \/>\n\t<meta property=\"og:image:width\" content=\"1600\" \/>\n\t<meta property=\"og:image:height\" content=\"1200\" \/>\n\t<meta property=\"og:image:type\" content=\"image\/jpeg\" \/>\n<meta name=\"author\" content=\"alejandro_martorell\" \/>\n<meta name=\"twitter:card\" content=\"summary_large_image\" \/>\n<meta name=\"twitter:creator\" content=\"@AjuntamentMuro\" \/>\n<meta name=\"twitter:site\" content=\"@AjuntamentMuro\" \/>\n<meta name=\"twitter:label1\" content=\"Escrito por\" \/>\n\t<meta name=\"twitter:data1\" content=\"alejandro_martorell\" \/>\n\t<meta name=\"twitter:label2\" content=\"Tiempo de lectura\" \/>\n\t<meta name=\"twitter:data2\" content=\"2 minutos\" \/>\n<script type=\"application\/ld+json\" class=\"yoast-schema-graph\">{\"@context\":\"https:\/\/schema.org\",\"@graph\":[{\"@type\":\"Article\",\"@id\":\"https:\/\/www.vilademuro.net\/es\/cronica-pleno-sesion-extraordinaria-celebrada-el-11-de-septiembre-de-2024\/#article\",\"isPartOf\":{\"@id\":\"https:\/\/www.vilademuro.net\/es\/cronica-pleno-sesion-extraordinaria-celebrada-el-11-de-septiembre-de-2024\/\"},\"author\":{\"name\":\"alejandro_martorell\",\"@id\":\"https:\/\/www.vilademuro.net\/es\/#\/schema\/person\/1f48fb114e2d2146557e24aaac8480d3\"},\"headline\":\"Cr\u00f3nica pleno sesi\u00f3n extraordinaria celebrada el 11 de septiembre de 2024\",\"datePublished\":\"2024-09-11T14:05:01+00:00\",\"dateModified\":\"2025-02-24T15:06:37+00:00\",\"mainEntityOfPage\":{\"@id\":\"https:\/\/www.vilademuro.net\/es\/cronica-pleno-sesion-extraordinaria-celebrada-el-11-de-septiembre-de-2024\/\"},\"wordCount\":222,\"publisher\":{\"@id\":\"https:\/\/www.vilademuro.net\/es\/#organization\"},\"image\":{\"@id\":\"https:\/\/www.vilademuro.net\/es\/cronica-pleno-sesion-extraordinaria-celebrada-el-11-de-septiembre-de-2024\/#primaryimage\"},\"thumbnailUrl\":\"https:\/\/www.vilademuro.net\/wp-content\/uploads\/2020\/01\/Ajuntament-300x225.jpg\",\"articleSection\":[\"Noticias\"],\"inLanguage\":\"es\"},{\"@type\":\"WebPage\",\"@id\":\"https:\/\/www.vilademuro.net\/es\/cronica-pleno-sesion-extraordinaria-celebrada-el-11-de-septiembre-de-2024\/\",\"url\":\"https:\/\/www.vilademuro.net\/es\/cronica-pleno-sesion-extraordinaria-celebrada-el-11-de-septiembre-de-2024\/\",\"name\":\"Cr\u00f3nica pleno sesi\u00f3n extraordinaria celebrada el 11 de septiembre de 2024 | Ajuntament de Muro\",\"isPartOf\":{\"@id\":\"https:\/\/www.vilademuro.net\/es\/#website\"},\"primaryImageOfPage\":{\"@id\":\"https:\/\/www.vilademuro.net\/es\/cronica-pleno-sesion-extraordinaria-celebrada-el-11-de-septiembre-de-2024\/#primaryimage\"},\"image\":{\"@id\":\"https:\/\/www.vilademuro.net\/es\/cronica-pleno-sesion-extraordinaria-celebrada-el-11-de-septiembre-de-2024\/#primaryimage\"},\"thumbnailUrl\":\"https:\/\/www.vilademuro.net\/wp-content\/uploads\/2020\/01\/Ajuntament-300x225.jpg\",\"datePublished\":\"2024-09-11T14:05:01+00:00\",\"dateModified\":\"2025-02-24T15:06:37+00:00\",\"breadcrumb\":{\"@id\":\"https:\/\/www.vilademuro.net\/es\/cronica-pleno-sesion-extraordinaria-celebrada-el-11-de-septiembre-de-2024\/#breadcrumb\"},\"inLanguage\":\"es\",\"potentialAction\":[{\"@type\":\"ReadAction\",\"target\":[\"https:\/\/www.vilademuro.net\/es\/cronica-pleno-sesion-extraordinaria-celebrada-el-11-de-septiembre-de-2024\/\"]}]},{\"@type\":\"ImageObject\",\"inLanguage\":\"es\",\"@id\":\"https:\/\/www.vilademuro.net\/es\/cronica-pleno-sesion-extraordinaria-celebrada-el-11-de-septiembre-de-2024\/#primaryimage\",\"url\":\"https:\/\/www.vilademuro.net\/wp-content\/uploads\/2020\/01\/Ajuntament-300x225.jpg\",\"contentUrl\":\"https:\/\/www.vilademuro.net\/wp-content\/uploads\/2020\/01\/Ajuntament-300x225.jpg\"},{\"@type\":\"BreadcrumbList\",\"@id\":\"https:\/\/www.vilademuro.net\/es\/cronica-pleno-sesion-extraordinaria-celebrada-el-11-de-septiembre-de-2024\/#breadcrumb\",\"itemListElement\":[{\"@type\":\"ListItem\",\"position\":1,\"name\":\"Inici\",\"item\":\"https:\/\/www.vilademuro.net\/es\/\"},{\"@type\":\"ListItem\",\"position\":2,\"name\":\"Cr\u00f3nica pleno sesi\u00f3n extraordinaria celebrada el 11 de septiembre de 2024\"}]},{\"@type\":\"WebSite\",\"@id\":\"https:\/\/www.vilademuro.net\/es\/#website\",\"url\":\"https:\/\/www.vilademuro.net\/es\/\",\"name\":\"Ajuntament de Muro d'Alcoi\",\"description\":\"P\u00e1gina web oficial de l&#039;Ajuntament de Muro\",\"publisher\":{\"@id\":\"https:\/\/www.vilademuro.net\/es\/#organization\"},\"potentialAction\":[{\"@type\":\"SearchAction\",\"target\":{\"@type\":\"EntryPoint\",\"urlTemplate\":\"https:\/\/www.vilademuro.net\/es\/?s={search_term_string}\"},\"query-input\":{\"@type\":\"PropertyValueSpecification\",\"valueRequired\":true,\"valueName\":\"search_term_string\"}}],\"inLanguage\":\"es\"},{\"@type\":\"Organization\",\"@id\":\"https:\/\/www.vilademuro.net\/es\/#organization\",\"name\":\"Ajuntament de Muro\",\"url\":\"https:\/\/www.vilademuro.net\/es\/\",\"logo\":{\"@type\":\"ImageObject\",\"inLanguage\":\"es\",\"@id\":\"https:\/\/www.vilademuro.net\/es\/#\/schema\/logo\/image\/\",\"url\":\"https:\/\/www.vilademuro.net\/wp-content\/uploads\/2022\/10\/LOGO3-2.jpg\",\"contentUrl\":\"https:\/\/www.vilademuro.net\/wp-content\/uploads\/2022\/10\/LOGO3-2.jpg\",\"width\":756,\"height\":517,\"caption\":\"Ajuntament de Muro\"},\"image\":{\"@id\":\"https:\/\/www.vilademuro.net\/es\/#\/schema\/logo\/image\/\"},\"sameAs\":[\"https:\/\/www.facebook.com\/murodealcoy\",\"https:\/\/x.com\/AjuntamentMuro\",\"https:\/\/www.youtube.com\/channel\/UC2rwbKfRqsd1Ncwm6Y1prQw\"]},{\"@type\":\"Person\",\"@id\":\"https:\/\/www.vilademuro.net\/es\/#\/schema\/person\/1f48fb114e2d2146557e24aaac8480d3\",\"name\":\"alejandro_martorell\",\"image\":{\"@type\":\"ImageObject\",\"inLanguage\":\"es\",\"@id\":\"https:\/\/www.vilademuro.net\/es\/#\/schema\/person\/image\/\",\"url\":\"https:\/\/secure.gravatar.com\/avatar\/6255e37a6bb3f9d6e20216b347ef672422b8a1d389ff928eee1051903bcb0c8b?s=96&d=mm&r=g\",\"contentUrl\":\"https:\/\/secure.gravatar.com\/avatar\/6255e37a6bb3f9d6e20216b347ef672422b8a1d389ff928eee1051903bcb0c8b?s=96&d=mm&r=g\",\"caption\":\"alejandro_martorell\"}}]}<\/script>\n<!-- \/ Yoast SEO plugin. -->","yoast_head_json":{"title":"Cr\u00f3nica pleno sesi\u00f3n extraordinaria celebrada el 11 de septiembre de 2024 | Ajuntament de Muro","robots":{"index":"index","follow":"follow","max-snippet":"max-snippet:-1","max-image-preview":"max-image-preview:large","max-video-preview":"max-video-preview:-1"},"canonical":"https:\/\/www.vilademuro.net\/es\/cronica-pleno-sesion-extraordinaria-celebrada-el-11-de-septiembre-de-2024\/","og_locale":"es_ES","og_type":"article","og_title":"Cr\u00f3nica pleno sesi\u00f3n extraordinaria celebrada el 11 de septiembre de 2024 | Ajuntament de Muro","og_description":"Pleno Municipal El Ayuntamiento de Muro ha celebrado la sesi\u00f3n plenaria extraordinaria en la que se han aprobado diversos puntos de inter\u00e9s para el municipio. En primer lugar, se ha [&hellip;]","og_url":"https:\/\/www.vilademuro.net\/es\/cronica-pleno-sesion-extraordinaria-celebrada-el-11-de-septiembre-de-2024\/","og_site_name":"Ajuntament de Muro","article_publisher":"https:\/\/www.facebook.com\/murodealcoy","article_published_time":"2024-09-11T14:05:01+00:00","article_modified_time":"2025-02-24T15:06:37+00:00","og_image":[{"width":1600,"height":1200,"url":"https:\/\/www.vilademuro.net\/wp-content\/uploads\/2020\/01\/Ajuntament.jpg","type":"image\/jpeg"}],"author":"alejandro_martorell","twitter_card":"summary_large_image","twitter_creator":"@AjuntamentMuro","twitter_site":"@AjuntamentMuro","twitter_misc":{"Escrito por":"alejandro_martorell","Tiempo de lectura":"2 minutos"},"schema":{"@context":"https:\/\/schema.org","@graph":[{"@type":"Article","@id":"https:\/\/www.vilademuro.net\/es\/cronica-pleno-sesion-extraordinaria-celebrada-el-11-de-septiembre-de-2024\/#article","isPartOf":{"@id":"https:\/\/www.vilademuro.net\/es\/cronica-pleno-sesion-extraordinaria-celebrada-el-11-de-septiembre-de-2024\/"},"author":{"name":"alejandro_martorell","@id":"https:\/\/www.vilademuro.net\/es\/#\/schema\/person\/1f48fb114e2d2146557e24aaac8480d3"},"headline":"Cr\u00f3nica pleno sesi\u00f3n extraordinaria celebrada el 11 de septiembre de 2024","datePublished":"2024-09-11T14:05:01+00:00","dateModified":"2025-02-24T15:06:37+00:00","mainEntityOfPage":{"@id":"https:\/\/www.vilademuro.net\/es\/cronica-pleno-sesion-extraordinaria-celebrada-el-11-de-septiembre-de-2024\/"},"wordCount":222,"publisher":{"@id":"https:\/\/www.vilademuro.net\/es\/#organization"},"image":{"@id":"https:\/\/www.vilademuro.net\/es\/cronica-pleno-sesion-extraordinaria-celebrada-el-11-de-septiembre-de-2024\/#primaryimage"},"thumbnailUrl":"https:\/\/www.vilademuro.net\/wp-content\/uploads\/2020\/01\/Ajuntament-300x225.jpg","articleSection":["Noticias"],"inLanguage":"es"},{"@type":"WebPage","@id":"https:\/\/www.vilademuro.net\/es\/cronica-pleno-sesion-extraordinaria-celebrada-el-11-de-septiembre-de-2024\/","url":"https:\/\/www.vilademuro.net\/es\/cronica-pleno-sesion-extraordinaria-celebrada-el-11-de-septiembre-de-2024\/","name":"Cr\u00f3nica pleno sesi\u00f3n extraordinaria celebrada el 11 de septiembre de 2024 | Ajuntament de Muro","isPartOf":{"@id":"https:\/\/www.vilademuro.net\/es\/#website"},"primaryImageOfPage":{"@id":"https:\/\/www.vilademuro.net\/es\/cronica-pleno-sesion-extraordinaria-celebrada-el-11-de-septiembre-de-2024\/#primaryimage"},"image":{"@id":"https:\/\/www.vilademuro.net\/es\/cronica-pleno-sesion-extraordinaria-celebrada-el-11-de-septiembre-de-2024\/#primaryimage"},"thumbnailUrl":"https:\/\/www.vilademuro.net\/wp-content\/uploads\/2020\/01\/Ajuntament-300x225.jpg","datePublished":"2024-09-11T14:05:01+00:00","dateModified":"2025-02-24T15:06:37+00:00","breadcrumb":{"@id":"https:\/\/www.vilademuro.net\/es\/cronica-pleno-sesion-extraordinaria-celebrada-el-11-de-septiembre-de-2024\/#breadcrumb"},"inLanguage":"es","potentialAction":[{"@type":"ReadAction","target":["https:\/\/www.vilademuro.net\/es\/cronica-pleno-sesion-extraordinaria-celebrada-el-11-de-septiembre-de-2024\/"]}]},{"@type":"ImageObject","inLanguage":"es","@id":"https:\/\/www.vilademuro.net\/es\/cronica-pleno-sesion-extraordinaria-celebrada-el-11-de-septiembre-de-2024\/#primaryimage","url":"https:\/\/www.vilademuro.net\/wp-content\/uploads\/2020\/01\/Ajuntament-300x225.jpg","contentUrl":"https:\/\/www.vilademuro.net\/wp-content\/uploads\/2020\/01\/Ajuntament-300x225.jpg"},{"@type":"BreadcrumbList","@id":"https:\/\/www.vilademuro.net\/es\/cronica-pleno-sesion-extraordinaria-celebrada-el-11-de-septiembre-de-2024\/#breadcrumb","itemListElement":[{"@type":"ListItem","position":1,"name":"Inici","item":"https:\/\/www.vilademuro.net\/es\/"},{"@type":"ListItem","position":2,"name":"Cr\u00f3nica pleno sesi\u00f3n extraordinaria celebrada el 11 de septiembre de 2024"}]},{"@type":"WebSite","@id":"https:\/\/www.vilademuro.net\/es\/#website","url":"https:\/\/www.vilademuro.net\/es\/","name":"Ajuntament de Muro d'Alcoi","description":"P\u00e1gina web oficial de l&#039;Ajuntament de Muro","publisher":{"@id":"https:\/\/www.vilademuro.net\/es\/#organization"},"potentialAction":[{"@type":"SearchAction","target":{"@type":"EntryPoint","urlTemplate":"https:\/\/www.vilademuro.net\/es\/?s={search_term_string}"},"query-input":{"@type":"PropertyValueSpecification","valueRequired":true,"valueName":"search_term_string"}}],"inLanguage":"es"},{"@type":"Organization","@id":"https:\/\/www.vilademuro.net\/es\/#organization","name":"Ajuntament de Muro","url":"https:\/\/www.vilademuro.net\/es\/","logo":{"@type":"ImageObject","inLanguage":"es","@id":"https:\/\/www.vilademuro.net\/es\/#\/schema\/logo\/image\/","url":"https:\/\/www.vilademuro.net\/wp-content\/uploads\/2022\/10\/LOGO3-2.jpg","contentUrl":"https:\/\/www.vilademuro.net\/wp-content\/uploads\/2022\/10\/LOGO3-2.jpg","width":756,"height":517,"caption":"Ajuntament de Muro"},"image":{"@id":"https:\/\/www.vilademuro.net\/es\/#\/schema\/logo\/image\/"},"sameAs":["https:\/\/www.facebook.com\/murodealcoy","https:\/\/x.com\/AjuntamentMuro","https:\/\/www.youtube.com\/channel\/UC2rwbKfRqsd1Ncwm6Y1prQw"]},{"@type":"Person","@id":"https:\/\/www.vilademuro.net\/es\/#\/schema\/person\/1f48fb114e2d2146557e24aaac8480d3","name":"alejandro_martorell","image":{"@type":"ImageObject","inLanguage":"es","@id":"https:\/\/www.vilademuro.net\/es\/#\/schema\/person\/image\/","url":"https:\/\/secure.gravatar.com\/avatar\/6255e37a6bb3f9d6e20216b347ef672422b8a1d389ff928eee1051903bcb0c8b?s=96&d=mm&r=g","contentUrl":"https:\/\/secure.gravatar.com\/avatar\/6255e37a6bb3f9d6e20216b347ef672422b8a1d389ff928eee1051903bcb0c8b?s=96&d=mm&r=g","caption":"alejandro_martorell"}}]}},"_links":{"self":[{"href":"https:\/\/www.vilademuro.net\/es\/wp-json\/wp\/v2\/posts\/55735","targetHints":{"allow":["GET"]}}],"collection":[{"href":"https:\/\/www.vilademuro.net\/es\/wp-json\/wp\/v2\/posts"}],"about":[{"href":"https:\/\/www.vilademuro.net\/es\/wp-json\/wp\/v2\/types\/post"}],"author":[{"embeddable":true,"href":"https:\/\/www.vilademuro.net\/es\/wp-json\/wp\/v2\/users\/31"}],"replies":[{"embeddable":true,"href":"https:\/\/www.vilademuro.net\/es\/wp-json\/wp\/v2\/comments?post=55735"}],"version-history":[{"count":1,"href":"https:\/\/www.vilademuro.net\/es\/wp-json\/wp\/v2\/posts\/55735\/revisions"}],"predecessor-version":[{"id":55736,"href":"https:\/\/www.vilademuro.net\/es\/wp-json\/wp\/v2\/posts\/55735\/revisions\/55736"}],"wp:attachment":[{"href":"https:\/\/www.vilademuro.net\/es\/wp-json\/wp\/v2\/media?parent=55735"}],"wp:term":[{"taxonomy":"category","embeddable":true,"href":"https:\/\/www.vilademuro.net\/es\/wp-json\/wp\/v2\/categories?post=55735"},{"taxonomy":"post_tag","embeddable":true,"href":"https:\/\/www.vilademuro.net\/es\/wp-json\/wp\/v2\/tags?post=55735"}],"curies":[{"name":"wp","href":"https:\/\/api.w.org\/{rel}","templated":true}]}}