{"id":55507,"date":"2025-02-07T12:52:00","date_gmt":"2025-02-07T11:52:00","guid":{"rendered":"https:\/\/www.vilademuro.net\/?p=55507"},"modified":"2025-02-07T13:07:05","modified_gmt":"2025-02-07T12:07:05","slug":"muro-aprueba-por-mayoria-una-mocion-en-defensa-del-valenciano-y-se-suma-asi-al-consejo-escolar-en-su-lucha","status":"publish","type":"post","link":"https:\/\/www.vilademuro.net\/es\/muro-aprueba-por-mayoria-una-mocion-en-defensa-del-valenciano-y-se-suma-asi-al-consejo-escolar-en-su-lucha\/","title":{"rendered":"Muro aprueba por mayor\u00eda una moci\u00f3n en defensa del valenciano y se suma as\u00ed al Consejo Escolar en su lucha"},"content":{"rendered":"<p>Pleno Municipal-Educaci\u00f3n<\/p>\n<h2><strong>Muro aprueba por mayor\u00eda una moci\u00f3n en defensa del valenciano y se suma as\u00ed al Consejo Escolar en su lucha<\/strong><\/h2>\n<p>El Pleno del Ayuntamiento de Muro de Alcoy ha aprobado por mayor\u00eda una moci\u00f3n en defensa del valenciano y en contra de la consulta impulsada por la Conselleria de Educaci\u00f3n de la Generalitat Valenciana sobre la lengua vehicular en los centros educativos p\u00fablicos. La moci\u00f3n, presentada y aprobada en el Pleno Municipal de febrero por los grupos Ens Uneix, Xarxa Muro, Comprom\u00eds y PSPV-PSOE, denuncia que esta medida pone en peligro la cohesi\u00f3n educativa y ling\u00fc\u00edstica del territorio valenciano, favorece la segregaci\u00f3n y desvirt\u00faa el marco legal vigente, ignorando el papel de los consejos escolares en la definici\u00f3n del proyecto ling\u00fc\u00edstico de cada centro.<\/p>\n<p><img loading=\"lazy\" decoding=\"async\" class=\"alignnone size-medium wp-image-55505\" src=\"https:\/\/www.vilademuro.net\/wp-content\/uploads\/2025\/02\/Mocio-pel-Valencia-Muro-300x200.jpg\" alt=\"\" width=\"300\" height=\"200\" \/><\/p>\n<p>De este modo, la mayor\u00eda del Pleno se suma a la preocupaci\u00f3n del Consejo Escolar de Muro, que recientemente ha manifestado su rechazo a la conocida como Ley Rovira por considerarla una amenaza para la supervivencia del valenciano y una vulneraci\u00f3n de los derechos ling\u00fc\u00edsticos y educativos de la infancia, ante la consulta promovida por la Conselleria de Educaci\u00f3n. La concejal\u00eda de Educaci\u00f3n subray\u00f3 que la mejor manera de asegurar la competencia ling\u00fc\u00edstica en valenciano y castellano es a trav\u00e9s de un modelo educativo en el que el valenciano tenga una presencia significativa, tal y como defienden todos los estudios pedag\u00f3gicos recientes.<\/p>\n<p>Con esta moci\u00f3n, la mayor\u00eda del Pleno Municipal de Muro expresa su rechazo a una iniciativa que considera perjudicial para la normalizaci\u00f3n del valenciano y que supone un retroceso en la garant\u00eda de una educaci\u00f3n pluriling\u00fce de calidad. Adem\u00e1s, insta a la Generalitat a suspender esta consulta, a respetar las competencias de los consejos escolares y a garantizar un modelo educativo que no genere desigualdades ni ponga en riesgo la lengua propia. El acuerdo aprobado se trasladar\u00e1 a la Presidencia de la Generalitat Valenciana, a la Conselleria de Educaci\u00f3n, a las Cortes Valencianas y a la Federaci\u00f3n Valenciana de Municipios y Provincias, como muestra del firme compromiso del consistorio con la defensa del valenciano y de los derechos ling\u00fc\u00edsticos de los valencianos y valencianas.<\/p>\n<p>Este proceso consultivo \u201cresulta delicado y, aunque tiene un revestimiento que pretende ser democr\u00e1tico, carece de las garant\u00edas suficientes: impide el cumplimiento de otras leyes nuestras como la LUEV o el Estatuto. Adem\u00e1s, solo se ha planteado de manera telem\u00e1tica, sin fechas concretas ni la informaci\u00f3n y difusi\u00f3n adecuadas para un proceso de este tipo\u201d, seg\u00fan la moci\u00f3n aprobada.<\/p>\n<p>Por otra parte, la moci\u00f3n destaca que \u201colvida el papel de los consejos escolares en la elaboraci\u00f3n y desarrollo de los planes ling\u00fc\u00edsticos de centro. A pesar de la moratoria de aplazamiento de la consulta (cuyas alegaciones se presentaron en plena Navidad), no se debe olvidar que ha habido una DANA que ha destrozado escuelas y ha alterado el ritmo del curso en gran parte de nuestro territorio, sin considerar sus consecuencias para los centros, las familias y el alumnado\u201d.<\/p>\n<p>El valenciano es una de las se\u00f1as de identidad del pueblo valenciano, su columna vertebral. \u201cPlantear esta cuesti\u00f3n ahora y de esta manera supone un ataque m\u00e1s contra nuestra lengua, contra nuestra riqueza ling\u00fc\u00edstica. Adem\u00e1s, destila una miop\u00eda galopante e interesada, porque ignora la situaci\u00f3n de recesi\u00f3n ling\u00fc\u00edstica del valenciano y no propone cambios para garantizar una ense\u00f1anza equitativa en los idiomas oficiales de nuestro territorio\u201d, recuerda la moci\u00f3n.<\/p>\n<p>La experiencia en otros territorios con medidas similares, como las Islas Baleares o Galicia, demuestra que \u201cestas consultas suelen agravar la situaci\u00f3n de las lenguas minorizadas. Adem\u00e1s, la introducci\u00f3n de estas pol\u00edticas sin consenso ni evaluaci\u00f3n previa fomenta la divisi\u00f3n, instrumentaliza la lengua y el conflicto social, perjudicando la calidad educativa\u201d, concluye el texto aprobado por el Pleno Municipal de Muro.<\/p>\n","protected":false},"excerpt":{"rendered":"<p>Pleno Municipal-Educaci\u00f3n Muro aprueba por mayor\u00eda una moci\u00f3n en defensa del valenciano y se suma as\u00ed al Consejo Escolar en su lucha El Pleno del Ayuntamiento de Muro de Alcoy [&hellip;]<\/p>\n","protected":false},"author":32,"featured_media":55505,"comment_status":"closed","ping_status":"closed","sticky":false,"template":"","format":"standard","meta":{"_et_pb_use_builder":"","_et_pb_old_content":"","_et_gb_content_width":"","footnotes":""},"categories":[51,49],"tags":[],"class_list":["post-55507","post","type-post","status-publish","format-standard","has-post-thumbnail","hentry","category-destacat-es","category-noticias"],"yoast_head":"<!-- This site is optimized with the Yoast SEO plugin v27.1.1 - https:\/\/yoast.com\/product\/yoast-seo-wordpress\/ -->\n<title>Muro aprueba por mayor\u00eda una moci\u00f3n en defensa del valenciano y se suma as\u00ed al Consejo Escolar en su lucha | Ajuntament de Muro<\/title>\n<meta name=\"robots\" content=\"index, follow, max-snippet:-1, max-image-preview:large, max-video-preview:-1\" \/>\n<link rel=\"canonical\" href=\"https:\/\/www.vilademuro.net\/es\/muro-aprueba-por-mayoria-una-mocion-en-defensa-del-valenciano-y-se-suma-asi-al-consejo-escolar-en-su-lucha\/\" \/>\n<meta property=\"og:locale\" content=\"es_ES\" \/>\n<meta property=\"og:type\" content=\"article\" \/>\n<meta property=\"og:title\" content=\"Muro aprueba por mayor\u00eda una moci\u00f3n en defensa del valenciano y se suma as\u00ed al Consejo Escolar en su lucha | Ajuntament de Muro\" \/>\n<meta property=\"og:description\" content=\"Pleno Municipal-Educaci\u00f3n Muro aprueba por mayor\u00eda una moci\u00f3n en defensa del valenciano y se suma as\u00ed al Consejo Escolar en su lucha El Pleno del Ayuntamiento de Muro de Alcoy [&hellip;]\" \/>\n<meta property=\"og:url\" content=\"https:\/\/www.vilademuro.net\/es\/muro-aprueba-por-mayoria-una-mocion-en-defensa-del-valenciano-y-se-suma-asi-al-consejo-escolar-en-su-lucha\/\" \/>\n<meta property=\"og:site_name\" content=\"Ajuntament de Muro\" \/>\n<meta property=\"article:publisher\" content=\"https:\/\/www.facebook.com\/murodealcoy\" \/>\n<meta property=\"article:published_time\" content=\"2025-02-07T11:52:00+00:00\" \/>\n<meta property=\"article:modified_time\" content=\"2025-02-07T12:07:05+00:00\" \/>\n<meta property=\"og:image\" content=\"https:\/\/www.vilademuro.net\/wp-content\/uploads\/2025\/02\/Mocio-pel-Valencia-Muro.jpg\" \/>\n\t<meta property=\"og:image:width\" content=\"1920\" \/>\n\t<meta property=\"og:image:height\" content=\"1283\" \/>\n\t<meta property=\"og:image:type\" content=\"image\/jpeg\" \/>\n<meta name=\"author\" content=\"david perez\" \/>\n<meta name=\"twitter:card\" content=\"summary_large_image\" \/>\n<meta name=\"twitter:creator\" content=\"@AjuntamentMuro\" \/>\n<meta name=\"twitter:site\" content=\"@AjuntamentMuro\" \/>\n<meta name=\"twitter:label1\" content=\"Escrito por\" \/>\n\t<meta name=\"twitter:data1\" content=\"david perez\" \/>\n\t<meta name=\"twitter:label2\" content=\"Tiempo de lectura\" \/>\n\t<meta name=\"twitter:data2\" content=\"4 minutos\" \/>\n<script type=\"application\/ld+json\" class=\"yoast-schema-graph\">{\"@context\":\"https:\/\/schema.org\",\"@graph\":[{\"@type\":\"Article\",\"@id\":\"https:\/\/www.vilademuro.net\/es\/muro-aprueba-por-mayoria-una-mocion-en-defensa-del-valenciano-y-se-suma-asi-al-consejo-escolar-en-su-lucha\/#article\",\"isPartOf\":{\"@id\":\"https:\/\/www.vilademuro.net\/es\/muro-aprueba-por-mayoria-una-mocion-en-defensa-del-valenciano-y-se-suma-asi-al-consejo-escolar-en-su-lucha\/\"},\"author\":{\"name\":\"david perez\",\"@id\":\"https:\/\/www.vilademuro.net\/es\/#\/schema\/person\/18d508a6d83aeac8b78142fe72d521b2\"},\"headline\":\"Muro aprueba por mayor\u00eda una moci\u00f3n en defensa del valenciano y se suma as\u00ed al Consejo Escolar en su lucha\",\"datePublished\":\"2025-02-07T11:52:00+00:00\",\"dateModified\":\"2025-02-07T12:07:05+00:00\",\"mainEntityOfPage\":{\"@id\":\"https:\/\/www.vilademuro.net\/es\/muro-aprueba-por-mayoria-una-mocion-en-defensa-del-valenciano-y-se-suma-asi-al-consejo-escolar-en-su-lucha\/\"},\"wordCount\":706,\"publisher\":{\"@id\":\"https:\/\/www.vilademuro.net\/es\/#organization\"},\"image\":{\"@id\":\"https:\/\/www.vilademuro.net\/es\/muro-aprueba-por-mayoria-una-mocion-en-defensa-del-valenciano-y-se-suma-asi-al-consejo-escolar-en-su-lucha\/#primaryimage\"},\"thumbnailUrl\":\"https:\/\/www.vilademuro.net\/wp-content\/uploads\/2025\/02\/Mocio-pel-Valencia-Muro.jpg\",\"articleSection\":[\"Destacat\",\"Noticias\"],\"inLanguage\":\"es\"},{\"@type\":\"WebPage\",\"@id\":\"https:\/\/www.vilademuro.net\/es\/muro-aprueba-por-mayoria-una-mocion-en-defensa-del-valenciano-y-se-suma-asi-al-consejo-escolar-en-su-lucha\/\",\"url\":\"https:\/\/www.vilademuro.net\/es\/muro-aprueba-por-mayoria-una-mocion-en-defensa-del-valenciano-y-se-suma-asi-al-consejo-escolar-en-su-lucha\/\",\"name\":\"Muro aprueba por mayor\u00eda una moci\u00f3n en defensa del valenciano y se suma as\u00ed al Consejo Escolar en su lucha | Ajuntament de Muro\",\"isPartOf\":{\"@id\":\"https:\/\/www.vilademuro.net\/es\/#website\"},\"primaryImageOfPage\":{\"@id\":\"https:\/\/www.vilademuro.net\/es\/muro-aprueba-por-mayoria-una-mocion-en-defensa-del-valenciano-y-se-suma-asi-al-consejo-escolar-en-su-lucha\/#primaryimage\"},\"image\":{\"@id\":\"https:\/\/www.vilademuro.net\/es\/muro-aprueba-por-mayoria-una-mocion-en-defensa-del-valenciano-y-se-suma-asi-al-consejo-escolar-en-su-lucha\/#primaryimage\"},\"thumbnailUrl\":\"https:\/\/www.vilademuro.net\/wp-content\/uploads\/2025\/02\/Mocio-pel-Valencia-Muro.jpg\",\"datePublished\":\"2025-02-07T11:52:00+00:00\",\"dateModified\":\"2025-02-07T12:07:05+00:00\",\"breadcrumb\":{\"@id\":\"https:\/\/www.vilademuro.net\/es\/muro-aprueba-por-mayoria-una-mocion-en-defensa-del-valenciano-y-se-suma-asi-al-consejo-escolar-en-su-lucha\/#breadcrumb\"},\"inLanguage\":\"es\",\"potentialAction\":[{\"@type\":\"ReadAction\",\"target\":[\"https:\/\/www.vilademuro.net\/es\/muro-aprueba-por-mayoria-una-mocion-en-defensa-del-valenciano-y-se-suma-asi-al-consejo-escolar-en-su-lucha\/\"]}]},{\"@type\":\"ImageObject\",\"inLanguage\":\"es\",\"@id\":\"https:\/\/www.vilademuro.net\/es\/muro-aprueba-por-mayoria-una-mocion-en-defensa-del-valenciano-y-se-suma-asi-al-consejo-escolar-en-su-lucha\/#primaryimage\",\"url\":\"https:\/\/www.vilademuro.net\/wp-content\/uploads\/2025\/02\/Mocio-pel-Valencia-Muro.jpg\",\"contentUrl\":\"https:\/\/www.vilademuro.net\/wp-content\/uploads\/2025\/02\/Mocio-pel-Valencia-Muro.jpg\",\"width\":1920,\"height\":1283},{\"@type\":\"BreadcrumbList\",\"@id\":\"https:\/\/www.vilademuro.net\/es\/muro-aprueba-por-mayoria-una-mocion-en-defensa-del-valenciano-y-se-suma-asi-al-consejo-escolar-en-su-lucha\/#breadcrumb\",\"itemListElement\":[{\"@type\":\"ListItem\",\"position\":1,\"name\":\"Inici\",\"item\":\"https:\/\/www.vilademuro.net\/es\/\"},{\"@type\":\"ListItem\",\"position\":2,\"name\":\"Muro aprueba por mayor\u00eda una moci\u00f3n en defensa del valenciano y se suma as\u00ed al Consejo Escolar en su lucha\"}]},{\"@type\":\"WebSite\",\"@id\":\"https:\/\/www.vilademuro.net\/es\/#website\",\"url\":\"https:\/\/www.vilademuro.net\/es\/\",\"name\":\"Ajuntament de Muro d'Alcoi\",\"description\":\"P\u00e1gina web oficial de l&#039;Ajuntament de Muro\",\"publisher\":{\"@id\":\"https:\/\/www.vilademuro.net\/es\/#organization\"},\"potentialAction\":[{\"@type\":\"SearchAction\",\"target\":{\"@type\":\"EntryPoint\",\"urlTemplate\":\"https:\/\/www.vilademuro.net\/es\/?s={search_term_string}\"},\"query-input\":{\"@type\":\"PropertyValueSpecification\",\"valueRequired\":true,\"valueName\":\"search_term_string\"}}],\"inLanguage\":\"es\"},{\"@type\":\"Organization\",\"@id\":\"https:\/\/www.vilademuro.net\/es\/#organization\",\"name\":\"Ajuntament de Muro\",\"url\":\"https:\/\/www.vilademuro.net\/es\/\",\"logo\":{\"@type\":\"ImageObject\",\"inLanguage\":\"es\",\"@id\":\"https:\/\/www.vilademuro.net\/es\/#\/schema\/logo\/image\/\",\"url\":\"https:\/\/www.vilademuro.net\/wp-content\/uploads\/2022\/10\/LOGO3-2.jpg\",\"contentUrl\":\"https:\/\/www.vilademuro.net\/wp-content\/uploads\/2022\/10\/LOGO3-2.jpg\",\"width\":756,\"height\":517,\"caption\":\"Ajuntament de Muro\"},\"image\":{\"@id\":\"https:\/\/www.vilademuro.net\/es\/#\/schema\/logo\/image\/\"},\"sameAs\":[\"https:\/\/www.facebook.com\/murodealcoy\",\"https:\/\/x.com\/AjuntamentMuro\",\"https:\/\/www.youtube.com\/channel\/UC2rwbKfRqsd1Ncwm6Y1prQw\"]},{\"@type\":\"Person\",\"@id\":\"https:\/\/www.vilademuro.net\/es\/#\/schema\/person\/18d508a6d83aeac8b78142fe72d521b2\",\"name\":\"david perez\",\"image\":{\"@type\":\"ImageObject\",\"inLanguage\":\"es\",\"@id\":\"https:\/\/www.vilademuro.net\/es\/#\/schema\/person\/image\/\",\"url\":\"https:\/\/secure.gravatar.com\/avatar\/32e29d67ef109fa6f899286cf1743bb75688fd5ba35d80f5c1b6ac2b6bf32256?s=96&d=mm&r=g\",\"contentUrl\":\"https:\/\/secure.gravatar.com\/avatar\/32e29d67ef109fa6f899286cf1743bb75688fd5ba35d80f5c1b6ac2b6bf32256?s=96&d=mm&r=g\",\"caption\":\"david perez\"}}]}<\/script>\n<!-- \/ Yoast SEO plugin. -->","yoast_head_json":{"title":"Muro aprueba por mayor\u00eda una moci\u00f3n en defensa del valenciano y se suma as\u00ed al Consejo Escolar en su lucha | Ajuntament de Muro","robots":{"index":"index","follow":"follow","max-snippet":"max-snippet:-1","max-image-preview":"max-image-preview:large","max-video-preview":"max-video-preview:-1"},"canonical":"https:\/\/www.vilademuro.net\/es\/muro-aprueba-por-mayoria-una-mocion-en-defensa-del-valenciano-y-se-suma-asi-al-consejo-escolar-en-su-lucha\/","og_locale":"es_ES","og_type":"article","og_title":"Muro aprueba por mayor\u00eda una moci\u00f3n en defensa del valenciano y se suma as\u00ed al Consejo Escolar en su lucha | Ajuntament de Muro","og_description":"Pleno Municipal-Educaci\u00f3n Muro aprueba por mayor\u00eda una moci\u00f3n en defensa del valenciano y se suma as\u00ed al Consejo Escolar en su lucha El Pleno del Ayuntamiento de Muro de Alcoy [&hellip;]","og_url":"https:\/\/www.vilademuro.net\/es\/muro-aprueba-por-mayoria-una-mocion-en-defensa-del-valenciano-y-se-suma-asi-al-consejo-escolar-en-su-lucha\/","og_site_name":"Ajuntament de Muro","article_publisher":"https:\/\/www.facebook.com\/murodealcoy","article_published_time":"2025-02-07T11:52:00+00:00","article_modified_time":"2025-02-07T12:07:05+00:00","og_image":[{"width":1920,"height":1283,"url":"https:\/\/www.vilademuro.net\/wp-content\/uploads\/2025\/02\/Mocio-pel-Valencia-Muro.jpg","type":"image\/jpeg"}],"author":"david perez","twitter_card":"summary_large_image","twitter_creator":"@AjuntamentMuro","twitter_site":"@AjuntamentMuro","twitter_misc":{"Escrito por":"david perez","Tiempo de lectura":"4 minutos"},"schema":{"@context":"https:\/\/schema.org","@graph":[{"@type":"Article","@id":"https:\/\/www.vilademuro.net\/es\/muro-aprueba-por-mayoria-una-mocion-en-defensa-del-valenciano-y-se-suma-asi-al-consejo-escolar-en-su-lucha\/#article","isPartOf":{"@id":"https:\/\/www.vilademuro.net\/es\/muro-aprueba-por-mayoria-una-mocion-en-defensa-del-valenciano-y-se-suma-asi-al-consejo-escolar-en-su-lucha\/"},"author":{"name":"david perez","@id":"https:\/\/www.vilademuro.net\/es\/#\/schema\/person\/18d508a6d83aeac8b78142fe72d521b2"},"headline":"Muro aprueba por mayor\u00eda una moci\u00f3n en defensa del valenciano y se suma as\u00ed al Consejo Escolar en su lucha","datePublished":"2025-02-07T11:52:00+00:00","dateModified":"2025-02-07T12:07:05+00:00","mainEntityOfPage":{"@id":"https:\/\/www.vilademuro.net\/es\/muro-aprueba-por-mayoria-una-mocion-en-defensa-del-valenciano-y-se-suma-asi-al-consejo-escolar-en-su-lucha\/"},"wordCount":706,"publisher":{"@id":"https:\/\/www.vilademuro.net\/es\/#organization"},"image":{"@id":"https:\/\/www.vilademuro.net\/es\/muro-aprueba-por-mayoria-una-mocion-en-defensa-del-valenciano-y-se-suma-asi-al-consejo-escolar-en-su-lucha\/#primaryimage"},"thumbnailUrl":"https:\/\/www.vilademuro.net\/wp-content\/uploads\/2025\/02\/Mocio-pel-Valencia-Muro.jpg","articleSection":["Destacat","Noticias"],"inLanguage":"es"},{"@type":"WebPage","@id":"https:\/\/www.vilademuro.net\/es\/muro-aprueba-por-mayoria-una-mocion-en-defensa-del-valenciano-y-se-suma-asi-al-consejo-escolar-en-su-lucha\/","url":"https:\/\/www.vilademuro.net\/es\/muro-aprueba-por-mayoria-una-mocion-en-defensa-del-valenciano-y-se-suma-asi-al-consejo-escolar-en-su-lucha\/","name":"Muro aprueba por mayor\u00eda una moci\u00f3n en defensa del valenciano y se suma as\u00ed al Consejo Escolar en su lucha | Ajuntament de Muro","isPartOf":{"@id":"https:\/\/www.vilademuro.net\/es\/#website"},"primaryImageOfPage":{"@id":"https:\/\/www.vilademuro.net\/es\/muro-aprueba-por-mayoria-una-mocion-en-defensa-del-valenciano-y-se-suma-asi-al-consejo-escolar-en-su-lucha\/#primaryimage"},"image":{"@id":"https:\/\/www.vilademuro.net\/es\/muro-aprueba-por-mayoria-una-mocion-en-defensa-del-valenciano-y-se-suma-asi-al-consejo-escolar-en-su-lucha\/#primaryimage"},"thumbnailUrl":"https:\/\/www.vilademuro.net\/wp-content\/uploads\/2025\/02\/Mocio-pel-Valencia-Muro.jpg","datePublished":"2025-02-07T11:52:00+00:00","dateModified":"2025-02-07T12:07:05+00:00","breadcrumb":{"@id":"https:\/\/www.vilademuro.net\/es\/muro-aprueba-por-mayoria-una-mocion-en-defensa-del-valenciano-y-se-suma-asi-al-consejo-escolar-en-su-lucha\/#breadcrumb"},"inLanguage":"es","potentialAction":[{"@type":"ReadAction","target":["https:\/\/www.vilademuro.net\/es\/muro-aprueba-por-mayoria-una-mocion-en-defensa-del-valenciano-y-se-suma-asi-al-consejo-escolar-en-su-lucha\/"]}]},{"@type":"ImageObject","inLanguage":"es","@id":"https:\/\/www.vilademuro.net\/es\/muro-aprueba-por-mayoria-una-mocion-en-defensa-del-valenciano-y-se-suma-asi-al-consejo-escolar-en-su-lucha\/#primaryimage","url":"https:\/\/www.vilademuro.net\/wp-content\/uploads\/2025\/02\/Mocio-pel-Valencia-Muro.jpg","contentUrl":"https:\/\/www.vilademuro.net\/wp-content\/uploads\/2025\/02\/Mocio-pel-Valencia-Muro.jpg","width":1920,"height":1283},{"@type":"BreadcrumbList","@id":"https:\/\/www.vilademuro.net\/es\/muro-aprueba-por-mayoria-una-mocion-en-defensa-del-valenciano-y-se-suma-asi-al-consejo-escolar-en-su-lucha\/#breadcrumb","itemListElement":[{"@type":"ListItem","position":1,"name":"Inici","item":"https:\/\/www.vilademuro.net\/es\/"},{"@type":"ListItem","position":2,"name":"Muro aprueba por mayor\u00eda una moci\u00f3n en defensa del valenciano y se suma as\u00ed al Consejo Escolar en su lucha"}]},{"@type":"WebSite","@id":"https:\/\/www.vilademuro.net\/es\/#website","url":"https:\/\/www.vilademuro.net\/es\/","name":"Ajuntament de Muro d'Alcoi","description":"P\u00e1gina web oficial de l&#039;Ajuntament de Muro","publisher":{"@id":"https:\/\/www.vilademuro.net\/es\/#organization"},"potentialAction":[{"@type":"SearchAction","target":{"@type":"EntryPoint","urlTemplate":"https:\/\/www.vilademuro.net\/es\/?s={search_term_string}"},"query-input":{"@type":"PropertyValueSpecification","valueRequired":true,"valueName":"search_term_string"}}],"inLanguage":"es"},{"@type":"Organization","@id":"https:\/\/www.vilademuro.net\/es\/#organization","name":"Ajuntament de Muro","url":"https:\/\/www.vilademuro.net\/es\/","logo":{"@type":"ImageObject","inLanguage":"es","@id":"https:\/\/www.vilademuro.net\/es\/#\/schema\/logo\/image\/","url":"https:\/\/www.vilademuro.net\/wp-content\/uploads\/2022\/10\/LOGO3-2.jpg","contentUrl":"https:\/\/www.vilademuro.net\/wp-content\/uploads\/2022\/10\/LOGO3-2.jpg","width":756,"height":517,"caption":"Ajuntament de Muro"},"image":{"@id":"https:\/\/www.vilademuro.net\/es\/#\/schema\/logo\/image\/"},"sameAs":["https:\/\/www.facebook.com\/murodealcoy","https:\/\/x.com\/AjuntamentMuro","https:\/\/www.youtube.com\/channel\/UC2rwbKfRqsd1Ncwm6Y1prQw"]},{"@type":"Person","@id":"https:\/\/www.vilademuro.net\/es\/#\/schema\/person\/18d508a6d83aeac8b78142fe72d521b2","name":"david perez","image":{"@type":"ImageObject","inLanguage":"es","@id":"https:\/\/www.vilademuro.net\/es\/#\/schema\/person\/image\/","url":"https:\/\/secure.gravatar.com\/avatar\/32e29d67ef109fa6f899286cf1743bb75688fd5ba35d80f5c1b6ac2b6bf32256?s=96&d=mm&r=g","contentUrl":"https:\/\/secure.gravatar.com\/avatar\/32e29d67ef109fa6f899286cf1743bb75688fd5ba35d80f5c1b6ac2b6bf32256?s=96&d=mm&r=g","caption":"david perez"}}]}},"_links":{"self":[{"href":"https:\/\/www.vilademuro.net\/es\/wp-json\/wp\/v2\/posts\/55507","targetHints":{"allow":["GET"]}}],"collection":[{"href":"https:\/\/www.vilademuro.net\/es\/wp-json\/wp\/v2\/posts"}],"about":[{"href":"https:\/\/www.vilademuro.net\/es\/wp-json\/wp\/v2\/types\/post"}],"author":[{"embeddable":true,"href":"https:\/\/www.vilademuro.net\/es\/wp-json\/wp\/v2\/users\/32"}],"replies":[{"embeddable":true,"href":"https:\/\/www.vilademuro.net\/es\/wp-json\/wp\/v2\/comments?post=55507"}],"version-history":[{"count":1,"href":"https:\/\/www.vilademuro.net\/es\/wp-json\/wp\/v2\/posts\/55507\/revisions"}],"predecessor-version":[{"id":55508,"href":"https:\/\/www.vilademuro.net\/es\/wp-json\/wp\/v2\/posts\/55507\/revisions\/55508"}],"wp:featuredmedia":[{"embeddable":true,"href":"https:\/\/www.vilademuro.net\/es\/wp-json\/wp\/v2\/media\/55505"}],"wp:attachment":[{"href":"https:\/\/www.vilademuro.net\/es\/wp-json\/wp\/v2\/media?parent=55507"}],"wp:term":[{"taxonomy":"category","embeddable":true,"href":"https:\/\/www.vilademuro.net\/es\/wp-json\/wp\/v2\/categories?post=55507"},{"taxonomy":"post_tag","embeddable":true,"href":"https:\/\/www.vilademuro.net\/es\/wp-json\/wp\/v2\/tags?post=55507"}],"curies":[{"name":"wp","href":"https:\/\/api.w.org\/{rel}","templated":true}]}}