{"id":55457,"date":"2025-02-04T09:30:34","date_gmt":"2025-02-04T08:30:34","guid":{"rendered":"https:\/\/www.vilademuro.net\/?p=55457"},"modified":"2025-02-04T09:35:22","modified_gmt":"2025-02-04T08:35:22","slug":"muro-expresa-su-rechazo-a-la-ley-rovira-y-defiende-el-valenciano-como-eje-integrador-de-nuestra-sociedad-2","status":"publish","type":"post","link":"https:\/\/www.vilademuro.net\/es\/muro-expresa-su-rechazo-a-la-ley-rovira-y-defiende-el-valenciano-como-eje-integrador-de-nuestra-sociedad-2\/","title":{"rendered":"Muro expresa su rechazo a la Ley Rovira y defiende el valenciano como eje integrador de nuestra sociedad"},"content":{"rendered":"<p><strong>Educaci\u00f3n<\/strong><\/p>\n<h2><strong>Muro expresa su rechazo a la Ley Rovira y defiende el valenciano como eje integrador de nuestra sociedad<\/strong><\/h2>\n<p>El Consejo Escolar de Muro manifiesta su firme rechazo a la \u00abLey 1\/2024, de 27 de junio, de la Generalitat Valenciana\u00bb, conocida como Ley Rovira. Esta normativa representa una amenaza directa para la supervivencia de nuestra lengua y para los derechos fundamentales de la infancia, adem\u00e1s de vulnerar leyes de rango superior y las advertencias del Consejo de Europa, que advierten que esta ley es un peligro para el valenciano. Todo ello se recoge en una carta que se remitir\u00e1 a todas las instancias superiores para que se escuche la voz de la comunidad educativa, respaldada por el gobierno municipal de Muro e impulsada por la concejal\u00eda de Educaci\u00f3n.<\/p>\n<p>El Consejo Escolar Municipal de Muro es un \u00f3rgano colegiado de car\u00e1cter consultivo, plural y de Participaci\u00f3n Democr\u00e1tica donde forma parte toda la comunidad educativa bajo un mismo paraguas, integrado por los CEIP El Bracal y El Montcabrer, el IES Serra Mariola y la Escuela de Adultos FPA Beniassent, junto con la concejal\u00eda de Educaci\u00f3n. Mediante esta carta, el Consejo Escolar recuerda que \u201cla ense\u00f1anza del valenciano es esencial para garantizar una educaci\u00f3n de calidad, integradora y equitativa\u201d. La \u00fanica forma de asegurar que \u201cnuestros ni\u00f1os y ni\u00f1as terminen la etapa educativa obligatoria con competencias plenas tanto en valenciano como en castellano es a trav\u00e9s de un modelo educativo donde el valenciano tenga una presencia significativa\u201d, nos recuerdan.<br \/>\nTodos los estudios pedag\u00f3gicos lo avalan: el biling\u00fcismo equilibrado mejora el rendimiento acad\u00e9mico global y fomenta la cohesi\u00f3n social. El biling\u00fcismo, adem\u00e1s, es la puerta perfecta al pluriling\u00fcismo, permitiendo educar a las nuevas generaciones con la capacidad de aprender m\u00e1s lenguas de manera efectiva.<\/p>\n<p>Por este motivo, el concejal de Educaci\u00f3n, Fernando Pic\u00f3, se ha posicionado a favor de la comunidad educativa de Muro \u201cporque la formaci\u00f3n de las ni\u00f1as y ni\u00f1os debe estar en manos de quien sabe. Yo, cuando voy al centro m\u00e9dico, me f\u00edo de lo que me dice la doctora o el doctor, y no impondr\u00eda el tratamiento que, por ideolog\u00eda, pensara que es mejor. En este caso es igual: es el momento de consultar a las voces expertas, aquellas que trabajan d\u00eda a d\u00eda y ven la evoluci\u00f3n de las competencias ling\u00fc\u00edsticas del alumnado, y dejar fuera las ideolog\u00edas que odian el valenciano\u201d.<br \/>\nY es que \u201ctenemos muchos motivos sentimentales, de cari\u00f1o y pasi\u00f3n por el valenciano, que ya deber\u00edan ser suficientes para su defensa, pero es que tambi\u00e9n es una cuesti\u00f3n de ciencia: ser competente en valenciano te hace m\u00e1s competente en el aprendizaje del resto de lenguas y materias\u201d.<\/p>\n<p>El valenciano no es solo una lengua; es un patrimonio cultural com\u00fan que act\u00faa como un puente de uni\u00f3n entre personas de diferentes or\u00edgenes y sensibilidades. El Consejo Escolar de Muro considera que esta ley no respeta los principios legales b\u00e1sicos. Por ello, en la carta que se firma se advierte que la \u201cLey Rovira\u201d vulnera nuestro ordenamiento jur\u00eddico:<\/p>\n<ul>\n<li>\n<blockquote><p>En primer lugar, va en contra del principio de jerarqu\u00eda normativa, ya que la ley entra en conflicto con normas de rango superior, como la Convenci\u00f3n de los Derechos del Ni\u00f1o y la Ni\u00f1a, aprobada por la Asamblea General de Naciones Unidas el 20 de noviembre de 1989 como la primera ley internacional sobre los derechos de la infancia. Es de car\u00e1cter obligatorio para los Estados firmantes y establece que todas las medidas respecto a la infancia deben basarse en el inter\u00e9s superior del menor.<\/p><\/blockquote>\n<\/li>\n<li>\n<blockquote><p>Adem\u00e1s, la Ley Rovira ataca la norma fundamental de las valencianas y los valencianos: nuestro Estatuto, que obliga a las administraciones p\u00fablicas a disponer \u201clos recursos que faciliten su atenci\u00f3n e integraci\u00f3n social, ling\u00fc\u00edstica y cultural, respetando su identidad\u201d.<\/p><\/blockquote>\n<\/li>\n<li>\n<blockquote><p>En segundo lugar, ataca el principio de especialidad al priorizar una regulaci\u00f3n general en detrimento de leyes espec\u00edficas, como la Ley de Protecci\u00f3n Integral de la Infancia y la Adolescencia de la Comunidad Valenciana.<\/p><\/blockquote>\n<\/li>\n<li>\n<blockquote><p>En tercer lugar, va en contra del principio de temporalidad, que establece que las normas posteriores deben prevalecer sobre las anteriores.<\/p><\/blockquote>\n<\/li>\n<\/ul>\n<p>Adem\u00e1s, la ley imposibilita un biling\u00fcismo equilibrado, dificultando la plena competencia en valenciano y castellano, y comprometiendo la calidad educativa. En la carta se recuerda que \u201cuna mente biling\u00fce tiene m\u00e1s capacidad para relacionar las estructuras gramaticales y sint\u00e1cticas de las lenguas que ya domina con la nueva que quiere aprender; tiene la capacidad de hacer transferencias de una a otra, facilitando el conocimiento. Las personas monoling\u00fces tienen m\u00e1s dificultades para aprender nuevas lenguas, especialmente si estas no se usan en el territorio donde viven. Una persona monoling\u00fce siempre estar\u00e1 en desventaja frente a una persona biling\u00fce.<br \/>\nLas pocas evaluaciones que se han hecho de nuestro sistema educativo y que est\u00e1n publicadas han demostrado que el alumnado que estudia en valenciano obtiene mejores resultados en lenguas, pero tambi\u00e9n en el resto de disciplinas, que el alumnado que estudia en castellano\u201d.<\/p>\n<p>En la carta firmada por el Consejo Escolar de Muro se destaca la importancia del valenciano como lengua minorizada que necesita un apoyo activo para evitar su desaparici\u00f3n, y se rechaza la delegaci\u00f3n de decisiones educativas cr\u00edticas en familias sin la formaci\u00f3n adecuada en metodolog\u00eda de aprendizaje de lenguas.<\/p>\n<p>Por ello, la concejal\u00eda de Educaci\u00f3n de Muro se suma al rechazo expresado por la comunidad educativa en la carta de rechazo e insta a la Generalitat Valenciana a reconsiderar esta normativa para garantizar una educaci\u00f3n que promueva la igualdad de oportunidades y la diversidad ling\u00fc\u00edstica como valores fundamentales.<br \/>\nDel mismo modo, se promover\u00e1 un acuerdo plenario para hacer extensiva esta oposici\u00f3n institucional a la ley por parte del Ayuntamiento de Muro. Pic\u00f3, por tanto, \u201chace un llamamiento sincero a las familias y a los representantes p\u00fablicos para trabajar de la mano de la comunidad educativa para garantizar los derechos de la infancia, porque es nuestro deber asegurar la mejor educaci\u00f3n para las ni\u00f1as y los ni\u00f1os, y esta solo puede estar garantizada si les dotamos de competencias, no si se las quitamos por intereses partidistas o autoodio.<br \/>\nTrabajemos juntas y juntos por una educaci\u00f3n mejor, donde queden fuera del aula las viejas guerras del pasado: es el momento de pensar en el futuro\u201d.<\/p>\n<p><strong><img loading=\"lazy\" decoding=\"async\" class=\"alignnone wp-image-55453 size-medium\" src=\"https:\/\/www.vilademuro.net\/wp-content\/uploads\/2025\/02\/DIa-de-la-Pau-300x169.jpg\" alt=\"\" width=\"300\" height=\"169\" \/>\u00a0<\/strong><\/p>\n","protected":false},"excerpt":{"rendered":"<p>Educaci\u00f3n Muro expresa su rechazo a la Ley Rovira y defiende el valenciano como eje integrador de nuestra sociedad El Consejo Escolar de Muro manifiesta su firme rechazo a la [&hellip;]<\/p>\n","protected":false},"author":32,"featured_media":55453,"comment_status":"closed","ping_status":"closed","sticky":false,"template":"","format":"standard","meta":{"_et_pb_use_builder":"","_et_pb_old_content":"","_et_gb_content_width":"","footnotes":""},"categories":[51,54,49],"tags":[],"class_list":["post-55457","post","type-post","status-publish","format-standard","has-post-thumbnail","hentry","category-destacat-es","category-educacio-es","category-noticias"],"yoast_head":"<!-- This site is optimized with the Yoast SEO plugin v27.1.1 - https:\/\/yoast.com\/product\/yoast-seo-wordpress\/ -->\n<title>Muro expresa su rechazo a la Ley Rovira y defiende el valenciano como eje integrador de nuestra sociedad | Ajuntament de Muro<\/title>\n<meta name=\"robots\" content=\"index, follow, max-snippet:-1, max-image-preview:large, max-video-preview:-1\" \/>\n<link rel=\"canonical\" href=\"https:\/\/www.vilademuro.net\/es\/muro-expresa-su-rechazo-a-la-ley-rovira-y-defiende-el-valenciano-como-eje-integrador-de-nuestra-sociedad-2\/\" \/>\n<meta property=\"og:locale\" content=\"es_ES\" \/>\n<meta property=\"og:type\" content=\"article\" \/>\n<meta property=\"og:title\" content=\"Muro expresa su rechazo a la Ley Rovira y defiende el valenciano como eje integrador de nuestra sociedad | Ajuntament de Muro\" \/>\n<meta property=\"og:description\" content=\"Educaci\u00f3n Muro expresa su rechazo a la Ley Rovira y defiende el valenciano como eje integrador de nuestra sociedad El Consejo Escolar de Muro manifiesta su firme rechazo a la [&hellip;]\" \/>\n<meta property=\"og:url\" content=\"https:\/\/www.vilademuro.net\/es\/muro-expresa-su-rechazo-a-la-ley-rovira-y-defiende-el-valenciano-como-eje-integrador-de-nuestra-sociedad-2\/\" \/>\n<meta property=\"og:site_name\" content=\"Ajuntament de Muro\" \/>\n<meta property=\"article:publisher\" content=\"https:\/\/www.facebook.com\/murodealcoy\" \/>\n<meta property=\"article:published_time\" content=\"2025-02-04T08:30:34+00:00\" \/>\n<meta property=\"article:modified_time\" content=\"2025-02-04T08:35:22+00:00\" \/>\n<meta property=\"og:image\" content=\"https:\/\/www.vilademuro.net\/wp-content\/uploads\/2025\/02\/DIa-de-la-Pau.jpg\" \/>\n\t<meta property=\"og:image:width\" content=\"1920\" \/>\n\t<meta property=\"og:image:height\" content=\"1080\" \/>\n\t<meta property=\"og:image:type\" content=\"image\/jpeg\" \/>\n<meta name=\"author\" content=\"david perez\" \/>\n<meta name=\"twitter:card\" content=\"summary_large_image\" \/>\n<meta name=\"twitter:creator\" content=\"@AjuntamentMuro\" \/>\n<meta name=\"twitter:site\" content=\"@AjuntamentMuro\" \/>\n<meta name=\"twitter:label1\" content=\"Escrito por\" \/>\n\t<meta name=\"twitter:data1\" content=\"david perez\" \/>\n\t<meta name=\"twitter:label2\" content=\"Tiempo de lectura\" \/>\n\t<meta name=\"twitter:data2\" content=\"6 minutos\" \/>\n<script type=\"application\/ld+json\" class=\"yoast-schema-graph\">{\"@context\":\"https:\/\/schema.org\",\"@graph\":[{\"@type\":\"Article\",\"@id\":\"https:\/\/www.vilademuro.net\/es\/muro-expresa-su-rechazo-a-la-ley-rovira-y-defiende-el-valenciano-como-eje-integrador-de-nuestra-sociedad-2\/#article\",\"isPartOf\":{\"@id\":\"https:\/\/www.vilademuro.net\/es\/muro-expresa-su-rechazo-a-la-ley-rovira-y-defiende-el-valenciano-como-eje-integrador-de-nuestra-sociedad-2\/\"},\"author\":{\"name\":\"david perez\",\"@id\":\"https:\/\/www.vilademuro.net\/es\/#\/schema\/person\/18d508a6d83aeac8b78142fe72d521b2\"},\"headline\":\"Muro expresa su rechazo a la Ley Rovira y defiende el valenciano como eje integrador de nuestra sociedad\",\"datePublished\":\"2025-02-04T08:30:34+00:00\",\"dateModified\":\"2025-02-04T08:35:22+00:00\",\"mainEntityOfPage\":{\"@id\":\"https:\/\/www.vilademuro.net\/es\/muro-expresa-su-rechazo-a-la-ley-rovira-y-defiende-el-valenciano-como-eje-integrador-de-nuestra-sociedad-2\/\"},\"wordCount\":1134,\"publisher\":{\"@id\":\"https:\/\/www.vilademuro.net\/es\/#organization\"},\"image\":{\"@id\":\"https:\/\/www.vilademuro.net\/es\/muro-expresa-su-rechazo-a-la-ley-rovira-y-defiende-el-valenciano-como-eje-integrador-de-nuestra-sociedad-2\/#primaryimage\"},\"thumbnailUrl\":\"https:\/\/www.vilademuro.net\/wp-content\/uploads\/2025\/02\/DIa-de-la-Pau.jpg\",\"articleSection\":[\"Destacat\",\"Educaci\u00f3\",\"Noticias\"],\"inLanguage\":\"es\"},{\"@type\":\"WebPage\",\"@id\":\"https:\/\/www.vilademuro.net\/es\/muro-expresa-su-rechazo-a-la-ley-rovira-y-defiende-el-valenciano-como-eje-integrador-de-nuestra-sociedad-2\/\",\"url\":\"https:\/\/www.vilademuro.net\/es\/muro-expresa-su-rechazo-a-la-ley-rovira-y-defiende-el-valenciano-como-eje-integrador-de-nuestra-sociedad-2\/\",\"name\":\"Muro expresa su rechazo a la Ley Rovira y defiende el valenciano como eje integrador de nuestra sociedad | Ajuntament de Muro\",\"isPartOf\":{\"@id\":\"https:\/\/www.vilademuro.net\/es\/#website\"},\"primaryImageOfPage\":{\"@id\":\"https:\/\/www.vilademuro.net\/es\/muro-expresa-su-rechazo-a-la-ley-rovira-y-defiende-el-valenciano-como-eje-integrador-de-nuestra-sociedad-2\/#primaryimage\"},\"image\":{\"@id\":\"https:\/\/www.vilademuro.net\/es\/muro-expresa-su-rechazo-a-la-ley-rovira-y-defiende-el-valenciano-como-eje-integrador-de-nuestra-sociedad-2\/#primaryimage\"},\"thumbnailUrl\":\"https:\/\/www.vilademuro.net\/wp-content\/uploads\/2025\/02\/DIa-de-la-Pau.jpg\",\"datePublished\":\"2025-02-04T08:30:34+00:00\",\"dateModified\":\"2025-02-04T08:35:22+00:00\",\"breadcrumb\":{\"@id\":\"https:\/\/www.vilademuro.net\/es\/muro-expresa-su-rechazo-a-la-ley-rovira-y-defiende-el-valenciano-como-eje-integrador-de-nuestra-sociedad-2\/#breadcrumb\"},\"inLanguage\":\"es\",\"potentialAction\":[{\"@type\":\"ReadAction\",\"target\":[\"https:\/\/www.vilademuro.net\/es\/muro-expresa-su-rechazo-a-la-ley-rovira-y-defiende-el-valenciano-como-eje-integrador-de-nuestra-sociedad-2\/\"]}]},{\"@type\":\"ImageObject\",\"inLanguage\":\"es\",\"@id\":\"https:\/\/www.vilademuro.net\/es\/muro-expresa-su-rechazo-a-la-ley-rovira-y-defiende-el-valenciano-como-eje-integrador-de-nuestra-sociedad-2\/#primaryimage\",\"url\":\"https:\/\/www.vilademuro.net\/wp-content\/uploads\/2025\/02\/DIa-de-la-Pau.jpg\",\"contentUrl\":\"https:\/\/www.vilademuro.net\/wp-content\/uploads\/2025\/02\/DIa-de-la-Pau.jpg\",\"width\":1920,\"height\":1080},{\"@type\":\"BreadcrumbList\",\"@id\":\"https:\/\/www.vilademuro.net\/es\/muro-expresa-su-rechazo-a-la-ley-rovira-y-defiende-el-valenciano-como-eje-integrador-de-nuestra-sociedad-2\/#breadcrumb\",\"itemListElement\":[{\"@type\":\"ListItem\",\"position\":1,\"name\":\"Inici\",\"item\":\"https:\/\/www.vilademuro.net\/es\/\"},{\"@type\":\"ListItem\",\"position\":2,\"name\":\"Muro expresa su rechazo a la Ley Rovira y defiende el valenciano como eje integrador de nuestra sociedad\"}]},{\"@type\":\"WebSite\",\"@id\":\"https:\/\/www.vilademuro.net\/es\/#website\",\"url\":\"https:\/\/www.vilademuro.net\/es\/\",\"name\":\"Ajuntament de Muro d'Alcoi\",\"description\":\"P\u00e1gina web oficial de l&#039;Ajuntament de Muro\",\"publisher\":{\"@id\":\"https:\/\/www.vilademuro.net\/es\/#organization\"},\"potentialAction\":[{\"@type\":\"SearchAction\",\"target\":{\"@type\":\"EntryPoint\",\"urlTemplate\":\"https:\/\/www.vilademuro.net\/es\/?s={search_term_string}\"},\"query-input\":{\"@type\":\"PropertyValueSpecification\",\"valueRequired\":true,\"valueName\":\"search_term_string\"}}],\"inLanguage\":\"es\"},{\"@type\":\"Organization\",\"@id\":\"https:\/\/www.vilademuro.net\/es\/#organization\",\"name\":\"Ajuntament de Muro\",\"url\":\"https:\/\/www.vilademuro.net\/es\/\",\"logo\":{\"@type\":\"ImageObject\",\"inLanguage\":\"es\",\"@id\":\"https:\/\/www.vilademuro.net\/es\/#\/schema\/logo\/image\/\",\"url\":\"https:\/\/www.vilademuro.net\/wp-content\/uploads\/2022\/10\/LOGO3-2.jpg\",\"contentUrl\":\"https:\/\/www.vilademuro.net\/wp-content\/uploads\/2022\/10\/LOGO3-2.jpg\",\"width\":756,\"height\":517,\"caption\":\"Ajuntament de Muro\"},\"image\":{\"@id\":\"https:\/\/www.vilademuro.net\/es\/#\/schema\/logo\/image\/\"},\"sameAs\":[\"https:\/\/www.facebook.com\/murodealcoy\",\"https:\/\/x.com\/AjuntamentMuro\",\"https:\/\/www.youtube.com\/channel\/UC2rwbKfRqsd1Ncwm6Y1prQw\"]},{\"@type\":\"Person\",\"@id\":\"https:\/\/www.vilademuro.net\/es\/#\/schema\/person\/18d508a6d83aeac8b78142fe72d521b2\",\"name\":\"david perez\",\"image\":{\"@type\":\"ImageObject\",\"inLanguage\":\"es\",\"@id\":\"https:\/\/www.vilademuro.net\/es\/#\/schema\/person\/image\/\",\"url\":\"https:\/\/secure.gravatar.com\/avatar\/32e29d67ef109fa6f899286cf1743bb75688fd5ba35d80f5c1b6ac2b6bf32256?s=96&d=mm&r=g\",\"contentUrl\":\"https:\/\/secure.gravatar.com\/avatar\/32e29d67ef109fa6f899286cf1743bb75688fd5ba35d80f5c1b6ac2b6bf32256?s=96&d=mm&r=g\",\"caption\":\"david perez\"}}]}<\/script>\n<!-- \/ Yoast SEO plugin. -->","yoast_head_json":{"title":"Muro expresa su rechazo a la Ley Rovira y defiende el valenciano como eje integrador de nuestra sociedad | Ajuntament de Muro","robots":{"index":"index","follow":"follow","max-snippet":"max-snippet:-1","max-image-preview":"max-image-preview:large","max-video-preview":"max-video-preview:-1"},"canonical":"https:\/\/www.vilademuro.net\/es\/muro-expresa-su-rechazo-a-la-ley-rovira-y-defiende-el-valenciano-como-eje-integrador-de-nuestra-sociedad-2\/","og_locale":"es_ES","og_type":"article","og_title":"Muro expresa su rechazo a la Ley Rovira y defiende el valenciano como eje integrador de nuestra sociedad | Ajuntament de Muro","og_description":"Educaci\u00f3n Muro expresa su rechazo a la Ley Rovira y defiende el valenciano como eje integrador de nuestra sociedad El Consejo Escolar de Muro manifiesta su firme rechazo a la [&hellip;]","og_url":"https:\/\/www.vilademuro.net\/es\/muro-expresa-su-rechazo-a-la-ley-rovira-y-defiende-el-valenciano-como-eje-integrador-de-nuestra-sociedad-2\/","og_site_name":"Ajuntament de Muro","article_publisher":"https:\/\/www.facebook.com\/murodealcoy","article_published_time":"2025-02-04T08:30:34+00:00","article_modified_time":"2025-02-04T08:35:22+00:00","og_image":[{"width":1920,"height":1080,"url":"https:\/\/www.vilademuro.net\/wp-content\/uploads\/2025\/02\/DIa-de-la-Pau.jpg","type":"image\/jpeg"}],"author":"david perez","twitter_card":"summary_large_image","twitter_creator":"@AjuntamentMuro","twitter_site":"@AjuntamentMuro","twitter_misc":{"Escrito por":"david perez","Tiempo de lectura":"6 minutos"},"schema":{"@context":"https:\/\/schema.org","@graph":[{"@type":"Article","@id":"https:\/\/www.vilademuro.net\/es\/muro-expresa-su-rechazo-a-la-ley-rovira-y-defiende-el-valenciano-como-eje-integrador-de-nuestra-sociedad-2\/#article","isPartOf":{"@id":"https:\/\/www.vilademuro.net\/es\/muro-expresa-su-rechazo-a-la-ley-rovira-y-defiende-el-valenciano-como-eje-integrador-de-nuestra-sociedad-2\/"},"author":{"name":"david perez","@id":"https:\/\/www.vilademuro.net\/es\/#\/schema\/person\/18d508a6d83aeac8b78142fe72d521b2"},"headline":"Muro expresa su rechazo a la Ley Rovira y defiende el valenciano como eje integrador de nuestra sociedad","datePublished":"2025-02-04T08:30:34+00:00","dateModified":"2025-02-04T08:35:22+00:00","mainEntityOfPage":{"@id":"https:\/\/www.vilademuro.net\/es\/muro-expresa-su-rechazo-a-la-ley-rovira-y-defiende-el-valenciano-como-eje-integrador-de-nuestra-sociedad-2\/"},"wordCount":1134,"publisher":{"@id":"https:\/\/www.vilademuro.net\/es\/#organization"},"image":{"@id":"https:\/\/www.vilademuro.net\/es\/muro-expresa-su-rechazo-a-la-ley-rovira-y-defiende-el-valenciano-como-eje-integrador-de-nuestra-sociedad-2\/#primaryimage"},"thumbnailUrl":"https:\/\/www.vilademuro.net\/wp-content\/uploads\/2025\/02\/DIa-de-la-Pau.jpg","articleSection":["Destacat","Educaci\u00f3","Noticias"],"inLanguage":"es"},{"@type":"WebPage","@id":"https:\/\/www.vilademuro.net\/es\/muro-expresa-su-rechazo-a-la-ley-rovira-y-defiende-el-valenciano-como-eje-integrador-de-nuestra-sociedad-2\/","url":"https:\/\/www.vilademuro.net\/es\/muro-expresa-su-rechazo-a-la-ley-rovira-y-defiende-el-valenciano-como-eje-integrador-de-nuestra-sociedad-2\/","name":"Muro expresa su rechazo a la Ley Rovira y defiende el valenciano como eje integrador de nuestra sociedad | Ajuntament de Muro","isPartOf":{"@id":"https:\/\/www.vilademuro.net\/es\/#website"},"primaryImageOfPage":{"@id":"https:\/\/www.vilademuro.net\/es\/muro-expresa-su-rechazo-a-la-ley-rovira-y-defiende-el-valenciano-como-eje-integrador-de-nuestra-sociedad-2\/#primaryimage"},"image":{"@id":"https:\/\/www.vilademuro.net\/es\/muro-expresa-su-rechazo-a-la-ley-rovira-y-defiende-el-valenciano-como-eje-integrador-de-nuestra-sociedad-2\/#primaryimage"},"thumbnailUrl":"https:\/\/www.vilademuro.net\/wp-content\/uploads\/2025\/02\/DIa-de-la-Pau.jpg","datePublished":"2025-02-04T08:30:34+00:00","dateModified":"2025-02-04T08:35:22+00:00","breadcrumb":{"@id":"https:\/\/www.vilademuro.net\/es\/muro-expresa-su-rechazo-a-la-ley-rovira-y-defiende-el-valenciano-como-eje-integrador-de-nuestra-sociedad-2\/#breadcrumb"},"inLanguage":"es","potentialAction":[{"@type":"ReadAction","target":["https:\/\/www.vilademuro.net\/es\/muro-expresa-su-rechazo-a-la-ley-rovira-y-defiende-el-valenciano-como-eje-integrador-de-nuestra-sociedad-2\/"]}]},{"@type":"ImageObject","inLanguage":"es","@id":"https:\/\/www.vilademuro.net\/es\/muro-expresa-su-rechazo-a-la-ley-rovira-y-defiende-el-valenciano-como-eje-integrador-de-nuestra-sociedad-2\/#primaryimage","url":"https:\/\/www.vilademuro.net\/wp-content\/uploads\/2025\/02\/DIa-de-la-Pau.jpg","contentUrl":"https:\/\/www.vilademuro.net\/wp-content\/uploads\/2025\/02\/DIa-de-la-Pau.jpg","width":1920,"height":1080},{"@type":"BreadcrumbList","@id":"https:\/\/www.vilademuro.net\/es\/muro-expresa-su-rechazo-a-la-ley-rovira-y-defiende-el-valenciano-como-eje-integrador-de-nuestra-sociedad-2\/#breadcrumb","itemListElement":[{"@type":"ListItem","position":1,"name":"Inici","item":"https:\/\/www.vilademuro.net\/es\/"},{"@type":"ListItem","position":2,"name":"Muro expresa su rechazo a la Ley Rovira y defiende el valenciano como eje integrador de nuestra sociedad"}]},{"@type":"WebSite","@id":"https:\/\/www.vilademuro.net\/es\/#website","url":"https:\/\/www.vilademuro.net\/es\/","name":"Ajuntament de Muro d'Alcoi","description":"P\u00e1gina web oficial de l&#039;Ajuntament de Muro","publisher":{"@id":"https:\/\/www.vilademuro.net\/es\/#organization"},"potentialAction":[{"@type":"SearchAction","target":{"@type":"EntryPoint","urlTemplate":"https:\/\/www.vilademuro.net\/es\/?s={search_term_string}"},"query-input":{"@type":"PropertyValueSpecification","valueRequired":true,"valueName":"search_term_string"}}],"inLanguage":"es"},{"@type":"Organization","@id":"https:\/\/www.vilademuro.net\/es\/#organization","name":"Ajuntament de Muro","url":"https:\/\/www.vilademuro.net\/es\/","logo":{"@type":"ImageObject","inLanguage":"es","@id":"https:\/\/www.vilademuro.net\/es\/#\/schema\/logo\/image\/","url":"https:\/\/www.vilademuro.net\/wp-content\/uploads\/2022\/10\/LOGO3-2.jpg","contentUrl":"https:\/\/www.vilademuro.net\/wp-content\/uploads\/2022\/10\/LOGO3-2.jpg","width":756,"height":517,"caption":"Ajuntament de Muro"},"image":{"@id":"https:\/\/www.vilademuro.net\/es\/#\/schema\/logo\/image\/"},"sameAs":["https:\/\/www.facebook.com\/murodealcoy","https:\/\/x.com\/AjuntamentMuro","https:\/\/www.youtube.com\/channel\/UC2rwbKfRqsd1Ncwm6Y1prQw"]},{"@type":"Person","@id":"https:\/\/www.vilademuro.net\/es\/#\/schema\/person\/18d508a6d83aeac8b78142fe72d521b2","name":"david perez","image":{"@type":"ImageObject","inLanguage":"es","@id":"https:\/\/www.vilademuro.net\/es\/#\/schema\/person\/image\/","url":"https:\/\/secure.gravatar.com\/avatar\/32e29d67ef109fa6f899286cf1743bb75688fd5ba35d80f5c1b6ac2b6bf32256?s=96&d=mm&r=g","contentUrl":"https:\/\/secure.gravatar.com\/avatar\/32e29d67ef109fa6f899286cf1743bb75688fd5ba35d80f5c1b6ac2b6bf32256?s=96&d=mm&r=g","caption":"david perez"}}]}},"_links":{"self":[{"href":"https:\/\/www.vilademuro.net\/es\/wp-json\/wp\/v2\/posts\/55457","targetHints":{"allow":["GET"]}}],"collection":[{"href":"https:\/\/www.vilademuro.net\/es\/wp-json\/wp\/v2\/posts"}],"about":[{"href":"https:\/\/www.vilademuro.net\/es\/wp-json\/wp\/v2\/types\/post"}],"author":[{"embeddable":true,"href":"https:\/\/www.vilademuro.net\/es\/wp-json\/wp\/v2\/users\/32"}],"replies":[{"embeddable":true,"href":"https:\/\/www.vilademuro.net\/es\/wp-json\/wp\/v2\/comments?post=55457"}],"version-history":[{"count":3,"href":"https:\/\/www.vilademuro.net\/es\/wp-json\/wp\/v2\/posts\/55457\/revisions"}],"predecessor-version":[{"id":55461,"href":"https:\/\/www.vilademuro.net\/es\/wp-json\/wp\/v2\/posts\/55457\/revisions\/55461"}],"wp:featuredmedia":[{"embeddable":true,"href":"https:\/\/www.vilademuro.net\/es\/wp-json\/wp\/v2\/media\/55453"}],"wp:attachment":[{"href":"https:\/\/www.vilademuro.net\/es\/wp-json\/wp\/v2\/media?parent=55457"}],"wp:term":[{"taxonomy":"category","embeddable":true,"href":"https:\/\/www.vilademuro.net\/es\/wp-json\/wp\/v2\/categories?post=55457"},{"taxonomy":"post_tag","embeddable":true,"href":"https:\/\/www.vilademuro.net\/es\/wp-json\/wp\/v2\/tags?post=55457"}],"curies":[{"name":"wp","href":"https:\/\/api.w.org\/{rel}","templated":true}]}}