{"id":55420,"date":"2025-01-29T07:26:49","date_gmt":"2025-01-29T06:26:49","guid":{"rendered":"https:\/\/www.vilademuro.net\/?p=55420"},"modified":"2025-01-29T07:30:35","modified_gmt":"2025-01-29T06:30:35","slug":"muro-presenta-este-miercoles-la-nueva-estrategia-transversal-municipal-que-cambiara-el-paradigma-del-municipio","status":"publish","type":"post","link":"https:\/\/www.vilademuro.net\/es\/muro-presenta-este-miercoles-la-nueva-estrategia-transversal-municipal-que-cambiara-el-paradigma-del-municipio\/","title":{"rendered":"Muro presenta este mi\u00e9rcoles la nueva estrategia transversal municipal que cambiar\u00e1 el paradigma del municipio"},"content":{"rendered":"<p><strong>Muro presenta este mi\u00e9rcoles la nueva estrategia transversal municipal que cambiar\u00e1 el paradigma del municipio<\/strong><\/p>\n<p>(Muro, 27 de enero de 2025) Muro se enfrenta en esta legislatura a grandes retos como el cambio clim\u00e1tico, la gesti\u00f3n del n\u00facleo hist\u00f3rico, la p\u00e9rdida de comercios hist\u00f3ricos tradicionales o la falta de iniciativa privada que apueste por el municipio frente a las grandes ciudades. Sin embargo, Muro ha logrado dise\u00f1ar un plan para emprender un cambio transformador y construir la transici\u00f3n hacia un futuro m\u00e1s verde y resiliente.<\/p>\n<p>Con este objetivo, la nueva estrategia municipal transversal que se presentar\u00e1 este mi\u00e9rcoles ofrecer\u00e1 una poderosa fuente de luz para Muro, con la intenci\u00f3n de reavivar su econom\u00eda y fortalecer el panorama de oportunidades laborales tanto para su comunidad como para aquellas personas que se sentir\u00e1n atra\u00eddas por este nuevo contexto de promoci\u00f3n econ\u00f3mica y social.<\/p>\n<p>El valor de la estrategia que ahora se presenta es inmenso, multicapa y de gran alcance. Por ello, en la presentaci\u00f3n participar\u00e1n, adem\u00e1s del alcalde del municipio, Vicent Molina, los concejales delegados de promoci\u00f3n econ\u00f3mica, Sa\u00fal Serrano; de participaci\u00f3n ciudadana, juventud y patrimonio cultural, Sergi Silvestre; la concejala de turismo, medio ambiente y transici\u00f3n ecol\u00f3gica, Carol Iv\u00e0\u00f1ez, y el concejal de cultura, Fernando Pic\u00f3. Tambi\u00e9n estar\u00e1 presente el t\u00e9cnico redactor del plan y especialista en gesti\u00f3n cultural y del patrimonio, Josep Valero, quien presentar\u00e1 los detalles t\u00e9cnicos del proyecto.<\/p>\n<p>Para el alcalde, Vicent Molina, con esta estrategia \u201cse nos presenta a los murers y mureres la posibilidad \u00fanica de demostrar al mundo la capacidad de innovaci\u00f3n, resiliencia e ilusi\u00f3n que somos capaces de activar cuando existen proyectos como este, que nos har\u00e1n cambiar el paradigma del municipio en una transici\u00f3n integral hacia un pueblo m\u00e1s habitable, atractivo y lleno de oportunidades, convirti\u00e9ndolo en todo un referente en la Comunidad Valenciana\u201d.<\/p>\n<p>La presentaci\u00f3n de esta estrategia se realizar\u00e1 el pr\u00f3ximo mi\u00e9rcoles 29 de enero a las 10:30 h en el Centro Cultural de la Vila de Muro.<\/p>\n<p><img loading=\"lazy\" decoding=\"async\" class=\"alignnone size-medium wp-image-55412\" src=\"https:\/\/www.vilademuro.net\/wp-content\/uploads\/2025\/01\/Districte-Cultural-300x158.jpeg\" alt=\"\" width=\"300\" height=\"158\" \/><\/p>\n","protected":false},"excerpt":{"rendered":"<p>Muro presenta este mi\u00e9rcoles la nueva estrategia transversal municipal que cambiar\u00e1 el paradigma del municipio (Muro, 27 de enero de 2025) Muro se enfrenta en esta legislatura a grandes retos [&hellip;]<\/p>\n","protected":false},"author":32,"featured_media":55418,"comment_status":"closed","ping_status":"closed","sticky":false,"template":"","format":"standard","meta":{"_et_pb_use_builder":"","_et_pb_old_content":"","_et_gb_content_width":"","footnotes":""},"categories":[51,49,52,78],"tags":[],"class_list":["post-55420","post","type-post","status-publish","format-standard","has-post-thumbnail","hentry","category-destacat-es","category-noticias","category-turisme-es","category-turismo"],"yoast_head":"<!-- This site is optimized with the Yoast SEO plugin v27.1.1 - https:\/\/yoast.com\/product\/yoast-seo-wordpress\/ -->\n<title>Muro presenta este mi\u00e9rcoles la nueva estrategia transversal municipal que cambiar\u00e1 el paradigma del municipio | Ajuntament de Muro<\/title>\n<meta name=\"robots\" content=\"index, follow, max-snippet:-1, max-image-preview:large, max-video-preview:-1\" \/>\n<link rel=\"canonical\" href=\"https:\/\/www.vilademuro.net\/es\/muro-presenta-este-miercoles-la-nueva-estrategia-transversal-municipal-que-cambiara-el-paradigma-del-municipio\/\" \/>\n<meta property=\"og:locale\" content=\"es_ES\" \/>\n<meta property=\"og:type\" content=\"article\" \/>\n<meta property=\"og:title\" content=\"Muro presenta este mi\u00e9rcoles la nueva estrategia transversal municipal que cambiar\u00e1 el paradigma del municipio | Ajuntament de Muro\" \/>\n<meta property=\"og:description\" content=\"Muro presenta este mi\u00e9rcoles la nueva estrategia transversal municipal que cambiar\u00e1 el paradigma del municipio (Muro, 27 de enero de 2025) Muro se enfrenta en esta legislatura a grandes retos [&hellip;]\" \/>\n<meta property=\"og:url\" content=\"https:\/\/www.vilademuro.net\/es\/muro-presenta-este-miercoles-la-nueva-estrategia-transversal-municipal-que-cambiara-el-paradigma-del-municipio\/\" \/>\n<meta property=\"og:site_name\" content=\"Ajuntament de Muro\" \/>\n<meta property=\"article:publisher\" content=\"https:\/\/www.facebook.com\/murodealcoy\" \/>\n<meta property=\"article:published_time\" content=\"2025-01-29T06:26:49+00:00\" \/>\n<meta property=\"article:modified_time\" content=\"2025-01-29T06:30:35+00:00\" \/>\n<meta property=\"og:image\" content=\"https:\/\/www.vilademuro.net\/wp-content\/uploads\/2025\/01\/muro-1.jpg\" \/>\n\t<meta property=\"og:image:width\" content=\"1024\" \/>\n\t<meta property=\"og:image:height\" content=\"682\" \/>\n\t<meta property=\"og:image:type\" content=\"image\/jpeg\" \/>\n<meta name=\"author\" content=\"david perez\" \/>\n<meta name=\"twitter:card\" content=\"summary_large_image\" \/>\n<meta name=\"twitter:creator\" content=\"@AjuntamentMuro\" \/>\n<meta name=\"twitter:site\" content=\"@AjuntamentMuro\" \/>\n<meta name=\"twitter:label1\" content=\"Escrito por\" \/>\n\t<meta name=\"twitter:data1\" content=\"david perez\" \/>\n\t<meta name=\"twitter:label2\" content=\"Tiempo de lectura\" \/>\n\t<meta name=\"twitter:data2\" content=\"3 minutos\" \/>\n<script type=\"application\/ld+json\" class=\"yoast-schema-graph\">{\"@context\":\"https:\/\/schema.org\",\"@graph\":[{\"@type\":\"Article\",\"@id\":\"https:\/\/www.vilademuro.net\/es\/muro-presenta-este-miercoles-la-nueva-estrategia-transversal-municipal-que-cambiara-el-paradigma-del-municipio\/#article\",\"isPartOf\":{\"@id\":\"https:\/\/www.vilademuro.net\/es\/muro-presenta-este-miercoles-la-nueva-estrategia-transversal-municipal-que-cambiara-el-paradigma-del-municipio\/\"},\"author\":{\"name\":\"david perez\",\"@id\":\"https:\/\/www.vilademuro.net\/es\/#\/schema\/person\/18d508a6d83aeac8b78142fe72d521b2\"},\"headline\":\"Muro presenta este mi\u00e9rcoles la nueva estrategia transversal municipal que cambiar\u00e1 el paradigma del municipio\",\"datePublished\":\"2025-01-29T06:26:49+00:00\",\"dateModified\":\"2025-01-29T06:30:35+00:00\",\"mainEntityOfPage\":{\"@id\":\"https:\/\/www.vilademuro.net\/es\/muro-presenta-este-miercoles-la-nueva-estrategia-transversal-municipal-que-cambiara-el-paradigma-del-municipio\/\"},\"wordCount\":379,\"publisher\":{\"@id\":\"https:\/\/www.vilademuro.net\/es\/#organization\"},\"image\":{\"@id\":\"https:\/\/www.vilademuro.net\/es\/muro-presenta-este-miercoles-la-nueva-estrategia-transversal-municipal-que-cambiara-el-paradigma-del-municipio\/#primaryimage\"},\"thumbnailUrl\":\"https:\/\/www.vilademuro.net\/wp-content\/uploads\/2025\/01\/muro-1.jpg\",\"articleSection\":[\"Destacat\",\"Noticias\",\"Turismo\",\"Turismo\"],\"inLanguage\":\"es\"},{\"@type\":\"WebPage\",\"@id\":\"https:\/\/www.vilademuro.net\/es\/muro-presenta-este-miercoles-la-nueva-estrategia-transversal-municipal-que-cambiara-el-paradigma-del-municipio\/\",\"url\":\"https:\/\/www.vilademuro.net\/es\/muro-presenta-este-miercoles-la-nueva-estrategia-transversal-municipal-que-cambiara-el-paradigma-del-municipio\/\",\"name\":\"Muro presenta este mi\u00e9rcoles la nueva estrategia transversal municipal que cambiar\u00e1 el paradigma del municipio | Ajuntament de Muro\",\"isPartOf\":{\"@id\":\"https:\/\/www.vilademuro.net\/es\/#website\"},\"primaryImageOfPage\":{\"@id\":\"https:\/\/www.vilademuro.net\/es\/muro-presenta-este-miercoles-la-nueva-estrategia-transversal-municipal-que-cambiara-el-paradigma-del-municipio\/#primaryimage\"},\"image\":{\"@id\":\"https:\/\/www.vilademuro.net\/es\/muro-presenta-este-miercoles-la-nueva-estrategia-transversal-municipal-que-cambiara-el-paradigma-del-municipio\/#primaryimage\"},\"thumbnailUrl\":\"https:\/\/www.vilademuro.net\/wp-content\/uploads\/2025\/01\/muro-1.jpg\",\"datePublished\":\"2025-01-29T06:26:49+00:00\",\"dateModified\":\"2025-01-29T06:30:35+00:00\",\"breadcrumb\":{\"@id\":\"https:\/\/www.vilademuro.net\/es\/muro-presenta-este-miercoles-la-nueva-estrategia-transversal-municipal-que-cambiara-el-paradigma-del-municipio\/#breadcrumb\"},\"inLanguage\":\"es\",\"potentialAction\":[{\"@type\":\"ReadAction\",\"target\":[\"https:\/\/www.vilademuro.net\/es\/muro-presenta-este-miercoles-la-nueva-estrategia-transversal-municipal-que-cambiara-el-paradigma-del-municipio\/\"]}]},{\"@type\":\"ImageObject\",\"inLanguage\":\"es\",\"@id\":\"https:\/\/www.vilademuro.net\/es\/muro-presenta-este-miercoles-la-nueva-estrategia-transversal-municipal-que-cambiara-el-paradigma-del-municipio\/#primaryimage\",\"url\":\"https:\/\/www.vilademuro.net\/wp-content\/uploads\/2025\/01\/muro-1.jpg\",\"contentUrl\":\"https:\/\/www.vilademuro.net\/wp-content\/uploads\/2025\/01\/muro-1.jpg\",\"width\":1024,\"height\":682},{\"@type\":\"BreadcrumbList\",\"@id\":\"https:\/\/www.vilademuro.net\/es\/muro-presenta-este-miercoles-la-nueva-estrategia-transversal-municipal-que-cambiara-el-paradigma-del-municipio\/#breadcrumb\",\"itemListElement\":[{\"@type\":\"ListItem\",\"position\":1,\"name\":\"Inici\",\"item\":\"https:\/\/www.vilademuro.net\/es\/\"},{\"@type\":\"ListItem\",\"position\":2,\"name\":\"Muro presenta este mi\u00e9rcoles la nueva estrategia transversal municipal que cambiar\u00e1 el paradigma del municipio\"}]},{\"@type\":\"WebSite\",\"@id\":\"https:\/\/www.vilademuro.net\/es\/#website\",\"url\":\"https:\/\/www.vilademuro.net\/es\/\",\"name\":\"Ajuntament de Muro d'Alcoi\",\"description\":\"P\u00e1gina web oficial de l&#039;Ajuntament de Muro\",\"publisher\":{\"@id\":\"https:\/\/www.vilademuro.net\/es\/#organization\"},\"potentialAction\":[{\"@type\":\"SearchAction\",\"target\":{\"@type\":\"EntryPoint\",\"urlTemplate\":\"https:\/\/www.vilademuro.net\/es\/?s={search_term_string}\"},\"query-input\":{\"@type\":\"PropertyValueSpecification\",\"valueRequired\":true,\"valueName\":\"search_term_string\"}}],\"inLanguage\":\"es\"},{\"@type\":\"Organization\",\"@id\":\"https:\/\/www.vilademuro.net\/es\/#organization\",\"name\":\"Ajuntament de Muro\",\"url\":\"https:\/\/www.vilademuro.net\/es\/\",\"logo\":{\"@type\":\"ImageObject\",\"inLanguage\":\"es\",\"@id\":\"https:\/\/www.vilademuro.net\/es\/#\/schema\/logo\/image\/\",\"url\":\"https:\/\/www.vilademuro.net\/wp-content\/uploads\/2022\/10\/LOGO3-2.jpg\",\"contentUrl\":\"https:\/\/www.vilademuro.net\/wp-content\/uploads\/2022\/10\/LOGO3-2.jpg\",\"width\":756,\"height\":517,\"caption\":\"Ajuntament de Muro\"},\"image\":{\"@id\":\"https:\/\/www.vilademuro.net\/es\/#\/schema\/logo\/image\/\"},\"sameAs\":[\"https:\/\/www.facebook.com\/murodealcoy\",\"https:\/\/x.com\/AjuntamentMuro\",\"https:\/\/www.youtube.com\/channel\/UC2rwbKfRqsd1Ncwm6Y1prQw\"]},{\"@type\":\"Person\",\"@id\":\"https:\/\/www.vilademuro.net\/es\/#\/schema\/person\/18d508a6d83aeac8b78142fe72d521b2\",\"name\":\"david perez\",\"image\":{\"@type\":\"ImageObject\",\"inLanguage\":\"es\",\"@id\":\"https:\/\/www.vilademuro.net\/es\/#\/schema\/person\/image\/\",\"url\":\"https:\/\/secure.gravatar.com\/avatar\/32e29d67ef109fa6f899286cf1743bb75688fd5ba35d80f5c1b6ac2b6bf32256?s=96&d=mm&r=g\",\"contentUrl\":\"https:\/\/secure.gravatar.com\/avatar\/32e29d67ef109fa6f899286cf1743bb75688fd5ba35d80f5c1b6ac2b6bf32256?s=96&d=mm&r=g\",\"caption\":\"david perez\"}}]}<\/script>\n<!-- \/ Yoast SEO plugin. -->","yoast_head_json":{"title":"Muro presenta este mi\u00e9rcoles la nueva estrategia transversal municipal que cambiar\u00e1 el paradigma del municipio | Ajuntament de Muro","robots":{"index":"index","follow":"follow","max-snippet":"max-snippet:-1","max-image-preview":"max-image-preview:large","max-video-preview":"max-video-preview:-1"},"canonical":"https:\/\/www.vilademuro.net\/es\/muro-presenta-este-miercoles-la-nueva-estrategia-transversal-municipal-que-cambiara-el-paradigma-del-municipio\/","og_locale":"es_ES","og_type":"article","og_title":"Muro presenta este mi\u00e9rcoles la nueva estrategia transversal municipal que cambiar\u00e1 el paradigma del municipio | Ajuntament de Muro","og_description":"Muro presenta este mi\u00e9rcoles la nueva estrategia transversal municipal que cambiar\u00e1 el paradigma del municipio (Muro, 27 de enero de 2025) Muro se enfrenta en esta legislatura a grandes retos [&hellip;]","og_url":"https:\/\/www.vilademuro.net\/es\/muro-presenta-este-miercoles-la-nueva-estrategia-transversal-municipal-que-cambiara-el-paradigma-del-municipio\/","og_site_name":"Ajuntament de Muro","article_publisher":"https:\/\/www.facebook.com\/murodealcoy","article_published_time":"2025-01-29T06:26:49+00:00","article_modified_time":"2025-01-29T06:30:35+00:00","og_image":[{"width":1024,"height":682,"url":"https:\/\/www.vilademuro.net\/wp-content\/uploads\/2025\/01\/muro-1.jpg","type":"image\/jpeg"}],"author":"david perez","twitter_card":"summary_large_image","twitter_creator":"@AjuntamentMuro","twitter_site":"@AjuntamentMuro","twitter_misc":{"Escrito por":"david perez","Tiempo de lectura":"3 minutos"},"schema":{"@context":"https:\/\/schema.org","@graph":[{"@type":"Article","@id":"https:\/\/www.vilademuro.net\/es\/muro-presenta-este-miercoles-la-nueva-estrategia-transversal-municipal-que-cambiara-el-paradigma-del-municipio\/#article","isPartOf":{"@id":"https:\/\/www.vilademuro.net\/es\/muro-presenta-este-miercoles-la-nueva-estrategia-transversal-municipal-que-cambiara-el-paradigma-del-municipio\/"},"author":{"name":"david perez","@id":"https:\/\/www.vilademuro.net\/es\/#\/schema\/person\/18d508a6d83aeac8b78142fe72d521b2"},"headline":"Muro presenta este mi\u00e9rcoles la nueva estrategia transversal municipal que cambiar\u00e1 el paradigma del municipio","datePublished":"2025-01-29T06:26:49+00:00","dateModified":"2025-01-29T06:30:35+00:00","mainEntityOfPage":{"@id":"https:\/\/www.vilademuro.net\/es\/muro-presenta-este-miercoles-la-nueva-estrategia-transversal-municipal-que-cambiara-el-paradigma-del-municipio\/"},"wordCount":379,"publisher":{"@id":"https:\/\/www.vilademuro.net\/es\/#organization"},"image":{"@id":"https:\/\/www.vilademuro.net\/es\/muro-presenta-este-miercoles-la-nueva-estrategia-transversal-municipal-que-cambiara-el-paradigma-del-municipio\/#primaryimage"},"thumbnailUrl":"https:\/\/www.vilademuro.net\/wp-content\/uploads\/2025\/01\/muro-1.jpg","articleSection":["Destacat","Noticias","Turismo","Turismo"],"inLanguage":"es"},{"@type":"WebPage","@id":"https:\/\/www.vilademuro.net\/es\/muro-presenta-este-miercoles-la-nueva-estrategia-transversal-municipal-que-cambiara-el-paradigma-del-municipio\/","url":"https:\/\/www.vilademuro.net\/es\/muro-presenta-este-miercoles-la-nueva-estrategia-transversal-municipal-que-cambiara-el-paradigma-del-municipio\/","name":"Muro presenta este mi\u00e9rcoles la nueva estrategia transversal municipal que cambiar\u00e1 el paradigma del municipio | Ajuntament de Muro","isPartOf":{"@id":"https:\/\/www.vilademuro.net\/es\/#website"},"primaryImageOfPage":{"@id":"https:\/\/www.vilademuro.net\/es\/muro-presenta-este-miercoles-la-nueva-estrategia-transversal-municipal-que-cambiara-el-paradigma-del-municipio\/#primaryimage"},"image":{"@id":"https:\/\/www.vilademuro.net\/es\/muro-presenta-este-miercoles-la-nueva-estrategia-transversal-municipal-que-cambiara-el-paradigma-del-municipio\/#primaryimage"},"thumbnailUrl":"https:\/\/www.vilademuro.net\/wp-content\/uploads\/2025\/01\/muro-1.jpg","datePublished":"2025-01-29T06:26:49+00:00","dateModified":"2025-01-29T06:30:35+00:00","breadcrumb":{"@id":"https:\/\/www.vilademuro.net\/es\/muro-presenta-este-miercoles-la-nueva-estrategia-transversal-municipal-que-cambiara-el-paradigma-del-municipio\/#breadcrumb"},"inLanguage":"es","potentialAction":[{"@type":"ReadAction","target":["https:\/\/www.vilademuro.net\/es\/muro-presenta-este-miercoles-la-nueva-estrategia-transversal-municipal-que-cambiara-el-paradigma-del-municipio\/"]}]},{"@type":"ImageObject","inLanguage":"es","@id":"https:\/\/www.vilademuro.net\/es\/muro-presenta-este-miercoles-la-nueva-estrategia-transversal-municipal-que-cambiara-el-paradigma-del-municipio\/#primaryimage","url":"https:\/\/www.vilademuro.net\/wp-content\/uploads\/2025\/01\/muro-1.jpg","contentUrl":"https:\/\/www.vilademuro.net\/wp-content\/uploads\/2025\/01\/muro-1.jpg","width":1024,"height":682},{"@type":"BreadcrumbList","@id":"https:\/\/www.vilademuro.net\/es\/muro-presenta-este-miercoles-la-nueva-estrategia-transversal-municipal-que-cambiara-el-paradigma-del-municipio\/#breadcrumb","itemListElement":[{"@type":"ListItem","position":1,"name":"Inici","item":"https:\/\/www.vilademuro.net\/es\/"},{"@type":"ListItem","position":2,"name":"Muro presenta este mi\u00e9rcoles la nueva estrategia transversal municipal que cambiar\u00e1 el paradigma del municipio"}]},{"@type":"WebSite","@id":"https:\/\/www.vilademuro.net\/es\/#website","url":"https:\/\/www.vilademuro.net\/es\/","name":"Ajuntament de Muro d'Alcoi","description":"P\u00e1gina web oficial de l&#039;Ajuntament de Muro","publisher":{"@id":"https:\/\/www.vilademuro.net\/es\/#organization"},"potentialAction":[{"@type":"SearchAction","target":{"@type":"EntryPoint","urlTemplate":"https:\/\/www.vilademuro.net\/es\/?s={search_term_string}"},"query-input":{"@type":"PropertyValueSpecification","valueRequired":true,"valueName":"search_term_string"}}],"inLanguage":"es"},{"@type":"Organization","@id":"https:\/\/www.vilademuro.net\/es\/#organization","name":"Ajuntament de Muro","url":"https:\/\/www.vilademuro.net\/es\/","logo":{"@type":"ImageObject","inLanguage":"es","@id":"https:\/\/www.vilademuro.net\/es\/#\/schema\/logo\/image\/","url":"https:\/\/www.vilademuro.net\/wp-content\/uploads\/2022\/10\/LOGO3-2.jpg","contentUrl":"https:\/\/www.vilademuro.net\/wp-content\/uploads\/2022\/10\/LOGO3-2.jpg","width":756,"height":517,"caption":"Ajuntament de Muro"},"image":{"@id":"https:\/\/www.vilademuro.net\/es\/#\/schema\/logo\/image\/"},"sameAs":["https:\/\/www.facebook.com\/murodealcoy","https:\/\/x.com\/AjuntamentMuro","https:\/\/www.youtube.com\/channel\/UC2rwbKfRqsd1Ncwm6Y1prQw"]},{"@type":"Person","@id":"https:\/\/www.vilademuro.net\/es\/#\/schema\/person\/18d508a6d83aeac8b78142fe72d521b2","name":"david perez","image":{"@type":"ImageObject","inLanguage":"es","@id":"https:\/\/www.vilademuro.net\/es\/#\/schema\/person\/image\/","url":"https:\/\/secure.gravatar.com\/avatar\/32e29d67ef109fa6f899286cf1743bb75688fd5ba35d80f5c1b6ac2b6bf32256?s=96&d=mm&r=g","contentUrl":"https:\/\/secure.gravatar.com\/avatar\/32e29d67ef109fa6f899286cf1743bb75688fd5ba35d80f5c1b6ac2b6bf32256?s=96&d=mm&r=g","caption":"david perez"}}]}},"_links":{"self":[{"href":"https:\/\/www.vilademuro.net\/es\/wp-json\/wp\/v2\/posts\/55420","targetHints":{"allow":["GET"]}}],"collection":[{"href":"https:\/\/www.vilademuro.net\/es\/wp-json\/wp\/v2\/posts"}],"about":[{"href":"https:\/\/www.vilademuro.net\/es\/wp-json\/wp\/v2\/types\/post"}],"author":[{"embeddable":true,"href":"https:\/\/www.vilademuro.net\/es\/wp-json\/wp\/v2\/users\/32"}],"replies":[{"embeddable":true,"href":"https:\/\/www.vilademuro.net\/es\/wp-json\/wp\/v2\/comments?post=55420"}],"version-history":[{"count":1,"href":"https:\/\/www.vilademuro.net\/es\/wp-json\/wp\/v2\/posts\/55420\/revisions"}],"predecessor-version":[{"id":55421,"href":"https:\/\/www.vilademuro.net\/es\/wp-json\/wp\/v2\/posts\/55420\/revisions\/55421"}],"wp:featuredmedia":[{"embeddable":true,"href":"https:\/\/www.vilademuro.net\/es\/wp-json\/wp\/v2\/media\/55418"}],"wp:attachment":[{"href":"https:\/\/www.vilademuro.net\/es\/wp-json\/wp\/v2\/media?parent=55420"}],"wp:term":[{"taxonomy":"category","embeddable":true,"href":"https:\/\/www.vilademuro.net\/es\/wp-json\/wp\/v2\/categories?post=55420"},{"taxonomy":"post_tag","embeddable":true,"href":"https:\/\/www.vilademuro.net\/es\/wp-json\/wp\/v2\/tags?post=55420"}],"curies":[{"name":"wp","href":"https:\/\/api.w.org\/{rel}","templated":true}]}}