{"id":55234,"date":"2025-01-12T18:38:19","date_gmt":"2025-01-12T17:38:19","guid":{"rendered":"https:\/\/www.vilademuro.net\/?p=55234"},"modified":"2025-01-22T06:36:37","modified_gmt":"2025-01-22T05:36:37","slug":"muro-teje-tradicion-y-comercio-en-la-fireta-de-sant-antoni","status":"publish","type":"post","link":"https:\/\/www.vilademuro.net\/es\/muro-teje-tradicion-y-comercio-en-la-fireta-de-sant-antoni\/","title":{"rendered":"Muro teje tradici\u00f3n y comercio en la Fireta de Sant Antoni"},"content":{"rendered":"<blockquote><p><strong>Turismo-Cultura<\/strong><\/p>\n<p><em>\u2022 El fin de semana del 17 al 19 de enero reunir\u00e1 a miles de personas para disfrutar de m\u00fasica, Mercado Medieval, exposiciones, danzas y mucho m\u00e1s.<\/em><br \/>\n<em>\u2022 Tres d\u00edas pensados para todos los p\u00fablicos, con especial atenci\u00f3n a una programaci\u00f3n familiar variada, que incluye el concierto de Dani Miquel, cuentacuentos y actividades para todas y todos.<\/em><\/p><\/blockquote>\n<p>Muro celebra su Fireta de Sant Antoni desde 1738, y un a\u00f1o m\u00e1s se ha propuesto ser escaparate de su fortaleza comercial y cultural. As\u00ed, decenas de puestos de venta y una completa programaci\u00f3n de actos para todos los p\u00fablicos, adem\u00e1s de exposiciones, se han preparado para el fin de semana del 17 al 19 de enero. Un evento declarado de Inter\u00e9s Tur\u00edstico Auton\u00f3mico que atrae a un numeroso grupo de personas de todas partes.<\/p>\n<p><img loading=\"lazy\" decoding=\"async\" class=\"size-medium wp-image-55199 aligncenter\" src=\"https:\/\/www.vilademuro.net\/wp-content\/uploads\/2025\/01\/Cartell-fireta-Sant-Antoni-Muro-2025-213x300.jpg\" alt=\"\" width=\"213\" height=\"300\" \/><\/p>\n<p>La concejala de Turismo, Carol Iv\u00e1\u00f1ez, destac\u00f3 que \u00abeste es el fin de semana perfecto para conocer Muro\u00bb porque \u00abdurante los d\u00edas de la Fireta, todo el pueblo sale a la calle para vivirla con intensidad, trabajando estrechamente para ofrecer lo mejor de nuestro municipio a quienes nos visitan. Nos hemos centrado en lo m\u00e1s tradicional, pero tambi\u00e9n con una mirada hacia las familias con ni\u00f1as y ni\u00f1os, para que encuentren su espacio\u00bb. Adem\u00e1s, subray\u00f3 que es \u00abuna Fireta que engalana Muro y que condensa gran parte de su oferta tur\u00edstica para ofrecer una muestra, como las visitas guiadas al Campanario\u00bb o \u00abla exposici\u00f3n en la Iglesia que narra la vida de las Hermanas Franciscanas de la Inmaculada en Muro, al tiempo que se redescubren los frescos de la Parroquia, obra del pintor Miguel Parra, todo un referente del academicismo en Europa\u00bb. Cabe recordar tambi\u00e9n que \u00abel Toque Manual de Campanas est\u00e1 reconocido por la UNESCO como Patrimonio Cultural Inmaterial de la Humanidad, un legado que cuidan con esmero los Campaneros del Comtat y otras asociaciones de campaneros a lo largo del territorio\u00bb.<\/p>\n<p>Tres intensas jornadas de programaci\u00f3n que, como se\u00f1al\u00f3 el concejal de Cultura y Tradiciones, Fernando Pic\u00f3, \u201cno podr\u00edan haberse llevado a cabo sin la ayuda de las asociaciones locales; la Fireta est\u00e1 hecha por y para la gente del pueblo\u201d. En esta edici\u00f3n, se ha apostado por convertir a Muro en un centro din\u00e1mico de exposiciones que cuenta su historia, pero tambi\u00e9n se abre a otros lugares y reflexiona sobre temas como el Alzheimer, la memoria de las mujeres y otros colectivos locales. Muro se ha esforzado por mostrar una vez m\u00e1s su potencial como polo cultural abierto a las Comarcas Centrales Valencianas, \u201cy por ello hemos programado conciertos, talleres, danzas tradicionales, la Romer\u00eda, doma de caballos, partidas de pelota valenciana, el Toque Manual de Campanas, cuentacuentos o el Mercado Medieval, entre otras actividades\u201d, concluy\u00f3 Pic\u00f3.<\/p>\n<p><img loading=\"lazy\" decoding=\"async\" class=\"size-medium wp-image-55227 aligncenter\" src=\"https:\/\/www.vilademuro.net\/wp-content\/uploads\/2025\/01\/Muro-300x225.jpg\" alt=\"\" width=\"300\" height=\"225\" \/><\/p>\n<p>La Fireta de Sant Antoni comenzar\u00e1 el 17 de enero con la inauguraci\u00f3n de las exposiciones, la apertura del Mercado Medieval a las 18:00 horas y el concierto de Germans Brothers a las 19:30 horas en la plaza Matzem. Sin embargo, la inauguraci\u00f3n oficial ser\u00e1 el s\u00e1bado 18 de enero, con un representante de las personas mayores del municipio, en un acto previsto a las 11:30 horas en la Placeta Molina. Como es tradici\u00f3n, se interpretar\u00e1 el popular \u201cTio Pep\u201d, se leer\u00e1 el preg\u00f3n y se rendir\u00e1 homenaje a uno de los comercios m\u00e1s antiguos de Muro.<\/p>\n<p>Cabe destacar que la plaza del Palau de la Senyoria se ha convertido en un referente para las familias con ni\u00f1as y ni\u00f1os, que podr\u00e1n disfrutar de cuentacuentos, malabares, magia y el esperado concierto de Dani Miquel, el domingo a las 12:30 horas.<\/p>\n<p>Tampoco faltar\u00e1n el folclore y los bailes tradicionales gracias a la colaboraci\u00f3n del Grup de Danses Baladre de Muro y el Aplec de Danses, que recorrer\u00e1 las calles desde la Placeta Molina hasta la plaza del Matzem. Uno de los momentos m\u00e1s especiales de la Fireta, que contar\u00e1 con el grupo invitado Rebombori de Gand\u00eda y el ritmo de la Xafig\u00e0 de Muro.<\/p>\n<p>La tradicional romer\u00eda de Sant Antoni arrancar\u00e1 el domingo 19 a las 17:00 horas, con su habitual recorrido desde la plaza de la Iglesia hasta la ermita de Sant Antoni.<\/p>\n<p>Desde Muro se invita a visitar la localidad a todas y todos, y se anima a consultar la informaci\u00f3n y horarios que se ir\u00e1n detallando en los medios de comunicaci\u00f3n del Ayuntamiento de Muro.<\/p>\n<p><img loading=\"lazy\" decoding=\"async\" class=\"alignnone wp-image-55229 size-large\" src=\"https:\/\/www.vilademuro.net\/wp-content\/uploads\/2025\/01\/triptic-ext-1024x350.jpg\" alt=\"\" width=\"1024\" height=\"350\" srcset=\"https:\/\/www.vilademuro.net\/wp-content\/uploads\/2025\/01\/triptic-ext-980x335.jpg 980w, https:\/\/www.vilademuro.net\/wp-content\/uploads\/2025\/01\/triptic-ext-480x164.jpg 480w\" sizes=\"(min-width: 0px) and (max-width: 480px) 480px, (min-width: 481px) and (max-width: 980px) 980px, (min-width: 981px) 1024px, 100vw\" \/> <img loading=\"lazy\" decoding=\"async\" class=\"alignnone wp-image-55231 size-large\" src=\"https:\/\/www.vilademuro.net\/wp-content\/uploads\/2025\/01\/triptic-int-1024x350.jpg\" alt=\"\" width=\"1024\" height=\"350\" srcset=\"https:\/\/www.vilademuro.net\/wp-content\/uploads\/2025\/01\/triptic-int-980x335.jpg 980w, https:\/\/www.vilademuro.net\/wp-content\/uploads\/2025\/01\/triptic-int-480x164.jpg 480w\" sizes=\"(min-width: 0px) and (max-width: 480px) 480px, (min-width: 481px) and (max-width: 980px) 980px, (min-width: 981px) 1024px, 100vw\" \/><\/p>\n","protected":false},"excerpt":{"rendered":"<p>Turismo-Cultura \u2022 El fin de semana del 17 al 19 de enero reunir\u00e1 a miles de personas para disfrutar de m\u00fasica, Mercado Medieval, exposiciones, danzas y mucho m\u00e1s. \u2022 Tres [&hellip;]<\/p>\n","protected":false},"author":32,"featured_media":55227,"comment_status":"closed","ping_status":"closed","sticky":false,"template":"","format":"standard","meta":{"_et_pb_use_builder":"","_et_pb_old_content":"","_et_gb_content_width":"","footnotes":""},"categories":[51,53,49,62,163,52,78],"tags":[],"class_list":["post-55234","post","type-post","status-publish","format-standard","has-post-thumbnail","hentry","category-destacat-es","category-festes-es","category-noticias","category-noticias-fiestas","category-ocio-deportes-y-aficiones","category-turisme-es","category-turismo"],"yoast_head":"<!-- This site is optimized with the Yoast SEO plugin v27.1.1 - https:\/\/yoast.com\/product\/yoast-seo-wordpress\/ -->\n<title>Muro teje tradici\u00f3n y comercio en la Fireta de Sant Antoni | Ajuntament de Muro<\/title>\n<meta name=\"robots\" content=\"index, follow, max-snippet:-1, max-image-preview:large, max-video-preview:-1\" \/>\n<link rel=\"canonical\" href=\"https:\/\/www.vilademuro.net\/es\/muro-teje-tradicion-y-comercio-en-la-fireta-de-sant-antoni\/\" \/>\n<meta property=\"og:locale\" content=\"es_ES\" \/>\n<meta property=\"og:type\" content=\"article\" \/>\n<meta property=\"og:title\" content=\"Muro teje tradici\u00f3n y comercio en la Fireta de Sant Antoni | Ajuntament de Muro\" \/>\n<meta property=\"og:description\" content=\"Turismo-Cultura \u2022 El fin de semana del 17 al 19 de enero reunir\u00e1 a miles de personas para disfrutar de m\u00fasica, Mercado Medieval, exposiciones, danzas y mucho m\u00e1s. \u2022 Tres [&hellip;]\" \/>\n<meta property=\"og:url\" content=\"https:\/\/www.vilademuro.net\/es\/muro-teje-tradicion-y-comercio-en-la-fireta-de-sant-antoni\/\" \/>\n<meta property=\"og:site_name\" content=\"Ajuntament de Muro\" \/>\n<meta property=\"article:publisher\" content=\"https:\/\/www.facebook.com\/murodealcoy\" \/>\n<meta property=\"article:published_time\" content=\"2025-01-12T17:38:19+00:00\" \/>\n<meta property=\"article:modified_time\" content=\"2025-01-22T05:36:37+00:00\" \/>\n<meta property=\"og:image\" content=\"https:\/\/www.vilademuro.net\/wp-content\/uploads\/2025\/01\/Muro.jpg\" \/>\n\t<meta property=\"og:image:width\" content=\"1920\" \/>\n\t<meta property=\"og:image:height\" content=\"1440\" \/>\n\t<meta property=\"og:image:type\" content=\"image\/jpeg\" \/>\n<meta name=\"author\" content=\"david perez\" \/>\n<meta name=\"twitter:card\" content=\"summary_large_image\" \/>\n<meta name=\"twitter:creator\" content=\"@AjuntamentMuro\" \/>\n<meta name=\"twitter:site\" content=\"@AjuntamentMuro\" \/>\n<meta name=\"twitter:label1\" content=\"Escrito por\" \/>\n\t<meta name=\"twitter:data1\" content=\"david perez\" \/>\n\t<meta name=\"twitter:label2\" content=\"Tiempo de lectura\" \/>\n\t<meta name=\"twitter:data2\" content=\"5 minutos\" \/>\n<script type=\"application\/ld+json\" class=\"yoast-schema-graph\">{\"@context\":\"https:\/\/schema.org\",\"@graph\":[{\"@type\":\"Article\",\"@id\":\"https:\/\/www.vilademuro.net\/es\/muro-teje-tradicion-y-comercio-en-la-fireta-de-sant-antoni\/#article\",\"isPartOf\":{\"@id\":\"https:\/\/www.vilademuro.net\/es\/muro-teje-tradicion-y-comercio-en-la-fireta-de-sant-antoni\/\"},\"author\":{\"name\":\"david perez\",\"@id\":\"https:\/\/www.vilademuro.net\/es\/#\/schema\/person\/18d508a6d83aeac8b78142fe72d521b2\"},\"headline\":\"Muro teje tradici\u00f3n y comercio en la Fireta de Sant Antoni\",\"datePublished\":\"2025-01-12T17:38:19+00:00\",\"dateModified\":\"2025-01-22T05:36:37+00:00\",\"mainEntityOfPage\":{\"@id\":\"https:\/\/www.vilademuro.net\/es\/muro-teje-tradicion-y-comercio-en-la-fireta-de-sant-antoni\/\"},\"wordCount\":765,\"publisher\":{\"@id\":\"https:\/\/www.vilademuro.net\/es\/#organization\"},\"image\":{\"@id\":\"https:\/\/www.vilademuro.net\/es\/muro-teje-tradicion-y-comercio-en-la-fireta-de-sant-antoni\/#primaryimage\"},\"thumbnailUrl\":\"https:\/\/www.vilademuro.net\/wp-content\/uploads\/2025\/01\/Muro.jpg\",\"articleSection\":[\"Destacat\",\"Fiestas\",\"Noticias\",\"Noticias fiestas\",\"Ocio, deportes y aficiones\",\"Turismo\",\"Turismo\"],\"inLanguage\":\"es\"},{\"@type\":\"WebPage\",\"@id\":\"https:\/\/www.vilademuro.net\/es\/muro-teje-tradicion-y-comercio-en-la-fireta-de-sant-antoni\/\",\"url\":\"https:\/\/www.vilademuro.net\/es\/muro-teje-tradicion-y-comercio-en-la-fireta-de-sant-antoni\/\",\"name\":\"Muro teje tradici\u00f3n y comercio en la Fireta de Sant Antoni | Ajuntament de Muro\",\"isPartOf\":{\"@id\":\"https:\/\/www.vilademuro.net\/es\/#website\"},\"primaryImageOfPage\":{\"@id\":\"https:\/\/www.vilademuro.net\/es\/muro-teje-tradicion-y-comercio-en-la-fireta-de-sant-antoni\/#primaryimage\"},\"image\":{\"@id\":\"https:\/\/www.vilademuro.net\/es\/muro-teje-tradicion-y-comercio-en-la-fireta-de-sant-antoni\/#primaryimage\"},\"thumbnailUrl\":\"https:\/\/www.vilademuro.net\/wp-content\/uploads\/2025\/01\/Muro.jpg\",\"datePublished\":\"2025-01-12T17:38:19+00:00\",\"dateModified\":\"2025-01-22T05:36:37+00:00\",\"breadcrumb\":{\"@id\":\"https:\/\/www.vilademuro.net\/es\/muro-teje-tradicion-y-comercio-en-la-fireta-de-sant-antoni\/#breadcrumb\"},\"inLanguage\":\"es\",\"potentialAction\":[{\"@type\":\"ReadAction\",\"target\":[\"https:\/\/www.vilademuro.net\/es\/muro-teje-tradicion-y-comercio-en-la-fireta-de-sant-antoni\/\"]}]},{\"@type\":\"ImageObject\",\"inLanguage\":\"es\",\"@id\":\"https:\/\/www.vilademuro.net\/es\/muro-teje-tradicion-y-comercio-en-la-fireta-de-sant-antoni\/#primaryimage\",\"url\":\"https:\/\/www.vilademuro.net\/wp-content\/uploads\/2025\/01\/Muro.jpg\",\"contentUrl\":\"https:\/\/www.vilademuro.net\/wp-content\/uploads\/2025\/01\/Muro.jpg\",\"width\":1920,\"height\":1440},{\"@type\":\"BreadcrumbList\",\"@id\":\"https:\/\/www.vilademuro.net\/es\/muro-teje-tradicion-y-comercio-en-la-fireta-de-sant-antoni\/#breadcrumb\",\"itemListElement\":[{\"@type\":\"ListItem\",\"position\":1,\"name\":\"Inici\",\"item\":\"https:\/\/www.vilademuro.net\/es\/\"},{\"@type\":\"ListItem\",\"position\":2,\"name\":\"Muro teje tradici\u00f3n y comercio en la Fireta de Sant Antoni\"}]},{\"@type\":\"WebSite\",\"@id\":\"https:\/\/www.vilademuro.net\/es\/#website\",\"url\":\"https:\/\/www.vilademuro.net\/es\/\",\"name\":\"Ajuntament de Muro d'Alcoi\",\"description\":\"P\u00e1gina web oficial de l&#039;Ajuntament de Muro\",\"publisher\":{\"@id\":\"https:\/\/www.vilademuro.net\/es\/#organization\"},\"potentialAction\":[{\"@type\":\"SearchAction\",\"target\":{\"@type\":\"EntryPoint\",\"urlTemplate\":\"https:\/\/www.vilademuro.net\/es\/?s={search_term_string}\"},\"query-input\":{\"@type\":\"PropertyValueSpecification\",\"valueRequired\":true,\"valueName\":\"search_term_string\"}}],\"inLanguage\":\"es\"},{\"@type\":\"Organization\",\"@id\":\"https:\/\/www.vilademuro.net\/es\/#organization\",\"name\":\"Ajuntament de Muro\",\"url\":\"https:\/\/www.vilademuro.net\/es\/\",\"logo\":{\"@type\":\"ImageObject\",\"inLanguage\":\"es\",\"@id\":\"https:\/\/www.vilademuro.net\/es\/#\/schema\/logo\/image\/\",\"url\":\"https:\/\/www.vilademuro.net\/wp-content\/uploads\/2022\/10\/LOGO3-2.jpg\",\"contentUrl\":\"https:\/\/www.vilademuro.net\/wp-content\/uploads\/2022\/10\/LOGO3-2.jpg\",\"width\":756,\"height\":517,\"caption\":\"Ajuntament de Muro\"},\"image\":{\"@id\":\"https:\/\/www.vilademuro.net\/es\/#\/schema\/logo\/image\/\"},\"sameAs\":[\"https:\/\/www.facebook.com\/murodealcoy\",\"https:\/\/x.com\/AjuntamentMuro\",\"https:\/\/www.youtube.com\/channel\/UC2rwbKfRqsd1Ncwm6Y1prQw\"]},{\"@type\":\"Person\",\"@id\":\"https:\/\/www.vilademuro.net\/es\/#\/schema\/person\/18d508a6d83aeac8b78142fe72d521b2\",\"name\":\"david perez\",\"image\":{\"@type\":\"ImageObject\",\"inLanguage\":\"es\",\"@id\":\"https:\/\/www.vilademuro.net\/es\/#\/schema\/person\/image\/\",\"url\":\"https:\/\/secure.gravatar.com\/avatar\/32e29d67ef109fa6f899286cf1743bb75688fd5ba35d80f5c1b6ac2b6bf32256?s=96&d=mm&r=g\",\"contentUrl\":\"https:\/\/secure.gravatar.com\/avatar\/32e29d67ef109fa6f899286cf1743bb75688fd5ba35d80f5c1b6ac2b6bf32256?s=96&d=mm&r=g\",\"caption\":\"david perez\"}}]}<\/script>\n<!-- \/ Yoast SEO plugin. -->","yoast_head_json":{"title":"Muro teje tradici\u00f3n y comercio en la Fireta de Sant Antoni | Ajuntament de Muro","robots":{"index":"index","follow":"follow","max-snippet":"max-snippet:-1","max-image-preview":"max-image-preview:large","max-video-preview":"max-video-preview:-1"},"canonical":"https:\/\/www.vilademuro.net\/es\/muro-teje-tradicion-y-comercio-en-la-fireta-de-sant-antoni\/","og_locale":"es_ES","og_type":"article","og_title":"Muro teje tradici\u00f3n y comercio en la Fireta de Sant Antoni | Ajuntament de Muro","og_description":"Turismo-Cultura \u2022 El fin de semana del 17 al 19 de enero reunir\u00e1 a miles de personas para disfrutar de m\u00fasica, Mercado Medieval, exposiciones, danzas y mucho m\u00e1s. \u2022 Tres [&hellip;]","og_url":"https:\/\/www.vilademuro.net\/es\/muro-teje-tradicion-y-comercio-en-la-fireta-de-sant-antoni\/","og_site_name":"Ajuntament de Muro","article_publisher":"https:\/\/www.facebook.com\/murodealcoy","article_published_time":"2025-01-12T17:38:19+00:00","article_modified_time":"2025-01-22T05:36:37+00:00","og_image":[{"width":1920,"height":1440,"url":"https:\/\/www.vilademuro.net\/wp-content\/uploads\/2025\/01\/Muro.jpg","type":"image\/jpeg"}],"author":"david perez","twitter_card":"summary_large_image","twitter_creator":"@AjuntamentMuro","twitter_site":"@AjuntamentMuro","twitter_misc":{"Escrito por":"david perez","Tiempo de lectura":"5 minutos"},"schema":{"@context":"https:\/\/schema.org","@graph":[{"@type":"Article","@id":"https:\/\/www.vilademuro.net\/es\/muro-teje-tradicion-y-comercio-en-la-fireta-de-sant-antoni\/#article","isPartOf":{"@id":"https:\/\/www.vilademuro.net\/es\/muro-teje-tradicion-y-comercio-en-la-fireta-de-sant-antoni\/"},"author":{"name":"david perez","@id":"https:\/\/www.vilademuro.net\/es\/#\/schema\/person\/18d508a6d83aeac8b78142fe72d521b2"},"headline":"Muro teje tradici\u00f3n y comercio en la Fireta de Sant Antoni","datePublished":"2025-01-12T17:38:19+00:00","dateModified":"2025-01-22T05:36:37+00:00","mainEntityOfPage":{"@id":"https:\/\/www.vilademuro.net\/es\/muro-teje-tradicion-y-comercio-en-la-fireta-de-sant-antoni\/"},"wordCount":765,"publisher":{"@id":"https:\/\/www.vilademuro.net\/es\/#organization"},"image":{"@id":"https:\/\/www.vilademuro.net\/es\/muro-teje-tradicion-y-comercio-en-la-fireta-de-sant-antoni\/#primaryimage"},"thumbnailUrl":"https:\/\/www.vilademuro.net\/wp-content\/uploads\/2025\/01\/Muro.jpg","articleSection":["Destacat","Fiestas","Noticias","Noticias fiestas","Ocio, deportes y aficiones","Turismo","Turismo"],"inLanguage":"es"},{"@type":"WebPage","@id":"https:\/\/www.vilademuro.net\/es\/muro-teje-tradicion-y-comercio-en-la-fireta-de-sant-antoni\/","url":"https:\/\/www.vilademuro.net\/es\/muro-teje-tradicion-y-comercio-en-la-fireta-de-sant-antoni\/","name":"Muro teje tradici\u00f3n y comercio en la Fireta de Sant Antoni | Ajuntament de Muro","isPartOf":{"@id":"https:\/\/www.vilademuro.net\/es\/#website"},"primaryImageOfPage":{"@id":"https:\/\/www.vilademuro.net\/es\/muro-teje-tradicion-y-comercio-en-la-fireta-de-sant-antoni\/#primaryimage"},"image":{"@id":"https:\/\/www.vilademuro.net\/es\/muro-teje-tradicion-y-comercio-en-la-fireta-de-sant-antoni\/#primaryimage"},"thumbnailUrl":"https:\/\/www.vilademuro.net\/wp-content\/uploads\/2025\/01\/Muro.jpg","datePublished":"2025-01-12T17:38:19+00:00","dateModified":"2025-01-22T05:36:37+00:00","breadcrumb":{"@id":"https:\/\/www.vilademuro.net\/es\/muro-teje-tradicion-y-comercio-en-la-fireta-de-sant-antoni\/#breadcrumb"},"inLanguage":"es","potentialAction":[{"@type":"ReadAction","target":["https:\/\/www.vilademuro.net\/es\/muro-teje-tradicion-y-comercio-en-la-fireta-de-sant-antoni\/"]}]},{"@type":"ImageObject","inLanguage":"es","@id":"https:\/\/www.vilademuro.net\/es\/muro-teje-tradicion-y-comercio-en-la-fireta-de-sant-antoni\/#primaryimage","url":"https:\/\/www.vilademuro.net\/wp-content\/uploads\/2025\/01\/Muro.jpg","contentUrl":"https:\/\/www.vilademuro.net\/wp-content\/uploads\/2025\/01\/Muro.jpg","width":1920,"height":1440},{"@type":"BreadcrumbList","@id":"https:\/\/www.vilademuro.net\/es\/muro-teje-tradicion-y-comercio-en-la-fireta-de-sant-antoni\/#breadcrumb","itemListElement":[{"@type":"ListItem","position":1,"name":"Inici","item":"https:\/\/www.vilademuro.net\/es\/"},{"@type":"ListItem","position":2,"name":"Muro teje tradici\u00f3n y comercio en la Fireta de Sant Antoni"}]},{"@type":"WebSite","@id":"https:\/\/www.vilademuro.net\/es\/#website","url":"https:\/\/www.vilademuro.net\/es\/","name":"Ajuntament de Muro d'Alcoi","description":"P\u00e1gina web oficial de l&#039;Ajuntament de Muro","publisher":{"@id":"https:\/\/www.vilademuro.net\/es\/#organization"},"potentialAction":[{"@type":"SearchAction","target":{"@type":"EntryPoint","urlTemplate":"https:\/\/www.vilademuro.net\/es\/?s={search_term_string}"},"query-input":{"@type":"PropertyValueSpecification","valueRequired":true,"valueName":"search_term_string"}}],"inLanguage":"es"},{"@type":"Organization","@id":"https:\/\/www.vilademuro.net\/es\/#organization","name":"Ajuntament de Muro","url":"https:\/\/www.vilademuro.net\/es\/","logo":{"@type":"ImageObject","inLanguage":"es","@id":"https:\/\/www.vilademuro.net\/es\/#\/schema\/logo\/image\/","url":"https:\/\/www.vilademuro.net\/wp-content\/uploads\/2022\/10\/LOGO3-2.jpg","contentUrl":"https:\/\/www.vilademuro.net\/wp-content\/uploads\/2022\/10\/LOGO3-2.jpg","width":756,"height":517,"caption":"Ajuntament de Muro"},"image":{"@id":"https:\/\/www.vilademuro.net\/es\/#\/schema\/logo\/image\/"},"sameAs":["https:\/\/www.facebook.com\/murodealcoy","https:\/\/x.com\/AjuntamentMuro","https:\/\/www.youtube.com\/channel\/UC2rwbKfRqsd1Ncwm6Y1prQw"]},{"@type":"Person","@id":"https:\/\/www.vilademuro.net\/es\/#\/schema\/person\/18d508a6d83aeac8b78142fe72d521b2","name":"david perez","image":{"@type":"ImageObject","inLanguage":"es","@id":"https:\/\/www.vilademuro.net\/es\/#\/schema\/person\/image\/","url":"https:\/\/secure.gravatar.com\/avatar\/32e29d67ef109fa6f899286cf1743bb75688fd5ba35d80f5c1b6ac2b6bf32256?s=96&d=mm&r=g","contentUrl":"https:\/\/secure.gravatar.com\/avatar\/32e29d67ef109fa6f899286cf1743bb75688fd5ba35d80f5c1b6ac2b6bf32256?s=96&d=mm&r=g","caption":"david perez"}}]}},"_links":{"self":[{"href":"https:\/\/www.vilademuro.net\/es\/wp-json\/wp\/v2\/posts\/55234","targetHints":{"allow":["GET"]}}],"collection":[{"href":"https:\/\/www.vilademuro.net\/es\/wp-json\/wp\/v2\/posts"}],"about":[{"href":"https:\/\/www.vilademuro.net\/es\/wp-json\/wp\/v2\/types\/post"}],"author":[{"embeddable":true,"href":"https:\/\/www.vilademuro.net\/es\/wp-json\/wp\/v2\/users\/32"}],"replies":[{"embeddable":true,"href":"https:\/\/www.vilademuro.net\/es\/wp-json\/wp\/v2\/comments?post=55234"}],"version-history":[{"count":1,"href":"https:\/\/www.vilademuro.net\/es\/wp-json\/wp\/v2\/posts\/55234\/revisions"}],"predecessor-version":[{"id":55235,"href":"https:\/\/www.vilademuro.net\/es\/wp-json\/wp\/v2\/posts\/55234\/revisions\/55235"}],"wp:featuredmedia":[{"embeddable":true,"href":"https:\/\/www.vilademuro.net\/es\/wp-json\/wp\/v2\/media\/55227"}],"wp:attachment":[{"href":"https:\/\/www.vilademuro.net\/es\/wp-json\/wp\/v2\/media?parent=55234"}],"wp:term":[{"taxonomy":"category","embeddable":true,"href":"https:\/\/www.vilademuro.net\/es\/wp-json\/wp\/v2\/categories?post=55234"},{"taxonomy":"post_tag","embeddable":true,"href":"https:\/\/www.vilademuro.net\/es\/wp-json\/wp\/v2\/tags?post=55234"}],"curies":[{"name":"wp","href":"https:\/\/api.w.org\/{rel}","templated":true}]}}