{"id":55194,"date":"2025-02-07T11:25:21","date_gmt":"2025-02-07T10:25:21","guid":{"rendered":"https:\/\/www.vilademuro.net\/proceso-de-seleccion-taller-de-empleo-format-a-muro\/"},"modified":"2025-08-22T11:36:04","modified_gmt":"2025-08-22T09:36:04","slug":"proceso-de-seleccion-taller-de-empleo-format-a-muro","status":"publish","type":"post","link":"https:\/\/www.vilademuro.net\/es\/proceso-de-seleccion-taller-de-empleo-format-a-muro\/","title":{"rendered":"PROCESO DE SELECCI\u00d3N \u00abTALLER DE EMPLEO FORMA&#8217;T A MURO\u00bb"},"content":{"rendered":"<p><span style=\"color: #3366ff\"><a style=\"color: #3366ff\" href=\"https:\/\/www.vilademuro.net\/wp-content\/uploads\/2025\/01\/1-ACTA-CONSTITUCION-COMISION-MIXTA-SELECCION-TE-2024.pdf\">ACTA CONSTITUCI\u00d3 COMISSI\u00d3 MIXTA DE SELECCI\u00d3 \u00abTALLER D&#8217;OCUPACI\u00d3 FORMA&#8217;T A MURO\u00bb<\/a><\/span><br \/>\n<span style=\"color: #3366ff\"><a style=\"color: #3366ff\" href=\"https:\/\/www.vilademuro.net\/wp-content\/uploads\/2025\/01\/CALENDARIO-ACTUACIONES-SELECCION-TE-2024.pdf\">CALENDARI DEFINITIU ACTUACIONS \u00abTALLER D&#8217;OCUPACI\u00d3 FORMA&#8217;T A MURO\u00bb<\/a><br \/>\n<a style=\"color: #3366ff\" href=\"https:\/\/www.vilademuro.net\/wp-content\/uploads\/2025\/02\/CALENDARIO-2-ACTUACIONES-SELECCION-TE-2024.pdf\">NOU CALENDARI DEFINITIU ACTUACIONS \u00abTALLER D&#8217;OCUPACI\u00d3 FORMA&#8217;T A MURO\u00bb<\/a><\/span><span style=\"color: #3366ff\"><a style=\"color: #3366ff\" href=\"https:\/\/www.vilademuro.net\/wp-content\/uploads\/2025\/01\/BASES-PDDA-TE-2024-MURO.pdf\">BASES SELECCI\u00d3 PERSONAL DIRECTIU, DOCENT I AUXILIAR ADMINISTRATIU \u00abTALLER D&#8217;OCUPACI\u00d3 FORMA&#8217;T A MURO\u00bb<\/a><\/span><br \/>\n<span style=\"color: #3366ff\"><a style=\"color: #3366ff\" href=\"https:\/\/www.vilademuro.net\/wp-content\/uploads\/2025\/01\/FOR0311E_Talleres_Solicitud.pdf\">SOL\u00b7LICITUD<\/a><\/span><br \/>\n<span style=\"color: #3366ff\"><a style=\"color: #3366ff\" href=\"https:\/\/www.vilademuro.net\/wp-content\/uploads\/2025\/01\/Curriculum.odt\">CURR\u00cdCULUM<\/a><br \/>\n<a style=\"color: #3366ff\" href=\"https:\/\/www.vilademuro.net\/wp-content\/uploads\/2025\/02\/2-ACTA-TE-2024.pdf\">ACTA N\u00ba 2 DE MODIFICACI\u00d3<\/a><br \/>\n<\/span><span style=\"color: #000000\"><span style=\"color: #3366ff\"><a style=\"color: #3366ff\" href=\"https:\/\/www.vilademuro.net\/wp-content\/uploads\/2025\/02\/CALENDARIO-2-ACTUACIONES-SELECCION-TE-2024.pdf\">NOU CALENDARI DEFINITIU ACTUACIONS \u00abTALLER D&#8217;OCUPACI\u00d3 FORMA&#8217;T A MURO\u00bb<\/a><\/span><br \/>\n<span style=\"color: #3366ff\"><a style=\"color: #3366ff\" href=\"https:\/\/www.vilademuro.net\/wp-content\/uploads\/2025\/02\/3-ACTA-PROVISIONAL-BAREMO-PDDA-TE-2024.pdf\">ACTA BAREMACI\u00d3 PROVISIONAL PDDAA PERSONAL DIRECTIU, DOCENT I AUXILIAR ADMINISTRATIU \u00abTALLER D&#8217;OCUPACI\u00d3 FORMA&#8217;T A MURO\u00bb<\/a><\/span><\/span><br \/>\n<span style=\"color: #3366ff\"><a style=\"color: #3366ff\" href=\"https:\/\/www.vilademuro.net\/wp-content\/uploads\/2025\/02\/5-ACTA-DEFINITIVA-BAREMO-PDDA-TE-2024.pdf\">ACTA BAREMACI\u00d3 DEFINITIVA PDDAA PERSONAL DIRECTIU, DOCENT I AUXILIAR ADMINISTRATIU \u00abTALLER D&#8217;OCUPACI\u00d3 FORMA&#8217;T A MURO\u00bb<\/a><\/span><br \/>\n<a href=\"https:\/\/www.vilademuro.net\/wp-content\/uploads\/2025\/02\/CONVOCATORIA-ENTREVISTAS-PDDA.pdf\"><span style=\"color: #3366ff\">CONVOCAT\u00d2RIA ENTREVISTES PDDAA PERSONAL DIRECTIU, DOCENT I AUXILIAR ADMINISTRATIU \u00abTALLER D&#8217;OCUPACI\u00d3 FORMA&#8217;T A MURO\u00bb<\/span><\/a><br \/>\n<span style=\"color: #3366ff\"><a style=\"color: #3366ff\" href=\"https:\/\/www.vilademuro.net\/wp-content\/uploads\/2025\/02\/9-ACTA-PROVISIONAL-ENTREVISTAS-PDDA-TE-2024.pdf\">PUBLICACI\u00d3 ACTA PROVISIONAL ENTREVISTES PDDAA PERSONAL DIRECTIU, DOCENT I AUXILIAR ADMINISTRATIU \u00abTALLER D&#8217;OCUPACI\u00d3 FORMA&#8217;T A MURO\u00bb<\/a><\/span><br \/>\n<span style=\"color: #3366ff\"><a style=\"color: #3366ff\" href=\"https:\/\/www.vilademuro.net\/wp-content\/uploads\/2025\/02\/13-ACTA-ERROR-ACTA-11-DEFINITIVA-PDDA-TE-2024.pdf\">ACTA CORRECCIO ACTA DEFINITIVA PDDAA PERSONAL DIRECTIU, DOCENT I AUXILIAR ADMINISTRATIU \u00abTALLER D&#8217;OCUPACI\u00d3 FORMA&#8217;T A MURO\u00bb<\/a><br \/>\n<a style=\"color: #3366ff\" href=\"https:\/\/www.vilademuro.net\/wp-content\/uploads\/2025\/02\/14-ACTA-DOCENTE-INFORMATICA-PDDA-TE-2024.pdf\">ACTA INICI SELECCI\u00d3 DOCENT INFORM\u00c0TICA<\/a><br \/>\n<a style=\"color: #3366ff\" href=\"https:\/\/www.vilademuro.net\/wp-content\/uploads\/2025\/02\/CALENDARIO-ACTUACIONES-SELECCION-INFORMATICA-TE-2024-1.pdf\">CALENDARI SELECCI\u00d3 DOCENT INFORM\u00c0TICA<\/a><br \/>\n<a style=\"color: #3366ff\" href=\"https:\/\/www.vilademuro.net\/wp-content\/uploads\/2025\/02\/15-ACTA-PROVISIONAL-BAREMACION-DOCENTE-INFORMATICA-PDDA-TE-2024.pdf\">ACTA BAREMACI\u00d3 PROVISIONAL DOCENT INFORM\u00c0TICA<\/a><br \/>\n<a style=\"color: #3366ff\" href=\"https:\/\/www.vilademuro.net\/wp-content\/uploads\/2025\/02\/16-ACTA-DEFINITIVA-DOCENTE-INFORMATICA-PDDA-TE-2024.pdf\">ACTA DEFINITIVA DOCENT INFORM\u00c0TICA<\/a><br \/>\n<\/span><\/p>\n<p>&nbsp;<\/p>\n<p><span style=\"color: #000000\">\u2014 ALUMNES\/TREBALLADORS \u2014<\/span><br \/>\n<a href=\"https:\/\/www.vilademuro.net\/wp-content\/uploads\/2025\/01\/BASES-ALUMNOS-TE-2024-MURO.pdf\"><span style=\"color: #3366ff\">BASES SELECCI\u00d3 ALUMNAT \u00abTALLER D&#8217;OCUPACI\u00d3 FORMA&#8217;T A MURO\u00bb<\/span><\/a><br \/>\n<span style=\"color: #3366ff\"><a style=\"color: #3366ff\" href=\"https:\/\/www.vilademuro.net\/wp-content\/uploads\/2025\/01\/LISTADO-PRECANDIDATOS-ALUMNOS-TE-2024.pdf\">LLISTAT DE PRECANDIDATS \u00abTALLER D&#8217;OCUPACI\u00d3 FORMA&#8217;T A MURO\u00bb<\/a><\/span><br \/>\n<a href=\"https:\/\/www.vilademuro.net\/wp-content\/uploads\/2025\/02\/CONVOCATORIA-ENTREVISTAS-ALUMNOS-1.pdf\"><span style=\"color: #3366ff\">CONVOCAT\u00d2RIA ENTREVISTES ALUMNES \u00abTALLER D&#8217;OCUPACI\u00d3 FORMA&#8217;T A MURO\u00bb<\/span><\/a><br \/>\n<span style=\"color: #3366ff\"><a style=\"color: #3366ff\" href=\"https:\/\/www.vilademuro.net\/wp-content\/uploads\/2025\/02\/4-ACTA-PROVISIONAL-DE-BAREMACION-ALUMNOS-TE-2024.pdf\">ACTA PROVISIONAL DEL PROC\u00c9S DE SELECCI\u00d3 DE L&#8217;ALUMNAT \u00abTALLER D&#8217;OCUPACI\u00d3 FORMA&#8217;T A MURO\u00bb<\/a><br \/>\n<a style=\"color: #3366ff\" href=\"https:\/\/www.vilademuro.net\/wp-content\/uploads\/2025\/02\/6-ACTA-NUEVO-CALENDARIO-ALUMNOS-AGAR-TE-2024-1.pdf\">ACTA NOU CALENDARI SELECCI\u00d3 DE L&#8217;ALUMNAT AGAR<\/a><br \/>\n<a style=\"color: #3366ff\" href=\"https:\/\/www.vilademuro.net\/wp-content\/uploads\/2025\/02\/NUEVO-CALENDARIO-ALUMNOS-AGAR.pdf\">NOU CALENDARI SELECCI\u00d3 DE L&#8217;ALUMNAT AGAR<\/a><br \/>\n<a style=\"color: #3366ff\" href=\"https:\/\/www.vilademuro.net\/wp-content\/uploads\/2025\/02\/LISTADO-PRECANDIDATOS-ALUMNOS-AGAR-TE-2024.pdf\">LLISTAT CANDIDATS AGAR<\/a><br \/>\n<a style=\"color: #3366ff\" href=\"https:\/\/www.vilademuro.net\/wp-content\/uploads\/2025\/02\/ENTREVISTASALUMNOS-AGAR-TE-2024.pdf\">CONVOCATORIA ENTREVISTES AGAR<\/a><br \/>\n<a style=\"color: #3366ff\" href=\"https:\/\/www.vilademuro.net\/wp-content\/uploads\/2025\/02\/7-ACTA-NUEVO-CALENDARIO-ALUMNOS-AGAR-TE-2024.pdf\">ACTA NOU CALENDARI SELECCI\u00d3 DE L&#8217;ALUMNAT AGAR<\/a><br \/>\n<a style=\"color: #3366ff\" href=\"https:\/\/www.vilademuro.net\/wp-content\/uploads\/2025\/02\/7-CALENDARIO-NUEVO-AGAR-2.pdf\">NOU CALENDARI SELECCI\u00d3 DE L&#8217;ALUMNAT AGAR<\/a><br \/>\n<a style=\"color: #3366ff\" href=\"https:\/\/www.vilademuro.net\/wp-content\/uploads\/2025\/02\/7-LISTADO-ALUMNOS-AGAR.pdf\">LLISTAT CANDIDATS AGAR<\/a><br \/>\n<a style=\"color: #3366ff\" href=\"https:\/\/www.vilademuro.net\/wp-content\/uploads\/2025\/02\/7-ENTREVISTAS-ALUMNOS-AGAR-TE-2024.pdf\">CONVOCATORIA ENTREVISTES AGAR<\/a><br \/>\n<a style=\"color: #3366ff\" href=\"https:\/\/www.vilademuro.net\/wp-content\/uploads\/2025\/02\/8-ACTA-DEFINITIVA-ALUMNOS-TE-2024.pdf\">ACTA DEFINITIVA DEL PROC\u00c9S DE SELECCI\u00d3 DE L&#8217;ALUMNAT \u00abTALLER D&#8217;OCUPACI\u00d3 FORMA&#8217;T A MURO\u00bb<\/a><br \/>\n<a style=\"color: #3366ff\" href=\"https:\/\/www.vilademuro.net\/wp-content\/uploads\/2025\/02\/10-ACTA-PROVISIONAL-DE-BAREMACION-AGAR-TE-2024.pdf\">ACTA PROVISIONAL DEL PROC\u00c9S DE SELECCI\u00d3 DE L&#8217;ALUMNAT \u00abTALLER D&#8217;OCUPACI\u00d3 FORMA&#8217;T A MURO\u00bb AGAR<\/a><br \/>\n<a style=\"color: #3366ff\" href=\"https:\/\/www.vilademuro.net\/wp-content\/uploads\/2025\/02\/12-ACTA-DEFINITIVA-DE-BAREMACION-AGAR-TE-2024.pdf\">ACTA DEFINITIVA DEL PROC\u00c9S DE SELECCI\u00d3 DE L&#8217;ALUMNAT \u00abTALLER D&#8217;OCUPACI\u00d3 FORMA&#8217;T A MURO\u00bb AGAR<\/a><br \/>\n<a style=\"color: #3366ff\" href=\"https:\/\/www.vilademuro.net\/wp-content\/uploads\/2025\/02\/17-ACTA-SELECCION-Y-CALENDARIO-ALUMNOS-2-CERTIFICADO-TE-2024.pdf\">ACTA NOVA SELECCI\u00d3 ALUMNE\/A EOCB0108<\/a><br \/>\n<a style=\"color: #3366ff\" href=\"https:\/\/www.vilademuro.net\/wp-content\/uploads\/2025\/02\/CALENDARIO-ACTUACIONES-SELECCION-TE-2024-ALUMNOS-2-CERTIFICADO.pdf\">CALENDARI SELECCI\u00d3 ALUMNE\/A EOCB0108<\/a><br \/>\n<a style=\"color: #3366ff\" href=\"https:\/\/www.vilademuro.net\/wp-content\/uploads\/2025\/02\/LISTADO-PRECANDIDATOS-ALUMNOS-EOCB0108-TE-2024.pdf\">LLISTAT CANDIDATS ALUMNE\/A EOCB0108<\/a><br \/>\n<a style=\"color: #3366ff\" href=\"https:\/\/www.vilademuro.net\/wp-content\/uploads\/2025\/02\/18-ACTA-PROVISIONAL-DE-BAREMACION-ALUMNOS-2-CERTIFICADO-TE-2024.pdf\">CONVOCAT\u00d2RIA ENTREVISTES ALUMNE\/A EOCB0108<\/a><br \/>\n<a style=\"color: #3366ff\" href=\"https:\/\/www.vilademuro.net\/wp-content\/uploads\/2025\/02\/18-ACTA-PROVISIONAL-DE-BAREMACION-ALUMNOS-2-CERTIFICADO-TE-2024.pdf\">ACTA PROVISIONAL DEL PROC\u00c9S DE SELECCI\u00d3 DE ALUMNE\/A EOCB0108<\/a><br \/>\n<a style=\"color: #3366ff\" href=\"https:\/\/www.vilademuro.net\/wp-content\/uploads\/2025\/02\/20-ACTA-DEFINITIVA-ALUMNOS-2-CERTIFICADO-TE-2024.pdf\">ACTA DEFINITIVA DEL PROC\u00c9S DE SELECCI\u00d3 DE ALUMNE\/A EOCB0108<\/a><br \/>\n<a style=\"color: #3366ff\" href=\"https:\/\/www.vilademuro.net\/wp-content\/uploads\/2025\/02\/19-ACTA-SELECCION-Y-CALENDARIO-ALUMNOS-2-CERTIFICADO-EOCB0108-TE-2024.pdf\">ACTA NOVA SELECCI\u00d3 NOU ALUMNE\/A EOCB0108<\/a><br \/>\n<a style=\"color: #3366ff\" href=\"https:\/\/www.vilademuro.net\/wp-content\/uploads\/2025\/02\/CALENDARIO-ACTUACIONES-SELECCION-TE-2024-ALUMNOS-2-CERTIFICADO-EOCB0108.pdf\">CALENDARI NOVA SELECCI\u00d3 NOU ALUMNE\/A EOCB0108<\/a><br \/>\n<a style=\"color: #3366ff\" href=\"https:\/\/www.vilademuro.net\/wp-content\/uploads\/2025\/02\/LISTADO-NUEVOS-PRECANDIDATOS-ALUMNOS-EOCB0108-TE-2024-2-1.pdf\">NOU LLISTAT CANDIDATS NOU ALUMNE\/A EOCB0108<\/a><br \/>\n<a style=\"color: #3366ff\" href=\"https:\/\/www.vilademuro.net\/wp-content\/uploads\/2025\/02\/ENTREVISTAS-NUEVOS-ALUMNOS-EOCB0108-TE-2024.pdf\">CONVOCAT\u00d2RIA ENTREVISTES NOU ALUMNE\/A EOCB0108<\/a><br \/>\n<a href=\"https:\/\/www.vilademuro.net\/wp-content\/uploads\/2025\/02\/21-ACTA-PROVISIONAL-DE-BAREMACION-ALUMNO-CERTIFICADO-EOCB0108-TE-2024.pdf\">ACTA PROVISIONAL DEL PROCESO DE SELECCI\u00d3N DE NUEVO ALUMNO\/A EOCB0108<\/a><br \/>\n<a href=\"https:\/\/www.vilademuro.net\/wp-content\/uploads\/2025\/02\/22-ACTA-DEFINITIVA-ALUMNOS-2-CERTIFICADO-EOCB0108-TE-2024_firmado-1.pdf\">22-ACTA-DEFINITIVA-ALUMNOS-2-CERTIFICADO-EOCB0108-TE-2024<\/a><br \/>\n<\/span><\/p>\n<p><img loading=\"lazy\" decoding=\"async\" class=\"alignnone size-full wp-image-55879\" src=\"https:\/\/www.vilademuro.net\/wp-content\/uploads\/2025\/02\/labora-gva-2025-1.jpg\" alt=\"\" width=\"300\" height=\"64\" \/><\/p>\n","protected":false},"excerpt":{"rendered":"<p>ACTA CONSTITUCI\u00d3 COMISSI\u00d3 MIXTA DE SELECCI\u00d3 \u00abTALLER D&#8217;OCUPACI\u00d3 FORMA&#8217;T A MURO\u00bb CALENDARI DEFINITIU ACTUACIONS \u00abTALLER D&#8217;OCUPACI\u00d3 FORMA&#8217;T A MURO\u00bb NOU CALENDARI DEFINITIU ACTUACIONS \u00abTALLER D&#8217;OCUPACI\u00d3 FORMA&#8217;T A MURO\u00bbBASES SELECCI\u00d3 PERSONAL [&hellip;]<\/p>\n","protected":false},"author":9,"featured_media":45372,"comment_status":"closed","ping_status":"closed","sticky":false,"template":"","format":"standard","meta":{"_et_pb_use_builder":"","_et_pb_old_content":"","_et_gb_content_width":"","footnotes":""},"categories":[50,63,51,49,111],"tags":[],"class_list":["post-55194","post","type-post","status-publish","format-standard","has-post-thumbnail","hentry","category-adl-es","category-areas","category-destacat-es","category-noticias","category-taller-de-empleo"],"yoast_head":"<!-- This site is optimized with the Yoast SEO plugin v27.1.1 - https:\/\/yoast.com\/product\/yoast-seo-wordpress\/ -->\n<title>PROCESO DE SELECCI\u00d3N &quot;TALLER DE EMPLEO FORMA&#039;T A MURO&quot; | Ajuntament de Muro<\/title>\n<meta name=\"robots\" content=\"index, follow, max-snippet:-1, max-image-preview:large, max-video-preview:-1\" \/>\n<link rel=\"canonical\" href=\"https:\/\/www.vilademuro.net\/es\/proceso-de-seleccion-taller-de-empleo-format-a-muro\/\" \/>\n<meta property=\"og:locale\" content=\"es_ES\" \/>\n<meta property=\"og:type\" content=\"article\" \/>\n<meta property=\"og:title\" content=\"PROCESO DE SELECCI\u00d3N &quot;TALLER DE EMPLEO FORMA&#039;T A MURO&quot; | Ajuntament de Muro\" \/>\n<meta property=\"og:description\" content=\"ACTA CONSTITUCI\u00d3 COMISSI\u00d3 MIXTA DE SELECCI\u00d3 \u00abTALLER D&#8217;OCUPACI\u00d3 FORMA&#8217;T A MURO\u00bb CALENDARI DEFINITIU ACTUACIONS \u00abTALLER D&#8217;OCUPACI\u00d3 FORMA&#8217;T A MURO\u00bb NOU CALENDARI DEFINITIU ACTUACIONS \u00abTALLER D&#8217;OCUPACI\u00d3 FORMA&#8217;T A MURO\u00bbBASES SELECCI\u00d3 PERSONAL [&hellip;]\" \/>\n<meta property=\"og:url\" content=\"https:\/\/www.vilademuro.net\/es\/proceso-de-seleccion-taller-de-empleo-format-a-muro\/\" \/>\n<meta property=\"og:site_name\" content=\"Ajuntament de Muro\" \/>\n<meta property=\"article:publisher\" content=\"https:\/\/www.facebook.com\/murodealcoy\" \/>\n<meta property=\"article:published_time\" content=\"2025-02-07T10:25:21+00:00\" \/>\n<meta property=\"article:modified_time\" content=\"2025-08-22T09:36:04+00:00\" \/>\n<meta property=\"og:image\" content=\"https:\/\/www.vilademuro.net\/wp-content\/uploads\/2021\/07\/logo-TE.jpg\" \/>\n\t<meta property=\"og:image:width\" content=\"150\" \/>\n\t<meta property=\"og:image:height\" content=\"150\" \/>\n\t<meta property=\"og:image:type\" content=\"image\/jpeg\" \/>\n<meta name=\"author\" content=\"Manolo Moll\" \/>\n<meta name=\"twitter:card\" content=\"summary_large_image\" \/>\n<meta name=\"twitter:creator\" content=\"@AjuntamentMuro\" \/>\n<meta name=\"twitter:site\" content=\"@AjuntamentMuro\" \/>\n<meta name=\"twitter:label1\" content=\"Escrito por\" \/>\n\t<meta name=\"twitter:data1\" content=\"Manolo Moll\" \/>\n\t<meta name=\"twitter:label2\" content=\"Tiempo de lectura\" \/>\n\t<meta name=\"twitter:data2\" content=\"2 minutos\" \/>\n<script type=\"application\/ld+json\" class=\"yoast-schema-graph\">{\"@context\":\"https:\/\/schema.org\",\"@graph\":[{\"@type\":\"Article\",\"@id\":\"https:\/\/www.vilademuro.net\/es\/proceso-de-seleccion-taller-de-empleo-format-a-muro\/#article\",\"isPartOf\":{\"@id\":\"https:\/\/www.vilademuro.net\/es\/proceso-de-seleccion-taller-de-empleo-format-a-muro\/\"},\"author\":{\"name\":\"Manolo Moll\",\"@id\":\"https:\/\/www.vilademuro.net\/es\/#\/schema\/person\/a42e266ef9e9ced94f63a10cae995cb3\"},\"headline\":\"PROCESO DE SELECCI\u00d3N \u00abTALLER DE EMPLEO FORMA&#8217;T A MURO\u00bb\",\"datePublished\":\"2025-02-07T10:25:21+00:00\",\"dateModified\":\"2025-08-22T09:36:04+00:00\",\"mainEntityOfPage\":{\"@id\":\"https:\/\/www.vilademuro.net\/es\/proceso-de-seleccion-taller-de-empleo-format-a-muro\/\"},\"wordCount\":421,\"publisher\":{\"@id\":\"https:\/\/www.vilademuro.net\/es\/#organization\"},\"image\":{\"@id\":\"https:\/\/www.vilademuro.net\/es\/proceso-de-seleccion-taller-de-empleo-format-a-muro\/#primaryimage\"},\"thumbnailUrl\":\"https:\/\/www.vilademuro.net\/wp-content\/uploads\/2021\/07\/logo-TE.jpg\",\"articleSection\":[\"ADL\",\"\u00c1reas\",\"Destacat\",\"Noticias\",\"Taller de empleo\"],\"inLanguage\":\"es\"},{\"@type\":\"WebPage\",\"@id\":\"https:\/\/www.vilademuro.net\/es\/proceso-de-seleccion-taller-de-empleo-format-a-muro\/\",\"url\":\"https:\/\/www.vilademuro.net\/es\/proceso-de-seleccion-taller-de-empleo-format-a-muro\/\",\"name\":\"PROCESO DE SELECCI\u00d3N \\\"TALLER DE EMPLEO FORMA'T A MURO\\\" | Ajuntament de Muro\",\"isPartOf\":{\"@id\":\"https:\/\/www.vilademuro.net\/es\/#website\"},\"primaryImageOfPage\":{\"@id\":\"https:\/\/www.vilademuro.net\/es\/proceso-de-seleccion-taller-de-empleo-format-a-muro\/#primaryimage\"},\"image\":{\"@id\":\"https:\/\/www.vilademuro.net\/es\/proceso-de-seleccion-taller-de-empleo-format-a-muro\/#primaryimage\"},\"thumbnailUrl\":\"https:\/\/www.vilademuro.net\/wp-content\/uploads\/2021\/07\/logo-TE.jpg\",\"datePublished\":\"2025-02-07T10:25:21+00:00\",\"dateModified\":\"2025-08-22T09:36:04+00:00\",\"breadcrumb\":{\"@id\":\"https:\/\/www.vilademuro.net\/es\/proceso-de-seleccion-taller-de-empleo-format-a-muro\/#breadcrumb\"},\"inLanguage\":\"es\",\"potentialAction\":[{\"@type\":\"ReadAction\",\"target\":[\"https:\/\/www.vilademuro.net\/es\/proceso-de-seleccion-taller-de-empleo-format-a-muro\/\"]}]},{\"@type\":\"ImageObject\",\"inLanguage\":\"es\",\"@id\":\"https:\/\/www.vilademuro.net\/es\/proceso-de-seleccion-taller-de-empleo-format-a-muro\/#primaryimage\",\"url\":\"https:\/\/www.vilademuro.net\/wp-content\/uploads\/2021\/07\/logo-TE.jpg\",\"contentUrl\":\"https:\/\/www.vilademuro.net\/wp-content\/uploads\/2021\/07\/logo-TE.jpg\",\"width\":150,\"height\":150},{\"@type\":\"BreadcrumbList\",\"@id\":\"https:\/\/www.vilademuro.net\/es\/proceso-de-seleccion-taller-de-empleo-format-a-muro\/#breadcrumb\",\"itemListElement\":[{\"@type\":\"ListItem\",\"position\":1,\"name\":\"Inici\",\"item\":\"https:\/\/www.vilademuro.net\/es\/\"},{\"@type\":\"ListItem\",\"position\":2,\"name\":\"PROCESO DE SELECCI\u00d3N &#8220;TALLER DE EMPLEO FORMA&#8217;T A MURO&#8221;\"}]},{\"@type\":\"WebSite\",\"@id\":\"https:\/\/www.vilademuro.net\/es\/#website\",\"url\":\"https:\/\/www.vilademuro.net\/es\/\",\"name\":\"Ajuntament de Muro d'Alcoi\",\"description\":\"P\u00e1gina web oficial de l&#039;Ajuntament de Muro\",\"publisher\":{\"@id\":\"https:\/\/www.vilademuro.net\/es\/#organization\"},\"potentialAction\":[{\"@type\":\"SearchAction\",\"target\":{\"@type\":\"EntryPoint\",\"urlTemplate\":\"https:\/\/www.vilademuro.net\/es\/?s={search_term_string}\"},\"query-input\":{\"@type\":\"PropertyValueSpecification\",\"valueRequired\":true,\"valueName\":\"search_term_string\"}}],\"inLanguage\":\"es\"},{\"@type\":\"Organization\",\"@id\":\"https:\/\/www.vilademuro.net\/es\/#organization\",\"name\":\"Ajuntament de Muro\",\"url\":\"https:\/\/www.vilademuro.net\/es\/\",\"logo\":{\"@type\":\"ImageObject\",\"inLanguage\":\"es\",\"@id\":\"https:\/\/www.vilademuro.net\/es\/#\/schema\/logo\/image\/\",\"url\":\"https:\/\/www.vilademuro.net\/wp-content\/uploads\/2022\/10\/LOGO3-2.jpg\",\"contentUrl\":\"https:\/\/www.vilademuro.net\/wp-content\/uploads\/2022\/10\/LOGO3-2.jpg\",\"width\":756,\"height\":517,\"caption\":\"Ajuntament de Muro\"},\"image\":{\"@id\":\"https:\/\/www.vilademuro.net\/es\/#\/schema\/logo\/image\/\"},\"sameAs\":[\"https:\/\/www.facebook.com\/murodealcoy\",\"https:\/\/x.com\/AjuntamentMuro\",\"https:\/\/www.youtube.com\/channel\/UC2rwbKfRqsd1Ncwm6Y1prQw\"]},{\"@type\":\"Person\",\"@id\":\"https:\/\/www.vilademuro.net\/es\/#\/schema\/person\/a42e266ef9e9ced94f63a10cae995cb3\",\"name\":\"Manolo Moll\",\"image\":{\"@type\":\"ImageObject\",\"inLanguage\":\"es\",\"@id\":\"https:\/\/www.vilademuro.net\/es\/#\/schema\/person\/image\/\",\"url\":\"https:\/\/secure.gravatar.com\/avatar\/a3221566d53d0f1136f8c6f2cfcd2956c691deadb08d33bb4b275a4da7bd7260?s=96&d=mm&r=g\",\"contentUrl\":\"https:\/\/secure.gravatar.com\/avatar\/a3221566d53d0f1136f8c6f2cfcd2956c691deadb08d33bb4b275a4da7bd7260?s=96&d=mm&r=g\",\"caption\":\"Manolo Moll\"}}]}<\/script>\n<!-- \/ Yoast SEO plugin. -->","yoast_head_json":{"title":"PROCESO DE SELECCI\u00d3N \"TALLER DE EMPLEO FORMA'T A MURO\" | Ajuntament de Muro","robots":{"index":"index","follow":"follow","max-snippet":"max-snippet:-1","max-image-preview":"max-image-preview:large","max-video-preview":"max-video-preview:-1"},"canonical":"https:\/\/www.vilademuro.net\/es\/proceso-de-seleccion-taller-de-empleo-format-a-muro\/","og_locale":"es_ES","og_type":"article","og_title":"PROCESO DE SELECCI\u00d3N \"TALLER DE EMPLEO FORMA'T A MURO\" | Ajuntament de Muro","og_description":"ACTA CONSTITUCI\u00d3 COMISSI\u00d3 MIXTA DE SELECCI\u00d3 \u00abTALLER D&#8217;OCUPACI\u00d3 FORMA&#8217;T A MURO\u00bb CALENDARI DEFINITIU ACTUACIONS \u00abTALLER D&#8217;OCUPACI\u00d3 FORMA&#8217;T A MURO\u00bb NOU CALENDARI DEFINITIU ACTUACIONS \u00abTALLER D&#8217;OCUPACI\u00d3 FORMA&#8217;T A MURO\u00bbBASES SELECCI\u00d3 PERSONAL [&hellip;]","og_url":"https:\/\/www.vilademuro.net\/es\/proceso-de-seleccion-taller-de-empleo-format-a-muro\/","og_site_name":"Ajuntament de Muro","article_publisher":"https:\/\/www.facebook.com\/murodealcoy","article_published_time":"2025-02-07T10:25:21+00:00","article_modified_time":"2025-08-22T09:36:04+00:00","og_image":[{"width":150,"height":150,"url":"https:\/\/www.vilademuro.net\/wp-content\/uploads\/2021\/07\/logo-TE.jpg","type":"image\/jpeg"}],"author":"Manolo Moll","twitter_card":"summary_large_image","twitter_creator":"@AjuntamentMuro","twitter_site":"@AjuntamentMuro","twitter_misc":{"Escrito por":"Manolo Moll","Tiempo de lectura":"2 minutos"},"schema":{"@context":"https:\/\/schema.org","@graph":[{"@type":"Article","@id":"https:\/\/www.vilademuro.net\/es\/proceso-de-seleccion-taller-de-empleo-format-a-muro\/#article","isPartOf":{"@id":"https:\/\/www.vilademuro.net\/es\/proceso-de-seleccion-taller-de-empleo-format-a-muro\/"},"author":{"name":"Manolo Moll","@id":"https:\/\/www.vilademuro.net\/es\/#\/schema\/person\/a42e266ef9e9ced94f63a10cae995cb3"},"headline":"PROCESO DE SELECCI\u00d3N \u00abTALLER DE EMPLEO FORMA&#8217;T A MURO\u00bb","datePublished":"2025-02-07T10:25:21+00:00","dateModified":"2025-08-22T09:36:04+00:00","mainEntityOfPage":{"@id":"https:\/\/www.vilademuro.net\/es\/proceso-de-seleccion-taller-de-empleo-format-a-muro\/"},"wordCount":421,"publisher":{"@id":"https:\/\/www.vilademuro.net\/es\/#organization"},"image":{"@id":"https:\/\/www.vilademuro.net\/es\/proceso-de-seleccion-taller-de-empleo-format-a-muro\/#primaryimage"},"thumbnailUrl":"https:\/\/www.vilademuro.net\/wp-content\/uploads\/2021\/07\/logo-TE.jpg","articleSection":["ADL","\u00c1reas","Destacat","Noticias","Taller de empleo"],"inLanguage":"es"},{"@type":"WebPage","@id":"https:\/\/www.vilademuro.net\/es\/proceso-de-seleccion-taller-de-empleo-format-a-muro\/","url":"https:\/\/www.vilademuro.net\/es\/proceso-de-seleccion-taller-de-empleo-format-a-muro\/","name":"PROCESO DE SELECCI\u00d3N \"TALLER DE EMPLEO FORMA'T A MURO\" | Ajuntament de Muro","isPartOf":{"@id":"https:\/\/www.vilademuro.net\/es\/#website"},"primaryImageOfPage":{"@id":"https:\/\/www.vilademuro.net\/es\/proceso-de-seleccion-taller-de-empleo-format-a-muro\/#primaryimage"},"image":{"@id":"https:\/\/www.vilademuro.net\/es\/proceso-de-seleccion-taller-de-empleo-format-a-muro\/#primaryimage"},"thumbnailUrl":"https:\/\/www.vilademuro.net\/wp-content\/uploads\/2021\/07\/logo-TE.jpg","datePublished":"2025-02-07T10:25:21+00:00","dateModified":"2025-08-22T09:36:04+00:00","breadcrumb":{"@id":"https:\/\/www.vilademuro.net\/es\/proceso-de-seleccion-taller-de-empleo-format-a-muro\/#breadcrumb"},"inLanguage":"es","potentialAction":[{"@type":"ReadAction","target":["https:\/\/www.vilademuro.net\/es\/proceso-de-seleccion-taller-de-empleo-format-a-muro\/"]}]},{"@type":"ImageObject","inLanguage":"es","@id":"https:\/\/www.vilademuro.net\/es\/proceso-de-seleccion-taller-de-empleo-format-a-muro\/#primaryimage","url":"https:\/\/www.vilademuro.net\/wp-content\/uploads\/2021\/07\/logo-TE.jpg","contentUrl":"https:\/\/www.vilademuro.net\/wp-content\/uploads\/2021\/07\/logo-TE.jpg","width":150,"height":150},{"@type":"BreadcrumbList","@id":"https:\/\/www.vilademuro.net\/es\/proceso-de-seleccion-taller-de-empleo-format-a-muro\/#breadcrumb","itemListElement":[{"@type":"ListItem","position":1,"name":"Inici","item":"https:\/\/www.vilademuro.net\/es\/"},{"@type":"ListItem","position":2,"name":"PROCESO DE SELECCI\u00d3N &#8220;TALLER DE EMPLEO FORMA&#8217;T A MURO&#8221;"}]},{"@type":"WebSite","@id":"https:\/\/www.vilademuro.net\/es\/#website","url":"https:\/\/www.vilademuro.net\/es\/","name":"Ajuntament de Muro d'Alcoi","description":"P\u00e1gina web oficial de l&#039;Ajuntament de Muro","publisher":{"@id":"https:\/\/www.vilademuro.net\/es\/#organization"},"potentialAction":[{"@type":"SearchAction","target":{"@type":"EntryPoint","urlTemplate":"https:\/\/www.vilademuro.net\/es\/?s={search_term_string}"},"query-input":{"@type":"PropertyValueSpecification","valueRequired":true,"valueName":"search_term_string"}}],"inLanguage":"es"},{"@type":"Organization","@id":"https:\/\/www.vilademuro.net\/es\/#organization","name":"Ajuntament de Muro","url":"https:\/\/www.vilademuro.net\/es\/","logo":{"@type":"ImageObject","inLanguage":"es","@id":"https:\/\/www.vilademuro.net\/es\/#\/schema\/logo\/image\/","url":"https:\/\/www.vilademuro.net\/wp-content\/uploads\/2022\/10\/LOGO3-2.jpg","contentUrl":"https:\/\/www.vilademuro.net\/wp-content\/uploads\/2022\/10\/LOGO3-2.jpg","width":756,"height":517,"caption":"Ajuntament de Muro"},"image":{"@id":"https:\/\/www.vilademuro.net\/es\/#\/schema\/logo\/image\/"},"sameAs":["https:\/\/www.facebook.com\/murodealcoy","https:\/\/x.com\/AjuntamentMuro","https:\/\/www.youtube.com\/channel\/UC2rwbKfRqsd1Ncwm6Y1prQw"]},{"@type":"Person","@id":"https:\/\/www.vilademuro.net\/es\/#\/schema\/person\/a42e266ef9e9ced94f63a10cae995cb3","name":"Manolo Moll","image":{"@type":"ImageObject","inLanguage":"es","@id":"https:\/\/www.vilademuro.net\/es\/#\/schema\/person\/image\/","url":"https:\/\/secure.gravatar.com\/avatar\/a3221566d53d0f1136f8c6f2cfcd2956c691deadb08d33bb4b275a4da7bd7260?s=96&d=mm&r=g","contentUrl":"https:\/\/secure.gravatar.com\/avatar\/a3221566d53d0f1136f8c6f2cfcd2956c691deadb08d33bb4b275a4da7bd7260?s=96&d=mm&r=g","caption":"Manolo Moll"}}]}},"_links":{"self":[{"href":"https:\/\/www.vilademuro.net\/es\/wp-json\/wp\/v2\/posts\/55194","targetHints":{"allow":["GET"]}}],"collection":[{"href":"https:\/\/www.vilademuro.net\/es\/wp-json\/wp\/v2\/posts"}],"about":[{"href":"https:\/\/www.vilademuro.net\/es\/wp-json\/wp\/v2\/types\/post"}],"author":[{"embeddable":true,"href":"https:\/\/www.vilademuro.net\/es\/wp-json\/wp\/v2\/users\/9"}],"replies":[{"embeddable":true,"href":"https:\/\/www.vilademuro.net\/es\/wp-json\/wp\/v2\/comments?post=55194"}],"version-history":[{"count":10,"href":"https:\/\/www.vilademuro.net\/es\/wp-json\/wp\/v2\/posts\/55194\/revisions"}],"predecessor-version":[{"id":57245,"href":"https:\/\/www.vilademuro.net\/es\/wp-json\/wp\/v2\/posts\/55194\/revisions\/57245"}],"wp:featuredmedia":[{"embeddable":true,"href":"https:\/\/www.vilademuro.net\/es\/wp-json\/wp\/v2\/media\/45372"}],"wp:attachment":[{"href":"https:\/\/www.vilademuro.net\/es\/wp-json\/wp\/v2\/media?parent=55194"}],"wp:term":[{"taxonomy":"category","embeddable":true,"href":"https:\/\/www.vilademuro.net\/es\/wp-json\/wp\/v2\/categories?post=55194"},{"taxonomy":"post_tag","embeddable":true,"href":"https:\/\/www.vilademuro.net\/es\/wp-json\/wp\/v2\/tags?post=55194"}],"curies":[{"name":"wp","href":"https:\/\/api.w.org\/{rel}","templated":true}]}}