{"id":54842,"date":"2024-11-08T14:26:23","date_gmt":"2024-11-08T13:26:23","guid":{"rendered":"https:\/\/www.vilademuro.net\/?p=54842"},"modified":"2026-04-22T11:21:16","modified_gmt":"2026-04-22T09:21:16","slug":"proceso-selectivo-plaza-tecnico-a-de-turismo","status":"publish","type":"post","link":"https:\/\/www.vilademuro.net\/es\/proceso-selectivo-plaza-tecnico-a-de-turismo\/","title":{"rendered":"Proceso selectivo plaza T\u00e9cnico\/a de Turismo &#8211; Turno Libre"},"content":{"rendered":"<p><a href=\"https:\/\/www.vilademuro.net\/wp-content\/uploads\/2024\/11\/BOP-no-215-de-8-11-2024-BasesEspecificas-convocatoria-Tecnico-Turismo.pdf\">BOP n\u00ba 215 de 8-11-2024 &#8211; Bases Especificas convocatoria T\u00e9cnico de Turismo<\/a><\/p>\n<p><a href=\"https:\/\/www.vilademuro.net\/wp-content\/uploads\/2024\/11\/DOGV-num.-9993-de-26-de-novembre-de-2024-1.pdf\">DOGV n\u00fam. 9993, de 26 de noviembre de 2024 &#8211; Anuncio<\/a><\/p>\n<p><a href=\"https:\/\/www.vilademuro.net\/wp-content\/uploads\/2024\/11\/BOE-num.-22-de-25-01-2025-Turisme-Anuncio-Convocatoria-Apertura-plazo-presentacion-Instancias.pdf\">BOE n\u00fam. 22, de 25-01-2025 &#8211; Anuncio Convocatoria Apertura plazo presentaci\u00f3n Instancias<\/a><\/p>\n<p><a href=\"https:\/\/www.vilademuro.net\/wp-content\/uploads\/2024\/11\/INSTANCIA-TECNICO-TURISMO-2025.doc\">INSTANCIA T\u00c9CNICO\/A TURISMO<\/a>\u00a0 \u00a0 <strong>PLAZO PRESENTACI\u00d3N: DEL 27 DE ENERO AL 21 DE FEBRER DE 2025 (AMBOS INCLUIDOS)<\/strong><\/p>\n<p><strong>NOTA INFORMATIVA: El importe de la Tasa por derechos de examen es de 30,45 \u20ac (BOP n\u00ba 241 de 11 de diciembre de 2007)<\/strong><\/p>\n<p><a href=\"https:\/\/www.vilademuro.net\/wp-content\/uploads\/2024\/11\/BOP-no-59-de-27-03-2025-Anunci-Llista-provisional-placa-tecnic-a-de-Turisme-torn-lliure.pdf\">ANUNCIO &#8211; Lista provisional de admitidos y excluidos &#8211; BOP n\u00ba 59 de 27-03-2025<\/a><\/p>\n<p><a href=\"https:\/\/www.vilademuro.net\/wp-content\/uploads\/2024\/11\/BOP-num.-202-de-23-10-2025-Llista-definitiva-tribunal-i-data-examen-placa-tecnic-turisme-torn-lliure-1.pdf\">ANUNCIO &#8211; Lista definitiva de admitidos y excluidos, tribunal y fecha primer ejercicio &#8211; <\/a><a href=\"https:\/\/www.vilademuro.net\/wp-content\/uploads\/2024\/11\/BOP-num.-202-de-23-10-2025-Llista-definitiva-tribunal-i-data-examen-placa-tecnic-turisme-torn-lliure-1.pdf\">BOP n\u00fam. 202 de 23-10-2025,<\/a><\/p>\n<p><a href=\"https:\/\/www.vilademuro.net\/wp-content\/uploads\/2024\/11\/20251125_Publicacio_Anunci_Anuncio-resultados-provisionales-primer-ejercicio-Plaza-tecnico-de-turismo-1.pdf\">ANUNCIO &#8211; Resultados provisionales primer ejercicio<\/a><\/p>\n<p><a href=\"https:\/\/www.vilademuro.net\/wp-content\/uploads\/2024\/11\/ANUNCIO-RESULTADOS-APERTURA-SOBRES-IDENTIFICATIVOS-ASPIRANTES-PRESENTADOS-PROCESO-SELECTIVO-TECNICO-A-TURISMO-1.pdf\">ANUNCIO- Resultados apertura sobres identificativos aspirantes presentados<\/a><\/p>\n<p><a href=\"https:\/\/www.vilademuro.net\/wp-content\/uploads\/2024\/11\/Plantilla-respostes-correstes-primer-exercici-1a-part-Test-1.pdf\">Plantilla respuestas correctas primer ejercicio 1\u00aa parte &#8211; Test<\/a><\/p>\n<p><a href=\"https:\/\/www.vilademuro.net\/wp-content\/uploads\/2024\/11\/Acta-no-4-de11-de-diciembre-de-2025-alegaciones-turismo.pdf\">Acta n\u00ba 4, de 11 de diciembre de 2025 &#8211; Resoluci\u00f3n alegaciones y resultados definitivos primer ejercicio<\/a><\/p>\n<p><a href=\"https:\/\/www.vilademuro.net\/wp-content\/uploads\/2024\/11\/ANUNCIO-Convocatoria-segundo-ejercicio-proceso-selectivo-una-plaza-de-tecnico-de-turismo-turno-libre-1.pdf\">ANUNCIO &#8211; Convocatoria segundo ejercicio<\/a><\/p>\n<p><a href=\"https:\/\/www.vilademuro.net\/wp-content\/uploads\/2024\/11\/ANUNCIO-Resultados-segundo-ejercicio-fase-oposicion-plaza-Tecnico-de-Turismo-1.pdf\">ANUNCIO &#8211; Resultados provisionales segundo ejercicio y totales<\/a><\/p>\n<p><a href=\"https:\/\/www.vilademuro.net\/wp-content\/uploads\/2024\/11\/ACTA-No-7-Revision-alegaciones-y-citacion-revision-presencial-1.pdf\">ACTA N\u00ba 7 &#8211; Revisi\u00f3n alegaciones y citaci\u00f3n para revisiones presenciales solicitadas<\/a><\/p>\n<p><a href=\"https:\/\/www.vilademuro.net\/wp-content\/uploads\/2024\/11\/ACTA-No-8-de-15-04-2026-Resultados-definitivos-proceso-selectivo-propuesta-de-nombramiento-y-de-constitucion-de-bolsa-1.pdf\">ACTA N\u00ba 8, de 15-04-2026 &#8211; Resultados definitivos proceso selectivo, propuesta de nombramiento y de constituci\u00f3n de bolsa.<\/a><\/p>\n<p>&nbsp;<\/p>\n<p>&nbsp;<\/p>\n","protected":false},"excerpt":{"rendered":"<p>BOP n\u00ba 215 de 8-11-2024 &#8211; Bases Especificas convocatoria T\u00e9cnico de Turismo DOGV n\u00fam. 9993, de 26 de noviembre de 2024 &#8211; Anuncio BOE n\u00fam. 22, de 25-01-2025 &#8211; Anuncio [&hellip;]<\/p>\n","protected":false},"author":29,"featured_media":37891,"comment_status":"closed","ping_status":"closed","sticky":false,"template":"","format":"standard","meta":{"_et_pb_use_builder":"","_et_pb_old_content":"","_et_gb_content_width":"","footnotes":""},"categories":[49,108],"tags":[],"class_list":["post-54842","post","type-post","status-publish","format-standard","has-post-thumbnail","hentry","category-noticias","category-ocupacio-publica-es"],"yoast_head":"<!-- This site is optimized with the Yoast SEO plugin v27.1.1 - https:\/\/yoast.com\/product\/yoast-seo-wordpress\/ -->\n<title>Proceso selectivo plaza T\u00e9cnico\/a de Turismo - Turno Libre | Ajuntament de Muro<\/title>\n<meta name=\"robots\" content=\"index, follow, max-snippet:-1, max-image-preview:large, max-video-preview:-1\" \/>\n<link rel=\"canonical\" href=\"https:\/\/www.vilademuro.net\/es\/proceso-selectivo-plaza-tecnico-a-de-turismo\/\" \/>\n<meta property=\"og:locale\" content=\"es_ES\" \/>\n<meta property=\"og:type\" content=\"article\" \/>\n<meta property=\"og:title\" content=\"Proceso selectivo plaza T\u00e9cnico\/a de Turismo - Turno Libre | Ajuntament de Muro\" \/>\n<meta property=\"og:description\" content=\"BOP n\u00ba 215 de 8-11-2024 &#8211; Bases Especificas convocatoria T\u00e9cnico de Turismo DOGV n\u00fam. 9993, de 26 de noviembre de 2024 &#8211; Anuncio BOE n\u00fam. 22, de 25-01-2025 &#8211; Anuncio [&hellip;]\" \/>\n<meta property=\"og:url\" content=\"https:\/\/www.vilademuro.net\/es\/proceso-selectivo-plaza-tecnico-a-de-turismo\/\" \/>\n<meta property=\"og:site_name\" content=\"Ajuntament de Muro\" \/>\n<meta property=\"article:publisher\" content=\"https:\/\/www.facebook.com\/murodealcoy\" \/>\n<meta property=\"article:published_time\" content=\"2024-11-08T13:26:23+00:00\" \/>\n<meta property=\"article:modified_time\" content=\"2026-04-22T09:21:16+00:00\" \/>\n<meta property=\"og:image\" content=\"https:\/\/www.vilademuro.net\/wp-content\/uploads\/2020\/04\/logo-entrades-ocupacio-publica-1.jpg\" \/>\n\t<meta property=\"og:image:width\" content=\"200\" \/>\n\t<meta property=\"og:image:height\" content=\"200\" \/>\n\t<meta property=\"og:image:type\" content=\"image\/jpeg\" \/>\n<meta name=\"author\" content=\"vilaplana_marcos\" \/>\n<meta name=\"twitter:card\" content=\"summary_large_image\" \/>\n<meta name=\"twitter:creator\" content=\"@AjuntamentMuro\" \/>\n<meta name=\"twitter:site\" content=\"@AjuntamentMuro\" \/>\n<meta name=\"twitter:label1\" content=\"Escrito por\" \/>\n\t<meta name=\"twitter:data1\" content=\"vilaplana_marcos\" \/>\n\t<meta name=\"twitter:label2\" content=\"Tiempo de lectura\" \/>\n\t<meta name=\"twitter:data2\" content=\"2 minutos\" \/>\n<script type=\"application\/ld+json\" class=\"yoast-schema-graph\">{\"@context\":\"https:\/\/schema.org\",\"@graph\":[{\"@type\":\"Article\",\"@id\":\"https:\/\/www.vilademuro.net\/es\/proceso-selectivo-plaza-tecnico-a-de-turismo\/#article\",\"isPartOf\":{\"@id\":\"https:\/\/www.vilademuro.net\/es\/proceso-selectivo-plaza-tecnico-a-de-turismo\/\"},\"author\":{\"name\":\"vilaplana_marcos\",\"@id\":\"https:\/\/www.vilademuro.net\/es\/#\/schema\/person\/26bbacbcda52106bbfdfc0b6d1407c8a\"},\"headline\":\"Proceso selectivo plaza T\u00e9cnico\/a de Turismo &#8211; Turno Libre\",\"datePublished\":\"2024-11-08T13:26:23+00:00\",\"dateModified\":\"2026-04-22T09:21:16+00:00\",\"mainEntityOfPage\":{\"@id\":\"https:\/\/www.vilademuro.net\/es\/proceso-selectivo-plaza-tecnico-a-de-turismo\/\"},\"wordCount\":200,\"publisher\":{\"@id\":\"https:\/\/www.vilademuro.net\/es\/#organization\"},\"image\":{\"@id\":\"https:\/\/www.vilademuro.net\/es\/proceso-selectivo-plaza-tecnico-a-de-turismo\/#primaryimage\"},\"thumbnailUrl\":\"https:\/\/www.vilademuro.net\/wp-content\/uploads\/2020\/04\/logo-entrades-ocupacio-publica-1.jpg\",\"articleSection\":[\"Noticias\",\"Ocupaci\u00f3 p\u00fablica\"],\"inLanguage\":\"es\"},{\"@type\":\"WebPage\",\"@id\":\"https:\/\/www.vilademuro.net\/es\/proceso-selectivo-plaza-tecnico-a-de-turismo\/\",\"url\":\"https:\/\/www.vilademuro.net\/es\/proceso-selectivo-plaza-tecnico-a-de-turismo\/\",\"name\":\"Proceso selectivo plaza T\u00e9cnico\/a de Turismo - Turno Libre | Ajuntament de Muro\",\"isPartOf\":{\"@id\":\"https:\/\/www.vilademuro.net\/es\/#website\"},\"primaryImageOfPage\":{\"@id\":\"https:\/\/www.vilademuro.net\/es\/proceso-selectivo-plaza-tecnico-a-de-turismo\/#primaryimage\"},\"image\":{\"@id\":\"https:\/\/www.vilademuro.net\/es\/proceso-selectivo-plaza-tecnico-a-de-turismo\/#primaryimage\"},\"thumbnailUrl\":\"https:\/\/www.vilademuro.net\/wp-content\/uploads\/2020\/04\/logo-entrades-ocupacio-publica-1.jpg\",\"datePublished\":\"2024-11-08T13:26:23+00:00\",\"dateModified\":\"2026-04-22T09:21:16+00:00\",\"breadcrumb\":{\"@id\":\"https:\/\/www.vilademuro.net\/es\/proceso-selectivo-plaza-tecnico-a-de-turismo\/#breadcrumb\"},\"inLanguage\":\"es\",\"potentialAction\":[{\"@type\":\"ReadAction\",\"target\":[\"https:\/\/www.vilademuro.net\/es\/proceso-selectivo-plaza-tecnico-a-de-turismo\/\"]}]},{\"@type\":\"ImageObject\",\"inLanguage\":\"es\",\"@id\":\"https:\/\/www.vilademuro.net\/es\/proceso-selectivo-plaza-tecnico-a-de-turismo\/#primaryimage\",\"url\":\"https:\/\/www.vilademuro.net\/wp-content\/uploads\/2020\/04\/logo-entrades-ocupacio-publica-1.jpg\",\"contentUrl\":\"https:\/\/www.vilademuro.net\/wp-content\/uploads\/2020\/04\/logo-entrades-ocupacio-publica-1.jpg\",\"width\":200,\"height\":200},{\"@type\":\"BreadcrumbList\",\"@id\":\"https:\/\/www.vilademuro.net\/es\/proceso-selectivo-plaza-tecnico-a-de-turismo\/#breadcrumb\",\"itemListElement\":[{\"@type\":\"ListItem\",\"position\":1,\"name\":\"Inici\",\"item\":\"https:\/\/www.vilademuro.net\/es\/\"},{\"@type\":\"ListItem\",\"position\":2,\"name\":\"Proceso selectivo plaza T\u00e9cnico\/a de Turismo &#8211; Turno Libre\"}]},{\"@type\":\"WebSite\",\"@id\":\"https:\/\/www.vilademuro.net\/es\/#website\",\"url\":\"https:\/\/www.vilademuro.net\/es\/\",\"name\":\"Ajuntament de Muro d'Alcoi\",\"description\":\"P\u00e1gina web oficial de l&#039;Ajuntament de Muro\",\"publisher\":{\"@id\":\"https:\/\/www.vilademuro.net\/es\/#organization\"},\"potentialAction\":[{\"@type\":\"SearchAction\",\"target\":{\"@type\":\"EntryPoint\",\"urlTemplate\":\"https:\/\/www.vilademuro.net\/es\/?s={search_term_string}\"},\"query-input\":{\"@type\":\"PropertyValueSpecification\",\"valueRequired\":true,\"valueName\":\"search_term_string\"}}],\"inLanguage\":\"es\"},{\"@type\":\"Organization\",\"@id\":\"https:\/\/www.vilademuro.net\/es\/#organization\",\"name\":\"Ajuntament de Muro\",\"url\":\"https:\/\/www.vilademuro.net\/es\/\",\"logo\":{\"@type\":\"ImageObject\",\"inLanguage\":\"es\",\"@id\":\"https:\/\/www.vilademuro.net\/es\/#\/schema\/logo\/image\/\",\"url\":\"https:\/\/www.vilademuro.net\/wp-content\/uploads\/2022\/10\/LOGO3-2.jpg\",\"contentUrl\":\"https:\/\/www.vilademuro.net\/wp-content\/uploads\/2022\/10\/LOGO3-2.jpg\",\"width\":756,\"height\":517,\"caption\":\"Ajuntament de Muro\"},\"image\":{\"@id\":\"https:\/\/www.vilademuro.net\/es\/#\/schema\/logo\/image\/\"},\"sameAs\":[\"https:\/\/www.facebook.com\/murodealcoy\",\"https:\/\/x.com\/AjuntamentMuro\",\"https:\/\/www.youtube.com\/channel\/UC2rwbKfRqsd1Ncwm6Y1prQw\"]},{\"@type\":\"Person\",\"@id\":\"https:\/\/www.vilademuro.net\/es\/#\/schema\/person\/26bbacbcda52106bbfdfc0b6d1407c8a\",\"name\":\"vilaplana_marcos\",\"image\":{\"@type\":\"ImageObject\",\"inLanguage\":\"es\",\"@id\":\"https:\/\/www.vilademuro.net\/es\/#\/schema\/person\/image\/\",\"url\":\"https:\/\/secure.gravatar.com\/avatar\/5b80a2d4a04407dd5a9fc481ac33e133045f49d52f2ebbf4c39bcbc0e3a3aa1c?s=96&d=mm&r=g\",\"contentUrl\":\"https:\/\/secure.gravatar.com\/avatar\/5b80a2d4a04407dd5a9fc481ac33e133045f49d52f2ebbf4c39bcbc0e3a3aa1c?s=96&d=mm&r=g\",\"caption\":\"vilaplana_marcos\"}}]}<\/script>\n<!-- \/ Yoast SEO plugin. -->","yoast_head_json":{"title":"Proceso selectivo plaza T\u00e9cnico\/a de Turismo - Turno Libre | Ajuntament de Muro","robots":{"index":"index","follow":"follow","max-snippet":"max-snippet:-1","max-image-preview":"max-image-preview:large","max-video-preview":"max-video-preview:-1"},"canonical":"https:\/\/www.vilademuro.net\/es\/proceso-selectivo-plaza-tecnico-a-de-turismo\/","og_locale":"es_ES","og_type":"article","og_title":"Proceso selectivo plaza T\u00e9cnico\/a de Turismo - Turno Libre | Ajuntament de Muro","og_description":"BOP n\u00ba 215 de 8-11-2024 &#8211; Bases Especificas convocatoria T\u00e9cnico de Turismo DOGV n\u00fam. 9993, de 26 de noviembre de 2024 &#8211; Anuncio BOE n\u00fam. 22, de 25-01-2025 &#8211; Anuncio [&hellip;]","og_url":"https:\/\/www.vilademuro.net\/es\/proceso-selectivo-plaza-tecnico-a-de-turismo\/","og_site_name":"Ajuntament de Muro","article_publisher":"https:\/\/www.facebook.com\/murodealcoy","article_published_time":"2024-11-08T13:26:23+00:00","article_modified_time":"2026-04-22T09:21:16+00:00","og_image":[{"width":200,"height":200,"url":"https:\/\/www.vilademuro.net\/wp-content\/uploads\/2020\/04\/logo-entrades-ocupacio-publica-1.jpg","type":"image\/jpeg"}],"author":"vilaplana_marcos","twitter_card":"summary_large_image","twitter_creator":"@AjuntamentMuro","twitter_site":"@AjuntamentMuro","twitter_misc":{"Escrito por":"vilaplana_marcos","Tiempo de lectura":"2 minutos"},"schema":{"@context":"https:\/\/schema.org","@graph":[{"@type":"Article","@id":"https:\/\/www.vilademuro.net\/es\/proceso-selectivo-plaza-tecnico-a-de-turismo\/#article","isPartOf":{"@id":"https:\/\/www.vilademuro.net\/es\/proceso-selectivo-plaza-tecnico-a-de-turismo\/"},"author":{"name":"vilaplana_marcos","@id":"https:\/\/www.vilademuro.net\/es\/#\/schema\/person\/26bbacbcda52106bbfdfc0b6d1407c8a"},"headline":"Proceso selectivo plaza T\u00e9cnico\/a de Turismo &#8211; Turno Libre","datePublished":"2024-11-08T13:26:23+00:00","dateModified":"2026-04-22T09:21:16+00:00","mainEntityOfPage":{"@id":"https:\/\/www.vilademuro.net\/es\/proceso-selectivo-plaza-tecnico-a-de-turismo\/"},"wordCount":200,"publisher":{"@id":"https:\/\/www.vilademuro.net\/es\/#organization"},"image":{"@id":"https:\/\/www.vilademuro.net\/es\/proceso-selectivo-plaza-tecnico-a-de-turismo\/#primaryimage"},"thumbnailUrl":"https:\/\/www.vilademuro.net\/wp-content\/uploads\/2020\/04\/logo-entrades-ocupacio-publica-1.jpg","articleSection":["Noticias","Ocupaci\u00f3 p\u00fablica"],"inLanguage":"es"},{"@type":"WebPage","@id":"https:\/\/www.vilademuro.net\/es\/proceso-selectivo-plaza-tecnico-a-de-turismo\/","url":"https:\/\/www.vilademuro.net\/es\/proceso-selectivo-plaza-tecnico-a-de-turismo\/","name":"Proceso selectivo plaza T\u00e9cnico\/a de Turismo - Turno Libre | Ajuntament de Muro","isPartOf":{"@id":"https:\/\/www.vilademuro.net\/es\/#website"},"primaryImageOfPage":{"@id":"https:\/\/www.vilademuro.net\/es\/proceso-selectivo-plaza-tecnico-a-de-turismo\/#primaryimage"},"image":{"@id":"https:\/\/www.vilademuro.net\/es\/proceso-selectivo-plaza-tecnico-a-de-turismo\/#primaryimage"},"thumbnailUrl":"https:\/\/www.vilademuro.net\/wp-content\/uploads\/2020\/04\/logo-entrades-ocupacio-publica-1.jpg","datePublished":"2024-11-08T13:26:23+00:00","dateModified":"2026-04-22T09:21:16+00:00","breadcrumb":{"@id":"https:\/\/www.vilademuro.net\/es\/proceso-selectivo-plaza-tecnico-a-de-turismo\/#breadcrumb"},"inLanguage":"es","potentialAction":[{"@type":"ReadAction","target":["https:\/\/www.vilademuro.net\/es\/proceso-selectivo-plaza-tecnico-a-de-turismo\/"]}]},{"@type":"ImageObject","inLanguage":"es","@id":"https:\/\/www.vilademuro.net\/es\/proceso-selectivo-plaza-tecnico-a-de-turismo\/#primaryimage","url":"https:\/\/www.vilademuro.net\/wp-content\/uploads\/2020\/04\/logo-entrades-ocupacio-publica-1.jpg","contentUrl":"https:\/\/www.vilademuro.net\/wp-content\/uploads\/2020\/04\/logo-entrades-ocupacio-publica-1.jpg","width":200,"height":200},{"@type":"BreadcrumbList","@id":"https:\/\/www.vilademuro.net\/es\/proceso-selectivo-plaza-tecnico-a-de-turismo\/#breadcrumb","itemListElement":[{"@type":"ListItem","position":1,"name":"Inici","item":"https:\/\/www.vilademuro.net\/es\/"},{"@type":"ListItem","position":2,"name":"Proceso selectivo plaza T\u00e9cnico\/a de Turismo &#8211; Turno Libre"}]},{"@type":"WebSite","@id":"https:\/\/www.vilademuro.net\/es\/#website","url":"https:\/\/www.vilademuro.net\/es\/","name":"Ajuntament de Muro d'Alcoi","description":"P\u00e1gina web oficial de l&#039;Ajuntament de Muro","publisher":{"@id":"https:\/\/www.vilademuro.net\/es\/#organization"},"potentialAction":[{"@type":"SearchAction","target":{"@type":"EntryPoint","urlTemplate":"https:\/\/www.vilademuro.net\/es\/?s={search_term_string}"},"query-input":{"@type":"PropertyValueSpecification","valueRequired":true,"valueName":"search_term_string"}}],"inLanguage":"es"},{"@type":"Organization","@id":"https:\/\/www.vilademuro.net\/es\/#organization","name":"Ajuntament de Muro","url":"https:\/\/www.vilademuro.net\/es\/","logo":{"@type":"ImageObject","inLanguage":"es","@id":"https:\/\/www.vilademuro.net\/es\/#\/schema\/logo\/image\/","url":"https:\/\/www.vilademuro.net\/wp-content\/uploads\/2022\/10\/LOGO3-2.jpg","contentUrl":"https:\/\/www.vilademuro.net\/wp-content\/uploads\/2022\/10\/LOGO3-2.jpg","width":756,"height":517,"caption":"Ajuntament de Muro"},"image":{"@id":"https:\/\/www.vilademuro.net\/es\/#\/schema\/logo\/image\/"},"sameAs":["https:\/\/www.facebook.com\/murodealcoy","https:\/\/x.com\/AjuntamentMuro","https:\/\/www.youtube.com\/channel\/UC2rwbKfRqsd1Ncwm6Y1prQw"]},{"@type":"Person","@id":"https:\/\/www.vilademuro.net\/es\/#\/schema\/person\/26bbacbcda52106bbfdfc0b6d1407c8a","name":"vilaplana_marcos","image":{"@type":"ImageObject","inLanguage":"es","@id":"https:\/\/www.vilademuro.net\/es\/#\/schema\/person\/image\/","url":"https:\/\/secure.gravatar.com\/avatar\/5b80a2d4a04407dd5a9fc481ac33e133045f49d52f2ebbf4c39bcbc0e3a3aa1c?s=96&d=mm&r=g","contentUrl":"https:\/\/secure.gravatar.com\/avatar\/5b80a2d4a04407dd5a9fc481ac33e133045f49d52f2ebbf4c39bcbc0e3a3aa1c?s=96&d=mm&r=g","caption":"vilaplana_marcos"}}]}},"_links":{"self":[{"href":"https:\/\/www.vilademuro.net\/es\/wp-json\/wp\/v2\/posts\/54842","targetHints":{"allow":["GET"]}}],"collection":[{"href":"https:\/\/www.vilademuro.net\/es\/wp-json\/wp\/v2\/posts"}],"about":[{"href":"https:\/\/www.vilademuro.net\/es\/wp-json\/wp\/v2\/types\/post"}],"author":[{"embeddable":true,"href":"https:\/\/www.vilademuro.net\/es\/wp-json\/wp\/v2\/users\/29"}],"replies":[{"embeddable":true,"href":"https:\/\/www.vilademuro.net\/es\/wp-json\/wp\/v2\/comments?post=54842"}],"version-history":[{"count":13,"href":"https:\/\/www.vilademuro.net\/es\/wp-json\/wp\/v2\/posts\/54842\/revisions"}],"predecessor-version":[{"id":61932,"href":"https:\/\/www.vilademuro.net\/es\/wp-json\/wp\/v2\/posts\/54842\/revisions\/61932"}],"wp:featuredmedia":[{"embeddable":true,"href":"https:\/\/www.vilademuro.net\/es\/wp-json\/wp\/v2\/media\/37891"}],"wp:attachment":[{"href":"https:\/\/www.vilademuro.net\/es\/wp-json\/wp\/v2\/media?parent=54842"}],"wp:term":[{"taxonomy":"category","embeddable":true,"href":"https:\/\/www.vilademuro.net\/es\/wp-json\/wp\/v2\/categories?post=54842"},{"taxonomy":"post_tag","embeddable":true,"href":"https:\/\/www.vilademuro.net\/es\/wp-json\/wp\/v2\/tags?post=54842"}],"curies":[{"name":"wp","href":"https:\/\/api.w.org\/{rel}","templated":true}]}}