{"id":54542,"date":"2024-11-07T00:01:01","date_gmt":"2024-11-06T23:01:01","guid":{"rendered":"https:\/\/www.vilademuro.net\/?p=54542"},"modified":"2024-12-12T17:36:12","modified_gmt":"2024-12-12T16:36:12","slug":"xxv-concurso-de-escaparates-de-navidad","status":"publish","type":"post","link":"https:\/\/www.vilademuro.net\/es\/xxv-concurso-de-escaparates-de-navidad\/","title":{"rendered":"XXV Concurso de Escaparates de Navidad"},"content":{"rendered":"<p>En la \u00e9poca de Navidad y para animar las calles y plazas de Muro y apoyar nuestros comercios y servicios locales y de proximidad lanzamos el tradicional Concurso de Escaparates de Navidad.<br \/>\nEste a\u00f1o llegamos a la XXV edici\u00f3n manteniendo los premios como la pasada edici\u00f3n:<br \/>\n\u2013 500,00 \u20ac para el primer premio<br \/>\n\u2013 300,00 \u20ac para el segundo<br \/>\n\u2013 5 acc\u00e9sit de 160,00 \u20ac cada uno, concedidos a: Ambientaci\u00f3n Navide\u00f1a; Exposici\u00f3n del producto; Imaginaci\u00f3n\/originalidad; Reciclaje\/reutilizaci\u00f3n de los materiales y M\u00e1s Popular (la foto del escaparate con m\u00e1s \u201cme gusta\u201d el d\u00eda y hora que se re\u00fana la comisi\u00f3n de valoraci\u00f3n en la p\u00e1gina https:\/\/www.facebook.com\/murodealcoy\/.<br \/>\nLos premios no ser\u00e1n acumulables.<br \/>\nEl plazo para presentar las inscripciones ser\u00e1 del 7 de noviembre hasta el 5 de diciembre de 2024.<br \/>\nLos escaparates deben estar preparados el d\u00eda 9 de diciembre a las 19:00 h.<br \/>\n<strong><span style=\"color: #3366ff\"><a style=\"color: #3366ff\" href=\"https:\/\/www.vilademuro.net\/wp-content\/uploads\/2024\/11\/2024_008870.pdf\">EXTRACTO CONVOCATORIA BOP<\/a><\/span><\/strong><br \/>\n<strong><span style=\"color: #3366ff\"><a style=\"color: #3366ff\" href=\"https:\/\/www.vilademuro.net\/wp-content\/uploads\/2024\/11\/BASES_CONCURS_APARADORS_24.pdf\">BASES CONCURSO ESCAPARATES DE NAVIDAD<\/a><\/span><\/strong><br \/>\n<strong><span style=\"color: #3366ff\"><a style=\"color: #3366ff\" href=\"https:\/\/www.vilademuro.net\/wp-content\/uploads\/2024\/11\/DECRETO-2024-1418-2024_11_04-DC_A_CONCURS_APARADORS_24.pdf\">DECRETO CONVOCATORIA<\/a><\/span><\/strong><br \/>\n<img decoding=\"async\" src=\"https:\/\/www.vilademuro.net\/wp-content\/uploads\/2023\/11\/AJUNTAMENT-NOTICIES.jpg\" \/><img decoding=\"async\" src=\"https:\/\/www.vilademuro.net\/wp-content\/uploads\/2023\/11\/2021_06_30-FAM.jpg\" \/><\/p>\n<p><span style=\"color: #000000\">Una vez terminado el plazo de inscripci\u00f3n hay un total de 20 participantes.<\/span><br \/>\n<a href=\"https:\/\/www.vilademuro.net\/wp-content\/uploads\/2024\/11\/IPP_D_CONCURS_APARADORS_24.pdf\"><span style=\"color: #000000\">Informe propuesta provisional del Agente de Desarrollo Local relativo a la concesi\u00f3n de premios dentro de la convocatoria del XXV Concurso de escaparates de Navidad. Navidad 2024.<\/span><\/a><\/p>\n<table style=\"border-collapse: collapse;width: 100%\">\n<tbody>\n<tr>\n<td style=\"width: 33.3333%;text-align: center\"><img loading=\"lazy\" decoding=\"async\" class=\"alignnone size-medium wp-image-43983\" src=\"https:\/\/www.vilademuro.net\/wp-content\/uploads\/2021\/11\/1-ucles-300x300.jpg\" alt=\"\" width=\"300\" height=\"300\" srcset=\"https:\/\/www.vilademuro.net\/wp-content\/uploads\/2021\/11\/1-ucles-300x300.jpg 300w, https:\/\/www.vilademuro.net\/wp-content\/uploads\/2021\/11\/1-ucles-150x150.jpg 150w, https:\/\/www.vilademuro.net\/wp-content\/uploads\/2021\/11\/1-ucles.jpg 405w\" sizes=\"(max-width: 300px) 100vw, 300px\" \/><\/td>\n<td style=\"width: 33.3333%;text-align: center\"><img loading=\"lazy\" decoding=\"async\" class=\"alignnone size-medium wp-image-43985\" src=\"https:\/\/www.vilademuro.net\/wp-content\/uploads\/2021\/11\/2-QuasideBades-300x300.jpg\" alt=\"\" width=\"300\" height=\"300\" srcset=\"https:\/\/www.vilademuro.net\/wp-content\/uploads\/2021\/11\/2-QuasideBades-300x300.jpg 300w, https:\/\/www.vilademuro.net\/wp-content\/uploads\/2021\/11\/2-QuasideBades-150x150.jpg 150w, https:\/\/www.vilademuro.net\/wp-content\/uploads\/2021\/11\/2-QuasideBades.jpg 405w\" sizes=\"(max-width: 300px) 100vw, 300px\" \/><\/td>\n<td style=\"width: 33.3333%;text-align: center\"><img loading=\"lazy\" decoding=\"async\" class=\"alignnone size-medium wp-image-43987\" src=\"https:\/\/www.vilademuro.net\/wp-content\/uploads\/2021\/11\/3-sycMary-300x300.jpg\" alt=\"\" width=\"300\" height=\"300\" srcset=\"https:\/\/www.vilademuro.net\/wp-content\/uploads\/2021\/11\/3-sycMary-300x300.jpg 300w, https:\/\/www.vilademuro.net\/wp-content\/uploads\/2021\/11\/3-sycMary-150x150.jpg 150w, https:\/\/www.vilademuro.net\/wp-content\/uploads\/2021\/11\/3-sycMary.jpg 405w\" sizes=\"(max-width: 300px) 100vw, 300px\" \/><\/td>\n<\/tr>\n<tr>\n<td style=\"width: 33.3333%;text-align: center\"><img loading=\"lazy\" decoding=\"async\" class=\"alignnone size-medium wp-image-43989\" src=\"https:\/\/www.vilademuro.net\/wp-content\/uploads\/2021\/11\/4-OPTICAMuro-300x300.jpg\" alt=\"\" width=\"300\" height=\"300\" srcset=\"https:\/\/www.vilademuro.net\/wp-content\/uploads\/2021\/11\/4-OPTICAMuro-300x300.jpg 300w, https:\/\/www.vilademuro.net\/wp-content\/uploads\/2021\/11\/4-OPTICAMuro-150x150.jpg 150w, https:\/\/www.vilademuro.net\/wp-content\/uploads\/2021\/11\/4-OPTICAMuro.jpg 405w\" sizes=\"(max-width: 300px) 100vw, 300px\" \/><\/td>\n<td style=\"width: 33.3333%;text-align: center\"><img loading=\"lazy\" decoding=\"async\" class=\"alignnone size-medium wp-image-43991\" src=\"https:\/\/www.vilademuro.net\/wp-content\/uploads\/2021\/11\/5-casa-alicia-300x300.jpg\" alt=\"\" width=\"300\" height=\"300\" srcset=\"https:\/\/www.vilademuro.net\/wp-content\/uploads\/2021\/11\/5-casa-alicia-300x300.jpg 300w, https:\/\/www.vilademuro.net\/wp-content\/uploads\/2021\/11\/5-casa-alicia-150x150.jpg 150w, https:\/\/www.vilademuro.net\/wp-content\/uploads\/2021\/11\/5-casa-alicia.jpg 405w\" sizes=\"(max-width: 300px) 100vw, 300px\" \/><\/td>\n<td style=\"width: 33.3333%;text-align: center\"><img loading=\"lazy\" decoding=\"async\" class=\"alignnone size-medium wp-image-43993\" src=\"https:\/\/www.vilademuro.net\/wp-content\/uploads\/2021\/11\/6-LaTendeta-300x300.jpg\" alt=\"\" width=\"300\" height=\"300\" srcset=\"https:\/\/www.vilademuro.net\/wp-content\/uploads\/2021\/11\/6-LaTendeta-300x300.jpg 300w, https:\/\/www.vilademuro.net\/wp-content\/uploads\/2021\/11\/6-LaTendeta-150x150.jpg 150w, https:\/\/www.vilademuro.net\/wp-content\/uploads\/2021\/11\/6-LaTendeta.jpg 405w\" sizes=\"(max-width: 300px) 100vw, 300px\" \/><\/td>\n<\/tr>\n<tr>\n<td style=\"width: 33.3333%;text-align: center\">\n<div id=\"attachment_43996\" style=\"width: 310px\" class=\"wp-caption aligncenter\"><img loading=\"lazy\" decoding=\"async\" aria-describedby=\"caption-attachment-43996\" class=\"size-medium wp-image-43995\" src=\"https:\/\/www.vilademuro.net\/wp-content\/uploads\/2021\/11\/7-azalea-300x300.jpg\" alt=\"\" width=\"300\" height=\"300\" srcset=\"https:\/\/www.vilademuro.net\/wp-content\/uploads\/2021\/11\/7-azalea-300x300.jpg 300w, https:\/\/www.vilademuro.net\/wp-content\/uploads\/2021\/11\/7-azalea-150x150.jpg 150w, https:\/\/www.vilademuro.net\/wp-content\/uploads\/2021\/11\/7-azalea.jpg 405w\" sizes=\"(max-width: 300px) 100vw, 300px\" \/><p id=\"caption-attachment-43996\" class=\"wp-caption-text\">Imprimir<\/p><\/div>\n<\/td>\n<td style=\"width: 33.3333%;text-align: center\"><img loading=\"lazy\" decoding=\"async\" class=\"alignnone size-medium wp-image-43997\" src=\"https:\/\/www.vilademuro.net\/wp-content\/uploads\/2021\/11\/8-Papiro-300x300.jpg\" alt=\"\" width=\"300\" height=\"300\" srcset=\"https:\/\/www.vilademuro.net\/wp-content\/uploads\/2021\/11\/8-Papiro-300x300.jpg 300w, https:\/\/www.vilademuro.net\/wp-content\/uploads\/2021\/11\/8-Papiro-150x150.jpg 150w, https:\/\/www.vilademuro.net\/wp-content\/uploads\/2021\/11\/8-Papiro.jpg 405w\" sizes=\"(max-width: 300px) 100vw, 300px\" \/><\/td>\n<td style=\"width: 33.3333%;text-align: center\"><img loading=\"lazy\" decoding=\"async\" class=\"alignnone size-medium wp-image-43999\" src=\"https:\/\/www.vilademuro.net\/wp-content\/uploads\/2021\/11\/9-blazier-300x300.jpg\" alt=\"\" width=\"300\" height=\"300\" srcset=\"https:\/\/www.vilademuro.net\/wp-content\/uploads\/2021\/11\/9-blazier-300x300.jpg 300w, https:\/\/www.vilademuro.net\/wp-content\/uploads\/2021\/11\/9-blazier-150x150.jpg 150w, https:\/\/www.vilademuro.net\/wp-content\/uploads\/2021\/11\/9-blazier.jpg 405w\" sizes=\"(max-width: 300px) 100vw, 300px\" \/><\/td>\n<\/tr>\n<tr>\n<td style=\"width: 33.3333%;text-align: center\"><img loading=\"lazy\" decoding=\"async\" class=\"alignnone size-medium wp-image-44001\" src=\"https:\/\/www.vilademuro.net\/wp-content\/uploads\/2021\/11\/10-Selene-300x300.jpg\" alt=\"\" width=\"300\" height=\"300\" srcset=\"https:\/\/www.vilademuro.net\/wp-content\/uploads\/2021\/11\/10-Selene-300x300.jpg 300w, https:\/\/www.vilademuro.net\/wp-content\/uploads\/2021\/11\/10-Selene-150x150.jpg 150w, https:\/\/www.vilademuro.net\/wp-content\/uploads\/2021\/11\/10-Selene.jpg 405w\" sizes=\"(max-width: 300px) 100vw, 300px\" \/><\/td>\n<td style=\"width: 33.3333%;text-align: center\"><img loading=\"lazy\" decoding=\"async\" class=\"alignnone size-medium wp-image-44028\" src=\"https:\/\/www.vilademuro.net\/wp-content\/uploads\/2021\/11\/11-FarmaciaLeire-300x300.jpg\" alt=\"\" width=\"300\" height=\"300\" srcset=\"https:\/\/www.vilademuro.net\/wp-content\/uploads\/2021\/11\/11-FarmaciaLeire-300x300.jpg 300w, https:\/\/www.vilademuro.net\/wp-content\/uploads\/2021\/11\/11-FarmaciaLeire-150x150.jpg 150w, https:\/\/www.vilademuro.net\/wp-content\/uploads\/2021\/11\/11-FarmaciaLeire.jpg 405w\" sizes=\"(max-width: 300px) 100vw, 300px\" \/><\/td>\n<td style=\"width: 33.3333%;text-align: center\"><img loading=\"lazy\" decoding=\"async\" class=\"alignnone size-medium wp-image-47325\" src=\"https:\/\/www.vilademuro.net\/wp-content\/uploads\/2022\/11\/3-LamparasMolto-300x300.jpg\" alt=\"\" width=\"300\" height=\"300\" srcset=\"https:\/\/www.vilademuro.net\/wp-content\/uploads\/2022\/11\/3-LamparasMolto-300x300.jpg 300w, https:\/\/www.vilademuro.net\/wp-content\/uploads\/2022\/11\/3-LamparasMolto-150x150.jpg 150w, https:\/\/www.vilademuro.net\/wp-content\/uploads\/2022\/11\/3-LamparasMolto.jpg 405w\" sizes=\"(max-width: 300px) 100vw, 300px\" \/><\/td>\n<\/tr>\n<tr>\n<td style=\"width: 33.3333%;text-align: center\"><img loading=\"lazy\" decoding=\"async\" class=\"alignnone size-medium wp-image-44032\" src=\"https:\/\/www.vilademuro.net\/wp-content\/uploads\/2021\/11\/13-Mil-Flores-300x300.jpg\" alt=\"\" width=\"300\" height=\"300\" srcset=\"https:\/\/www.vilademuro.net\/wp-content\/uploads\/2021\/11\/13-Mil-Flores-300x300.jpg 300w, https:\/\/www.vilademuro.net\/wp-content\/uploads\/2021\/11\/13-Mil-Flores-150x150.jpg 150w, https:\/\/www.vilademuro.net\/wp-content\/uploads\/2021\/11\/13-Mil-Flores.jpg 405w\" sizes=\"(max-width: 300px) 100vw, 300px\" \/><\/td>\n<td style=\"width: 33.3333%;text-align: center\"><img loading=\"lazy\" decoding=\"async\" class=\"alignnone  wp-image-49458\" src=\"https:\/\/www.vilademuro.net\/wp-content\/uploads\/2023\/06\/BIOSCA-l.jpg\" alt=\"\" width=\"298\" height=\"181\" \/><\/td>\n<td style=\"width: 33.3333%;text-align: center\"><img loading=\"lazy\" decoding=\"async\" class=\"alignnone size-medium wp-image-44036\" src=\"https:\/\/www.vilademuro.net\/wp-content\/uploads\/2021\/11\/15-solsolet-300x300.jpg\" alt=\"\" width=\"300\" height=\"300\" srcset=\"https:\/\/www.vilademuro.net\/wp-content\/uploads\/2021\/11\/15-solsolet-300x300.jpg 300w, https:\/\/www.vilademuro.net\/wp-content\/uploads\/2021\/11\/15-solsolet-150x150.jpg 150w, https:\/\/www.vilademuro.net\/wp-content\/uploads\/2021\/11\/15-solsolet.jpg 405w\" sizes=\"(max-width: 300px) 100vw, 300px\" \/><\/td>\n<\/tr>\n<tr>\n<td style=\"width: 33.3333%;text-align: center\"><img loading=\"lazy\" decoding=\"async\" class=\"alignnone size-medium wp-image-44038\" src=\"https:\/\/www.vilademuro.net\/wp-content\/uploads\/2021\/11\/16-Elena-tudela-300x300.jpg\" alt=\"\" width=\"300\" height=\"300\" srcset=\"https:\/\/www.vilademuro.net\/wp-content\/uploads\/2021\/11\/16-Elena-tudela-300x300.jpg 300w, https:\/\/www.vilademuro.net\/wp-content\/uploads\/2021\/11\/16-Elena-tudela-150x150.jpg 150w, https:\/\/www.vilademuro.net\/wp-content\/uploads\/2021\/11\/16-Elena-tudela.jpg 405w\" sizes=\"(max-width: 300px) 100vw, 300px\" \/><\/td>\n<td style=\"width: 33.3333%;text-align: center\"><img loading=\"lazy\" decoding=\"async\" class=\"alignnone  wp-image-49454\" src=\"https:\/\/www.vilademuro.net\/wp-content\/uploads\/2023\/06\/Regalos-Daniel-l.jpg\" alt=\"\" width=\"157\" height=\"131\" \/><\/td>\n<td style=\"width: 33.3333%;text-align: center\"><img loading=\"lazy\" decoding=\"async\" class=\"alignnone  wp-image-47349\" src=\"https:\/\/www.vilademuro.net\/wp-content\/uploads\/2022\/11\/14-Panaderia-Paya-300x300.jpg\" alt=\"\" width=\"229\" height=\"229\" srcset=\"https:\/\/www.vilademuro.net\/wp-content\/uploads\/2022\/11\/14-Panaderia-Paya-300x300.jpg 300w, https:\/\/www.vilademuro.net\/wp-content\/uploads\/2022\/11\/14-Panaderia-Paya-150x150.jpg 150w, https:\/\/www.vilademuro.net\/wp-content\/uploads\/2022\/11\/14-Panaderia-Paya.jpg 405w\" sizes=\"(max-width: 229px) 100vw, 229px\" \/><\/td>\n<\/tr>\n<tr>\n<td style=\"width: 33.3333%;text-align: center\"><img loading=\"lazy\" decoding=\"async\" class=\"alignnone  wp-image-53483\" src=\"https:\/\/www.vilademuro.net\/wp-content\/uploads\/2024\/07\/Bianco-l-1.jpeg\" alt=\"\" width=\"300\" height=\"166\" \/><\/td>\n<td style=\"width: 33.3333%;text-align: center\">\u00a0<\/td>\n<td style=\"width: 33.3333%;text-align: center\"><img loading=\"lazy\" decoding=\"async\" class=\"alignnone  wp-image-55009\" src=\"https:\/\/www.vilademuro.net\/wp-content\/uploads\/2024\/11\/9-edificaciones_RC.jpg\" alt=\"\" width=\"272\" height=\"272\" srcset=\"https:\/\/www.vilademuro.net\/wp-content\/uploads\/2024\/11\/9-edificaciones_RC.jpg 300w, https:\/\/www.vilademuro.net\/wp-content\/uploads\/2024\/11\/9-edificaciones_RC-150x150.jpg 150w\" sizes=\"(max-width: 272px) 100vw, 272px\" \/><\/td>\n<\/tr>\n<\/tbody>\n<\/table>\n","protected":false},"excerpt":{"rendered":"<p>En la \u00e9poca de Navidad y para animar las calles y plazas de Muro y apoyar nuestros comercios y servicios locales y de proximidad lanzamos el tradicional Concurso de Escaparates [&hellip;]<\/p>\n","protected":false},"author":9,"featured_media":37897,"comment_status":"closed","ping_status":"closed","sticky":false,"template":"","format":"standard","meta":{"_et_pb_use_builder":"","_et_pb_old_content":"","_et_gb_content_width":"","footnotes":""},"categories":[50,63,126,49],"tags":[],"class_list":["post-54542","post","type-post","status-publish","format-standard","has-post-thumbnail","hentry","category-adl-es","category-areas","category-concurso-escaparates-navidad","category-noticias"],"yoast_head":"<!-- This site is optimized with the Yoast SEO plugin v27.1.1 - https:\/\/yoast.com\/product\/yoast-seo-wordpress\/ -->\n<title>XXV Concurso de Escaparates de Navidad | Ajuntament de Muro<\/title>\n<meta name=\"robots\" content=\"index, follow, max-snippet:-1, max-image-preview:large, max-video-preview:-1\" \/>\n<link rel=\"canonical\" href=\"https:\/\/www.vilademuro.net\/es\/xxv-concurso-de-escaparates-de-navidad\/\" \/>\n<meta property=\"og:locale\" content=\"es_ES\" \/>\n<meta property=\"og:type\" content=\"article\" \/>\n<meta property=\"og:title\" content=\"XXV Concurso de Escaparates de Navidad | Ajuntament de Muro\" \/>\n<meta property=\"og:description\" content=\"En la \u00e9poca de Navidad y para animar las calles y plazas de Muro y apoyar nuestros comercios y servicios locales y de proximidad lanzamos el tradicional Concurso de Escaparates [&hellip;]\" \/>\n<meta property=\"og:url\" content=\"https:\/\/www.vilademuro.net\/es\/xxv-concurso-de-escaparates-de-navidad\/\" \/>\n<meta property=\"og:site_name\" content=\"Ajuntament de Muro\" \/>\n<meta property=\"article:publisher\" content=\"https:\/\/www.facebook.com\/murodealcoy\" \/>\n<meta property=\"article:published_time\" content=\"2024-11-06T23:01:01+00:00\" \/>\n<meta property=\"article:modified_time\" content=\"2024-12-12T16:36:12+00:00\" \/>\n<meta property=\"og:image\" content=\"https:\/\/www.vilademuro.net\/wp-content\/uploads\/2020\/04\/logo-entrades-convocatoria-1.jpg\" \/>\n\t<meta property=\"og:image:width\" content=\"200\" \/>\n\t<meta property=\"og:image:height\" content=\"200\" \/>\n\t<meta property=\"og:image:type\" content=\"image\/jpeg\" \/>\n<meta name=\"author\" content=\"Manolo Moll\" \/>\n<meta name=\"twitter:card\" content=\"summary_large_image\" \/>\n<meta name=\"twitter:creator\" content=\"@AjuntamentMuro\" \/>\n<meta name=\"twitter:site\" content=\"@AjuntamentMuro\" \/>\n<meta name=\"twitter:label1\" content=\"Escrito por\" \/>\n\t<meta name=\"twitter:data1\" content=\"Manolo Moll\" \/>\n\t<meta name=\"twitter:label2\" content=\"Tiempo de lectura\" \/>\n\t<meta name=\"twitter:data2\" content=\"1 minuto\" \/>\n<script type=\"application\/ld+json\" class=\"yoast-schema-graph\">{\"@context\":\"https:\/\/schema.org\",\"@graph\":[{\"@type\":\"Article\",\"@id\":\"https:\/\/www.vilademuro.net\/es\/xxv-concurso-de-escaparates-de-navidad\/#article\",\"isPartOf\":{\"@id\":\"https:\/\/www.vilademuro.net\/es\/xxv-concurso-de-escaparates-de-navidad\/\"},\"author\":{\"name\":\"Manolo Moll\",\"@id\":\"https:\/\/www.vilademuro.net\/es\/#\/schema\/person\/a42e266ef9e9ced94f63a10cae995cb3\"},\"headline\":\"XXV Concurso de Escaparates de Navidad\",\"datePublished\":\"2024-11-06T23:01:01+00:00\",\"dateModified\":\"2024-12-12T16:36:12+00:00\",\"mainEntityOfPage\":{\"@id\":\"https:\/\/www.vilademuro.net\/es\/xxv-concurso-de-escaparates-de-navidad\/\"},\"wordCount\":215,\"publisher\":{\"@id\":\"https:\/\/www.vilademuro.net\/es\/#organization\"},\"image\":{\"@id\":\"https:\/\/www.vilademuro.net\/es\/xxv-concurso-de-escaparates-de-navidad\/#primaryimage\"},\"thumbnailUrl\":\"https:\/\/www.vilademuro.net\/wp-content\/uploads\/2020\/04\/logo-entrades-convocatoria-1.jpg\",\"articleSection\":[\"ADL\",\"\u00c1reas\",\"Concurso escaparates Navidad\",\"Noticias\"],\"inLanguage\":\"es\"},{\"@type\":\"WebPage\",\"@id\":\"https:\/\/www.vilademuro.net\/es\/xxv-concurso-de-escaparates-de-navidad\/\",\"url\":\"https:\/\/www.vilademuro.net\/es\/xxv-concurso-de-escaparates-de-navidad\/\",\"name\":\"XXV Concurso de Escaparates de Navidad | Ajuntament de Muro\",\"isPartOf\":{\"@id\":\"https:\/\/www.vilademuro.net\/es\/#website\"},\"primaryImageOfPage\":{\"@id\":\"https:\/\/www.vilademuro.net\/es\/xxv-concurso-de-escaparates-de-navidad\/#primaryimage\"},\"image\":{\"@id\":\"https:\/\/www.vilademuro.net\/es\/xxv-concurso-de-escaparates-de-navidad\/#primaryimage\"},\"thumbnailUrl\":\"https:\/\/www.vilademuro.net\/wp-content\/uploads\/2020\/04\/logo-entrades-convocatoria-1.jpg\",\"datePublished\":\"2024-11-06T23:01:01+00:00\",\"dateModified\":\"2024-12-12T16:36:12+00:00\",\"breadcrumb\":{\"@id\":\"https:\/\/www.vilademuro.net\/es\/xxv-concurso-de-escaparates-de-navidad\/#breadcrumb\"},\"inLanguage\":\"es\",\"potentialAction\":[{\"@type\":\"ReadAction\",\"target\":[\"https:\/\/www.vilademuro.net\/es\/xxv-concurso-de-escaparates-de-navidad\/\"]}]},{\"@type\":\"ImageObject\",\"inLanguage\":\"es\",\"@id\":\"https:\/\/www.vilademuro.net\/es\/xxv-concurso-de-escaparates-de-navidad\/#primaryimage\",\"url\":\"https:\/\/www.vilademuro.net\/wp-content\/uploads\/2020\/04\/logo-entrades-convocatoria-1.jpg\",\"contentUrl\":\"https:\/\/www.vilademuro.net\/wp-content\/uploads\/2020\/04\/logo-entrades-convocatoria-1.jpg\",\"width\":200,\"height\":200},{\"@type\":\"BreadcrumbList\",\"@id\":\"https:\/\/www.vilademuro.net\/es\/xxv-concurso-de-escaparates-de-navidad\/#breadcrumb\",\"itemListElement\":[{\"@type\":\"ListItem\",\"position\":1,\"name\":\"Inici\",\"item\":\"https:\/\/www.vilademuro.net\/es\/\"},{\"@type\":\"ListItem\",\"position\":2,\"name\":\"XXV Concurso de Escaparates de Navidad\"}]},{\"@type\":\"WebSite\",\"@id\":\"https:\/\/www.vilademuro.net\/es\/#website\",\"url\":\"https:\/\/www.vilademuro.net\/es\/\",\"name\":\"Ajuntament de Muro d'Alcoi\",\"description\":\"P\u00e1gina web oficial de l&#039;Ajuntament de Muro\",\"publisher\":{\"@id\":\"https:\/\/www.vilademuro.net\/es\/#organization\"},\"potentialAction\":[{\"@type\":\"SearchAction\",\"target\":{\"@type\":\"EntryPoint\",\"urlTemplate\":\"https:\/\/www.vilademuro.net\/es\/?s={search_term_string}\"},\"query-input\":{\"@type\":\"PropertyValueSpecification\",\"valueRequired\":true,\"valueName\":\"search_term_string\"}}],\"inLanguage\":\"es\"},{\"@type\":\"Organization\",\"@id\":\"https:\/\/www.vilademuro.net\/es\/#organization\",\"name\":\"Ajuntament de Muro\",\"url\":\"https:\/\/www.vilademuro.net\/es\/\",\"logo\":{\"@type\":\"ImageObject\",\"inLanguage\":\"es\",\"@id\":\"https:\/\/www.vilademuro.net\/es\/#\/schema\/logo\/image\/\",\"url\":\"https:\/\/www.vilademuro.net\/wp-content\/uploads\/2022\/10\/LOGO3-2.jpg\",\"contentUrl\":\"https:\/\/www.vilademuro.net\/wp-content\/uploads\/2022\/10\/LOGO3-2.jpg\",\"width\":756,\"height\":517,\"caption\":\"Ajuntament de Muro\"},\"image\":{\"@id\":\"https:\/\/www.vilademuro.net\/es\/#\/schema\/logo\/image\/\"},\"sameAs\":[\"https:\/\/www.facebook.com\/murodealcoy\",\"https:\/\/x.com\/AjuntamentMuro\",\"https:\/\/www.youtube.com\/channel\/UC2rwbKfRqsd1Ncwm6Y1prQw\"]},{\"@type\":\"Person\",\"@id\":\"https:\/\/www.vilademuro.net\/es\/#\/schema\/person\/a42e266ef9e9ced94f63a10cae995cb3\",\"name\":\"Manolo Moll\",\"image\":{\"@type\":\"ImageObject\",\"inLanguage\":\"es\",\"@id\":\"https:\/\/www.vilademuro.net\/es\/#\/schema\/person\/image\/\",\"url\":\"https:\/\/secure.gravatar.com\/avatar\/a3221566d53d0f1136f8c6f2cfcd2956c691deadb08d33bb4b275a4da7bd7260?s=96&d=mm&r=g\",\"contentUrl\":\"https:\/\/secure.gravatar.com\/avatar\/a3221566d53d0f1136f8c6f2cfcd2956c691deadb08d33bb4b275a4da7bd7260?s=96&d=mm&r=g\",\"caption\":\"Manolo Moll\"}}]}<\/script>\n<!-- \/ Yoast SEO plugin. -->","yoast_head_json":{"title":"XXV Concurso de Escaparates de Navidad | Ajuntament de Muro","robots":{"index":"index","follow":"follow","max-snippet":"max-snippet:-1","max-image-preview":"max-image-preview:large","max-video-preview":"max-video-preview:-1"},"canonical":"https:\/\/www.vilademuro.net\/es\/xxv-concurso-de-escaparates-de-navidad\/","og_locale":"es_ES","og_type":"article","og_title":"XXV Concurso de Escaparates de Navidad | Ajuntament de Muro","og_description":"En la \u00e9poca de Navidad y para animar las calles y plazas de Muro y apoyar nuestros comercios y servicios locales y de proximidad lanzamos el tradicional Concurso de Escaparates [&hellip;]","og_url":"https:\/\/www.vilademuro.net\/es\/xxv-concurso-de-escaparates-de-navidad\/","og_site_name":"Ajuntament de Muro","article_publisher":"https:\/\/www.facebook.com\/murodealcoy","article_published_time":"2024-11-06T23:01:01+00:00","article_modified_time":"2024-12-12T16:36:12+00:00","og_image":[{"width":200,"height":200,"url":"https:\/\/www.vilademuro.net\/wp-content\/uploads\/2020\/04\/logo-entrades-convocatoria-1.jpg","type":"image\/jpeg"}],"author":"Manolo Moll","twitter_card":"summary_large_image","twitter_creator":"@AjuntamentMuro","twitter_site":"@AjuntamentMuro","twitter_misc":{"Escrito por":"Manolo Moll","Tiempo de lectura":"1 minuto"},"schema":{"@context":"https:\/\/schema.org","@graph":[{"@type":"Article","@id":"https:\/\/www.vilademuro.net\/es\/xxv-concurso-de-escaparates-de-navidad\/#article","isPartOf":{"@id":"https:\/\/www.vilademuro.net\/es\/xxv-concurso-de-escaparates-de-navidad\/"},"author":{"name":"Manolo Moll","@id":"https:\/\/www.vilademuro.net\/es\/#\/schema\/person\/a42e266ef9e9ced94f63a10cae995cb3"},"headline":"XXV Concurso de Escaparates de Navidad","datePublished":"2024-11-06T23:01:01+00:00","dateModified":"2024-12-12T16:36:12+00:00","mainEntityOfPage":{"@id":"https:\/\/www.vilademuro.net\/es\/xxv-concurso-de-escaparates-de-navidad\/"},"wordCount":215,"publisher":{"@id":"https:\/\/www.vilademuro.net\/es\/#organization"},"image":{"@id":"https:\/\/www.vilademuro.net\/es\/xxv-concurso-de-escaparates-de-navidad\/#primaryimage"},"thumbnailUrl":"https:\/\/www.vilademuro.net\/wp-content\/uploads\/2020\/04\/logo-entrades-convocatoria-1.jpg","articleSection":["ADL","\u00c1reas","Concurso escaparates Navidad","Noticias"],"inLanguage":"es"},{"@type":"WebPage","@id":"https:\/\/www.vilademuro.net\/es\/xxv-concurso-de-escaparates-de-navidad\/","url":"https:\/\/www.vilademuro.net\/es\/xxv-concurso-de-escaparates-de-navidad\/","name":"XXV Concurso de Escaparates de Navidad | Ajuntament de Muro","isPartOf":{"@id":"https:\/\/www.vilademuro.net\/es\/#website"},"primaryImageOfPage":{"@id":"https:\/\/www.vilademuro.net\/es\/xxv-concurso-de-escaparates-de-navidad\/#primaryimage"},"image":{"@id":"https:\/\/www.vilademuro.net\/es\/xxv-concurso-de-escaparates-de-navidad\/#primaryimage"},"thumbnailUrl":"https:\/\/www.vilademuro.net\/wp-content\/uploads\/2020\/04\/logo-entrades-convocatoria-1.jpg","datePublished":"2024-11-06T23:01:01+00:00","dateModified":"2024-12-12T16:36:12+00:00","breadcrumb":{"@id":"https:\/\/www.vilademuro.net\/es\/xxv-concurso-de-escaparates-de-navidad\/#breadcrumb"},"inLanguage":"es","potentialAction":[{"@type":"ReadAction","target":["https:\/\/www.vilademuro.net\/es\/xxv-concurso-de-escaparates-de-navidad\/"]}]},{"@type":"ImageObject","inLanguage":"es","@id":"https:\/\/www.vilademuro.net\/es\/xxv-concurso-de-escaparates-de-navidad\/#primaryimage","url":"https:\/\/www.vilademuro.net\/wp-content\/uploads\/2020\/04\/logo-entrades-convocatoria-1.jpg","contentUrl":"https:\/\/www.vilademuro.net\/wp-content\/uploads\/2020\/04\/logo-entrades-convocatoria-1.jpg","width":200,"height":200},{"@type":"BreadcrumbList","@id":"https:\/\/www.vilademuro.net\/es\/xxv-concurso-de-escaparates-de-navidad\/#breadcrumb","itemListElement":[{"@type":"ListItem","position":1,"name":"Inici","item":"https:\/\/www.vilademuro.net\/es\/"},{"@type":"ListItem","position":2,"name":"XXV Concurso de Escaparates de Navidad"}]},{"@type":"WebSite","@id":"https:\/\/www.vilademuro.net\/es\/#website","url":"https:\/\/www.vilademuro.net\/es\/","name":"Ajuntament de Muro d'Alcoi","description":"P\u00e1gina web oficial de l&#039;Ajuntament de Muro","publisher":{"@id":"https:\/\/www.vilademuro.net\/es\/#organization"},"potentialAction":[{"@type":"SearchAction","target":{"@type":"EntryPoint","urlTemplate":"https:\/\/www.vilademuro.net\/es\/?s={search_term_string}"},"query-input":{"@type":"PropertyValueSpecification","valueRequired":true,"valueName":"search_term_string"}}],"inLanguage":"es"},{"@type":"Organization","@id":"https:\/\/www.vilademuro.net\/es\/#organization","name":"Ajuntament de Muro","url":"https:\/\/www.vilademuro.net\/es\/","logo":{"@type":"ImageObject","inLanguage":"es","@id":"https:\/\/www.vilademuro.net\/es\/#\/schema\/logo\/image\/","url":"https:\/\/www.vilademuro.net\/wp-content\/uploads\/2022\/10\/LOGO3-2.jpg","contentUrl":"https:\/\/www.vilademuro.net\/wp-content\/uploads\/2022\/10\/LOGO3-2.jpg","width":756,"height":517,"caption":"Ajuntament de Muro"},"image":{"@id":"https:\/\/www.vilademuro.net\/es\/#\/schema\/logo\/image\/"},"sameAs":["https:\/\/www.facebook.com\/murodealcoy","https:\/\/x.com\/AjuntamentMuro","https:\/\/www.youtube.com\/channel\/UC2rwbKfRqsd1Ncwm6Y1prQw"]},{"@type":"Person","@id":"https:\/\/www.vilademuro.net\/es\/#\/schema\/person\/a42e266ef9e9ced94f63a10cae995cb3","name":"Manolo Moll","image":{"@type":"ImageObject","inLanguage":"es","@id":"https:\/\/www.vilademuro.net\/es\/#\/schema\/person\/image\/","url":"https:\/\/secure.gravatar.com\/avatar\/a3221566d53d0f1136f8c6f2cfcd2956c691deadb08d33bb4b275a4da7bd7260?s=96&d=mm&r=g","contentUrl":"https:\/\/secure.gravatar.com\/avatar\/a3221566d53d0f1136f8c6f2cfcd2956c691deadb08d33bb4b275a4da7bd7260?s=96&d=mm&r=g","caption":"Manolo Moll"}}]}},"_links":{"self":[{"href":"https:\/\/www.vilademuro.net\/es\/wp-json\/wp\/v2\/posts\/54542","targetHints":{"allow":["GET"]}}],"collection":[{"href":"https:\/\/www.vilademuro.net\/es\/wp-json\/wp\/v2\/posts"}],"about":[{"href":"https:\/\/www.vilademuro.net\/es\/wp-json\/wp\/v2\/types\/post"}],"author":[{"embeddable":true,"href":"https:\/\/www.vilademuro.net\/es\/wp-json\/wp\/v2\/users\/9"}],"replies":[{"embeddable":true,"href":"https:\/\/www.vilademuro.net\/es\/wp-json\/wp\/v2\/comments?post=54542"}],"version-history":[{"count":4,"href":"https:\/\/www.vilademuro.net\/es\/wp-json\/wp\/v2\/posts\/54542\/revisions"}],"predecessor-version":[{"id":55054,"href":"https:\/\/www.vilademuro.net\/es\/wp-json\/wp\/v2\/posts\/54542\/revisions\/55054"}],"wp:featuredmedia":[{"embeddable":true,"href":"https:\/\/www.vilademuro.net\/es\/wp-json\/wp\/v2\/media\/37897"}],"wp:attachment":[{"href":"https:\/\/www.vilademuro.net\/es\/wp-json\/wp\/v2\/media?parent=54542"}],"wp:term":[{"taxonomy":"category","embeddable":true,"href":"https:\/\/www.vilademuro.net\/es\/wp-json\/wp\/v2\/categories?post=54542"},{"taxonomy":"post_tag","embeddable":true,"href":"https:\/\/www.vilademuro.net\/es\/wp-json\/wp\/v2\/tags?post=54542"}],"curies":[{"name":"wp","href":"https:\/\/api.w.org\/{rel}","templated":true}]}}