{"id":54365,"date":"2024-10-23T09:47:40","date_gmt":"2024-10-23T07:47:40","guid":{"rendered":"https:\/\/www.vilademuro.net\/?p=54365"},"modified":"2026-01-13T10:25:22","modified_gmt":"2026-01-13T09:25:22","slug":"proceso-selectivo-4-plazas-de-auxiliar-administrativo-de-administracion-general-turno-libre-oposicion","status":"publish","type":"post","link":"https:\/\/www.vilademuro.net\/es\/proceso-selectivo-4-plazas-de-auxiliar-administrativo-de-administracion-general-turno-libre-oposicion\/","title":{"rendered":"Proceso selectivo 4+2 plazas de auxiliar administrativo de administraci\u00f3n general, turno libre, oposici\u00f3n"},"content":{"rendered":"<p><a href=\"https:\/\/www.vilademuro.net\/wp-content\/uploads\/2024\/10\/BOP-no-204-de-23-10-2024-Bases-convocatoria-4-places-dauxiliar-administratiu-torn-lliure-oposicio.pdf\">Bases convocatoria 4 plazas de auxiliar administrativo, turno libre, oposici\u00f3n &#8211; <\/a><a href=\"https:\/\/www.vilademuro.net\/wp-content\/uploads\/2024\/10\/BOP-no-204-de-23-10-2024-Bases-convocatoria-4-places-dauxiliar-administratiu-torn-lliure-oposicio.pdf\">BOP n\u00ba 204 de 23-10-2024<\/a><\/p>\n<p><a href=\"https:\/\/www.vilademuro.net\/wp-content\/uploads\/2024\/10\/DOGV-num.-9986-de-18-11-2024-Anunci-bases-convocatoria.pdf\">DOGV n\u00fam. 9986, de 18-11-2024 &#8211; Anuncio bases convocatoria<\/a><\/p>\n<p><a href=\"https:\/\/www.vilademuro.net\/wp-content\/uploads\/2024\/10\/BOE-num.-285-de-26-de-noviembre-de-2024.pdf\">BOE n\u00fam. 285, de 26 de noviembre de 2024 &#8211; Anuncio Convocatoria<\/a> &#8211; Plazo de presentaci\u00f3n de instancias del 27 de noviembre de 2024 al 27 de diciembre de 2024, ambos incluidos.<\/p>\n<p><a href=\"https:\/\/www.vilademuro.net\/wp-content\/uploads\/2024\/10\/33-MODEL-INSTANCIA-4-PLACES-AUXILIAR-ADMINISTRATIU-oposicio-torn-lliure.doc\">INSTANCIA 4 PLAZAS AUXILIAR ADMINISTRATIVO &#8211; oposici\u00f3n, turno libre<\/a><\/p>\n<p>NOTA INFORMATIVA: El importe de la tasa por derechos de examen es de 22,85 \u20ac (BOP n\u00ba 241 d\u201911 de diciembre\u00a0 de 2007)<\/p>\n<p><a href=\"https:\/\/www.vilademuro.net\/wp-content\/uploads\/2024\/10\/BOP-no-20-de-30-01-2025-Lista-provisional-admitidos-y-excluidos-4-plazas-auxiliar-administrativo-turno-libre.pdf\">ANUNCIO &#8211; Lista provisional de admitidos y excluidos &#8211;<\/a><a href=\"https:\/\/www.vilademuro.net\/wp-content\/uploads\/2024\/10\/BOP-no-20-de-30-01-2025-Lista-provisional-admitidos-y-excluidos-4-plazas-auxiliar-administrativo-turno-libre.pdf\">BOP n\u00ba 20 de 30-01-2025<\/a><\/p>\n<p><a href=\"https:\/\/www.vilademuro.net\/wp-content\/uploads\/2024\/10\/BOP-no-63-de-02-04-2025-Incorporacio-2-places-proces-selectiu-auxiliar-administratiu.pdf\">EDICTO &#8211; incorporaci\u00f3n dos plazas al proceso selectivo, correspondientes a la OEP 2025 &#8211; BOP n\u00ba 63 de 02-04-2025<\/a><\/p>\n<p><a href=\"https:\/\/www.vilademuro.net\/wp-content\/uploads\/2024\/10\/BOP-no-79-de-28-04-2025-Llista-definitiva-admesos-i-exclosos-tribunal-i-data-examen-auxiliar-administratiu.pdf\">ANUNCIO &#8211; Lista definitiva de admitidos y excluidos, tribunal y fecha y lugar examen &#8211; <\/a><a href=\"https:\/\/www.vilademuro.net\/wp-content\/uploads\/2024\/10\/BOP-no-79-de-28-04-2025-Llista-definitiva-admesos-i-exclosos-tribunal-i-data-examen-auxiliar-administratiu.pdf\">BOP n\u00ba 79 de 28-04-2025<\/a><\/p>\n<p><a href=\"https:\/\/www.vilademuro.net\/wp-content\/uploads\/2024\/10\/BOP-no-103-de-02-06-2025-Substitucio-presidencia-tribunal-i-instruccions-6-places-auxiliar-administratiu.pdf\">ANUNCIO &#8211; Sustituci\u00f3n presidencia del tribunal i instrucciones para los opositores<\/a> &#8211;<a href=\"https:\/\/www.vilademuro.net\/wp-content\/uploads\/2024\/10\/BOP-no-103-de-02-06-2025-Substitucio-presidencia-tribunal-i-instruccions-6-places-auxiliar-administratiu.pdf\">BOP n\u00ba 103, de 02-06-2025.<\/a><\/p>\n<p><a href=\"https:\/\/www.vilademuro.net\/wp-content\/uploads\/2024\/10\/Examen_-1a-parte-Test.pdf\">Examen_ 1\u00aa parte &#8211; Test<\/a><\/p>\n<p><a href=\"https:\/\/www.vilademuro.net\/wp-content\/uploads\/2024\/10\/Plantilla-test-con-respuestas-amb-respostes.pdf\">Plantilla test con respuestas<\/a><\/p>\n<p><a href=\"https:\/\/www.vilademuro.net\/wp-content\/uploads\/2024\/10\/Examen_-2a-parte-supuesto-teorico-practico.pdf\">Examen_ 2\u00aa parte &#8211; supuesto te\u00f3rico pr\u00e1ctico<\/a><\/p>\n<p><a href=\"https:\/\/www.vilademuro.net\/wp-content\/uploads\/2024\/10\/ANUNCIO-Resultados-provisionales-fase-oposicion-6-plazas-auxiliares-administrativos-1.pdf\">ANUNCIO &#8211; Resultados provisionales fase oposici\u00f3n y fecha apertura sobres identificativos<\/a><\/p>\n<p><span style=\"color: #ff0000;\"><a style=\"color: #ff0000;\" href=\"https:\/\/www.vilademuro.net\/wp-content\/uploads\/2024\/10\/AVISO-RECTIFICACION-ENLACE-SESION-PUBLICA-APERTURA-DE-SOBRES-AUXILIAR-ADMINISTRATIVO-1.pdf\">AVISO &#8211; RECTIFICACI\u00d3N ENLACE SESI\u00d3N P\u00daBLICA APERTURA DE SOBRES AUXILIAR ADMINISTRATIVO<\/a><\/span><\/p>\n<p><a href=\"https:\/\/www.vilademuro.net\/wp-content\/uploads\/2024\/10\/ANUNCI-Apertura-sobres-identificatius-proces-selectiu-21-11-2025.pdf\">ANUNCIO &#8211; Apertura sobres identificativos proceso selectivo 21-11-2025<\/a><\/p>\n<p><a href=\"https:\/\/www.vilademuro.net\/wp-content\/uploads\/2024\/10\/ANUNCIO-Revisiones-resolucion-empates-resultados-definitivos-propuesta-de-nombramientos-y-de-constitucion-de-bolsa.pdf\">ANUNCIO &#8211; Resoluci\u00f3n alegaciones, resoluci\u00f3n empates, resultados definitivos, propuesta de nombramiento y de constituci\u00f3n de bolsa<\/a><\/p>\n<p>&nbsp;<\/p>\n<p>&nbsp;<\/p>\n<p>&nbsp;<\/p>\n<p>&nbsp;<\/p>\n","protected":false},"excerpt":{"rendered":"<p>Bases convocatoria 4 plazas de auxiliar administrativo, turno libre, oposici\u00f3n &#8211; BOP n\u00ba 204 de 23-10-2024 DOGV n\u00fam. 9986, de 18-11-2024 &#8211; Anuncio bases convocatoria BOE n\u00fam. 285, de 26 [&hellip;]<\/p>\n","protected":false},"author":13,"featured_media":37891,"comment_status":"closed","ping_status":"closed","sticky":false,"template":"","format":"standard","meta":{"_et_pb_use_builder":"","_et_pb_old_content":"","_et_gb_content_width":"","footnotes":""},"categories":[49,108],"tags":[],"class_list":["post-54365","post","type-post","status-publish","format-standard","has-post-thumbnail","hentry","category-noticias","category-ocupacio-publica-es"],"yoast_head":"<!-- This site is optimized with the Yoast SEO plugin v27.1.1 - https:\/\/yoast.com\/product\/yoast-seo-wordpress\/ -->\n<title>Proceso selectivo 4+2 plazas de auxiliar administrativo de administraci\u00f3n general, turno libre, oposici\u00f3n | Ajuntament de Muro<\/title>\n<meta name=\"robots\" content=\"index, follow, max-snippet:-1, max-image-preview:large, max-video-preview:-1\" \/>\n<link rel=\"canonical\" href=\"https:\/\/www.vilademuro.net\/es\/proceso-selectivo-4-plazas-de-auxiliar-administrativo-de-administracion-general-turno-libre-oposicion\/\" \/>\n<meta property=\"og:locale\" content=\"es_ES\" \/>\n<meta property=\"og:type\" content=\"article\" \/>\n<meta property=\"og:title\" content=\"Proceso selectivo 4+2 plazas de auxiliar administrativo de administraci\u00f3n general, turno libre, oposici\u00f3n | Ajuntament de Muro\" \/>\n<meta property=\"og:description\" content=\"Bases convocatoria 4 plazas de auxiliar administrativo, turno libre, oposici\u00f3n &#8211; BOP n\u00ba 204 de 23-10-2024 DOGV n\u00fam. 9986, de 18-11-2024 &#8211; Anuncio bases convocatoria BOE n\u00fam. 285, de 26 [&hellip;]\" \/>\n<meta property=\"og:url\" content=\"https:\/\/www.vilademuro.net\/es\/proceso-selectivo-4-plazas-de-auxiliar-administrativo-de-administracion-general-turno-libre-oposicion\/\" \/>\n<meta property=\"og:site_name\" content=\"Ajuntament de Muro\" \/>\n<meta property=\"article:publisher\" content=\"https:\/\/www.facebook.com\/murodealcoy\" \/>\n<meta property=\"article:published_time\" content=\"2024-10-23T07:47:40+00:00\" \/>\n<meta property=\"article:modified_time\" content=\"2026-01-13T09:25:22+00:00\" \/>\n<meta property=\"og:image\" content=\"https:\/\/www.vilademuro.net\/wp-content\/uploads\/2020\/04\/logo-entrades-ocupacio-publica-1.jpg\" \/>\n\t<meta property=\"og:image:width\" content=\"200\" \/>\n\t<meta property=\"og:image:height\" content=\"200\" \/>\n\t<meta property=\"og:image:type\" content=\"image\/jpeg\" \/>\n<meta name=\"author\" content=\"Mariluz Pastor\" \/>\n<meta name=\"twitter:card\" content=\"summary_large_image\" \/>\n<meta name=\"twitter:creator\" content=\"@AjuntamentMuro\" \/>\n<meta name=\"twitter:site\" content=\"@AjuntamentMuro\" \/>\n<meta name=\"twitter:label1\" content=\"Escrito por\" \/>\n\t<meta name=\"twitter:data1\" content=\"Mariluz Pastor\" \/>\n\t<meta name=\"twitter:label2\" content=\"Tiempo de lectura\" \/>\n\t<meta name=\"twitter:data2\" content=\"2 minutos\" \/>\n<script type=\"application\/ld+json\" class=\"yoast-schema-graph\">{\"@context\":\"https:\/\/schema.org\",\"@graph\":[{\"@type\":\"Article\",\"@id\":\"https:\/\/www.vilademuro.net\/es\/proceso-selectivo-4-plazas-de-auxiliar-administrativo-de-administracion-general-turno-libre-oposicion\/#article\",\"isPartOf\":{\"@id\":\"https:\/\/www.vilademuro.net\/es\/proceso-selectivo-4-plazas-de-auxiliar-administrativo-de-administracion-general-turno-libre-oposicion\/\"},\"author\":{\"name\":\"Mariluz Pastor\",\"@id\":\"https:\/\/www.vilademuro.net\/es\/#\/schema\/person\/dabcb2df6313cb6af73aee8eaa69dccb\"},\"headline\":\"Proceso selectivo 4+2 plazas de auxiliar administrativo de administraci\u00f3n general, turno libre, oposici\u00f3n\",\"datePublished\":\"2024-10-23T07:47:40+00:00\",\"dateModified\":\"2026-01-13T09:25:22+00:00\",\"mainEntityOfPage\":{\"@id\":\"https:\/\/www.vilademuro.net\/es\/proceso-selectivo-4-plazas-de-auxiliar-administrativo-de-administracion-general-turno-libre-oposicion\/\"},\"wordCount\":239,\"publisher\":{\"@id\":\"https:\/\/www.vilademuro.net\/es\/#organization\"},\"image\":{\"@id\":\"https:\/\/www.vilademuro.net\/es\/proceso-selectivo-4-plazas-de-auxiliar-administrativo-de-administracion-general-turno-libre-oposicion\/#primaryimage\"},\"thumbnailUrl\":\"https:\/\/www.vilademuro.net\/wp-content\/uploads\/2020\/04\/logo-entrades-ocupacio-publica-1.jpg\",\"articleSection\":[\"Noticias\",\"Ocupaci\u00f3 p\u00fablica\"],\"inLanguage\":\"es\"},{\"@type\":\"WebPage\",\"@id\":\"https:\/\/www.vilademuro.net\/es\/proceso-selectivo-4-plazas-de-auxiliar-administrativo-de-administracion-general-turno-libre-oposicion\/\",\"url\":\"https:\/\/www.vilademuro.net\/es\/proceso-selectivo-4-plazas-de-auxiliar-administrativo-de-administracion-general-turno-libre-oposicion\/\",\"name\":\"Proceso selectivo 4+2 plazas de auxiliar administrativo de administraci\u00f3n general, turno libre, oposici\u00f3n | Ajuntament de Muro\",\"isPartOf\":{\"@id\":\"https:\/\/www.vilademuro.net\/es\/#website\"},\"primaryImageOfPage\":{\"@id\":\"https:\/\/www.vilademuro.net\/es\/proceso-selectivo-4-plazas-de-auxiliar-administrativo-de-administracion-general-turno-libre-oposicion\/#primaryimage\"},\"image\":{\"@id\":\"https:\/\/www.vilademuro.net\/es\/proceso-selectivo-4-plazas-de-auxiliar-administrativo-de-administracion-general-turno-libre-oposicion\/#primaryimage\"},\"thumbnailUrl\":\"https:\/\/www.vilademuro.net\/wp-content\/uploads\/2020\/04\/logo-entrades-ocupacio-publica-1.jpg\",\"datePublished\":\"2024-10-23T07:47:40+00:00\",\"dateModified\":\"2026-01-13T09:25:22+00:00\",\"breadcrumb\":{\"@id\":\"https:\/\/www.vilademuro.net\/es\/proceso-selectivo-4-plazas-de-auxiliar-administrativo-de-administracion-general-turno-libre-oposicion\/#breadcrumb\"},\"inLanguage\":\"es\",\"potentialAction\":[{\"@type\":\"ReadAction\",\"target\":[\"https:\/\/www.vilademuro.net\/es\/proceso-selectivo-4-plazas-de-auxiliar-administrativo-de-administracion-general-turno-libre-oposicion\/\"]}]},{\"@type\":\"ImageObject\",\"inLanguage\":\"es\",\"@id\":\"https:\/\/www.vilademuro.net\/es\/proceso-selectivo-4-plazas-de-auxiliar-administrativo-de-administracion-general-turno-libre-oposicion\/#primaryimage\",\"url\":\"https:\/\/www.vilademuro.net\/wp-content\/uploads\/2020\/04\/logo-entrades-ocupacio-publica-1.jpg\",\"contentUrl\":\"https:\/\/www.vilademuro.net\/wp-content\/uploads\/2020\/04\/logo-entrades-ocupacio-publica-1.jpg\",\"width\":200,\"height\":200},{\"@type\":\"BreadcrumbList\",\"@id\":\"https:\/\/www.vilademuro.net\/es\/proceso-selectivo-4-plazas-de-auxiliar-administrativo-de-administracion-general-turno-libre-oposicion\/#breadcrumb\",\"itemListElement\":[{\"@type\":\"ListItem\",\"position\":1,\"name\":\"Inici\",\"item\":\"https:\/\/www.vilademuro.net\/es\/\"},{\"@type\":\"ListItem\",\"position\":2,\"name\":\"Proceso selectivo 4+2 plazas de auxiliar administrativo de administraci\u00f3n general, turno libre, oposici\u00f3n\"}]},{\"@type\":\"WebSite\",\"@id\":\"https:\/\/www.vilademuro.net\/es\/#website\",\"url\":\"https:\/\/www.vilademuro.net\/es\/\",\"name\":\"Ajuntament de Muro d'Alcoi\",\"description\":\"P\u00e1gina web oficial de l&#039;Ajuntament de Muro\",\"publisher\":{\"@id\":\"https:\/\/www.vilademuro.net\/es\/#organization\"},\"potentialAction\":[{\"@type\":\"SearchAction\",\"target\":{\"@type\":\"EntryPoint\",\"urlTemplate\":\"https:\/\/www.vilademuro.net\/es\/?s={search_term_string}\"},\"query-input\":{\"@type\":\"PropertyValueSpecification\",\"valueRequired\":true,\"valueName\":\"search_term_string\"}}],\"inLanguage\":\"es\"},{\"@type\":\"Organization\",\"@id\":\"https:\/\/www.vilademuro.net\/es\/#organization\",\"name\":\"Ajuntament de Muro\",\"url\":\"https:\/\/www.vilademuro.net\/es\/\",\"logo\":{\"@type\":\"ImageObject\",\"inLanguage\":\"es\",\"@id\":\"https:\/\/www.vilademuro.net\/es\/#\/schema\/logo\/image\/\",\"url\":\"https:\/\/www.vilademuro.net\/wp-content\/uploads\/2022\/10\/LOGO3-2.jpg\",\"contentUrl\":\"https:\/\/www.vilademuro.net\/wp-content\/uploads\/2022\/10\/LOGO3-2.jpg\",\"width\":756,\"height\":517,\"caption\":\"Ajuntament de Muro\"},\"image\":{\"@id\":\"https:\/\/www.vilademuro.net\/es\/#\/schema\/logo\/image\/\"},\"sameAs\":[\"https:\/\/www.facebook.com\/murodealcoy\",\"https:\/\/x.com\/AjuntamentMuro\",\"https:\/\/www.youtube.com\/channel\/UC2rwbKfRqsd1Ncwm6Y1prQw\"]},{\"@type\":\"Person\",\"@id\":\"https:\/\/www.vilademuro.net\/es\/#\/schema\/person\/dabcb2df6313cb6af73aee8eaa69dccb\",\"name\":\"Mariluz Pastor\",\"image\":{\"@type\":\"ImageObject\",\"inLanguage\":\"es\",\"@id\":\"https:\/\/www.vilademuro.net\/es\/#\/schema\/person\/image\/\",\"url\":\"https:\/\/secure.gravatar.com\/avatar\/424aeab4f0278a8f8aa3e9c2e4cf16d845b14d9b40095343a3ec79d32f2bcb8d?s=96&d=mm&r=g\",\"contentUrl\":\"https:\/\/secure.gravatar.com\/avatar\/424aeab4f0278a8f8aa3e9c2e4cf16d845b14d9b40095343a3ec79d32f2bcb8d?s=96&d=mm&r=g\",\"caption\":\"Mariluz Pastor\"}}]}<\/script>\n<!-- \/ Yoast SEO plugin. -->","yoast_head_json":{"title":"Proceso selectivo 4+2 plazas de auxiliar administrativo de administraci\u00f3n general, turno libre, oposici\u00f3n | Ajuntament de Muro","robots":{"index":"index","follow":"follow","max-snippet":"max-snippet:-1","max-image-preview":"max-image-preview:large","max-video-preview":"max-video-preview:-1"},"canonical":"https:\/\/www.vilademuro.net\/es\/proceso-selectivo-4-plazas-de-auxiliar-administrativo-de-administracion-general-turno-libre-oposicion\/","og_locale":"es_ES","og_type":"article","og_title":"Proceso selectivo 4+2 plazas de auxiliar administrativo de administraci\u00f3n general, turno libre, oposici\u00f3n | Ajuntament de Muro","og_description":"Bases convocatoria 4 plazas de auxiliar administrativo, turno libre, oposici\u00f3n &#8211; BOP n\u00ba 204 de 23-10-2024 DOGV n\u00fam. 9986, de 18-11-2024 &#8211; Anuncio bases convocatoria BOE n\u00fam. 285, de 26 [&hellip;]","og_url":"https:\/\/www.vilademuro.net\/es\/proceso-selectivo-4-plazas-de-auxiliar-administrativo-de-administracion-general-turno-libre-oposicion\/","og_site_name":"Ajuntament de Muro","article_publisher":"https:\/\/www.facebook.com\/murodealcoy","article_published_time":"2024-10-23T07:47:40+00:00","article_modified_time":"2026-01-13T09:25:22+00:00","og_image":[{"width":200,"height":200,"url":"https:\/\/www.vilademuro.net\/wp-content\/uploads\/2020\/04\/logo-entrades-ocupacio-publica-1.jpg","type":"image\/jpeg"}],"author":"Mariluz Pastor","twitter_card":"summary_large_image","twitter_creator":"@AjuntamentMuro","twitter_site":"@AjuntamentMuro","twitter_misc":{"Escrito por":"Mariluz Pastor","Tiempo de lectura":"2 minutos"},"schema":{"@context":"https:\/\/schema.org","@graph":[{"@type":"Article","@id":"https:\/\/www.vilademuro.net\/es\/proceso-selectivo-4-plazas-de-auxiliar-administrativo-de-administracion-general-turno-libre-oposicion\/#article","isPartOf":{"@id":"https:\/\/www.vilademuro.net\/es\/proceso-selectivo-4-plazas-de-auxiliar-administrativo-de-administracion-general-turno-libre-oposicion\/"},"author":{"name":"Mariluz Pastor","@id":"https:\/\/www.vilademuro.net\/es\/#\/schema\/person\/dabcb2df6313cb6af73aee8eaa69dccb"},"headline":"Proceso selectivo 4+2 plazas de auxiliar administrativo de administraci\u00f3n general, turno libre, oposici\u00f3n","datePublished":"2024-10-23T07:47:40+00:00","dateModified":"2026-01-13T09:25:22+00:00","mainEntityOfPage":{"@id":"https:\/\/www.vilademuro.net\/es\/proceso-selectivo-4-plazas-de-auxiliar-administrativo-de-administracion-general-turno-libre-oposicion\/"},"wordCount":239,"publisher":{"@id":"https:\/\/www.vilademuro.net\/es\/#organization"},"image":{"@id":"https:\/\/www.vilademuro.net\/es\/proceso-selectivo-4-plazas-de-auxiliar-administrativo-de-administracion-general-turno-libre-oposicion\/#primaryimage"},"thumbnailUrl":"https:\/\/www.vilademuro.net\/wp-content\/uploads\/2020\/04\/logo-entrades-ocupacio-publica-1.jpg","articleSection":["Noticias","Ocupaci\u00f3 p\u00fablica"],"inLanguage":"es"},{"@type":"WebPage","@id":"https:\/\/www.vilademuro.net\/es\/proceso-selectivo-4-plazas-de-auxiliar-administrativo-de-administracion-general-turno-libre-oposicion\/","url":"https:\/\/www.vilademuro.net\/es\/proceso-selectivo-4-plazas-de-auxiliar-administrativo-de-administracion-general-turno-libre-oposicion\/","name":"Proceso selectivo 4+2 plazas de auxiliar administrativo de administraci\u00f3n general, turno libre, oposici\u00f3n | Ajuntament de Muro","isPartOf":{"@id":"https:\/\/www.vilademuro.net\/es\/#website"},"primaryImageOfPage":{"@id":"https:\/\/www.vilademuro.net\/es\/proceso-selectivo-4-plazas-de-auxiliar-administrativo-de-administracion-general-turno-libre-oposicion\/#primaryimage"},"image":{"@id":"https:\/\/www.vilademuro.net\/es\/proceso-selectivo-4-plazas-de-auxiliar-administrativo-de-administracion-general-turno-libre-oposicion\/#primaryimage"},"thumbnailUrl":"https:\/\/www.vilademuro.net\/wp-content\/uploads\/2020\/04\/logo-entrades-ocupacio-publica-1.jpg","datePublished":"2024-10-23T07:47:40+00:00","dateModified":"2026-01-13T09:25:22+00:00","breadcrumb":{"@id":"https:\/\/www.vilademuro.net\/es\/proceso-selectivo-4-plazas-de-auxiliar-administrativo-de-administracion-general-turno-libre-oposicion\/#breadcrumb"},"inLanguage":"es","potentialAction":[{"@type":"ReadAction","target":["https:\/\/www.vilademuro.net\/es\/proceso-selectivo-4-plazas-de-auxiliar-administrativo-de-administracion-general-turno-libre-oposicion\/"]}]},{"@type":"ImageObject","inLanguage":"es","@id":"https:\/\/www.vilademuro.net\/es\/proceso-selectivo-4-plazas-de-auxiliar-administrativo-de-administracion-general-turno-libre-oposicion\/#primaryimage","url":"https:\/\/www.vilademuro.net\/wp-content\/uploads\/2020\/04\/logo-entrades-ocupacio-publica-1.jpg","contentUrl":"https:\/\/www.vilademuro.net\/wp-content\/uploads\/2020\/04\/logo-entrades-ocupacio-publica-1.jpg","width":200,"height":200},{"@type":"BreadcrumbList","@id":"https:\/\/www.vilademuro.net\/es\/proceso-selectivo-4-plazas-de-auxiliar-administrativo-de-administracion-general-turno-libre-oposicion\/#breadcrumb","itemListElement":[{"@type":"ListItem","position":1,"name":"Inici","item":"https:\/\/www.vilademuro.net\/es\/"},{"@type":"ListItem","position":2,"name":"Proceso selectivo 4+2 plazas de auxiliar administrativo de administraci\u00f3n general, turno libre, oposici\u00f3n"}]},{"@type":"WebSite","@id":"https:\/\/www.vilademuro.net\/es\/#website","url":"https:\/\/www.vilademuro.net\/es\/","name":"Ajuntament de Muro d'Alcoi","description":"P\u00e1gina web oficial de l&#039;Ajuntament de Muro","publisher":{"@id":"https:\/\/www.vilademuro.net\/es\/#organization"},"potentialAction":[{"@type":"SearchAction","target":{"@type":"EntryPoint","urlTemplate":"https:\/\/www.vilademuro.net\/es\/?s={search_term_string}"},"query-input":{"@type":"PropertyValueSpecification","valueRequired":true,"valueName":"search_term_string"}}],"inLanguage":"es"},{"@type":"Organization","@id":"https:\/\/www.vilademuro.net\/es\/#organization","name":"Ajuntament de Muro","url":"https:\/\/www.vilademuro.net\/es\/","logo":{"@type":"ImageObject","inLanguage":"es","@id":"https:\/\/www.vilademuro.net\/es\/#\/schema\/logo\/image\/","url":"https:\/\/www.vilademuro.net\/wp-content\/uploads\/2022\/10\/LOGO3-2.jpg","contentUrl":"https:\/\/www.vilademuro.net\/wp-content\/uploads\/2022\/10\/LOGO3-2.jpg","width":756,"height":517,"caption":"Ajuntament de Muro"},"image":{"@id":"https:\/\/www.vilademuro.net\/es\/#\/schema\/logo\/image\/"},"sameAs":["https:\/\/www.facebook.com\/murodealcoy","https:\/\/x.com\/AjuntamentMuro","https:\/\/www.youtube.com\/channel\/UC2rwbKfRqsd1Ncwm6Y1prQw"]},{"@type":"Person","@id":"https:\/\/www.vilademuro.net\/es\/#\/schema\/person\/dabcb2df6313cb6af73aee8eaa69dccb","name":"Mariluz Pastor","image":{"@type":"ImageObject","inLanguage":"es","@id":"https:\/\/www.vilademuro.net\/es\/#\/schema\/person\/image\/","url":"https:\/\/secure.gravatar.com\/avatar\/424aeab4f0278a8f8aa3e9c2e4cf16d845b14d9b40095343a3ec79d32f2bcb8d?s=96&d=mm&r=g","contentUrl":"https:\/\/secure.gravatar.com\/avatar\/424aeab4f0278a8f8aa3e9c2e4cf16d845b14d9b40095343a3ec79d32f2bcb8d?s=96&d=mm&r=g","caption":"Mariluz Pastor"}}]}},"_links":{"self":[{"href":"https:\/\/www.vilademuro.net\/es\/wp-json\/wp\/v2\/posts\/54365","targetHints":{"allow":["GET"]}}],"collection":[{"href":"https:\/\/www.vilademuro.net\/es\/wp-json\/wp\/v2\/posts"}],"about":[{"href":"https:\/\/www.vilademuro.net\/es\/wp-json\/wp\/v2\/types\/post"}],"author":[{"embeddable":true,"href":"https:\/\/www.vilademuro.net\/es\/wp-json\/wp\/v2\/users\/13"}],"replies":[{"embeddable":true,"href":"https:\/\/www.vilademuro.net\/es\/wp-json\/wp\/v2\/comments?post=54365"}],"version-history":[{"count":12,"href":"https:\/\/www.vilademuro.net\/es\/wp-json\/wp\/v2\/posts\/54365\/revisions"}],"predecessor-version":[{"id":59431,"href":"https:\/\/www.vilademuro.net\/es\/wp-json\/wp\/v2\/posts\/54365\/revisions\/59431"}],"wp:featuredmedia":[{"embeddable":true,"href":"https:\/\/www.vilademuro.net\/es\/wp-json\/wp\/v2\/media\/37891"}],"wp:attachment":[{"href":"https:\/\/www.vilademuro.net\/es\/wp-json\/wp\/v2\/media?parent=54365"}],"wp:term":[{"taxonomy":"category","embeddable":true,"href":"https:\/\/www.vilademuro.net\/es\/wp-json\/wp\/v2\/categories?post=54365"},{"taxonomy":"post_tag","embeddable":true,"href":"https:\/\/www.vilademuro.net\/es\/wp-json\/wp\/v2\/tags?post=54365"}],"curies":[{"name":"wp","href":"https:\/\/api.w.org\/{rel}","templated":true}]}}