{"id":53801,"date":"2024-09-24T09:26:38","date_gmt":"2024-09-24T07:26:38","guid":{"rendered":"https:\/\/www.vilademuro.net\/subvenciones-prestaciones-sociales-2024\/"},"modified":"2024-09-30T13:56:48","modified_gmt":"2024-09-30T11:56:48","slug":"subvenciones-prestaciones-sociales-2024","status":"publish","type":"post","link":"https:\/\/www.vilademuro.net\/es\/subvenciones-prestaciones-sociales-2024\/","title":{"rendered":"Subvenciones Prestaciones Sociales 2024"},"content":{"rendered":"<p><img loading=\"lazy\" decoding=\"async\" class=\"alignnone size-medium wp-image-53795\" src=\"https:\/\/www.vilademuro.net\/wp-content\/uploads\/2024\/09\/Cast-1-300x232.png\" alt=\"\" width=\"300\" height=\"232\" \/> <img loading=\"lazy\" decoding=\"async\" class=\"alignnone size-medium wp-image-53797\" src=\"https:\/\/www.vilademuro.net\/wp-content\/uploads\/2024\/09\/Cast-2-300x232.png\" alt=\"\" width=\"300\" height=\"232\" \/><div class=\"ead-preview\"><div class=\"ead-document\" style=\"position: relative;padding-top: 90%;\"><div class=\"ead-iframe-wrapper\"><iframe src=\"\/\/docs.google.com\/viewer?url=https%3A%2F%2Fwww.vilademuro.net%2Fwp-content%2Fuploads%2F2024%2F09%2FANEXO-I-SOLICITUD-1.pdf&amp;embedded=true&amp;hl=en\" title=\"Documento incrustado\" class=\"ead-iframe\" style=\"width: 100%;height: 100%;border: none;position: absolute;left: 0;top: 0;visibility: hidden;\"><\/iframe><\/div>\t\t\t<div class=\"ead-document-loading\" style=\"width:100%;height:100%;position:absolute;left:0;top:0;z-index:10;\">\n\t\t\t\t<div class=\"ead-loading-wrap\">\n\t\t\t\t\t<div class=\"ead-loading-main\">\n\t\t\t\t\t\t<div class=\"ead-loading\">\n\t\t\t\t\t\t\t<img loading=\"lazy\" decoding=\"async\" src=\"https:\/\/www.vilademuro.net\/wp-content\/plugins\/embed-any-document\/images\/loading.svg\" width=\"55\" height=\"55\" alt=\"Cargador\">\n\t\t\t\t\t\t\t<span>Cargando...<\/span>\n\t\t\t\t\t\t<\/div>\n\t\t\t\t\t<\/div>\n\t\t\t\t\t<div class=\"ead-loading-foot\">\n\t\t\t\t\t\t<div class=\"ead-loading-foot-title\">\n\t\t\t\t\t\t\t<img loading=\"lazy\" decoding=\"async\" src=\"https:\/\/www.vilademuro.net\/wp-content\/plugins\/embed-any-document\/images\/EAD-logo.svg\" alt=\"Logotipo de EAD\" width=\"36\" height=\"23\"\/>\n\t\t\t\t\t\t\t<span>\u00bfTarda demasiado?<\/span>\n\t\t\t\t\t\t<\/div>\n\t\t\t\t\t\t<p>\n\t\t\t\t\t\t\t<div class=\"ead-document-btn ead-reload-btn\" role=\"button\">\n\t\t\t\t\t\t\t\t<img loading=\"lazy\" decoding=\"async\" src=\"https:\/\/www.vilademuro.net\/wp-content\/plugins\/embed-any-document\/images\/reload.svg\" alt=\"Recargar\" width=\"12\" height=\"12\"\/> Recargar el documento\t\t\t\t\t\t\t<\/div>\n\t\t\t\t\t\t\t<span>|<\/span>\n\t\t\t\t\t\t\t<a href=\"https:\/\/www.vilademuro.net\/wp-content\/uploads\/2024\/09\/ANEXO-I-SOLICITUD-1.pdf\" class=\"ead-document-btn\" target=\"_blank\">\n\t\t\t\t\t\t\t\t<img loading=\"lazy\" decoding=\"async\" src=\"https:\/\/www.vilademuro.net\/wp-content\/plugins\/embed-any-document\/images\/open.svg\" alt=\"Abrir\" width=\"12\" height=\"12\"\/> Abrir en una nueva pesta\u00f1a\t\t\t\t\t\t\t<\/a>\n\t\t\t\t\t<\/div>\n\t\t\t\t<\/div>\n\t\t\t<\/div>\n\t\t<\/div><p class=\"embed_download\"><a href=\"https:\/\/www.vilademuro.net\/wp-content\/uploads\/2024\/09\/ANEXO-I-SOLICITUD-1.pdf\" download>Desc\u00e0rrega [429.17 KB] <\/a><\/p><\/div><div class=\"ead-preview\"><div class=\"ead-document\" style=\"position: relative;padding-top: 90%;\"><div class=\"ead-iframe-wrapper\"><iframe src=\"\/\/docs.google.com\/viewer?url=https%3A%2F%2Fwww.vilademuro.net%2Fwp-content%2Fuploads%2F2024%2F09%2FANEXO-II-1.pdf&amp;embedded=true&amp;hl=en\" title=\"Documento incrustado\" class=\"ead-iframe\" style=\"width: 100%;height: 100%;border: none;position: absolute;left: 0;top: 0;visibility: hidden;\"><\/iframe><\/div>\t\t\t<div class=\"ead-document-loading\" style=\"width:100%;height:100%;position:absolute;left:0;top:0;z-index:10;\">\n\t\t\t\t<div class=\"ead-loading-wrap\">\n\t\t\t\t\t<div class=\"ead-loading-main\">\n\t\t\t\t\t\t<div class=\"ead-loading\">\n\t\t\t\t\t\t\t<img loading=\"lazy\" decoding=\"async\" src=\"https:\/\/www.vilademuro.net\/wp-content\/plugins\/embed-any-document\/images\/loading.svg\" width=\"55\" height=\"55\" alt=\"Cargador\">\n\t\t\t\t\t\t\t<span>Cargando...<\/span>\n\t\t\t\t\t\t<\/div>\n\t\t\t\t\t<\/div>\n\t\t\t\t\t<div class=\"ead-loading-foot\">\n\t\t\t\t\t\t<div class=\"ead-loading-foot-title\">\n\t\t\t\t\t\t\t<img loading=\"lazy\" decoding=\"async\" src=\"https:\/\/www.vilademuro.net\/wp-content\/plugins\/embed-any-document\/images\/EAD-logo.svg\" alt=\"Logotipo de EAD\" width=\"36\" height=\"23\"\/>\n\t\t\t\t\t\t\t<span>\u00bfTarda demasiado?<\/span>\n\t\t\t\t\t\t<\/div>\n\t\t\t\t\t\t<p>\n\t\t\t\t\t\t\t<div class=\"ead-document-btn ead-reload-btn\" role=\"button\">\n\t\t\t\t\t\t\t\t<img loading=\"lazy\" decoding=\"async\" src=\"https:\/\/www.vilademuro.net\/wp-content\/plugins\/embed-any-document\/images\/reload.svg\" alt=\"Recargar\" width=\"12\" height=\"12\"\/> Recargar el documento\t\t\t\t\t\t\t<\/div>\n\t\t\t\t\t\t\t<span>|<\/span>\n\t\t\t\t\t\t\t<a href=\"https:\/\/www.vilademuro.net\/wp-content\/uploads\/2024\/09\/ANEXO-II-1.pdf\" class=\"ead-document-btn\" target=\"_blank\">\n\t\t\t\t\t\t\t\t<img loading=\"lazy\" decoding=\"async\" src=\"https:\/\/www.vilademuro.net\/wp-content\/plugins\/embed-any-document\/images\/open.svg\" alt=\"Abrir\" width=\"12\" height=\"12\"\/> Abrir en una nueva pesta\u00f1a\t\t\t\t\t\t\t<\/a>\n\t\t\t\t\t<\/div>\n\t\t\t\t<\/div>\n\t\t\t<\/div>\n\t\t<\/div><p class=\"embed_download\"><a href=\"https:\/\/www.vilademuro.net\/wp-content\/uploads\/2024\/09\/ANEXO-II-1.pdf\" download>Desc\u00e0rrega [405.26 KB] <\/a><\/p><\/div><div class=\"ead-preview\"><div class=\"ead-document\" style=\"position: relative;padding-top: 90%;\"><div class=\"ead-iframe-wrapper\"><iframe src=\"\/\/docs.google.com\/viewer?url=https%3A%2F%2Fwww.vilademuro.net%2Fwp-content%2Fuploads%2F2024%2F09%2FANEXO-III-1.pdf&amp;embedded=true&amp;hl=en\" title=\"Documento incrustado\" class=\"ead-iframe\" style=\"width: 100%;height: 100%;border: none;position: absolute;left: 0;top: 0;visibility: hidden;\"><\/iframe><\/div>\t\t\t<div class=\"ead-document-loading\" style=\"width:100%;height:100%;position:absolute;left:0;top:0;z-index:10;\">\n\t\t\t\t<div class=\"ead-loading-wrap\">\n\t\t\t\t\t<div class=\"ead-loading-main\">\n\t\t\t\t\t\t<div class=\"ead-loading\">\n\t\t\t\t\t\t\t<img loading=\"lazy\" decoding=\"async\" src=\"https:\/\/www.vilademuro.net\/wp-content\/plugins\/embed-any-document\/images\/loading.svg\" width=\"55\" height=\"55\" alt=\"Cargador\">\n\t\t\t\t\t\t\t<span>Cargando...<\/span>\n\t\t\t\t\t\t<\/div>\n\t\t\t\t\t<\/div>\n\t\t\t\t\t<div class=\"ead-loading-foot\">\n\t\t\t\t\t\t<div class=\"ead-loading-foot-title\">\n\t\t\t\t\t\t\t<img loading=\"lazy\" decoding=\"async\" src=\"https:\/\/www.vilademuro.net\/wp-content\/plugins\/embed-any-document\/images\/EAD-logo.svg\" alt=\"Logotipo de EAD\" width=\"36\" height=\"23\"\/>\n\t\t\t\t\t\t\t<span>\u00bfTarda demasiado?<\/span>\n\t\t\t\t\t\t<\/div>\n\t\t\t\t\t\t<p>\n\t\t\t\t\t\t\t<div class=\"ead-document-btn ead-reload-btn\" role=\"button\">\n\t\t\t\t\t\t\t\t<img loading=\"lazy\" decoding=\"async\" src=\"https:\/\/www.vilademuro.net\/wp-content\/plugins\/embed-any-document\/images\/reload.svg\" alt=\"Recargar\" width=\"12\" height=\"12\"\/> Recargar el documento\t\t\t\t\t\t\t<\/div>\n\t\t\t\t\t\t\t<span>|<\/span>\n\t\t\t\t\t\t\t<a href=\"https:\/\/www.vilademuro.net\/wp-content\/uploads\/2024\/09\/ANEXO-III-1.pdf\" class=\"ead-document-btn\" target=\"_blank\">\n\t\t\t\t\t\t\t\t<img loading=\"lazy\" decoding=\"async\" src=\"https:\/\/www.vilademuro.net\/wp-content\/plugins\/embed-any-document\/images\/open.svg\" alt=\"Abrir\" width=\"12\" height=\"12\"\/> Abrir en una nueva pesta\u00f1a\t\t\t\t\t\t\t<\/a>\n\t\t\t\t\t<\/div>\n\t\t\t\t<\/div>\n\t\t\t<\/div>\n\t\t<\/div><p class=\"embed_download\"><a href=\"https:\/\/www.vilademuro.net\/wp-content\/uploads\/2024\/09\/ANEXO-III-1.pdf\" download>Desc\u00e0rrega [336.06 KB] <\/a><\/p><\/div><\/p>\n<p>Desde hoy y hasta el 13 de octubre se puede presentar la documentaci\u00f3n para acceder a las Prestaciones Sociales 2024.<\/p>\n<p>En esta infograf\u00eda puedes consultar la documentaci\u00f3n necesaria que se tiene que presentar y los gastos que se incluyen en estas subvenciones.<\/p>\n<p>Se puede tramitar telem\u00e1ticamente y de forma presencial al Registro del Ayuntamiento en horario de 16h a 19h<\/p>\n","protected":false},"excerpt":{"rendered":"<p>Desde hoy y hasta el 13 de octubre se puede presentar la documentaci\u00f3n para acceder a las Prestaciones Sociales 2024. En esta infograf\u00eda puedes consultar la documentaci\u00f3n necesaria que se [&hellip;]<\/p>\n","protected":false},"author":18,"featured_media":0,"comment_status":"closed","ping_status":"closed","sticky":false,"template":"","format":"standard","meta":{"_et_pb_use_builder":"","_et_pb_old_content":"","_et_gb_content_width":"","footnotes":""},"categories":[110,51,49,77],"tags":[],"class_list":["post-53801","post","type-post","status-publish","format-standard","hentry","category-ayudas-y-subvenciones","category-destacat-es","category-noticias","category-servicios-sociales"],"yoast_head":"<!-- This site is optimized with the Yoast SEO plugin v27.1.1 - https:\/\/yoast.com\/product\/yoast-seo-wordpress\/ -->\n<title>Subvenciones Prestaciones Sociales 2024 | Ajuntament de Muro<\/title>\n<meta name=\"robots\" content=\"index, follow, max-snippet:-1, max-image-preview:large, max-video-preview:-1\" \/>\n<link rel=\"canonical\" href=\"https:\/\/www.vilademuro.net\/es\/subvenciones-prestaciones-sociales-2024\/\" \/>\n<meta property=\"og:locale\" content=\"es_ES\" \/>\n<meta property=\"og:type\" content=\"article\" \/>\n<meta property=\"og:title\" content=\"Subvenciones Prestaciones Sociales 2024 | Ajuntament de Muro\" \/>\n<meta property=\"og:description\" content=\"Desde hoy y hasta el 13 de octubre se puede presentar la documentaci\u00f3n para acceder a las Prestaciones Sociales 2024. En esta infograf\u00eda puedes consultar la documentaci\u00f3n necesaria que se [&hellip;]\" \/>\n<meta property=\"og:url\" content=\"https:\/\/www.vilademuro.net\/es\/subvenciones-prestaciones-sociales-2024\/\" \/>\n<meta property=\"og:site_name\" content=\"Ajuntament de Muro\" \/>\n<meta property=\"article:publisher\" content=\"https:\/\/www.facebook.com\/murodealcoy\" \/>\n<meta property=\"article:published_time\" content=\"2024-09-24T07:26:38+00:00\" \/>\n<meta property=\"article:modified_time\" content=\"2024-09-30T11:56:48+00:00\" \/>\n<meta property=\"og:image\" content=\"https:\/\/www.vilademuro.net\/wp-content\/uploads\/2024\/09\/Cast-1-300x232.png\" \/>\n<meta name=\"author\" content=\"Llum Jorda\" \/>\n<meta name=\"twitter:card\" content=\"summary_large_image\" \/>\n<meta name=\"twitter:creator\" content=\"@AjuntamentMuro\" \/>\n<meta name=\"twitter:site\" content=\"@AjuntamentMuro\" \/>\n<meta name=\"twitter:label1\" content=\"Escrito por\" \/>\n\t<meta name=\"twitter:data1\" content=\"Llum Jorda\" \/>\n<script type=\"application\/ld+json\" class=\"yoast-schema-graph\">{\"@context\":\"https:\/\/schema.org\",\"@graph\":[{\"@type\":\"Article\",\"@id\":\"https:\/\/www.vilademuro.net\/es\/subvenciones-prestaciones-sociales-2024\/#article\",\"isPartOf\":{\"@id\":\"https:\/\/www.vilademuro.net\/es\/subvenciones-prestaciones-sociales-2024\/\"},\"author\":{\"name\":\"Llum Jorda\",\"@id\":\"https:\/\/www.vilademuro.net\/es\/#\/schema\/person\/32278b306d256265c7eb890504bfe022\"},\"headline\":\"Subvenciones Prestaciones Sociales 2024\",\"datePublished\":\"2024-09-24T07:26:38+00:00\",\"dateModified\":\"2024-09-30T11:56:48+00:00\",\"mainEntityOfPage\":{\"@id\":\"https:\/\/www.vilademuro.net\/es\/subvenciones-prestaciones-sociales-2024\/\"},\"wordCount\":101,\"publisher\":{\"@id\":\"https:\/\/www.vilademuro.net\/es\/#organization\"},\"image\":{\"@id\":\"https:\/\/www.vilademuro.net\/es\/subvenciones-prestaciones-sociales-2024\/#primaryimage\"},\"thumbnailUrl\":\"https:\/\/www.vilademuro.net\/wp-content\/uploads\/2024\/09\/Cast-1-300x232.png\",\"articleSection\":[\"Ayudas y subvenciones\",\"Destacat\",\"Noticias\",\"Servicios sociales\"],\"inLanguage\":\"es\"},{\"@type\":\"WebPage\",\"@id\":\"https:\/\/www.vilademuro.net\/es\/subvenciones-prestaciones-sociales-2024\/\",\"url\":\"https:\/\/www.vilademuro.net\/es\/subvenciones-prestaciones-sociales-2024\/\",\"name\":\"Subvenciones Prestaciones Sociales 2024 | Ajuntament de Muro\",\"isPartOf\":{\"@id\":\"https:\/\/www.vilademuro.net\/es\/#website\"},\"primaryImageOfPage\":{\"@id\":\"https:\/\/www.vilademuro.net\/es\/subvenciones-prestaciones-sociales-2024\/#primaryimage\"},\"image\":{\"@id\":\"https:\/\/www.vilademuro.net\/es\/subvenciones-prestaciones-sociales-2024\/#primaryimage\"},\"thumbnailUrl\":\"https:\/\/www.vilademuro.net\/wp-content\/uploads\/2024\/09\/Cast-1-300x232.png\",\"datePublished\":\"2024-09-24T07:26:38+00:00\",\"dateModified\":\"2024-09-30T11:56:48+00:00\",\"breadcrumb\":{\"@id\":\"https:\/\/www.vilademuro.net\/es\/subvenciones-prestaciones-sociales-2024\/#breadcrumb\"},\"inLanguage\":\"es\",\"potentialAction\":[{\"@type\":\"ReadAction\",\"target\":[\"https:\/\/www.vilademuro.net\/es\/subvenciones-prestaciones-sociales-2024\/\"]}]},{\"@type\":\"ImageObject\",\"inLanguage\":\"es\",\"@id\":\"https:\/\/www.vilademuro.net\/es\/subvenciones-prestaciones-sociales-2024\/#primaryimage\",\"url\":\"https:\/\/www.vilademuro.net\/wp-content\/uploads\/2024\/09\/Cast-1-300x232.png\",\"contentUrl\":\"https:\/\/www.vilademuro.net\/wp-content\/uploads\/2024\/09\/Cast-1-300x232.png\"},{\"@type\":\"BreadcrumbList\",\"@id\":\"https:\/\/www.vilademuro.net\/es\/subvenciones-prestaciones-sociales-2024\/#breadcrumb\",\"itemListElement\":[{\"@type\":\"ListItem\",\"position\":1,\"name\":\"Inici\",\"item\":\"https:\/\/www.vilademuro.net\/es\/\"},{\"@type\":\"ListItem\",\"position\":2,\"name\":\"Subvenciones Prestaciones Sociales 2024\"}]},{\"@type\":\"WebSite\",\"@id\":\"https:\/\/www.vilademuro.net\/es\/#website\",\"url\":\"https:\/\/www.vilademuro.net\/es\/\",\"name\":\"Ajuntament de Muro d'Alcoi\",\"description\":\"P\u00e1gina web oficial de l&#039;Ajuntament de Muro\",\"publisher\":{\"@id\":\"https:\/\/www.vilademuro.net\/es\/#organization\"},\"potentialAction\":[{\"@type\":\"SearchAction\",\"target\":{\"@type\":\"EntryPoint\",\"urlTemplate\":\"https:\/\/www.vilademuro.net\/es\/?s={search_term_string}\"},\"query-input\":{\"@type\":\"PropertyValueSpecification\",\"valueRequired\":true,\"valueName\":\"search_term_string\"}}],\"inLanguage\":\"es\"},{\"@type\":\"Organization\",\"@id\":\"https:\/\/www.vilademuro.net\/es\/#organization\",\"name\":\"Ajuntament de Muro\",\"url\":\"https:\/\/www.vilademuro.net\/es\/\",\"logo\":{\"@type\":\"ImageObject\",\"inLanguage\":\"es\",\"@id\":\"https:\/\/www.vilademuro.net\/es\/#\/schema\/logo\/image\/\",\"url\":\"https:\/\/www.vilademuro.net\/wp-content\/uploads\/2022\/10\/LOGO3-2.jpg\",\"contentUrl\":\"https:\/\/www.vilademuro.net\/wp-content\/uploads\/2022\/10\/LOGO3-2.jpg\",\"width\":756,\"height\":517,\"caption\":\"Ajuntament de Muro\"},\"image\":{\"@id\":\"https:\/\/www.vilademuro.net\/es\/#\/schema\/logo\/image\/\"},\"sameAs\":[\"https:\/\/www.facebook.com\/murodealcoy\",\"https:\/\/x.com\/AjuntamentMuro\",\"https:\/\/www.youtube.com\/channel\/UC2rwbKfRqsd1Ncwm6Y1prQw\"]},{\"@type\":\"Person\",\"@id\":\"https:\/\/www.vilademuro.net\/es\/#\/schema\/person\/32278b306d256265c7eb890504bfe022\",\"name\":\"Llum Jorda\",\"image\":{\"@type\":\"ImageObject\",\"inLanguage\":\"es\",\"@id\":\"https:\/\/www.vilademuro.net\/es\/#\/schema\/person\/image\/\",\"url\":\"https:\/\/secure.gravatar.com\/avatar\/aa23b1f3ba6619a2b9f652a33c488e17808ad4a3fc142aaa58bd80a4478f6013?s=96&d=mm&r=g\",\"contentUrl\":\"https:\/\/secure.gravatar.com\/avatar\/aa23b1f3ba6619a2b9f652a33c488e17808ad4a3fc142aaa58bd80a4478f6013?s=96&d=mm&r=g\",\"caption\":\"Llum Jorda\"},\"sameAs\":[\"https:\/\/Serveis%20socials\"]}]}<\/script>\n<!-- \/ Yoast SEO plugin. -->","yoast_head_json":{"title":"Subvenciones Prestaciones Sociales 2024 | Ajuntament de Muro","robots":{"index":"index","follow":"follow","max-snippet":"max-snippet:-1","max-image-preview":"max-image-preview:large","max-video-preview":"max-video-preview:-1"},"canonical":"https:\/\/www.vilademuro.net\/es\/subvenciones-prestaciones-sociales-2024\/","og_locale":"es_ES","og_type":"article","og_title":"Subvenciones Prestaciones Sociales 2024 | Ajuntament de Muro","og_description":"Desde hoy y hasta el 13 de octubre se puede presentar la documentaci\u00f3n para acceder a las Prestaciones Sociales 2024. En esta infograf\u00eda puedes consultar la documentaci\u00f3n necesaria que se [&hellip;]","og_url":"https:\/\/www.vilademuro.net\/es\/subvenciones-prestaciones-sociales-2024\/","og_site_name":"Ajuntament de Muro","article_publisher":"https:\/\/www.facebook.com\/murodealcoy","article_published_time":"2024-09-24T07:26:38+00:00","article_modified_time":"2024-09-30T11:56:48+00:00","og_image":[{"url":"https:\/\/www.vilademuro.net\/wp-content\/uploads\/2024\/09\/Cast-1-300x232.png","type":"","width":"","height":""}],"author":"Llum Jorda","twitter_card":"summary_large_image","twitter_creator":"@AjuntamentMuro","twitter_site":"@AjuntamentMuro","twitter_misc":{"Escrito por":"Llum Jorda"},"schema":{"@context":"https:\/\/schema.org","@graph":[{"@type":"Article","@id":"https:\/\/www.vilademuro.net\/es\/subvenciones-prestaciones-sociales-2024\/#article","isPartOf":{"@id":"https:\/\/www.vilademuro.net\/es\/subvenciones-prestaciones-sociales-2024\/"},"author":{"name":"Llum Jorda","@id":"https:\/\/www.vilademuro.net\/es\/#\/schema\/person\/32278b306d256265c7eb890504bfe022"},"headline":"Subvenciones Prestaciones Sociales 2024","datePublished":"2024-09-24T07:26:38+00:00","dateModified":"2024-09-30T11:56:48+00:00","mainEntityOfPage":{"@id":"https:\/\/www.vilademuro.net\/es\/subvenciones-prestaciones-sociales-2024\/"},"wordCount":101,"publisher":{"@id":"https:\/\/www.vilademuro.net\/es\/#organization"},"image":{"@id":"https:\/\/www.vilademuro.net\/es\/subvenciones-prestaciones-sociales-2024\/#primaryimage"},"thumbnailUrl":"https:\/\/www.vilademuro.net\/wp-content\/uploads\/2024\/09\/Cast-1-300x232.png","articleSection":["Ayudas y subvenciones","Destacat","Noticias","Servicios sociales"],"inLanguage":"es"},{"@type":"WebPage","@id":"https:\/\/www.vilademuro.net\/es\/subvenciones-prestaciones-sociales-2024\/","url":"https:\/\/www.vilademuro.net\/es\/subvenciones-prestaciones-sociales-2024\/","name":"Subvenciones Prestaciones Sociales 2024 | Ajuntament de Muro","isPartOf":{"@id":"https:\/\/www.vilademuro.net\/es\/#website"},"primaryImageOfPage":{"@id":"https:\/\/www.vilademuro.net\/es\/subvenciones-prestaciones-sociales-2024\/#primaryimage"},"image":{"@id":"https:\/\/www.vilademuro.net\/es\/subvenciones-prestaciones-sociales-2024\/#primaryimage"},"thumbnailUrl":"https:\/\/www.vilademuro.net\/wp-content\/uploads\/2024\/09\/Cast-1-300x232.png","datePublished":"2024-09-24T07:26:38+00:00","dateModified":"2024-09-30T11:56:48+00:00","breadcrumb":{"@id":"https:\/\/www.vilademuro.net\/es\/subvenciones-prestaciones-sociales-2024\/#breadcrumb"},"inLanguage":"es","potentialAction":[{"@type":"ReadAction","target":["https:\/\/www.vilademuro.net\/es\/subvenciones-prestaciones-sociales-2024\/"]}]},{"@type":"ImageObject","inLanguage":"es","@id":"https:\/\/www.vilademuro.net\/es\/subvenciones-prestaciones-sociales-2024\/#primaryimage","url":"https:\/\/www.vilademuro.net\/wp-content\/uploads\/2024\/09\/Cast-1-300x232.png","contentUrl":"https:\/\/www.vilademuro.net\/wp-content\/uploads\/2024\/09\/Cast-1-300x232.png"},{"@type":"BreadcrumbList","@id":"https:\/\/www.vilademuro.net\/es\/subvenciones-prestaciones-sociales-2024\/#breadcrumb","itemListElement":[{"@type":"ListItem","position":1,"name":"Inici","item":"https:\/\/www.vilademuro.net\/es\/"},{"@type":"ListItem","position":2,"name":"Subvenciones Prestaciones Sociales 2024"}]},{"@type":"WebSite","@id":"https:\/\/www.vilademuro.net\/es\/#website","url":"https:\/\/www.vilademuro.net\/es\/","name":"Ajuntament de Muro d'Alcoi","description":"P\u00e1gina web oficial de l&#039;Ajuntament de Muro","publisher":{"@id":"https:\/\/www.vilademuro.net\/es\/#organization"},"potentialAction":[{"@type":"SearchAction","target":{"@type":"EntryPoint","urlTemplate":"https:\/\/www.vilademuro.net\/es\/?s={search_term_string}"},"query-input":{"@type":"PropertyValueSpecification","valueRequired":true,"valueName":"search_term_string"}}],"inLanguage":"es"},{"@type":"Organization","@id":"https:\/\/www.vilademuro.net\/es\/#organization","name":"Ajuntament de Muro","url":"https:\/\/www.vilademuro.net\/es\/","logo":{"@type":"ImageObject","inLanguage":"es","@id":"https:\/\/www.vilademuro.net\/es\/#\/schema\/logo\/image\/","url":"https:\/\/www.vilademuro.net\/wp-content\/uploads\/2022\/10\/LOGO3-2.jpg","contentUrl":"https:\/\/www.vilademuro.net\/wp-content\/uploads\/2022\/10\/LOGO3-2.jpg","width":756,"height":517,"caption":"Ajuntament de Muro"},"image":{"@id":"https:\/\/www.vilademuro.net\/es\/#\/schema\/logo\/image\/"},"sameAs":["https:\/\/www.facebook.com\/murodealcoy","https:\/\/x.com\/AjuntamentMuro","https:\/\/www.youtube.com\/channel\/UC2rwbKfRqsd1Ncwm6Y1prQw"]},{"@type":"Person","@id":"https:\/\/www.vilademuro.net\/es\/#\/schema\/person\/32278b306d256265c7eb890504bfe022","name":"Llum Jorda","image":{"@type":"ImageObject","inLanguage":"es","@id":"https:\/\/www.vilademuro.net\/es\/#\/schema\/person\/image\/","url":"https:\/\/secure.gravatar.com\/avatar\/aa23b1f3ba6619a2b9f652a33c488e17808ad4a3fc142aaa58bd80a4478f6013?s=96&d=mm&r=g","contentUrl":"https:\/\/secure.gravatar.com\/avatar\/aa23b1f3ba6619a2b9f652a33c488e17808ad4a3fc142aaa58bd80a4478f6013?s=96&d=mm&r=g","caption":"Llum Jorda"},"sameAs":["https:\/\/Serveis%20socials"]}]}},"_links":{"self":[{"href":"https:\/\/www.vilademuro.net\/es\/wp-json\/wp\/v2\/posts\/53801","targetHints":{"allow":["GET"]}}],"collection":[{"href":"https:\/\/www.vilademuro.net\/es\/wp-json\/wp\/v2\/posts"}],"about":[{"href":"https:\/\/www.vilademuro.net\/es\/wp-json\/wp\/v2\/types\/post"}],"author":[{"embeddable":true,"href":"https:\/\/www.vilademuro.net\/es\/wp-json\/wp\/v2\/users\/18"}],"replies":[{"embeddable":true,"href":"https:\/\/www.vilademuro.net\/es\/wp-json\/wp\/v2\/comments?post=53801"}],"version-history":[{"count":0,"href":"https:\/\/www.vilademuro.net\/es\/wp-json\/wp\/v2\/posts\/53801\/revisions"}],"wp:attachment":[{"href":"https:\/\/www.vilademuro.net\/es\/wp-json\/wp\/v2\/media?parent=53801"}],"wp:term":[{"taxonomy":"category","embeddable":true,"href":"https:\/\/www.vilademuro.net\/es\/wp-json\/wp\/v2\/categories?post=53801"},{"taxonomy":"post_tag","embeddable":true,"href":"https:\/\/www.vilademuro.net\/es\/wp-json\/wp\/v2\/tags?post=53801"}],"curies":[{"name":"wp","href":"https:\/\/api.w.org\/{rel}","templated":true}]}}