{"id":53635,"date":"2024-09-16T12:18:08","date_gmt":"2024-09-16T10:18:08","guid":{"rendered":"https:\/\/www.vilademuro.net\/53635\/"},"modified":"2024-09-16T12:18:08","modified_gmt":"2024-09-16T10:18:08","slug":"53635","status":"publish","type":"post","link":"https:\/\/www.vilademuro.net\/es\/53635\/","title":{"rendered":""},"content":{"rendered":"<p><img loading=\"lazy\" decoding=\"async\" class=\"alignnone size-medium wp-image-53629\" src=\"https:\/\/www.vilademuro.net\/wp-content\/uploads\/2024\/09\/ajudes-ok-212x300.png\" alt=\"\" width=\"212\" height=\"300\" \/><\/p>\n<pre id=\"tw-target-text\" class=\"tw-data-text tw-text-large tw-ta\" dir=\"ltr\" data-placeholder=\"Traducci\u00f3n\" aria-label=\"Texto traducido\" data-ved=\"2ahUKEwiTtdS1oceIAxW5A9sEHQLQLAEQ3ewLegQICBAU\"><span class=\"Y2IQFc\" lang=\"es\">Abierto plazo para solicitar las ayudas a personas f\u00edsicas arrendatarias o cesionarias,\r\n a fin de facilitar el disfrute de una vivienda o habitaci\u00f3n en r\u00e9gimen de alquiler o de cesi\u00f3n de uso a \r\nsectores de poblaci\u00f3n con escasos medios econ\u00f3micos.\r\n\r\nSi est\u00e1s interesado\/a puedes acceder a toda la informaci\u00f3n en este enlace<\/span><\/pre>\n<p><a href=\"https:\/\/www.gva.es\/va\/inicio\/procedimientos?id_proc=G97065\">https:\/\/www.gva.es\/va\/inicio\/procedimientos?id_proc=G97065<\/a><\/p>\n","protected":false},"excerpt":{"rendered":"<p>Abierto plazo para solicitar las ayudas a personas f\u00edsicas arrendatarias o cesionarias, a fin de facilitar el disfrute de una vivienda o habitaci\u00f3n en r\u00e9gimen de alquiler o de cesi\u00f3n [&hellip;]<\/p>\n","protected":false},"author":18,"featured_media":0,"comment_status":"closed","ping_status":"closed","sticky":false,"template":"","format":"standard","meta":{"_et_pb_use_builder":"","_et_pb_old_content":"","_et_gb_content_width":"","footnotes":""},"categories":[50,110,51,49,77],"tags":[],"class_list":["post-53635","post","type-post","status-publish","format-standard","hentry","category-adl-es","category-ayudas-y-subvenciones","category-destacat-es","category-noticias","category-servicios-sociales"],"yoast_head":"<!-- This site is optimized with the Yoast SEO plugin v27.1.1 - https:\/\/yoast.com\/product\/yoast-seo-wordpress\/ -->\n<title>| Ajuntament de Muro<\/title>\n<meta name=\"robots\" content=\"index, follow, max-snippet:-1, max-image-preview:large, max-video-preview:-1\" \/>\n<link rel=\"canonical\" href=\"https:\/\/www.vilademuro.net\/es\/53635\/\" \/>\n<meta property=\"og:locale\" content=\"es_ES\" \/>\n<meta property=\"og:type\" content=\"article\" \/>\n<meta property=\"og:title\" content=\"| Ajuntament de Muro\" \/>\n<meta property=\"og:description\" content=\"Abierto plazo para solicitar las ayudas a personas f\u00edsicas arrendatarias o cesionarias, a fin de facilitar el disfrute de una vivienda o habitaci\u00f3n en r\u00e9gimen de alquiler o de cesi\u00f3n [&hellip;]\" \/>\n<meta property=\"og:url\" content=\"https:\/\/www.vilademuro.net\/es\/53635\/\" \/>\n<meta property=\"og:site_name\" content=\"Ajuntament de Muro\" \/>\n<meta property=\"article:publisher\" content=\"https:\/\/www.facebook.com\/murodealcoy\" \/>\n<meta property=\"article:published_time\" content=\"2024-09-16T10:18:08+00:00\" \/>\n<meta property=\"og:image\" content=\"https:\/\/www.vilademuro.net\/wp-content\/uploads\/2024\/09\/ajudes-ok-212x300.png\" \/>\n<meta name=\"author\" content=\"Llum Jorda\" \/>\n<meta name=\"twitter:card\" content=\"summary_large_image\" \/>\n<meta name=\"twitter:creator\" content=\"@AjuntamentMuro\" \/>\n<meta name=\"twitter:site\" content=\"@AjuntamentMuro\" \/>\n<meta name=\"twitter:label1\" content=\"Escrito por\" \/>\n\t<meta name=\"twitter:data1\" content=\"Llum Jorda\" \/>\n<script type=\"application\/ld+json\" class=\"yoast-schema-graph\">{\"@context\":\"https:\/\/schema.org\",\"@graph\":[{\"@type\":\"Article\",\"@id\":\"https:\/\/www.vilademuro.net\/es\/53635\/#article\",\"isPartOf\":{\"@id\":\"https:\/\/www.vilademuro.net\/es\/53635\/\"},\"author\":{\"name\":\"Llum Jorda\",\"@id\":\"https:\/\/www.vilademuro.net\/es\/#\/schema\/person\/32278b306d256265c7eb890504bfe022\"},\"headline\":\"Sin t\u00edtulo\",\"datePublished\":\"2024-09-16T10:18:08+00:00\",\"mainEntityOfPage\":{\"@id\":\"https:\/\/www.vilademuro.net\/es\/53635\/\"},\"wordCount\":10,\"publisher\":{\"@id\":\"https:\/\/www.vilademuro.net\/es\/#organization\"},\"image\":{\"@id\":\"https:\/\/www.vilademuro.net\/es\/53635\/#primaryimage\"},\"thumbnailUrl\":\"https:\/\/www.vilademuro.net\/wp-content\/uploads\/2024\/09\/ajudes-ok-212x300.png\",\"articleSection\":[\"ADL\",\"Ayudas y subvenciones\",\"Destacat\",\"Noticias\",\"Servicios sociales\"],\"inLanguage\":\"es\"},{\"@type\":\"WebPage\",\"@id\":\"https:\/\/www.vilademuro.net\/es\/53635\/\",\"url\":\"https:\/\/www.vilademuro.net\/es\/53635\/\",\"name\":\"| Ajuntament de Muro\",\"isPartOf\":{\"@id\":\"https:\/\/www.vilademuro.net\/es\/#website\"},\"primaryImageOfPage\":{\"@id\":\"https:\/\/www.vilademuro.net\/es\/53635\/#primaryimage\"},\"image\":{\"@id\":\"https:\/\/www.vilademuro.net\/es\/53635\/#primaryimage\"},\"thumbnailUrl\":\"https:\/\/www.vilademuro.net\/wp-content\/uploads\/2024\/09\/ajudes-ok-212x300.png\",\"datePublished\":\"2024-09-16T10:18:08+00:00\",\"inLanguage\":\"es\",\"potentialAction\":[{\"@type\":\"ReadAction\",\"target\":[\"https:\/\/www.vilademuro.net\/es\/53635\/\"]}]},{\"@type\":\"ImageObject\",\"inLanguage\":\"es\",\"@id\":\"https:\/\/www.vilademuro.net\/es\/53635\/#primaryimage\",\"url\":\"https:\/\/www.vilademuro.net\/wp-content\/uploads\/2024\/09\/ajudes-ok-212x300.png\",\"contentUrl\":\"https:\/\/www.vilademuro.net\/wp-content\/uploads\/2024\/09\/ajudes-ok-212x300.png\"},{\"@type\":\"WebSite\",\"@id\":\"https:\/\/www.vilademuro.net\/es\/#website\",\"url\":\"https:\/\/www.vilademuro.net\/es\/\",\"name\":\"Ajuntament de Muro d'Alcoi\",\"description\":\"P\u00e1gina web oficial de l&#039;Ajuntament de Muro\",\"publisher\":{\"@id\":\"https:\/\/www.vilademuro.net\/es\/#organization\"},\"potentialAction\":[{\"@type\":\"SearchAction\",\"target\":{\"@type\":\"EntryPoint\",\"urlTemplate\":\"https:\/\/www.vilademuro.net\/es\/?s={search_term_string}\"},\"query-input\":{\"@type\":\"PropertyValueSpecification\",\"valueRequired\":true,\"valueName\":\"search_term_string\"}}],\"inLanguage\":\"es\"},{\"@type\":\"Organization\",\"@id\":\"https:\/\/www.vilademuro.net\/es\/#organization\",\"name\":\"Ajuntament de Muro\",\"url\":\"https:\/\/www.vilademuro.net\/es\/\",\"logo\":{\"@type\":\"ImageObject\",\"inLanguage\":\"es\",\"@id\":\"https:\/\/www.vilademuro.net\/es\/#\/schema\/logo\/image\/\",\"url\":\"https:\/\/www.vilademuro.net\/wp-content\/uploads\/2022\/10\/LOGO3-2.jpg\",\"contentUrl\":\"https:\/\/www.vilademuro.net\/wp-content\/uploads\/2022\/10\/LOGO3-2.jpg\",\"width\":756,\"height\":517,\"caption\":\"Ajuntament de Muro\"},\"image\":{\"@id\":\"https:\/\/www.vilademuro.net\/es\/#\/schema\/logo\/image\/\"},\"sameAs\":[\"https:\/\/www.facebook.com\/murodealcoy\",\"https:\/\/x.com\/AjuntamentMuro\",\"https:\/\/www.youtube.com\/channel\/UC2rwbKfRqsd1Ncwm6Y1prQw\"]},{\"@type\":\"Person\",\"@id\":\"https:\/\/www.vilademuro.net\/es\/#\/schema\/person\/32278b306d256265c7eb890504bfe022\",\"name\":\"Llum Jorda\",\"image\":{\"@type\":\"ImageObject\",\"inLanguage\":\"es\",\"@id\":\"https:\/\/www.vilademuro.net\/es\/#\/schema\/person\/image\/\",\"url\":\"https:\/\/secure.gravatar.com\/avatar\/aa23b1f3ba6619a2b9f652a33c488e17808ad4a3fc142aaa58bd80a4478f6013?s=96&d=mm&r=g\",\"contentUrl\":\"https:\/\/secure.gravatar.com\/avatar\/aa23b1f3ba6619a2b9f652a33c488e17808ad4a3fc142aaa58bd80a4478f6013?s=96&d=mm&r=g\",\"caption\":\"Llum Jorda\"},\"sameAs\":[\"https:\/\/Serveis%20socials\"]}]}<\/script>\n<!-- \/ Yoast SEO plugin. -->","yoast_head_json":{"title":"| Ajuntament de Muro","robots":{"index":"index","follow":"follow","max-snippet":"max-snippet:-1","max-image-preview":"max-image-preview:large","max-video-preview":"max-video-preview:-1"},"canonical":"https:\/\/www.vilademuro.net\/es\/53635\/","og_locale":"es_ES","og_type":"article","og_title":"| Ajuntament de Muro","og_description":"Abierto plazo para solicitar las ayudas a personas f\u00edsicas arrendatarias o cesionarias, a fin de facilitar el disfrute de una vivienda o habitaci\u00f3n en r\u00e9gimen de alquiler o de cesi\u00f3n [&hellip;]","og_url":"https:\/\/www.vilademuro.net\/es\/53635\/","og_site_name":"Ajuntament de Muro","article_publisher":"https:\/\/www.facebook.com\/murodealcoy","article_published_time":"2024-09-16T10:18:08+00:00","og_image":[{"url":"https:\/\/www.vilademuro.net\/wp-content\/uploads\/2024\/09\/ajudes-ok-212x300.png","type":"","width":"","height":""}],"author":"Llum Jorda","twitter_card":"summary_large_image","twitter_creator":"@AjuntamentMuro","twitter_site":"@AjuntamentMuro","twitter_misc":{"Escrito por":"Llum Jorda"},"schema":{"@context":"https:\/\/schema.org","@graph":[{"@type":"Article","@id":"https:\/\/www.vilademuro.net\/es\/53635\/#article","isPartOf":{"@id":"https:\/\/www.vilademuro.net\/es\/53635\/"},"author":{"name":"Llum Jorda","@id":"https:\/\/www.vilademuro.net\/es\/#\/schema\/person\/32278b306d256265c7eb890504bfe022"},"headline":"Sin t\u00edtulo","datePublished":"2024-09-16T10:18:08+00:00","mainEntityOfPage":{"@id":"https:\/\/www.vilademuro.net\/es\/53635\/"},"wordCount":10,"publisher":{"@id":"https:\/\/www.vilademuro.net\/es\/#organization"},"image":{"@id":"https:\/\/www.vilademuro.net\/es\/53635\/#primaryimage"},"thumbnailUrl":"https:\/\/www.vilademuro.net\/wp-content\/uploads\/2024\/09\/ajudes-ok-212x300.png","articleSection":["ADL","Ayudas y subvenciones","Destacat","Noticias","Servicios sociales"],"inLanguage":"es"},{"@type":"WebPage","@id":"https:\/\/www.vilademuro.net\/es\/53635\/","url":"https:\/\/www.vilademuro.net\/es\/53635\/","name":"| Ajuntament de Muro","isPartOf":{"@id":"https:\/\/www.vilademuro.net\/es\/#website"},"primaryImageOfPage":{"@id":"https:\/\/www.vilademuro.net\/es\/53635\/#primaryimage"},"image":{"@id":"https:\/\/www.vilademuro.net\/es\/53635\/#primaryimage"},"thumbnailUrl":"https:\/\/www.vilademuro.net\/wp-content\/uploads\/2024\/09\/ajudes-ok-212x300.png","datePublished":"2024-09-16T10:18:08+00:00","inLanguage":"es","potentialAction":[{"@type":"ReadAction","target":["https:\/\/www.vilademuro.net\/es\/53635\/"]}]},{"@type":"ImageObject","inLanguage":"es","@id":"https:\/\/www.vilademuro.net\/es\/53635\/#primaryimage","url":"https:\/\/www.vilademuro.net\/wp-content\/uploads\/2024\/09\/ajudes-ok-212x300.png","contentUrl":"https:\/\/www.vilademuro.net\/wp-content\/uploads\/2024\/09\/ajudes-ok-212x300.png"},{"@type":"WebSite","@id":"https:\/\/www.vilademuro.net\/es\/#website","url":"https:\/\/www.vilademuro.net\/es\/","name":"Ajuntament de Muro d'Alcoi","description":"P\u00e1gina web oficial de l&#039;Ajuntament de Muro","publisher":{"@id":"https:\/\/www.vilademuro.net\/es\/#organization"},"potentialAction":[{"@type":"SearchAction","target":{"@type":"EntryPoint","urlTemplate":"https:\/\/www.vilademuro.net\/es\/?s={search_term_string}"},"query-input":{"@type":"PropertyValueSpecification","valueRequired":true,"valueName":"search_term_string"}}],"inLanguage":"es"},{"@type":"Organization","@id":"https:\/\/www.vilademuro.net\/es\/#organization","name":"Ajuntament de Muro","url":"https:\/\/www.vilademuro.net\/es\/","logo":{"@type":"ImageObject","inLanguage":"es","@id":"https:\/\/www.vilademuro.net\/es\/#\/schema\/logo\/image\/","url":"https:\/\/www.vilademuro.net\/wp-content\/uploads\/2022\/10\/LOGO3-2.jpg","contentUrl":"https:\/\/www.vilademuro.net\/wp-content\/uploads\/2022\/10\/LOGO3-2.jpg","width":756,"height":517,"caption":"Ajuntament de Muro"},"image":{"@id":"https:\/\/www.vilademuro.net\/es\/#\/schema\/logo\/image\/"},"sameAs":["https:\/\/www.facebook.com\/murodealcoy","https:\/\/x.com\/AjuntamentMuro","https:\/\/www.youtube.com\/channel\/UC2rwbKfRqsd1Ncwm6Y1prQw"]},{"@type":"Person","@id":"https:\/\/www.vilademuro.net\/es\/#\/schema\/person\/32278b306d256265c7eb890504bfe022","name":"Llum Jorda","image":{"@type":"ImageObject","inLanguage":"es","@id":"https:\/\/www.vilademuro.net\/es\/#\/schema\/person\/image\/","url":"https:\/\/secure.gravatar.com\/avatar\/aa23b1f3ba6619a2b9f652a33c488e17808ad4a3fc142aaa58bd80a4478f6013?s=96&d=mm&r=g","contentUrl":"https:\/\/secure.gravatar.com\/avatar\/aa23b1f3ba6619a2b9f652a33c488e17808ad4a3fc142aaa58bd80a4478f6013?s=96&d=mm&r=g","caption":"Llum Jorda"},"sameAs":["https:\/\/Serveis%20socials"]}]}},"_links":{"self":[{"href":"https:\/\/www.vilademuro.net\/es\/wp-json\/wp\/v2\/posts\/53635","targetHints":{"allow":["GET"]}}],"collection":[{"href":"https:\/\/www.vilademuro.net\/es\/wp-json\/wp\/v2\/posts"}],"about":[{"href":"https:\/\/www.vilademuro.net\/es\/wp-json\/wp\/v2\/types\/post"}],"author":[{"embeddable":true,"href":"https:\/\/www.vilademuro.net\/es\/wp-json\/wp\/v2\/users\/18"}],"replies":[{"embeddable":true,"href":"https:\/\/www.vilademuro.net\/es\/wp-json\/wp\/v2\/comments?post=53635"}],"version-history":[{"count":0,"href":"https:\/\/www.vilademuro.net\/es\/wp-json\/wp\/v2\/posts\/53635\/revisions"}],"wp:attachment":[{"href":"https:\/\/www.vilademuro.net\/es\/wp-json\/wp\/v2\/media?parent=53635"}],"wp:term":[{"taxonomy":"category","embeddable":true,"href":"https:\/\/www.vilademuro.net\/es\/wp-json\/wp\/v2\/categories?post=53635"},{"taxonomy":"post_tag","embeddable":true,"href":"https:\/\/www.vilademuro.net\/es\/wp-json\/wp\/v2\/tags?post=53635"}],"curies":[{"name":"wp","href":"https:\/\/api.w.org\/{rel}","templated":true}]}}