{"id":53051,"date":"2024-07-15T09:10:19","date_gmt":"2024-07-15T07:10:19","guid":{"rendered":"https:\/\/www.vilademuro.net\/encuesta-elaboracion-iii-plan-de-igualdad-del-municipio\/"},"modified":"2024-07-18T11:26:32","modified_gmt":"2024-07-18T09:26:32","slug":"encuesta-elaboracion-iii-plan-de-igualdad-del-municipio","status":"publish","type":"post","link":"https:\/\/www.vilademuro.net\/es\/encuesta-elaboracion-iii-plan-de-igualdad-del-municipio\/","title":{"rendered":"Encuesta elaboraci\u00f3n III Plan de Igualdad del Municipio"},"content":{"rendered":"<p>Desde la Concejal\u00eda de Bienestar Social y el departamento de Servicios Sociales del Ayuntamiento de Muro de Alcoy animamos en la poblaci\u00f3n a participar aportando su opini\u00f3n alrededor de la situaci\u00f3n actual en el municipio sobre\u00a0 la igualdad de oportunidades.<br \/>\nVuestra colaboraci\u00f3n es muy importante para elaborar un diagn\u00f3stico completo y poner en marcha el III Plan de Igualdad de Oportunidades entre Hombres y Mujeres de Muro de Alcoy.<\/p>\n<p>Muchas gracias por vuestra participaci\u00f3n.<\/p>\n","protected":false},"excerpt":{"rendered":"<p>Desde la Concejal\u00eda de Bienestar Social y el departamento de Servicios Sociales del Ayuntamiento de Muro de Alcoy animamos en la poblaci\u00f3n a participar aportando su opini\u00f3n alrededor de la [&hellip;]<\/p>\n","protected":false},"author":18,"featured_media":53046,"comment_status":"closed","ping_status":"closed","sticky":false,"template":"","format":"standard","meta":{"_et_pb_use_builder":"","_et_pb_old_content":"","_et_gb_content_width":"","footnotes":""},"categories":[50,63,51,49,74,77],"tags":[],"class_list":["post-53051","post","type-post","status-publish","format-standard","has-post-thumbnail","hentry","category-adl-es","category-areas","category-destacat-es","category-noticias","category-participacion-ciudadana","category-servicios-sociales"],"yoast_head":"<!-- This site is optimized with the Yoast SEO plugin v27.1.1 - https:\/\/yoast.com\/product\/yoast-seo-wordpress\/ -->\n<title>Encuesta elaboraci\u00f3n III Plan de Igualdad del Municipio | Ajuntament de Muro<\/title>\n<meta name=\"robots\" content=\"index, follow, max-snippet:-1, max-image-preview:large, max-video-preview:-1\" \/>\n<link rel=\"canonical\" href=\"https:\/\/www.vilademuro.net\/es\/encuesta-elaboracion-iii-plan-de-igualdad-del-municipio\/\" \/>\n<meta property=\"og:locale\" content=\"es_ES\" \/>\n<meta property=\"og:type\" content=\"article\" \/>\n<meta property=\"og:title\" content=\"Encuesta elaboraci\u00f3n III Plan de Igualdad del Municipio | Ajuntament de Muro\" \/>\n<meta property=\"og:description\" content=\"Desde la Concejal\u00eda de Bienestar Social y el departamento de Servicios Sociales del Ayuntamiento de Muro de Alcoy animamos en la poblaci\u00f3n a participar aportando su opini\u00f3n alrededor de la [&hellip;]\" \/>\n<meta property=\"og:url\" content=\"https:\/\/www.vilademuro.net\/es\/encuesta-elaboracion-iii-plan-de-igualdad-del-municipio\/\" \/>\n<meta property=\"og:site_name\" content=\"Ajuntament de Muro\" \/>\n<meta property=\"article:publisher\" content=\"https:\/\/www.facebook.com\/murodealcoy\" \/>\n<meta property=\"article:published_time\" content=\"2024-07-15T07:10:19+00:00\" \/>\n<meta property=\"article:modified_time\" content=\"2024-07-18T09:26:32+00:00\" \/>\n<meta property=\"og:image\" content=\"https:\/\/www.vilademuro.net\/wp-content\/uploads\/2024\/07\/images.png\" \/>\n\t<meta property=\"og:image:width\" content=\"253\" \/>\n\t<meta property=\"og:image:height\" content=\"199\" \/>\n\t<meta property=\"og:image:type\" content=\"image\/png\" \/>\n<meta name=\"author\" content=\"Llum Jorda\" \/>\n<meta name=\"twitter:card\" content=\"summary_large_image\" \/>\n<meta name=\"twitter:creator\" content=\"@AjuntamentMuro\" \/>\n<meta name=\"twitter:site\" content=\"@AjuntamentMuro\" \/>\n<meta name=\"twitter:label1\" content=\"Escrito por\" \/>\n\t<meta name=\"twitter:data1\" content=\"Llum Jorda\" \/>\n\t<meta name=\"twitter:label2\" content=\"Tiempo de lectura\" \/>\n\t<meta name=\"twitter:data2\" content=\"1 minuto\" \/>\n<script type=\"application\/ld+json\" class=\"yoast-schema-graph\">{\"@context\":\"https:\/\/schema.org\",\"@graph\":[{\"@type\":\"Article\",\"@id\":\"https:\/\/www.vilademuro.net\/es\/encuesta-elaboracion-iii-plan-de-igualdad-del-municipio\/#article\",\"isPartOf\":{\"@id\":\"https:\/\/www.vilademuro.net\/es\/encuesta-elaboracion-iii-plan-de-igualdad-del-municipio\/\"},\"author\":{\"name\":\"Llum Jorda\",\"@id\":\"https:\/\/www.vilademuro.net\/es\/#\/schema\/person\/32278b306d256265c7eb890504bfe022\"},\"headline\":\"Encuesta elaboraci\u00f3n III Plan de Igualdad del Municipio\",\"datePublished\":\"2024-07-15T07:10:19+00:00\",\"dateModified\":\"2024-07-18T09:26:32+00:00\",\"mainEntityOfPage\":{\"@id\":\"https:\/\/www.vilademuro.net\/es\/encuesta-elaboracion-iii-plan-de-igualdad-del-municipio\/\"},\"wordCount\":90,\"publisher\":{\"@id\":\"https:\/\/www.vilademuro.net\/es\/#organization\"},\"image\":{\"@id\":\"https:\/\/www.vilademuro.net\/es\/encuesta-elaboracion-iii-plan-de-igualdad-del-municipio\/#primaryimage\"},\"thumbnailUrl\":\"https:\/\/www.vilademuro.net\/wp-content\/uploads\/2024\/07\/images.png\",\"articleSection\":[\"ADL\",\"\u00c1reas\",\"Destacat\",\"Noticias\",\"Participaci\u00f3n ciudadana\",\"Servicios sociales\"],\"inLanguage\":\"es\"},{\"@type\":\"WebPage\",\"@id\":\"https:\/\/www.vilademuro.net\/es\/encuesta-elaboracion-iii-plan-de-igualdad-del-municipio\/\",\"url\":\"https:\/\/www.vilademuro.net\/es\/encuesta-elaboracion-iii-plan-de-igualdad-del-municipio\/\",\"name\":\"Encuesta elaboraci\u00f3n III Plan de Igualdad del Municipio | Ajuntament de Muro\",\"isPartOf\":{\"@id\":\"https:\/\/www.vilademuro.net\/es\/#website\"},\"primaryImageOfPage\":{\"@id\":\"https:\/\/www.vilademuro.net\/es\/encuesta-elaboracion-iii-plan-de-igualdad-del-municipio\/#primaryimage\"},\"image\":{\"@id\":\"https:\/\/www.vilademuro.net\/es\/encuesta-elaboracion-iii-plan-de-igualdad-del-municipio\/#primaryimage\"},\"thumbnailUrl\":\"https:\/\/www.vilademuro.net\/wp-content\/uploads\/2024\/07\/images.png\",\"datePublished\":\"2024-07-15T07:10:19+00:00\",\"dateModified\":\"2024-07-18T09:26:32+00:00\",\"breadcrumb\":{\"@id\":\"https:\/\/www.vilademuro.net\/es\/encuesta-elaboracion-iii-plan-de-igualdad-del-municipio\/#breadcrumb\"},\"inLanguage\":\"es\",\"potentialAction\":[{\"@type\":\"ReadAction\",\"target\":[\"https:\/\/www.vilademuro.net\/es\/encuesta-elaboracion-iii-plan-de-igualdad-del-municipio\/\"]}]},{\"@type\":\"ImageObject\",\"inLanguage\":\"es\",\"@id\":\"https:\/\/www.vilademuro.net\/es\/encuesta-elaboracion-iii-plan-de-igualdad-del-municipio\/#primaryimage\",\"url\":\"https:\/\/www.vilademuro.net\/wp-content\/uploads\/2024\/07\/images.png\",\"contentUrl\":\"https:\/\/www.vilademuro.net\/wp-content\/uploads\/2024\/07\/images.png\",\"width\":253,\"height\":199},{\"@type\":\"BreadcrumbList\",\"@id\":\"https:\/\/www.vilademuro.net\/es\/encuesta-elaboracion-iii-plan-de-igualdad-del-municipio\/#breadcrumb\",\"itemListElement\":[{\"@type\":\"ListItem\",\"position\":1,\"name\":\"Inici\",\"item\":\"https:\/\/www.vilademuro.net\/es\/\"},{\"@type\":\"ListItem\",\"position\":2,\"name\":\"Encuesta elaboraci\u00f3n III Plan de Igualdad del Municipio\"}]},{\"@type\":\"WebSite\",\"@id\":\"https:\/\/www.vilademuro.net\/es\/#website\",\"url\":\"https:\/\/www.vilademuro.net\/es\/\",\"name\":\"Ajuntament de Muro d'Alcoi\",\"description\":\"P\u00e1gina web oficial de l&#039;Ajuntament de Muro\",\"publisher\":{\"@id\":\"https:\/\/www.vilademuro.net\/es\/#organization\"},\"potentialAction\":[{\"@type\":\"SearchAction\",\"target\":{\"@type\":\"EntryPoint\",\"urlTemplate\":\"https:\/\/www.vilademuro.net\/es\/?s={search_term_string}\"},\"query-input\":{\"@type\":\"PropertyValueSpecification\",\"valueRequired\":true,\"valueName\":\"search_term_string\"}}],\"inLanguage\":\"es\"},{\"@type\":\"Organization\",\"@id\":\"https:\/\/www.vilademuro.net\/es\/#organization\",\"name\":\"Ajuntament de Muro\",\"url\":\"https:\/\/www.vilademuro.net\/es\/\",\"logo\":{\"@type\":\"ImageObject\",\"inLanguage\":\"es\",\"@id\":\"https:\/\/www.vilademuro.net\/es\/#\/schema\/logo\/image\/\",\"url\":\"https:\/\/www.vilademuro.net\/wp-content\/uploads\/2022\/10\/LOGO3-2.jpg\",\"contentUrl\":\"https:\/\/www.vilademuro.net\/wp-content\/uploads\/2022\/10\/LOGO3-2.jpg\",\"width\":756,\"height\":517,\"caption\":\"Ajuntament de Muro\"},\"image\":{\"@id\":\"https:\/\/www.vilademuro.net\/es\/#\/schema\/logo\/image\/\"},\"sameAs\":[\"https:\/\/www.facebook.com\/murodealcoy\",\"https:\/\/x.com\/AjuntamentMuro\",\"https:\/\/www.youtube.com\/channel\/UC2rwbKfRqsd1Ncwm6Y1prQw\"]},{\"@type\":\"Person\",\"@id\":\"https:\/\/www.vilademuro.net\/es\/#\/schema\/person\/32278b306d256265c7eb890504bfe022\",\"name\":\"Llum Jorda\",\"image\":{\"@type\":\"ImageObject\",\"inLanguage\":\"es\",\"@id\":\"https:\/\/www.vilademuro.net\/es\/#\/schema\/person\/image\/\",\"url\":\"https:\/\/secure.gravatar.com\/avatar\/aa23b1f3ba6619a2b9f652a33c488e17808ad4a3fc142aaa58bd80a4478f6013?s=96&d=mm&r=g\",\"contentUrl\":\"https:\/\/secure.gravatar.com\/avatar\/aa23b1f3ba6619a2b9f652a33c488e17808ad4a3fc142aaa58bd80a4478f6013?s=96&d=mm&r=g\",\"caption\":\"Llum Jorda\"},\"sameAs\":[\"https:\/\/Serveis%20socials\"]}]}<\/script>\n<!-- \/ Yoast SEO plugin. -->","yoast_head_json":{"title":"Encuesta elaboraci\u00f3n III Plan de Igualdad del Municipio | Ajuntament de Muro","robots":{"index":"index","follow":"follow","max-snippet":"max-snippet:-1","max-image-preview":"max-image-preview:large","max-video-preview":"max-video-preview:-1"},"canonical":"https:\/\/www.vilademuro.net\/es\/encuesta-elaboracion-iii-plan-de-igualdad-del-municipio\/","og_locale":"es_ES","og_type":"article","og_title":"Encuesta elaboraci\u00f3n III Plan de Igualdad del Municipio | Ajuntament de Muro","og_description":"Desde la Concejal\u00eda de Bienestar Social y el departamento de Servicios Sociales del Ayuntamiento de Muro de Alcoy animamos en la poblaci\u00f3n a participar aportando su opini\u00f3n alrededor de la [&hellip;]","og_url":"https:\/\/www.vilademuro.net\/es\/encuesta-elaboracion-iii-plan-de-igualdad-del-municipio\/","og_site_name":"Ajuntament de Muro","article_publisher":"https:\/\/www.facebook.com\/murodealcoy","article_published_time":"2024-07-15T07:10:19+00:00","article_modified_time":"2024-07-18T09:26:32+00:00","og_image":[{"width":253,"height":199,"url":"https:\/\/www.vilademuro.net\/wp-content\/uploads\/2024\/07\/images.png","type":"image\/png"}],"author":"Llum Jorda","twitter_card":"summary_large_image","twitter_creator":"@AjuntamentMuro","twitter_site":"@AjuntamentMuro","twitter_misc":{"Escrito por":"Llum Jorda","Tiempo de lectura":"1 minuto"},"schema":{"@context":"https:\/\/schema.org","@graph":[{"@type":"Article","@id":"https:\/\/www.vilademuro.net\/es\/encuesta-elaboracion-iii-plan-de-igualdad-del-municipio\/#article","isPartOf":{"@id":"https:\/\/www.vilademuro.net\/es\/encuesta-elaboracion-iii-plan-de-igualdad-del-municipio\/"},"author":{"name":"Llum Jorda","@id":"https:\/\/www.vilademuro.net\/es\/#\/schema\/person\/32278b306d256265c7eb890504bfe022"},"headline":"Encuesta elaboraci\u00f3n III Plan de Igualdad del Municipio","datePublished":"2024-07-15T07:10:19+00:00","dateModified":"2024-07-18T09:26:32+00:00","mainEntityOfPage":{"@id":"https:\/\/www.vilademuro.net\/es\/encuesta-elaboracion-iii-plan-de-igualdad-del-municipio\/"},"wordCount":90,"publisher":{"@id":"https:\/\/www.vilademuro.net\/es\/#organization"},"image":{"@id":"https:\/\/www.vilademuro.net\/es\/encuesta-elaboracion-iii-plan-de-igualdad-del-municipio\/#primaryimage"},"thumbnailUrl":"https:\/\/www.vilademuro.net\/wp-content\/uploads\/2024\/07\/images.png","articleSection":["ADL","\u00c1reas","Destacat","Noticias","Participaci\u00f3n ciudadana","Servicios sociales"],"inLanguage":"es"},{"@type":"WebPage","@id":"https:\/\/www.vilademuro.net\/es\/encuesta-elaboracion-iii-plan-de-igualdad-del-municipio\/","url":"https:\/\/www.vilademuro.net\/es\/encuesta-elaboracion-iii-plan-de-igualdad-del-municipio\/","name":"Encuesta elaboraci\u00f3n III Plan de Igualdad del Municipio | Ajuntament de Muro","isPartOf":{"@id":"https:\/\/www.vilademuro.net\/es\/#website"},"primaryImageOfPage":{"@id":"https:\/\/www.vilademuro.net\/es\/encuesta-elaboracion-iii-plan-de-igualdad-del-municipio\/#primaryimage"},"image":{"@id":"https:\/\/www.vilademuro.net\/es\/encuesta-elaboracion-iii-plan-de-igualdad-del-municipio\/#primaryimage"},"thumbnailUrl":"https:\/\/www.vilademuro.net\/wp-content\/uploads\/2024\/07\/images.png","datePublished":"2024-07-15T07:10:19+00:00","dateModified":"2024-07-18T09:26:32+00:00","breadcrumb":{"@id":"https:\/\/www.vilademuro.net\/es\/encuesta-elaboracion-iii-plan-de-igualdad-del-municipio\/#breadcrumb"},"inLanguage":"es","potentialAction":[{"@type":"ReadAction","target":["https:\/\/www.vilademuro.net\/es\/encuesta-elaboracion-iii-plan-de-igualdad-del-municipio\/"]}]},{"@type":"ImageObject","inLanguage":"es","@id":"https:\/\/www.vilademuro.net\/es\/encuesta-elaboracion-iii-plan-de-igualdad-del-municipio\/#primaryimage","url":"https:\/\/www.vilademuro.net\/wp-content\/uploads\/2024\/07\/images.png","contentUrl":"https:\/\/www.vilademuro.net\/wp-content\/uploads\/2024\/07\/images.png","width":253,"height":199},{"@type":"BreadcrumbList","@id":"https:\/\/www.vilademuro.net\/es\/encuesta-elaboracion-iii-plan-de-igualdad-del-municipio\/#breadcrumb","itemListElement":[{"@type":"ListItem","position":1,"name":"Inici","item":"https:\/\/www.vilademuro.net\/es\/"},{"@type":"ListItem","position":2,"name":"Encuesta elaboraci\u00f3n III Plan de Igualdad del Municipio"}]},{"@type":"WebSite","@id":"https:\/\/www.vilademuro.net\/es\/#website","url":"https:\/\/www.vilademuro.net\/es\/","name":"Ajuntament de Muro d'Alcoi","description":"P\u00e1gina web oficial de l&#039;Ajuntament de Muro","publisher":{"@id":"https:\/\/www.vilademuro.net\/es\/#organization"},"potentialAction":[{"@type":"SearchAction","target":{"@type":"EntryPoint","urlTemplate":"https:\/\/www.vilademuro.net\/es\/?s={search_term_string}"},"query-input":{"@type":"PropertyValueSpecification","valueRequired":true,"valueName":"search_term_string"}}],"inLanguage":"es"},{"@type":"Organization","@id":"https:\/\/www.vilademuro.net\/es\/#organization","name":"Ajuntament de Muro","url":"https:\/\/www.vilademuro.net\/es\/","logo":{"@type":"ImageObject","inLanguage":"es","@id":"https:\/\/www.vilademuro.net\/es\/#\/schema\/logo\/image\/","url":"https:\/\/www.vilademuro.net\/wp-content\/uploads\/2022\/10\/LOGO3-2.jpg","contentUrl":"https:\/\/www.vilademuro.net\/wp-content\/uploads\/2022\/10\/LOGO3-2.jpg","width":756,"height":517,"caption":"Ajuntament de Muro"},"image":{"@id":"https:\/\/www.vilademuro.net\/es\/#\/schema\/logo\/image\/"},"sameAs":["https:\/\/www.facebook.com\/murodealcoy","https:\/\/x.com\/AjuntamentMuro","https:\/\/www.youtube.com\/channel\/UC2rwbKfRqsd1Ncwm6Y1prQw"]},{"@type":"Person","@id":"https:\/\/www.vilademuro.net\/es\/#\/schema\/person\/32278b306d256265c7eb890504bfe022","name":"Llum Jorda","image":{"@type":"ImageObject","inLanguage":"es","@id":"https:\/\/www.vilademuro.net\/es\/#\/schema\/person\/image\/","url":"https:\/\/secure.gravatar.com\/avatar\/aa23b1f3ba6619a2b9f652a33c488e17808ad4a3fc142aaa58bd80a4478f6013?s=96&d=mm&r=g","contentUrl":"https:\/\/secure.gravatar.com\/avatar\/aa23b1f3ba6619a2b9f652a33c488e17808ad4a3fc142aaa58bd80a4478f6013?s=96&d=mm&r=g","caption":"Llum Jorda"},"sameAs":["https:\/\/Serveis%20socials"]}]}},"_links":{"self":[{"href":"https:\/\/www.vilademuro.net\/es\/wp-json\/wp\/v2\/posts\/53051","targetHints":{"allow":["GET"]}}],"collection":[{"href":"https:\/\/www.vilademuro.net\/es\/wp-json\/wp\/v2\/posts"}],"about":[{"href":"https:\/\/www.vilademuro.net\/es\/wp-json\/wp\/v2\/types\/post"}],"author":[{"embeddable":true,"href":"https:\/\/www.vilademuro.net\/es\/wp-json\/wp\/v2\/users\/18"}],"replies":[{"embeddable":true,"href":"https:\/\/www.vilademuro.net\/es\/wp-json\/wp\/v2\/comments?post=53051"}],"version-history":[{"count":0,"href":"https:\/\/www.vilademuro.net\/es\/wp-json\/wp\/v2\/posts\/53051\/revisions"}],"wp:featuredmedia":[{"embeddable":true,"href":"https:\/\/www.vilademuro.net\/es\/wp-json\/wp\/v2\/media\/53046"}],"wp:attachment":[{"href":"https:\/\/www.vilademuro.net\/es\/wp-json\/wp\/v2\/media?parent=53051"}],"wp:term":[{"taxonomy":"category","embeddable":true,"href":"https:\/\/www.vilademuro.net\/es\/wp-json\/wp\/v2\/categories?post=53051"},{"taxonomy":"post_tag","embeddable":true,"href":"https:\/\/www.vilademuro.net\/es\/wp-json\/wp\/v2\/tags?post=53051"}],"curies":[{"name":"wp","href":"https:\/\/api.w.org\/{rel}","templated":true}]}}