{"id":52899,"date":"2024-06-19T14:30:05","date_gmt":"2024-06-19T12:30:05","guid":{"rendered":"https:\/\/www.vilademuro.net\/convocatoria-de-subvenciones-en-concurrencia-competitiva-a-actividades-de-promocion-y-dinamizacion-del-sector-comercial-e-industrial-en-el-municipio-de-muro-de-alcoy-anualidad-2024\/"},"modified":"2024-06-19T14:30:05","modified_gmt":"2024-06-19T12:30:05","slug":"convocatoria-de-subvenciones-en-concurrencia-competitiva-a-actividades-de-promocion-y-dinamizacion-del-sector-comercial-e-industrial-en-el-municipio-de-muro-de-alcoy-anualidad-2024","status":"publish","type":"post","link":"https:\/\/www.vilademuro.net\/es\/convocatoria-de-subvenciones-en-concurrencia-competitiva-a-actividades-de-promocion-y-dinamizacion-del-sector-comercial-e-industrial-en-el-municipio-de-muro-de-alcoy-anualidad-2024\/","title":{"rendered":"CONVOCATORIA DE SUBVENCIONES EN CONCURRENCIA COMPETITIVA A ACTIVIDADES DE PROMOCI\u00d3N Y DINAMIZACI\u00d3N DEL SECTOR COMERCIAL E INDUSTRIAL EN EL MUNICIPIO DE MURO DE ALCOY, ANUALIDAD 2024."},"content":{"rendered":"<p>Hoy se publica el extracto de la Resoluci\u00f3n 2024-0750 de 12 de junio de 2024 de acuerdo de la Convocatoria de Subvenciones en concurrencia competitiva a actividades de promoci\u00f3n y dinamizaci\u00f3n del sector comercial e industrial en el municipio de Muro de Alcoy, anualidad 2024.<\/p>\n<p>Beneficiarios:<br \/>\nPodr\u00e1n ser beneficiarios de las subvenciones que aqu\u00ed se convocan todas aquellas entidades y asociaciones sin \u00e1nimo de lucro dentro del \u00e1mbito y sectores a los que se refiere la presente convocatoria, sector comercial, hosteler\u00eda e industrial de la localidad, y que deber\u00e1n cumplir preceptivamente los siguientes requisitos:<br \/>\n\u2022 Ser entidades o asociaciones sin \u00e1nimo de lucro, legalmente constituidas e inscritas en el Registro Municipal de Asociaciones, con sede en Muro, y que desarrollen sus actividades principalmente en el municipio.<br \/>\n\u2022 Excepcionalmente, se podr\u00e1 subvencionar asociaciones ben\u00e9ficas que estando inscritas en el Registro Municipal de Asociaciones de Muro, cuyo \u00e1mbito principal de actuaci\u00f3n no sea dicha poblaci\u00f3n. Para ello, sus acciones deben repercutir sobre un importante n\u00famero de personas empadronadas en la poblaci\u00f3n, o que su sede social radique en Muro y su junta directiva y mayor\u00eda de asociados est\u00e9 compuesta mayoritariamente por personal empadronado en el municipio.<br \/>\n\u2022 No haber sido sancionado mediante resoluci\u00f3n firme con la p\u00e9rdida de la posibilidad de obtener subvenciones de acuerdo con \u00e9sta u otras leyes que as\u00ed lo establezcan.<br \/>\n\u2022 Estar al corriente de las obligaciones de pago y tributarias con Hacienda y la Seguridad Social, as\u00ed como haber procedido al reintegro de subvenciones pasadas en caso de que procediera.<br \/>\n\u2022 No tener deudas en per\u00edodo ejecutivo de pago con el Ayuntamiento de Muro, salvo que \u00e9stas estuvieran debidamente garantizadas.<br \/>\n\u2022 No podr\u00e1n tener la condici\u00f3n de beneficiarios las entidades en las que concurra alguna de las circunstancias previstas en el art\u00edculo 13.2 y 13.3 de la Ley 38\/2003, general de subvenciones. <br \/>\nLos datos aportados podr\u00e1n ser objeto de cesi\u00f3n a la Base de Datos Nacional de Subvenciones, as\u00ed mismo podr\u00edan aportarse a otras entidades p\u00fablicas a efectos de comprobar su veracidad y la correcta aplicaci\u00f3n de la cantidad subvencionada.<\/p>\n<p>Objeto.<br \/>\n\u2022 La presente convocatoria tiene por objeto regular la concesi\u00f3n en concurrencia competitiva de las subvenciones contempladas en la L\u00ednea 5 de las bases espec\u00edficas, de ayudas para asociaciones profesionales para la promoci\u00f3n y dinamizaci\u00f3n del sector comercial e industrial de la localidad, anualidad 2023.<br \/>\n\u2022 La concesi\u00f3n de las subvenciones ser\u00e1 en r\u00e9gimen de concurrencia competitiva, seg\u00fan lo establecido en el art\u00edculo 22.1 de la ley 38\/2003, de 17 de noviembre, General de Subvenciones, y su gesti\u00f3n por los beneficiarios se realizar\u00e1 de acuerdo con los siguientes principios:<br \/>\na. Publicidad, transparencia, concurrencia, objetividad, igualdad y no discriminaci\u00f3n.<br \/>\nb. Eficacia en el cumplimiento de los objetivos.<br \/>\nc. Eficiencia en la asignaci\u00f3n y utilizaci\u00f3n de los recursos p\u00fablicos.<\/p>\n<p>Cuant\u00eda.<br \/>\nLa cuant\u00eda podr\u00e1 alcanzar el 75% de los gastos presentados. En ning\u00fan caso se subvencionar\u00e1 importe superior a los gastos presentados.<br \/>\nLas acciones susceptibles de percibir la subvenci\u00f3n regulada en esta convocatoria se financiar\u00e1 a cargo de la partida presupuestaria 43300 47902 habilitada a tal efecto en el Presupuesto municipal del Ayuntamiento de Muro de Alcoy con un cr\u00e9dito de TRES MIL EUROS (3.000,00 \u20ac).<\/p>\n<p>Plazo de presentaci\u00f3n de solicitudes.<br \/>\nEl plazo para presentar las solicitudes ser\u00e1 de UN MES a contar del d\u00eda siguiente al de la publicaci\u00f3n del extracto de la convocatoria en el Bolet\u00edn Oficial de la Provincia de Alicante.<\/p>\n<p>Conceptos subvencionables.<br \/>\n1. Se considerar\u00e1n gastos subvencionables aquellos que, de forma indudable, respondan a la naturaleza de la actividad subvencionada, resulten estrictamente necesarios y se realicen dentro del per\u00edodo establecido en la convocatoria. En particular, se subvencionar\u00e1:<br \/>\n\u2022 Costes relativos a la puesta en marcha del proyecto o actividades (gastos de transporte de material, montaje de exposiciones y espect\u00e1culos, organizaci\u00f3n, etc.).<br \/>\n\u2022 Gastos de suministros correspondientes a la adquisici\u00f3n de material necesario para la realizaci\u00f3n de las actividades (material de librer\u00eda, elaboraci\u00f3n de carteles, tr\u00edpticos, etc.).<br \/>\n\u2022 Gastos de publicidad e informaci\u00f3n en los medios de comunicaci\u00f3n.<br \/>\n\u2022 Gastos correspondientes a viajes y estancias (excluidos los gastos por comidas) cuando tengan relaci\u00f3n directa con las actividades subvencionadas.<br \/>\n\u2022 Por el contrario, s\u00ed quedar\u00e1n previstos entre los gastos subvencionables aquellos derivados de la adquisici\u00f3n por parte de la asociaci\u00f3n de alimentos\/refrescos asociados al desarrollo de una actividad subvencionada.<br \/>\n\u2022 Gastos de gestor\u00eda y\/o asesor\u00eda relacionados con la entidad o asociaci\u00f3n.<br \/>\n\u2022 Gastos del personal contratado por la entidad o asociaci\u00f3n (n\u00f3minas o seguros sociales).<br \/>\n\u2022 Gastos de arrendamientos y mantenimiento de las sedes sociales.<br \/>\n\u2022 Gastos relativos al uso de las sedes sociales (agua, luz, telefon\u00eda e internet).<br \/>\n2. Por el contrario, no se considerar\u00e1n gastos subvencionables en ning\u00fan caso:<br \/>\n\u2022 Los gastos de bienes o material inventariable, por lo general la adquisici\u00f3n de bienes destinados a la venta.<br \/>\n\u2022 Los intereses deudores de las cuentas bancarias.<br \/>\n\u2022 Tributos, multas, intereses, recargos, sanciones administrativas o penales.<br \/>\n\u2022 Gastos de procedimientos judiciales.<br \/>\n\u2022 Impuestos personales de renta.<br \/>\n\u2022 Los impuestos indirectos cuando sean susceptibles de recuperaci\u00f3n o compensaci\u00f3n. Concretamente, en cuanto al IVA \u00fanicamente ser\u00e1n gastos subvencionables aquellas cantidades abonadas por el beneficiario y que no sean deducible, puesto que si pudieran serlo, este impuesto ser\u00eda recuperable por el beneficiario, y el beneficiario deber\u00e1 justificarlo fehacientemente.<br \/>\n\u2022 Cualquier otro gasto no relacionado espec\u00edficamente con el proyecto o proyectos que se subvenciona.<br \/>\n\u2022 Los derivados de actividades que promuevan cualquier tipo de discriminaci\u00f3n por raz\u00f3n de raza, sexo, religi\u00f3n u opini\u00f3n.<br \/>\n3. Se considerar\u00e1n apoyables las actuaciones realizadas entre el 1 de noviembre de 2023 hasta el 31 de octubre de 2024.<\/p>\n<p>Justificaci\u00f3n de la subvenci\u00f3n.<br \/>\nLas justificaciones se har\u00e1n efectivas despu\u00e9s de presentar en el Registro del Ayuntamiento el anexo 10 junto con facturas y justificantes de los gastos realizados as\u00ed como justificantes del pago de los mismos en el ejercicio de la actividad o actividades subvencionadas y comprendidos entre el 1 de noviembre de 2022 hasta el 31 de octubre de 2023.<br \/>\nEl plazo de presentaci\u00f3n de la documentaci\u00f3n de justificaci\u00f3n ser\u00e1 el comprendido entre la notificaci\u00f3n de la subvenci\u00f3n concedida y el 31 de octubre de 2024.<\/p>\n<p><a href=\"https:\/\/www.vilademuro.net\/wp-content\/uploads\/2024\/06\/CONVOCATORIA-SUBVENCIONES-CC-LINEA-5.pdf\">BASES<\/a><br \/>\n<a href=\"https:\/\/www.vilademuro.net\/wp-content\/uploads\/2024\/06\/2024_004944.pdf\">EXTRACTO<\/a><br \/>\n<a href=\"https:\/\/www.vilademuro.net\/wp-content\/uploads\/2024\/06\/DECRETO-2024-0750-2024_06_12-DC_A_CONVOCATORIA-SUBVENCIONES-CC-LINEA-5.pdf\">DECRETO<\/a><br \/>\n<a href=\"https:\/\/www.vilademuro.net\/wp-content\/uploads\/2024\/06\/A1_SOL_CONVOCATORIA-SUBVENCIONES-CC-LINEA-5.odt\">SOLICITUD<\/a><br \/>\n<a href=\"https:\/\/www.vilademuro.net\/wp-content\/uploads\/2024\/06\/DOCUMENTOS-CONVOCATORIA-SUBVENCIONES-CC-LINEA-5.odt\">DOCUMENTOS<\/a><\/p>\n<p><img decoding=\"async\" src=\"https:\/\/www.vilademuro.net\/wp-content\/uploads\/2024\/06\/2024_CONSELLERIA-INNOVACIO-INDUSTRIA-COMERC-I-TURISME-OK.jpg\" \/><\/p>\n","protected":false},"excerpt":{"rendered":"<p>Hoy se publica el extracto de la Resoluci\u00f3n 2024-0750 de 12 de junio de 2024 de acuerdo de la Convocatoria de Subvenciones en concurrencia competitiva a actividades de promoci\u00f3n y [&hellip;]<\/p>\n","protected":false},"author":9,"featured_media":37897,"comment_status":"closed","ping_status":"closed","sticky":false,"template":"","format":"standard","meta":{"_et_pb_use_builder":"","_et_pb_old_content":"","_et_gb_content_width":"","footnotes":""},"categories":[50,63,110,151,51,49],"tags":[],"class_list":["post-52899","post","type-post","status-publish","format-standard","has-post-thumbnail","hentry","category-adl-es","category-areas","category-ayudas-y-subvenciones","category-comercio-local","category-destacat-es","category-noticias"],"yoast_head":"<!-- This site is optimized with the Yoast SEO plugin v27.1.1 - https:\/\/yoast.com\/product\/yoast-seo-wordpress\/ -->\n<title>CONVOCATORIA DE SUBVENCIONES EN CONCURRENCIA COMPETITIVA A ACTIVIDADES DE PROMOCI\u00d3N Y DINAMIZACI\u00d3N DEL SECTOR COMERCIAL E INDUSTRIAL EN EL MUNICIPIO DE MURO DE ALCOY, ANUALIDAD 2024. | Ajuntament de Muro<\/title>\n<meta name=\"robots\" content=\"index, follow, max-snippet:-1, max-image-preview:large, max-video-preview:-1\" \/>\n<link rel=\"canonical\" href=\"https:\/\/www.vilademuro.net\/es\/convocatoria-de-subvenciones-en-concurrencia-competitiva-a-actividades-de-promocion-y-dinamizacion-del-sector-comercial-e-industrial-en-el-municipio-de-muro-de-alcoy-anualidad-2024\/\" \/>\n<meta property=\"og:locale\" content=\"es_ES\" \/>\n<meta property=\"og:type\" content=\"article\" \/>\n<meta property=\"og:title\" content=\"CONVOCATORIA DE SUBVENCIONES EN CONCURRENCIA COMPETITIVA A ACTIVIDADES DE PROMOCI\u00d3N Y DINAMIZACI\u00d3N DEL SECTOR COMERCIAL E INDUSTRIAL EN EL MUNICIPIO DE MURO DE ALCOY, ANUALIDAD 2024. | Ajuntament de Muro\" \/>\n<meta property=\"og:description\" content=\"Hoy se publica el extracto de la Resoluci\u00f3n 2024-0750 de 12 de junio de 2024 de acuerdo de la Convocatoria de Subvenciones en concurrencia competitiva a actividades de promoci\u00f3n y [&hellip;]\" \/>\n<meta property=\"og:url\" content=\"https:\/\/www.vilademuro.net\/es\/convocatoria-de-subvenciones-en-concurrencia-competitiva-a-actividades-de-promocion-y-dinamizacion-del-sector-comercial-e-industrial-en-el-municipio-de-muro-de-alcoy-anualidad-2024\/\" \/>\n<meta property=\"og:site_name\" content=\"Ajuntament de Muro\" \/>\n<meta property=\"article:publisher\" content=\"https:\/\/www.facebook.com\/murodealcoy\" \/>\n<meta property=\"article:published_time\" content=\"2024-06-19T12:30:05+00:00\" \/>\n<meta property=\"og:image\" content=\"https:\/\/www.vilademuro.net\/wp-content\/uploads\/2020\/04\/logo-entrades-convocatoria-1.jpg\" \/>\n\t<meta property=\"og:image:width\" content=\"200\" \/>\n\t<meta property=\"og:image:height\" content=\"200\" \/>\n\t<meta property=\"og:image:type\" content=\"image\/jpeg\" \/>\n<meta name=\"author\" content=\"Manolo Moll\" \/>\n<meta name=\"twitter:card\" content=\"summary_large_image\" \/>\n<meta name=\"twitter:creator\" content=\"@AjuntamentMuro\" \/>\n<meta name=\"twitter:site\" content=\"@AjuntamentMuro\" \/>\n<meta name=\"twitter:label1\" content=\"Escrito por\" \/>\n\t<meta name=\"twitter:data1\" content=\"Manolo Moll\" \/>\n\t<meta name=\"twitter:label2\" content=\"Tiempo de lectura\" \/>\n\t<meta name=\"twitter:data2\" content=\"5 minutos\" \/>\n<script type=\"application\/ld+json\" class=\"yoast-schema-graph\">{\"@context\":\"https:\/\/schema.org\",\"@graph\":[{\"@type\":\"Article\",\"@id\":\"https:\/\/www.vilademuro.net\/es\/convocatoria-de-subvenciones-en-concurrencia-competitiva-a-actividades-de-promocion-y-dinamizacion-del-sector-comercial-e-industrial-en-el-municipio-de-muro-de-alcoy-anualidad-2024\/#article\",\"isPartOf\":{\"@id\":\"https:\/\/www.vilademuro.net\/es\/convocatoria-de-subvenciones-en-concurrencia-competitiva-a-actividades-de-promocion-y-dinamizacion-del-sector-comercial-e-industrial-en-el-municipio-de-muro-de-alcoy-anualidad-2024\/\"},\"author\":{\"name\":\"Manolo Moll\",\"@id\":\"https:\/\/www.vilademuro.net\/es\/#\/schema\/person\/a42e266ef9e9ced94f63a10cae995cb3\"},\"headline\":\"CONVOCATORIA DE SUBVENCIONES EN CONCURRENCIA COMPETITIVA A ACTIVIDADES DE PROMOCI\u00d3N Y DINAMIZACI\u00d3N DEL SECTOR COMERCIAL E INDUSTRIAL EN EL MUNICIPIO DE MURO DE ALCOY, ANUALIDAD 2024.\",\"datePublished\":\"2024-06-19T12:30:05+00:00\",\"mainEntityOfPage\":{\"@id\":\"https:\/\/www.vilademuro.net\/es\/convocatoria-de-subvenciones-en-concurrencia-competitiva-a-actividades-de-promocion-y-dinamizacion-del-sector-comercial-e-industrial-en-el-municipio-de-muro-de-alcoy-anualidad-2024\/\"},\"wordCount\":1080,\"publisher\":{\"@id\":\"https:\/\/www.vilademuro.net\/es\/#organization\"},\"image\":{\"@id\":\"https:\/\/www.vilademuro.net\/es\/convocatoria-de-subvenciones-en-concurrencia-competitiva-a-actividades-de-promocion-y-dinamizacion-del-sector-comercial-e-industrial-en-el-municipio-de-muro-de-alcoy-anualidad-2024\/#primaryimage\"},\"thumbnailUrl\":\"https:\/\/www.vilademuro.net\/wp-content\/uploads\/2020\/04\/logo-entrades-convocatoria-1.jpg\",\"articleSection\":[\"ADL\",\"\u00c1reas\",\"Ayudas y subvenciones\",\"Comercio local\",\"Destacat\",\"Noticias\"],\"inLanguage\":\"es\"},{\"@type\":\"WebPage\",\"@id\":\"https:\/\/www.vilademuro.net\/es\/convocatoria-de-subvenciones-en-concurrencia-competitiva-a-actividades-de-promocion-y-dinamizacion-del-sector-comercial-e-industrial-en-el-municipio-de-muro-de-alcoy-anualidad-2024\/\",\"url\":\"https:\/\/www.vilademuro.net\/es\/convocatoria-de-subvenciones-en-concurrencia-competitiva-a-actividades-de-promocion-y-dinamizacion-del-sector-comercial-e-industrial-en-el-municipio-de-muro-de-alcoy-anualidad-2024\/\",\"name\":\"CONVOCATORIA DE SUBVENCIONES EN CONCURRENCIA COMPETITIVA A ACTIVIDADES DE PROMOCI\u00d3N Y DINAMIZACI\u00d3N DEL SECTOR COMERCIAL E INDUSTRIAL EN EL MUNICIPIO DE MURO DE ALCOY, ANUALIDAD 2024. | Ajuntament de Muro\",\"isPartOf\":{\"@id\":\"https:\/\/www.vilademuro.net\/es\/#website\"},\"primaryImageOfPage\":{\"@id\":\"https:\/\/www.vilademuro.net\/es\/convocatoria-de-subvenciones-en-concurrencia-competitiva-a-actividades-de-promocion-y-dinamizacion-del-sector-comercial-e-industrial-en-el-municipio-de-muro-de-alcoy-anualidad-2024\/#primaryimage\"},\"image\":{\"@id\":\"https:\/\/www.vilademuro.net\/es\/convocatoria-de-subvenciones-en-concurrencia-competitiva-a-actividades-de-promocion-y-dinamizacion-del-sector-comercial-e-industrial-en-el-municipio-de-muro-de-alcoy-anualidad-2024\/#primaryimage\"},\"thumbnailUrl\":\"https:\/\/www.vilademuro.net\/wp-content\/uploads\/2020\/04\/logo-entrades-convocatoria-1.jpg\",\"datePublished\":\"2024-06-19T12:30:05+00:00\",\"breadcrumb\":{\"@id\":\"https:\/\/www.vilademuro.net\/es\/convocatoria-de-subvenciones-en-concurrencia-competitiva-a-actividades-de-promocion-y-dinamizacion-del-sector-comercial-e-industrial-en-el-municipio-de-muro-de-alcoy-anualidad-2024\/#breadcrumb\"},\"inLanguage\":\"es\",\"potentialAction\":[{\"@type\":\"ReadAction\",\"target\":[\"https:\/\/www.vilademuro.net\/es\/convocatoria-de-subvenciones-en-concurrencia-competitiva-a-actividades-de-promocion-y-dinamizacion-del-sector-comercial-e-industrial-en-el-municipio-de-muro-de-alcoy-anualidad-2024\/\"]}]},{\"@type\":\"ImageObject\",\"inLanguage\":\"es\",\"@id\":\"https:\/\/www.vilademuro.net\/es\/convocatoria-de-subvenciones-en-concurrencia-competitiva-a-actividades-de-promocion-y-dinamizacion-del-sector-comercial-e-industrial-en-el-municipio-de-muro-de-alcoy-anualidad-2024\/#primaryimage\",\"url\":\"https:\/\/www.vilademuro.net\/wp-content\/uploads\/2020\/04\/logo-entrades-convocatoria-1.jpg\",\"contentUrl\":\"https:\/\/www.vilademuro.net\/wp-content\/uploads\/2020\/04\/logo-entrades-convocatoria-1.jpg\",\"width\":200,\"height\":200},{\"@type\":\"BreadcrumbList\",\"@id\":\"https:\/\/www.vilademuro.net\/es\/convocatoria-de-subvenciones-en-concurrencia-competitiva-a-actividades-de-promocion-y-dinamizacion-del-sector-comercial-e-industrial-en-el-municipio-de-muro-de-alcoy-anualidad-2024\/#breadcrumb\",\"itemListElement\":[{\"@type\":\"ListItem\",\"position\":1,\"name\":\"Inici\",\"item\":\"https:\/\/www.vilademuro.net\/es\/\"},{\"@type\":\"ListItem\",\"position\":2,\"name\":\"CONVOCATORIA DE SUBVENCIONES EN CONCURRENCIA COMPETITIVA A ACTIVIDADES DE PROMOCI\u00d3N Y DINAMIZACI\u00d3N DEL SECTOR COMERCIAL E INDUSTRIAL EN EL MUNICIPIO DE MURO DE ALCOY, ANUALIDAD 2024.\"}]},{\"@type\":\"WebSite\",\"@id\":\"https:\/\/www.vilademuro.net\/es\/#website\",\"url\":\"https:\/\/www.vilademuro.net\/es\/\",\"name\":\"Ajuntament de Muro d'Alcoi\",\"description\":\"P\u00e1gina web oficial de l&#039;Ajuntament de Muro\",\"publisher\":{\"@id\":\"https:\/\/www.vilademuro.net\/es\/#organization\"},\"potentialAction\":[{\"@type\":\"SearchAction\",\"target\":{\"@type\":\"EntryPoint\",\"urlTemplate\":\"https:\/\/www.vilademuro.net\/es\/?s={search_term_string}\"},\"query-input\":{\"@type\":\"PropertyValueSpecification\",\"valueRequired\":true,\"valueName\":\"search_term_string\"}}],\"inLanguage\":\"es\"},{\"@type\":\"Organization\",\"@id\":\"https:\/\/www.vilademuro.net\/es\/#organization\",\"name\":\"Ajuntament de Muro\",\"url\":\"https:\/\/www.vilademuro.net\/es\/\",\"logo\":{\"@type\":\"ImageObject\",\"inLanguage\":\"es\",\"@id\":\"https:\/\/www.vilademuro.net\/es\/#\/schema\/logo\/image\/\",\"url\":\"https:\/\/www.vilademuro.net\/wp-content\/uploads\/2022\/10\/LOGO3-2.jpg\",\"contentUrl\":\"https:\/\/www.vilademuro.net\/wp-content\/uploads\/2022\/10\/LOGO3-2.jpg\",\"width\":756,\"height\":517,\"caption\":\"Ajuntament de Muro\"},\"image\":{\"@id\":\"https:\/\/www.vilademuro.net\/es\/#\/schema\/logo\/image\/\"},\"sameAs\":[\"https:\/\/www.facebook.com\/murodealcoy\",\"https:\/\/x.com\/AjuntamentMuro\",\"https:\/\/www.youtube.com\/channel\/UC2rwbKfRqsd1Ncwm6Y1prQw\"]},{\"@type\":\"Person\",\"@id\":\"https:\/\/www.vilademuro.net\/es\/#\/schema\/person\/a42e266ef9e9ced94f63a10cae995cb3\",\"name\":\"Manolo Moll\",\"image\":{\"@type\":\"ImageObject\",\"inLanguage\":\"es\",\"@id\":\"https:\/\/www.vilademuro.net\/es\/#\/schema\/person\/image\/\",\"url\":\"https:\/\/secure.gravatar.com\/avatar\/a3221566d53d0f1136f8c6f2cfcd2956c691deadb08d33bb4b275a4da7bd7260?s=96&d=mm&r=g\",\"contentUrl\":\"https:\/\/secure.gravatar.com\/avatar\/a3221566d53d0f1136f8c6f2cfcd2956c691deadb08d33bb4b275a4da7bd7260?s=96&d=mm&r=g\",\"caption\":\"Manolo Moll\"}}]}<\/script>\n<!-- \/ Yoast SEO plugin. -->","yoast_head_json":{"title":"CONVOCATORIA DE SUBVENCIONES EN CONCURRENCIA COMPETITIVA A ACTIVIDADES DE PROMOCI\u00d3N Y DINAMIZACI\u00d3N DEL SECTOR COMERCIAL E INDUSTRIAL EN EL MUNICIPIO DE MURO DE ALCOY, ANUALIDAD 2024. | Ajuntament de Muro","robots":{"index":"index","follow":"follow","max-snippet":"max-snippet:-1","max-image-preview":"max-image-preview:large","max-video-preview":"max-video-preview:-1"},"canonical":"https:\/\/www.vilademuro.net\/es\/convocatoria-de-subvenciones-en-concurrencia-competitiva-a-actividades-de-promocion-y-dinamizacion-del-sector-comercial-e-industrial-en-el-municipio-de-muro-de-alcoy-anualidad-2024\/","og_locale":"es_ES","og_type":"article","og_title":"CONVOCATORIA DE SUBVENCIONES EN CONCURRENCIA COMPETITIVA A ACTIVIDADES DE PROMOCI\u00d3N Y DINAMIZACI\u00d3N DEL SECTOR COMERCIAL E INDUSTRIAL EN EL MUNICIPIO DE MURO DE ALCOY, ANUALIDAD 2024. | Ajuntament de Muro","og_description":"Hoy se publica el extracto de la Resoluci\u00f3n 2024-0750 de 12 de junio de 2024 de acuerdo de la Convocatoria de Subvenciones en concurrencia competitiva a actividades de promoci\u00f3n y [&hellip;]","og_url":"https:\/\/www.vilademuro.net\/es\/convocatoria-de-subvenciones-en-concurrencia-competitiva-a-actividades-de-promocion-y-dinamizacion-del-sector-comercial-e-industrial-en-el-municipio-de-muro-de-alcoy-anualidad-2024\/","og_site_name":"Ajuntament de Muro","article_publisher":"https:\/\/www.facebook.com\/murodealcoy","article_published_time":"2024-06-19T12:30:05+00:00","og_image":[{"width":200,"height":200,"url":"https:\/\/www.vilademuro.net\/wp-content\/uploads\/2020\/04\/logo-entrades-convocatoria-1.jpg","type":"image\/jpeg"}],"author":"Manolo Moll","twitter_card":"summary_large_image","twitter_creator":"@AjuntamentMuro","twitter_site":"@AjuntamentMuro","twitter_misc":{"Escrito por":"Manolo Moll","Tiempo de lectura":"5 minutos"},"schema":{"@context":"https:\/\/schema.org","@graph":[{"@type":"Article","@id":"https:\/\/www.vilademuro.net\/es\/convocatoria-de-subvenciones-en-concurrencia-competitiva-a-actividades-de-promocion-y-dinamizacion-del-sector-comercial-e-industrial-en-el-municipio-de-muro-de-alcoy-anualidad-2024\/#article","isPartOf":{"@id":"https:\/\/www.vilademuro.net\/es\/convocatoria-de-subvenciones-en-concurrencia-competitiva-a-actividades-de-promocion-y-dinamizacion-del-sector-comercial-e-industrial-en-el-municipio-de-muro-de-alcoy-anualidad-2024\/"},"author":{"name":"Manolo Moll","@id":"https:\/\/www.vilademuro.net\/es\/#\/schema\/person\/a42e266ef9e9ced94f63a10cae995cb3"},"headline":"CONVOCATORIA DE SUBVENCIONES EN CONCURRENCIA COMPETITIVA A ACTIVIDADES DE PROMOCI\u00d3N Y DINAMIZACI\u00d3N DEL SECTOR COMERCIAL E INDUSTRIAL EN EL MUNICIPIO DE MURO DE ALCOY, ANUALIDAD 2024.","datePublished":"2024-06-19T12:30:05+00:00","mainEntityOfPage":{"@id":"https:\/\/www.vilademuro.net\/es\/convocatoria-de-subvenciones-en-concurrencia-competitiva-a-actividades-de-promocion-y-dinamizacion-del-sector-comercial-e-industrial-en-el-municipio-de-muro-de-alcoy-anualidad-2024\/"},"wordCount":1080,"publisher":{"@id":"https:\/\/www.vilademuro.net\/es\/#organization"},"image":{"@id":"https:\/\/www.vilademuro.net\/es\/convocatoria-de-subvenciones-en-concurrencia-competitiva-a-actividades-de-promocion-y-dinamizacion-del-sector-comercial-e-industrial-en-el-municipio-de-muro-de-alcoy-anualidad-2024\/#primaryimage"},"thumbnailUrl":"https:\/\/www.vilademuro.net\/wp-content\/uploads\/2020\/04\/logo-entrades-convocatoria-1.jpg","articleSection":["ADL","\u00c1reas","Ayudas y subvenciones","Comercio local","Destacat","Noticias"],"inLanguage":"es"},{"@type":"WebPage","@id":"https:\/\/www.vilademuro.net\/es\/convocatoria-de-subvenciones-en-concurrencia-competitiva-a-actividades-de-promocion-y-dinamizacion-del-sector-comercial-e-industrial-en-el-municipio-de-muro-de-alcoy-anualidad-2024\/","url":"https:\/\/www.vilademuro.net\/es\/convocatoria-de-subvenciones-en-concurrencia-competitiva-a-actividades-de-promocion-y-dinamizacion-del-sector-comercial-e-industrial-en-el-municipio-de-muro-de-alcoy-anualidad-2024\/","name":"CONVOCATORIA DE SUBVENCIONES EN CONCURRENCIA COMPETITIVA A ACTIVIDADES DE PROMOCI\u00d3N Y DINAMIZACI\u00d3N DEL SECTOR COMERCIAL E INDUSTRIAL EN EL MUNICIPIO DE MURO DE ALCOY, ANUALIDAD 2024. | Ajuntament de Muro","isPartOf":{"@id":"https:\/\/www.vilademuro.net\/es\/#website"},"primaryImageOfPage":{"@id":"https:\/\/www.vilademuro.net\/es\/convocatoria-de-subvenciones-en-concurrencia-competitiva-a-actividades-de-promocion-y-dinamizacion-del-sector-comercial-e-industrial-en-el-municipio-de-muro-de-alcoy-anualidad-2024\/#primaryimage"},"image":{"@id":"https:\/\/www.vilademuro.net\/es\/convocatoria-de-subvenciones-en-concurrencia-competitiva-a-actividades-de-promocion-y-dinamizacion-del-sector-comercial-e-industrial-en-el-municipio-de-muro-de-alcoy-anualidad-2024\/#primaryimage"},"thumbnailUrl":"https:\/\/www.vilademuro.net\/wp-content\/uploads\/2020\/04\/logo-entrades-convocatoria-1.jpg","datePublished":"2024-06-19T12:30:05+00:00","breadcrumb":{"@id":"https:\/\/www.vilademuro.net\/es\/convocatoria-de-subvenciones-en-concurrencia-competitiva-a-actividades-de-promocion-y-dinamizacion-del-sector-comercial-e-industrial-en-el-municipio-de-muro-de-alcoy-anualidad-2024\/#breadcrumb"},"inLanguage":"es","potentialAction":[{"@type":"ReadAction","target":["https:\/\/www.vilademuro.net\/es\/convocatoria-de-subvenciones-en-concurrencia-competitiva-a-actividades-de-promocion-y-dinamizacion-del-sector-comercial-e-industrial-en-el-municipio-de-muro-de-alcoy-anualidad-2024\/"]}]},{"@type":"ImageObject","inLanguage":"es","@id":"https:\/\/www.vilademuro.net\/es\/convocatoria-de-subvenciones-en-concurrencia-competitiva-a-actividades-de-promocion-y-dinamizacion-del-sector-comercial-e-industrial-en-el-municipio-de-muro-de-alcoy-anualidad-2024\/#primaryimage","url":"https:\/\/www.vilademuro.net\/wp-content\/uploads\/2020\/04\/logo-entrades-convocatoria-1.jpg","contentUrl":"https:\/\/www.vilademuro.net\/wp-content\/uploads\/2020\/04\/logo-entrades-convocatoria-1.jpg","width":200,"height":200},{"@type":"BreadcrumbList","@id":"https:\/\/www.vilademuro.net\/es\/convocatoria-de-subvenciones-en-concurrencia-competitiva-a-actividades-de-promocion-y-dinamizacion-del-sector-comercial-e-industrial-en-el-municipio-de-muro-de-alcoy-anualidad-2024\/#breadcrumb","itemListElement":[{"@type":"ListItem","position":1,"name":"Inici","item":"https:\/\/www.vilademuro.net\/es\/"},{"@type":"ListItem","position":2,"name":"CONVOCATORIA DE SUBVENCIONES EN CONCURRENCIA COMPETITIVA A ACTIVIDADES DE PROMOCI\u00d3N Y DINAMIZACI\u00d3N DEL SECTOR COMERCIAL E INDUSTRIAL EN EL MUNICIPIO DE MURO DE ALCOY, ANUALIDAD 2024."}]},{"@type":"WebSite","@id":"https:\/\/www.vilademuro.net\/es\/#website","url":"https:\/\/www.vilademuro.net\/es\/","name":"Ajuntament de Muro d'Alcoi","description":"P\u00e1gina web oficial de l&#039;Ajuntament de Muro","publisher":{"@id":"https:\/\/www.vilademuro.net\/es\/#organization"},"potentialAction":[{"@type":"SearchAction","target":{"@type":"EntryPoint","urlTemplate":"https:\/\/www.vilademuro.net\/es\/?s={search_term_string}"},"query-input":{"@type":"PropertyValueSpecification","valueRequired":true,"valueName":"search_term_string"}}],"inLanguage":"es"},{"@type":"Organization","@id":"https:\/\/www.vilademuro.net\/es\/#organization","name":"Ajuntament de Muro","url":"https:\/\/www.vilademuro.net\/es\/","logo":{"@type":"ImageObject","inLanguage":"es","@id":"https:\/\/www.vilademuro.net\/es\/#\/schema\/logo\/image\/","url":"https:\/\/www.vilademuro.net\/wp-content\/uploads\/2022\/10\/LOGO3-2.jpg","contentUrl":"https:\/\/www.vilademuro.net\/wp-content\/uploads\/2022\/10\/LOGO3-2.jpg","width":756,"height":517,"caption":"Ajuntament de Muro"},"image":{"@id":"https:\/\/www.vilademuro.net\/es\/#\/schema\/logo\/image\/"},"sameAs":["https:\/\/www.facebook.com\/murodealcoy","https:\/\/x.com\/AjuntamentMuro","https:\/\/www.youtube.com\/channel\/UC2rwbKfRqsd1Ncwm6Y1prQw"]},{"@type":"Person","@id":"https:\/\/www.vilademuro.net\/es\/#\/schema\/person\/a42e266ef9e9ced94f63a10cae995cb3","name":"Manolo Moll","image":{"@type":"ImageObject","inLanguage":"es","@id":"https:\/\/www.vilademuro.net\/es\/#\/schema\/person\/image\/","url":"https:\/\/secure.gravatar.com\/avatar\/a3221566d53d0f1136f8c6f2cfcd2956c691deadb08d33bb4b275a4da7bd7260?s=96&d=mm&r=g","contentUrl":"https:\/\/secure.gravatar.com\/avatar\/a3221566d53d0f1136f8c6f2cfcd2956c691deadb08d33bb4b275a4da7bd7260?s=96&d=mm&r=g","caption":"Manolo Moll"}}]}},"_links":{"self":[{"href":"https:\/\/www.vilademuro.net\/es\/wp-json\/wp\/v2\/posts\/52899","targetHints":{"allow":["GET"]}}],"collection":[{"href":"https:\/\/www.vilademuro.net\/es\/wp-json\/wp\/v2\/posts"}],"about":[{"href":"https:\/\/www.vilademuro.net\/es\/wp-json\/wp\/v2\/types\/post"}],"author":[{"embeddable":true,"href":"https:\/\/www.vilademuro.net\/es\/wp-json\/wp\/v2\/users\/9"}],"replies":[{"embeddable":true,"href":"https:\/\/www.vilademuro.net\/es\/wp-json\/wp\/v2\/comments?post=52899"}],"version-history":[{"count":0,"href":"https:\/\/www.vilademuro.net\/es\/wp-json\/wp\/v2\/posts\/52899\/revisions"}],"wp:featuredmedia":[{"embeddable":true,"href":"https:\/\/www.vilademuro.net\/es\/wp-json\/wp\/v2\/media\/37897"}],"wp:attachment":[{"href":"https:\/\/www.vilademuro.net\/es\/wp-json\/wp\/v2\/media?parent=52899"}],"wp:term":[{"taxonomy":"category","embeddable":true,"href":"https:\/\/www.vilademuro.net\/es\/wp-json\/wp\/v2\/categories?post=52899"},{"taxonomy":"post_tag","embeddable":true,"href":"https:\/\/www.vilademuro.net\/es\/wp-json\/wp\/v2\/tags?post=52899"}],"curies":[{"name":"wp","href":"https:\/\/api.w.org\/{rel}","templated":true}]}}