{"id":52806,"date":"2024-06-07T13:56:16","date_gmt":"2024-06-07T11:56:16","guid":{"rendered":"https:\/\/www.vilademuro.net\/inicio-de-la-convocatoria-de-adhesion-de-establecimientos-para-la-proxima-campana-del-buen-comercio-2024\/"},"modified":"2024-06-07T14:17:55","modified_gmt":"2024-06-07T12:17:55","slug":"inicio-de-la-convocatoria-de-adhesion-de-establecimientos-para-la-proxima-campana-del-buen-comercio-2024","status":"publish","type":"post","link":"https:\/\/www.vilademuro.net\/es\/inicio-de-la-convocatoria-de-adhesion-de-establecimientos-para-la-proxima-campana-del-buen-comercio-2024\/","title":{"rendered":"Inicio de la convocatoria de adhesi\u00f3n de establecimientos para la pr\u00f3xima campa\u00f1a del Buen Comercio 2024."},"content":{"rendered":"<p>Los establecimientos que cumplan los requisitos indicados en el Anexo IV, y tengan la actividad en Muro de Alcoy, podr\u00e1n realizar su adhesi\u00f3n a esta campa\u00f1a desde el d\u00eda 7 de junio hasta el d\u00eda 6 de octubre de 2024.<br \/>\nLa campa\u00f1a consistir\u00e1 en la puesta en circulaci\u00f3n de bonos de consumo de diferentes precios (10, 20, 50 y 100 euros) gestionados mediante soporte electr\u00f3nico en plataforma que se podr\u00e1n gastar en cualquier establecimiento adherido a la campa\u00f1a.<br \/>\nLa campa\u00f1a est\u00e1 previsto que se inicie el 9 de septiembre y finalice el 6 de octubre.<\/p>\n<p><a href=\"https:\/\/www.vilademuro.net\/wp-content\/uploads\/2024\/06\/DECRETO-2024-0720-2024_06_06-DC_ADHESIONES-ESTABLECIMIENTOS-BONO-COMERCIO-2024.pdf\">DECRETO 2024-0720 [2024_06_06 DC_ADHESIONES ESTABLECIMIENTOS BONO-COMERCIO 2024]<\/a><br \/>\n<a href=\"https:\/\/www.vilademuro.net\/wp-content\/uploads\/2024\/06\/SOLICITUD_ADHESION-ESTABLECIMIENTO-BONO-COMERCIO-2024.odt\">SOLICITUD_ADHESION ESTABLECIMIENTO BONO-COMERCIO 2024<\/a><br \/>\n<a href=\"https:\/\/www.vilademuro.net\/wp-content\/uploads\/2024\/06\/SOLICITUD_ADHESION-ESTABLECIMIENTOS-ASOCIACION-BONO-COMERCIO-2024.odt\">SOLICITUD_ADHESION ESTABLECIMIENTOS ASOCIACION BONO-COMERCIO 2024<\/a><br \/>\n<a href=\"https:\/\/www.vilademuro.net\/wp-content\/uploads\/2024\/06\/A_III_ADHESION-ESTABLECIMIENTO-BONO-COMERCIO-2024.pdf\">A_III_ADHESION ESTABLECIMIENTO BONO-COMERCIO 2024<\/a><br \/>\n<a href=\"https:\/\/www.vilademuro.net\/wp-content\/uploads\/2024\/06\/A_IV_ADHESION-ESTABLECIMIENTO-BONO-COMERCIO-2024.pdf\">A_IV_ADHESION ESTABLECIMIENTO BONO-COMERCIO 2024<\/a><\/p>\n<p><img loading=\"lazy\" decoding=\"async\" class=\"alignnone size-full wp-image-52793\" src=\"https:\/\/www.vilademuro.net\/wp-content\/uploads\/2024\/06\/2024_CONSELLERIA-INNOVACIO-INDUSTRIA-COMERC-I-TURISME-OK.jpg\" alt=\"\" width=\"250\" height=\"143\" \/><\/p>\n","protected":false},"excerpt":{"rendered":"<p>Los establecimientos que cumplan los requisitos indicados en el Anexo IV, y tengan la actividad en Muro de Alcoy, podr\u00e1n realizar su adhesi\u00f3n a esta campa\u00f1a desde el d\u00eda 7 [&hellip;]<\/p>\n","protected":false},"author":9,"featured_media":37897,"comment_status":"closed","ping_status":"closed","sticky":false,"template":"","format":"standard","meta":{"_et_pb_use_builder":"","_et_pb_old_content":"","_et_gb_content_width":"","footnotes":""},"categories":[50,63,110,51,49],"tags":[],"class_list":["post-52806","post","type-post","status-publish","format-standard","has-post-thumbnail","hentry","category-adl-es","category-areas","category-ayudas-y-subvenciones","category-destacat-es","category-noticias"],"yoast_head":"<!-- This site is optimized with the Yoast SEO plugin v27.1.1 - https:\/\/yoast.com\/product\/yoast-seo-wordpress\/ -->\n<title>Inicio de la convocatoria de adhesi\u00f3n de establecimientos para la pr\u00f3xima campa\u00f1a del Buen Comercio 2024. | Ajuntament de Muro<\/title>\n<meta name=\"robots\" content=\"index, follow, max-snippet:-1, max-image-preview:large, max-video-preview:-1\" \/>\n<link rel=\"canonical\" href=\"https:\/\/www.vilademuro.net\/es\/inicio-de-la-convocatoria-de-adhesion-de-establecimientos-para-la-proxima-campana-del-buen-comercio-2024\/\" \/>\n<meta property=\"og:locale\" content=\"es_ES\" \/>\n<meta property=\"og:type\" content=\"article\" \/>\n<meta property=\"og:title\" content=\"Inicio de la convocatoria de adhesi\u00f3n de establecimientos para la pr\u00f3xima campa\u00f1a del Buen Comercio 2024. | Ajuntament de Muro\" \/>\n<meta property=\"og:description\" content=\"Los establecimientos que cumplan los requisitos indicados en el Anexo IV, y tengan la actividad en Muro de Alcoy, podr\u00e1n realizar su adhesi\u00f3n a esta campa\u00f1a desde el d\u00eda 7 [&hellip;]\" \/>\n<meta property=\"og:url\" content=\"https:\/\/www.vilademuro.net\/es\/inicio-de-la-convocatoria-de-adhesion-de-establecimientos-para-la-proxima-campana-del-buen-comercio-2024\/\" \/>\n<meta property=\"og:site_name\" content=\"Ajuntament de Muro\" \/>\n<meta property=\"article:publisher\" content=\"https:\/\/www.facebook.com\/murodealcoy\" \/>\n<meta property=\"article:published_time\" content=\"2024-06-07T11:56:16+00:00\" \/>\n<meta property=\"article:modified_time\" content=\"2024-06-07T12:17:55+00:00\" \/>\n<meta property=\"og:image\" content=\"https:\/\/www.vilademuro.net\/wp-content\/uploads\/2020\/04\/logo-entrades-convocatoria-1.jpg\" \/>\n\t<meta property=\"og:image:width\" content=\"200\" \/>\n\t<meta property=\"og:image:height\" content=\"200\" \/>\n\t<meta property=\"og:image:type\" content=\"image\/jpeg\" \/>\n<meta name=\"author\" content=\"Manolo Moll\" \/>\n<meta name=\"twitter:card\" content=\"summary_large_image\" \/>\n<meta name=\"twitter:creator\" content=\"@AjuntamentMuro\" \/>\n<meta name=\"twitter:site\" content=\"@AjuntamentMuro\" \/>\n<meta name=\"twitter:label1\" content=\"Escrito por\" \/>\n\t<meta name=\"twitter:data1\" content=\"Manolo Moll\" \/>\n\t<meta name=\"twitter:label2\" content=\"Tiempo de lectura\" \/>\n\t<meta name=\"twitter:data2\" content=\"2 minutos\" \/>\n<script type=\"application\/ld+json\" class=\"yoast-schema-graph\">{\"@context\":\"https:\/\/schema.org\",\"@graph\":[{\"@type\":\"Article\",\"@id\":\"https:\/\/www.vilademuro.net\/es\/inicio-de-la-convocatoria-de-adhesion-de-establecimientos-para-la-proxima-campana-del-buen-comercio-2024\/#article\",\"isPartOf\":{\"@id\":\"https:\/\/www.vilademuro.net\/es\/inicio-de-la-convocatoria-de-adhesion-de-establecimientos-para-la-proxima-campana-del-buen-comercio-2024\/\"},\"author\":{\"name\":\"Manolo Moll\",\"@id\":\"https:\/\/www.vilademuro.net\/es\/#\/schema\/person\/a42e266ef9e9ced94f63a10cae995cb3\"},\"headline\":\"Inicio de la convocatoria de adhesi\u00f3n de establecimientos para la pr\u00f3xima campa\u00f1a del Buen Comercio 2024.\",\"datePublished\":\"2024-06-07T11:56:16+00:00\",\"dateModified\":\"2024-06-07T12:17:55+00:00\",\"mainEntityOfPage\":{\"@id\":\"https:\/\/www.vilademuro.net\/es\/inicio-de-la-convocatoria-de-adhesion-de-establecimientos-para-la-proxima-campana-del-buen-comercio-2024\/\"},\"wordCount\":140,\"publisher\":{\"@id\":\"https:\/\/www.vilademuro.net\/es\/#organization\"},\"image\":{\"@id\":\"https:\/\/www.vilademuro.net\/es\/inicio-de-la-convocatoria-de-adhesion-de-establecimientos-para-la-proxima-campana-del-buen-comercio-2024\/#primaryimage\"},\"thumbnailUrl\":\"https:\/\/www.vilademuro.net\/wp-content\/uploads\/2020\/04\/logo-entrades-convocatoria-1.jpg\",\"articleSection\":[\"ADL\",\"\u00c1reas\",\"Ayudas y subvenciones\",\"Destacat\",\"Noticias\"],\"inLanguage\":\"es\"},{\"@type\":\"WebPage\",\"@id\":\"https:\/\/www.vilademuro.net\/es\/inicio-de-la-convocatoria-de-adhesion-de-establecimientos-para-la-proxima-campana-del-buen-comercio-2024\/\",\"url\":\"https:\/\/www.vilademuro.net\/es\/inicio-de-la-convocatoria-de-adhesion-de-establecimientos-para-la-proxima-campana-del-buen-comercio-2024\/\",\"name\":\"Inicio de la convocatoria de adhesi\u00f3n de establecimientos para la pr\u00f3xima campa\u00f1a del Buen Comercio 2024. | Ajuntament de Muro\",\"isPartOf\":{\"@id\":\"https:\/\/www.vilademuro.net\/es\/#website\"},\"primaryImageOfPage\":{\"@id\":\"https:\/\/www.vilademuro.net\/es\/inicio-de-la-convocatoria-de-adhesion-de-establecimientos-para-la-proxima-campana-del-buen-comercio-2024\/#primaryimage\"},\"image\":{\"@id\":\"https:\/\/www.vilademuro.net\/es\/inicio-de-la-convocatoria-de-adhesion-de-establecimientos-para-la-proxima-campana-del-buen-comercio-2024\/#primaryimage\"},\"thumbnailUrl\":\"https:\/\/www.vilademuro.net\/wp-content\/uploads\/2020\/04\/logo-entrades-convocatoria-1.jpg\",\"datePublished\":\"2024-06-07T11:56:16+00:00\",\"dateModified\":\"2024-06-07T12:17:55+00:00\",\"breadcrumb\":{\"@id\":\"https:\/\/www.vilademuro.net\/es\/inicio-de-la-convocatoria-de-adhesion-de-establecimientos-para-la-proxima-campana-del-buen-comercio-2024\/#breadcrumb\"},\"inLanguage\":\"es\",\"potentialAction\":[{\"@type\":\"ReadAction\",\"target\":[\"https:\/\/www.vilademuro.net\/es\/inicio-de-la-convocatoria-de-adhesion-de-establecimientos-para-la-proxima-campana-del-buen-comercio-2024\/\"]}]},{\"@type\":\"ImageObject\",\"inLanguage\":\"es\",\"@id\":\"https:\/\/www.vilademuro.net\/es\/inicio-de-la-convocatoria-de-adhesion-de-establecimientos-para-la-proxima-campana-del-buen-comercio-2024\/#primaryimage\",\"url\":\"https:\/\/www.vilademuro.net\/wp-content\/uploads\/2020\/04\/logo-entrades-convocatoria-1.jpg\",\"contentUrl\":\"https:\/\/www.vilademuro.net\/wp-content\/uploads\/2020\/04\/logo-entrades-convocatoria-1.jpg\",\"width\":200,\"height\":200},{\"@type\":\"BreadcrumbList\",\"@id\":\"https:\/\/www.vilademuro.net\/es\/inicio-de-la-convocatoria-de-adhesion-de-establecimientos-para-la-proxima-campana-del-buen-comercio-2024\/#breadcrumb\",\"itemListElement\":[{\"@type\":\"ListItem\",\"position\":1,\"name\":\"Inici\",\"item\":\"https:\/\/www.vilademuro.net\/es\/\"},{\"@type\":\"ListItem\",\"position\":2,\"name\":\"Inicio de la convocatoria de adhesi\u00f3n de establecimientos para la pr\u00f3xima campa\u00f1a del Buen Comercio 2024.\"}]},{\"@type\":\"WebSite\",\"@id\":\"https:\/\/www.vilademuro.net\/es\/#website\",\"url\":\"https:\/\/www.vilademuro.net\/es\/\",\"name\":\"Ajuntament de Muro d'Alcoi\",\"description\":\"P\u00e1gina web oficial de l&#039;Ajuntament de Muro\",\"publisher\":{\"@id\":\"https:\/\/www.vilademuro.net\/es\/#organization\"},\"potentialAction\":[{\"@type\":\"SearchAction\",\"target\":{\"@type\":\"EntryPoint\",\"urlTemplate\":\"https:\/\/www.vilademuro.net\/es\/?s={search_term_string}\"},\"query-input\":{\"@type\":\"PropertyValueSpecification\",\"valueRequired\":true,\"valueName\":\"search_term_string\"}}],\"inLanguage\":\"es\"},{\"@type\":\"Organization\",\"@id\":\"https:\/\/www.vilademuro.net\/es\/#organization\",\"name\":\"Ajuntament de Muro\",\"url\":\"https:\/\/www.vilademuro.net\/es\/\",\"logo\":{\"@type\":\"ImageObject\",\"inLanguage\":\"es\",\"@id\":\"https:\/\/www.vilademuro.net\/es\/#\/schema\/logo\/image\/\",\"url\":\"https:\/\/www.vilademuro.net\/wp-content\/uploads\/2022\/10\/LOGO3-2.jpg\",\"contentUrl\":\"https:\/\/www.vilademuro.net\/wp-content\/uploads\/2022\/10\/LOGO3-2.jpg\",\"width\":756,\"height\":517,\"caption\":\"Ajuntament de Muro\"},\"image\":{\"@id\":\"https:\/\/www.vilademuro.net\/es\/#\/schema\/logo\/image\/\"},\"sameAs\":[\"https:\/\/www.facebook.com\/murodealcoy\",\"https:\/\/x.com\/AjuntamentMuro\",\"https:\/\/www.youtube.com\/channel\/UC2rwbKfRqsd1Ncwm6Y1prQw\"]},{\"@type\":\"Person\",\"@id\":\"https:\/\/www.vilademuro.net\/es\/#\/schema\/person\/a42e266ef9e9ced94f63a10cae995cb3\",\"name\":\"Manolo Moll\",\"image\":{\"@type\":\"ImageObject\",\"inLanguage\":\"es\",\"@id\":\"https:\/\/www.vilademuro.net\/es\/#\/schema\/person\/image\/\",\"url\":\"https:\/\/secure.gravatar.com\/avatar\/a3221566d53d0f1136f8c6f2cfcd2956c691deadb08d33bb4b275a4da7bd7260?s=96&d=mm&r=g\",\"contentUrl\":\"https:\/\/secure.gravatar.com\/avatar\/a3221566d53d0f1136f8c6f2cfcd2956c691deadb08d33bb4b275a4da7bd7260?s=96&d=mm&r=g\",\"caption\":\"Manolo Moll\"}}]}<\/script>\n<!-- \/ Yoast SEO plugin. -->","yoast_head_json":{"title":"Inicio de la convocatoria de adhesi\u00f3n de establecimientos para la pr\u00f3xima campa\u00f1a del Buen Comercio 2024. | Ajuntament de Muro","robots":{"index":"index","follow":"follow","max-snippet":"max-snippet:-1","max-image-preview":"max-image-preview:large","max-video-preview":"max-video-preview:-1"},"canonical":"https:\/\/www.vilademuro.net\/es\/inicio-de-la-convocatoria-de-adhesion-de-establecimientos-para-la-proxima-campana-del-buen-comercio-2024\/","og_locale":"es_ES","og_type":"article","og_title":"Inicio de la convocatoria de adhesi\u00f3n de establecimientos para la pr\u00f3xima campa\u00f1a del Buen Comercio 2024. | Ajuntament de Muro","og_description":"Los establecimientos que cumplan los requisitos indicados en el Anexo IV, y tengan la actividad en Muro de Alcoy, podr\u00e1n realizar su adhesi\u00f3n a esta campa\u00f1a desde el d\u00eda 7 [&hellip;]","og_url":"https:\/\/www.vilademuro.net\/es\/inicio-de-la-convocatoria-de-adhesion-de-establecimientos-para-la-proxima-campana-del-buen-comercio-2024\/","og_site_name":"Ajuntament de Muro","article_publisher":"https:\/\/www.facebook.com\/murodealcoy","article_published_time":"2024-06-07T11:56:16+00:00","article_modified_time":"2024-06-07T12:17:55+00:00","og_image":[{"width":200,"height":200,"url":"https:\/\/www.vilademuro.net\/wp-content\/uploads\/2020\/04\/logo-entrades-convocatoria-1.jpg","type":"image\/jpeg"}],"author":"Manolo Moll","twitter_card":"summary_large_image","twitter_creator":"@AjuntamentMuro","twitter_site":"@AjuntamentMuro","twitter_misc":{"Escrito por":"Manolo Moll","Tiempo de lectura":"2 minutos"},"schema":{"@context":"https:\/\/schema.org","@graph":[{"@type":"Article","@id":"https:\/\/www.vilademuro.net\/es\/inicio-de-la-convocatoria-de-adhesion-de-establecimientos-para-la-proxima-campana-del-buen-comercio-2024\/#article","isPartOf":{"@id":"https:\/\/www.vilademuro.net\/es\/inicio-de-la-convocatoria-de-adhesion-de-establecimientos-para-la-proxima-campana-del-buen-comercio-2024\/"},"author":{"name":"Manolo Moll","@id":"https:\/\/www.vilademuro.net\/es\/#\/schema\/person\/a42e266ef9e9ced94f63a10cae995cb3"},"headline":"Inicio de la convocatoria de adhesi\u00f3n de establecimientos para la pr\u00f3xima campa\u00f1a del Buen Comercio 2024.","datePublished":"2024-06-07T11:56:16+00:00","dateModified":"2024-06-07T12:17:55+00:00","mainEntityOfPage":{"@id":"https:\/\/www.vilademuro.net\/es\/inicio-de-la-convocatoria-de-adhesion-de-establecimientos-para-la-proxima-campana-del-buen-comercio-2024\/"},"wordCount":140,"publisher":{"@id":"https:\/\/www.vilademuro.net\/es\/#organization"},"image":{"@id":"https:\/\/www.vilademuro.net\/es\/inicio-de-la-convocatoria-de-adhesion-de-establecimientos-para-la-proxima-campana-del-buen-comercio-2024\/#primaryimage"},"thumbnailUrl":"https:\/\/www.vilademuro.net\/wp-content\/uploads\/2020\/04\/logo-entrades-convocatoria-1.jpg","articleSection":["ADL","\u00c1reas","Ayudas y subvenciones","Destacat","Noticias"],"inLanguage":"es"},{"@type":"WebPage","@id":"https:\/\/www.vilademuro.net\/es\/inicio-de-la-convocatoria-de-adhesion-de-establecimientos-para-la-proxima-campana-del-buen-comercio-2024\/","url":"https:\/\/www.vilademuro.net\/es\/inicio-de-la-convocatoria-de-adhesion-de-establecimientos-para-la-proxima-campana-del-buen-comercio-2024\/","name":"Inicio de la convocatoria de adhesi\u00f3n de establecimientos para la pr\u00f3xima campa\u00f1a del Buen Comercio 2024. | Ajuntament de Muro","isPartOf":{"@id":"https:\/\/www.vilademuro.net\/es\/#website"},"primaryImageOfPage":{"@id":"https:\/\/www.vilademuro.net\/es\/inicio-de-la-convocatoria-de-adhesion-de-establecimientos-para-la-proxima-campana-del-buen-comercio-2024\/#primaryimage"},"image":{"@id":"https:\/\/www.vilademuro.net\/es\/inicio-de-la-convocatoria-de-adhesion-de-establecimientos-para-la-proxima-campana-del-buen-comercio-2024\/#primaryimage"},"thumbnailUrl":"https:\/\/www.vilademuro.net\/wp-content\/uploads\/2020\/04\/logo-entrades-convocatoria-1.jpg","datePublished":"2024-06-07T11:56:16+00:00","dateModified":"2024-06-07T12:17:55+00:00","breadcrumb":{"@id":"https:\/\/www.vilademuro.net\/es\/inicio-de-la-convocatoria-de-adhesion-de-establecimientos-para-la-proxima-campana-del-buen-comercio-2024\/#breadcrumb"},"inLanguage":"es","potentialAction":[{"@type":"ReadAction","target":["https:\/\/www.vilademuro.net\/es\/inicio-de-la-convocatoria-de-adhesion-de-establecimientos-para-la-proxima-campana-del-buen-comercio-2024\/"]}]},{"@type":"ImageObject","inLanguage":"es","@id":"https:\/\/www.vilademuro.net\/es\/inicio-de-la-convocatoria-de-adhesion-de-establecimientos-para-la-proxima-campana-del-buen-comercio-2024\/#primaryimage","url":"https:\/\/www.vilademuro.net\/wp-content\/uploads\/2020\/04\/logo-entrades-convocatoria-1.jpg","contentUrl":"https:\/\/www.vilademuro.net\/wp-content\/uploads\/2020\/04\/logo-entrades-convocatoria-1.jpg","width":200,"height":200},{"@type":"BreadcrumbList","@id":"https:\/\/www.vilademuro.net\/es\/inicio-de-la-convocatoria-de-adhesion-de-establecimientos-para-la-proxima-campana-del-buen-comercio-2024\/#breadcrumb","itemListElement":[{"@type":"ListItem","position":1,"name":"Inici","item":"https:\/\/www.vilademuro.net\/es\/"},{"@type":"ListItem","position":2,"name":"Inicio de la convocatoria de adhesi\u00f3n de establecimientos para la pr\u00f3xima campa\u00f1a del Buen Comercio 2024."}]},{"@type":"WebSite","@id":"https:\/\/www.vilademuro.net\/es\/#website","url":"https:\/\/www.vilademuro.net\/es\/","name":"Ajuntament de Muro d'Alcoi","description":"P\u00e1gina web oficial de l&#039;Ajuntament de Muro","publisher":{"@id":"https:\/\/www.vilademuro.net\/es\/#organization"},"potentialAction":[{"@type":"SearchAction","target":{"@type":"EntryPoint","urlTemplate":"https:\/\/www.vilademuro.net\/es\/?s={search_term_string}"},"query-input":{"@type":"PropertyValueSpecification","valueRequired":true,"valueName":"search_term_string"}}],"inLanguage":"es"},{"@type":"Organization","@id":"https:\/\/www.vilademuro.net\/es\/#organization","name":"Ajuntament de Muro","url":"https:\/\/www.vilademuro.net\/es\/","logo":{"@type":"ImageObject","inLanguage":"es","@id":"https:\/\/www.vilademuro.net\/es\/#\/schema\/logo\/image\/","url":"https:\/\/www.vilademuro.net\/wp-content\/uploads\/2022\/10\/LOGO3-2.jpg","contentUrl":"https:\/\/www.vilademuro.net\/wp-content\/uploads\/2022\/10\/LOGO3-2.jpg","width":756,"height":517,"caption":"Ajuntament de Muro"},"image":{"@id":"https:\/\/www.vilademuro.net\/es\/#\/schema\/logo\/image\/"},"sameAs":["https:\/\/www.facebook.com\/murodealcoy","https:\/\/x.com\/AjuntamentMuro","https:\/\/www.youtube.com\/channel\/UC2rwbKfRqsd1Ncwm6Y1prQw"]},{"@type":"Person","@id":"https:\/\/www.vilademuro.net\/es\/#\/schema\/person\/a42e266ef9e9ced94f63a10cae995cb3","name":"Manolo Moll","image":{"@type":"ImageObject","inLanguage":"es","@id":"https:\/\/www.vilademuro.net\/es\/#\/schema\/person\/image\/","url":"https:\/\/secure.gravatar.com\/avatar\/a3221566d53d0f1136f8c6f2cfcd2956c691deadb08d33bb4b275a4da7bd7260?s=96&d=mm&r=g","contentUrl":"https:\/\/secure.gravatar.com\/avatar\/a3221566d53d0f1136f8c6f2cfcd2956c691deadb08d33bb4b275a4da7bd7260?s=96&d=mm&r=g","caption":"Manolo Moll"}}]}},"_links":{"self":[{"href":"https:\/\/www.vilademuro.net\/es\/wp-json\/wp\/v2\/posts\/52806","targetHints":{"allow":["GET"]}}],"collection":[{"href":"https:\/\/www.vilademuro.net\/es\/wp-json\/wp\/v2\/posts"}],"about":[{"href":"https:\/\/www.vilademuro.net\/es\/wp-json\/wp\/v2\/types\/post"}],"author":[{"embeddable":true,"href":"https:\/\/www.vilademuro.net\/es\/wp-json\/wp\/v2\/users\/9"}],"replies":[{"embeddable":true,"href":"https:\/\/www.vilademuro.net\/es\/wp-json\/wp\/v2\/comments?post=52806"}],"version-history":[{"count":0,"href":"https:\/\/www.vilademuro.net\/es\/wp-json\/wp\/v2\/posts\/52806\/revisions"}],"wp:featuredmedia":[{"embeddable":true,"href":"https:\/\/www.vilademuro.net\/es\/wp-json\/wp\/v2\/media\/37897"}],"wp:attachment":[{"href":"https:\/\/www.vilademuro.net\/es\/wp-json\/wp\/v2\/media?parent=52806"}],"wp:term":[{"taxonomy":"category","embeddable":true,"href":"https:\/\/www.vilademuro.net\/es\/wp-json\/wp\/v2\/categories?post=52806"},{"taxonomy":"post_tag","embeddable":true,"href":"https:\/\/www.vilademuro.net\/es\/wp-json\/wp\/v2\/tags?post=52806"}],"curies":[{"name":"wp","href":"https:\/\/api.w.org\/{rel}","templated":true}]}}