{"id":51623,"date":"2024-02-28T14:05:28","date_gmt":"2024-02-28T13:05:28","guid":{"rendered":"https:\/\/www.vilademuro.net\/dia-internacional-de-la-dona\/"},"modified":"2024-02-28T14:05:28","modified_gmt":"2024-02-28T13:05:28","slug":"dia-internacional-de-la-dona","status":"publish","type":"post","link":"https:\/\/www.vilademuro.net\/es\/dia-internacional-de-la-dona\/","title":{"rendered":"Dia internacional de la Dona"},"content":{"rendered":"<p>Muro celebrar\u00e1 el D\u00eda internacional de la Mujer con un amplio programa que incluye exposiciones, talleres y charlas para reivindicar una igualdad real entre hombres y mujeres.<\/p>\n<p>5 de marzo &#8211; Inauguraci\u00f3n de la exposici\u00f3n de carteles\u00a0 \u00abEntrenar la mirada feminista\u00bb al Matzem hasta el 16 de marzo<br \/>\n6 &#8211; 13 -20-27 de marzo y 10-17-24 de abril \u00abEspacio para mujeres, creciendo juntas\u00bb<br \/>\n7 de marzo- Taller b\u00e1sico de t\u00e9cnicas\u00a0 de bienestar emocional y mental.\u00a0 Impartido por Toni Cuenca a las 19 horas en el\u00a0 Matzem<br \/>\n8 de marzo- D\u00eda Internacional de la mujer, lectura del manifiesto reivindicativo desde el Ayuntamiento a las 19.00 horas de la de mano\u00a0 de la psic\u00f3loga Neus Sanoguera y la integradora social *Zenaida Torregrosa- A continuaci\u00f3n el *Matzem acoger\u00e1 el taller \u00abprincesas, hadas y brujas\u00bb impartido por Neus Sanoguera<br \/>\n9 de marzo- IX Carrera solidaria d\u00eda de la Mujer organizada por \u00ables llebres de Muro\u00bb\u00a0 con colaboraci\u00f3n del Ayuntamiento, en esta edici\u00f3n a beneficio del CPEE Sanchis \u00c9bano. La salida ser\u00e1 a las 17.30 horas desde el Matzem<br \/>\n13 de marzo charla\u00a0 \u00abDe aquellas bacterias sexis a esta humanidad sin sexo\u00bb La ponente Marisa Malia\u00f1o, doctora, feminista y ecoactivista ofrecer\u00e1 una charla al Matzem a las 19.00 horas, abierta\u00a0 a todos el p\u00fablicos.<br \/>\n14 y 21 de marzo y 11 y 18 de abril- Talleres \u00abFamilias en igualdad: corresponsabilidad\u00bb que se impartir\u00e1 en el\u00a0 Matzem<\/p>\n<p>&nbsp;<\/p>\n<p>\nTodas las actividades requieren de inscripci\u00f3n previa en el Matzem, excepto la charla de Neus Sanoguera, que se har\u00e1 personalmente con la ponente<\/p>\n<p><img loading=\"lazy\" decoding=\"async\" class=\"alignnone size-medium wp-image-51618\" src=\"https:\/\/www.vilademuro.net\/wp-content\/uploads\/2024\/02\/8M-COMPLET-212x300.png\" alt=\"\" width=\"212\" height=\"300\" \/><\/p>\n<div class=\"ead-preview\"><div class=\"ead-document\" style=\"position: relative;padding-top: 90%;\"><div class=\"ead-iframe-wrapper\"><iframe src=\"\/\/docs.google.com\/viewer?url=https%3A%2F%2Fwww.vilademuro.net%2Fwp-content%2Fuploads%2F2024%2F02%2F8M-COMPLET-1.png&amp;embedded=true&amp;hl=en\" title=\"Documento incrustado\" class=\"ead-iframe\" style=\"width: 100%;height: 100%;border: none;position: absolute;left: 0;top: 0;visibility: hidden;\"><\/iframe><\/div>\t\t\t<div class=\"ead-document-loading\" style=\"width:100%;height:100%;position:absolute;left:0;top:0;z-index:10;\">\n\t\t\t\t<div class=\"ead-loading-wrap\">\n\t\t\t\t\t<div class=\"ead-loading-main\">\n\t\t\t\t\t\t<div class=\"ead-loading\">\n\t\t\t\t\t\t\t<img loading=\"lazy\" decoding=\"async\" src=\"https:\/\/www.vilademuro.net\/wp-content\/plugins\/embed-any-document\/images\/loading.svg\" width=\"55\" height=\"55\" alt=\"Cargador\">\n\t\t\t\t\t\t\t<span>Cargando...<\/span>\n\t\t\t\t\t\t<\/div>\n\t\t\t\t\t<\/div>\n\t\t\t\t\t<div class=\"ead-loading-foot\">\n\t\t\t\t\t\t<div class=\"ead-loading-foot-title\">\n\t\t\t\t\t\t\t<img loading=\"lazy\" decoding=\"async\" src=\"https:\/\/www.vilademuro.net\/wp-content\/plugins\/embed-any-document\/images\/EAD-logo.svg\" alt=\"Logotipo de EAD\" width=\"36\" height=\"23\"\/>\n\t\t\t\t\t\t\t<span>\u00bfTarda demasiado?<\/span>\n\t\t\t\t\t\t<\/div>\n\t\t\t\t\t\t<p>\n\t\t\t\t\t\t\t<div class=\"ead-document-btn ead-reload-btn\" role=\"button\">\n\t\t\t\t\t\t\t\t<img loading=\"lazy\" decoding=\"async\" src=\"https:\/\/www.vilademuro.net\/wp-content\/plugins\/embed-any-document\/images\/reload.svg\" alt=\"Recargar\" width=\"12\" height=\"12\"\/> Recargar el documento\t\t\t\t\t\t\t<\/div>\n\t\t\t\t\t\t\t<span>|<\/span>\n\t\t\t\t\t\t\t<a href=\"https:\/\/docs.google.com\/viewer?url=https%3A%2F%2Fwww.vilademuro.net%2Fwp-content%2Fuploads%2F2024%2F02%2F8M-COMPLET-1.png&#038;hl=en\" class=\"ead-document-btn\" target=\"_blank\">\n\t\t\t\t\t\t\t\t<img loading=\"lazy\" decoding=\"async\" src=\"https:\/\/www.vilademuro.net\/wp-content\/plugins\/embed-any-document\/images\/open.svg\" alt=\"Abrir\" width=\"12\" height=\"12\"\/> Abrir en una nueva pesta\u00f1a\t\t\t\t\t\t\t<\/a>\n\t\t\t\t\t<\/div>\n\t\t\t\t<\/div>\n\t\t\t<\/div>\n\t\t<\/div><p class=\"embed_download\"><a href=\"https:\/\/www.vilademuro.net\/wp-content\/uploads\/2024\/02\/8M-COMPLET-1.png\" download>Desc\u00e0rrega [1.91 MB] <\/a><\/p><\/div>\n","protected":false},"excerpt":{"rendered":"<p>Muro celebrar\u00e1 el D\u00eda internacional de la Mujer con un amplio programa que incluye exposiciones, talleres y charlas para reivindicar una igualdad real entre hombres y mujeres. 5 de marzo [&hellip;]<\/p>\n","protected":false},"author":18,"featured_media":0,"comment_status":"closed","ping_status":"closed","sticky":false,"template":"","format":"standard","meta":{"_et_pb_use_builder":"","_et_pb_old_content":"","_et_gb_content_width":"","footnotes":""},"categories":[51,49,77],"tags":[],"class_list":["post-51623","post","type-post","status-publish","format-standard","hentry","category-destacat-es","category-noticias","category-servicios-sociales"],"yoast_head":"<!-- This site is optimized with the Yoast SEO plugin v27.1.1 - https:\/\/yoast.com\/product\/yoast-seo-wordpress\/ -->\n<title>Dia internacional de la Dona | Ajuntament de Muro<\/title>\n<meta name=\"robots\" content=\"index, follow, max-snippet:-1, max-image-preview:large, max-video-preview:-1\" \/>\n<link rel=\"canonical\" href=\"https:\/\/www.vilademuro.net\/es\/dia-internacional-de-la-dona\/\" \/>\n<meta property=\"og:locale\" content=\"es_ES\" \/>\n<meta property=\"og:type\" content=\"article\" \/>\n<meta property=\"og:title\" content=\"Dia internacional de la Dona | Ajuntament de Muro\" \/>\n<meta property=\"og:description\" content=\"Muro celebrar\u00e1 el D\u00eda internacional de la Mujer con un amplio programa que incluye exposiciones, talleres y charlas para reivindicar una igualdad real entre hombres y mujeres. 5 de marzo [&hellip;]\" \/>\n<meta property=\"og:url\" content=\"https:\/\/www.vilademuro.net\/es\/dia-internacional-de-la-dona\/\" \/>\n<meta property=\"og:site_name\" content=\"Ajuntament de Muro\" \/>\n<meta property=\"article:publisher\" content=\"https:\/\/www.facebook.com\/murodealcoy\" \/>\n<meta property=\"article:published_time\" content=\"2024-02-28T13:05:28+00:00\" \/>\n<meta property=\"og:image\" content=\"https:\/\/www.vilademuro.net\/wp-content\/uploads\/2024\/02\/8M-COMPLET-212x300.png\" \/>\n<meta name=\"author\" content=\"Llum Jorda\" \/>\n<meta name=\"twitter:card\" content=\"summary_large_image\" \/>\n<meta name=\"twitter:creator\" content=\"@AjuntamentMuro\" \/>\n<meta name=\"twitter:site\" content=\"@AjuntamentMuro\" \/>\n<meta name=\"twitter:label1\" content=\"Escrito por\" \/>\n\t<meta name=\"twitter:data1\" content=\"Llum Jorda\" \/>\n\t<meta name=\"twitter:label2\" content=\"Tiempo de lectura\" \/>\n\t<meta name=\"twitter:data2\" content=\"1 minuto\" \/>\n<script type=\"application\/ld+json\" class=\"yoast-schema-graph\">{\"@context\":\"https:\/\/schema.org\",\"@graph\":[{\"@type\":\"Article\",\"@id\":\"https:\/\/www.vilademuro.net\/es\/dia-internacional-de-la-dona\/#article\",\"isPartOf\":{\"@id\":\"https:\/\/www.vilademuro.net\/es\/dia-internacional-de-la-dona\/\"},\"author\":{\"name\":\"Llum Jorda\",\"@id\":\"https:\/\/www.vilademuro.net\/es\/#\/schema\/person\/32278b306d256265c7eb890504bfe022\"},\"headline\":\"Dia internacional de la Dona\",\"datePublished\":\"2024-02-28T13:05:28+00:00\",\"mainEntityOfPage\":{\"@id\":\"https:\/\/www.vilademuro.net\/es\/dia-internacional-de-la-dona\/\"},\"wordCount\":274,\"publisher\":{\"@id\":\"https:\/\/www.vilademuro.net\/es\/#organization\"},\"image\":{\"@id\":\"https:\/\/www.vilademuro.net\/es\/dia-internacional-de-la-dona\/#primaryimage\"},\"thumbnailUrl\":\"https:\/\/www.vilademuro.net\/wp-content\/uploads\/2024\/02\/8M-COMPLET-212x300.png\",\"articleSection\":[\"Destacat\",\"Noticias\",\"Servicios sociales\"],\"inLanguage\":\"es\"},{\"@type\":\"WebPage\",\"@id\":\"https:\/\/www.vilademuro.net\/es\/dia-internacional-de-la-dona\/\",\"url\":\"https:\/\/www.vilademuro.net\/es\/dia-internacional-de-la-dona\/\",\"name\":\"Dia internacional de la Dona | Ajuntament de Muro\",\"isPartOf\":{\"@id\":\"https:\/\/www.vilademuro.net\/es\/#website\"},\"primaryImageOfPage\":{\"@id\":\"https:\/\/www.vilademuro.net\/es\/dia-internacional-de-la-dona\/#primaryimage\"},\"image\":{\"@id\":\"https:\/\/www.vilademuro.net\/es\/dia-internacional-de-la-dona\/#primaryimage\"},\"thumbnailUrl\":\"https:\/\/www.vilademuro.net\/wp-content\/uploads\/2024\/02\/8M-COMPLET-212x300.png\",\"datePublished\":\"2024-02-28T13:05:28+00:00\",\"breadcrumb\":{\"@id\":\"https:\/\/www.vilademuro.net\/es\/dia-internacional-de-la-dona\/#breadcrumb\"},\"inLanguage\":\"es\",\"potentialAction\":[{\"@type\":\"ReadAction\",\"target\":[\"https:\/\/www.vilademuro.net\/es\/dia-internacional-de-la-dona\/\"]}]},{\"@type\":\"ImageObject\",\"inLanguage\":\"es\",\"@id\":\"https:\/\/www.vilademuro.net\/es\/dia-internacional-de-la-dona\/#primaryimage\",\"url\":\"https:\/\/www.vilademuro.net\/wp-content\/uploads\/2024\/02\/8M-COMPLET-212x300.png\",\"contentUrl\":\"https:\/\/www.vilademuro.net\/wp-content\/uploads\/2024\/02\/8M-COMPLET-212x300.png\"},{\"@type\":\"BreadcrumbList\",\"@id\":\"https:\/\/www.vilademuro.net\/es\/dia-internacional-de-la-dona\/#breadcrumb\",\"itemListElement\":[{\"@type\":\"ListItem\",\"position\":1,\"name\":\"Inici\",\"item\":\"https:\/\/www.vilademuro.net\/es\/\"},{\"@type\":\"ListItem\",\"position\":2,\"name\":\"Dia internacional de la Dona\"}]},{\"@type\":\"WebSite\",\"@id\":\"https:\/\/www.vilademuro.net\/es\/#website\",\"url\":\"https:\/\/www.vilademuro.net\/es\/\",\"name\":\"Ajuntament de Muro d'Alcoi\",\"description\":\"P\u00e1gina web oficial de l&#039;Ajuntament de Muro\",\"publisher\":{\"@id\":\"https:\/\/www.vilademuro.net\/es\/#organization\"},\"potentialAction\":[{\"@type\":\"SearchAction\",\"target\":{\"@type\":\"EntryPoint\",\"urlTemplate\":\"https:\/\/www.vilademuro.net\/es\/?s={search_term_string}\"},\"query-input\":{\"@type\":\"PropertyValueSpecification\",\"valueRequired\":true,\"valueName\":\"search_term_string\"}}],\"inLanguage\":\"es\"},{\"@type\":\"Organization\",\"@id\":\"https:\/\/www.vilademuro.net\/es\/#organization\",\"name\":\"Ajuntament de Muro\",\"url\":\"https:\/\/www.vilademuro.net\/es\/\",\"logo\":{\"@type\":\"ImageObject\",\"inLanguage\":\"es\",\"@id\":\"https:\/\/www.vilademuro.net\/es\/#\/schema\/logo\/image\/\",\"url\":\"https:\/\/www.vilademuro.net\/wp-content\/uploads\/2022\/10\/LOGO3-2.jpg\",\"contentUrl\":\"https:\/\/www.vilademuro.net\/wp-content\/uploads\/2022\/10\/LOGO3-2.jpg\",\"width\":756,\"height\":517,\"caption\":\"Ajuntament de Muro\"},\"image\":{\"@id\":\"https:\/\/www.vilademuro.net\/es\/#\/schema\/logo\/image\/\"},\"sameAs\":[\"https:\/\/www.facebook.com\/murodealcoy\",\"https:\/\/x.com\/AjuntamentMuro\",\"https:\/\/www.youtube.com\/channel\/UC2rwbKfRqsd1Ncwm6Y1prQw\"]},{\"@type\":\"Person\",\"@id\":\"https:\/\/www.vilademuro.net\/es\/#\/schema\/person\/32278b306d256265c7eb890504bfe022\",\"name\":\"Llum Jorda\",\"image\":{\"@type\":\"ImageObject\",\"inLanguage\":\"es\",\"@id\":\"https:\/\/www.vilademuro.net\/es\/#\/schema\/person\/image\/\",\"url\":\"https:\/\/secure.gravatar.com\/avatar\/aa23b1f3ba6619a2b9f652a33c488e17808ad4a3fc142aaa58bd80a4478f6013?s=96&d=mm&r=g\",\"contentUrl\":\"https:\/\/secure.gravatar.com\/avatar\/aa23b1f3ba6619a2b9f652a33c488e17808ad4a3fc142aaa58bd80a4478f6013?s=96&d=mm&r=g\",\"caption\":\"Llum Jorda\"},\"sameAs\":[\"https:\/\/Serveis%20socials\"]}]}<\/script>\n<!-- \/ Yoast SEO plugin. -->","yoast_head_json":{"title":"Dia internacional de la Dona | Ajuntament de Muro","robots":{"index":"index","follow":"follow","max-snippet":"max-snippet:-1","max-image-preview":"max-image-preview:large","max-video-preview":"max-video-preview:-1"},"canonical":"https:\/\/www.vilademuro.net\/es\/dia-internacional-de-la-dona\/","og_locale":"es_ES","og_type":"article","og_title":"Dia internacional de la Dona | Ajuntament de Muro","og_description":"Muro celebrar\u00e1 el D\u00eda internacional de la Mujer con un amplio programa que incluye exposiciones, talleres y charlas para reivindicar una igualdad real entre hombres y mujeres. 5 de marzo [&hellip;]","og_url":"https:\/\/www.vilademuro.net\/es\/dia-internacional-de-la-dona\/","og_site_name":"Ajuntament de Muro","article_publisher":"https:\/\/www.facebook.com\/murodealcoy","article_published_time":"2024-02-28T13:05:28+00:00","og_image":[{"url":"https:\/\/www.vilademuro.net\/wp-content\/uploads\/2024\/02\/8M-COMPLET-212x300.png","type":"","width":"","height":""}],"author":"Llum Jorda","twitter_card":"summary_large_image","twitter_creator":"@AjuntamentMuro","twitter_site":"@AjuntamentMuro","twitter_misc":{"Escrito por":"Llum Jorda","Tiempo de lectura":"1 minuto"},"schema":{"@context":"https:\/\/schema.org","@graph":[{"@type":"Article","@id":"https:\/\/www.vilademuro.net\/es\/dia-internacional-de-la-dona\/#article","isPartOf":{"@id":"https:\/\/www.vilademuro.net\/es\/dia-internacional-de-la-dona\/"},"author":{"name":"Llum Jorda","@id":"https:\/\/www.vilademuro.net\/es\/#\/schema\/person\/32278b306d256265c7eb890504bfe022"},"headline":"Dia internacional de la Dona","datePublished":"2024-02-28T13:05:28+00:00","mainEntityOfPage":{"@id":"https:\/\/www.vilademuro.net\/es\/dia-internacional-de-la-dona\/"},"wordCount":274,"publisher":{"@id":"https:\/\/www.vilademuro.net\/es\/#organization"},"image":{"@id":"https:\/\/www.vilademuro.net\/es\/dia-internacional-de-la-dona\/#primaryimage"},"thumbnailUrl":"https:\/\/www.vilademuro.net\/wp-content\/uploads\/2024\/02\/8M-COMPLET-212x300.png","articleSection":["Destacat","Noticias","Servicios sociales"],"inLanguage":"es"},{"@type":"WebPage","@id":"https:\/\/www.vilademuro.net\/es\/dia-internacional-de-la-dona\/","url":"https:\/\/www.vilademuro.net\/es\/dia-internacional-de-la-dona\/","name":"Dia internacional de la Dona | Ajuntament de Muro","isPartOf":{"@id":"https:\/\/www.vilademuro.net\/es\/#website"},"primaryImageOfPage":{"@id":"https:\/\/www.vilademuro.net\/es\/dia-internacional-de-la-dona\/#primaryimage"},"image":{"@id":"https:\/\/www.vilademuro.net\/es\/dia-internacional-de-la-dona\/#primaryimage"},"thumbnailUrl":"https:\/\/www.vilademuro.net\/wp-content\/uploads\/2024\/02\/8M-COMPLET-212x300.png","datePublished":"2024-02-28T13:05:28+00:00","breadcrumb":{"@id":"https:\/\/www.vilademuro.net\/es\/dia-internacional-de-la-dona\/#breadcrumb"},"inLanguage":"es","potentialAction":[{"@type":"ReadAction","target":["https:\/\/www.vilademuro.net\/es\/dia-internacional-de-la-dona\/"]}]},{"@type":"ImageObject","inLanguage":"es","@id":"https:\/\/www.vilademuro.net\/es\/dia-internacional-de-la-dona\/#primaryimage","url":"https:\/\/www.vilademuro.net\/wp-content\/uploads\/2024\/02\/8M-COMPLET-212x300.png","contentUrl":"https:\/\/www.vilademuro.net\/wp-content\/uploads\/2024\/02\/8M-COMPLET-212x300.png"},{"@type":"BreadcrumbList","@id":"https:\/\/www.vilademuro.net\/es\/dia-internacional-de-la-dona\/#breadcrumb","itemListElement":[{"@type":"ListItem","position":1,"name":"Inici","item":"https:\/\/www.vilademuro.net\/es\/"},{"@type":"ListItem","position":2,"name":"Dia internacional de la Dona"}]},{"@type":"WebSite","@id":"https:\/\/www.vilademuro.net\/es\/#website","url":"https:\/\/www.vilademuro.net\/es\/","name":"Ajuntament de Muro d'Alcoi","description":"P\u00e1gina web oficial de l&#039;Ajuntament de Muro","publisher":{"@id":"https:\/\/www.vilademuro.net\/es\/#organization"},"potentialAction":[{"@type":"SearchAction","target":{"@type":"EntryPoint","urlTemplate":"https:\/\/www.vilademuro.net\/es\/?s={search_term_string}"},"query-input":{"@type":"PropertyValueSpecification","valueRequired":true,"valueName":"search_term_string"}}],"inLanguage":"es"},{"@type":"Organization","@id":"https:\/\/www.vilademuro.net\/es\/#organization","name":"Ajuntament de Muro","url":"https:\/\/www.vilademuro.net\/es\/","logo":{"@type":"ImageObject","inLanguage":"es","@id":"https:\/\/www.vilademuro.net\/es\/#\/schema\/logo\/image\/","url":"https:\/\/www.vilademuro.net\/wp-content\/uploads\/2022\/10\/LOGO3-2.jpg","contentUrl":"https:\/\/www.vilademuro.net\/wp-content\/uploads\/2022\/10\/LOGO3-2.jpg","width":756,"height":517,"caption":"Ajuntament de Muro"},"image":{"@id":"https:\/\/www.vilademuro.net\/es\/#\/schema\/logo\/image\/"},"sameAs":["https:\/\/www.facebook.com\/murodealcoy","https:\/\/x.com\/AjuntamentMuro","https:\/\/www.youtube.com\/channel\/UC2rwbKfRqsd1Ncwm6Y1prQw"]},{"@type":"Person","@id":"https:\/\/www.vilademuro.net\/es\/#\/schema\/person\/32278b306d256265c7eb890504bfe022","name":"Llum Jorda","image":{"@type":"ImageObject","inLanguage":"es","@id":"https:\/\/www.vilademuro.net\/es\/#\/schema\/person\/image\/","url":"https:\/\/secure.gravatar.com\/avatar\/aa23b1f3ba6619a2b9f652a33c488e17808ad4a3fc142aaa58bd80a4478f6013?s=96&d=mm&r=g","contentUrl":"https:\/\/secure.gravatar.com\/avatar\/aa23b1f3ba6619a2b9f652a33c488e17808ad4a3fc142aaa58bd80a4478f6013?s=96&d=mm&r=g","caption":"Llum Jorda"},"sameAs":["https:\/\/Serveis%20socials"]}]}},"_links":{"self":[{"href":"https:\/\/www.vilademuro.net\/es\/wp-json\/wp\/v2\/posts\/51623","targetHints":{"allow":["GET"]}}],"collection":[{"href":"https:\/\/www.vilademuro.net\/es\/wp-json\/wp\/v2\/posts"}],"about":[{"href":"https:\/\/www.vilademuro.net\/es\/wp-json\/wp\/v2\/types\/post"}],"author":[{"embeddable":true,"href":"https:\/\/www.vilademuro.net\/es\/wp-json\/wp\/v2\/users\/18"}],"replies":[{"embeddable":true,"href":"https:\/\/www.vilademuro.net\/es\/wp-json\/wp\/v2\/comments?post=51623"}],"version-history":[{"count":0,"href":"https:\/\/www.vilademuro.net\/es\/wp-json\/wp\/v2\/posts\/51623\/revisions"}],"wp:attachment":[{"href":"https:\/\/www.vilademuro.net\/es\/wp-json\/wp\/v2\/media?parent=51623"}],"wp:term":[{"taxonomy":"category","embeddable":true,"href":"https:\/\/www.vilademuro.net\/es\/wp-json\/wp\/v2\/categories?post=51623"},{"taxonomy":"post_tag","embeddable":true,"href":"https:\/\/www.vilademuro.net\/es\/wp-json\/wp\/v2\/tags?post=51623"}],"curies":[{"name":"wp","href":"https:\/\/api.w.org\/{rel}","templated":true}]}}