{"id":51436,"date":"2024-02-05T12:42:53","date_gmt":"2024-02-05T11:42:53","guid":{"rendered":"https:\/\/www.vilademuro.net\/proceso-de-seleccion-taller-empleo-tavalem-muro-jove-ii-fotav-2023-13-03-3\/"},"modified":"2024-11-19T12:15:59","modified_gmt":"2024-11-19T11:15:59","slug":"proceso-de-seleccion-taller-empleo-tavalem-muro-jove-ii-fotav-2023-13-03-3","status":"publish","type":"post","link":"https:\/\/www.vilademuro.net\/es\/proceso-de-seleccion-taller-empleo-tavalem-muro-jove-ii-fotav-2023-13-03-3\/","title":{"rendered":"PROCESO DE SELECCI\u00d3N TALLER EMPLEO \u00abT&#8217;AVALEM MURO JOVE II\u00bb FOTAV\/2023\/13\/03"},"content":{"rendered":"<p><a href=\"https:\/\/www.vilademuro.net\/wp-content\/uploads\/2024\/02\/1-ACTA-CONSTITUCION-COMISION-SELECCION-TAVALEM-2023.pdf\" target=\"_blank\" rel=\"noopener\">ACTA N\u00ba1 CONSTITUCI\u00d3N GRUPO DE SELECCI\u00d3N_Muro de Alcoy 2023<\/a><br \/>\n<a href=\"https:\/\/www.vilademuro.net\/wp-content\/uploads\/2024\/02\/Calendario-Actuaciones-Previsto-TAVALEM-2023.pdf\" target=\"_blank\" rel=\"noopener\">CALENDARI DEFINITIU ACTUACIONS T&#8217;AVALEM 2023<\/a><\/p>\n<p>\u2014 PERSONAL DIRECTIVO, DOCENTE Y AUXILIAR ADMINISTRATIVO \u2014<br \/>\nLa documentaci\u00f3n y solicitudes deben presentarse (ALERTA!!!! del 6 de enero al 12 de febrero de 2024) preferiblemente por sede electr\u00f3nica por instancia general https:\/\/vilademuro.sedelectronica.es\/info.0<br \/>\n<a href=\"https:\/\/www.vilademuro.net\/wp-content\/uploads\/2024\/02\/Bases-Seleccion-PERSONAL-Garantia-Juvenil-Final_MURO.pdf\" target=\"_blank\" rel=\"noopener\">BASES SELECCI\u00d3N PERSONAL T&#8217;AVALEM 2023<\/a><br \/>\n<a href=\"https:\/\/www.vilademuro.net\/wp-content\/uploads\/2024\/02\/ANEXO-II-PDDA.pdf\" target=\"_blank\" rel=\"noopener\">SOLICITUD<\/a><br \/>\n<a href=\"https:\/\/www.vilademuro.net\/wp-content\/uploads\/2024\/02\/ANEXO-III-BASES-SELLECCION-PERSONAL.pdf\" target=\"_blank\" rel=\"noopener\">CURRICULUM<\/a><br \/>\n<a href=\"https:\/\/www.vilademuro.net\/wp-content\/uploads\/2024\/02\/2-ACTA-BAREMO-PROVISIONAL-PDDA-TAVALEM-2023.pdf\">ACTA BAREMACI\u00d3N PROVISIONAL PDDA<\/a><a href=\"https:\/\/www.vilademuro.net\/wp-content\/uploads\/2024\/02\/2-ACTA-BAREMO-PROVISIONAL-PDDA-TAVALEM-2023.pdf\"> T&#8217;AVALEM 2023<\/a><br \/>\n<a href=\"https:\/\/www.vilademuro.net\/wp-content\/uploads\/2024\/02\/ACTA-DEFINITIVA-PDDA-TAVALEM-2023.pdf\">ACTA BAREMACI\u00d3N DEFINITIVA\u00a0 PDDA T&#8217;AVALEM 2023<\/a><br \/>\n<a href=\"https:\/\/www.vilademuro.net\/wp-content\/uploads\/2024\/02\/CONVOCATORIA-ENTREVISTAS-PDDA-TAVALEM-2023.pdf\">CONVOCATORIA ENTREVISTAS PDDA T&#8217;AVALEM 2023<\/a><br \/>\n<a href=\"https:\/\/www.vilademuro.net\/wp-content\/uploads\/2024\/02\/5-ACTA-BAREMO-PROVISIONAL-ENTREVISTAS-PDDA-TAVALEM-2023.pdf\">PUBLICACI\u00d3N ACTA PROVISIONAL ENTREVISTAS T&#8217;AVALEM 2023<\/a><br \/>\n<a href=\"https:\/\/www.vilademuro.net\/wp-content\/uploads\/2024\/02\/7-ACTA-DEFINITIVA-PDDA-TAVALEM-2023-2.pdf\">ACTA DEFINITIVA PDDA T&#8217;AVALEM 2023<\/a><\/p>\n<p>\u2014 PERSONAL DOCENTE \u00c1rea FORESTAL \u2014<br \/>\n<a href=\"https:\/\/www.vilademuro.net\/wp-content\/uploads\/2024\/02\/9-ACTA-SELECCION-DOCENTE-AGAR-TAVALEM-2023.pdf\">ACTA SELECCI\u00d3N PERSONAL DOCENTE \u00c1rea FORESTAL T&#8217;AVALEM 2023<\/a><br \/>\n<a href=\"https:\/\/www.vilademuro.net\/wp-content\/uploads\/2024\/02\/Calendario-Actuaciones-Previsto-TAVALEM-2023-DOCENTE-AGAR.pdf\">CALENDARIO SELECCI\u00d3N PERSONAL DOCENTE \u00c1rea FORESTAL T&#8217;AVALEM 2023<\/a><br \/>\nLa documentaci\u00f3n y solicitudes se han de presentar (ALERTA!!!! del 22 de marzo al 28 de marzo de 2024) preferiblemente por sede electr\u00f3nica por instancia general https:\/\/vilademuro.sedelectronica.es\/info.0<br \/>\n<a href=\"https:\/\/www.vilademuro.net\/wp-content\/uploads\/2024\/02\/Bases-Seleccion-PERSONAL-Garantia-Juvenil-Final_MURO.pdf\" target=\"_blank\" rel=\"noopener\">BASES SELECCI\u00d3N PERSONAL T&#8217;AVALEM 2023<\/a><br \/>\n<a href=\"https:\/\/www.vilademuro.net\/wp-content\/uploads\/2024\/02\/ANEXO-II-PDDA.pdf\" target=\"_blank\" rel=\"noopener\">SOLICITUD<\/a><br \/>\n<a href=\"https:\/\/www.vilademuro.net\/wp-content\/uploads\/2024\/02\/ANEXO-III-BASES-SELLECCION-PERSONAL.pdf\" target=\"_blank\" rel=\"noopener\">CURRICULUM<\/a><br \/>\n<a href=\"https:\/\/www.vilademuro.net\/wp-content\/uploads\/2024\/02\/12-ACTA-BAREMO-PROVISIONAL-DOCENTE-AGAR-TAVALEM-2023.pdf\" target=\"_blank\" rel=\"noopener\">ACTA BAREMACI\u00d3N PROVISIONAL DOCENTE \u00c1rea FORESTAL T&#8217;AVALEM 2023<\/a><br \/>\n<a href=\"https:\/\/www.vilademuro.net\/wp-content\/uploads\/2024\/02\/14-ACTA-BAREMO-DEFINITIVA-DOCENTE-AGAR-TAVALEM-2023.pdf\" target=\"_blank\" rel=\"noopener\">ACTA BAREMACI\u00d3 DEFINITIVA DOCENTE \u00c1rea FORESTAL T&#8217;AVALEM 2023<\/a><br \/>\n<a href=\"https:\/\/www.vilademuro.net\/wp-content\/uploads\/2024\/02\/Calendario-Actuaciones-Previsto-TAVALEM-2023-DOCENTE-AGAR-2.pdf\" target=\"_blank\" rel=\"noopener\">NUEVO CALENDARIO<\/a><br \/>\n<a href=\"https:\/\/www.vilademuro.net\/wp-content\/uploads\/2024\/02\/15-ACTA-DEFINITIVA-DOCENTE-AGAR-TAVALEM-2023.pdf\">ACTA DEFINITIVA DOCENTE \u00c1rea FORESTAL T&#8217;AVALEM 2023<\/a><\/p>\n<p>\u2014 PROFESOR\/A ALFABETIZACI\u00d3N INFORM\u00c1TICA \u2014<br \/>\n<a href=\"https:\/\/www.vilademuro.net\/wp-content\/uploads\/2024\/02\/18-ACTA-SELECCION-DOCENTE-INFORMATICA-TAVALEM-2023.pdf\">ACTA SELECCI\u00d3N PROFESOR\/A ALFABETIZACI\u00d3N INFORM\u00c1TICA T&#8217;AVALEM 2023<\/a><br \/>\n<a href=\"https:\/\/www.vilademuro.net\/wp-content\/uploads\/2024\/02\/Calendario-Actuaciones-Previsto-TAVALEM-2023-DOCENTE-INFORMATICA.pdf\">CALENDARIO SELECCI\u00d3N PROFESOR\/A ALFABETIZACI\u00d3N INFORM\u00c1TICA T&#8217;AVALEM 2023<\/a><br \/>\nLa documentaci\u00f3n y las solicitudes deben presentarse (ALERTA!!!! del 21 al 27 de mayo de 2024) preferiblemente por sede electr\u00f3nica por instancia general https:\/\/vilademuro.sedelectronica.es\/info.0<br \/>\n<a href=\"https:\/\/www.vilademuro.net\/wp-content\/uploads\/2024\/02\/Bases-Seleccion-PERSONAL-Garantia-Juvenil-Final_MURO.pdf\">BASES SELECCI\u00d3N PERSONAL T&#8217;AVALEM 2023<\/a><br \/>\n<a href=\"https:\/\/www.vilademuro.net\/wp-content\/uploads\/2024\/02\/ANEXO-II-PDDA.pdf\" target=\"_blank\" rel=\"noopener\">SOLICITUD<\/a><br \/>\n<a href=\"https:\/\/www.vilademuro.net\/wp-content\/uploads\/2024\/02\/ANEXO-III-BASES-SELLECCION-PERSONAL.pdf\" target=\"_blank\" rel=\"noopener\">CURRICULUM<\/a><br \/>\n<a href=\"https:\/\/www.vilademuro.net\/wp-content\/uploads\/2024\/02\/19-ACTA-BAREMO-PROVISIONAL-DOCENTE-INFORMATICA-TAVALEM-2023.pdf\">ACTA BAREMACI\u00d3N PROVISIONAL PROFESOR\/A ALFABETIZACI\u00d3N INFORM\u00c1TICA T&#8217;AVALEM 2023<\/a><br \/>\n<a href=\"https:\/\/www.vilademuro.net\/wp-content\/uploads\/2024\/06\/ACTA-20-RESOLUCION-BAREMO-DOCENTE-INFORMATICA-TAVALEM-2023.pdf\">ACTA BAREMACI\u00d3N DEFINITIVA PROFESOR\/A ALFABETIZACI\u00d3N INFORM\u00c1TICA T&#8217;AVALEM 2023<\/a><br \/>\n<a href=\"https:\/\/www.vilademuro.net\/wp-content\/uploads\/2024\/02\/21-ACTA-DEFINITIVA-DOCENTE-INFORMATICA-TAVALEM-2023.pdf\">ACTA DEFINITIVA PROFESOR\/A ALFABETIZACI\u00d3N INFORM\u00c1TICA T&#8217;AVALEM 2023<\/a><\/p>\n<p>\u2014 PROFESSOR\/A ADMINISTRACI\u00d3 I AUDITORIA &#8211; ADGD0210 CREACI\u00d3 I GESTI\u00d3 DE MICROEMPRESES\u00a0\u2014<br \/>\n<a href=\"https:\/\/www.vilademuro.net\/wp-content\/uploads\/2024\/02\/30-ACTA-SELECCION-DOCENTE-ADGD0210-TAVALEM-2023.pdf\">ACTA SELECCI\u00d3N PROFESOR\/A ADGD0210 CREACI\u00d3N Y I GESTI\u00d3N DE MICROEMPRESAS T&#8217;AVALEM 2023<\/a><br \/>\n<a href=\"https:\/\/www.vilademuro.net\/wp-content\/uploads\/2024\/02\/Calendario-Actuaciones-Previsto-TAVALEM-2023-DOCENTE-ADGD0210.pdf\">CALENDARIO SELECCI\u00d3N PROFESOR\/A\u00a0 ADGD0210 CREACI\u00d3N Y GESTI\u00d3N DE MICROEMPRESAS<\/a><br \/>\nLa documentaci\u00f3n y las solicitudes deben presentarse (ALERTA!!!! del 18 al 31 de octubre de 2024) preferiblemente por sede electr\u00f3nica por instancia general https:\/\/vilademuro.sedelectronica.es\/info.0<br \/>\n<a href=\"https:\/\/www.vilademuro.net\/wp-content\/uploads\/2024\/02\/Bases-Seleccion-PERSONAL-Garantia-Juvenil-Final_MURO.pdf\">BASES SELECCI\u00d3N PERSONAL T&#8217;AVALEM 2023<\/a><br \/>\n<a href=\"https:\/\/www.vilademuro.net\/wp-content\/uploads\/2024\/02\/ANEXO-II-PDDA.pdf\">SOLICITUD<\/a><br \/>\n<a href=\"https:\/\/www.vilademuro.net\/wp-content\/uploads\/2024\/02\/ANEXO-III-BASES-SELLECCION-PERSONAL.pdf\">CURR\u00cdCULUM<\/a><br \/>\n<a href=\"https:\/\/www.vilademuro.net\/wp-content\/uploads\/2024\/02\/32-ACTA-BAREMO-PROVISIONAL-DOCENTE-ADGD0210-TAVALEM-2023.pdf\">ACTA BAREMACI\u00d3N PROVISIONAL PROFESOR\/A\u00a0 ADGD0210 CREACI\u00d3N Y GESTI\u00d3N DE MICROEMPRESAS T\u2019AVALEM 2023<\/a><br \/>\n<a href=\"https:\/\/www.vilademuro.net\/wp-content\/uploads\/2024\/02\/34-ACTA-DEFINITIVA-DOCENTE-ADGD0210-TAVALEM-2023.pdf\">ACTA DEFINITIVA PROFESOR\/A\u00a0 ADGD0210 CREACI\u00d3N Y GESTI\u00d3N DE MICROEMPRESAS T\u2019AVALEM 2023<\/a><\/p>\n<p>\u2014 ALUMNOS\/TRABAJADORES \u2014<br \/>\n<a href=\"https:\/\/www.vilademuro.net\/wp-content\/uploads\/2024\/02\/Bases-Seleccion-ALUMNADO-Garantia-Juvenil-Final_MURO-1.pdf\" target=\"_blank\" rel=\"noopener\">BASES SELECCI\u00d3N ALUMNADO T&#8217;AVALEM 2023<\/a><br \/>\n<a href=\"https:\/\/www.vilademuro.net\/wp-content\/uploads\/2024\/02\/2-LISTADO-CANDIDATOS-ALUMNOS-TAVALEM-2023.pdf\">LISTADO DE CANDIDATOS T&#8217;AVALEM 2023<\/a> (ALERTA!! Os recordamos que el plazo para presentar la documentaci\u00f3n es del 16 al 20 de febrero 2024)<br \/>\n<a href=\"https:\/\/www.vilademuro.net\/wp-content\/uploads\/2024\/02\/CONVOCATORIA-ENTREVISTAS-ALUMNOS-TAVALEM-2023.pdf\">CONVOCATORIA ENTREVISTAS ALUMNOS T&#8217;AVALEM 2023<\/a><br \/>\n<a href=\"https:\/\/www.vilademuro.net\/wp-content\/uploads\/2024\/02\/4-ACTA-BAREMO-PROVISIONAL-ALUMNOS-TAVALEM-2023.pdf\">ACTA PROVISIONAL DEL PROCESO DE SELECCI\u00d3N DEL ALUMNADO T&#8217;AVALEM 2023<\/a><br \/>\n<a href=\"https:\/\/www.vilademuro.net\/wp-content\/uploads\/2024\/02\/6-ACTA-DEFINITIVA-ALUMNOS-TAVALEM-2023.pdf\">ACTA DEFINITIVA DEL PROCESO DE SELECCI\u00d3N DEL ALUMNADO T&#8217;AVALEM 2023<\/a><\/p>\n<p>\u2014 ALUMNO\/TRABAJADOR ESPECIALIDAD AGAR0309 \u00c1rea FORESTAL \u2014<br \/>\n<a href=\"https:\/\/www.vilademuro.net\/wp-content\/uploads\/2024\/02\/8-ACTA-SELECCION-ALUMNO-AGAR-TAVALEM-2023.pdf\">ACTA SELECCI\u00d3N ALUMNO-TRABAJADOR AGAR T&#8217;AVALEM 2023<\/a><br \/>\n<a href=\"https:\/\/www.vilademuro.net\/wp-content\/uploads\/2024\/02\/Calendario-Actuaciones-Previsto-TAVALEM-2023-ALUMNO-AGAR.pdf\">CALENDARI DEFINITIU ACTUACIONS T&#8217;AVALEM 2023<\/a><br \/>\n<a href=\"https:\/\/www.vilademuro.net\/wp-content\/uploads\/2024\/02\/LISTADO-CANDIDATOS-ALUMNOS-AGAR-TAVALEM-2023.pdf\">LISTADO DE CANDIDATOS ESPECIALIDAD AGAR0309 \u00c1rea FORESTAL T&#8217;AVALEM 2023<\/a> (ALERTA!! Os recordamos que el plazo para presentar la documentaci\u00f3n es del 21 al 22 de marzo 2024)<br \/>\n<a href=\"https:\/\/www.vilademuro.net\/wp-content\/uploads\/2024\/02\/CONVOCATORIA-ENTREVISTAS-ALUMNOS-AGAR-TAVALEM-2023.pdf\">CONVOCATORIA ENTREVISTAS CANDIDATOS ESPECIALIDAD AGAR0309 \u00c1rea FORESTAL T&#8217;AVALEM 2023<\/a><br \/>\n<a href=\"https:\/\/www.vilademuro.net\/wp-content\/uploads\/2024\/02\/10-ACTA-BAREMO-PROVISIONAL-ALUMNOS-AGAR-TAVALEM-2023.pdf\">ACTA PROVISIONAL DEL PROC\u00c9S DE SELECCI\u00d3 CANDIDATOS ESPECIALIDAD AGAR0309 \u00c1rea FORESTAL T&#8217;AVALEM 2023<\/a><br \/>\n<a href=\"https:\/\/www.vilademuro.net\/wp-content\/uploads\/2024\/02\/11-ACTA-DEFINITIVA-ALUMNOS-AGAR-TAVALEM-2023.pdf\">ACTA DEFINITIVA DEL PROC\u00c9S DE SELECCI\u00d3 CANDIDATOS ESPECIALIDAD AGAR0309 \u00c1rea FORESTAL T&#8217;AVALEM 2023<\/a><\/p>\n<p>\u2014 ALUMNO\/TRABAJADOR ESPECIALIDAD AGAR0309 \u00c1rea FORESTAL \u2014<br \/>\n<a href=\"https:\/\/www.vilademuro.net\/wp-content\/uploads\/2024\/02\/13-ACTA-SELECCION-ALUMNOS-AGAR-TAVALEM-2023-NUEVO.pdf\" target=\"_blank\" rel=\"noopener\">ACTA SELECCI\u00d3N ALUMNO-TRABAJADOR AGAR T&#8217;AVALEM 2023<\/a><br \/>\n<a href=\"https:\/\/www.vilademuro.net\/wp-content\/uploads\/2024\/02\/Calendario-Actuaciones-Previsto-TAVALEM-2023-ALUMNO-AGAR-NUEVO.pdf\">CALENDARIO DEFINITIVO ACTUACIONES T&#8217;AVALEM 2023<\/a><br \/>\n<a href=\"https:\/\/www.vilademuro.net\/wp-content\/uploads\/2024\/02\/LISTADO-CANDIDATOS-ALUMNOS-AGAR-TAVALEM-2023-2.pdf\" target=\"_blank\" rel=\"noopener\">LISTADO DE CANDIDATOS ESPECIALIDAD AGAR0309 \u00c1rea FORESTAL T&#8217;AVALEM 2023<\/a> (ALERTA!! Os recordamos que el plazo para presentar la documentaci\u00f3n es del 9 al 10 de abril 2024)<br \/>\n<a href=\"https:\/\/www.vilademuro.net\/wp-content\/uploads\/2024\/02\/CONVOCATORIA-ENTREVISTAS-ALUMNOS-AGAR-TAVALEM-2023-2.pdf\" target=\"_blank\" rel=\"noopener\">CONVOCATORIA ENTREVISTAS CANDIDATOS ESPECIALIDAD AGAR0309 \u00c1rea FORESTAL T&#8217;AVALEM 2023<\/a><br \/>\n<a href=\"https:\/\/www.vilademuro.net\/wp-content\/uploads\/2024\/02\/16-ACTA-BAREMO-PROVISIONAL-ALUMNOS-AGAR-TAVALEM-2023.pdf\" target=\"_blank\" rel=\"noopener\">ACTA PROVISIONAL DEL PROC\u00c9S DE SELECCI\u00d3 CANDIDATOS ESPECIALIDAD AGAR0309 \u00c1rea FORESTAL T&#8217;AVALEM 2023<\/a><br \/>\n<a href=\"https:\/\/www.vilademuro.net\/wp-content\/uploads\/2024\/02\/Calendario-Actuaciones-Previsto-TAVALEM-2023-ALUMNO-AGAR-NUEVO-2.pdf\" target=\"_blank\" rel=\"noopener\">NUEVO CALENDARIO DEFINITIVO ACTUACIONES T&#8217;AVALEM 2023<\/a><br \/>\n<a href=\"https:\/\/www.vilademuro.net\/wp-content\/uploads\/2024\/02\/17-ACTA-DEFINITIVA-ALUMNOS-AGAR-TAVALEM-2023.pdf\" target=\"_blank\" rel=\"noopener\">ACTA DEFINITIVA DEL PROC\u00c9S DE SELECCI\u00d3 CANDIDATOS ESPECIALIDAD AGAR0309 \u00c1rea FORESTAL T&#8217;AVALEM 2023<\/a><\/p>\n<p>\u2014 ALUMNO\/TRABAJADOR ESPECIALIDAD EOCB0108 \u00c1rea ALBA\u00d1ILERIA y ACABADOS\u2014 NUEVO !<br \/>\n<a href=\"https:\/\/www.vilademuro.net\/wp-content\/uploads\/2024\/02\/22-ACTA-SELECCION-ALUMNOS-EOCB0108-TAVALEM-2023.pdf\">ACTA SELECCI\u00d3N ALUMNO-TRABAJADOR EOCB0108 T&#8217;AVALEM 2023<\/a><br \/>\n<a href=\"https:\/\/www.vilademuro.net\/wp-content\/uploads\/2024\/02\/Calendario-Actuaciones-Previsto-TAVALEM-2023-ALUMNO-EOCB0108.pdf\">CALENDARIO DEFINITIVO ACTUACIONES EOCB0108 T&#8217;AVALEM 2023<\/a><br \/>\nLISTADO DE CANDIDATOS ESPECIALIDADEOCB0108 \u00c1rea ALBA\u00d1ILERIA y ACABADOS TAVALEM 2023 (ALERTA!! Os recordamos que el plazo para presentar la documentaci\u00f3n es del 16 al 18 de septiembre 2024)<br \/>\n<a href=\"https:\/\/www.vilademuro.net\/wp-content\/uploads\/2024\/02\/CONVOCATORIA-ENTREVISTAS-ALUMNOS-EOCB-TAVALEM-2023.pdf\">CONVOCATORIA ENTREVISTAS CANDIDATOS ESPECIALIDAD EOCB0108 \u00c1rea ALBA\u00d1ILERIA y ACABADOS T&#8217;AVALEM 2023<\/a><br \/>\n<a href=\"https:\/\/www.vilademuro.net\/wp-content\/uploads\/2024\/02\/23-ACTA-BAREMO-PROVISIONAL-ALUMNOS-EOCB0108-TAVALEM-2023.pdf\">NUEVA\u00a0 ACTA SELECCI\u00d3N ALUMNO-TRABAJADOR EOCB0108 T&#8217;AVALEM 2023<\/a><br \/>\nNUEVO CALENDARIO ACTUACIONES EOCB0108 T&#8217;AVALEM 2023<br \/>\n<a href=\"https:\/\/www.vilademuro.net\/wp-content\/uploads\/2024\/02\/LISTADO-CANDIDATOS-ALUMNOS-TAVALEM-2023-EOCB0108-2.pdf\">NUEVO LISTADO DE CANDIDATOS ESPECIALIDADEOCB0108 \u00c1rea ALBA\u00d1ILERIA y ACABADOS T&#8217;AVALEM 2023<\/a> (ALERTA!! Os recordamos que el plazo para presentar la documentaci\u00f3n es del 21 al 23 de septiembre 2024)<br \/>\n<a href=\"https:\/\/www.vilademuro.net\/wp-content\/uploads\/2024\/02\/24-ACTA-BAREMO-PROVISIONAL-ALUMNOS-EOCB0108-TAVALEM-2023.pdf\">NUEVA\u00a0 ACTA SELECCI\u00d3N ALUMNO-TRABAJADOR EOCB0108 T&#8217;AVALEM 2023<\/a><br \/>\n<a href=\"https:\/\/www.vilademuro.net\/wp-content\/uploads\/2024\/02\/Calendario-Actuaciones-Previsto-TAVALEM-2023-ALUMNO-EOCB0108-4.pdf\">NUEVO CALENDARIO ACTUACIONES EOCB0108 T&#8217;AVALEM 2023<\/a><br \/>\n<a href=\"https:\/\/www.vilademuro.net\/wp-content\/uploads\/2024\/02\/CONVOCATORIA-ENTREVISTAS-ALUMNOS-EOCB-TAVALEM-2023-2.pdf\">CONVOCATORIA ENTREVISTAS CANDIDATOS ESPECIALIDAD EOCB0108 \u00c1rea ALBA\u00d1ILERIA y ACABADOS T&#8217;AVALEM 2023<\/a><br \/>\n<a href=\"https:\/\/www.vilademuro.net\/wp-content\/uploads\/2024\/02\/25-ACTA-BAREMO-PROVISIONAL-ALUMNOS-EOCB0108-TAVALEM-2023.pdf\">ACTA PROVISIONAL DEL PROC\u00c9S DE SELECCI\u00d3 CANDIDATOS ESPECIALIDAD EOCB0108 \u00c1rea ALBA\u00d1ILERIA y ACABADOS T&#8217;AVALEM 2023<\/a><br \/>\n<a href=\"https:\/\/www.vilademuro.net\/wp-content\/uploads\/2024\/02\/26-ACTA-DEFINITIVA-ALUMNOS-EOCB0108-TAVALEM-2023.pdf\">ACTA DEFINITIVA DEL PROC\u00c9S DE SELECCI\u00d3 CANDIDATOS ESPECIALIDAD EOCB0108 \u00c1rea ALBA\u00d1ILERIA y ACABADOS T&#8217;AVALEM 2023<\/a><br \/>\n<a href=\"https:\/\/www.vilademuro.net\/wp-content\/uploads\/2024\/02\/27-ACTA-SELECCION-ALUMNOS-EOCB0108-TAVALEM-2023.pdf\">NUEVA\u00a0 ACTA SELECCI\u00d3N ALUMNO-TRABAJADOR EOCB0108 T&#8217;AVALEM 2023<\/a><br \/>\n<a href=\"https:\/\/www.vilademuro.net\/wp-content\/uploads\/2024\/02\/Calendario-Actuaciones-Previsto-TAVALEM-2023-ALUMNO-EOCB0108-5.pdf\">NUEVO CALENDARIO ACTUACIONES EOCB0108 T&#8217;AVALEM 2023<\/a><br \/>\n<a href=\"https:\/\/www.vilademuro.net\/wp-content\/uploads\/2024\/02\/LISTADO-CANDIDATOS-ALUMNOS-TAVALEM-2023-EOCB0108-3.pdf\">NUEVO LISTADO DE CANDIDATOS ESPECIALIDADEOCB0108 \u00c1rea ALBA\u00d1ILERIA y ACABADOS T&#8217;AVALEM 2023<\/a> (ALERTA!! Os recordamos que el plazo para presentar la documentaci\u00f3n es del 3 al 4 de octubre 2024)<br \/>\n<a href=\"https:\/\/www.vilademuro.net\/wp-content\/uploads\/2024\/02\/CONVOCATORIA-ENTREVISTAS-ALUMNOS-EOCB-TAVALEM-2023-3.pdf\">CONVOCATORIA ENTREVISTAS CANDIDATOS ESPECIALIDAD EOCB0108 \u00c1rea ALBA\u00d1ILERIA y ACABADOS T&#8217;AVALEM 2023<\/a><br \/>\n<a href=\"https:\/\/www.vilademuro.net\/wp-content\/uploads\/2024\/02\/28-ACTA-BAREMO-PROVISIONAL-ALUMNOS-EOCB0108-TAVALEM-2023.pdf\">ACTA PROVISIONAL DEL PROCESO DE SELECCI\u00d3N CANDIDATOS ESPECIALIDAD EOCB0108 \u00c1rea ALBA\u00d1ILERIA y ACABADOS T&#8217;AVALEM 2023<\/a><br \/>\n<a href=\"https:\/\/www.vilademuro.net\/wp-content\/uploads\/2024\/02\/29-ACTA-DEFINITIVA-ALUMNOS-EOCB0108-TAVALEM-2023.pdf\">ACTA PROVISIONAL DEL PROCES DE SELECCI\u00d3N CANDIDATOS ESPECIALIDAD EOCB0108 \u00c1rea ALBA\u00d1ILERIA y ACABADOS T&#8217;AVALEM 2023<\/a><\/p>\n<p>\u2014 ALUMNO\/TRABAJADOR ESPECIALIDAD ADGD0210 \u00c1rea ADMINISTRACI\u00d3N Y AUDITOR\u00cdA\u2014 \u00a1NUEVO !<br \/>\n<a href=\"https:\/\/www.vilademuro.net\/wp-content\/uploads\/2024\/02\/31-ACTA-SELECCION-ALUMNOS-ADGD0210-TAVALEM-2023.pdf\">ACTA SELECCI\u00d3N ALUMNO-TRABAJADOR ADGD0210 T&#8217;AVALEM 2023<\/a><br \/>\n<a href=\"https:\/\/www.vilademuro.net\/wp-content\/uploads\/2024\/02\/Calendario-Actuaciones-Previsto-TAVALEM-2023-ALUMNO-ADGD0210.pdf\">CALENDARIO ACTUACIONES ADGD0210 T&#8217;AVALEM 2023<\/a><br \/>\n<a href=\"https:\/\/www.vilademuro.net\/wp-content\/uploads\/2024\/02\/LISTADO-CANDIDATOS-ALUMNOS-TAVALEM-2023-ADGD0210.pdf\">LISTADO DE CANDIDATOS ESPECIALIDAD ADGD0210 \u00c1rea ADMINISTRACI\u00d3N Y AUDITOR\u00cdA T&#8217;AVALEM 2023<\/a> (ALERTA!! Os recordamos que el plazo para presentar la documentaci\u00f3n es del 30 de octubre al 4 de noviembre de 2024)<br \/>\n<a href=\"https:\/\/www.vilademuro.net\/wp-content\/uploads\/2024\/02\/ENTREVISTAS-CANDIDATOS-ALUMNOS-TAVALEM-2023-ADGD0210.pdf\">CONVOCATORIA ENTREVISTAS CANDIDATOS ESPECIALIDAD ADGD0210 \u00c1rea ADMINISTRACI\u00d3N Y AUDITOR\u00cdA T&#8217;AVALEM 2023<\/a><br \/>\n<a href=\"https:\/\/www.vilademuro.net\/wp-content\/uploads\/2024\/02\/33-ACTA-BAREMO-PROVISIONAL-ALUMNOS-ADGD0210-TAVALEM-2023.pdf\">ACTA PROVISIONAL DEL PROCESO DE SELECCI\u00d3N CANDIDATOS ESPECIALIDAD ADGD0210 \u00c1rea ADMINISTRACI\u00d3N Y AUDITOR\u00cdA T&#8217;AVALEM 2023<\/a><br \/>\n<a href=\"https:\/\/www.vilademuro.net\/wp-content\/uploads\/2024\/02\/35-ACTA-DEFINITIVA-ALUMNOS-ADGD0210-TAVALEM-2023.pdf\">ACTA DEFINITIVA DEL PROCESO DE SELECCI\u00d3N CANDIDATOS ESPECIALIDAD ADGD0210 \u00c1rea ADMINISTRACI\u00d3N Y AUDITOR\u00cdA T&#8217;AVALEM 2023<\/a><\/p>\n<p><img loading=\"lazy\" decoding=\"async\" class=\"alignnone wp-image-40775\" src=\"https:\/\/www.vilademuro.net\/wp-content\/uploads\/2020\/12\/logo_labora-web.jpg\" alt=\"\" width=\"271\" height=\"61\" srcset=\"https:\/\/www.vilademuro.net\/wp-content\/uploads\/2020\/12\/logo_labora-web.jpg 453w, https:\/\/www.vilademuro.net\/wp-content\/uploads\/2020\/12\/logo_labora-web-300x68.jpg 300w\" sizes=\"(max-width: 271px) 100vw, 271px\" \/><img loading=\"lazy\" decoding=\"async\" class=\"alignnone size-full wp-image-42761\" src=\"https:\/\/www.vilademuro.net\/wp-content\/uploads\/2021\/07\/2021_07_21-sepe-1.png\" alt=\"\" width=\"247\" height=\"51\" \/><img loading=\"lazy\" decoding=\"async\" class=\"alignnone wp-image-42755\" src=\"https:\/\/www.vilademuro.net\/wp-content\/uploads\/2021\/07\/2021_07_21-FSE.png\" alt=\"\" width=\"90\" height=\"90\" \/><\/p>\n","protected":false},"excerpt":{"rendered":"<p>ACTA N\u00ba1 CONSTITUCI\u00d3N GRUPO DE SELECCI\u00d3N_Muro de Alcoy 2023 CALENDARI DEFINITIU ACTUACIONS T&#8217;AVALEM 2023 \u2014 PERSONAL DIRECTIVO, DOCENTE Y AUXILIAR ADMINISTRATIVO \u2014 La documentaci\u00f3n y solicitudes deben presentarse (ALERTA!!!! del [&hellip;]<\/p>\n","protected":false},"author":9,"featured_media":31121,"comment_status":"closed","ping_status":"closed","sticky":false,"template":"","format":"standard","meta":{"_et_pb_use_builder":"","_et_pb_old_content":"","_et_gb_content_width":"","footnotes":""},"categories":[50,63,51,49,111],"tags":[],"class_list":["post-51436","post","type-post","status-publish","format-standard","has-post-thumbnail","hentry","category-adl-es","category-areas","category-destacat-es","category-noticias","category-taller-de-empleo"],"yoast_head":"<!-- This site is optimized with the Yoast SEO plugin v27.1.1 - https:\/\/yoast.com\/product\/yoast-seo-wordpress\/ -->\n<title>PROCESO DE SELECCI\u00d3N TALLER EMPLEO &quot;T&#039;AVALEM MURO JOVE II&quot; FOTAV\/2023\/13\/03 | Ajuntament de Muro<\/title>\n<meta name=\"robots\" content=\"index, follow, max-snippet:-1, max-image-preview:large, max-video-preview:-1\" \/>\n<link rel=\"canonical\" href=\"https:\/\/www.vilademuro.net\/es\/proceso-de-seleccion-taller-empleo-tavalem-muro-jove-ii-fotav-2023-13-03-3\/\" \/>\n<meta property=\"og:locale\" content=\"es_ES\" \/>\n<meta property=\"og:type\" content=\"article\" \/>\n<meta property=\"og:title\" content=\"PROCESO DE SELECCI\u00d3N TALLER EMPLEO &quot;T&#039;AVALEM MURO JOVE II&quot; FOTAV\/2023\/13\/03 | Ajuntament de Muro\" \/>\n<meta property=\"og:description\" content=\"ACTA N\u00ba1 CONSTITUCI\u00d3N GRUPO DE SELECCI\u00d3N_Muro de Alcoy 2023 CALENDARI DEFINITIU ACTUACIONS T&#8217;AVALEM 2023 \u2014 PERSONAL DIRECTIVO, DOCENTE Y AUXILIAR ADMINISTRATIVO \u2014 La documentaci\u00f3n y solicitudes deben presentarse (ALERTA!!!! del [&hellip;]\" \/>\n<meta property=\"og:url\" content=\"https:\/\/www.vilademuro.net\/es\/proceso-de-seleccion-taller-empleo-tavalem-muro-jove-ii-fotav-2023-13-03-3\/\" \/>\n<meta property=\"og:site_name\" content=\"Ajuntament de Muro\" \/>\n<meta property=\"article:publisher\" content=\"https:\/\/www.facebook.com\/murodealcoy\" \/>\n<meta property=\"article:published_time\" content=\"2024-02-05T11:42:53+00:00\" \/>\n<meta property=\"article:modified_time\" content=\"2024-11-19T11:15:59+00:00\" \/>\n<meta property=\"og:image\" content=\"https:\/\/www.vilademuro.net\/wp-content\/uploads\/2019\/12\/Taller-ocupacio.jpg\" \/>\n\t<meta property=\"og:image:width\" content=\"260\" \/>\n\t<meta property=\"og:image:height\" content=\"120\" \/>\n\t<meta property=\"og:image:type\" content=\"image\/jpeg\" \/>\n<meta name=\"author\" content=\"Manolo Moll\" \/>\n<meta name=\"twitter:card\" content=\"summary_large_image\" \/>\n<meta name=\"twitter:creator\" content=\"@AjuntamentMuro\" \/>\n<meta name=\"twitter:site\" content=\"@AjuntamentMuro\" \/>\n<meta name=\"twitter:label1\" content=\"Escrito por\" \/>\n\t<meta name=\"twitter:data1\" content=\"Manolo Moll\" \/>\n\t<meta name=\"twitter:label2\" content=\"Tiempo de lectura\" \/>\n\t<meta name=\"twitter:data2\" content=\"3 minutos\" \/>\n<script type=\"application\/ld+json\" class=\"yoast-schema-graph\">{\"@context\":\"https:\/\/schema.org\",\"@graph\":[{\"@type\":\"Article\",\"@id\":\"https:\/\/www.vilademuro.net\/es\/proceso-de-seleccion-taller-empleo-tavalem-muro-jove-ii-fotav-2023-13-03-3\/#article\",\"isPartOf\":{\"@id\":\"https:\/\/www.vilademuro.net\/es\/proceso-de-seleccion-taller-empleo-tavalem-muro-jove-ii-fotav-2023-13-03-3\/\"},\"author\":{\"name\":\"Manolo Moll\",\"@id\":\"https:\/\/www.vilademuro.net\/es\/#\/schema\/person\/a42e266ef9e9ced94f63a10cae995cb3\"},\"headline\":\"PROCESO DE SELECCI\u00d3N TALLER EMPLEO \u00abT&#8217;AVALEM MURO JOVE II\u00bb FOTAV\/2023\/13\/03\",\"datePublished\":\"2024-02-05T11:42:53+00:00\",\"dateModified\":\"2024-11-19T11:15:59+00:00\",\"mainEntityOfPage\":{\"@id\":\"https:\/\/www.vilademuro.net\/es\/proceso-de-seleccion-taller-empleo-tavalem-muro-jove-ii-fotav-2023-13-03-3\/\"},\"wordCount\":968,\"publisher\":{\"@id\":\"https:\/\/www.vilademuro.net\/es\/#organization\"},\"image\":{\"@id\":\"https:\/\/www.vilademuro.net\/es\/proceso-de-seleccion-taller-empleo-tavalem-muro-jove-ii-fotav-2023-13-03-3\/#primaryimage\"},\"thumbnailUrl\":\"https:\/\/www.vilademuro.net\/wp-content\/uploads\/2019\/12\/Taller-ocupacio.jpg\",\"articleSection\":[\"ADL\",\"\u00c1reas\",\"Destacat\",\"Noticias\",\"Taller de empleo\"],\"inLanguage\":\"es\"},{\"@type\":\"WebPage\",\"@id\":\"https:\/\/www.vilademuro.net\/es\/proceso-de-seleccion-taller-empleo-tavalem-muro-jove-ii-fotav-2023-13-03-3\/\",\"url\":\"https:\/\/www.vilademuro.net\/es\/proceso-de-seleccion-taller-empleo-tavalem-muro-jove-ii-fotav-2023-13-03-3\/\",\"name\":\"PROCESO DE SELECCI\u00d3N TALLER EMPLEO \\\"T'AVALEM MURO JOVE II\\\" FOTAV\/2023\/13\/03 | Ajuntament de Muro\",\"isPartOf\":{\"@id\":\"https:\/\/www.vilademuro.net\/es\/#website\"},\"primaryImageOfPage\":{\"@id\":\"https:\/\/www.vilademuro.net\/es\/proceso-de-seleccion-taller-empleo-tavalem-muro-jove-ii-fotav-2023-13-03-3\/#primaryimage\"},\"image\":{\"@id\":\"https:\/\/www.vilademuro.net\/es\/proceso-de-seleccion-taller-empleo-tavalem-muro-jove-ii-fotav-2023-13-03-3\/#primaryimage\"},\"thumbnailUrl\":\"https:\/\/www.vilademuro.net\/wp-content\/uploads\/2019\/12\/Taller-ocupacio.jpg\",\"datePublished\":\"2024-02-05T11:42:53+00:00\",\"dateModified\":\"2024-11-19T11:15:59+00:00\",\"breadcrumb\":{\"@id\":\"https:\/\/www.vilademuro.net\/es\/proceso-de-seleccion-taller-empleo-tavalem-muro-jove-ii-fotav-2023-13-03-3\/#breadcrumb\"},\"inLanguage\":\"es\",\"potentialAction\":[{\"@type\":\"ReadAction\",\"target\":[\"https:\/\/www.vilademuro.net\/es\/proceso-de-seleccion-taller-empleo-tavalem-muro-jove-ii-fotav-2023-13-03-3\/\"]}]},{\"@type\":\"ImageObject\",\"inLanguage\":\"es\",\"@id\":\"https:\/\/www.vilademuro.net\/es\/proceso-de-seleccion-taller-empleo-tavalem-muro-jove-ii-fotav-2023-13-03-3\/#primaryimage\",\"url\":\"https:\/\/www.vilademuro.net\/wp-content\/uploads\/2019\/12\/Taller-ocupacio.jpg\",\"contentUrl\":\"https:\/\/www.vilademuro.net\/wp-content\/uploads\/2019\/12\/Taller-ocupacio.jpg\",\"width\":260,\"height\":120,\"caption\":\"Taller ocupacio\"},{\"@type\":\"BreadcrumbList\",\"@id\":\"https:\/\/www.vilademuro.net\/es\/proceso-de-seleccion-taller-empleo-tavalem-muro-jove-ii-fotav-2023-13-03-3\/#breadcrumb\",\"itemListElement\":[{\"@type\":\"ListItem\",\"position\":1,\"name\":\"Inici\",\"item\":\"https:\/\/www.vilademuro.net\/es\/\"},{\"@type\":\"ListItem\",\"position\":2,\"name\":\"PROCESO DE SELECCI\u00d3N TALLER EMPLEO &#8220;T&#8217;AVALEM MURO JOVE II&#8221; FOTAV\/2023\/13\/03\"}]},{\"@type\":\"WebSite\",\"@id\":\"https:\/\/www.vilademuro.net\/es\/#website\",\"url\":\"https:\/\/www.vilademuro.net\/es\/\",\"name\":\"Ajuntament de Muro d'Alcoi\",\"description\":\"P\u00e1gina web oficial de l&#039;Ajuntament de Muro\",\"publisher\":{\"@id\":\"https:\/\/www.vilademuro.net\/es\/#organization\"},\"potentialAction\":[{\"@type\":\"SearchAction\",\"target\":{\"@type\":\"EntryPoint\",\"urlTemplate\":\"https:\/\/www.vilademuro.net\/es\/?s={search_term_string}\"},\"query-input\":{\"@type\":\"PropertyValueSpecification\",\"valueRequired\":true,\"valueName\":\"search_term_string\"}}],\"inLanguage\":\"es\"},{\"@type\":\"Organization\",\"@id\":\"https:\/\/www.vilademuro.net\/es\/#organization\",\"name\":\"Ajuntament de Muro\",\"url\":\"https:\/\/www.vilademuro.net\/es\/\",\"logo\":{\"@type\":\"ImageObject\",\"inLanguage\":\"es\",\"@id\":\"https:\/\/www.vilademuro.net\/es\/#\/schema\/logo\/image\/\",\"url\":\"https:\/\/www.vilademuro.net\/wp-content\/uploads\/2022\/10\/LOGO3-2.jpg\",\"contentUrl\":\"https:\/\/www.vilademuro.net\/wp-content\/uploads\/2022\/10\/LOGO3-2.jpg\",\"width\":756,\"height\":517,\"caption\":\"Ajuntament de Muro\"},\"image\":{\"@id\":\"https:\/\/www.vilademuro.net\/es\/#\/schema\/logo\/image\/\"},\"sameAs\":[\"https:\/\/www.facebook.com\/murodealcoy\",\"https:\/\/x.com\/AjuntamentMuro\",\"https:\/\/www.youtube.com\/channel\/UC2rwbKfRqsd1Ncwm6Y1prQw\"]},{\"@type\":\"Person\",\"@id\":\"https:\/\/www.vilademuro.net\/es\/#\/schema\/person\/a42e266ef9e9ced94f63a10cae995cb3\",\"name\":\"Manolo Moll\",\"image\":{\"@type\":\"ImageObject\",\"inLanguage\":\"es\",\"@id\":\"https:\/\/www.vilademuro.net\/es\/#\/schema\/person\/image\/\",\"url\":\"https:\/\/secure.gravatar.com\/avatar\/a3221566d53d0f1136f8c6f2cfcd2956c691deadb08d33bb4b275a4da7bd7260?s=96&d=mm&r=g\",\"contentUrl\":\"https:\/\/secure.gravatar.com\/avatar\/a3221566d53d0f1136f8c6f2cfcd2956c691deadb08d33bb4b275a4da7bd7260?s=96&d=mm&r=g\",\"caption\":\"Manolo Moll\"}}]}<\/script>\n<!-- \/ Yoast SEO plugin. -->","yoast_head_json":{"title":"PROCESO DE SELECCI\u00d3N TALLER EMPLEO \"T'AVALEM MURO JOVE II\" FOTAV\/2023\/13\/03 | Ajuntament de Muro","robots":{"index":"index","follow":"follow","max-snippet":"max-snippet:-1","max-image-preview":"max-image-preview:large","max-video-preview":"max-video-preview:-1"},"canonical":"https:\/\/www.vilademuro.net\/es\/proceso-de-seleccion-taller-empleo-tavalem-muro-jove-ii-fotav-2023-13-03-3\/","og_locale":"es_ES","og_type":"article","og_title":"PROCESO DE SELECCI\u00d3N TALLER EMPLEO \"T'AVALEM MURO JOVE II\" FOTAV\/2023\/13\/03 | Ajuntament de Muro","og_description":"ACTA N\u00ba1 CONSTITUCI\u00d3N GRUPO DE SELECCI\u00d3N_Muro de Alcoy 2023 CALENDARI DEFINITIU ACTUACIONS T&#8217;AVALEM 2023 \u2014 PERSONAL DIRECTIVO, DOCENTE Y AUXILIAR ADMINISTRATIVO \u2014 La documentaci\u00f3n y solicitudes deben presentarse (ALERTA!!!! del [&hellip;]","og_url":"https:\/\/www.vilademuro.net\/es\/proceso-de-seleccion-taller-empleo-tavalem-muro-jove-ii-fotav-2023-13-03-3\/","og_site_name":"Ajuntament de Muro","article_publisher":"https:\/\/www.facebook.com\/murodealcoy","article_published_time":"2024-02-05T11:42:53+00:00","article_modified_time":"2024-11-19T11:15:59+00:00","og_image":[{"width":260,"height":120,"url":"https:\/\/www.vilademuro.net\/wp-content\/uploads\/2019\/12\/Taller-ocupacio.jpg","type":"image\/jpeg"}],"author":"Manolo Moll","twitter_card":"summary_large_image","twitter_creator":"@AjuntamentMuro","twitter_site":"@AjuntamentMuro","twitter_misc":{"Escrito por":"Manolo Moll","Tiempo de lectura":"3 minutos"},"schema":{"@context":"https:\/\/schema.org","@graph":[{"@type":"Article","@id":"https:\/\/www.vilademuro.net\/es\/proceso-de-seleccion-taller-empleo-tavalem-muro-jove-ii-fotav-2023-13-03-3\/#article","isPartOf":{"@id":"https:\/\/www.vilademuro.net\/es\/proceso-de-seleccion-taller-empleo-tavalem-muro-jove-ii-fotav-2023-13-03-3\/"},"author":{"name":"Manolo Moll","@id":"https:\/\/www.vilademuro.net\/es\/#\/schema\/person\/a42e266ef9e9ced94f63a10cae995cb3"},"headline":"PROCESO DE SELECCI\u00d3N TALLER EMPLEO \u00abT&#8217;AVALEM MURO JOVE II\u00bb FOTAV\/2023\/13\/03","datePublished":"2024-02-05T11:42:53+00:00","dateModified":"2024-11-19T11:15:59+00:00","mainEntityOfPage":{"@id":"https:\/\/www.vilademuro.net\/es\/proceso-de-seleccion-taller-empleo-tavalem-muro-jove-ii-fotav-2023-13-03-3\/"},"wordCount":968,"publisher":{"@id":"https:\/\/www.vilademuro.net\/es\/#organization"},"image":{"@id":"https:\/\/www.vilademuro.net\/es\/proceso-de-seleccion-taller-empleo-tavalem-muro-jove-ii-fotav-2023-13-03-3\/#primaryimage"},"thumbnailUrl":"https:\/\/www.vilademuro.net\/wp-content\/uploads\/2019\/12\/Taller-ocupacio.jpg","articleSection":["ADL","\u00c1reas","Destacat","Noticias","Taller de empleo"],"inLanguage":"es"},{"@type":"WebPage","@id":"https:\/\/www.vilademuro.net\/es\/proceso-de-seleccion-taller-empleo-tavalem-muro-jove-ii-fotav-2023-13-03-3\/","url":"https:\/\/www.vilademuro.net\/es\/proceso-de-seleccion-taller-empleo-tavalem-muro-jove-ii-fotav-2023-13-03-3\/","name":"PROCESO DE SELECCI\u00d3N TALLER EMPLEO \"T'AVALEM MURO JOVE II\" FOTAV\/2023\/13\/03 | Ajuntament de Muro","isPartOf":{"@id":"https:\/\/www.vilademuro.net\/es\/#website"},"primaryImageOfPage":{"@id":"https:\/\/www.vilademuro.net\/es\/proceso-de-seleccion-taller-empleo-tavalem-muro-jove-ii-fotav-2023-13-03-3\/#primaryimage"},"image":{"@id":"https:\/\/www.vilademuro.net\/es\/proceso-de-seleccion-taller-empleo-tavalem-muro-jove-ii-fotav-2023-13-03-3\/#primaryimage"},"thumbnailUrl":"https:\/\/www.vilademuro.net\/wp-content\/uploads\/2019\/12\/Taller-ocupacio.jpg","datePublished":"2024-02-05T11:42:53+00:00","dateModified":"2024-11-19T11:15:59+00:00","breadcrumb":{"@id":"https:\/\/www.vilademuro.net\/es\/proceso-de-seleccion-taller-empleo-tavalem-muro-jove-ii-fotav-2023-13-03-3\/#breadcrumb"},"inLanguage":"es","potentialAction":[{"@type":"ReadAction","target":["https:\/\/www.vilademuro.net\/es\/proceso-de-seleccion-taller-empleo-tavalem-muro-jove-ii-fotav-2023-13-03-3\/"]}]},{"@type":"ImageObject","inLanguage":"es","@id":"https:\/\/www.vilademuro.net\/es\/proceso-de-seleccion-taller-empleo-tavalem-muro-jove-ii-fotav-2023-13-03-3\/#primaryimage","url":"https:\/\/www.vilademuro.net\/wp-content\/uploads\/2019\/12\/Taller-ocupacio.jpg","contentUrl":"https:\/\/www.vilademuro.net\/wp-content\/uploads\/2019\/12\/Taller-ocupacio.jpg","width":260,"height":120,"caption":"Taller ocupacio"},{"@type":"BreadcrumbList","@id":"https:\/\/www.vilademuro.net\/es\/proceso-de-seleccion-taller-empleo-tavalem-muro-jove-ii-fotav-2023-13-03-3\/#breadcrumb","itemListElement":[{"@type":"ListItem","position":1,"name":"Inici","item":"https:\/\/www.vilademuro.net\/es\/"},{"@type":"ListItem","position":2,"name":"PROCESO DE SELECCI\u00d3N TALLER EMPLEO &#8220;T&#8217;AVALEM MURO JOVE II&#8221; FOTAV\/2023\/13\/03"}]},{"@type":"WebSite","@id":"https:\/\/www.vilademuro.net\/es\/#website","url":"https:\/\/www.vilademuro.net\/es\/","name":"Ajuntament de Muro d'Alcoi","description":"P\u00e1gina web oficial de l&#039;Ajuntament de Muro","publisher":{"@id":"https:\/\/www.vilademuro.net\/es\/#organization"},"potentialAction":[{"@type":"SearchAction","target":{"@type":"EntryPoint","urlTemplate":"https:\/\/www.vilademuro.net\/es\/?s={search_term_string}"},"query-input":{"@type":"PropertyValueSpecification","valueRequired":true,"valueName":"search_term_string"}}],"inLanguage":"es"},{"@type":"Organization","@id":"https:\/\/www.vilademuro.net\/es\/#organization","name":"Ajuntament de Muro","url":"https:\/\/www.vilademuro.net\/es\/","logo":{"@type":"ImageObject","inLanguage":"es","@id":"https:\/\/www.vilademuro.net\/es\/#\/schema\/logo\/image\/","url":"https:\/\/www.vilademuro.net\/wp-content\/uploads\/2022\/10\/LOGO3-2.jpg","contentUrl":"https:\/\/www.vilademuro.net\/wp-content\/uploads\/2022\/10\/LOGO3-2.jpg","width":756,"height":517,"caption":"Ajuntament de Muro"},"image":{"@id":"https:\/\/www.vilademuro.net\/es\/#\/schema\/logo\/image\/"},"sameAs":["https:\/\/www.facebook.com\/murodealcoy","https:\/\/x.com\/AjuntamentMuro","https:\/\/www.youtube.com\/channel\/UC2rwbKfRqsd1Ncwm6Y1prQw"]},{"@type":"Person","@id":"https:\/\/www.vilademuro.net\/es\/#\/schema\/person\/a42e266ef9e9ced94f63a10cae995cb3","name":"Manolo Moll","image":{"@type":"ImageObject","inLanguage":"es","@id":"https:\/\/www.vilademuro.net\/es\/#\/schema\/person\/image\/","url":"https:\/\/secure.gravatar.com\/avatar\/a3221566d53d0f1136f8c6f2cfcd2956c691deadb08d33bb4b275a4da7bd7260?s=96&d=mm&r=g","contentUrl":"https:\/\/secure.gravatar.com\/avatar\/a3221566d53d0f1136f8c6f2cfcd2956c691deadb08d33bb4b275a4da7bd7260?s=96&d=mm&r=g","caption":"Manolo Moll"}}]}},"_links":{"self":[{"href":"https:\/\/www.vilademuro.net\/es\/wp-json\/wp\/v2\/posts\/51436","targetHints":{"allow":["GET"]}}],"collection":[{"href":"https:\/\/www.vilademuro.net\/es\/wp-json\/wp\/v2\/posts"}],"about":[{"href":"https:\/\/www.vilademuro.net\/es\/wp-json\/wp\/v2\/types\/post"}],"author":[{"embeddable":true,"href":"https:\/\/www.vilademuro.net\/es\/wp-json\/wp\/v2\/users\/9"}],"replies":[{"embeddable":true,"href":"https:\/\/www.vilademuro.net\/es\/wp-json\/wp\/v2\/comments?post=51436"}],"version-history":[{"count":4,"href":"https:\/\/www.vilademuro.net\/es\/wp-json\/wp\/v2\/posts\/51436\/revisions"}],"predecessor-version":[{"id":54740,"href":"https:\/\/www.vilademuro.net\/es\/wp-json\/wp\/v2\/posts\/51436\/revisions\/54740"}],"wp:featuredmedia":[{"embeddable":true,"href":"https:\/\/www.vilademuro.net\/es\/wp-json\/wp\/v2\/media\/31121"}],"wp:attachment":[{"href":"https:\/\/www.vilademuro.net\/es\/wp-json\/wp\/v2\/media?parent=51436"}],"wp:term":[{"taxonomy":"category","embeddable":true,"href":"https:\/\/www.vilademuro.net\/es\/wp-json\/wp\/v2\/categories?post=51436"},{"taxonomy":"post_tag","embeddable":true,"href":"https:\/\/www.vilademuro.net\/es\/wp-json\/wp\/v2\/tags?post=51436"}],"curies":[{"name":"wp","href":"https:\/\/api.w.org\/{rel}","templated":true}]}}