{"id":48930,"date":"2023-06-27T14:50:01","date_gmt":"2023-06-27T12:50:01","guid":{"rendered":"https:\/\/www.vilademuro.net\/convocatoria-de-subvenciones-en-concurrencia-competitiva-de-las-ayudas-economicas-a-actividades-de-sensibilizacion-de-la-proteccion-del-medio-ambiente-y-animal-en-el-municipio-de-muro-de-alcoy-linea\/"},"modified":"2023-06-27T15:16:07","modified_gmt":"2023-06-27T13:16:07","slug":"convocatoria-de-subvenciones-en-concurrencia-competitiva-de-las-ayudas-economicas-a-actividades-de-sensibilizacion-de-la-proteccion-del-medio-ambiente-y-animal-en-el-municipio-de-muro-de-alcoy-linea","status":"publish","type":"post","link":"https:\/\/www.vilademuro.net\/es\/convocatoria-de-subvenciones-en-concurrencia-competitiva-de-las-ayudas-economicas-a-actividades-de-sensibilizacion-de-la-proteccion-del-medio-ambiente-y-animal-en-el-municipio-de-muro-de-alcoy-linea\/","title":{"rendered":"CONVOCATORIA DE SUBVENCIONES EN CONCURRENCIA COMPETITIVA DE LAS AYUDAS ECON\u00d3MICAS A ACTIVIDADES DE SENSIBILIZACI\u00d3N DE LA PROTECCI\u00d3N DEL MEDIO AMBIENTE Y ANIMAL, EN EL MUNICIPIO DE MURO DE ALCOY, L\u00cdNEA 4: SALUBRIDAD P\u00daBLICA."},"content":{"rendered":"<p align=\"justify\">El martes 27 de junio de 2023 se publica en el BOP la convocatoria de concurrencia competitiva de la linea 4: SALUBRIDAD P\u00daBLICA:<span id=\"page3R_mcid12\" class=\"markedContent\"><\/span><\/p>\n<p class=\"western\" align=\"justify\"><span style=\"font-family: Arial, sans-serif\"><span style=\"font-size: small\"><i>Primero. Beneficiarios:<\/i><\/span><\/span><\/p>\n<p align=\"justify\"><span style=\"font-family: Liberation Sans, sans-serif\">Pueden acceder a la condici\u00f3n de beneficiario de estas ayudas las entidades que cumplan con la base tercera de las bases espec\u00edficas del fomento de <span style=\"color: #000000\"><span style=\"font-size: small\"><span lang=\"es-ES\">a<\/span><\/span><\/span><span style=\"color: #000000\"><span style=\"font-size: small\"><span lang=\"es-ES\">ctividades de mejora educativa <\/span><\/span><\/span><span style=\"color: #000000\"><span style=\"font-size: small\"><span lang=\"es-ES\">s<\/span><\/span><\/span><span style=\"color: #000000\"><span style=\"font-size: small\"><span lang=\"es-ES\">iempre que no se traten de actividades de car\u00e1cter docente previstas en programas de ense\u00f1anza reglada.<\/span><\/span><\/span><\/span><\/p>\n<ul>\n<li>\n<p align=\"justify\"><span style=\"font-family: Liberation Sans, sans-serif\">Ser entidades o asociaciones sin \u00e1nimo de lucro, legalmente constituidas e inscritas en el Registro Municipal de Asociaciones, con sede en Muro, y que desarrollen sus actividades principalmente en el municipio.<\/span><\/p>\n<\/li>\n<li>\n<p align=\"justify\"><span style=\"font-family: Liberation Sans, sans-serif\">No haber sido sancionado mediante resoluci\u00f3n firme con la p\u00e9rdida de la posibilidad de obtener subvenciones de acuerdo con esta u otras leyes que as\u00ed lo establezcan.<\/span><\/p>\n<\/li>\n<li>\n<p align=\"justify\"><span style=\"font-family: Liberation Sans, sans-serif\">Estar al corriente de las obligaciones de pago y tributarias con Hacienda y la Seguridad Social, as\u00ed como haber procedido al reintegro de subvenciones pasadas en el caso de que procediera.<\/span><\/p>\n<\/li>\n<li>\n<p align=\"justify\"><span style=\"font-family: Liberation Sans, sans-serif\">No tener deudas en periodo ejecutivo de pago con el Ayuntamiento de Muro, a menos que estos estuvieran debidamente garantizados.<\/span><\/p>\n<\/li>\n<li>\n<p align=\"justify\"><span style=\"font-family: Liberation Sans, sans-serif\">No podr\u00e1n tener la condici\u00f3n de beneficiarios las entidades en las que concurra alguna de las circunstancias previstas en el art\u00edculo 13.2 y 13.3 de la Ley 38\/2003, General de Subvenciones.<\/span><\/p>\n<\/li>\n<\/ul>\n<p align=\"justify\"><span style=\"font-family: Liberation Sans, sans-serif\"><span style=\"font-size: small\">Los datos aportados podr\u00e1n ser objeto de cesi\u00f3n a la Base de Datos Nacional de Subvenciones, asimismo podr\u00edan aportarse a otras entidades p\u00fablicas a los efectos de comprobar su veracidad y la correcta aplicaci\u00f3n de la cantidad subvencionada.<\/span><\/span><\/p>\n<p class=\"western\" align=\"justify\"><span style=\"font-family: Arial, sans-serif\"><span style=\"font-size: small\"><i>Segundo. Objeto:<\/i><\/span><\/span><\/p>\n<ul>\n<li>\n<p align=\"justify\"><span style=\"font-family: Liberation Sans, Arial, sans-serif\"><span style=\"font-size: small\">Las presentes bases tienen por objeto regular la concesi\u00f3n en concurrencia competitiva, por parte del Ayuntamiento de Muro de Alcoy, y dentro de las ayudas contempladas en la L\u00ednea 4 de las bases espec\u00edficas, de ayudas para asociaciones que realicen actividades encaminadas hacia la sensibilizaci\u00f3n de la protecci\u00f3n del medio ambiente y de los animales, en el \u00e1mbito urbano y rural.<\/span><\/span><\/p>\n<p align=\"justify\">\n<\/li>\n<li>\n<p align=\"justify\"><span style=\"font-family: Liberation Sans, Arial, sans-serif\"><span style=\"font-size: small\">La concesi\u00f3n de las subvenciones ser\u00e1 en r\u00e9gimen de concurrencia competitiva, seg\u00fan lo establecido en el art\u00edculo 22.1 de la ley 38\/2003, de 17 de noviembre, General de Subvenciones, y su gesti\u00f3n por los beneficiarios se realizar\u00e1 de acuerdo con los siguientes principios:<\/span><\/span><\/p>\n<\/li>\n<\/ul>\n<p align=\"justify\"><span style=\"font-family: Arial, sans-serif\"><span style=\"font-size: medium\"><i> a. Publicidad, transparencia, concurrencia, objetividad, igualdad y no discriminaci\u00f3n.<\/i><\/span><\/span><\/p>\n<p align=\"justify\"><span style=\"font-family: Arial, sans-serif\"><span style=\"font-size: medium\"><i> b .Eficacia en el cumplimiento de los objetivos.<\/i><\/span><\/span><\/p>\n<p align=\"justify\"><span style=\"font-family: Arial, sans-serif\"><span style=\"font-size: medium\"><i> c. Eficiencia en la asignaci\u00f3n y utilizaci\u00f3n de los recursos p\u00fablicos.<\/i><\/span><\/span><\/p>\n<p class=\"western\" align=\"justify\"><span style=\"font-family: Arial, sans-serif\"><span style=\"font-size: small\"><i>Tercero. Bases reguladoras:<\/i><\/span><\/span><\/p>\n<p class=\"western\" align=\"justify\"><span style=\"font-family: Arial, sans-serif\"><span style=\"font-size: small\">Ordenanza Reguladora de las bases espec\u00edficas para la concesi\u00f3n de subvenciones en r\u00e9gimen de concurrencia competitiva a las asociaciones c\u00edvico-sociales (culturales, l\u00fadico-festivas, educativas, de bienestar social, promoci\u00f3n y dinamizaci\u00f3n de los sectores comerciales e industriales, etc) de Muro de Alcoy publicada en BOPA n.\u00ba 64 de 7 de abril de 2021.<\/span><\/span><\/p>\n<p class=\"western\" align=\"justify\"><span style=\"font-family: Arial, sans-serif\"><span style=\"font-size: small\"><i>Cuarto. Cuant\u00eda:<\/i><\/span><\/span><\/p>\n<p align=\"justify\"><span style=\"font-family: Arial, sans-serif\"><span style=\"font-size: small\">La cuant\u00eda podr\u00e1 alcanzar el 75% de los gastos presentados. En ning\u00fan caso se subvencionar\u00e1 importe superior a los gastos presentados.<\/span><\/span><\/p>\n<p align=\"justify\"><span style=\"font-family: Arial, sans-serif\"><span style=\"font-size: small\">El importe de subvenci\u00f3n de calcular\u00e1 de acuerdo a lo que establece la base 11.5 de las bases espec\u00edficas:<\/span><\/span><\/p>\n<p align=\"justify\"><span style=\"font-family: Arial, sans-serif\"><span style=\"font-size: small\">1. Presupuesto total de las actividades que se realizar\u00e1n. Se otorgar\u00e1n 80 puntos al presupuesto m\u00e1s alto y de manera proporcional establecer\u00e1n los puntos de las otras asociaciones.<\/span><\/span><\/p>\n<p align=\"justify\"><span style=\"font-family: Arial, sans-serif\"><span style=\"font-size: small\">2. N\u00famero de socios. Se otorgar\u00e1n 30 puntos a la asociaci\u00f3n con m\u00e1s socios acreditables y de manera proporcional establecer\u00e1n los puntos de las otras asociaciones.<\/span><\/span><\/p>\n<p align=\"justify\"><span style=\"font-family: Arial, sans-serif\"><span style=\"font-size: small\">3. Antig\u00fcedad de la asociaci\u00f3n. Se otorgar\u00e1n 20 puntos a la asociaci\u00f3n m\u00e1s antigua y de manera proporcional establecer\u00e1n los puntos de las otras asociaciones.<\/span><\/span><\/p>\n<p align=\"justify\"><span style=\"font-family: Arial, sans-serif\"><span style=\"font-size: small\">4. Trabajadores\/as en n\u00f3mina de la asociaci\u00f3n. Se otorgar\u00e1n 15 puntos por cada trabajador\/a en n\u00f3mina en la asociaci\u00f3n<\/span><\/span><\/p>\n<p align=\"justify\"><span style=\"font-family: Arial, sans-serif\"><span style=\"font-size: small\">5. Impacto y repercusi\u00f3n en el municipio de las actividades realizadas por la asociaci\u00f3n.<\/span><\/span><\/p>\n<p align=\"justify\"><span style=\"font-family: Arial, sans-serif\"><span style=\"font-size: small\">&#8211; Trascendencia muy alta\u2026\u2026\u2026\u202625 puntos<\/span><\/span><\/p>\n<p align=\"justify\"><span style=\"font-family: Arial, sans-serif\"><span style=\"font-size: small\">&#8211; Trascendencia alta \u2026\u2026\u2026\u202615 puntos<\/span><\/span><\/p>\n<p align=\"justify\"><span style=\"font-family: Arial, sans-serif\"><span style=\"font-size: small\">&#8211; Trascendencia media\u2026\u2026\u2026\u20268 puntos<\/span><\/span><\/p>\n<p align=\"justify\"><span style=\"font-family: Arial, sans-serif\"><span style=\"font-size: small\">&#8211; Trascendencia normal\u2026\u2026\u2026\u20264 puntos<\/span><\/span><\/p>\n<p align=\"justify\"><span style=\"font-family: Arial, sans-serif\"><span style=\"font-size: small\">6. Colaboraci\u00f3n acreditable de las asociaciones o entidades con el Ayuntamiento de Muro o con otras asociaciones. No ser\u00e1n computables las actividades contratadas o previstas de contratar por el Ayuntamiento. Por cada colaboraci\u00f3n de la asociaci\u00f3n o entidad en una actividad del Ayuntamiento de Muro o de otra asociaci\u00f3n otorgar\u00e1n 2 puntos.<\/span><\/span><\/p>\n<p align=\"justify\"><span style=\"font-family: Arial, sans-serif\"><span style=\"font-size: small\">7. Asociaciones con local en propiedad para la pr\u00e1ctica de sus actividades <\/span><\/span><\/p>\n<p align=\"justify\"><span style=\"font-family: Arial, sans-serif\"><span style=\"font-size: small\">&#8211; Asociaci\u00f3n con local propio, no cedido por un tercero \u2026\u2026\u2026\u202615 puntos.<\/span><\/span><\/p>\n<p align=\"justify\"><span style=\"font-family: Arial, sans-serif\"><span style=\"font-size: small\">Las asociaciones con local cedido por el Ayuntamiento, ver\u00e1n reducida la subvenci\u00f3n total un 10%, ya que se entiende que ya se genera una ayuda directa. cantidad subvencionable pasar\u00e1 a repartirse proporcionalmente entre las asociaciones de una misma linea.<\/span><\/span><\/p>\n<p align=\"justify\"><span style=\"font-family: Arial, sans-serif\"><span style=\"font-size: small\">8. Realizaci\u00f3n de actividades generadoras de actuaciones sostenibles.<\/span><\/span><\/p>\n<p align=\"justify\"><span style=\"font-family: Arial, sans-serif\"><span style=\"font-size: small\">&#8211; Actividades y\/o acciones vinculadas con el impulso de la informatizaci\u00f3n\/ digitalizaci\u00f3n. Por cada actividad \u2026\u2026\u2026\u20265 puntos.<\/span><\/span><\/p>\n<p align=\"justify\"><span style=\"font-family: Arial, sans-serif\"><span style=\"font-size: small\">&#8211; Actividades vinculadas con la protecci\u00f3n del medio ambiente y ahorro energ\u00e9tico. Por cada actividad \u2026\u2026\u2026\u2026\u2026\u2026\u2026\u2026\u2026.\u20265 puntos.<\/span><\/span><\/p>\n<p align=\"justify\"><span style=\"font-family: Arial, sans-serif\"><span style=\"font-size: small\">&#8211; Actividades indudablemente de proximidad y con la participaci\u00f3n de la mayor\u00eda de asociados. Por cada actividad \u2026\u2026.\u2026\u2026\u20262 puntos.<\/span><\/span><\/p>\n<p align=\"justify\"><span style=\"font-family: Arial, sans-serif\"><span style=\"font-size: small\">Las acciones susceptibles de percibir la subvenci\u00f3n regulada en esta convocatoria se financiar\u00e1 a cargo de la partida presupuestaria 31100-48900 habilitada a tal efecto en el Presupuesto municipal del Ayuntamiento de Muro de Alcoy con un cr\u00e9dito de MIL EUROS (1.000,00 \u20ac).<\/span><\/span><\/p>\n<p class=\"western\" align=\"justify\"><span style=\"font-family: Arial, sans-serif\"><span style=\"font-size: small\"><i>Quinto. Forma y plazo de presentaci\u00f3n de solicitudes:<\/i><\/span><\/span><\/p>\n<ul>\n<li>\n<p class=\"western\" align=\"justify\">El inicio del procedimiento se realizar\u00e1 mediante Resoluci\u00f3n de la Alcald\u00eda a la que se le deber\u00e1 dar la publicidad prevista en el acuerdo s\u00e9ptimo de esta convocatoria.<\/p>\n<\/li>\n<li>\n<p class=\"western\" align=\"justify\">La tramitaci\u00f3n tanto de la solicitud, como en general de procedimiento, ser\u00e1 electr\u00f3nica. La solicitud se presentar\u00e1 en la sede electr\u00f3nica del Ayuntamiento (https:\/\/vilademuro.sedelectronica.es\/) mediante instancia general al que se adjuntar\u00e1 impreso normalizado de solicitud (anexo 1) que estar\u00e1 disponible en la web municipal. La solicitud se suscribir\u00e1 por la persona que acredite la representaci\u00f3n de la entidad interesada por cualquier medio v\u00e1lido en derecho.<\/p>\n<\/li>\n<li>\n<p class=\"western\" align=\"justify\">En conformidad con el art\u00edculo 14 de la enmendada Ley, en todo caso, se encuentran obligadas a relacionarse con la administraci\u00f3n a trav\u00e9s de medios electr\u00f3nicos, entre otros:<\/p>\n<p class=\"western\" align=\"justify\">Las personas jur\u00eddicas.<\/p>\n<p class=\"western\" align=\"justify\">Las entidades sin personalidad jur\u00eddica.<\/p>\n<p class=\"western\" align=\"justify\">Quienes representan a un interesado que est\u00e9 obligado a relacionarse electr\u00f3nicamente con la Administraci\u00f3n.<\/p>\n<p class=\"western\" align=\"justify\">A estos efectos se habilitar\u00e1 el acceso a la sede electr\u00f3nica para formular la solicitud.<\/p>\n<p class=\"western\" align=\"justify\"><span lang=\"es-ES\">Para la tramitaci\u00f3n telem\u00e1tica se deber\u00e1 disponer de firma electr\u00f3nica avanzada. De no disponer de firma electr\u00f3nica avanzada, podr\u00e1 acudirse a la representaci\u00f3n a trav\u00e9s de otra persona que si disponga de ella, acreditando la representaci\u00f3n en documento facilitado en la presenta convocatoria. (anexo III) Para la identificaci\u00f3n del usuario en esta Sede, el Ayuntamiento de Muro de Alcoy admite las modalidades que ofrece la plataforma <\/span><a class=\"western\" href=\"mailto:Cl@ve\">Cl@ve<\/a><span lang=\"es-ES\">:<\/span><\/p>\n<ul>\n<li>\n<p class=\"western\" align=\"justify\">Certificado digital: Con car\u00e1cter general, para personas f\u00edsicas, se admite el DNI electr\u00f3nico y todos los certificados reconocidos incluidos en la Lista de confianza de prestadores de servicios de certificaci\u00f3n establecidos en Espa\u00f1a, publicada en la sede electr\u00f3nica del Ministerio de Industria, Energ\u00eda y Turismo. Para personas jur\u00eddicas y empresas, esta sede admite la identificaci\u00f3n mediante certificados emitidos por ACCV y sellos electr\u00f3nicos emitidos por FNMT. La lista de autoridades admitidas para la identificaci\u00f3n electr\u00f3nica de entidades y empresas se ir\u00e1 actualizando paulatinamente.<\/p>\n<\/li>\n<li>\n<p class=\"western\" align=\"justify\">Claves concertadas: Cl@ve PIN como sistema de contrase\u00f1a de validez muy limitada en el tiempo, orientado a usuarios que acceden espor\u00e1dicamente a los servicios p\u00fablicos electr\u00f3nicos. Cl@ve Permanente como sistema de contrase\u00f1a de validez duradera en el tiempo, orientado a usuarios habituales de los servicios p\u00fablicos electr\u00f3nicos.<\/p>\n<\/li>\n<\/ul>\n<\/li>\n<li>\n<p class=\"western\" align=\"justify\">El plazo para presentar las solicitudes ser\u00e1 de UN MES a contar del d\u00eda siguiente al de la publicaci\u00f3n del extracto de la convocatoria en el Bolet\u00edn Oficial de la Provincia de Alicante.<\/p>\n<\/li>\n<\/ul>\n<p lang=\"ca-ES\" align=\"justify\"><a href=\"https:\/\/www.vilademuro.net\/wp-content\/uploads\/2023\/06\/20230627_2023_005437.extracte.pdf\" target=\"_blank\" rel=\"noopener\">EXTRACTE<\/a><\/p>\n<p lang=\"ca-ES\" align=\"justify\">\u00a0<a href=\"https:\/\/www.vilademuro.net\/wp-content\/uploads\/2023\/06\/20230620_Resolucio_DECRETO-2023-0879-Decreto-Alcaldia-aprobacion-subvencion-concurrencia-competitiva-linea-4-salubridad-publica-3.pdf\" target=\"_blank\" rel=\"noopener\">20230620_Resoluci\u00f3_DECRETO 2023-0879 [Decreto Alcaldia aprobaci\u00f3n subvenci\u00f3n concurrencia competitiva l\u00ednea 4 salubridad p\u00fablica]<\/a><\/p>\n<p lang=\"ca-ES\" align=\"justify\"><a href=\"https:\/\/www.vilademuro.net\/wp-content\/uploads\/2023\/06\/2023_SOL_CC_LINEA-4-3.pdf\" target=\"_blank\" rel=\"noopener\">2023_SOL_CC_LINEA 4<\/a><\/p>\n<p lang=\"ca-ES\" align=\"justify\"><a href=\"https:\/\/www.vilademuro.net\/wp-content\/uploads\/2023\/06\/anexos-3.odt\" target=\"_blank\" rel=\"noopener\">anexos<\/a><\/p>\n<p align=\"justify\">\n","protected":false},"excerpt":{"rendered":"<p>El martes 27 de junio de 2023 se publica en el BOP la convocatoria de concurrencia competitiva de la linea 4: SALUBRIDAD P\u00daBLICA: Primero. Beneficiarios: Pueden acceder a la condici\u00f3n [&hellip;]<\/p>\n","protected":false},"author":15,"featured_media":37897,"comment_status":"closed","ping_status":"closed","sticky":false,"template":"","format":"standard","meta":{"_et_pb_use_builder":"","_et_pb_old_content":"","_et_gb_content_width":"","footnotes":""},"categories":[50,63,110,51,72,49],"tags":[],"class_list":["post-48930","post","type-post","status-publish","format-standard","has-post-thumbnail","hentry","category-adl-es","category-areas","category-ayudas-y-subvenciones","category-destacat-es","category-medio-ambiente","category-noticias"],"yoast_head":"<!-- This site is optimized with the Yoast SEO plugin v27.1.1 - https:\/\/yoast.com\/product\/yoast-seo-wordpress\/ -->\n<title>CONVOCATORIA DE SUBVENCIONES EN CONCURRENCIA COMPETITIVA DE LAS AYUDAS ECON\u00d3MICAS A ACTIVIDADES DE SENSIBILIZACI\u00d3N DE LA PROTECCI\u00d3N DEL MEDIO AMBIENTE Y ANIMAL, EN EL MUNICIPIO DE MURO DE ALCOY, L\u00cdNEA 4: SALUBRIDAD P\u00daBLICA. | Ajuntament de Muro<\/title>\n<meta name=\"robots\" content=\"index, follow, max-snippet:-1, max-image-preview:large, max-video-preview:-1\" \/>\n<link rel=\"canonical\" href=\"https:\/\/www.vilademuro.net\/es\/convocatoria-de-subvenciones-en-concurrencia-competitiva-de-las-ayudas-economicas-a-actividades-de-sensibilizacion-de-la-proteccion-del-medio-ambiente-y-animal-en-el-municipio-de-muro-de-alcoy-linea\/\" \/>\n<meta property=\"og:locale\" content=\"es_ES\" \/>\n<meta property=\"og:type\" content=\"article\" \/>\n<meta property=\"og:title\" content=\"CONVOCATORIA DE SUBVENCIONES EN CONCURRENCIA COMPETITIVA DE LAS AYUDAS ECON\u00d3MICAS A ACTIVIDADES DE SENSIBILIZACI\u00d3N DE LA PROTECCI\u00d3N DEL MEDIO AMBIENTE Y ANIMAL, EN EL MUNICIPIO DE MURO DE ALCOY, L\u00cdNEA 4: SALUBRIDAD P\u00daBLICA. | Ajuntament de Muro\" \/>\n<meta property=\"og:description\" content=\"El martes 27 de junio de 2023 se publica en el BOP la convocatoria de concurrencia competitiva de la linea 4: SALUBRIDAD P\u00daBLICA: Primero. Beneficiarios: Pueden acceder a la condici\u00f3n [&hellip;]\" \/>\n<meta property=\"og:url\" content=\"https:\/\/www.vilademuro.net\/es\/convocatoria-de-subvenciones-en-concurrencia-competitiva-de-las-ayudas-economicas-a-actividades-de-sensibilizacion-de-la-proteccion-del-medio-ambiente-y-animal-en-el-municipio-de-muro-de-alcoy-linea\/\" \/>\n<meta property=\"og:site_name\" content=\"Ajuntament de Muro\" \/>\n<meta property=\"article:publisher\" content=\"https:\/\/www.facebook.com\/murodealcoy\" \/>\n<meta property=\"article:published_time\" content=\"2023-06-27T12:50:01+00:00\" \/>\n<meta property=\"article:modified_time\" content=\"2023-06-27T13:16:07+00:00\" \/>\n<meta property=\"og:image\" content=\"https:\/\/www.vilademuro.net\/wp-content\/uploads\/2020\/04\/logo-entrades-convocatoria-1.jpg\" \/>\n\t<meta property=\"og:image:width\" content=\"200\" \/>\n\t<meta property=\"og:image:height\" content=\"200\" \/>\n\t<meta property=\"og:image:type\" content=\"image\/jpeg\" \/>\n<meta name=\"author\" content=\"Carla Reig\" \/>\n<meta name=\"twitter:card\" content=\"summary_large_image\" \/>\n<meta name=\"twitter:creator\" content=\"@AjuntamentMuro\" \/>\n<meta name=\"twitter:site\" content=\"@AjuntamentMuro\" \/>\n<meta name=\"twitter:label1\" content=\"Escrito por\" \/>\n\t<meta name=\"twitter:data1\" content=\"Carla Reig\" \/>\n\t<meta name=\"twitter:label2\" content=\"Tiempo de lectura\" \/>\n\t<meta name=\"twitter:data2\" content=\"7 minutos\" \/>\n<script type=\"application\/ld+json\" class=\"yoast-schema-graph\">{\"@context\":\"https:\/\/schema.org\",\"@graph\":[{\"@type\":\"Article\",\"@id\":\"https:\/\/www.vilademuro.net\/es\/convocatoria-de-subvenciones-en-concurrencia-competitiva-de-las-ayudas-economicas-a-actividades-de-sensibilizacion-de-la-proteccion-del-medio-ambiente-y-animal-en-el-municipio-de-muro-de-alcoy-linea\/#article\",\"isPartOf\":{\"@id\":\"https:\/\/www.vilademuro.net\/es\/convocatoria-de-subvenciones-en-concurrencia-competitiva-de-las-ayudas-economicas-a-actividades-de-sensibilizacion-de-la-proteccion-del-medio-ambiente-y-animal-en-el-municipio-de-muro-de-alcoy-linea\/\"},\"author\":{\"name\":\"Carla Reig\",\"@id\":\"https:\/\/www.vilademuro.net\/es\/#\/schema\/person\/4ac4ff84a8380be8cc675dcd2657f81d\"},\"headline\":\"CONVOCATORIA DE SUBVENCIONES EN CONCURRENCIA COMPETITIVA DE LAS AYUDAS ECON\u00d3MICAS A ACTIVIDADES DE SENSIBILIZACI\u00d3N DE LA PROTECCI\u00d3N DEL MEDIO AMBIENTE Y ANIMAL, EN EL MUNICIPIO DE MURO DE ALCOY, L\u00cdNEA 4: SALUBRIDAD P\u00daBLICA.\",\"datePublished\":\"2023-06-27T12:50:01+00:00\",\"dateModified\":\"2023-06-27T13:16:07+00:00\",\"mainEntityOfPage\":{\"@id\":\"https:\/\/www.vilademuro.net\/es\/convocatoria-de-subvenciones-en-concurrencia-competitiva-de-las-ayudas-economicas-a-actividades-de-sensibilizacion-de-la-proteccion-del-medio-ambiente-y-animal-en-el-municipio-de-muro-de-alcoy-linea\/\"},\"wordCount\":1383,\"publisher\":{\"@id\":\"https:\/\/www.vilademuro.net\/es\/#organization\"},\"image\":{\"@id\":\"https:\/\/www.vilademuro.net\/es\/convocatoria-de-subvenciones-en-concurrencia-competitiva-de-las-ayudas-economicas-a-actividades-de-sensibilizacion-de-la-proteccion-del-medio-ambiente-y-animal-en-el-municipio-de-muro-de-alcoy-linea\/#primaryimage\"},\"thumbnailUrl\":\"https:\/\/www.vilademuro.net\/wp-content\/uploads\/2020\/04\/logo-entrades-convocatoria-1.jpg\",\"articleSection\":[\"ADL\",\"\u00c1reas\",\"Ayudas y subvenciones\",\"Destacat\",\"Medio Ambiente\",\"Noticias\"],\"inLanguage\":\"es\"},{\"@type\":\"WebPage\",\"@id\":\"https:\/\/www.vilademuro.net\/es\/convocatoria-de-subvenciones-en-concurrencia-competitiva-de-las-ayudas-economicas-a-actividades-de-sensibilizacion-de-la-proteccion-del-medio-ambiente-y-animal-en-el-municipio-de-muro-de-alcoy-linea\/\",\"url\":\"https:\/\/www.vilademuro.net\/es\/convocatoria-de-subvenciones-en-concurrencia-competitiva-de-las-ayudas-economicas-a-actividades-de-sensibilizacion-de-la-proteccion-del-medio-ambiente-y-animal-en-el-municipio-de-muro-de-alcoy-linea\/\",\"name\":\"CONVOCATORIA DE SUBVENCIONES EN CONCURRENCIA COMPETITIVA DE LAS AYUDAS ECON\u00d3MICAS A ACTIVIDADES DE SENSIBILIZACI\u00d3N DE LA PROTECCI\u00d3N DEL MEDIO AMBIENTE Y ANIMAL, EN EL MUNICIPIO DE MURO DE ALCOY, L\u00cdNEA 4: SALUBRIDAD P\u00daBLICA. | Ajuntament de Muro\",\"isPartOf\":{\"@id\":\"https:\/\/www.vilademuro.net\/es\/#website\"},\"primaryImageOfPage\":{\"@id\":\"https:\/\/www.vilademuro.net\/es\/convocatoria-de-subvenciones-en-concurrencia-competitiva-de-las-ayudas-economicas-a-actividades-de-sensibilizacion-de-la-proteccion-del-medio-ambiente-y-animal-en-el-municipio-de-muro-de-alcoy-linea\/#primaryimage\"},\"image\":{\"@id\":\"https:\/\/www.vilademuro.net\/es\/convocatoria-de-subvenciones-en-concurrencia-competitiva-de-las-ayudas-economicas-a-actividades-de-sensibilizacion-de-la-proteccion-del-medio-ambiente-y-animal-en-el-municipio-de-muro-de-alcoy-linea\/#primaryimage\"},\"thumbnailUrl\":\"https:\/\/www.vilademuro.net\/wp-content\/uploads\/2020\/04\/logo-entrades-convocatoria-1.jpg\",\"datePublished\":\"2023-06-27T12:50:01+00:00\",\"dateModified\":\"2023-06-27T13:16:07+00:00\",\"breadcrumb\":{\"@id\":\"https:\/\/www.vilademuro.net\/es\/convocatoria-de-subvenciones-en-concurrencia-competitiva-de-las-ayudas-economicas-a-actividades-de-sensibilizacion-de-la-proteccion-del-medio-ambiente-y-animal-en-el-municipio-de-muro-de-alcoy-linea\/#breadcrumb\"},\"inLanguage\":\"es\",\"potentialAction\":[{\"@type\":\"ReadAction\",\"target\":[\"https:\/\/www.vilademuro.net\/es\/convocatoria-de-subvenciones-en-concurrencia-competitiva-de-las-ayudas-economicas-a-actividades-de-sensibilizacion-de-la-proteccion-del-medio-ambiente-y-animal-en-el-municipio-de-muro-de-alcoy-linea\/\"]}]},{\"@type\":\"ImageObject\",\"inLanguage\":\"es\",\"@id\":\"https:\/\/www.vilademuro.net\/es\/convocatoria-de-subvenciones-en-concurrencia-competitiva-de-las-ayudas-economicas-a-actividades-de-sensibilizacion-de-la-proteccion-del-medio-ambiente-y-animal-en-el-municipio-de-muro-de-alcoy-linea\/#primaryimage\",\"url\":\"https:\/\/www.vilademuro.net\/wp-content\/uploads\/2020\/04\/logo-entrades-convocatoria-1.jpg\",\"contentUrl\":\"https:\/\/www.vilademuro.net\/wp-content\/uploads\/2020\/04\/logo-entrades-convocatoria-1.jpg\",\"width\":200,\"height\":200},{\"@type\":\"BreadcrumbList\",\"@id\":\"https:\/\/www.vilademuro.net\/es\/convocatoria-de-subvenciones-en-concurrencia-competitiva-de-las-ayudas-economicas-a-actividades-de-sensibilizacion-de-la-proteccion-del-medio-ambiente-y-animal-en-el-municipio-de-muro-de-alcoy-linea\/#breadcrumb\",\"itemListElement\":[{\"@type\":\"ListItem\",\"position\":1,\"name\":\"Inici\",\"item\":\"https:\/\/www.vilademuro.net\/es\/\"},{\"@type\":\"ListItem\",\"position\":2,\"name\":\"CONVOCATORIA DE SUBVENCIONES EN CONCURRENCIA COMPETITIVA DE LAS AYUDAS ECON\u00d3MICAS A ACTIVIDADES DE SENSIBILIZACI\u00d3N DE LA PROTECCI\u00d3N DEL MEDIO AMBIENTE Y ANIMAL, EN EL MUNICIPIO DE MURO DE ALCOY, L\u00cdNEA 4: SALUBRIDAD P\u00daBLICA.\"}]},{\"@type\":\"WebSite\",\"@id\":\"https:\/\/www.vilademuro.net\/es\/#website\",\"url\":\"https:\/\/www.vilademuro.net\/es\/\",\"name\":\"Ajuntament de Muro d'Alcoi\",\"description\":\"P\u00e1gina web oficial de l&#039;Ajuntament de Muro\",\"publisher\":{\"@id\":\"https:\/\/www.vilademuro.net\/es\/#organization\"},\"potentialAction\":[{\"@type\":\"SearchAction\",\"target\":{\"@type\":\"EntryPoint\",\"urlTemplate\":\"https:\/\/www.vilademuro.net\/es\/?s={search_term_string}\"},\"query-input\":{\"@type\":\"PropertyValueSpecification\",\"valueRequired\":true,\"valueName\":\"search_term_string\"}}],\"inLanguage\":\"es\"},{\"@type\":\"Organization\",\"@id\":\"https:\/\/www.vilademuro.net\/es\/#organization\",\"name\":\"Ajuntament de Muro\",\"url\":\"https:\/\/www.vilademuro.net\/es\/\",\"logo\":{\"@type\":\"ImageObject\",\"inLanguage\":\"es\",\"@id\":\"https:\/\/www.vilademuro.net\/es\/#\/schema\/logo\/image\/\",\"url\":\"https:\/\/www.vilademuro.net\/wp-content\/uploads\/2022\/10\/LOGO3-2.jpg\",\"contentUrl\":\"https:\/\/www.vilademuro.net\/wp-content\/uploads\/2022\/10\/LOGO3-2.jpg\",\"width\":756,\"height\":517,\"caption\":\"Ajuntament de Muro\"},\"image\":{\"@id\":\"https:\/\/www.vilademuro.net\/es\/#\/schema\/logo\/image\/\"},\"sameAs\":[\"https:\/\/www.facebook.com\/murodealcoy\",\"https:\/\/x.com\/AjuntamentMuro\",\"https:\/\/www.youtube.com\/channel\/UC2rwbKfRqsd1Ncwm6Y1prQw\"]},{\"@type\":\"Person\",\"@id\":\"https:\/\/www.vilademuro.net\/es\/#\/schema\/person\/4ac4ff84a8380be8cc675dcd2657f81d\",\"name\":\"Carla Reig\",\"image\":{\"@type\":\"ImageObject\",\"inLanguage\":\"es\",\"@id\":\"https:\/\/www.vilademuro.net\/es\/#\/schema\/person\/image\/\",\"url\":\"https:\/\/secure.gravatar.com\/avatar\/11ebca860e4f9ad52b0c69ce3b75e913df5f543115e0f50e32cb7de31471bd87?s=96&d=mm&r=g\",\"contentUrl\":\"https:\/\/secure.gravatar.com\/avatar\/11ebca860e4f9ad52b0c69ce3b75e913df5f543115e0f50e32cb7de31471bd87?s=96&d=mm&r=g\",\"caption\":\"Carla Reig\"}}]}<\/script>\n<!-- \/ Yoast SEO plugin. -->","yoast_head_json":{"title":"CONVOCATORIA DE SUBVENCIONES EN CONCURRENCIA COMPETITIVA DE LAS AYUDAS ECON\u00d3MICAS A ACTIVIDADES DE SENSIBILIZACI\u00d3N DE LA PROTECCI\u00d3N DEL MEDIO AMBIENTE Y ANIMAL, EN EL MUNICIPIO DE MURO DE ALCOY, L\u00cdNEA 4: SALUBRIDAD P\u00daBLICA. | Ajuntament de Muro","robots":{"index":"index","follow":"follow","max-snippet":"max-snippet:-1","max-image-preview":"max-image-preview:large","max-video-preview":"max-video-preview:-1"},"canonical":"https:\/\/www.vilademuro.net\/es\/convocatoria-de-subvenciones-en-concurrencia-competitiva-de-las-ayudas-economicas-a-actividades-de-sensibilizacion-de-la-proteccion-del-medio-ambiente-y-animal-en-el-municipio-de-muro-de-alcoy-linea\/","og_locale":"es_ES","og_type":"article","og_title":"CONVOCATORIA DE SUBVENCIONES EN CONCURRENCIA COMPETITIVA DE LAS AYUDAS ECON\u00d3MICAS A ACTIVIDADES DE SENSIBILIZACI\u00d3N DE LA PROTECCI\u00d3N DEL MEDIO AMBIENTE Y ANIMAL, EN EL MUNICIPIO DE MURO DE ALCOY, L\u00cdNEA 4: SALUBRIDAD P\u00daBLICA. | Ajuntament de Muro","og_description":"El martes 27 de junio de 2023 se publica en el BOP la convocatoria de concurrencia competitiva de la linea 4: SALUBRIDAD P\u00daBLICA: Primero. Beneficiarios: Pueden acceder a la condici\u00f3n [&hellip;]","og_url":"https:\/\/www.vilademuro.net\/es\/convocatoria-de-subvenciones-en-concurrencia-competitiva-de-las-ayudas-economicas-a-actividades-de-sensibilizacion-de-la-proteccion-del-medio-ambiente-y-animal-en-el-municipio-de-muro-de-alcoy-linea\/","og_site_name":"Ajuntament de Muro","article_publisher":"https:\/\/www.facebook.com\/murodealcoy","article_published_time":"2023-06-27T12:50:01+00:00","article_modified_time":"2023-06-27T13:16:07+00:00","og_image":[{"width":200,"height":200,"url":"https:\/\/www.vilademuro.net\/wp-content\/uploads\/2020\/04\/logo-entrades-convocatoria-1.jpg","type":"image\/jpeg"}],"author":"Carla Reig","twitter_card":"summary_large_image","twitter_creator":"@AjuntamentMuro","twitter_site":"@AjuntamentMuro","twitter_misc":{"Escrito por":"Carla Reig","Tiempo de lectura":"7 minutos"},"schema":{"@context":"https:\/\/schema.org","@graph":[{"@type":"Article","@id":"https:\/\/www.vilademuro.net\/es\/convocatoria-de-subvenciones-en-concurrencia-competitiva-de-las-ayudas-economicas-a-actividades-de-sensibilizacion-de-la-proteccion-del-medio-ambiente-y-animal-en-el-municipio-de-muro-de-alcoy-linea\/#article","isPartOf":{"@id":"https:\/\/www.vilademuro.net\/es\/convocatoria-de-subvenciones-en-concurrencia-competitiva-de-las-ayudas-economicas-a-actividades-de-sensibilizacion-de-la-proteccion-del-medio-ambiente-y-animal-en-el-municipio-de-muro-de-alcoy-linea\/"},"author":{"name":"Carla Reig","@id":"https:\/\/www.vilademuro.net\/es\/#\/schema\/person\/4ac4ff84a8380be8cc675dcd2657f81d"},"headline":"CONVOCATORIA DE SUBVENCIONES EN CONCURRENCIA COMPETITIVA DE LAS AYUDAS ECON\u00d3MICAS A ACTIVIDADES DE SENSIBILIZACI\u00d3N DE LA PROTECCI\u00d3N DEL MEDIO AMBIENTE Y ANIMAL, EN EL MUNICIPIO DE MURO DE ALCOY, L\u00cdNEA 4: SALUBRIDAD P\u00daBLICA.","datePublished":"2023-06-27T12:50:01+00:00","dateModified":"2023-06-27T13:16:07+00:00","mainEntityOfPage":{"@id":"https:\/\/www.vilademuro.net\/es\/convocatoria-de-subvenciones-en-concurrencia-competitiva-de-las-ayudas-economicas-a-actividades-de-sensibilizacion-de-la-proteccion-del-medio-ambiente-y-animal-en-el-municipio-de-muro-de-alcoy-linea\/"},"wordCount":1383,"publisher":{"@id":"https:\/\/www.vilademuro.net\/es\/#organization"},"image":{"@id":"https:\/\/www.vilademuro.net\/es\/convocatoria-de-subvenciones-en-concurrencia-competitiva-de-las-ayudas-economicas-a-actividades-de-sensibilizacion-de-la-proteccion-del-medio-ambiente-y-animal-en-el-municipio-de-muro-de-alcoy-linea\/#primaryimage"},"thumbnailUrl":"https:\/\/www.vilademuro.net\/wp-content\/uploads\/2020\/04\/logo-entrades-convocatoria-1.jpg","articleSection":["ADL","\u00c1reas","Ayudas y subvenciones","Destacat","Medio Ambiente","Noticias"],"inLanguage":"es"},{"@type":"WebPage","@id":"https:\/\/www.vilademuro.net\/es\/convocatoria-de-subvenciones-en-concurrencia-competitiva-de-las-ayudas-economicas-a-actividades-de-sensibilizacion-de-la-proteccion-del-medio-ambiente-y-animal-en-el-municipio-de-muro-de-alcoy-linea\/","url":"https:\/\/www.vilademuro.net\/es\/convocatoria-de-subvenciones-en-concurrencia-competitiva-de-las-ayudas-economicas-a-actividades-de-sensibilizacion-de-la-proteccion-del-medio-ambiente-y-animal-en-el-municipio-de-muro-de-alcoy-linea\/","name":"CONVOCATORIA DE SUBVENCIONES EN CONCURRENCIA COMPETITIVA DE LAS AYUDAS ECON\u00d3MICAS A ACTIVIDADES DE SENSIBILIZACI\u00d3N DE LA PROTECCI\u00d3N DEL MEDIO AMBIENTE Y ANIMAL, EN EL MUNICIPIO DE MURO DE ALCOY, L\u00cdNEA 4: SALUBRIDAD P\u00daBLICA. | Ajuntament de Muro","isPartOf":{"@id":"https:\/\/www.vilademuro.net\/es\/#website"},"primaryImageOfPage":{"@id":"https:\/\/www.vilademuro.net\/es\/convocatoria-de-subvenciones-en-concurrencia-competitiva-de-las-ayudas-economicas-a-actividades-de-sensibilizacion-de-la-proteccion-del-medio-ambiente-y-animal-en-el-municipio-de-muro-de-alcoy-linea\/#primaryimage"},"image":{"@id":"https:\/\/www.vilademuro.net\/es\/convocatoria-de-subvenciones-en-concurrencia-competitiva-de-las-ayudas-economicas-a-actividades-de-sensibilizacion-de-la-proteccion-del-medio-ambiente-y-animal-en-el-municipio-de-muro-de-alcoy-linea\/#primaryimage"},"thumbnailUrl":"https:\/\/www.vilademuro.net\/wp-content\/uploads\/2020\/04\/logo-entrades-convocatoria-1.jpg","datePublished":"2023-06-27T12:50:01+00:00","dateModified":"2023-06-27T13:16:07+00:00","breadcrumb":{"@id":"https:\/\/www.vilademuro.net\/es\/convocatoria-de-subvenciones-en-concurrencia-competitiva-de-las-ayudas-economicas-a-actividades-de-sensibilizacion-de-la-proteccion-del-medio-ambiente-y-animal-en-el-municipio-de-muro-de-alcoy-linea\/#breadcrumb"},"inLanguage":"es","potentialAction":[{"@type":"ReadAction","target":["https:\/\/www.vilademuro.net\/es\/convocatoria-de-subvenciones-en-concurrencia-competitiva-de-las-ayudas-economicas-a-actividades-de-sensibilizacion-de-la-proteccion-del-medio-ambiente-y-animal-en-el-municipio-de-muro-de-alcoy-linea\/"]}]},{"@type":"ImageObject","inLanguage":"es","@id":"https:\/\/www.vilademuro.net\/es\/convocatoria-de-subvenciones-en-concurrencia-competitiva-de-las-ayudas-economicas-a-actividades-de-sensibilizacion-de-la-proteccion-del-medio-ambiente-y-animal-en-el-municipio-de-muro-de-alcoy-linea\/#primaryimage","url":"https:\/\/www.vilademuro.net\/wp-content\/uploads\/2020\/04\/logo-entrades-convocatoria-1.jpg","contentUrl":"https:\/\/www.vilademuro.net\/wp-content\/uploads\/2020\/04\/logo-entrades-convocatoria-1.jpg","width":200,"height":200},{"@type":"BreadcrumbList","@id":"https:\/\/www.vilademuro.net\/es\/convocatoria-de-subvenciones-en-concurrencia-competitiva-de-las-ayudas-economicas-a-actividades-de-sensibilizacion-de-la-proteccion-del-medio-ambiente-y-animal-en-el-municipio-de-muro-de-alcoy-linea\/#breadcrumb","itemListElement":[{"@type":"ListItem","position":1,"name":"Inici","item":"https:\/\/www.vilademuro.net\/es\/"},{"@type":"ListItem","position":2,"name":"CONVOCATORIA DE SUBVENCIONES EN CONCURRENCIA COMPETITIVA DE LAS AYUDAS ECON\u00d3MICAS A ACTIVIDADES DE SENSIBILIZACI\u00d3N DE LA PROTECCI\u00d3N DEL MEDIO AMBIENTE Y ANIMAL, EN EL MUNICIPIO DE MURO DE ALCOY, L\u00cdNEA 4: SALUBRIDAD P\u00daBLICA."}]},{"@type":"WebSite","@id":"https:\/\/www.vilademuro.net\/es\/#website","url":"https:\/\/www.vilademuro.net\/es\/","name":"Ajuntament de Muro d'Alcoi","description":"P\u00e1gina web oficial de l&#039;Ajuntament de Muro","publisher":{"@id":"https:\/\/www.vilademuro.net\/es\/#organization"},"potentialAction":[{"@type":"SearchAction","target":{"@type":"EntryPoint","urlTemplate":"https:\/\/www.vilademuro.net\/es\/?s={search_term_string}"},"query-input":{"@type":"PropertyValueSpecification","valueRequired":true,"valueName":"search_term_string"}}],"inLanguage":"es"},{"@type":"Organization","@id":"https:\/\/www.vilademuro.net\/es\/#organization","name":"Ajuntament de Muro","url":"https:\/\/www.vilademuro.net\/es\/","logo":{"@type":"ImageObject","inLanguage":"es","@id":"https:\/\/www.vilademuro.net\/es\/#\/schema\/logo\/image\/","url":"https:\/\/www.vilademuro.net\/wp-content\/uploads\/2022\/10\/LOGO3-2.jpg","contentUrl":"https:\/\/www.vilademuro.net\/wp-content\/uploads\/2022\/10\/LOGO3-2.jpg","width":756,"height":517,"caption":"Ajuntament de Muro"},"image":{"@id":"https:\/\/www.vilademuro.net\/es\/#\/schema\/logo\/image\/"},"sameAs":["https:\/\/www.facebook.com\/murodealcoy","https:\/\/x.com\/AjuntamentMuro","https:\/\/www.youtube.com\/channel\/UC2rwbKfRqsd1Ncwm6Y1prQw"]},{"@type":"Person","@id":"https:\/\/www.vilademuro.net\/es\/#\/schema\/person\/4ac4ff84a8380be8cc675dcd2657f81d","name":"Carla Reig","image":{"@type":"ImageObject","inLanguage":"es","@id":"https:\/\/www.vilademuro.net\/es\/#\/schema\/person\/image\/","url":"https:\/\/secure.gravatar.com\/avatar\/11ebca860e4f9ad52b0c69ce3b75e913df5f543115e0f50e32cb7de31471bd87?s=96&d=mm&r=g","contentUrl":"https:\/\/secure.gravatar.com\/avatar\/11ebca860e4f9ad52b0c69ce3b75e913df5f543115e0f50e32cb7de31471bd87?s=96&d=mm&r=g","caption":"Carla Reig"}}]}},"_links":{"self":[{"href":"https:\/\/www.vilademuro.net\/es\/wp-json\/wp\/v2\/posts\/48930","targetHints":{"allow":["GET"]}}],"collection":[{"href":"https:\/\/www.vilademuro.net\/es\/wp-json\/wp\/v2\/posts"}],"about":[{"href":"https:\/\/www.vilademuro.net\/es\/wp-json\/wp\/v2\/types\/post"}],"author":[{"embeddable":true,"href":"https:\/\/www.vilademuro.net\/es\/wp-json\/wp\/v2\/users\/15"}],"replies":[{"embeddable":true,"href":"https:\/\/www.vilademuro.net\/es\/wp-json\/wp\/v2\/comments?post=48930"}],"version-history":[{"count":0,"href":"https:\/\/www.vilademuro.net\/es\/wp-json\/wp\/v2\/posts\/48930\/revisions"}],"wp:featuredmedia":[{"embeddable":true,"href":"https:\/\/www.vilademuro.net\/es\/wp-json\/wp\/v2\/media\/37897"}],"wp:attachment":[{"href":"https:\/\/www.vilademuro.net\/es\/wp-json\/wp\/v2\/media?parent=48930"}],"wp:term":[{"taxonomy":"category","embeddable":true,"href":"https:\/\/www.vilademuro.net\/es\/wp-json\/wp\/v2\/categories?post=48930"},{"taxonomy":"post_tag","embeddable":true,"href":"https:\/\/www.vilademuro.net\/es\/wp-json\/wp\/v2\/tags?post=48930"}],"curies":[{"name":"wp","href":"https:\/\/api.w.org\/{rel}","templated":true}]}}