{"id":48306,"date":"2023-04-06T14:12:58","date_gmt":"2023-04-06T12:12:58","guid":{"rendered":"https:\/\/www.vilademuro.net\/subvencion-dentro-de-la-convocatoria-de-ayudas-a-los-ayuntamientos-para-proyectos-de-inversion-para-la-mejora-modernizacion-y-dotacion-de-infraestructuras-y-servicios-en-poligonos-areas-industriales\/"},"modified":"2024-01-08T19:00:13","modified_gmt":"2024-01-08T18:00:13","slug":"subvencion-dentro-de-la-convocatoria-de-ayudas-a-los-ayuntamientos-para-proyectos-de-inversion-para-la-mejora-modernizacion-y-dotacion-de-infraestructuras-y-servicios-en-poligonos-areas-industriales","status":"publish","type":"post","link":"https:\/\/www.vilademuro.net\/es\/subvencion-dentro-de-la-convocatoria-de-ayudas-a-los-ayuntamientos-para-proyectos-de-inversion-para-la-mejora-modernizacion-y-dotacion-de-infraestructuras-y-servicios-en-poligonos-areas-industriales\/","title":{"rendered":"SUBVENCI\u00d3N DENTRO DE LA cONVOCATORIA DE AYUDAS A LOS AYUNTAMIENTOS PARA PROYECTOS DE INVERSI\u00d3N PARA LA MEJORA, MODERNIZACI\u00d3N Y DOTACI\u00d3N DE INFRAESTRUCTURAS Y SERVICIOS EN POL\u00cdGONOS, \u00c1REAS INDUSTRIALES Y ENCLAVES TECNOL\u00d3GICOS, CON CARGO AL PRESUPUESTO DEL EJERCICIO 2023"},"content":{"rendered":"<p>Subvenci\u00f3n dentro de la Convocatoria de ayudas a los ayuntamientos para proyectos de inversi\u00f3n para la mejora, modernizaci\u00f3n y dotaci\u00f3n de infraestructuras y servicios en pol\u00edgonos, \u00e1reas industriales y enclaves tecnol\u00f3gicos, con cargo al presupuesto del ejercicio 2023.<\/p>\n<p>El Instituto Valenciano de Competitividad Empresarial (IVACE) ha concedido al Ayuntamiento de Muro de Alcoy, dentro de la Convocatoria de ayudas a los ayuntamientos para proyectos de inversi\u00f3n para la mejora, modernizaci\u00f3n y dotaci\u00f3n de infraestructuras y servicios en pol\u00edgonos, \u00e1reas industriales y enclaves tecnol\u00f3gicos, con cargo al presupuesto del ejercicio 2023, una subvenci\u00f3n por importe de 165.516,80 \u20ac.<\/p>\n<p>El proyecto subvencionado es el de Mejoras de Infraestructuras en la Avenida el Ferrocarril en el Pol\u00edgono Industrial El Pi de Muro de Alcoy, con un coste total de 589.898,61 \u20ac. El importe subvencionado es del 28% de la aportaci\u00f3n municipal.<\/p>\n<p>Caracter\u00edsticas t\u00e9cnicas del proyecto:<br \/>\nEl proyecto se centra en la mejora sustancial del drenaje del pol\u00edgono que por falta de red separativa y elementos de drenaje superficial, no permite drenar la aguas pluviales y pasan, en su mayor parte a la zona baja del municipio, creando problemas y desperfectos, as\u00ed mismo, gran parte del pol\u00edgono evacua las aguas pluviales directamente a la red de saneamiento. Las mejoras en el drenaje superficial de la zona alta del pol\u00edgono suponen el grueso de la actuaci\u00f3n y se ejecutar\u00e1n los siguientes elementos de drenaje:<br \/>\n-Ejecuci\u00f3n de un Nuevo Colector de Pluviales DN800-630 que conectar\u00e1 con la red existente con una longitud aproximada de 200 m y preparado para su ampliaci\u00f3n futura.<br \/>\n-Renovaci\u00f3n y ampliaci\u00f3n del tramo final del Colector existente pasando en su tramo previo al vertido de DN800 a DN1000 (en PVC Corrugado) en una longitud de 74 m que permitir\u00e1 en un futuro ampliar la red conectando nuevos ramales provenientes de la zona alta de la Calle Fontanelletes y el Cam\u00ed de la Quebrantada, as\u00ed como, la ampliaci\u00f3n completa del tramo nuevo de la Avenida del Ferrocarril hasta su intersecci\u00f3n con la Calle Francisco Laporta.<br \/>\n-Ejecuci\u00f3n de 21 nuevos imbornales adosados a los limites del vial que permitir\u00e1n desconectar los existentes que se encuentran conectados a la red de saneamiento y su conexi\u00f3n a la nueva red de pluviales mediante la ejecuci\u00f3n de 11 nuevos pozos de registro. En este sentido se prev\u00e9 la ejecuci\u00f3n de 213 m de conexiones mediante tubos de PVC Corrugado DN250.<br \/>\n-Ejecuci\u00f3n de 74 m de imbornales corta aguas de dimensiones interiores 1,00 x 0,58 x 0\u2018665 m ubicados en diferentes puntos del pol\u00edgono y conectados a colectores de pluviales. Conexi\u00f3n de los imbornales corridos a pozos de registro de pluviales mediante ramales de PVC Corrugado DN315 y con una longitud aproximada a ejecutar de 77 m.<br \/>\nCon esta actuaci\u00f3n principal se prev\u00e9 desahogar el caudal de pluviales que actualmente desagua en la zona baja del pueblo y permitir\u00e1 captar las aguas de la siguiente zona del pol\u00edgono permitiendo mejorar considerablemente el drenaje superficial integro del pol\u00edgono y su capacidad de ampliaci\u00f3n futura mediante un estudio detallado de cotas, topograf\u00eda e hidrolog\u00eda.<br \/>\nLa zona de actuaci\u00f3n principal, afectada superficialmente por la ejecuci\u00f3n del colector de pluviales se beneficiar\u00e1 con la ejecuci\u00f3n de los siguientes elementos:<br \/>\n-Creaci\u00f3n de 2 pasos de peatones accesibles en el inicio y final del tramo permitiendo un itinerario accesible para los usuarios de la zona y las personas de movilidad reducida. Adem\u00e1s se implantar\u00e1n se\u00f1ales verticales solares para avisar de la presencia de pasos de peatones. En la actualidad el tramo de estudio no dispone de pasos de peatones.<br \/>\n-Ejecuci\u00f3n de aproximadamente 500 m de marcas viales continuas y discontinuas y marcado de flechas e inscripciones para la correctamente delimitaci\u00f3n de plazas de aparcamiento, zonas de parada, zonas de tr\u00e1nsito y de parada.<br \/>\n-Instalaci\u00f3n en la mediana de 5 unidades de alumbrado p\u00fablico solar de alta eficiencia h\u00edbrido con posibilidad de conexi\u00f3n a red el\u00e9ctrica disminuyendo el consumo el\u00e9ctrico del pol\u00edgono y sirviendo de referencia para su instalaci\u00f3n futura en nuevos tramos a renovar.<br \/>\n-Repavimentaci\u00f3n de aproximadamente 3974 m\u00b2 de nuevo pavimento asf\u00e1ltico en renovaci\u00f3n de la capa de rodadura para su posterior pintado mediante se\u00f1alizaci\u00f3n horizontal.<br \/>\n-Renovaci\u00f3n \u00edntegra de las medianas mediante la instalaci\u00f3n de c\u00e9sped artificial y renovaci\u00f3n de jardineras con el replantado de nuevas especies arbustivas y\/o arboles que permitan dotar de integraci\u00f3n paisaj\u00edsticas al tramo objeto del proyecto. Se prev\u00e9 la ejecuci\u00f3n de 253 m\u00b2 de renovaci\u00f3n y la adecuaci\u00f3n completa de 8 jardineras.<br \/>\n-Instalaci\u00f3n de marquesinas solares para carga de veh\u00edculos el\u00e9ctricos.<\/p>\n<p><img loading=\"lazy\" decoding=\"async\" class=\"alignnone  wp-image-42370\" src=\"https:\/\/www.vilademuro.net\/wp-content\/uploads\/2021\/06\/2021_03_22-logo-gv-ivace.png\" alt=\"\" width=\"251\" height=\"106\" \/><\/p>\n<p><img loading=\"lazy\" decoding=\"async\" class=\"alignnone size-full wp-image-37862\" src=\"https:\/\/www.vilademuro.net\/wp-content\/uploads\/2020\/04\/logo-entrades-IVACE.jpg\" alt=\"\" width=\"200\" height=\"200\" srcset=\"https:\/\/www.vilademuro.net\/wp-content\/uploads\/2020\/04\/logo-entrades-IVACE.jpg 200w, https:\/\/www.vilademuro.net\/wp-content\/uploads\/2020\/04\/logo-entrades-IVACE-150x150.jpg 150w\" sizes=\"(max-width: 200px) 100vw, 200px\" \/><\/p>\n","protected":false},"excerpt":{"rendered":"<p>Subvenci\u00f3n dentro de la Convocatoria de ayudas a los ayuntamientos para proyectos de inversi\u00f3n para la mejora, modernizaci\u00f3n y dotaci\u00f3n de infraestructuras y servicios en pol\u00edgonos, \u00e1reas industriales y enclaves [&hellip;]<\/p>\n","protected":false},"author":9,"featured_media":37834,"comment_status":"closed","ping_status":"closed","sticky":false,"template":"","format":"standard","meta":{"_et_pb_use_builder":"","_et_pb_old_content":"","_et_gb_content_width":"","footnotes":""},"categories":[50,63,110,49],"tags":[],"class_list":["post-48306","post","type-post","status-publish","format-standard","has-post-thumbnail","hentry","category-adl-es","category-areas","category-ayudas-y-subvenciones","category-noticias"],"yoast_head":"<!-- This site is optimized with the Yoast SEO plugin v27.1.1 - https:\/\/yoast.com\/product\/yoast-seo-wordpress\/ -->\n<title>SUBVENCI\u00d3N DENTRO DE LA cONVOCATORIA DE AYUDAS A LOS AYUNTAMIENTOS PARA PROYECTOS DE INVERSI\u00d3N PARA LA MEJORA, MODERNIZACI\u00d3N Y DOTACI\u00d3N DE INFRAESTRUCTURAS Y SERVICIOS EN POL\u00cdGONOS, \u00c1REAS INDUSTRIALES Y ENCLAVES TECNOL\u00d3GICOS, CON CARGO AL PRESUPUESTO DEL EJERCICIO 2023 | Ajuntament de Muro<\/title>\n<meta name=\"robots\" content=\"index, follow, max-snippet:-1, max-image-preview:large, max-video-preview:-1\" \/>\n<link rel=\"canonical\" href=\"https:\/\/www.vilademuro.net\/es\/subvencion-dentro-de-la-convocatoria-de-ayudas-a-los-ayuntamientos-para-proyectos-de-inversion-para-la-mejora-modernizacion-y-dotacion-de-infraestructuras-y-servicios-en-poligonos-areas-industriales\/\" \/>\n<meta property=\"og:locale\" content=\"es_ES\" \/>\n<meta property=\"og:type\" content=\"article\" \/>\n<meta property=\"og:title\" content=\"SUBVENCI\u00d3N DENTRO DE LA cONVOCATORIA DE AYUDAS A LOS AYUNTAMIENTOS PARA PROYECTOS DE INVERSI\u00d3N PARA LA MEJORA, MODERNIZACI\u00d3N Y DOTACI\u00d3N DE INFRAESTRUCTURAS Y SERVICIOS EN POL\u00cdGONOS, \u00c1REAS INDUSTRIALES Y ENCLAVES TECNOL\u00d3GICOS, CON CARGO AL PRESUPUESTO DEL EJERCICIO 2023 | Ajuntament de Muro\" \/>\n<meta property=\"og:description\" content=\"Subvenci\u00f3n dentro de la Convocatoria de ayudas a los ayuntamientos para proyectos de inversi\u00f3n para la mejora, modernizaci\u00f3n y dotaci\u00f3n de infraestructuras y servicios en pol\u00edgonos, \u00e1reas industriales y enclaves [&hellip;]\" \/>\n<meta property=\"og:url\" content=\"https:\/\/www.vilademuro.net\/es\/subvencion-dentro-de-la-convocatoria-de-ayudas-a-los-ayuntamientos-para-proyectos-de-inversion-para-la-mejora-modernizacion-y-dotacion-de-infraestructuras-y-servicios-en-poligonos-areas-industriales\/\" \/>\n<meta property=\"og:site_name\" content=\"Ajuntament de Muro\" \/>\n<meta property=\"article:publisher\" content=\"https:\/\/www.facebook.com\/murodealcoy\" \/>\n<meta property=\"article:published_time\" content=\"2023-04-06T12:12:58+00:00\" \/>\n<meta property=\"article:modified_time\" content=\"2024-01-08T18:00:13+00:00\" \/>\n<meta property=\"og:image\" content=\"https:\/\/www.vilademuro.net\/wp-content\/uploads\/2020\/04\/logo-entrades-ajudes-i-subvencions.jpg\" \/>\n\t<meta property=\"og:image:width\" content=\"200\" \/>\n\t<meta property=\"og:image:height\" content=\"200\" \/>\n\t<meta property=\"og:image:type\" content=\"image\/jpeg\" \/>\n<meta name=\"author\" content=\"Manolo Moll\" \/>\n<meta name=\"twitter:card\" content=\"summary_large_image\" \/>\n<meta name=\"twitter:creator\" content=\"@AjuntamentMuro\" \/>\n<meta name=\"twitter:site\" content=\"@AjuntamentMuro\" \/>\n<meta name=\"twitter:label1\" content=\"Escrito por\" \/>\n\t<meta name=\"twitter:data1\" content=\"Manolo Moll\" \/>\n\t<meta name=\"twitter:label2\" content=\"Tiempo de lectura\" \/>\n\t<meta name=\"twitter:data2\" content=\"4 minutos\" \/>\n<script type=\"application\/ld+json\" class=\"yoast-schema-graph\">{\"@context\":\"https:\/\/schema.org\",\"@graph\":[{\"@type\":\"Article\",\"@id\":\"https:\/\/www.vilademuro.net\/es\/subvencion-dentro-de-la-convocatoria-de-ayudas-a-los-ayuntamientos-para-proyectos-de-inversion-para-la-mejora-modernizacion-y-dotacion-de-infraestructuras-y-servicios-en-poligonos-areas-industriales\/#article\",\"isPartOf\":{\"@id\":\"https:\/\/www.vilademuro.net\/es\/subvencion-dentro-de-la-convocatoria-de-ayudas-a-los-ayuntamientos-para-proyectos-de-inversion-para-la-mejora-modernizacion-y-dotacion-de-infraestructuras-y-servicios-en-poligonos-areas-industriales\/\"},\"author\":{\"name\":\"Manolo Moll\",\"@id\":\"https:\/\/www.vilademuro.net\/es\/#\/schema\/person\/a42e266ef9e9ced94f63a10cae995cb3\"},\"headline\":\"SUBVENCI\u00d3N DENTRO DE LA cONVOCATORIA DE AYUDAS A LOS AYUNTAMIENTOS PARA PROYECTOS DE INVERSI\u00d3N PARA LA MEJORA, MODERNIZACI\u00d3N Y DOTACI\u00d3N DE INFRAESTRUCTURAS Y SERVICIOS EN POL\u00cdGONOS, \u00c1REAS INDUSTRIALES Y ENCLAVES TECNOL\u00d3GICOS, CON CARGO AL PRESUPUESTO DEL EJERCICIO 2023\",\"datePublished\":\"2023-04-06T12:12:58+00:00\",\"dateModified\":\"2024-01-08T18:00:13+00:00\",\"mainEntityOfPage\":{\"@id\":\"https:\/\/www.vilademuro.net\/es\/subvencion-dentro-de-la-convocatoria-de-ayudas-a-los-ayuntamientos-para-proyectos-de-inversion-para-la-mejora-modernizacion-y-dotacion-de-infraestructuras-y-servicios-en-poligonos-areas-industriales\/\"},\"wordCount\":841,\"publisher\":{\"@id\":\"https:\/\/www.vilademuro.net\/es\/#organization\"},\"image\":{\"@id\":\"https:\/\/www.vilademuro.net\/es\/subvencion-dentro-de-la-convocatoria-de-ayudas-a-los-ayuntamientos-para-proyectos-de-inversion-para-la-mejora-modernizacion-y-dotacion-de-infraestructuras-y-servicios-en-poligonos-areas-industriales\/#primaryimage\"},\"thumbnailUrl\":\"https:\/\/www.vilademuro.net\/wp-content\/uploads\/2020\/04\/logo-entrades-ajudes-i-subvencions.jpg\",\"articleSection\":[\"ADL\",\"\u00c1reas\",\"Ayudas y subvenciones\",\"Noticias\"],\"inLanguage\":\"es\"},{\"@type\":\"WebPage\",\"@id\":\"https:\/\/www.vilademuro.net\/es\/subvencion-dentro-de-la-convocatoria-de-ayudas-a-los-ayuntamientos-para-proyectos-de-inversion-para-la-mejora-modernizacion-y-dotacion-de-infraestructuras-y-servicios-en-poligonos-areas-industriales\/\",\"url\":\"https:\/\/www.vilademuro.net\/es\/subvencion-dentro-de-la-convocatoria-de-ayudas-a-los-ayuntamientos-para-proyectos-de-inversion-para-la-mejora-modernizacion-y-dotacion-de-infraestructuras-y-servicios-en-poligonos-areas-industriales\/\",\"name\":\"SUBVENCI\u00d3N DENTRO DE LA cONVOCATORIA DE AYUDAS A LOS AYUNTAMIENTOS PARA PROYECTOS DE INVERSI\u00d3N PARA LA MEJORA, MODERNIZACI\u00d3N Y DOTACI\u00d3N DE INFRAESTRUCTURAS Y SERVICIOS EN POL\u00cdGONOS, \u00c1REAS INDUSTRIALES Y ENCLAVES TECNOL\u00d3GICOS, CON CARGO AL PRESUPUESTO DEL EJERCICIO 2023 | Ajuntament de Muro\",\"isPartOf\":{\"@id\":\"https:\/\/www.vilademuro.net\/es\/#website\"},\"primaryImageOfPage\":{\"@id\":\"https:\/\/www.vilademuro.net\/es\/subvencion-dentro-de-la-convocatoria-de-ayudas-a-los-ayuntamientos-para-proyectos-de-inversion-para-la-mejora-modernizacion-y-dotacion-de-infraestructuras-y-servicios-en-poligonos-areas-industriales\/#primaryimage\"},\"image\":{\"@id\":\"https:\/\/www.vilademuro.net\/es\/subvencion-dentro-de-la-convocatoria-de-ayudas-a-los-ayuntamientos-para-proyectos-de-inversion-para-la-mejora-modernizacion-y-dotacion-de-infraestructuras-y-servicios-en-poligonos-areas-industriales\/#primaryimage\"},\"thumbnailUrl\":\"https:\/\/www.vilademuro.net\/wp-content\/uploads\/2020\/04\/logo-entrades-ajudes-i-subvencions.jpg\",\"datePublished\":\"2023-04-06T12:12:58+00:00\",\"dateModified\":\"2024-01-08T18:00:13+00:00\",\"breadcrumb\":{\"@id\":\"https:\/\/www.vilademuro.net\/es\/subvencion-dentro-de-la-convocatoria-de-ayudas-a-los-ayuntamientos-para-proyectos-de-inversion-para-la-mejora-modernizacion-y-dotacion-de-infraestructuras-y-servicios-en-poligonos-areas-industriales\/#breadcrumb\"},\"inLanguage\":\"es\",\"potentialAction\":[{\"@type\":\"ReadAction\",\"target\":[\"https:\/\/www.vilademuro.net\/es\/subvencion-dentro-de-la-convocatoria-de-ayudas-a-los-ayuntamientos-para-proyectos-de-inversion-para-la-mejora-modernizacion-y-dotacion-de-infraestructuras-y-servicios-en-poligonos-areas-industriales\/\"]}]},{\"@type\":\"ImageObject\",\"inLanguage\":\"es\",\"@id\":\"https:\/\/www.vilademuro.net\/es\/subvencion-dentro-de-la-convocatoria-de-ayudas-a-los-ayuntamientos-para-proyectos-de-inversion-para-la-mejora-modernizacion-y-dotacion-de-infraestructuras-y-servicios-en-poligonos-areas-industriales\/#primaryimage\",\"url\":\"https:\/\/www.vilademuro.net\/wp-content\/uploads\/2020\/04\/logo-entrades-ajudes-i-subvencions.jpg\",\"contentUrl\":\"https:\/\/www.vilademuro.net\/wp-content\/uploads\/2020\/04\/logo-entrades-ajudes-i-subvencions.jpg\",\"width\":200,\"height\":200},{\"@type\":\"BreadcrumbList\",\"@id\":\"https:\/\/www.vilademuro.net\/es\/subvencion-dentro-de-la-convocatoria-de-ayudas-a-los-ayuntamientos-para-proyectos-de-inversion-para-la-mejora-modernizacion-y-dotacion-de-infraestructuras-y-servicios-en-poligonos-areas-industriales\/#breadcrumb\",\"itemListElement\":[{\"@type\":\"ListItem\",\"position\":1,\"name\":\"Inici\",\"item\":\"https:\/\/www.vilademuro.net\/es\/\"},{\"@type\":\"ListItem\",\"position\":2,\"name\":\"SUBVENCI\u00d3N DENTRO DE LA cONVOCATORIA DE AYUDAS A LOS AYUNTAMIENTOS PARA PROYECTOS DE INVERSI\u00d3N PARA LA MEJORA, MODERNIZACI\u00d3N Y DOTACI\u00d3N DE INFRAESTRUCTURAS Y SERVICIOS EN POL\u00cdGONOS, \u00c1REAS INDUSTRIALES Y ENCLAVES TECNOL\u00d3GICOS, CON CARGO AL PRESUPUESTO DEL EJERCICIO 2023\"}]},{\"@type\":\"WebSite\",\"@id\":\"https:\/\/www.vilademuro.net\/es\/#website\",\"url\":\"https:\/\/www.vilademuro.net\/es\/\",\"name\":\"Ajuntament de Muro d'Alcoi\",\"description\":\"P\u00e1gina web oficial de l&#039;Ajuntament de Muro\",\"publisher\":{\"@id\":\"https:\/\/www.vilademuro.net\/es\/#organization\"},\"potentialAction\":[{\"@type\":\"SearchAction\",\"target\":{\"@type\":\"EntryPoint\",\"urlTemplate\":\"https:\/\/www.vilademuro.net\/es\/?s={search_term_string}\"},\"query-input\":{\"@type\":\"PropertyValueSpecification\",\"valueRequired\":true,\"valueName\":\"search_term_string\"}}],\"inLanguage\":\"es\"},{\"@type\":\"Organization\",\"@id\":\"https:\/\/www.vilademuro.net\/es\/#organization\",\"name\":\"Ajuntament de Muro\",\"url\":\"https:\/\/www.vilademuro.net\/es\/\",\"logo\":{\"@type\":\"ImageObject\",\"inLanguage\":\"es\",\"@id\":\"https:\/\/www.vilademuro.net\/es\/#\/schema\/logo\/image\/\",\"url\":\"https:\/\/www.vilademuro.net\/wp-content\/uploads\/2022\/10\/LOGO3-2.jpg\",\"contentUrl\":\"https:\/\/www.vilademuro.net\/wp-content\/uploads\/2022\/10\/LOGO3-2.jpg\",\"width\":756,\"height\":517,\"caption\":\"Ajuntament de Muro\"},\"image\":{\"@id\":\"https:\/\/www.vilademuro.net\/es\/#\/schema\/logo\/image\/\"},\"sameAs\":[\"https:\/\/www.facebook.com\/murodealcoy\",\"https:\/\/x.com\/AjuntamentMuro\",\"https:\/\/www.youtube.com\/channel\/UC2rwbKfRqsd1Ncwm6Y1prQw\"]},{\"@type\":\"Person\",\"@id\":\"https:\/\/www.vilademuro.net\/es\/#\/schema\/person\/a42e266ef9e9ced94f63a10cae995cb3\",\"name\":\"Manolo Moll\",\"image\":{\"@type\":\"ImageObject\",\"inLanguage\":\"es\",\"@id\":\"https:\/\/www.vilademuro.net\/es\/#\/schema\/person\/image\/\",\"url\":\"https:\/\/secure.gravatar.com\/avatar\/a3221566d53d0f1136f8c6f2cfcd2956c691deadb08d33bb4b275a4da7bd7260?s=96&d=mm&r=g\",\"contentUrl\":\"https:\/\/secure.gravatar.com\/avatar\/a3221566d53d0f1136f8c6f2cfcd2956c691deadb08d33bb4b275a4da7bd7260?s=96&d=mm&r=g\",\"caption\":\"Manolo Moll\"}}]}<\/script>\n<!-- \/ Yoast SEO plugin. -->","yoast_head_json":{"title":"SUBVENCI\u00d3N DENTRO DE LA cONVOCATORIA DE AYUDAS A LOS AYUNTAMIENTOS PARA PROYECTOS DE INVERSI\u00d3N PARA LA MEJORA, MODERNIZACI\u00d3N Y DOTACI\u00d3N DE INFRAESTRUCTURAS Y SERVICIOS EN POL\u00cdGONOS, \u00c1REAS INDUSTRIALES Y ENCLAVES TECNOL\u00d3GICOS, CON CARGO AL PRESUPUESTO DEL EJERCICIO 2023 | Ajuntament de Muro","robots":{"index":"index","follow":"follow","max-snippet":"max-snippet:-1","max-image-preview":"max-image-preview:large","max-video-preview":"max-video-preview:-1"},"canonical":"https:\/\/www.vilademuro.net\/es\/subvencion-dentro-de-la-convocatoria-de-ayudas-a-los-ayuntamientos-para-proyectos-de-inversion-para-la-mejora-modernizacion-y-dotacion-de-infraestructuras-y-servicios-en-poligonos-areas-industriales\/","og_locale":"es_ES","og_type":"article","og_title":"SUBVENCI\u00d3N DENTRO DE LA cONVOCATORIA DE AYUDAS A LOS AYUNTAMIENTOS PARA PROYECTOS DE INVERSI\u00d3N PARA LA MEJORA, MODERNIZACI\u00d3N Y DOTACI\u00d3N DE INFRAESTRUCTURAS Y SERVICIOS EN POL\u00cdGONOS, \u00c1REAS INDUSTRIALES Y ENCLAVES TECNOL\u00d3GICOS, CON CARGO AL PRESUPUESTO DEL EJERCICIO 2023 | Ajuntament de Muro","og_description":"Subvenci\u00f3n dentro de la Convocatoria de ayudas a los ayuntamientos para proyectos de inversi\u00f3n para la mejora, modernizaci\u00f3n y dotaci\u00f3n de infraestructuras y servicios en pol\u00edgonos, \u00e1reas industriales y enclaves [&hellip;]","og_url":"https:\/\/www.vilademuro.net\/es\/subvencion-dentro-de-la-convocatoria-de-ayudas-a-los-ayuntamientos-para-proyectos-de-inversion-para-la-mejora-modernizacion-y-dotacion-de-infraestructuras-y-servicios-en-poligonos-areas-industriales\/","og_site_name":"Ajuntament de Muro","article_publisher":"https:\/\/www.facebook.com\/murodealcoy","article_published_time":"2023-04-06T12:12:58+00:00","article_modified_time":"2024-01-08T18:00:13+00:00","og_image":[{"width":200,"height":200,"url":"https:\/\/www.vilademuro.net\/wp-content\/uploads\/2020\/04\/logo-entrades-ajudes-i-subvencions.jpg","type":"image\/jpeg"}],"author":"Manolo Moll","twitter_card":"summary_large_image","twitter_creator":"@AjuntamentMuro","twitter_site":"@AjuntamentMuro","twitter_misc":{"Escrito por":"Manolo Moll","Tiempo de lectura":"4 minutos"},"schema":{"@context":"https:\/\/schema.org","@graph":[{"@type":"Article","@id":"https:\/\/www.vilademuro.net\/es\/subvencion-dentro-de-la-convocatoria-de-ayudas-a-los-ayuntamientos-para-proyectos-de-inversion-para-la-mejora-modernizacion-y-dotacion-de-infraestructuras-y-servicios-en-poligonos-areas-industriales\/#article","isPartOf":{"@id":"https:\/\/www.vilademuro.net\/es\/subvencion-dentro-de-la-convocatoria-de-ayudas-a-los-ayuntamientos-para-proyectos-de-inversion-para-la-mejora-modernizacion-y-dotacion-de-infraestructuras-y-servicios-en-poligonos-areas-industriales\/"},"author":{"name":"Manolo Moll","@id":"https:\/\/www.vilademuro.net\/es\/#\/schema\/person\/a42e266ef9e9ced94f63a10cae995cb3"},"headline":"SUBVENCI\u00d3N DENTRO DE LA cONVOCATORIA DE AYUDAS A LOS AYUNTAMIENTOS PARA PROYECTOS DE INVERSI\u00d3N PARA LA MEJORA, MODERNIZACI\u00d3N Y DOTACI\u00d3N DE INFRAESTRUCTURAS Y SERVICIOS EN POL\u00cdGONOS, \u00c1REAS INDUSTRIALES Y ENCLAVES TECNOL\u00d3GICOS, CON CARGO AL PRESUPUESTO DEL EJERCICIO 2023","datePublished":"2023-04-06T12:12:58+00:00","dateModified":"2024-01-08T18:00:13+00:00","mainEntityOfPage":{"@id":"https:\/\/www.vilademuro.net\/es\/subvencion-dentro-de-la-convocatoria-de-ayudas-a-los-ayuntamientos-para-proyectos-de-inversion-para-la-mejora-modernizacion-y-dotacion-de-infraestructuras-y-servicios-en-poligonos-areas-industriales\/"},"wordCount":841,"publisher":{"@id":"https:\/\/www.vilademuro.net\/es\/#organization"},"image":{"@id":"https:\/\/www.vilademuro.net\/es\/subvencion-dentro-de-la-convocatoria-de-ayudas-a-los-ayuntamientos-para-proyectos-de-inversion-para-la-mejora-modernizacion-y-dotacion-de-infraestructuras-y-servicios-en-poligonos-areas-industriales\/#primaryimage"},"thumbnailUrl":"https:\/\/www.vilademuro.net\/wp-content\/uploads\/2020\/04\/logo-entrades-ajudes-i-subvencions.jpg","articleSection":["ADL","\u00c1reas","Ayudas y subvenciones","Noticias"],"inLanguage":"es"},{"@type":"WebPage","@id":"https:\/\/www.vilademuro.net\/es\/subvencion-dentro-de-la-convocatoria-de-ayudas-a-los-ayuntamientos-para-proyectos-de-inversion-para-la-mejora-modernizacion-y-dotacion-de-infraestructuras-y-servicios-en-poligonos-areas-industriales\/","url":"https:\/\/www.vilademuro.net\/es\/subvencion-dentro-de-la-convocatoria-de-ayudas-a-los-ayuntamientos-para-proyectos-de-inversion-para-la-mejora-modernizacion-y-dotacion-de-infraestructuras-y-servicios-en-poligonos-areas-industriales\/","name":"SUBVENCI\u00d3N DENTRO DE LA cONVOCATORIA DE AYUDAS A LOS AYUNTAMIENTOS PARA PROYECTOS DE INVERSI\u00d3N PARA LA MEJORA, MODERNIZACI\u00d3N Y DOTACI\u00d3N DE INFRAESTRUCTURAS Y SERVICIOS EN POL\u00cdGONOS, \u00c1REAS INDUSTRIALES Y ENCLAVES TECNOL\u00d3GICOS, CON CARGO AL PRESUPUESTO DEL EJERCICIO 2023 | Ajuntament de Muro","isPartOf":{"@id":"https:\/\/www.vilademuro.net\/es\/#website"},"primaryImageOfPage":{"@id":"https:\/\/www.vilademuro.net\/es\/subvencion-dentro-de-la-convocatoria-de-ayudas-a-los-ayuntamientos-para-proyectos-de-inversion-para-la-mejora-modernizacion-y-dotacion-de-infraestructuras-y-servicios-en-poligonos-areas-industriales\/#primaryimage"},"image":{"@id":"https:\/\/www.vilademuro.net\/es\/subvencion-dentro-de-la-convocatoria-de-ayudas-a-los-ayuntamientos-para-proyectos-de-inversion-para-la-mejora-modernizacion-y-dotacion-de-infraestructuras-y-servicios-en-poligonos-areas-industriales\/#primaryimage"},"thumbnailUrl":"https:\/\/www.vilademuro.net\/wp-content\/uploads\/2020\/04\/logo-entrades-ajudes-i-subvencions.jpg","datePublished":"2023-04-06T12:12:58+00:00","dateModified":"2024-01-08T18:00:13+00:00","breadcrumb":{"@id":"https:\/\/www.vilademuro.net\/es\/subvencion-dentro-de-la-convocatoria-de-ayudas-a-los-ayuntamientos-para-proyectos-de-inversion-para-la-mejora-modernizacion-y-dotacion-de-infraestructuras-y-servicios-en-poligonos-areas-industriales\/#breadcrumb"},"inLanguage":"es","potentialAction":[{"@type":"ReadAction","target":["https:\/\/www.vilademuro.net\/es\/subvencion-dentro-de-la-convocatoria-de-ayudas-a-los-ayuntamientos-para-proyectos-de-inversion-para-la-mejora-modernizacion-y-dotacion-de-infraestructuras-y-servicios-en-poligonos-areas-industriales\/"]}]},{"@type":"ImageObject","inLanguage":"es","@id":"https:\/\/www.vilademuro.net\/es\/subvencion-dentro-de-la-convocatoria-de-ayudas-a-los-ayuntamientos-para-proyectos-de-inversion-para-la-mejora-modernizacion-y-dotacion-de-infraestructuras-y-servicios-en-poligonos-areas-industriales\/#primaryimage","url":"https:\/\/www.vilademuro.net\/wp-content\/uploads\/2020\/04\/logo-entrades-ajudes-i-subvencions.jpg","contentUrl":"https:\/\/www.vilademuro.net\/wp-content\/uploads\/2020\/04\/logo-entrades-ajudes-i-subvencions.jpg","width":200,"height":200},{"@type":"BreadcrumbList","@id":"https:\/\/www.vilademuro.net\/es\/subvencion-dentro-de-la-convocatoria-de-ayudas-a-los-ayuntamientos-para-proyectos-de-inversion-para-la-mejora-modernizacion-y-dotacion-de-infraestructuras-y-servicios-en-poligonos-areas-industriales\/#breadcrumb","itemListElement":[{"@type":"ListItem","position":1,"name":"Inici","item":"https:\/\/www.vilademuro.net\/es\/"},{"@type":"ListItem","position":2,"name":"SUBVENCI\u00d3N DENTRO DE LA cONVOCATORIA DE AYUDAS A LOS AYUNTAMIENTOS PARA PROYECTOS DE INVERSI\u00d3N PARA LA MEJORA, MODERNIZACI\u00d3N Y DOTACI\u00d3N DE INFRAESTRUCTURAS Y SERVICIOS EN POL\u00cdGONOS, \u00c1REAS INDUSTRIALES Y ENCLAVES TECNOL\u00d3GICOS, CON CARGO AL PRESUPUESTO DEL EJERCICIO 2023"}]},{"@type":"WebSite","@id":"https:\/\/www.vilademuro.net\/es\/#website","url":"https:\/\/www.vilademuro.net\/es\/","name":"Ajuntament de Muro d'Alcoi","description":"P\u00e1gina web oficial de l&#039;Ajuntament de Muro","publisher":{"@id":"https:\/\/www.vilademuro.net\/es\/#organization"},"potentialAction":[{"@type":"SearchAction","target":{"@type":"EntryPoint","urlTemplate":"https:\/\/www.vilademuro.net\/es\/?s={search_term_string}"},"query-input":{"@type":"PropertyValueSpecification","valueRequired":true,"valueName":"search_term_string"}}],"inLanguage":"es"},{"@type":"Organization","@id":"https:\/\/www.vilademuro.net\/es\/#organization","name":"Ajuntament de Muro","url":"https:\/\/www.vilademuro.net\/es\/","logo":{"@type":"ImageObject","inLanguage":"es","@id":"https:\/\/www.vilademuro.net\/es\/#\/schema\/logo\/image\/","url":"https:\/\/www.vilademuro.net\/wp-content\/uploads\/2022\/10\/LOGO3-2.jpg","contentUrl":"https:\/\/www.vilademuro.net\/wp-content\/uploads\/2022\/10\/LOGO3-2.jpg","width":756,"height":517,"caption":"Ajuntament de Muro"},"image":{"@id":"https:\/\/www.vilademuro.net\/es\/#\/schema\/logo\/image\/"},"sameAs":["https:\/\/www.facebook.com\/murodealcoy","https:\/\/x.com\/AjuntamentMuro","https:\/\/www.youtube.com\/channel\/UC2rwbKfRqsd1Ncwm6Y1prQw"]},{"@type":"Person","@id":"https:\/\/www.vilademuro.net\/es\/#\/schema\/person\/a42e266ef9e9ced94f63a10cae995cb3","name":"Manolo Moll","image":{"@type":"ImageObject","inLanguage":"es","@id":"https:\/\/www.vilademuro.net\/es\/#\/schema\/person\/image\/","url":"https:\/\/secure.gravatar.com\/avatar\/a3221566d53d0f1136f8c6f2cfcd2956c691deadb08d33bb4b275a4da7bd7260?s=96&d=mm&r=g","contentUrl":"https:\/\/secure.gravatar.com\/avatar\/a3221566d53d0f1136f8c6f2cfcd2956c691deadb08d33bb4b275a4da7bd7260?s=96&d=mm&r=g","caption":"Manolo Moll"}}]}},"_links":{"self":[{"href":"https:\/\/www.vilademuro.net\/es\/wp-json\/wp\/v2\/posts\/48306","targetHints":{"allow":["GET"]}}],"collection":[{"href":"https:\/\/www.vilademuro.net\/es\/wp-json\/wp\/v2\/posts"}],"about":[{"href":"https:\/\/www.vilademuro.net\/es\/wp-json\/wp\/v2\/types\/post"}],"author":[{"embeddable":true,"href":"https:\/\/www.vilademuro.net\/es\/wp-json\/wp\/v2\/users\/9"}],"replies":[{"embeddable":true,"href":"https:\/\/www.vilademuro.net\/es\/wp-json\/wp\/v2\/comments?post=48306"}],"version-history":[{"count":0,"href":"https:\/\/www.vilademuro.net\/es\/wp-json\/wp\/v2\/posts\/48306\/revisions"}],"wp:featuredmedia":[{"embeddable":true,"href":"https:\/\/www.vilademuro.net\/es\/wp-json\/wp\/v2\/media\/37834"}],"wp:attachment":[{"href":"https:\/\/www.vilademuro.net\/es\/wp-json\/wp\/v2\/media?parent=48306"}],"wp:term":[{"taxonomy":"category","embeddable":true,"href":"https:\/\/www.vilademuro.net\/es\/wp-json\/wp\/v2\/categories?post=48306"},{"taxonomy":"post_tag","embeddable":true,"href":"https:\/\/www.vilademuro.net\/es\/wp-json\/wp\/v2\/tags?post=48306"}],"curies":[{"name":"wp","href":"https:\/\/api.w.org\/{rel}","templated":true}]}}