{"id":46969,"date":"2022-11-04T16:17:53","date_gmt":"2022-11-04T15:17:53","guid":{"rendered":"https:\/\/www.vilademuro.net\/subvencion-dentro-de-la-convocatoria-de-subvenciones-para-las-corporaciones-locales-y-entidades-privadas-sin-animo-de-lucro-que-desarrollan-la-formacion-de-personas-adultas-en-la-comunitat-valencian-2\/"},"modified":"2022-11-04T16:17:53","modified_gmt":"2022-11-04T15:17:53","slug":"subvencion-dentro-de-la-convocatoria-de-subvenciones-para-las-corporaciones-locales-y-entidades-privadas-sin-animo-de-lucro-que-desarrollan-la-formacion-de-personas-adultas-en-la-comunitat-valencian-2","status":"publish","type":"post","link":"https:\/\/www.vilademuro.net\/es\/subvencion-dentro-de-la-convocatoria-de-subvenciones-para-las-corporaciones-locales-y-entidades-privadas-sin-animo-de-lucro-que-desarrollan-la-formacion-de-personas-adultas-en-la-comunitat-valencian-2\/","title":{"rendered":"Subvenci\u00f3n dentro de la Convocatoria de subvenciones para las corporaciones locales y entidades privadas sin \u00e1nimo de lucro que desarrollan la formaci\u00f3n de personas adultas en la Comunitat Valenciana, para el ejercicio 2022."},"content":{"rendered":"<p>La Conselleria de Educaci\u00f3n, Cultura y Deporte, ha concedido al Ayuntamiento de Muro de Alcoy, dentro de la Convocatoria de subvenciones para las corporaciones locales y entidades privadas sin \u00e1nimo de lucro que desarrollan la formaci\u00f3n de personas adultas en la Comunitat Valenciana, para el ejercicio 2022, unas subvenci\u00f3n por importe de 15.641,20 \u20ac para el gasto que supone el mantenimiento de las actividades del CFPA Beniassent-ext Muro.<br \/>\n<img decoding=\"async\" src=\"https:\/\/www.vilademuro.net\/wp-content\/uploads\/2019\/12\/logo-generalitat-1-300x143.png\" \/><\/p>\n","protected":false},"excerpt":{"rendered":"<p>La Conselleria de Educaci\u00f3n, Cultura y Deporte, ha concedido al Ayuntamiento de Muro de Alcoy, dentro de la Convocatoria de subvenciones para las corporaciones locales y entidades privadas sin \u00e1nimo [&hellip;]<\/p>\n","protected":false},"author":9,"featured_media":37834,"comment_status":"closed","ping_status":"closed","sticky":false,"template":"","format":"standard","meta":{"_et_pb_use_builder":"","_et_pb_old_content":"","_et_gb_content_width":"","footnotes":""},"categories":[50,63,110,49],"tags":[],"class_list":["post-46969","post","type-post","status-publish","format-standard","has-post-thumbnail","hentry","category-adl-es","category-areas","category-ayudas-y-subvenciones","category-noticias"],"yoast_head":"<!-- This site is optimized with the Yoast SEO plugin v27.1.1 - https:\/\/yoast.com\/product\/yoast-seo-wordpress\/ -->\n<title>Subvenci\u00f3n dentro de la Convocatoria de subvenciones para las corporaciones locales y entidades privadas sin \u00e1nimo de lucro que desarrollan la formaci\u00f3n de personas adultas en la Comunitat Valenciana, para el ejercicio 2022. | Ajuntament de Muro<\/title>\n<meta name=\"robots\" content=\"index, follow, max-snippet:-1, max-image-preview:large, max-video-preview:-1\" \/>\n<link rel=\"canonical\" href=\"https:\/\/www.vilademuro.net\/es\/subvencion-dentro-de-la-convocatoria-de-subvenciones-para-las-corporaciones-locales-y-entidades-privadas-sin-animo-de-lucro-que-desarrollan-la-formacion-de-personas-adultas-en-la-comunitat-valencian-2\/\" \/>\n<meta property=\"og:locale\" content=\"es_ES\" \/>\n<meta property=\"og:type\" content=\"article\" \/>\n<meta property=\"og:title\" content=\"Subvenci\u00f3n dentro de la Convocatoria de subvenciones para las corporaciones locales y entidades privadas sin \u00e1nimo de lucro que desarrollan la formaci\u00f3n de personas adultas en la Comunitat Valenciana, para el ejercicio 2022. | Ajuntament de Muro\" \/>\n<meta property=\"og:description\" content=\"La Conselleria de Educaci\u00f3n, Cultura y Deporte, ha concedido al Ayuntamiento de Muro de Alcoy, dentro de la Convocatoria de subvenciones para las corporaciones locales y entidades privadas sin \u00e1nimo [&hellip;]\" \/>\n<meta property=\"og:url\" content=\"https:\/\/www.vilademuro.net\/es\/subvencion-dentro-de-la-convocatoria-de-subvenciones-para-las-corporaciones-locales-y-entidades-privadas-sin-animo-de-lucro-que-desarrollan-la-formacion-de-personas-adultas-en-la-comunitat-valencian-2\/\" \/>\n<meta property=\"og:site_name\" content=\"Ajuntament de Muro\" \/>\n<meta property=\"article:publisher\" content=\"https:\/\/www.facebook.com\/murodealcoy\" \/>\n<meta property=\"article:published_time\" content=\"2022-11-04T15:17:53+00:00\" \/>\n<meta property=\"og:image\" content=\"https:\/\/www.vilademuro.net\/wp-content\/uploads\/2020\/04\/logo-entrades-ajudes-i-subvencions.jpg\" \/>\n\t<meta property=\"og:image:width\" content=\"200\" \/>\n\t<meta property=\"og:image:height\" content=\"200\" \/>\n\t<meta property=\"og:image:type\" content=\"image\/jpeg\" \/>\n<meta name=\"author\" content=\"Manolo Moll\" \/>\n<meta name=\"twitter:card\" content=\"summary_large_image\" \/>\n<meta name=\"twitter:creator\" content=\"@AjuntamentMuro\" \/>\n<meta name=\"twitter:site\" content=\"@AjuntamentMuro\" \/>\n<meta name=\"twitter:label1\" content=\"Escrito por\" \/>\n\t<meta name=\"twitter:data1\" content=\"Manolo Moll\" \/>\n<script type=\"application\/ld+json\" class=\"yoast-schema-graph\">{\"@context\":\"https:\/\/schema.org\",\"@graph\":[{\"@type\":\"Article\",\"@id\":\"https:\/\/www.vilademuro.net\/es\/subvencion-dentro-de-la-convocatoria-de-subvenciones-para-las-corporaciones-locales-y-entidades-privadas-sin-animo-de-lucro-que-desarrollan-la-formacion-de-personas-adultas-en-la-comunitat-valencian-2\/#article\",\"isPartOf\":{\"@id\":\"https:\/\/www.vilademuro.net\/es\/subvencion-dentro-de-la-convocatoria-de-subvenciones-para-las-corporaciones-locales-y-entidades-privadas-sin-animo-de-lucro-que-desarrollan-la-formacion-de-personas-adultas-en-la-comunitat-valencian-2\/\"},\"author\":{\"name\":\"Manolo Moll\",\"@id\":\"https:\/\/www.vilademuro.net\/es\/#\/schema\/person\/a42e266ef9e9ced94f63a10cae995cb3\"},\"headline\":\"Subvenci\u00f3n dentro de la Convocatoria de subvenciones para las corporaciones locales y entidades privadas sin \u00e1nimo de lucro que desarrollan la formaci\u00f3n de personas adultas en la Comunitat Valenciana, para el ejercicio 2022.\",\"datePublished\":\"2022-11-04T15:17:53+00:00\",\"mainEntityOfPage\":{\"@id\":\"https:\/\/www.vilademuro.net\/es\/subvencion-dentro-de-la-convocatoria-de-subvenciones-para-las-corporaciones-locales-y-entidades-privadas-sin-animo-de-lucro-que-desarrollan-la-formacion-de-personas-adultas-en-la-comunitat-valencian-2\/\"},\"wordCount\":102,\"publisher\":{\"@id\":\"https:\/\/www.vilademuro.net\/es\/#organization\"},\"image\":{\"@id\":\"https:\/\/www.vilademuro.net\/es\/subvencion-dentro-de-la-convocatoria-de-subvenciones-para-las-corporaciones-locales-y-entidades-privadas-sin-animo-de-lucro-que-desarrollan-la-formacion-de-personas-adultas-en-la-comunitat-valencian-2\/#primaryimage\"},\"thumbnailUrl\":\"https:\/\/www.vilademuro.net\/wp-content\/uploads\/2020\/04\/logo-entrades-ajudes-i-subvencions.jpg\",\"articleSection\":[\"ADL\",\"\u00c1reas\",\"Ayudas y subvenciones\",\"Noticias\"],\"inLanguage\":\"es\"},{\"@type\":\"WebPage\",\"@id\":\"https:\/\/www.vilademuro.net\/es\/subvencion-dentro-de-la-convocatoria-de-subvenciones-para-las-corporaciones-locales-y-entidades-privadas-sin-animo-de-lucro-que-desarrollan-la-formacion-de-personas-adultas-en-la-comunitat-valencian-2\/\",\"url\":\"https:\/\/www.vilademuro.net\/es\/subvencion-dentro-de-la-convocatoria-de-subvenciones-para-las-corporaciones-locales-y-entidades-privadas-sin-animo-de-lucro-que-desarrollan-la-formacion-de-personas-adultas-en-la-comunitat-valencian-2\/\",\"name\":\"Subvenci\u00f3n dentro de la Convocatoria de subvenciones para las corporaciones locales y entidades privadas sin \u00e1nimo de lucro que desarrollan la formaci\u00f3n de personas adultas en la Comunitat Valenciana, para el ejercicio 2022. | Ajuntament de Muro\",\"isPartOf\":{\"@id\":\"https:\/\/www.vilademuro.net\/es\/#website\"},\"primaryImageOfPage\":{\"@id\":\"https:\/\/www.vilademuro.net\/es\/subvencion-dentro-de-la-convocatoria-de-subvenciones-para-las-corporaciones-locales-y-entidades-privadas-sin-animo-de-lucro-que-desarrollan-la-formacion-de-personas-adultas-en-la-comunitat-valencian-2\/#primaryimage\"},\"image\":{\"@id\":\"https:\/\/www.vilademuro.net\/es\/subvencion-dentro-de-la-convocatoria-de-subvenciones-para-las-corporaciones-locales-y-entidades-privadas-sin-animo-de-lucro-que-desarrollan-la-formacion-de-personas-adultas-en-la-comunitat-valencian-2\/#primaryimage\"},\"thumbnailUrl\":\"https:\/\/www.vilademuro.net\/wp-content\/uploads\/2020\/04\/logo-entrades-ajudes-i-subvencions.jpg\",\"datePublished\":\"2022-11-04T15:17:53+00:00\",\"breadcrumb\":{\"@id\":\"https:\/\/www.vilademuro.net\/es\/subvencion-dentro-de-la-convocatoria-de-subvenciones-para-las-corporaciones-locales-y-entidades-privadas-sin-animo-de-lucro-que-desarrollan-la-formacion-de-personas-adultas-en-la-comunitat-valencian-2\/#breadcrumb\"},\"inLanguage\":\"es\",\"potentialAction\":[{\"@type\":\"ReadAction\",\"target\":[\"https:\/\/www.vilademuro.net\/es\/subvencion-dentro-de-la-convocatoria-de-subvenciones-para-las-corporaciones-locales-y-entidades-privadas-sin-animo-de-lucro-que-desarrollan-la-formacion-de-personas-adultas-en-la-comunitat-valencian-2\/\"]}]},{\"@type\":\"ImageObject\",\"inLanguage\":\"es\",\"@id\":\"https:\/\/www.vilademuro.net\/es\/subvencion-dentro-de-la-convocatoria-de-subvenciones-para-las-corporaciones-locales-y-entidades-privadas-sin-animo-de-lucro-que-desarrollan-la-formacion-de-personas-adultas-en-la-comunitat-valencian-2\/#primaryimage\",\"url\":\"https:\/\/www.vilademuro.net\/wp-content\/uploads\/2020\/04\/logo-entrades-ajudes-i-subvencions.jpg\",\"contentUrl\":\"https:\/\/www.vilademuro.net\/wp-content\/uploads\/2020\/04\/logo-entrades-ajudes-i-subvencions.jpg\",\"width\":200,\"height\":200},{\"@type\":\"BreadcrumbList\",\"@id\":\"https:\/\/www.vilademuro.net\/es\/subvencion-dentro-de-la-convocatoria-de-subvenciones-para-las-corporaciones-locales-y-entidades-privadas-sin-animo-de-lucro-que-desarrollan-la-formacion-de-personas-adultas-en-la-comunitat-valencian-2\/#breadcrumb\",\"itemListElement\":[{\"@type\":\"ListItem\",\"position\":1,\"name\":\"Inici\",\"item\":\"https:\/\/www.vilademuro.net\/es\/\"},{\"@type\":\"ListItem\",\"position\":2,\"name\":\"Subvenci\u00f3n dentro de la Convocatoria de subvenciones para las corporaciones locales y entidades privadas sin \u00e1nimo de lucro que desarrollan la formaci\u00f3n de personas adultas en la Comunitat Valenciana, para el ejercicio 2022.\"}]},{\"@type\":\"WebSite\",\"@id\":\"https:\/\/www.vilademuro.net\/es\/#website\",\"url\":\"https:\/\/www.vilademuro.net\/es\/\",\"name\":\"Ajuntament de Muro d'Alcoi\",\"description\":\"P\u00e1gina web oficial de l&#039;Ajuntament de Muro\",\"publisher\":{\"@id\":\"https:\/\/www.vilademuro.net\/es\/#organization\"},\"potentialAction\":[{\"@type\":\"SearchAction\",\"target\":{\"@type\":\"EntryPoint\",\"urlTemplate\":\"https:\/\/www.vilademuro.net\/es\/?s={search_term_string}\"},\"query-input\":{\"@type\":\"PropertyValueSpecification\",\"valueRequired\":true,\"valueName\":\"search_term_string\"}}],\"inLanguage\":\"es\"},{\"@type\":\"Organization\",\"@id\":\"https:\/\/www.vilademuro.net\/es\/#organization\",\"name\":\"Ajuntament de Muro\",\"url\":\"https:\/\/www.vilademuro.net\/es\/\",\"logo\":{\"@type\":\"ImageObject\",\"inLanguage\":\"es\",\"@id\":\"https:\/\/www.vilademuro.net\/es\/#\/schema\/logo\/image\/\",\"url\":\"https:\/\/www.vilademuro.net\/wp-content\/uploads\/2022\/10\/LOGO3-2.jpg\",\"contentUrl\":\"https:\/\/www.vilademuro.net\/wp-content\/uploads\/2022\/10\/LOGO3-2.jpg\",\"width\":756,\"height\":517,\"caption\":\"Ajuntament de Muro\"},\"image\":{\"@id\":\"https:\/\/www.vilademuro.net\/es\/#\/schema\/logo\/image\/\"},\"sameAs\":[\"https:\/\/www.facebook.com\/murodealcoy\",\"https:\/\/x.com\/AjuntamentMuro\",\"https:\/\/www.youtube.com\/channel\/UC2rwbKfRqsd1Ncwm6Y1prQw\"]},{\"@type\":\"Person\",\"@id\":\"https:\/\/www.vilademuro.net\/es\/#\/schema\/person\/a42e266ef9e9ced94f63a10cae995cb3\",\"name\":\"Manolo Moll\",\"image\":{\"@type\":\"ImageObject\",\"inLanguage\":\"es\",\"@id\":\"https:\/\/www.vilademuro.net\/es\/#\/schema\/person\/image\/\",\"url\":\"https:\/\/secure.gravatar.com\/avatar\/a3221566d53d0f1136f8c6f2cfcd2956c691deadb08d33bb4b275a4da7bd7260?s=96&d=mm&r=g\",\"contentUrl\":\"https:\/\/secure.gravatar.com\/avatar\/a3221566d53d0f1136f8c6f2cfcd2956c691deadb08d33bb4b275a4da7bd7260?s=96&d=mm&r=g\",\"caption\":\"Manolo Moll\"}}]}<\/script>\n<!-- \/ Yoast SEO plugin. -->","yoast_head_json":{"title":"Subvenci\u00f3n dentro de la Convocatoria de subvenciones para las corporaciones locales y entidades privadas sin \u00e1nimo de lucro que desarrollan la formaci\u00f3n de personas adultas en la Comunitat Valenciana, para el ejercicio 2022. | Ajuntament de Muro","robots":{"index":"index","follow":"follow","max-snippet":"max-snippet:-1","max-image-preview":"max-image-preview:large","max-video-preview":"max-video-preview:-1"},"canonical":"https:\/\/www.vilademuro.net\/es\/subvencion-dentro-de-la-convocatoria-de-subvenciones-para-las-corporaciones-locales-y-entidades-privadas-sin-animo-de-lucro-que-desarrollan-la-formacion-de-personas-adultas-en-la-comunitat-valencian-2\/","og_locale":"es_ES","og_type":"article","og_title":"Subvenci\u00f3n dentro de la Convocatoria de subvenciones para las corporaciones locales y entidades privadas sin \u00e1nimo de lucro que desarrollan la formaci\u00f3n de personas adultas en la Comunitat Valenciana, para el ejercicio 2022. | Ajuntament de Muro","og_description":"La Conselleria de Educaci\u00f3n, Cultura y Deporte, ha concedido al Ayuntamiento de Muro de Alcoy, dentro de la Convocatoria de subvenciones para las corporaciones locales y entidades privadas sin \u00e1nimo [&hellip;]","og_url":"https:\/\/www.vilademuro.net\/es\/subvencion-dentro-de-la-convocatoria-de-subvenciones-para-las-corporaciones-locales-y-entidades-privadas-sin-animo-de-lucro-que-desarrollan-la-formacion-de-personas-adultas-en-la-comunitat-valencian-2\/","og_site_name":"Ajuntament de Muro","article_publisher":"https:\/\/www.facebook.com\/murodealcoy","article_published_time":"2022-11-04T15:17:53+00:00","og_image":[{"width":200,"height":200,"url":"https:\/\/www.vilademuro.net\/wp-content\/uploads\/2020\/04\/logo-entrades-ajudes-i-subvencions.jpg","type":"image\/jpeg"}],"author":"Manolo Moll","twitter_card":"summary_large_image","twitter_creator":"@AjuntamentMuro","twitter_site":"@AjuntamentMuro","twitter_misc":{"Escrito por":"Manolo Moll"},"schema":{"@context":"https:\/\/schema.org","@graph":[{"@type":"Article","@id":"https:\/\/www.vilademuro.net\/es\/subvencion-dentro-de-la-convocatoria-de-subvenciones-para-las-corporaciones-locales-y-entidades-privadas-sin-animo-de-lucro-que-desarrollan-la-formacion-de-personas-adultas-en-la-comunitat-valencian-2\/#article","isPartOf":{"@id":"https:\/\/www.vilademuro.net\/es\/subvencion-dentro-de-la-convocatoria-de-subvenciones-para-las-corporaciones-locales-y-entidades-privadas-sin-animo-de-lucro-que-desarrollan-la-formacion-de-personas-adultas-en-la-comunitat-valencian-2\/"},"author":{"name":"Manolo Moll","@id":"https:\/\/www.vilademuro.net\/es\/#\/schema\/person\/a42e266ef9e9ced94f63a10cae995cb3"},"headline":"Subvenci\u00f3n dentro de la Convocatoria de subvenciones para las corporaciones locales y entidades privadas sin \u00e1nimo de lucro que desarrollan la formaci\u00f3n de personas adultas en la Comunitat Valenciana, para el ejercicio 2022.","datePublished":"2022-11-04T15:17:53+00:00","mainEntityOfPage":{"@id":"https:\/\/www.vilademuro.net\/es\/subvencion-dentro-de-la-convocatoria-de-subvenciones-para-las-corporaciones-locales-y-entidades-privadas-sin-animo-de-lucro-que-desarrollan-la-formacion-de-personas-adultas-en-la-comunitat-valencian-2\/"},"wordCount":102,"publisher":{"@id":"https:\/\/www.vilademuro.net\/es\/#organization"},"image":{"@id":"https:\/\/www.vilademuro.net\/es\/subvencion-dentro-de-la-convocatoria-de-subvenciones-para-las-corporaciones-locales-y-entidades-privadas-sin-animo-de-lucro-que-desarrollan-la-formacion-de-personas-adultas-en-la-comunitat-valencian-2\/#primaryimage"},"thumbnailUrl":"https:\/\/www.vilademuro.net\/wp-content\/uploads\/2020\/04\/logo-entrades-ajudes-i-subvencions.jpg","articleSection":["ADL","\u00c1reas","Ayudas y subvenciones","Noticias"],"inLanguage":"es"},{"@type":"WebPage","@id":"https:\/\/www.vilademuro.net\/es\/subvencion-dentro-de-la-convocatoria-de-subvenciones-para-las-corporaciones-locales-y-entidades-privadas-sin-animo-de-lucro-que-desarrollan-la-formacion-de-personas-adultas-en-la-comunitat-valencian-2\/","url":"https:\/\/www.vilademuro.net\/es\/subvencion-dentro-de-la-convocatoria-de-subvenciones-para-las-corporaciones-locales-y-entidades-privadas-sin-animo-de-lucro-que-desarrollan-la-formacion-de-personas-adultas-en-la-comunitat-valencian-2\/","name":"Subvenci\u00f3n dentro de la Convocatoria de subvenciones para las corporaciones locales y entidades privadas sin \u00e1nimo de lucro que desarrollan la formaci\u00f3n de personas adultas en la Comunitat Valenciana, para el ejercicio 2022. | Ajuntament de Muro","isPartOf":{"@id":"https:\/\/www.vilademuro.net\/es\/#website"},"primaryImageOfPage":{"@id":"https:\/\/www.vilademuro.net\/es\/subvencion-dentro-de-la-convocatoria-de-subvenciones-para-las-corporaciones-locales-y-entidades-privadas-sin-animo-de-lucro-que-desarrollan-la-formacion-de-personas-adultas-en-la-comunitat-valencian-2\/#primaryimage"},"image":{"@id":"https:\/\/www.vilademuro.net\/es\/subvencion-dentro-de-la-convocatoria-de-subvenciones-para-las-corporaciones-locales-y-entidades-privadas-sin-animo-de-lucro-que-desarrollan-la-formacion-de-personas-adultas-en-la-comunitat-valencian-2\/#primaryimage"},"thumbnailUrl":"https:\/\/www.vilademuro.net\/wp-content\/uploads\/2020\/04\/logo-entrades-ajudes-i-subvencions.jpg","datePublished":"2022-11-04T15:17:53+00:00","breadcrumb":{"@id":"https:\/\/www.vilademuro.net\/es\/subvencion-dentro-de-la-convocatoria-de-subvenciones-para-las-corporaciones-locales-y-entidades-privadas-sin-animo-de-lucro-que-desarrollan-la-formacion-de-personas-adultas-en-la-comunitat-valencian-2\/#breadcrumb"},"inLanguage":"es","potentialAction":[{"@type":"ReadAction","target":["https:\/\/www.vilademuro.net\/es\/subvencion-dentro-de-la-convocatoria-de-subvenciones-para-las-corporaciones-locales-y-entidades-privadas-sin-animo-de-lucro-que-desarrollan-la-formacion-de-personas-adultas-en-la-comunitat-valencian-2\/"]}]},{"@type":"ImageObject","inLanguage":"es","@id":"https:\/\/www.vilademuro.net\/es\/subvencion-dentro-de-la-convocatoria-de-subvenciones-para-las-corporaciones-locales-y-entidades-privadas-sin-animo-de-lucro-que-desarrollan-la-formacion-de-personas-adultas-en-la-comunitat-valencian-2\/#primaryimage","url":"https:\/\/www.vilademuro.net\/wp-content\/uploads\/2020\/04\/logo-entrades-ajudes-i-subvencions.jpg","contentUrl":"https:\/\/www.vilademuro.net\/wp-content\/uploads\/2020\/04\/logo-entrades-ajudes-i-subvencions.jpg","width":200,"height":200},{"@type":"BreadcrumbList","@id":"https:\/\/www.vilademuro.net\/es\/subvencion-dentro-de-la-convocatoria-de-subvenciones-para-las-corporaciones-locales-y-entidades-privadas-sin-animo-de-lucro-que-desarrollan-la-formacion-de-personas-adultas-en-la-comunitat-valencian-2\/#breadcrumb","itemListElement":[{"@type":"ListItem","position":1,"name":"Inici","item":"https:\/\/www.vilademuro.net\/es\/"},{"@type":"ListItem","position":2,"name":"Subvenci\u00f3n dentro de la Convocatoria de subvenciones para las corporaciones locales y entidades privadas sin \u00e1nimo de lucro que desarrollan la formaci\u00f3n de personas adultas en la Comunitat Valenciana, para el ejercicio 2022."}]},{"@type":"WebSite","@id":"https:\/\/www.vilademuro.net\/es\/#website","url":"https:\/\/www.vilademuro.net\/es\/","name":"Ajuntament de Muro d'Alcoi","description":"P\u00e1gina web oficial de l&#039;Ajuntament de Muro","publisher":{"@id":"https:\/\/www.vilademuro.net\/es\/#organization"},"potentialAction":[{"@type":"SearchAction","target":{"@type":"EntryPoint","urlTemplate":"https:\/\/www.vilademuro.net\/es\/?s={search_term_string}"},"query-input":{"@type":"PropertyValueSpecification","valueRequired":true,"valueName":"search_term_string"}}],"inLanguage":"es"},{"@type":"Organization","@id":"https:\/\/www.vilademuro.net\/es\/#organization","name":"Ajuntament de Muro","url":"https:\/\/www.vilademuro.net\/es\/","logo":{"@type":"ImageObject","inLanguage":"es","@id":"https:\/\/www.vilademuro.net\/es\/#\/schema\/logo\/image\/","url":"https:\/\/www.vilademuro.net\/wp-content\/uploads\/2022\/10\/LOGO3-2.jpg","contentUrl":"https:\/\/www.vilademuro.net\/wp-content\/uploads\/2022\/10\/LOGO3-2.jpg","width":756,"height":517,"caption":"Ajuntament de Muro"},"image":{"@id":"https:\/\/www.vilademuro.net\/es\/#\/schema\/logo\/image\/"},"sameAs":["https:\/\/www.facebook.com\/murodealcoy","https:\/\/x.com\/AjuntamentMuro","https:\/\/www.youtube.com\/channel\/UC2rwbKfRqsd1Ncwm6Y1prQw"]},{"@type":"Person","@id":"https:\/\/www.vilademuro.net\/es\/#\/schema\/person\/a42e266ef9e9ced94f63a10cae995cb3","name":"Manolo Moll","image":{"@type":"ImageObject","inLanguage":"es","@id":"https:\/\/www.vilademuro.net\/es\/#\/schema\/person\/image\/","url":"https:\/\/secure.gravatar.com\/avatar\/a3221566d53d0f1136f8c6f2cfcd2956c691deadb08d33bb4b275a4da7bd7260?s=96&d=mm&r=g","contentUrl":"https:\/\/secure.gravatar.com\/avatar\/a3221566d53d0f1136f8c6f2cfcd2956c691deadb08d33bb4b275a4da7bd7260?s=96&d=mm&r=g","caption":"Manolo Moll"}}]}},"_links":{"self":[{"href":"https:\/\/www.vilademuro.net\/es\/wp-json\/wp\/v2\/posts\/46969","targetHints":{"allow":["GET"]}}],"collection":[{"href":"https:\/\/www.vilademuro.net\/es\/wp-json\/wp\/v2\/posts"}],"about":[{"href":"https:\/\/www.vilademuro.net\/es\/wp-json\/wp\/v2\/types\/post"}],"author":[{"embeddable":true,"href":"https:\/\/www.vilademuro.net\/es\/wp-json\/wp\/v2\/users\/9"}],"replies":[{"embeddable":true,"href":"https:\/\/www.vilademuro.net\/es\/wp-json\/wp\/v2\/comments?post=46969"}],"version-history":[{"count":0,"href":"https:\/\/www.vilademuro.net\/es\/wp-json\/wp\/v2\/posts\/46969\/revisions"}],"wp:featuredmedia":[{"embeddable":true,"href":"https:\/\/www.vilademuro.net\/es\/wp-json\/wp\/v2\/media\/37834"}],"wp:attachment":[{"href":"https:\/\/www.vilademuro.net\/es\/wp-json\/wp\/v2\/media?parent=46969"}],"wp:term":[{"taxonomy":"category","embeddable":true,"href":"https:\/\/www.vilademuro.net\/es\/wp-json\/wp\/v2\/categories?post=46969"},{"taxonomy":"post_tag","embeddable":true,"href":"https:\/\/www.vilademuro.net\/es\/wp-json\/wp\/v2\/tags?post=46969"}],"curies":[{"name":"wp","href":"https:\/\/api.w.org\/{rel}","templated":true}]}}