{"id":46206,"date":"2022-08-04T14:44:22","date_gmt":"2022-08-04T12:44:22","guid":{"rendered":"https:\/\/www.vilademuro.net\/convocatoria-de-subvenciones-para-hacer-frente-a-situaciones-extraordinarias-pobreza-energetica-y-acogida-a-refugiados-procedentes-de-ucrania-para-la-anualidad-2022\/"},"modified":"2022-08-18T12:04:04","modified_gmt":"2022-08-18T10:04:04","slug":"convocatoria-de-subvenciones-para-hacer-frente-a-situaciones-extraordinarias-pobreza-energetica-y-acogida-a-refugiados-procedentes-de-ucrania-para-la-anualidad-2022","status":"publish","type":"post","link":"https:\/\/www.vilademuro.net\/es\/convocatoria-de-subvenciones-para-hacer-frente-a-situaciones-extraordinarias-pobreza-energetica-y-acogida-a-refugiados-procedentes-de-ucrania-para-la-anualidad-2022\/","title":{"rendered":"CONVOCATORIA DE SUBVENCIONES PARA HACER FRENTE A SITUACIONES EXTRAORDINARIAS: POBREZA ENERG\u00c9TICA Y ACOGIDA A REFUGIADOS PROCEDENTES DE UCRANIA, PARA LA ANUALIDAD 2022."},"content":{"rendered":"<p><span style=\"color: #000000;\"><a href=\"https:\/\/www.vilademuro.net\/wp-content\/uploads\/2022\/08\/subc.jpeg\"><img loading=\"lazy\" decoding=\"async\" class=\"alignnone size-medium wp-image-46257\" src=\"https:\/\/www.vilademuro.net\/wp-content\/uploads\/2022\/08\/subc-194x300.jpeg\" alt=\"\" width=\"194\" height=\"300\" \/><\/a><\/span><\/p>\n<p>Ser\u00e1n beneficiarias las personas f\u00edsicas que cumplan los siguientes requisitos:<br \/>\n-Estar empadronadas en Muro de Alcoy con una antig\u00fcedad m\u00ednima de 1 a\u00f1o. Quedan exentas de este requisito las personas refugiadas de origen ucraniano que se encuentran residiendo en la localidad.<br \/>\n-Que la suma de los ingresos mensuales de todos los convivientes en el hogar sea inferior al salario m\u00ednimo interprofesional, que en 2022 asciende a 1.000\u20ac brutos mensuales, repartidos en 14 pagas. Se valorar\u00e1n los ingressos obtenidos en los meses de enero a julio de 2022. Quedan exentas de este requisito las personas refugiadas de origen ucraniano que se encuentran residiendo en la localidad.<br \/>\n-Quedan excluidas de estas ayudas las unidades de convivencia que tengan concedida renta valenciana de inserci\u00f3n y\/o ingreso m\u00ednimo vital.<br \/>\nLas subvenciones reguladas en la presente convocatoria tendr\u00e1n como finalidad:<br \/>\n&#8211; apoyar los gastos de necesidades b\u00e1sicas de las personas refugiadas procedentes de Ucrania, que se encuentren en una situaci\u00f3n de gran vulnerabilidad.<br \/>\n&#8211; ayudar a personas con especial vulnerabilidad social, a atender el pago de los suministros de energ\u00eda el\u00e9ctrica, agua, gas y otras fuentes de combustibles energ\u00e9ticos.<br \/>\nLa ayuda m\u00e1xima a percibir por los beneficiarios finales podr\u00e1 alcanzar los 1.500 euros en el caso de las personas refugiadas de Ucrania y los 600 euros en las ayudas de pobreza energ\u00e9tica.<br \/>\nEn ning\u00fan caso el importe de las ayudas podr\u00e1 ser superior al importe de los gastos justificados por los beneficiarios.<br \/>\nEl plazo para presentar las solicitudes ser\u00e1 de 15 d\u00edas h\u00e1biles desde el d\u00eda siguiente al de la publicaci\u00f3n del extracto de la convocatoria en el Bolet\u00edn Oficial de la Provincia de Alicante. Del 5 hasta el 26 de agosto.<br \/>\nAl documento de instancia general se acompa\u00f1ar\u00e1 el impreso de <a href=\"https:\/\/www.vilademuro.net\/wp-content\/uploads\/2022\/08\/SOL_AI__POBREZA-ENERGETICA-Y-UCRANIA.odt\">solicitud<\/a> y adem\u00e1s la siguiente documentaci\u00f3n dependiendo de la tipolog\u00eda de gastos presentados:<br \/>\n-DNI por las dos caras, NIE o pasaporte de todas las personas que componen la unidad familiar.<br \/>\n-Certificado de convivencia.<br \/>\n-Libro de familia.<br \/>\n-Documento relativo a la representaci\u00f3n en caso de que el interesado no sea el mismo que presenta la documentaci\u00f3n (<a href=\"https:\/\/www.vilademuro.net\/wp-content\/uploads\/2022\/08\/AII__POBREZA-ENERGETICA-Y-UCRANIA.odt\">anexo II<\/a>).<br \/>\n-Cuenta justificativa con la relaci\u00f3n de gastos que justifican la subvenci\u00f3n, en modelo normalizado (<a href=\"https:\/\/www.vilademuro.net\/wp-content\/uploads\/2022\/08\/AIII_POBREZA-ENERGETICA-Y-UCRANIA.odt\">anexo III<\/a>).<br \/>\n-Mantenimiento de terceros, solo en el caso de no haberse relacionado con anterioridad con el Ayuntamiento de Muro de Alcoy (<a href=\"https:\/\/www.vilademuro.net\/wp-content\/uploads\/2022\/08\/AIV_POBREZA-ENERGETICA-Y-UCRANIA.odt\">anexo IV<\/a>).<br \/>\n-Documentaci\u00f3n referente a los ingresos en 2022 de la unidad familiar: n\u00f3minas, certificado de prestaciones por desempleo, certificado de pensiones.<br \/>\n<a href=\"https:\/\/www.vilademuro.net\/wp-content\/uploads\/2022\/08\/DECRETO-2022-0913-Resolucion-alcaldia-pobreza-energetica.pdf\">BASES<\/a><br \/>\n<a href=\"https:\/\/www.vilademuro.net\/wp-content\/uploads\/2022\/08\/2022_005857.pdf\">EXTRACTO<\/a><br \/>\nMas info en 966516104.<br \/>\n<img loading=\"lazy\" decoding=\"async\" class=\"\" src=\"https:\/\/www.vilademuro.net\/wp-content\/uploads\/2022\/06\/2022_06_13-DIPUTACION-200-ANOS-2.jpg\" width=\"300\" height=\"120\" \/><\/p>\n","protected":false},"excerpt":{"rendered":"<p>Ser\u00e1n beneficiarias las personas f\u00edsicas que cumplan los siguientes requisitos: -Estar empadronadas en Muro de Alcoy con una antig\u00fcedad m\u00ednima de 1 a\u00f1o. Quedan exentas de este requisito las personas [&hellip;]<\/p>\n","protected":false},"author":9,"featured_media":37897,"comment_status":"closed","ping_status":"closed","sticky":false,"template":"","format":"standard","meta":{"_et_pb_use_builder":"","_et_pb_old_content":"","_et_gb_content_width":"","footnotes":""},"categories":[110,49,77],"tags":[],"class_list":["post-46206","post","type-post","status-publish","format-standard","has-post-thumbnail","hentry","category-ayudas-y-subvenciones","category-noticias","category-servicios-sociales"],"yoast_head":"<!-- This site is optimized with the Yoast SEO plugin v27.1.1 - https:\/\/yoast.com\/product\/yoast-seo-wordpress\/ -->\n<title>CONVOCATORIA DE SUBVENCIONES PARA HACER FRENTE A SITUACIONES EXTRAORDINARIAS: POBREZA ENERG\u00c9TICA Y ACOGIDA A REFUGIADOS PROCEDENTES DE UCRANIA, PARA LA ANUALIDAD 2022. | Ajuntament de Muro<\/title>\n<meta name=\"robots\" content=\"index, follow, max-snippet:-1, max-image-preview:large, max-video-preview:-1\" \/>\n<link rel=\"canonical\" href=\"https:\/\/www.vilademuro.net\/es\/convocatoria-de-subvenciones-para-hacer-frente-a-situaciones-extraordinarias-pobreza-energetica-y-acogida-a-refugiados-procedentes-de-ucrania-para-la-anualidad-2022\/\" \/>\n<meta property=\"og:locale\" content=\"es_ES\" \/>\n<meta property=\"og:type\" content=\"article\" \/>\n<meta property=\"og:title\" content=\"CONVOCATORIA DE SUBVENCIONES PARA HACER FRENTE A SITUACIONES EXTRAORDINARIAS: POBREZA ENERG\u00c9TICA Y ACOGIDA A REFUGIADOS PROCEDENTES DE UCRANIA, PARA LA ANUALIDAD 2022. | Ajuntament de Muro\" \/>\n<meta property=\"og:description\" content=\"Ser\u00e1n beneficiarias las personas f\u00edsicas que cumplan los siguientes requisitos: -Estar empadronadas en Muro de Alcoy con una antig\u00fcedad m\u00ednima de 1 a\u00f1o. Quedan exentas de este requisito las personas [&hellip;]\" \/>\n<meta property=\"og:url\" content=\"https:\/\/www.vilademuro.net\/es\/convocatoria-de-subvenciones-para-hacer-frente-a-situaciones-extraordinarias-pobreza-energetica-y-acogida-a-refugiados-procedentes-de-ucrania-para-la-anualidad-2022\/\" \/>\n<meta property=\"og:site_name\" content=\"Ajuntament de Muro\" \/>\n<meta property=\"article:publisher\" content=\"https:\/\/www.facebook.com\/murodealcoy\" \/>\n<meta property=\"article:published_time\" content=\"2022-08-04T12:44:22+00:00\" \/>\n<meta property=\"article:modified_time\" content=\"2022-08-18T10:04:04+00:00\" \/>\n<meta property=\"og:image\" content=\"https:\/\/www.vilademuro.net\/wp-content\/uploads\/2020\/04\/logo-entrades-convocatoria-1.jpg\" \/>\n\t<meta property=\"og:image:width\" content=\"200\" \/>\n\t<meta property=\"og:image:height\" content=\"200\" \/>\n\t<meta property=\"og:image:type\" content=\"image\/jpeg\" \/>\n<meta name=\"author\" content=\"Manolo Moll\" \/>\n<meta name=\"twitter:card\" content=\"summary_large_image\" \/>\n<meta name=\"twitter:creator\" content=\"@AjuntamentMuro\" \/>\n<meta name=\"twitter:site\" content=\"@AjuntamentMuro\" \/>\n<meta name=\"twitter:label1\" content=\"Escrito por\" \/>\n\t<meta name=\"twitter:data1\" content=\"Manolo Moll\" \/>\n\t<meta name=\"twitter:label2\" content=\"Tiempo de lectura\" \/>\n\t<meta name=\"twitter:data2\" content=\"2 minutos\" \/>\n<script type=\"application\/ld+json\" class=\"yoast-schema-graph\">{\"@context\":\"https:\/\/schema.org\",\"@graph\":[{\"@type\":\"Article\",\"@id\":\"https:\/\/www.vilademuro.net\/es\/convocatoria-de-subvenciones-para-hacer-frente-a-situaciones-extraordinarias-pobreza-energetica-y-acogida-a-refugiados-procedentes-de-ucrania-para-la-anualidad-2022\/#article\",\"isPartOf\":{\"@id\":\"https:\/\/www.vilademuro.net\/es\/convocatoria-de-subvenciones-para-hacer-frente-a-situaciones-extraordinarias-pobreza-energetica-y-acogida-a-refugiados-procedentes-de-ucrania-para-la-anualidad-2022\/\"},\"author\":{\"name\":\"Manolo Moll\",\"@id\":\"https:\/\/www.vilademuro.net\/es\/#\/schema\/person\/a42e266ef9e9ced94f63a10cae995cb3\"},\"headline\":\"CONVOCATORIA DE SUBVENCIONES PARA HACER FRENTE A SITUACIONES EXTRAORDINARIAS: POBREZA ENERG\u00c9TICA Y ACOGIDA A REFUGIADOS PROCEDENTES DE UCRANIA, PARA LA ANUALIDAD 2022.\",\"datePublished\":\"2022-08-04T12:44:22+00:00\",\"dateModified\":\"2022-08-18T10:04:04+00:00\",\"mainEntityOfPage\":{\"@id\":\"https:\/\/www.vilademuro.net\/es\/convocatoria-de-subvenciones-para-hacer-frente-a-situaciones-extraordinarias-pobreza-energetica-y-acogida-a-refugiados-procedentes-de-ucrania-para-la-anualidad-2022\/\"},\"wordCount\":452,\"publisher\":{\"@id\":\"https:\/\/www.vilademuro.net\/es\/#organization\"},\"image\":{\"@id\":\"https:\/\/www.vilademuro.net\/es\/convocatoria-de-subvenciones-para-hacer-frente-a-situaciones-extraordinarias-pobreza-energetica-y-acogida-a-refugiados-procedentes-de-ucrania-para-la-anualidad-2022\/#primaryimage\"},\"thumbnailUrl\":\"https:\/\/www.vilademuro.net\/wp-content\/uploads\/2020\/04\/logo-entrades-convocatoria-1.jpg\",\"articleSection\":[\"Ayudas y subvenciones\",\"Noticias\",\"Servicios sociales\"],\"inLanguage\":\"es\"},{\"@type\":\"WebPage\",\"@id\":\"https:\/\/www.vilademuro.net\/es\/convocatoria-de-subvenciones-para-hacer-frente-a-situaciones-extraordinarias-pobreza-energetica-y-acogida-a-refugiados-procedentes-de-ucrania-para-la-anualidad-2022\/\",\"url\":\"https:\/\/www.vilademuro.net\/es\/convocatoria-de-subvenciones-para-hacer-frente-a-situaciones-extraordinarias-pobreza-energetica-y-acogida-a-refugiados-procedentes-de-ucrania-para-la-anualidad-2022\/\",\"name\":\"CONVOCATORIA DE SUBVENCIONES PARA HACER FRENTE A SITUACIONES EXTRAORDINARIAS: POBREZA ENERG\u00c9TICA Y ACOGIDA A REFUGIADOS PROCEDENTES DE UCRANIA, PARA LA ANUALIDAD 2022. | Ajuntament de Muro\",\"isPartOf\":{\"@id\":\"https:\/\/www.vilademuro.net\/es\/#website\"},\"primaryImageOfPage\":{\"@id\":\"https:\/\/www.vilademuro.net\/es\/convocatoria-de-subvenciones-para-hacer-frente-a-situaciones-extraordinarias-pobreza-energetica-y-acogida-a-refugiados-procedentes-de-ucrania-para-la-anualidad-2022\/#primaryimage\"},\"image\":{\"@id\":\"https:\/\/www.vilademuro.net\/es\/convocatoria-de-subvenciones-para-hacer-frente-a-situaciones-extraordinarias-pobreza-energetica-y-acogida-a-refugiados-procedentes-de-ucrania-para-la-anualidad-2022\/#primaryimage\"},\"thumbnailUrl\":\"https:\/\/www.vilademuro.net\/wp-content\/uploads\/2020\/04\/logo-entrades-convocatoria-1.jpg\",\"datePublished\":\"2022-08-04T12:44:22+00:00\",\"dateModified\":\"2022-08-18T10:04:04+00:00\",\"breadcrumb\":{\"@id\":\"https:\/\/www.vilademuro.net\/es\/convocatoria-de-subvenciones-para-hacer-frente-a-situaciones-extraordinarias-pobreza-energetica-y-acogida-a-refugiados-procedentes-de-ucrania-para-la-anualidad-2022\/#breadcrumb\"},\"inLanguage\":\"es\",\"potentialAction\":[{\"@type\":\"ReadAction\",\"target\":[\"https:\/\/www.vilademuro.net\/es\/convocatoria-de-subvenciones-para-hacer-frente-a-situaciones-extraordinarias-pobreza-energetica-y-acogida-a-refugiados-procedentes-de-ucrania-para-la-anualidad-2022\/\"]}]},{\"@type\":\"ImageObject\",\"inLanguage\":\"es\",\"@id\":\"https:\/\/www.vilademuro.net\/es\/convocatoria-de-subvenciones-para-hacer-frente-a-situaciones-extraordinarias-pobreza-energetica-y-acogida-a-refugiados-procedentes-de-ucrania-para-la-anualidad-2022\/#primaryimage\",\"url\":\"https:\/\/www.vilademuro.net\/wp-content\/uploads\/2020\/04\/logo-entrades-convocatoria-1.jpg\",\"contentUrl\":\"https:\/\/www.vilademuro.net\/wp-content\/uploads\/2020\/04\/logo-entrades-convocatoria-1.jpg\",\"width\":200,\"height\":200},{\"@type\":\"BreadcrumbList\",\"@id\":\"https:\/\/www.vilademuro.net\/es\/convocatoria-de-subvenciones-para-hacer-frente-a-situaciones-extraordinarias-pobreza-energetica-y-acogida-a-refugiados-procedentes-de-ucrania-para-la-anualidad-2022\/#breadcrumb\",\"itemListElement\":[{\"@type\":\"ListItem\",\"position\":1,\"name\":\"Inici\",\"item\":\"https:\/\/www.vilademuro.net\/es\/\"},{\"@type\":\"ListItem\",\"position\":2,\"name\":\"CONVOCATORIA DE SUBVENCIONES PARA HACER FRENTE A SITUACIONES EXTRAORDINARIAS: POBREZA ENERG\u00c9TICA Y ACOGIDA A REFUGIADOS PROCEDENTES DE UCRANIA, PARA LA ANUALIDAD 2022.\"}]},{\"@type\":\"WebSite\",\"@id\":\"https:\/\/www.vilademuro.net\/es\/#website\",\"url\":\"https:\/\/www.vilademuro.net\/es\/\",\"name\":\"Ajuntament de Muro d'Alcoi\",\"description\":\"P\u00e1gina web oficial de l&#039;Ajuntament de Muro\",\"publisher\":{\"@id\":\"https:\/\/www.vilademuro.net\/es\/#organization\"},\"potentialAction\":[{\"@type\":\"SearchAction\",\"target\":{\"@type\":\"EntryPoint\",\"urlTemplate\":\"https:\/\/www.vilademuro.net\/es\/?s={search_term_string}\"},\"query-input\":{\"@type\":\"PropertyValueSpecification\",\"valueRequired\":true,\"valueName\":\"search_term_string\"}}],\"inLanguage\":\"es\"},{\"@type\":\"Organization\",\"@id\":\"https:\/\/www.vilademuro.net\/es\/#organization\",\"name\":\"Ajuntament de Muro\",\"url\":\"https:\/\/www.vilademuro.net\/es\/\",\"logo\":{\"@type\":\"ImageObject\",\"inLanguage\":\"es\",\"@id\":\"https:\/\/www.vilademuro.net\/es\/#\/schema\/logo\/image\/\",\"url\":\"https:\/\/www.vilademuro.net\/wp-content\/uploads\/2022\/10\/LOGO3-2.jpg\",\"contentUrl\":\"https:\/\/www.vilademuro.net\/wp-content\/uploads\/2022\/10\/LOGO3-2.jpg\",\"width\":756,\"height\":517,\"caption\":\"Ajuntament de Muro\"},\"image\":{\"@id\":\"https:\/\/www.vilademuro.net\/es\/#\/schema\/logo\/image\/\"},\"sameAs\":[\"https:\/\/www.facebook.com\/murodealcoy\",\"https:\/\/x.com\/AjuntamentMuro\",\"https:\/\/www.youtube.com\/channel\/UC2rwbKfRqsd1Ncwm6Y1prQw\"]},{\"@type\":\"Person\",\"@id\":\"https:\/\/www.vilademuro.net\/es\/#\/schema\/person\/a42e266ef9e9ced94f63a10cae995cb3\",\"name\":\"Manolo Moll\",\"image\":{\"@type\":\"ImageObject\",\"inLanguage\":\"es\",\"@id\":\"https:\/\/www.vilademuro.net\/es\/#\/schema\/person\/image\/\",\"url\":\"https:\/\/secure.gravatar.com\/avatar\/a3221566d53d0f1136f8c6f2cfcd2956c691deadb08d33bb4b275a4da7bd7260?s=96&d=mm&r=g\",\"contentUrl\":\"https:\/\/secure.gravatar.com\/avatar\/a3221566d53d0f1136f8c6f2cfcd2956c691deadb08d33bb4b275a4da7bd7260?s=96&d=mm&r=g\",\"caption\":\"Manolo Moll\"}}]}<\/script>\n<!-- \/ Yoast SEO plugin. -->","yoast_head_json":{"title":"CONVOCATORIA DE SUBVENCIONES PARA HACER FRENTE A SITUACIONES EXTRAORDINARIAS: POBREZA ENERG\u00c9TICA Y ACOGIDA A REFUGIADOS PROCEDENTES DE UCRANIA, PARA LA ANUALIDAD 2022. | Ajuntament de Muro","robots":{"index":"index","follow":"follow","max-snippet":"max-snippet:-1","max-image-preview":"max-image-preview:large","max-video-preview":"max-video-preview:-1"},"canonical":"https:\/\/www.vilademuro.net\/es\/convocatoria-de-subvenciones-para-hacer-frente-a-situaciones-extraordinarias-pobreza-energetica-y-acogida-a-refugiados-procedentes-de-ucrania-para-la-anualidad-2022\/","og_locale":"es_ES","og_type":"article","og_title":"CONVOCATORIA DE SUBVENCIONES PARA HACER FRENTE A SITUACIONES EXTRAORDINARIAS: POBREZA ENERG\u00c9TICA Y ACOGIDA A REFUGIADOS PROCEDENTES DE UCRANIA, PARA LA ANUALIDAD 2022. | Ajuntament de Muro","og_description":"Ser\u00e1n beneficiarias las personas f\u00edsicas que cumplan los siguientes requisitos: -Estar empadronadas en Muro de Alcoy con una antig\u00fcedad m\u00ednima de 1 a\u00f1o. Quedan exentas de este requisito las personas [&hellip;]","og_url":"https:\/\/www.vilademuro.net\/es\/convocatoria-de-subvenciones-para-hacer-frente-a-situaciones-extraordinarias-pobreza-energetica-y-acogida-a-refugiados-procedentes-de-ucrania-para-la-anualidad-2022\/","og_site_name":"Ajuntament de Muro","article_publisher":"https:\/\/www.facebook.com\/murodealcoy","article_published_time":"2022-08-04T12:44:22+00:00","article_modified_time":"2022-08-18T10:04:04+00:00","og_image":[{"width":200,"height":200,"url":"https:\/\/www.vilademuro.net\/wp-content\/uploads\/2020\/04\/logo-entrades-convocatoria-1.jpg","type":"image\/jpeg"}],"author":"Manolo Moll","twitter_card":"summary_large_image","twitter_creator":"@AjuntamentMuro","twitter_site":"@AjuntamentMuro","twitter_misc":{"Escrito por":"Manolo Moll","Tiempo de lectura":"2 minutos"},"schema":{"@context":"https:\/\/schema.org","@graph":[{"@type":"Article","@id":"https:\/\/www.vilademuro.net\/es\/convocatoria-de-subvenciones-para-hacer-frente-a-situaciones-extraordinarias-pobreza-energetica-y-acogida-a-refugiados-procedentes-de-ucrania-para-la-anualidad-2022\/#article","isPartOf":{"@id":"https:\/\/www.vilademuro.net\/es\/convocatoria-de-subvenciones-para-hacer-frente-a-situaciones-extraordinarias-pobreza-energetica-y-acogida-a-refugiados-procedentes-de-ucrania-para-la-anualidad-2022\/"},"author":{"name":"Manolo Moll","@id":"https:\/\/www.vilademuro.net\/es\/#\/schema\/person\/a42e266ef9e9ced94f63a10cae995cb3"},"headline":"CONVOCATORIA DE SUBVENCIONES PARA HACER FRENTE A SITUACIONES EXTRAORDINARIAS: POBREZA ENERG\u00c9TICA Y ACOGIDA A REFUGIADOS PROCEDENTES DE UCRANIA, PARA LA ANUALIDAD 2022.","datePublished":"2022-08-04T12:44:22+00:00","dateModified":"2022-08-18T10:04:04+00:00","mainEntityOfPage":{"@id":"https:\/\/www.vilademuro.net\/es\/convocatoria-de-subvenciones-para-hacer-frente-a-situaciones-extraordinarias-pobreza-energetica-y-acogida-a-refugiados-procedentes-de-ucrania-para-la-anualidad-2022\/"},"wordCount":452,"publisher":{"@id":"https:\/\/www.vilademuro.net\/es\/#organization"},"image":{"@id":"https:\/\/www.vilademuro.net\/es\/convocatoria-de-subvenciones-para-hacer-frente-a-situaciones-extraordinarias-pobreza-energetica-y-acogida-a-refugiados-procedentes-de-ucrania-para-la-anualidad-2022\/#primaryimage"},"thumbnailUrl":"https:\/\/www.vilademuro.net\/wp-content\/uploads\/2020\/04\/logo-entrades-convocatoria-1.jpg","articleSection":["Ayudas y subvenciones","Noticias","Servicios sociales"],"inLanguage":"es"},{"@type":"WebPage","@id":"https:\/\/www.vilademuro.net\/es\/convocatoria-de-subvenciones-para-hacer-frente-a-situaciones-extraordinarias-pobreza-energetica-y-acogida-a-refugiados-procedentes-de-ucrania-para-la-anualidad-2022\/","url":"https:\/\/www.vilademuro.net\/es\/convocatoria-de-subvenciones-para-hacer-frente-a-situaciones-extraordinarias-pobreza-energetica-y-acogida-a-refugiados-procedentes-de-ucrania-para-la-anualidad-2022\/","name":"CONVOCATORIA DE SUBVENCIONES PARA HACER FRENTE A SITUACIONES EXTRAORDINARIAS: POBREZA ENERG\u00c9TICA Y ACOGIDA A REFUGIADOS PROCEDENTES DE UCRANIA, PARA LA ANUALIDAD 2022. | Ajuntament de Muro","isPartOf":{"@id":"https:\/\/www.vilademuro.net\/es\/#website"},"primaryImageOfPage":{"@id":"https:\/\/www.vilademuro.net\/es\/convocatoria-de-subvenciones-para-hacer-frente-a-situaciones-extraordinarias-pobreza-energetica-y-acogida-a-refugiados-procedentes-de-ucrania-para-la-anualidad-2022\/#primaryimage"},"image":{"@id":"https:\/\/www.vilademuro.net\/es\/convocatoria-de-subvenciones-para-hacer-frente-a-situaciones-extraordinarias-pobreza-energetica-y-acogida-a-refugiados-procedentes-de-ucrania-para-la-anualidad-2022\/#primaryimage"},"thumbnailUrl":"https:\/\/www.vilademuro.net\/wp-content\/uploads\/2020\/04\/logo-entrades-convocatoria-1.jpg","datePublished":"2022-08-04T12:44:22+00:00","dateModified":"2022-08-18T10:04:04+00:00","breadcrumb":{"@id":"https:\/\/www.vilademuro.net\/es\/convocatoria-de-subvenciones-para-hacer-frente-a-situaciones-extraordinarias-pobreza-energetica-y-acogida-a-refugiados-procedentes-de-ucrania-para-la-anualidad-2022\/#breadcrumb"},"inLanguage":"es","potentialAction":[{"@type":"ReadAction","target":["https:\/\/www.vilademuro.net\/es\/convocatoria-de-subvenciones-para-hacer-frente-a-situaciones-extraordinarias-pobreza-energetica-y-acogida-a-refugiados-procedentes-de-ucrania-para-la-anualidad-2022\/"]}]},{"@type":"ImageObject","inLanguage":"es","@id":"https:\/\/www.vilademuro.net\/es\/convocatoria-de-subvenciones-para-hacer-frente-a-situaciones-extraordinarias-pobreza-energetica-y-acogida-a-refugiados-procedentes-de-ucrania-para-la-anualidad-2022\/#primaryimage","url":"https:\/\/www.vilademuro.net\/wp-content\/uploads\/2020\/04\/logo-entrades-convocatoria-1.jpg","contentUrl":"https:\/\/www.vilademuro.net\/wp-content\/uploads\/2020\/04\/logo-entrades-convocatoria-1.jpg","width":200,"height":200},{"@type":"BreadcrumbList","@id":"https:\/\/www.vilademuro.net\/es\/convocatoria-de-subvenciones-para-hacer-frente-a-situaciones-extraordinarias-pobreza-energetica-y-acogida-a-refugiados-procedentes-de-ucrania-para-la-anualidad-2022\/#breadcrumb","itemListElement":[{"@type":"ListItem","position":1,"name":"Inici","item":"https:\/\/www.vilademuro.net\/es\/"},{"@type":"ListItem","position":2,"name":"CONVOCATORIA DE SUBVENCIONES PARA HACER FRENTE A SITUACIONES EXTRAORDINARIAS: POBREZA ENERG\u00c9TICA Y ACOGIDA A REFUGIADOS PROCEDENTES DE UCRANIA, PARA LA ANUALIDAD 2022."}]},{"@type":"WebSite","@id":"https:\/\/www.vilademuro.net\/es\/#website","url":"https:\/\/www.vilademuro.net\/es\/","name":"Ajuntament de Muro d'Alcoi","description":"P\u00e1gina web oficial de l&#039;Ajuntament de Muro","publisher":{"@id":"https:\/\/www.vilademuro.net\/es\/#organization"},"potentialAction":[{"@type":"SearchAction","target":{"@type":"EntryPoint","urlTemplate":"https:\/\/www.vilademuro.net\/es\/?s={search_term_string}"},"query-input":{"@type":"PropertyValueSpecification","valueRequired":true,"valueName":"search_term_string"}}],"inLanguage":"es"},{"@type":"Organization","@id":"https:\/\/www.vilademuro.net\/es\/#organization","name":"Ajuntament de Muro","url":"https:\/\/www.vilademuro.net\/es\/","logo":{"@type":"ImageObject","inLanguage":"es","@id":"https:\/\/www.vilademuro.net\/es\/#\/schema\/logo\/image\/","url":"https:\/\/www.vilademuro.net\/wp-content\/uploads\/2022\/10\/LOGO3-2.jpg","contentUrl":"https:\/\/www.vilademuro.net\/wp-content\/uploads\/2022\/10\/LOGO3-2.jpg","width":756,"height":517,"caption":"Ajuntament de Muro"},"image":{"@id":"https:\/\/www.vilademuro.net\/es\/#\/schema\/logo\/image\/"},"sameAs":["https:\/\/www.facebook.com\/murodealcoy","https:\/\/x.com\/AjuntamentMuro","https:\/\/www.youtube.com\/channel\/UC2rwbKfRqsd1Ncwm6Y1prQw"]},{"@type":"Person","@id":"https:\/\/www.vilademuro.net\/es\/#\/schema\/person\/a42e266ef9e9ced94f63a10cae995cb3","name":"Manolo Moll","image":{"@type":"ImageObject","inLanguage":"es","@id":"https:\/\/www.vilademuro.net\/es\/#\/schema\/person\/image\/","url":"https:\/\/secure.gravatar.com\/avatar\/a3221566d53d0f1136f8c6f2cfcd2956c691deadb08d33bb4b275a4da7bd7260?s=96&d=mm&r=g","contentUrl":"https:\/\/secure.gravatar.com\/avatar\/a3221566d53d0f1136f8c6f2cfcd2956c691deadb08d33bb4b275a4da7bd7260?s=96&d=mm&r=g","caption":"Manolo Moll"}}]}},"_links":{"self":[{"href":"https:\/\/www.vilademuro.net\/es\/wp-json\/wp\/v2\/posts\/46206","targetHints":{"allow":["GET"]}}],"collection":[{"href":"https:\/\/www.vilademuro.net\/es\/wp-json\/wp\/v2\/posts"}],"about":[{"href":"https:\/\/www.vilademuro.net\/es\/wp-json\/wp\/v2\/types\/post"}],"author":[{"embeddable":true,"href":"https:\/\/www.vilademuro.net\/es\/wp-json\/wp\/v2\/users\/9"}],"replies":[{"embeddable":true,"href":"https:\/\/www.vilademuro.net\/es\/wp-json\/wp\/v2\/comments?post=46206"}],"version-history":[{"count":0,"href":"https:\/\/www.vilademuro.net\/es\/wp-json\/wp\/v2\/posts\/46206\/revisions"}],"wp:featuredmedia":[{"embeddable":true,"href":"https:\/\/www.vilademuro.net\/es\/wp-json\/wp\/v2\/media\/37897"}],"wp:attachment":[{"href":"https:\/\/www.vilademuro.net\/es\/wp-json\/wp\/v2\/media?parent=46206"}],"wp:term":[{"taxonomy":"category","embeddable":true,"href":"https:\/\/www.vilademuro.net\/es\/wp-json\/wp\/v2\/categories?post=46206"},{"taxonomy":"post_tag","embeddable":true,"href":"https:\/\/www.vilademuro.net\/es\/wp-json\/wp\/v2\/tags?post=46206"}],"curies":[{"name":"wp","href":"https:\/\/api.w.org\/{rel}","templated":true}]}}