{"id":45919,"date":"2022-07-01T12:53:55","date_gmt":"2022-07-01T10:53:55","guid":{"rendered":"https:\/\/www.vilademuro.net\/convocatoria-de-subvenciones-en-concurrencia-competitiva-de-las-ayudas-economicas-a-actividades-cultural-y-ludico-festivas-en-el-municipio-de-muro-de-alcoy-anualidad-2022\/"},"modified":"2022-07-01T12:53:55","modified_gmt":"2022-07-01T10:53:55","slug":"convocatoria-de-subvenciones-en-concurrencia-competitiva-de-las-ayudas-economicas-a-actividades-cultural-y-ludico-festivas-en-el-municipio-de-muro-de-alcoy-anualidad-2022","status":"publish","type":"post","link":"https:\/\/www.vilademuro.net\/es\/convocatoria-de-subvenciones-en-concurrencia-competitiva-de-las-ayudas-economicas-a-actividades-cultural-y-ludico-festivas-en-el-municipio-de-muro-de-alcoy-anualidad-2022\/","title":{"rendered":"Convocatoria de Subvenciones en concurrencia competitiva de las ayudas econ\u00f3micas a actividades cultural y l\u00fadico-festivas en el municipio de Muro de Alcoy, anualidad 2022."},"content":{"rendered":"<p>Ayer se public\u00f3 el extracto de la Resoluci\u00f3n 740\/2022, de 23 de junio de 2022, de acuerdo de Convocatoria de Subvenciones en concurrencia competitiva de las ayudas econ\u00f3micas a actividades cultural y l\u00fadico-festivas en el municipio de Muro de Alcoy, anualidad 2022.<\/p>\n<p>Pueden acceder a la condici\u00f3n de beneficiario de estas ayudas las entidades y asociaciones que cumplan la base tercera de las bases espec\u00edficas que promuevan actividades culturales l\u00fadico-festivas.<\/p>\n<p>\u2022 Ser entidades o asociaciones sin \u00e1nimo de lucro, legalmente constituidas e inscritas en el Registro Municipal de Asociaciones, con sede en Muro, y que desarrollen sus actividades principalmente en el municipio.<br \/>\n\u2022 No haber sido sancionado mediante resoluci\u00f3n firme con la p\u00e9rdida de la posibilidad de obtener subvenciones con arreglo a esta u otras leyes que as\u00ed lo establezcan.<br \/>\n\u2022 Estar al corriente de las obligaciones de pago y tributarias con Hacienda y la Seguridad Social, as\u00ed como haber procedido al reintegro de subvenciones pasadas en caso de que procediera.<br \/>\n\u2022 No tener deudas en per\u00edodo ejecutivo de pago con el Ayuntamiento de Muro, salvo que \u00e9stas estuvieran debidamente garantizadas.<br \/>\n\u2022 No podr\u00e1n tener la condici\u00f3n de beneficiarios las entidades en las que concurra alguna de las circunstancias previstas en el art\u00edculo 13.2 y 13.3 de la Ley 38\/2003, general de subvenciones.<br \/>\nLos datos aportados podr\u00e1n ser objeto de cesi\u00f3n a la Base de Datos Nacional de Subvenciones, as\u00ed mismo podr\u00edan aportarse a otras entidades p\u00fablicas a efectos de comprobar su veracidad y la correcta aplicaci\u00f3n de la cantidad subvencionada.<\/p>\n<p>Segundo. Objeto.<br \/>\n\u2022 Las presentes bases tienen por objeto regular la concesi\u00f3n en concurrencia competitiva, por parte del Ayuntamiento de Muro de Alcoy, y dentro de las ayudas previstas en la L\u00ednea 3 de las bases espec\u00edficas, de ayudas para entidades y asociaciones culturales sin \u00e1nimo de lucro de la poblaci\u00f3n, con el fin de promover y apoyar las acciones y actividades que propicien la promoci\u00f3n y el fomento de la cultura y las actividades l\u00fadico-festivas.<br \/>\n\u2022 La concesi\u00f3n de las subvenciones ser\u00e1 en r\u00e9gimen de concurrencia competitiva, seg\u00fan lo que se establece en el art\u00edculo 22.1 de la Ley 38\/2003, de 17 de noviembre, general de subvenciones, y su gesti\u00f3n por los beneficiarios se realizar\u00e1 de de acuerdo con los siguientes principios::<br \/>\n\u2022 Publicidad, transparencia, concurrencia, objetividad, igualdad y no discriminaci\u00f3n.<br \/>\n\u2022 Eficacia en el cumplimiento de los objetivos.<br \/>\n\u2022 Eficiencia en la asignaci\u00f3n y utilizaci\u00f3n de los recursos p\u00fablicos.<\/p>\n<p>Tercero. Bases reguladoras.<br \/>\nOrdenanza Reguladora de las bases espec\u00edficas para la concesi\u00f3n de subvenciones en r\u00e9gimen de concurrencia competitiva a las asociaciones c\u00edvico-sociales (culturales, l\u00fadico-festivas, educativas, de bienestar social, promoci\u00f3n y dinamizaci\u00f3n de los sectores comerciales e industriales, etc) de Muro de Alcoy publicada en BOPA n\u00fam. 64 de 7 de abril de 2021.<\/p>\n<p>Cuarto. Cuant\u00eda.<br \/>\nLa cuant\u00eda podr\u00e1 alcanzar el 75% de los gastos presentados. En ning\u00fan caso se subvencionar\u00e1 un importe superior a los gastos presentados.<br \/>\nEl importe de subvenci\u00f3n se calcular\u00e1 de acuerdo con lo que establece la base 11.3 de las bases espec\u00edficas:<br \/>\n1. Presupuesto total de las actividades que se realizar\u00e1n (s\u00f3lo para asociaciones con sede social en Muro y \u00e1mbito de actuaci\u00f3n local). Se otorgar\u00e1n 80 puntos al presupuesto m\u00e1s alto y de forma proporcional establecer\u00e1n los puntos de las dem\u00e1s asociaciones.<br \/>\n2. N\u00famero de socios o habitantes ped\u00e1neos (para las asociaciones de \u00e1mbito supramunicipal con sede social fuera del municipio s\u00f3lo se tendr\u00e1n en cuenta los miembros\/asociados locales). Se otorgar\u00e1n 80 puntos a la asociaci\u00f3n con m\u00e1s socios acreditables y de forma proporcional establecer\u00e1n los puntos de las dem\u00e1s asociaciones.<br \/>\n3. Antig\u00fcedad de la asociaci\u00f3n. Se otorgar\u00e1n 20 puntos a la asociaci\u00f3n m\u00e1s antigua y de forma proporcional establecer\u00e1n los puntos de las dem\u00e1s asociaciones.<br \/>\n4. Trabajadores\/as en n\u00f3mina de la asociaci\u00f3n. Se otorgar\u00e1n 15 puntos por cada trabajador\/a en n\u00f3mina en la asociaci\u00f3n<br \/>\n5. Impacto y repercusi\u00f3n en el municipio de las actividades realizadas por la asociaci\u00f3n.<br \/>\n&#8211; Trascendencia muy alta \u2026\u2026\u2026\u2026 30 puntos<br \/>\n&#8211; Trascendencia alta \u2026\u2026\u2026\u2026 20 puntos<br \/>\n&#8211; Trascendencia media \u2026\u2026\u2026\u2026 10 puntos<br \/>\n&#8211; Trascendencia normal \u2026\u2026\u2026\u2026 5 puntos<br \/>\n6. Colaboraci\u00f3n acreditable de las asociaciones o entidades con el Ayuntamiento de Muro o con otras asociaciones. No ser\u00e1n computables las actividades contratadas o previstas de contratar por el Ayuntamiento. Por cada colaboraci\u00f3n de la asociaci\u00f3n o entidad en una actividad del Ayuntamiento de Muro o de otra asociaci\u00f3n otorgar\u00e1n 2 puntos.<br \/>\n7. Asociaciones con local en propiedad para la pr\u00e1ctica de sus actividades<br \/>\n&#8211; Asociaci\u00f3n con local propio, no cedido por un tercero \u2026\u2026\u2026\u2026 20 puntos.<br \/>\nLas asociaciones con local cedido por el Ayuntamiento ver\u00e1n reducida la subvenci\u00f3n total un 10%, dado que se entiende que ya se genera una ayuda directa. La cantidad subvencionable pasar\u00e1 a repartirse proporcionalmente entre las asociaciones de una misma l\u00ednea.<br \/>\n8. Creaci\u00f3n de escuelas de aprendizaje (s\u00f3lo por asociaciones con sede social en Muro y de \u00e1mbito local) Por cada alumno matriculado en la escuela menor de 16 a\u00f1os se otorgar\u00e1n 0,5 puntos.<br \/>\n9. Asociaciones cuya actividad sean declaradas por los organismos competentes de inter\u00e9s auton\u00f3mico, nacional, etc. Por cada asociaci\u00f3n cuyas actividades re\u00fanan estos requisitos&#8230; 30 puntos.<br \/>\nLas acciones susceptibles de percibir la subvenci\u00f3n regulada en esta convocatoria se financiar\u00e1 con cargo a la partida presupuestaria 33400 48900 habilitada al efecto en el Presupuesto municipal del Ayuntamiento de Muro de Alcoy con un cr\u00e9dito de cincuenta y un mil ochocientos veinti\u00fan y-seis euros con cincuenta c\u00e9ntimos (51.826,50 \u20ac).<\/p>\n<p>Quinto. Plazo y lugar de presentaci\u00f3n de solicitudes.<br \/>\nLa tramitaci\u00f3n tanto de la solicitud como en general de procedimiento ser\u00e1 electr\u00f3nica. La solicitud se presentar\u00e1 en la sede electr\u00f3nica del Ayuntamiento (https:\/\/vilademuro.sedelectronica.es\/) mediante instancia general al que se adjuntar\u00e1 impreso normalizado de solicitud (anexo 1) que estar\u00e1 disponible en la p\u00e1gina web municipal. La solicitud se suscribir\u00e1 por la persona que acredite la representaci\u00f3n de la entidad interesada por cualquier medio v\u00e1lido en derecho.<br \/>\nEl plazo para presentar las solicitudes ser\u00e1 de UN MES a contar desde el d\u00eda siguiente al de la publicaci\u00f3n del extracto de la convocatoria en el Bolet\u00edn Oficial de la Provincia de Alicante.<\/p>\n<p>Sexto. Otros datos. Conceptos subvencionables.<br \/>\n1. Dentro de los conceptos subvencionables previstos en la base 6.1 de las bases espec\u00edficas, se considerar\u00e1n subvencionables los gastos corrientes que, de forma indudable, respondan a la naturaleza de la actividad subvencionada, resulten estrictamente necesarias y se realicen dentro del per\u00edodo establecido en la convocatoria. En particular, se subvencionar\u00e1:<br \/>\n\u2013Costes relativos a la puesta en marcha del proyecto o actividades (gastos de transporte de material, montaje de exposiciones y espect\u00e1culos, organizaci\u00f3n, etc.)<br \/>\n\u2013Gastos de suministros correspondientes a la adquisici\u00f3n de material necesario para la realizaci\u00f3n de las actividades (material de librer\u00eda, elaboraci\u00f3n de carteles, tr\u00edpticos, etc.)<br \/>\n\u2013Gastos de publicidad e informaci\u00f3n en los medios de comunicaci\u00f3n.<br \/>\n\u2013Gastos correspondientes a viajes y estancias (excluidos los gastos por comidas) cuando tengan relaci\u00f3n directa con las actividades subvencionadas.<br \/>\nPor el contrario, s\u00ed que quedar\u00e1n previstos entre los gastos subvencionables aquellos derivados de la adquisici\u00f3n por parte de la asociaci\u00f3n de alimentos\/refrescos asociados al desarrollo de una actividad subvencionada.<br \/>\n\u2013Gastos de gestor\u00eda y\/o asesor\u00eda relacionados con la entidad o asociaci\u00f3n.<br \/>\n\u2013Gastos del personal contratado por la entidad o asociaci\u00f3n (n\u00f3minas o seguros sociales)<br \/>\n\u2013Gastos de arrendamientos y mantenimiento de las sedes sociales.<br \/>\n\u2013Gastos relativos al uso de las sedes sociales (agua, luz, telefon\u00eda e internet)<br \/>\n2. No se considerar\u00e1n gastos subvencionables en ning\u00fan caso los especificados en la base 6.2 de las bases espec\u00edficas.<br \/>\n\u2013Los gastos de bienes o material inventariable, por lo general la adquisici\u00f3n de bienes destinados a la venta.<br \/>\n\u2013Los intereses deudores de las cuentas bancarias.<br \/>\n\u2013Tributos, multas, intereses, recargos, sanciones administrativas o penales.<br \/>\n\u2013Gastos de procedimientos judiciales.<br \/>\n\u2013Impuestos personales de renta.<br \/>\n\u2013Los impuestos indirectos cuando sean susceptibles de recuperaci\u00f3n o compensaci\u00f3n. Concretamente, en cuanto al IVA \u00fanicamente ser\u00e1n gastos subvencionables aquellas cantidades abonadas por el beneficiario y que no sean deducible, puesto que si pudieran serlo, este impuesto ser\u00eda recuperable por el beneficiario, y el beneficiario deber\u00e1 justificarlo fehacientemente.<br \/>\n\u2013Cualquier otro gasto no relacionado espec\u00edficamente con el proyecto o proyectos que se subvenciona.<br \/>\n\u2013Los derivados de actividades que promuevan cualquier tipo de discriminaci\u00f3n por raz\u00f3n de raza, sexo, religi\u00f3n u opini\u00f3n<\/p>\n<p>3. Se considerar\u00e1n susceptibles de apoyo las actuaciones realizadas desde el 1 de enero de 2022 hasta el 31 de octubre de 2022.<\/p>\n<p><a href=\"https:\/\/www.vilademuro.net\/wp-content\/uploads\/2022\/07\/2022_004682.pdf\">Extracto<\/a><br \/>\n<a href=\"https:\/\/www.vilademuro.net\/wp-content\/uploads\/2022\/07\/DECRETO-2022-0740-DECRET-subvencions-concurrencia-competitiva-L3.pdf\">Decreto<\/a><br \/>\n<a href=\"https:\/\/www.vilademuro.net\/wp-content\/uploads\/2022\/07\/A_I_CC_LINEA-3.doc\">Solicitud<\/a><br \/>\n<a href=\"https:\/\/www.vilademuro.net\/wp-content\/uploads\/2022\/07\/ANNEXOS_CC_LINEA-3.doc\">Anexos<\/a><\/p>\n","protected":false},"excerpt":{"rendered":"<p>Ayer se public\u00f3 el extracto de la Resoluci\u00f3n 740\/2022, de 23 de junio de 2022, de acuerdo de Convocatoria de Subvenciones en concurrencia competitiva de las ayudas econ\u00f3micas a actividades [&hellip;]<\/p>\n","protected":false},"author":9,"featured_media":37897,"comment_status":"closed","ping_status":"closed","sticky":false,"template":"","format":"standard","meta":{"_et_pb_use_builder":"","_et_pb_old_content":"","_et_gb_content_width":"","footnotes":""},"categories":[63,68,110,49],"tags":[],"class_list":["post-45919","post","type-post","status-publish","format-standard","has-post-thumbnail","hentry","category-areas","category-aviva-es","category-ayudas-y-subvenciones","category-noticias"],"yoast_head":"<!-- This site is optimized with the Yoast SEO plugin v27.1.1 - https:\/\/yoast.com\/product\/yoast-seo-wordpress\/ -->\n<title>Convocatoria de Subvenciones en concurrencia competitiva de las ayudas econ\u00f3micas a actividades cultural y l\u00fadico-festivas en el municipio de Muro de Alcoy, anualidad 2022. | Ajuntament de Muro<\/title>\n<meta name=\"robots\" content=\"index, follow, max-snippet:-1, max-image-preview:large, max-video-preview:-1\" \/>\n<link rel=\"canonical\" href=\"https:\/\/www.vilademuro.net\/es\/convocatoria-de-subvenciones-en-concurrencia-competitiva-de-las-ayudas-economicas-a-actividades-cultural-y-ludico-festivas-en-el-municipio-de-muro-de-alcoy-anualidad-2022\/\" \/>\n<meta property=\"og:locale\" content=\"es_ES\" \/>\n<meta property=\"og:type\" content=\"article\" \/>\n<meta property=\"og:title\" content=\"Convocatoria de Subvenciones en concurrencia competitiva de las ayudas econ\u00f3micas a actividades cultural y l\u00fadico-festivas en el municipio de Muro de Alcoy, anualidad 2022. | Ajuntament de Muro\" \/>\n<meta property=\"og:description\" content=\"Ayer se public\u00f3 el extracto de la Resoluci\u00f3n 740\/2022, de 23 de junio de 2022, de acuerdo de Convocatoria de Subvenciones en concurrencia competitiva de las ayudas econ\u00f3micas a actividades [&hellip;]\" \/>\n<meta property=\"og:url\" content=\"https:\/\/www.vilademuro.net\/es\/convocatoria-de-subvenciones-en-concurrencia-competitiva-de-las-ayudas-economicas-a-actividades-cultural-y-ludico-festivas-en-el-municipio-de-muro-de-alcoy-anualidad-2022\/\" \/>\n<meta property=\"og:site_name\" content=\"Ajuntament de Muro\" \/>\n<meta property=\"article:publisher\" content=\"https:\/\/www.facebook.com\/murodealcoy\" \/>\n<meta property=\"article:published_time\" content=\"2022-07-01T10:53:55+00:00\" \/>\n<meta property=\"og:image\" content=\"https:\/\/www.vilademuro.net\/wp-content\/uploads\/2020\/04\/logo-entrades-convocatoria-1.jpg\" \/>\n\t<meta property=\"og:image:width\" content=\"200\" \/>\n\t<meta property=\"og:image:height\" content=\"200\" \/>\n\t<meta property=\"og:image:type\" content=\"image\/jpeg\" \/>\n<meta name=\"author\" content=\"Manolo Moll\" \/>\n<meta name=\"twitter:card\" content=\"summary_large_image\" \/>\n<meta name=\"twitter:creator\" content=\"@AjuntamentMuro\" \/>\n<meta name=\"twitter:site\" content=\"@AjuntamentMuro\" \/>\n<meta name=\"twitter:label1\" content=\"Escrito por\" \/>\n\t<meta name=\"twitter:data1\" content=\"Manolo Moll\" \/>\n\t<meta name=\"twitter:label2\" content=\"Tiempo de lectura\" \/>\n\t<meta name=\"twitter:data2\" content=\"7 minutos\" \/>\n<script type=\"application\/ld+json\" class=\"yoast-schema-graph\">{\"@context\":\"https:\/\/schema.org\",\"@graph\":[{\"@type\":\"Article\",\"@id\":\"https:\/\/www.vilademuro.net\/es\/convocatoria-de-subvenciones-en-concurrencia-competitiva-de-las-ayudas-economicas-a-actividades-cultural-y-ludico-festivas-en-el-municipio-de-muro-de-alcoy-anualidad-2022\/#article\",\"isPartOf\":{\"@id\":\"https:\/\/www.vilademuro.net\/es\/convocatoria-de-subvenciones-en-concurrencia-competitiva-de-las-ayudas-economicas-a-actividades-cultural-y-ludico-festivas-en-el-municipio-de-muro-de-alcoy-anualidad-2022\/\"},\"author\":{\"name\":\"Manolo Moll\",\"@id\":\"https:\/\/www.vilademuro.net\/es\/#\/schema\/person\/a42e266ef9e9ced94f63a10cae995cb3\"},\"headline\":\"Convocatoria de Subvenciones en concurrencia competitiva de las ayudas econ\u00f3micas a actividades cultural y l\u00fadico-festivas en el municipio de Muro de Alcoy, anualidad 2022.\",\"datePublished\":\"2022-07-01T10:53:55+00:00\",\"mainEntityOfPage\":{\"@id\":\"https:\/\/www.vilademuro.net\/es\/convocatoria-de-subvenciones-en-concurrencia-competitiva-de-las-ayudas-economicas-a-actividades-cultural-y-ludico-festivas-en-el-municipio-de-muro-de-alcoy-anualidad-2022\/\"},\"wordCount\":1489,\"publisher\":{\"@id\":\"https:\/\/www.vilademuro.net\/es\/#organization\"},\"image\":{\"@id\":\"https:\/\/www.vilademuro.net\/es\/convocatoria-de-subvenciones-en-concurrencia-competitiva-de-las-ayudas-economicas-a-actividades-cultural-y-ludico-festivas-en-el-municipio-de-muro-de-alcoy-anualidad-2022\/#primaryimage\"},\"thumbnailUrl\":\"https:\/\/www.vilademuro.net\/wp-content\/uploads\/2020\/04\/logo-entrades-convocatoria-1.jpg\",\"articleSection\":[\"\u00c1reas\",\"AVIVA\",\"Ayudas y subvenciones\",\"Noticias\"],\"inLanguage\":\"es\"},{\"@type\":\"WebPage\",\"@id\":\"https:\/\/www.vilademuro.net\/es\/convocatoria-de-subvenciones-en-concurrencia-competitiva-de-las-ayudas-economicas-a-actividades-cultural-y-ludico-festivas-en-el-municipio-de-muro-de-alcoy-anualidad-2022\/\",\"url\":\"https:\/\/www.vilademuro.net\/es\/convocatoria-de-subvenciones-en-concurrencia-competitiva-de-las-ayudas-economicas-a-actividades-cultural-y-ludico-festivas-en-el-municipio-de-muro-de-alcoy-anualidad-2022\/\",\"name\":\"Convocatoria de Subvenciones en concurrencia competitiva de las ayudas econ\u00f3micas a actividades cultural y l\u00fadico-festivas en el municipio de Muro de Alcoy, anualidad 2022. | Ajuntament de Muro\",\"isPartOf\":{\"@id\":\"https:\/\/www.vilademuro.net\/es\/#website\"},\"primaryImageOfPage\":{\"@id\":\"https:\/\/www.vilademuro.net\/es\/convocatoria-de-subvenciones-en-concurrencia-competitiva-de-las-ayudas-economicas-a-actividades-cultural-y-ludico-festivas-en-el-municipio-de-muro-de-alcoy-anualidad-2022\/#primaryimage\"},\"image\":{\"@id\":\"https:\/\/www.vilademuro.net\/es\/convocatoria-de-subvenciones-en-concurrencia-competitiva-de-las-ayudas-economicas-a-actividades-cultural-y-ludico-festivas-en-el-municipio-de-muro-de-alcoy-anualidad-2022\/#primaryimage\"},\"thumbnailUrl\":\"https:\/\/www.vilademuro.net\/wp-content\/uploads\/2020\/04\/logo-entrades-convocatoria-1.jpg\",\"datePublished\":\"2022-07-01T10:53:55+00:00\",\"breadcrumb\":{\"@id\":\"https:\/\/www.vilademuro.net\/es\/convocatoria-de-subvenciones-en-concurrencia-competitiva-de-las-ayudas-economicas-a-actividades-cultural-y-ludico-festivas-en-el-municipio-de-muro-de-alcoy-anualidad-2022\/#breadcrumb\"},\"inLanguage\":\"es\",\"potentialAction\":[{\"@type\":\"ReadAction\",\"target\":[\"https:\/\/www.vilademuro.net\/es\/convocatoria-de-subvenciones-en-concurrencia-competitiva-de-las-ayudas-economicas-a-actividades-cultural-y-ludico-festivas-en-el-municipio-de-muro-de-alcoy-anualidad-2022\/\"]}]},{\"@type\":\"ImageObject\",\"inLanguage\":\"es\",\"@id\":\"https:\/\/www.vilademuro.net\/es\/convocatoria-de-subvenciones-en-concurrencia-competitiva-de-las-ayudas-economicas-a-actividades-cultural-y-ludico-festivas-en-el-municipio-de-muro-de-alcoy-anualidad-2022\/#primaryimage\",\"url\":\"https:\/\/www.vilademuro.net\/wp-content\/uploads\/2020\/04\/logo-entrades-convocatoria-1.jpg\",\"contentUrl\":\"https:\/\/www.vilademuro.net\/wp-content\/uploads\/2020\/04\/logo-entrades-convocatoria-1.jpg\",\"width\":200,\"height\":200},{\"@type\":\"BreadcrumbList\",\"@id\":\"https:\/\/www.vilademuro.net\/es\/convocatoria-de-subvenciones-en-concurrencia-competitiva-de-las-ayudas-economicas-a-actividades-cultural-y-ludico-festivas-en-el-municipio-de-muro-de-alcoy-anualidad-2022\/#breadcrumb\",\"itemListElement\":[{\"@type\":\"ListItem\",\"position\":1,\"name\":\"Inici\",\"item\":\"https:\/\/www.vilademuro.net\/es\/\"},{\"@type\":\"ListItem\",\"position\":2,\"name\":\"Convocatoria de Subvenciones en concurrencia competitiva de las ayudas econ\u00f3micas a actividades cultural y l\u00fadico-festivas en el municipio de Muro de Alcoy, anualidad 2022.\"}]},{\"@type\":\"WebSite\",\"@id\":\"https:\/\/www.vilademuro.net\/es\/#website\",\"url\":\"https:\/\/www.vilademuro.net\/es\/\",\"name\":\"Ajuntament de Muro d'Alcoi\",\"description\":\"P\u00e1gina web oficial de l&#039;Ajuntament de Muro\",\"publisher\":{\"@id\":\"https:\/\/www.vilademuro.net\/es\/#organization\"},\"potentialAction\":[{\"@type\":\"SearchAction\",\"target\":{\"@type\":\"EntryPoint\",\"urlTemplate\":\"https:\/\/www.vilademuro.net\/es\/?s={search_term_string}\"},\"query-input\":{\"@type\":\"PropertyValueSpecification\",\"valueRequired\":true,\"valueName\":\"search_term_string\"}}],\"inLanguage\":\"es\"},{\"@type\":\"Organization\",\"@id\":\"https:\/\/www.vilademuro.net\/es\/#organization\",\"name\":\"Ajuntament de Muro\",\"url\":\"https:\/\/www.vilademuro.net\/es\/\",\"logo\":{\"@type\":\"ImageObject\",\"inLanguage\":\"es\",\"@id\":\"https:\/\/www.vilademuro.net\/es\/#\/schema\/logo\/image\/\",\"url\":\"https:\/\/www.vilademuro.net\/wp-content\/uploads\/2022\/10\/LOGO3-2.jpg\",\"contentUrl\":\"https:\/\/www.vilademuro.net\/wp-content\/uploads\/2022\/10\/LOGO3-2.jpg\",\"width\":756,\"height\":517,\"caption\":\"Ajuntament de Muro\"},\"image\":{\"@id\":\"https:\/\/www.vilademuro.net\/es\/#\/schema\/logo\/image\/\"},\"sameAs\":[\"https:\/\/www.facebook.com\/murodealcoy\",\"https:\/\/x.com\/AjuntamentMuro\",\"https:\/\/www.youtube.com\/channel\/UC2rwbKfRqsd1Ncwm6Y1prQw\"]},{\"@type\":\"Person\",\"@id\":\"https:\/\/www.vilademuro.net\/es\/#\/schema\/person\/a42e266ef9e9ced94f63a10cae995cb3\",\"name\":\"Manolo Moll\",\"image\":{\"@type\":\"ImageObject\",\"inLanguage\":\"es\",\"@id\":\"https:\/\/www.vilademuro.net\/es\/#\/schema\/person\/image\/\",\"url\":\"https:\/\/secure.gravatar.com\/avatar\/a3221566d53d0f1136f8c6f2cfcd2956c691deadb08d33bb4b275a4da7bd7260?s=96&d=mm&r=g\",\"contentUrl\":\"https:\/\/secure.gravatar.com\/avatar\/a3221566d53d0f1136f8c6f2cfcd2956c691deadb08d33bb4b275a4da7bd7260?s=96&d=mm&r=g\",\"caption\":\"Manolo Moll\"}}]}<\/script>\n<!-- \/ Yoast SEO plugin. -->","yoast_head_json":{"title":"Convocatoria de Subvenciones en concurrencia competitiva de las ayudas econ\u00f3micas a actividades cultural y l\u00fadico-festivas en el municipio de Muro de Alcoy, anualidad 2022. | Ajuntament de Muro","robots":{"index":"index","follow":"follow","max-snippet":"max-snippet:-1","max-image-preview":"max-image-preview:large","max-video-preview":"max-video-preview:-1"},"canonical":"https:\/\/www.vilademuro.net\/es\/convocatoria-de-subvenciones-en-concurrencia-competitiva-de-las-ayudas-economicas-a-actividades-cultural-y-ludico-festivas-en-el-municipio-de-muro-de-alcoy-anualidad-2022\/","og_locale":"es_ES","og_type":"article","og_title":"Convocatoria de Subvenciones en concurrencia competitiva de las ayudas econ\u00f3micas a actividades cultural y l\u00fadico-festivas en el municipio de Muro de Alcoy, anualidad 2022. | Ajuntament de Muro","og_description":"Ayer se public\u00f3 el extracto de la Resoluci\u00f3n 740\/2022, de 23 de junio de 2022, de acuerdo de Convocatoria de Subvenciones en concurrencia competitiva de las ayudas econ\u00f3micas a actividades [&hellip;]","og_url":"https:\/\/www.vilademuro.net\/es\/convocatoria-de-subvenciones-en-concurrencia-competitiva-de-las-ayudas-economicas-a-actividades-cultural-y-ludico-festivas-en-el-municipio-de-muro-de-alcoy-anualidad-2022\/","og_site_name":"Ajuntament de Muro","article_publisher":"https:\/\/www.facebook.com\/murodealcoy","article_published_time":"2022-07-01T10:53:55+00:00","og_image":[{"width":200,"height":200,"url":"https:\/\/www.vilademuro.net\/wp-content\/uploads\/2020\/04\/logo-entrades-convocatoria-1.jpg","type":"image\/jpeg"}],"author":"Manolo Moll","twitter_card":"summary_large_image","twitter_creator":"@AjuntamentMuro","twitter_site":"@AjuntamentMuro","twitter_misc":{"Escrito por":"Manolo Moll","Tiempo de lectura":"7 minutos"},"schema":{"@context":"https:\/\/schema.org","@graph":[{"@type":"Article","@id":"https:\/\/www.vilademuro.net\/es\/convocatoria-de-subvenciones-en-concurrencia-competitiva-de-las-ayudas-economicas-a-actividades-cultural-y-ludico-festivas-en-el-municipio-de-muro-de-alcoy-anualidad-2022\/#article","isPartOf":{"@id":"https:\/\/www.vilademuro.net\/es\/convocatoria-de-subvenciones-en-concurrencia-competitiva-de-las-ayudas-economicas-a-actividades-cultural-y-ludico-festivas-en-el-municipio-de-muro-de-alcoy-anualidad-2022\/"},"author":{"name":"Manolo Moll","@id":"https:\/\/www.vilademuro.net\/es\/#\/schema\/person\/a42e266ef9e9ced94f63a10cae995cb3"},"headline":"Convocatoria de Subvenciones en concurrencia competitiva de las ayudas econ\u00f3micas a actividades cultural y l\u00fadico-festivas en el municipio de Muro de Alcoy, anualidad 2022.","datePublished":"2022-07-01T10:53:55+00:00","mainEntityOfPage":{"@id":"https:\/\/www.vilademuro.net\/es\/convocatoria-de-subvenciones-en-concurrencia-competitiva-de-las-ayudas-economicas-a-actividades-cultural-y-ludico-festivas-en-el-municipio-de-muro-de-alcoy-anualidad-2022\/"},"wordCount":1489,"publisher":{"@id":"https:\/\/www.vilademuro.net\/es\/#organization"},"image":{"@id":"https:\/\/www.vilademuro.net\/es\/convocatoria-de-subvenciones-en-concurrencia-competitiva-de-las-ayudas-economicas-a-actividades-cultural-y-ludico-festivas-en-el-municipio-de-muro-de-alcoy-anualidad-2022\/#primaryimage"},"thumbnailUrl":"https:\/\/www.vilademuro.net\/wp-content\/uploads\/2020\/04\/logo-entrades-convocatoria-1.jpg","articleSection":["\u00c1reas","AVIVA","Ayudas y subvenciones","Noticias"],"inLanguage":"es"},{"@type":"WebPage","@id":"https:\/\/www.vilademuro.net\/es\/convocatoria-de-subvenciones-en-concurrencia-competitiva-de-las-ayudas-economicas-a-actividades-cultural-y-ludico-festivas-en-el-municipio-de-muro-de-alcoy-anualidad-2022\/","url":"https:\/\/www.vilademuro.net\/es\/convocatoria-de-subvenciones-en-concurrencia-competitiva-de-las-ayudas-economicas-a-actividades-cultural-y-ludico-festivas-en-el-municipio-de-muro-de-alcoy-anualidad-2022\/","name":"Convocatoria de Subvenciones en concurrencia competitiva de las ayudas econ\u00f3micas a actividades cultural y l\u00fadico-festivas en el municipio de Muro de Alcoy, anualidad 2022. | Ajuntament de Muro","isPartOf":{"@id":"https:\/\/www.vilademuro.net\/es\/#website"},"primaryImageOfPage":{"@id":"https:\/\/www.vilademuro.net\/es\/convocatoria-de-subvenciones-en-concurrencia-competitiva-de-las-ayudas-economicas-a-actividades-cultural-y-ludico-festivas-en-el-municipio-de-muro-de-alcoy-anualidad-2022\/#primaryimage"},"image":{"@id":"https:\/\/www.vilademuro.net\/es\/convocatoria-de-subvenciones-en-concurrencia-competitiva-de-las-ayudas-economicas-a-actividades-cultural-y-ludico-festivas-en-el-municipio-de-muro-de-alcoy-anualidad-2022\/#primaryimage"},"thumbnailUrl":"https:\/\/www.vilademuro.net\/wp-content\/uploads\/2020\/04\/logo-entrades-convocatoria-1.jpg","datePublished":"2022-07-01T10:53:55+00:00","breadcrumb":{"@id":"https:\/\/www.vilademuro.net\/es\/convocatoria-de-subvenciones-en-concurrencia-competitiva-de-las-ayudas-economicas-a-actividades-cultural-y-ludico-festivas-en-el-municipio-de-muro-de-alcoy-anualidad-2022\/#breadcrumb"},"inLanguage":"es","potentialAction":[{"@type":"ReadAction","target":["https:\/\/www.vilademuro.net\/es\/convocatoria-de-subvenciones-en-concurrencia-competitiva-de-las-ayudas-economicas-a-actividades-cultural-y-ludico-festivas-en-el-municipio-de-muro-de-alcoy-anualidad-2022\/"]}]},{"@type":"ImageObject","inLanguage":"es","@id":"https:\/\/www.vilademuro.net\/es\/convocatoria-de-subvenciones-en-concurrencia-competitiva-de-las-ayudas-economicas-a-actividades-cultural-y-ludico-festivas-en-el-municipio-de-muro-de-alcoy-anualidad-2022\/#primaryimage","url":"https:\/\/www.vilademuro.net\/wp-content\/uploads\/2020\/04\/logo-entrades-convocatoria-1.jpg","contentUrl":"https:\/\/www.vilademuro.net\/wp-content\/uploads\/2020\/04\/logo-entrades-convocatoria-1.jpg","width":200,"height":200},{"@type":"BreadcrumbList","@id":"https:\/\/www.vilademuro.net\/es\/convocatoria-de-subvenciones-en-concurrencia-competitiva-de-las-ayudas-economicas-a-actividades-cultural-y-ludico-festivas-en-el-municipio-de-muro-de-alcoy-anualidad-2022\/#breadcrumb","itemListElement":[{"@type":"ListItem","position":1,"name":"Inici","item":"https:\/\/www.vilademuro.net\/es\/"},{"@type":"ListItem","position":2,"name":"Convocatoria de Subvenciones en concurrencia competitiva de las ayudas econ\u00f3micas a actividades cultural y l\u00fadico-festivas en el municipio de Muro de Alcoy, anualidad 2022."}]},{"@type":"WebSite","@id":"https:\/\/www.vilademuro.net\/es\/#website","url":"https:\/\/www.vilademuro.net\/es\/","name":"Ajuntament de Muro d'Alcoi","description":"P\u00e1gina web oficial de l&#039;Ajuntament de Muro","publisher":{"@id":"https:\/\/www.vilademuro.net\/es\/#organization"},"potentialAction":[{"@type":"SearchAction","target":{"@type":"EntryPoint","urlTemplate":"https:\/\/www.vilademuro.net\/es\/?s={search_term_string}"},"query-input":{"@type":"PropertyValueSpecification","valueRequired":true,"valueName":"search_term_string"}}],"inLanguage":"es"},{"@type":"Organization","@id":"https:\/\/www.vilademuro.net\/es\/#organization","name":"Ajuntament de Muro","url":"https:\/\/www.vilademuro.net\/es\/","logo":{"@type":"ImageObject","inLanguage":"es","@id":"https:\/\/www.vilademuro.net\/es\/#\/schema\/logo\/image\/","url":"https:\/\/www.vilademuro.net\/wp-content\/uploads\/2022\/10\/LOGO3-2.jpg","contentUrl":"https:\/\/www.vilademuro.net\/wp-content\/uploads\/2022\/10\/LOGO3-2.jpg","width":756,"height":517,"caption":"Ajuntament de Muro"},"image":{"@id":"https:\/\/www.vilademuro.net\/es\/#\/schema\/logo\/image\/"},"sameAs":["https:\/\/www.facebook.com\/murodealcoy","https:\/\/x.com\/AjuntamentMuro","https:\/\/www.youtube.com\/channel\/UC2rwbKfRqsd1Ncwm6Y1prQw"]},{"@type":"Person","@id":"https:\/\/www.vilademuro.net\/es\/#\/schema\/person\/a42e266ef9e9ced94f63a10cae995cb3","name":"Manolo Moll","image":{"@type":"ImageObject","inLanguage":"es","@id":"https:\/\/www.vilademuro.net\/es\/#\/schema\/person\/image\/","url":"https:\/\/secure.gravatar.com\/avatar\/a3221566d53d0f1136f8c6f2cfcd2956c691deadb08d33bb4b275a4da7bd7260?s=96&d=mm&r=g","contentUrl":"https:\/\/secure.gravatar.com\/avatar\/a3221566d53d0f1136f8c6f2cfcd2956c691deadb08d33bb4b275a4da7bd7260?s=96&d=mm&r=g","caption":"Manolo Moll"}}]}},"_links":{"self":[{"href":"https:\/\/www.vilademuro.net\/es\/wp-json\/wp\/v2\/posts\/45919","targetHints":{"allow":["GET"]}}],"collection":[{"href":"https:\/\/www.vilademuro.net\/es\/wp-json\/wp\/v2\/posts"}],"about":[{"href":"https:\/\/www.vilademuro.net\/es\/wp-json\/wp\/v2\/types\/post"}],"author":[{"embeddable":true,"href":"https:\/\/www.vilademuro.net\/es\/wp-json\/wp\/v2\/users\/9"}],"replies":[{"embeddable":true,"href":"https:\/\/www.vilademuro.net\/es\/wp-json\/wp\/v2\/comments?post=45919"}],"version-history":[{"count":0,"href":"https:\/\/www.vilademuro.net\/es\/wp-json\/wp\/v2\/posts\/45919\/revisions"}],"wp:featuredmedia":[{"embeddable":true,"href":"https:\/\/www.vilademuro.net\/es\/wp-json\/wp\/v2\/media\/37897"}],"wp:attachment":[{"href":"https:\/\/www.vilademuro.net\/es\/wp-json\/wp\/v2\/media?parent=45919"}],"wp:term":[{"taxonomy":"category","embeddable":true,"href":"https:\/\/www.vilademuro.net\/es\/wp-json\/wp\/v2\/categories?post=45919"},{"taxonomy":"post_tag","embeddable":true,"href":"https:\/\/www.vilademuro.net\/es\/wp-json\/wp\/v2\/tags?post=45919"}],"curies":[{"name":"wp","href":"https:\/\/api.w.org\/{rel}","templated":true}]}}