{"id":45880,"date":"2022-07-01T07:47:46","date_gmt":"2022-07-01T05:47:46","guid":{"rendered":"https:\/\/www.vilademuro.net\/?p=45880"},"modified":"2022-07-01T07:47:46","modified_gmt":"2022-07-01T05:47:46","slug":"convocatoria-de-subvenciones-en-concurrencia-competitiva-de-las-ayudas-economicas-a-aquellas-asociaciones-que-desde-el-ambito-de-los-servicios-sociales-potencian-la-participacion-social-de-las-perso","status":"publish","type":"post","link":"https:\/\/www.vilademuro.net\/es\/convocatoria-de-subvenciones-en-concurrencia-competitiva-de-las-ayudas-economicas-a-aquellas-asociaciones-que-desde-el-ambito-de-los-servicios-sociales-potencian-la-participacion-social-de-las-perso\/","title":{"rendered":"Subvencions en concurr\u00e8ncia competitiva de les ajudes econ\u00f2miques a activitats de Benestar Social en el municipi de Muro de Alcoy, anualidat 2022."},"content":{"rendered":"","protected":false},"excerpt":{"rendered":"","protected":false},"author":18,"featured_media":0,"comment_status":"closed","ping_status":"closed","sticky":false,"template":"","format":"standard","meta":{"_et_pb_use_builder":"","_et_pb_old_content":"","_et_gb_content_width":"","footnotes":""},"categories":[49,77],"tags":[],"class_list":["post-45880","post","type-post","status-publish","format-standard","hentry","category-noticias","category-servicios-sociales"],"yoast_head":"<!-- This site is optimized with the Yoast SEO plugin v27.1.1 - https:\/\/yoast.com\/product\/yoast-seo-wordpress\/ -->\n<title>Subvencions en concurr\u00e8ncia competitiva de les ajudes econ\u00f2miques a activitats de Benestar Social en el municipi de Muro de Alcoy, anualidat 2022. | Ajuntament de Muro<\/title>\n<meta name=\"description\" content=\"Convocatoria de Subvenciones en concurrencia competitiva de las ayudas econ\u00f3micas a aquellas asociaciones que, desde el \u00e1mbito de los servicios sociales, potencian la participaci\u00f3n social de las personas e impulsan la solidaridad social y la inclusi\u00f3n y cohesi\u00f3n social en el municipio de Muro de Alcoy.\" \/>\n<meta name=\"robots\" content=\"index, follow, max-snippet:-1, max-image-preview:large, max-video-preview:-1\" \/>\n<link rel=\"canonical\" href=\"https:\/\/www.vilademuro.net\/es\/convocatoria-de-subvenciones-en-concurrencia-competitiva-de-las-ayudas-economicas-a-aquellas-asociaciones-que-desde-el-ambito-de-los-servicios-sociales-potencian-la-participacion-social-de-las-perso\/\" \/>\n<meta property=\"og:locale\" content=\"es_ES\" \/>\n<meta property=\"og:type\" content=\"article\" \/>\n<meta property=\"og:title\" content=\"Subvencions en concurr\u00e8ncia competitiva de les ajudes econ\u00f2miques a activitats de Benestar Social en el municipi de Muro de Alcoy, anualidat 2022. | Ajuntament de Muro\" \/>\n<meta property=\"og:description\" content=\"Convocatoria de Subvenciones en concurrencia competitiva de las ayudas econ\u00f3micas a aquellas asociaciones que, desde el \u00e1mbito de los servicios sociales, potencian la participaci\u00f3n social de las personas e impulsan la solidaridad social y la inclusi\u00f3n y cohesi\u00f3n social en el municipio de Muro de Alcoy.\" \/>\n<meta property=\"og:url\" content=\"https:\/\/www.vilademuro.net\/es\/convocatoria-de-subvenciones-en-concurrencia-competitiva-de-las-ayudas-economicas-a-aquellas-asociaciones-que-desde-el-ambito-de-los-servicios-sociales-potencian-la-participacion-social-de-las-perso\/\" \/>\n<meta property=\"og:site_name\" content=\"Ajuntament de Muro\" \/>\n<meta property=\"article:publisher\" content=\"https:\/\/www.facebook.com\/murodealcoy\" \/>\n<meta property=\"article:published_time\" content=\"2022-07-01T05:47:46+00:00\" \/>\n<meta property=\"og:image\" content=\"https:\/\/www.vilademuro.net\/wp-content\/uploads\/2019\/12\/logo-color-e1585225385776.jpg\" \/>\n\t<meta property=\"og:image:width\" content=\"30\" \/>\n\t<meta property=\"og:image:height\" content=\"59\" \/>\n\t<meta property=\"og:image:type\" content=\"image\/jpeg\" \/>\n<meta name=\"author\" content=\"Llum Jorda\" \/>\n<meta name=\"twitter:card\" content=\"summary_large_image\" \/>\n<meta name=\"twitter:creator\" content=\"@AjuntamentMuro\" \/>\n<meta name=\"twitter:site\" content=\"@AjuntamentMuro\" \/>\n<meta name=\"twitter:label1\" content=\"Escrito por\" \/>\n\t<meta name=\"twitter:data1\" content=\"Llum Jorda\" \/>\n<script type=\"application\/ld+json\" class=\"yoast-schema-graph\">{\"@context\":\"https:\/\/schema.org\",\"@graph\":[{\"@type\":\"Article\",\"@id\":\"https:\/\/www.vilademuro.net\/es\/convocatoria-de-subvenciones-en-concurrencia-competitiva-de-las-ayudas-economicas-a-aquellas-asociaciones-que-desde-el-ambito-de-los-servicios-sociales-potencian-la-participacion-social-de-las-perso\/#article\",\"isPartOf\":{\"@id\":\"https:\/\/www.vilademuro.net\/es\/convocatoria-de-subvenciones-en-concurrencia-competitiva-de-las-ayudas-economicas-a-aquellas-asociaciones-que-desde-el-ambito-de-los-servicios-sociales-potencian-la-participacion-social-de-las-perso\/\"},\"author\":{\"name\":\"Llum Jorda\",\"@id\":\"https:\/\/www.vilademuro.net\/es\/#\/schema\/person\/32278b306d256265c7eb890504bfe022\"},\"headline\":\"Subvencions en concurr\u00e8ncia competitiva de les ajudes econ\u00f2miques a activitats de Benestar Social en el municipi de Muro de Alcoy, anualidat 2022.\",\"datePublished\":\"2022-07-01T05:47:46+00:00\",\"mainEntityOfPage\":{\"@id\":\"https:\/\/www.vilademuro.net\/es\/convocatoria-de-subvenciones-en-concurrencia-competitiva-de-las-ayudas-economicas-a-aquellas-asociaciones-que-desde-el-ambito-de-los-servicios-sociales-potencian-la-participacion-social-de-las-perso\/\"},\"wordCount\":23,\"publisher\":{\"@id\":\"https:\/\/www.vilademuro.net\/es\/#organization\"},\"articleSection\":[\"Noticias\",\"Servicios sociales\"],\"inLanguage\":\"es\"},{\"@type\":\"WebPage\",\"@id\":\"https:\/\/www.vilademuro.net\/es\/convocatoria-de-subvenciones-en-concurrencia-competitiva-de-las-ayudas-economicas-a-aquellas-asociaciones-que-desde-el-ambito-de-los-servicios-sociales-potencian-la-participacion-social-de-las-perso\/\",\"url\":\"https:\/\/www.vilademuro.net\/es\/convocatoria-de-subvenciones-en-concurrencia-competitiva-de-las-ayudas-economicas-a-aquellas-asociaciones-que-desde-el-ambito-de-los-servicios-sociales-potencian-la-participacion-social-de-las-perso\/\",\"name\":\"Subvencions en concurr\u00e8ncia competitiva de les ajudes econ\u00f2miques a activitats de Benestar Social en el municipi de Muro de Alcoy, anualidat 2022. | Ajuntament de Muro\",\"isPartOf\":{\"@id\":\"https:\/\/www.vilademuro.net\/es\/#website\"},\"datePublished\":\"2022-07-01T05:47:46+00:00\",\"description\":\"Convocatoria de Subvenciones en concurrencia competitiva de las ayudas econ\u00f3micas a aquellas asociaciones que, desde el \u00e1mbito de los servicios sociales, potencian la participaci\u00f3n social de las personas e impulsan la solidaridad social y la inclusi\u00f3n y cohesi\u00f3n social en el municipio de Muro de Alcoy.\",\"breadcrumb\":{\"@id\":\"https:\/\/www.vilademuro.net\/es\/convocatoria-de-subvenciones-en-concurrencia-competitiva-de-las-ayudas-economicas-a-aquellas-asociaciones-que-desde-el-ambito-de-los-servicios-sociales-potencian-la-participacion-social-de-las-perso\/#breadcrumb\"},\"inLanguage\":\"es\",\"potentialAction\":[{\"@type\":\"ReadAction\",\"target\":[\"https:\/\/www.vilademuro.net\/es\/convocatoria-de-subvenciones-en-concurrencia-competitiva-de-las-ayudas-economicas-a-aquellas-asociaciones-que-desde-el-ambito-de-los-servicios-sociales-potencian-la-participacion-social-de-las-perso\/\"]}]},{\"@type\":\"BreadcrumbList\",\"@id\":\"https:\/\/www.vilademuro.net\/es\/convocatoria-de-subvenciones-en-concurrencia-competitiva-de-las-ayudas-economicas-a-aquellas-asociaciones-que-desde-el-ambito-de-los-servicios-sociales-potencian-la-participacion-social-de-las-perso\/#breadcrumb\",\"itemListElement\":[{\"@type\":\"ListItem\",\"position\":1,\"name\":\"Inici\",\"item\":\"https:\/\/www.vilademuro.net\/es\/\"},{\"@type\":\"ListItem\",\"position\":2,\"name\":\"Subvencions en concurr\u00e8ncia competitiva de les ajudes econ\u00f2miques a activitats de Benestar Social en el municipi de Muro de Alcoy, anualidat 2022.\"}]},{\"@type\":\"WebSite\",\"@id\":\"https:\/\/www.vilademuro.net\/es\/#website\",\"url\":\"https:\/\/www.vilademuro.net\/es\/\",\"name\":\"Ajuntament de Muro d'Alcoi\",\"description\":\"P\u00e1gina web oficial de l&#039;Ajuntament de Muro\",\"publisher\":{\"@id\":\"https:\/\/www.vilademuro.net\/es\/#organization\"},\"potentialAction\":[{\"@type\":\"SearchAction\",\"target\":{\"@type\":\"EntryPoint\",\"urlTemplate\":\"https:\/\/www.vilademuro.net\/es\/?s={search_term_string}\"},\"query-input\":{\"@type\":\"PropertyValueSpecification\",\"valueRequired\":true,\"valueName\":\"search_term_string\"}}],\"inLanguage\":\"es\"},{\"@type\":\"Organization\",\"@id\":\"https:\/\/www.vilademuro.net\/es\/#organization\",\"name\":\"Ajuntament de Muro\",\"url\":\"https:\/\/www.vilademuro.net\/es\/\",\"logo\":{\"@type\":\"ImageObject\",\"inLanguage\":\"es\",\"@id\":\"https:\/\/www.vilademuro.net\/es\/#\/schema\/logo\/image\/\",\"url\":\"https:\/\/www.vilademuro.net\/wp-content\/uploads\/2022\/10\/LOGO3-2.jpg\",\"contentUrl\":\"https:\/\/www.vilademuro.net\/wp-content\/uploads\/2022\/10\/LOGO3-2.jpg\",\"width\":756,\"height\":517,\"caption\":\"Ajuntament de Muro\"},\"image\":{\"@id\":\"https:\/\/www.vilademuro.net\/es\/#\/schema\/logo\/image\/\"},\"sameAs\":[\"https:\/\/www.facebook.com\/murodealcoy\",\"https:\/\/x.com\/AjuntamentMuro\",\"https:\/\/www.youtube.com\/channel\/UC2rwbKfRqsd1Ncwm6Y1prQw\"]},{\"@type\":\"Person\",\"@id\":\"https:\/\/www.vilademuro.net\/es\/#\/schema\/person\/32278b306d256265c7eb890504bfe022\",\"name\":\"Llum Jorda\",\"image\":{\"@type\":\"ImageObject\",\"inLanguage\":\"es\",\"@id\":\"https:\/\/www.vilademuro.net\/es\/#\/schema\/person\/image\/\",\"url\":\"https:\/\/secure.gravatar.com\/avatar\/aa23b1f3ba6619a2b9f652a33c488e17808ad4a3fc142aaa58bd80a4478f6013?s=96&d=mm&r=g\",\"contentUrl\":\"https:\/\/secure.gravatar.com\/avatar\/aa23b1f3ba6619a2b9f652a33c488e17808ad4a3fc142aaa58bd80a4478f6013?s=96&d=mm&r=g\",\"caption\":\"Llum Jorda\"},\"sameAs\":[\"https:\/\/Serveis%20socials\"]}]}<\/script>\n<!-- \/ Yoast SEO plugin. -->","yoast_head_json":{"title":"Subvencions en concurr\u00e8ncia competitiva de les ajudes econ\u00f2miques a activitats de Benestar Social en el municipi de Muro de Alcoy, anualidat 2022. | Ajuntament de Muro","description":"Convocatoria de Subvenciones en concurrencia competitiva de las ayudas econ\u00f3micas a aquellas asociaciones que, desde el \u00e1mbito de los servicios sociales, potencian la participaci\u00f3n social de las personas e impulsan la solidaridad social y la inclusi\u00f3n y cohesi\u00f3n social en el municipio de Muro de Alcoy.","robots":{"index":"index","follow":"follow","max-snippet":"max-snippet:-1","max-image-preview":"max-image-preview:large","max-video-preview":"max-video-preview:-1"},"canonical":"https:\/\/www.vilademuro.net\/es\/convocatoria-de-subvenciones-en-concurrencia-competitiva-de-las-ayudas-economicas-a-aquellas-asociaciones-que-desde-el-ambito-de-los-servicios-sociales-potencian-la-participacion-social-de-las-perso\/","og_locale":"es_ES","og_type":"article","og_title":"Subvencions en concurr\u00e8ncia competitiva de les ajudes econ\u00f2miques a activitats de Benestar Social en el municipi de Muro de Alcoy, anualidat 2022. | Ajuntament de Muro","og_description":"Convocatoria de Subvenciones en concurrencia competitiva de las ayudas econ\u00f3micas a aquellas asociaciones que, desde el \u00e1mbito de los servicios sociales, potencian la participaci\u00f3n social de las personas e impulsan la solidaridad social y la inclusi\u00f3n y cohesi\u00f3n social en el municipio de Muro de Alcoy.","og_url":"https:\/\/www.vilademuro.net\/es\/convocatoria-de-subvenciones-en-concurrencia-competitiva-de-las-ayudas-economicas-a-aquellas-asociaciones-que-desde-el-ambito-de-los-servicios-sociales-potencian-la-participacion-social-de-las-perso\/","og_site_name":"Ajuntament de Muro","article_publisher":"https:\/\/www.facebook.com\/murodealcoy","article_published_time":"2022-07-01T05:47:46+00:00","og_image":[{"width":30,"height":59,"url":"https:\/\/www.vilademuro.net\/wp-content\/uploads\/2019\/12\/logo-color-e1585225385776.jpg","type":"image\/jpeg"}],"author":"Llum Jorda","twitter_card":"summary_large_image","twitter_creator":"@AjuntamentMuro","twitter_site":"@AjuntamentMuro","twitter_misc":{"Escrito por":"Llum Jorda"},"schema":{"@context":"https:\/\/schema.org","@graph":[{"@type":"Article","@id":"https:\/\/www.vilademuro.net\/es\/convocatoria-de-subvenciones-en-concurrencia-competitiva-de-las-ayudas-economicas-a-aquellas-asociaciones-que-desde-el-ambito-de-los-servicios-sociales-potencian-la-participacion-social-de-las-perso\/#article","isPartOf":{"@id":"https:\/\/www.vilademuro.net\/es\/convocatoria-de-subvenciones-en-concurrencia-competitiva-de-las-ayudas-economicas-a-aquellas-asociaciones-que-desde-el-ambito-de-los-servicios-sociales-potencian-la-participacion-social-de-las-perso\/"},"author":{"name":"Llum Jorda","@id":"https:\/\/www.vilademuro.net\/es\/#\/schema\/person\/32278b306d256265c7eb890504bfe022"},"headline":"Subvencions en concurr\u00e8ncia competitiva de les ajudes econ\u00f2miques a activitats de Benestar Social en el municipi de Muro de Alcoy, anualidat 2022.","datePublished":"2022-07-01T05:47:46+00:00","mainEntityOfPage":{"@id":"https:\/\/www.vilademuro.net\/es\/convocatoria-de-subvenciones-en-concurrencia-competitiva-de-las-ayudas-economicas-a-aquellas-asociaciones-que-desde-el-ambito-de-los-servicios-sociales-potencian-la-participacion-social-de-las-perso\/"},"wordCount":23,"publisher":{"@id":"https:\/\/www.vilademuro.net\/es\/#organization"},"articleSection":["Noticias","Servicios sociales"],"inLanguage":"es"},{"@type":"WebPage","@id":"https:\/\/www.vilademuro.net\/es\/convocatoria-de-subvenciones-en-concurrencia-competitiva-de-las-ayudas-economicas-a-aquellas-asociaciones-que-desde-el-ambito-de-los-servicios-sociales-potencian-la-participacion-social-de-las-perso\/","url":"https:\/\/www.vilademuro.net\/es\/convocatoria-de-subvenciones-en-concurrencia-competitiva-de-las-ayudas-economicas-a-aquellas-asociaciones-que-desde-el-ambito-de-los-servicios-sociales-potencian-la-participacion-social-de-las-perso\/","name":"Subvencions en concurr\u00e8ncia competitiva de les ajudes econ\u00f2miques a activitats de Benestar Social en el municipi de Muro de Alcoy, anualidat 2022. | Ajuntament de Muro","isPartOf":{"@id":"https:\/\/www.vilademuro.net\/es\/#website"},"datePublished":"2022-07-01T05:47:46+00:00","description":"Convocatoria de Subvenciones en concurrencia competitiva de las ayudas econ\u00f3micas a aquellas asociaciones que, desde el \u00e1mbito de los servicios sociales, potencian la participaci\u00f3n social de las personas e impulsan la solidaridad social y la inclusi\u00f3n y cohesi\u00f3n social en el municipio de Muro de Alcoy.","breadcrumb":{"@id":"https:\/\/www.vilademuro.net\/es\/convocatoria-de-subvenciones-en-concurrencia-competitiva-de-las-ayudas-economicas-a-aquellas-asociaciones-que-desde-el-ambito-de-los-servicios-sociales-potencian-la-participacion-social-de-las-perso\/#breadcrumb"},"inLanguage":"es","potentialAction":[{"@type":"ReadAction","target":["https:\/\/www.vilademuro.net\/es\/convocatoria-de-subvenciones-en-concurrencia-competitiva-de-las-ayudas-economicas-a-aquellas-asociaciones-que-desde-el-ambito-de-los-servicios-sociales-potencian-la-participacion-social-de-las-perso\/"]}]},{"@type":"BreadcrumbList","@id":"https:\/\/www.vilademuro.net\/es\/convocatoria-de-subvenciones-en-concurrencia-competitiva-de-las-ayudas-economicas-a-aquellas-asociaciones-que-desde-el-ambito-de-los-servicios-sociales-potencian-la-participacion-social-de-las-perso\/#breadcrumb","itemListElement":[{"@type":"ListItem","position":1,"name":"Inici","item":"https:\/\/www.vilademuro.net\/es\/"},{"@type":"ListItem","position":2,"name":"Subvencions en concurr\u00e8ncia competitiva de les ajudes econ\u00f2miques a activitats de Benestar Social en el municipi de Muro de Alcoy, anualidat 2022."}]},{"@type":"WebSite","@id":"https:\/\/www.vilademuro.net\/es\/#website","url":"https:\/\/www.vilademuro.net\/es\/","name":"Ajuntament de Muro d'Alcoi","description":"P\u00e1gina web oficial de l&#039;Ajuntament de Muro","publisher":{"@id":"https:\/\/www.vilademuro.net\/es\/#organization"},"potentialAction":[{"@type":"SearchAction","target":{"@type":"EntryPoint","urlTemplate":"https:\/\/www.vilademuro.net\/es\/?s={search_term_string}"},"query-input":{"@type":"PropertyValueSpecification","valueRequired":true,"valueName":"search_term_string"}}],"inLanguage":"es"},{"@type":"Organization","@id":"https:\/\/www.vilademuro.net\/es\/#organization","name":"Ajuntament de Muro","url":"https:\/\/www.vilademuro.net\/es\/","logo":{"@type":"ImageObject","inLanguage":"es","@id":"https:\/\/www.vilademuro.net\/es\/#\/schema\/logo\/image\/","url":"https:\/\/www.vilademuro.net\/wp-content\/uploads\/2022\/10\/LOGO3-2.jpg","contentUrl":"https:\/\/www.vilademuro.net\/wp-content\/uploads\/2022\/10\/LOGO3-2.jpg","width":756,"height":517,"caption":"Ajuntament de Muro"},"image":{"@id":"https:\/\/www.vilademuro.net\/es\/#\/schema\/logo\/image\/"},"sameAs":["https:\/\/www.facebook.com\/murodealcoy","https:\/\/x.com\/AjuntamentMuro","https:\/\/www.youtube.com\/channel\/UC2rwbKfRqsd1Ncwm6Y1prQw"]},{"@type":"Person","@id":"https:\/\/www.vilademuro.net\/es\/#\/schema\/person\/32278b306d256265c7eb890504bfe022","name":"Llum Jorda","image":{"@type":"ImageObject","inLanguage":"es","@id":"https:\/\/www.vilademuro.net\/es\/#\/schema\/person\/image\/","url":"https:\/\/secure.gravatar.com\/avatar\/aa23b1f3ba6619a2b9f652a33c488e17808ad4a3fc142aaa58bd80a4478f6013?s=96&d=mm&r=g","contentUrl":"https:\/\/secure.gravatar.com\/avatar\/aa23b1f3ba6619a2b9f652a33c488e17808ad4a3fc142aaa58bd80a4478f6013?s=96&d=mm&r=g","caption":"Llum Jorda"},"sameAs":["https:\/\/Serveis%20socials"]}]}},"_links":{"self":[{"href":"https:\/\/www.vilademuro.net\/es\/wp-json\/wp\/v2\/posts\/45880","targetHints":{"allow":["GET"]}}],"collection":[{"href":"https:\/\/www.vilademuro.net\/es\/wp-json\/wp\/v2\/posts"}],"about":[{"href":"https:\/\/www.vilademuro.net\/es\/wp-json\/wp\/v2\/types\/post"}],"author":[{"embeddable":true,"href":"https:\/\/www.vilademuro.net\/es\/wp-json\/wp\/v2\/users\/18"}],"replies":[{"embeddable":true,"href":"https:\/\/www.vilademuro.net\/es\/wp-json\/wp\/v2\/comments?post=45880"}],"version-history":[{"count":0,"href":"https:\/\/www.vilademuro.net\/es\/wp-json\/wp\/v2\/posts\/45880\/revisions"}],"wp:attachment":[{"href":"https:\/\/www.vilademuro.net\/es\/wp-json\/wp\/v2\/media?parent=45880"}],"wp:term":[{"taxonomy":"category","embeddable":true,"href":"https:\/\/www.vilademuro.net\/es\/wp-json\/wp\/v2\/categories?post=45880"},{"taxonomy":"post_tag","embeddable":true,"href":"https:\/\/www.vilademuro.net\/es\/wp-json\/wp\/v2\/tags?post=45880"}],"curies":[{"name":"wp","href":"https:\/\/api.w.org\/{rel}","templated":true}]}}