{"id":45190,"date":"2022-04-29T14:05:12","date_gmt":"2022-04-29T12:05:12","guid":{"rendered":"https:\/\/www.vilademuro.net\/programa-emerge-2022\/"},"modified":"2022-05-18T14:27:37","modified_gmt":"2022-05-18T12:27:37","slug":"programa-emerge-2022","status":"publish","type":"post","link":"https:\/\/www.vilademuro.net\/es\/programa-emerge-2022\/","title":{"rendered":"PROGRAMA EMERGE 2022"},"content":{"rendered":"<p>INFORMACI\u00d3N RELATIVA A LOS PUESTOS DE TRABAJO A CONTRATAR POR EL AYUNTAMIENTO DE MURO DENTRO DE LA CONVOCATORIA PARA EL EJERCICIO 2022 DE LAS SUBVENCIONES DESTINADAS A LA CONTRATACI\u00d3N DE PERSONAS DESEMPLEADAS POR CORPORACIONES LOCALES DE LA COMUNIDAD DE EM DE LA ORDEN 8\/2016, DE 7 DE JULIO, DE LA CONSELLERIA DE ECONOMIA SOSTENIBLE, SECTORES PRODUCTIVOS, COMERCIO Y TRABAJO (AVALEM EXPERIENCIA).<\/p>\n<p>Vista la Resoluci\u00f3n de 27 de diciembre de 2021, del director general de LABORA Servicio Valenciano de Empleo y Formaci\u00f3n, por la que se convocan para el ejercicio 2022 las subvenciones destinadas a la contrataci\u00f3n de personas desempleadas por corporaciones locales de la Comunitat Valenciana , para la realizaci\u00f3n de acciones previstas en planes o procedimientos de emergencias en el \u00e1mbito forestal, en aplicaci\u00f3n de la Orden 8\/2016, de 7 de julio, de la Conselleria de Econom\u00eda Sostenible, Sectores Productivos, Comercio y Trabajo (AVALEM EXPERIENCIA), publicada en DOGV n\u00fam. 9291 de 4 de marzo de 2022, el Ayuntamiento de Muro ha recibido subvenci\u00f3n por importe de 69.161,32 \u20ac y para las siguientes contrataciones:<\/p>\n<p>Los INTERESADOS tendr\u00e1n que cumplir los requisitos para el programa:<br \/>\nPersonas desempleadas mayores de edad que figuren inscritas como demandantes de empleo en los Espais Labora de la Generalitat.<\/p>\n<p>Caracter\u00edsticas de los CONTRATOS:<\/p>\n<p>Los contratos de trabajo a realizar ser\u00e1n de una duraci\u00f3n determinada de 8 meses y 6 d\u00edas a jornada completa.<\/p>\n<p>4 PUESTOS de trabajo:<\/p>\n<p>GRUPO C2 (grupo cotizaci\u00f3n 8)<br \/>\n\u2013 1 Capataz Forestal. CNO 64101022. Experiencia m\u00ednima de 1 a\u00f1o y carn\u00e9 de conducir tipo B.<\/p>\n<p>GRUPO E (grupo cotizaci\u00f3n 10)<br \/>\n\u2013 3 Peones forestales. CNO 95431028. Carn\u00e9 de conducir tipo B.<\/p>\n<p>INTERESADOS\/AS telefonear a LABORA Alcoy al 965694810 antes del 23 de mayo e inscribirse en el CNO interesado. M\u00e1s info en AEDL 965532072.<\/p>\n<p><img decoding=\"async\" src=\"https:\/\/www.vilademuro.net\/wp-content\/uploads\/2022\/04\/Logo-Ministerio-color-emerge-2022-300x77.png\" \/><img decoding=\"async\" src=\"https:\/\/www.vilademuro.net\/wp-content\/uploads\/2022\/04\/gv_horitzontal_bn-emerge-2022.jpg\" \/><img decoding=\"async\" src=\"https:\/\/www.vilademuro.net\/wp-content\/uploads\/2022\/04\/Labora-1074X281-rojo1788c-emerge-2022.jpg\" \/><\/p>\n","protected":false},"excerpt":{"rendered":"<p>INFORMACI\u00d3N RELATIVA A LOS PUESTOS DE TRABAJO A CONTRATAR POR EL AYUNTAMIENTO DE MURO DENTRO DE LA CONVOCATORIA PARA EL EJERCICIO 2022 DE LAS SUBVENCIONES DESTINADAS A LA CONTRATACI\u00d3N DE [&hellip;]<\/p>\n","protected":false},"author":9,"featured_media":37834,"comment_status":"closed","ping_status":"closed","sticky":false,"template":"","format":"standard","meta":{"_et_pb_use_builder":"","_et_pb_old_content":"","_et_gb_content_width":"","footnotes":""},"categories":[50,64,49],"tags":[],"class_list":["post-45190","post","type-post","status-publish","format-standard","has-post-thumbnail","hentry","category-adl-es","category-fomento-empleo","category-noticias"],"yoast_head":"<!-- This site is optimized with the Yoast SEO plugin v27.1.1 - https:\/\/yoast.com\/product\/yoast-seo-wordpress\/ -->\n<title>PROGRAMA EMERGE 2022 | Ajuntament de Muro<\/title>\n<meta name=\"robots\" content=\"index, follow, max-snippet:-1, max-image-preview:large, max-video-preview:-1\" \/>\n<link rel=\"canonical\" href=\"https:\/\/www.vilademuro.net\/es\/programa-emerge-2022\/\" \/>\n<meta property=\"og:locale\" content=\"es_ES\" \/>\n<meta property=\"og:type\" content=\"article\" \/>\n<meta property=\"og:title\" content=\"PROGRAMA EMERGE 2022 | Ajuntament de Muro\" \/>\n<meta property=\"og:description\" content=\"INFORMACI\u00d3N RELATIVA A LOS PUESTOS DE TRABAJO A CONTRATAR POR EL AYUNTAMIENTO DE MURO DENTRO DE LA CONVOCATORIA PARA EL EJERCICIO 2022 DE LAS SUBVENCIONES DESTINADAS A LA CONTRATACI\u00d3N DE [&hellip;]\" \/>\n<meta property=\"og:url\" content=\"https:\/\/www.vilademuro.net\/es\/programa-emerge-2022\/\" \/>\n<meta property=\"og:site_name\" content=\"Ajuntament de Muro\" \/>\n<meta property=\"article:publisher\" content=\"https:\/\/www.facebook.com\/murodealcoy\" \/>\n<meta property=\"article:published_time\" content=\"2022-04-29T12:05:12+00:00\" \/>\n<meta property=\"article:modified_time\" content=\"2022-05-18T12:27:37+00:00\" \/>\n<meta property=\"og:image\" content=\"https:\/\/www.vilademuro.net\/wp-content\/uploads\/2020\/04\/logo-entrades-ajudes-i-subvencions.jpg\" \/>\n\t<meta property=\"og:image:width\" content=\"200\" \/>\n\t<meta property=\"og:image:height\" content=\"200\" \/>\n\t<meta property=\"og:image:type\" content=\"image\/jpeg\" \/>\n<meta name=\"author\" content=\"Manolo Moll\" \/>\n<meta name=\"twitter:card\" content=\"summary_large_image\" \/>\n<meta name=\"twitter:creator\" content=\"@AjuntamentMuro\" \/>\n<meta name=\"twitter:site\" content=\"@AjuntamentMuro\" \/>\n<meta name=\"twitter:label1\" content=\"Escrito por\" \/>\n\t<meta name=\"twitter:data1\" content=\"Manolo Moll\" \/>\n\t<meta name=\"twitter:label2\" content=\"Tiempo de lectura\" \/>\n\t<meta name=\"twitter:data2\" content=\"1 minuto\" \/>\n<script type=\"application\/ld+json\" class=\"yoast-schema-graph\">{\"@context\":\"https:\/\/schema.org\",\"@graph\":[{\"@type\":\"Article\",\"@id\":\"https:\/\/www.vilademuro.net\/es\/programa-emerge-2022\/#article\",\"isPartOf\":{\"@id\":\"https:\/\/www.vilademuro.net\/es\/programa-emerge-2022\/\"},\"author\":{\"name\":\"Manolo Moll\",\"@id\":\"https:\/\/www.vilademuro.net\/es\/#\/schema\/person\/a42e266ef9e9ced94f63a10cae995cb3\"},\"headline\":\"PROGRAMA EMERGE 2022\",\"datePublished\":\"2022-04-29T12:05:12+00:00\",\"dateModified\":\"2022-05-18T12:27:37+00:00\",\"mainEntityOfPage\":{\"@id\":\"https:\/\/www.vilademuro.net\/es\/programa-emerge-2022\/\"},\"wordCount\":286,\"publisher\":{\"@id\":\"https:\/\/www.vilademuro.net\/es\/#organization\"},\"image\":{\"@id\":\"https:\/\/www.vilademuro.net\/es\/programa-emerge-2022\/#primaryimage\"},\"thumbnailUrl\":\"https:\/\/www.vilademuro.net\/wp-content\/uploads\/2020\/04\/logo-entrades-ajudes-i-subvencions.jpg\",\"articleSection\":[\"ADL\",\"Fomento empleo\",\"Noticias\"],\"inLanguage\":\"es\"},{\"@type\":\"WebPage\",\"@id\":\"https:\/\/www.vilademuro.net\/es\/programa-emerge-2022\/\",\"url\":\"https:\/\/www.vilademuro.net\/es\/programa-emerge-2022\/\",\"name\":\"PROGRAMA EMERGE 2022 | Ajuntament de Muro\",\"isPartOf\":{\"@id\":\"https:\/\/www.vilademuro.net\/es\/#website\"},\"primaryImageOfPage\":{\"@id\":\"https:\/\/www.vilademuro.net\/es\/programa-emerge-2022\/#primaryimage\"},\"image\":{\"@id\":\"https:\/\/www.vilademuro.net\/es\/programa-emerge-2022\/#primaryimage\"},\"thumbnailUrl\":\"https:\/\/www.vilademuro.net\/wp-content\/uploads\/2020\/04\/logo-entrades-ajudes-i-subvencions.jpg\",\"datePublished\":\"2022-04-29T12:05:12+00:00\",\"dateModified\":\"2022-05-18T12:27:37+00:00\",\"breadcrumb\":{\"@id\":\"https:\/\/www.vilademuro.net\/es\/programa-emerge-2022\/#breadcrumb\"},\"inLanguage\":\"es\",\"potentialAction\":[{\"@type\":\"ReadAction\",\"target\":[\"https:\/\/www.vilademuro.net\/es\/programa-emerge-2022\/\"]}]},{\"@type\":\"ImageObject\",\"inLanguage\":\"es\",\"@id\":\"https:\/\/www.vilademuro.net\/es\/programa-emerge-2022\/#primaryimage\",\"url\":\"https:\/\/www.vilademuro.net\/wp-content\/uploads\/2020\/04\/logo-entrades-ajudes-i-subvencions.jpg\",\"contentUrl\":\"https:\/\/www.vilademuro.net\/wp-content\/uploads\/2020\/04\/logo-entrades-ajudes-i-subvencions.jpg\",\"width\":200,\"height\":200},{\"@type\":\"BreadcrumbList\",\"@id\":\"https:\/\/www.vilademuro.net\/es\/programa-emerge-2022\/#breadcrumb\",\"itemListElement\":[{\"@type\":\"ListItem\",\"position\":1,\"name\":\"Inici\",\"item\":\"https:\/\/www.vilademuro.net\/es\/\"},{\"@type\":\"ListItem\",\"position\":2,\"name\":\"PROGRAMA EMERGE 2022\"}]},{\"@type\":\"WebSite\",\"@id\":\"https:\/\/www.vilademuro.net\/es\/#website\",\"url\":\"https:\/\/www.vilademuro.net\/es\/\",\"name\":\"Ajuntament de Muro d'Alcoi\",\"description\":\"P\u00e1gina web oficial de l&#039;Ajuntament de Muro\",\"publisher\":{\"@id\":\"https:\/\/www.vilademuro.net\/es\/#organization\"},\"potentialAction\":[{\"@type\":\"SearchAction\",\"target\":{\"@type\":\"EntryPoint\",\"urlTemplate\":\"https:\/\/www.vilademuro.net\/es\/?s={search_term_string}\"},\"query-input\":{\"@type\":\"PropertyValueSpecification\",\"valueRequired\":true,\"valueName\":\"search_term_string\"}}],\"inLanguage\":\"es\"},{\"@type\":\"Organization\",\"@id\":\"https:\/\/www.vilademuro.net\/es\/#organization\",\"name\":\"Ajuntament de Muro\",\"url\":\"https:\/\/www.vilademuro.net\/es\/\",\"logo\":{\"@type\":\"ImageObject\",\"inLanguage\":\"es\",\"@id\":\"https:\/\/www.vilademuro.net\/es\/#\/schema\/logo\/image\/\",\"url\":\"https:\/\/www.vilademuro.net\/wp-content\/uploads\/2022\/10\/LOGO3-2.jpg\",\"contentUrl\":\"https:\/\/www.vilademuro.net\/wp-content\/uploads\/2022\/10\/LOGO3-2.jpg\",\"width\":756,\"height\":517,\"caption\":\"Ajuntament de Muro\"},\"image\":{\"@id\":\"https:\/\/www.vilademuro.net\/es\/#\/schema\/logo\/image\/\"},\"sameAs\":[\"https:\/\/www.facebook.com\/murodealcoy\",\"https:\/\/x.com\/AjuntamentMuro\",\"https:\/\/www.youtube.com\/channel\/UC2rwbKfRqsd1Ncwm6Y1prQw\"]},{\"@type\":\"Person\",\"@id\":\"https:\/\/www.vilademuro.net\/es\/#\/schema\/person\/a42e266ef9e9ced94f63a10cae995cb3\",\"name\":\"Manolo Moll\",\"image\":{\"@type\":\"ImageObject\",\"inLanguage\":\"es\",\"@id\":\"https:\/\/www.vilademuro.net\/es\/#\/schema\/person\/image\/\",\"url\":\"https:\/\/secure.gravatar.com\/avatar\/a3221566d53d0f1136f8c6f2cfcd2956c691deadb08d33bb4b275a4da7bd7260?s=96&d=mm&r=g\",\"contentUrl\":\"https:\/\/secure.gravatar.com\/avatar\/a3221566d53d0f1136f8c6f2cfcd2956c691deadb08d33bb4b275a4da7bd7260?s=96&d=mm&r=g\",\"caption\":\"Manolo Moll\"}}]}<\/script>\n<!-- \/ Yoast SEO plugin. -->","yoast_head_json":{"title":"PROGRAMA EMERGE 2022 | Ajuntament de Muro","robots":{"index":"index","follow":"follow","max-snippet":"max-snippet:-1","max-image-preview":"max-image-preview:large","max-video-preview":"max-video-preview:-1"},"canonical":"https:\/\/www.vilademuro.net\/es\/programa-emerge-2022\/","og_locale":"es_ES","og_type":"article","og_title":"PROGRAMA EMERGE 2022 | Ajuntament de Muro","og_description":"INFORMACI\u00d3N RELATIVA A LOS PUESTOS DE TRABAJO A CONTRATAR POR EL AYUNTAMIENTO DE MURO DENTRO DE LA CONVOCATORIA PARA EL EJERCICIO 2022 DE LAS SUBVENCIONES DESTINADAS A LA CONTRATACI\u00d3N DE [&hellip;]","og_url":"https:\/\/www.vilademuro.net\/es\/programa-emerge-2022\/","og_site_name":"Ajuntament de Muro","article_publisher":"https:\/\/www.facebook.com\/murodealcoy","article_published_time":"2022-04-29T12:05:12+00:00","article_modified_time":"2022-05-18T12:27:37+00:00","og_image":[{"width":200,"height":200,"url":"https:\/\/www.vilademuro.net\/wp-content\/uploads\/2020\/04\/logo-entrades-ajudes-i-subvencions.jpg","type":"image\/jpeg"}],"author":"Manolo Moll","twitter_card":"summary_large_image","twitter_creator":"@AjuntamentMuro","twitter_site":"@AjuntamentMuro","twitter_misc":{"Escrito por":"Manolo Moll","Tiempo de lectura":"1 minuto"},"schema":{"@context":"https:\/\/schema.org","@graph":[{"@type":"Article","@id":"https:\/\/www.vilademuro.net\/es\/programa-emerge-2022\/#article","isPartOf":{"@id":"https:\/\/www.vilademuro.net\/es\/programa-emerge-2022\/"},"author":{"name":"Manolo Moll","@id":"https:\/\/www.vilademuro.net\/es\/#\/schema\/person\/a42e266ef9e9ced94f63a10cae995cb3"},"headline":"PROGRAMA EMERGE 2022","datePublished":"2022-04-29T12:05:12+00:00","dateModified":"2022-05-18T12:27:37+00:00","mainEntityOfPage":{"@id":"https:\/\/www.vilademuro.net\/es\/programa-emerge-2022\/"},"wordCount":286,"publisher":{"@id":"https:\/\/www.vilademuro.net\/es\/#organization"},"image":{"@id":"https:\/\/www.vilademuro.net\/es\/programa-emerge-2022\/#primaryimage"},"thumbnailUrl":"https:\/\/www.vilademuro.net\/wp-content\/uploads\/2020\/04\/logo-entrades-ajudes-i-subvencions.jpg","articleSection":["ADL","Fomento empleo","Noticias"],"inLanguage":"es"},{"@type":"WebPage","@id":"https:\/\/www.vilademuro.net\/es\/programa-emerge-2022\/","url":"https:\/\/www.vilademuro.net\/es\/programa-emerge-2022\/","name":"PROGRAMA EMERGE 2022 | Ajuntament de Muro","isPartOf":{"@id":"https:\/\/www.vilademuro.net\/es\/#website"},"primaryImageOfPage":{"@id":"https:\/\/www.vilademuro.net\/es\/programa-emerge-2022\/#primaryimage"},"image":{"@id":"https:\/\/www.vilademuro.net\/es\/programa-emerge-2022\/#primaryimage"},"thumbnailUrl":"https:\/\/www.vilademuro.net\/wp-content\/uploads\/2020\/04\/logo-entrades-ajudes-i-subvencions.jpg","datePublished":"2022-04-29T12:05:12+00:00","dateModified":"2022-05-18T12:27:37+00:00","breadcrumb":{"@id":"https:\/\/www.vilademuro.net\/es\/programa-emerge-2022\/#breadcrumb"},"inLanguage":"es","potentialAction":[{"@type":"ReadAction","target":["https:\/\/www.vilademuro.net\/es\/programa-emerge-2022\/"]}]},{"@type":"ImageObject","inLanguage":"es","@id":"https:\/\/www.vilademuro.net\/es\/programa-emerge-2022\/#primaryimage","url":"https:\/\/www.vilademuro.net\/wp-content\/uploads\/2020\/04\/logo-entrades-ajudes-i-subvencions.jpg","contentUrl":"https:\/\/www.vilademuro.net\/wp-content\/uploads\/2020\/04\/logo-entrades-ajudes-i-subvencions.jpg","width":200,"height":200},{"@type":"BreadcrumbList","@id":"https:\/\/www.vilademuro.net\/es\/programa-emerge-2022\/#breadcrumb","itemListElement":[{"@type":"ListItem","position":1,"name":"Inici","item":"https:\/\/www.vilademuro.net\/es\/"},{"@type":"ListItem","position":2,"name":"PROGRAMA EMERGE 2022"}]},{"@type":"WebSite","@id":"https:\/\/www.vilademuro.net\/es\/#website","url":"https:\/\/www.vilademuro.net\/es\/","name":"Ajuntament de Muro d'Alcoi","description":"P\u00e1gina web oficial de l&#039;Ajuntament de Muro","publisher":{"@id":"https:\/\/www.vilademuro.net\/es\/#organization"},"potentialAction":[{"@type":"SearchAction","target":{"@type":"EntryPoint","urlTemplate":"https:\/\/www.vilademuro.net\/es\/?s={search_term_string}"},"query-input":{"@type":"PropertyValueSpecification","valueRequired":true,"valueName":"search_term_string"}}],"inLanguage":"es"},{"@type":"Organization","@id":"https:\/\/www.vilademuro.net\/es\/#organization","name":"Ajuntament de Muro","url":"https:\/\/www.vilademuro.net\/es\/","logo":{"@type":"ImageObject","inLanguage":"es","@id":"https:\/\/www.vilademuro.net\/es\/#\/schema\/logo\/image\/","url":"https:\/\/www.vilademuro.net\/wp-content\/uploads\/2022\/10\/LOGO3-2.jpg","contentUrl":"https:\/\/www.vilademuro.net\/wp-content\/uploads\/2022\/10\/LOGO3-2.jpg","width":756,"height":517,"caption":"Ajuntament de Muro"},"image":{"@id":"https:\/\/www.vilademuro.net\/es\/#\/schema\/logo\/image\/"},"sameAs":["https:\/\/www.facebook.com\/murodealcoy","https:\/\/x.com\/AjuntamentMuro","https:\/\/www.youtube.com\/channel\/UC2rwbKfRqsd1Ncwm6Y1prQw"]},{"@type":"Person","@id":"https:\/\/www.vilademuro.net\/es\/#\/schema\/person\/a42e266ef9e9ced94f63a10cae995cb3","name":"Manolo Moll","image":{"@type":"ImageObject","inLanguage":"es","@id":"https:\/\/www.vilademuro.net\/es\/#\/schema\/person\/image\/","url":"https:\/\/secure.gravatar.com\/avatar\/a3221566d53d0f1136f8c6f2cfcd2956c691deadb08d33bb4b275a4da7bd7260?s=96&d=mm&r=g","contentUrl":"https:\/\/secure.gravatar.com\/avatar\/a3221566d53d0f1136f8c6f2cfcd2956c691deadb08d33bb4b275a4da7bd7260?s=96&d=mm&r=g","caption":"Manolo Moll"}}]}},"_links":{"self":[{"href":"https:\/\/www.vilademuro.net\/es\/wp-json\/wp\/v2\/posts\/45190","targetHints":{"allow":["GET"]}}],"collection":[{"href":"https:\/\/www.vilademuro.net\/es\/wp-json\/wp\/v2\/posts"}],"about":[{"href":"https:\/\/www.vilademuro.net\/es\/wp-json\/wp\/v2\/types\/post"}],"author":[{"embeddable":true,"href":"https:\/\/www.vilademuro.net\/es\/wp-json\/wp\/v2\/users\/9"}],"replies":[{"embeddable":true,"href":"https:\/\/www.vilademuro.net\/es\/wp-json\/wp\/v2\/comments?post=45190"}],"version-history":[{"count":0,"href":"https:\/\/www.vilademuro.net\/es\/wp-json\/wp\/v2\/posts\/45190\/revisions"}],"wp:featuredmedia":[{"embeddable":true,"href":"https:\/\/www.vilademuro.net\/es\/wp-json\/wp\/v2\/media\/37834"}],"wp:attachment":[{"href":"https:\/\/www.vilademuro.net\/es\/wp-json\/wp\/v2\/media?parent=45190"}],"wp:term":[{"taxonomy":"category","embeddable":true,"href":"https:\/\/www.vilademuro.net\/es\/wp-json\/wp\/v2\/categories?post=45190"},{"taxonomy":"post_tag","embeddable":true,"href":"https:\/\/www.vilademuro.net\/es\/wp-json\/wp\/v2\/tags?post=45190"}],"curies":[{"name":"wp","href":"https:\/\/api.w.org\/{rel}","templated":true}]}}