{"id":45187,"date":"2022-04-29T13:58:19","date_gmt":"2022-04-29T11:58:19","guid":{"rendered":"https:\/\/www.vilademuro.net\/programa-explus-2022\/"},"modified":"2022-06-17T13:46:50","modified_gmt":"2022-06-17T11:46:50","slug":"programa-explus-2022","status":"publish","type":"post","link":"https:\/\/www.vilademuro.net\/es\/programa-explus-2022\/","title":{"rendered":"PROGRAMA EXPLUS 2022"},"content":{"rendered":"<p>INFORMACI\u00d3N RELATIVA A LOS PUESTOS DE TRABAJO SOLICITADOS INICIALMENTE POR EL AYUNTAMIENTO DE MURO DENTRO DEL PROGRAMA DE INCENTIVOS A LA CONTRATACI\u00d3N DE PERSONAS DESEMPLEADAS MENORES DE TREINTA A\u00d1OS POR ENTIDADES LOCALES DE LA COMUNITAT VALENCIANA, EN EL MARCO DEL PROGRAMA OPERATIVO DEL FONDO SOCIAL EUROPEO 2014-2020 DE LA COMUNITAT VALENCIANA, PROGRAMA EMPUJU 2022, ANUALIDAD 2022.<\/p>\n<p>ES UNA PREVISI\u00d3N INICIAL, PENDIENTE DE SI CONCEDE LA SUBVENCI\u00d3N Y EN QUE CUANT\u00cdA.<\/p>\n<p>Vista la Resoluci\u00f3n de 27 de diciembre de 2021, del director general de LABORA Servicio Valenciano de Empleo y Formaci\u00f3n, por la que se convoca para el ejercicio 2022 el Programa de incentivos a la contrataci\u00f3n de personas desempleadas de al menos treinta a\u00f1os por entidades locales de la Comunitat Valenciana (\u00abAvalem experi\u00e8ncia plus\u00bb), Programa \u00abEXPLUS 2022\u00bb, publicados en DOGV n\u00ba 9291 de 4 de marzo de 2022, el Ayuntamiento de Muro ha solicitado subvenci\u00f3n para las siguientes previsiones de contrataci\u00f3n:<\/p>\n<p>Los INTERESADOS deber\u00e1n cumplir los requisitos para el programa:<\/p>\n<p>Las personas destinatarias finales de estas ayudas son las personas desempleadas de al menos 30 a\u00f1os de edad, que figuren inscritas como demandantes de empleo en los Espais LABORA de la Generalitat, condici\u00f3n que deber\u00e1n cumplir en el momento de la contrataci\u00f3n.<br \/>\nCaracter\u00edsticas de los CONTRATOS:<\/p>\n<p>Los contratos de trabajo a realizar ser\u00e1n de una duraci\u00f3n determinada de 12 meses a jornada completa.<\/p>\n<p>Concedida subvenci\u00f3n por importe de 70.514,42\u20ac.<\/p>\n<p>PUESTOS de trabajo a contratar:<\/p>\n<p>GRUPO C2 (grupo cotizaci\u00f3n 8)<br \/>\n\u2013 2 Oficial Oficios Jardiner\u00eda.<\/p>\n<p><img decoding=\"async\" src=\"https:\/\/www.vilademuro.net\/wp-content\/uploads\/2019\/12\/logo_labora-web-300x68.jpg\" \/><\/p>\n","protected":false},"excerpt":{"rendered":"<p>INFORMACI\u00d3N RELATIVA A LOS PUESTOS DE TRABAJO SOLICITADOS INICIALMENTE POR EL AYUNTAMIENTO DE MURO DENTRO DEL PROGRAMA DE INCENTIVOS A LA CONTRATACI\u00d3N DE PERSONAS DESEMPLEADAS MENORES DE TREINTA A\u00d1OS POR [&hellip;]<\/p>\n","protected":false},"author":9,"featured_media":37834,"comment_status":"closed","ping_status":"closed","sticky":false,"template":"","format":"standard","meta":{"_et_pb_use_builder":"","_et_pb_old_content":"","_et_gb_content_width":"","footnotes":""},"categories":[50,64,49],"tags":[],"class_list":["post-45187","post","type-post","status-publish","format-standard","has-post-thumbnail","hentry","category-adl-es","category-fomento-empleo","category-noticias"],"yoast_head":"<!-- This site is optimized with the Yoast SEO plugin v27.1.1 - https:\/\/yoast.com\/product\/yoast-seo-wordpress\/ -->\n<title>PROGRAMA EXPLUS 2022 | Ajuntament de Muro<\/title>\n<meta name=\"robots\" content=\"index, follow, max-snippet:-1, max-image-preview:large, max-video-preview:-1\" \/>\n<link rel=\"canonical\" href=\"https:\/\/www.vilademuro.net\/es\/programa-explus-2022\/\" \/>\n<meta property=\"og:locale\" content=\"es_ES\" \/>\n<meta property=\"og:type\" content=\"article\" \/>\n<meta property=\"og:title\" content=\"PROGRAMA EXPLUS 2022 | Ajuntament de Muro\" \/>\n<meta property=\"og:description\" content=\"INFORMACI\u00d3N RELATIVA A LOS PUESTOS DE TRABAJO SOLICITADOS INICIALMENTE POR EL AYUNTAMIENTO DE MURO DENTRO DEL PROGRAMA DE INCENTIVOS A LA CONTRATACI\u00d3N DE PERSONAS DESEMPLEADAS MENORES DE TREINTA A\u00d1OS POR [&hellip;]\" \/>\n<meta property=\"og:url\" content=\"https:\/\/www.vilademuro.net\/es\/programa-explus-2022\/\" \/>\n<meta property=\"og:site_name\" content=\"Ajuntament de Muro\" \/>\n<meta property=\"article:publisher\" content=\"https:\/\/www.facebook.com\/murodealcoy\" \/>\n<meta property=\"article:published_time\" content=\"2022-04-29T11:58:19+00:00\" \/>\n<meta property=\"article:modified_time\" content=\"2022-06-17T11:46:50+00:00\" \/>\n<meta property=\"og:image\" content=\"https:\/\/www.vilademuro.net\/wp-content\/uploads\/2020\/04\/logo-entrades-ajudes-i-subvencions.jpg\" \/>\n\t<meta property=\"og:image:width\" content=\"200\" \/>\n\t<meta property=\"og:image:height\" content=\"200\" \/>\n\t<meta property=\"og:image:type\" content=\"image\/jpeg\" \/>\n<meta name=\"author\" content=\"Manolo Moll\" \/>\n<meta name=\"twitter:card\" content=\"summary_large_image\" \/>\n<meta name=\"twitter:creator\" content=\"@AjuntamentMuro\" \/>\n<meta name=\"twitter:site\" content=\"@AjuntamentMuro\" \/>\n<meta name=\"twitter:label1\" content=\"Escrito por\" \/>\n\t<meta name=\"twitter:data1\" content=\"Manolo Moll\" \/>\n\t<meta name=\"twitter:label2\" content=\"Tiempo de lectura\" \/>\n\t<meta name=\"twitter:data2\" content=\"1 minuto\" \/>\n<script type=\"application\/ld+json\" class=\"yoast-schema-graph\">{\"@context\":\"https:\/\/schema.org\",\"@graph\":[{\"@type\":\"Article\",\"@id\":\"https:\/\/www.vilademuro.net\/es\/programa-explus-2022\/#article\",\"isPartOf\":{\"@id\":\"https:\/\/www.vilademuro.net\/es\/programa-explus-2022\/\"},\"author\":{\"name\":\"Manolo Moll\",\"@id\":\"https:\/\/www.vilademuro.net\/es\/#\/schema\/person\/a42e266ef9e9ced94f63a10cae995cb3\"},\"headline\":\"PROGRAMA EXPLUS 2022\",\"datePublished\":\"2022-04-29T11:58:19+00:00\",\"dateModified\":\"2022-06-17T11:46:50+00:00\",\"mainEntityOfPage\":{\"@id\":\"https:\/\/www.vilademuro.net\/es\/programa-explus-2022\/\"},\"wordCount\":255,\"publisher\":{\"@id\":\"https:\/\/www.vilademuro.net\/es\/#organization\"},\"image\":{\"@id\":\"https:\/\/www.vilademuro.net\/es\/programa-explus-2022\/#primaryimage\"},\"thumbnailUrl\":\"https:\/\/www.vilademuro.net\/wp-content\/uploads\/2020\/04\/logo-entrades-ajudes-i-subvencions.jpg\",\"articleSection\":[\"ADL\",\"Fomento empleo\",\"Noticias\"],\"inLanguage\":\"es\"},{\"@type\":\"WebPage\",\"@id\":\"https:\/\/www.vilademuro.net\/es\/programa-explus-2022\/\",\"url\":\"https:\/\/www.vilademuro.net\/es\/programa-explus-2022\/\",\"name\":\"PROGRAMA EXPLUS 2022 | Ajuntament de Muro\",\"isPartOf\":{\"@id\":\"https:\/\/www.vilademuro.net\/es\/#website\"},\"primaryImageOfPage\":{\"@id\":\"https:\/\/www.vilademuro.net\/es\/programa-explus-2022\/#primaryimage\"},\"image\":{\"@id\":\"https:\/\/www.vilademuro.net\/es\/programa-explus-2022\/#primaryimage\"},\"thumbnailUrl\":\"https:\/\/www.vilademuro.net\/wp-content\/uploads\/2020\/04\/logo-entrades-ajudes-i-subvencions.jpg\",\"datePublished\":\"2022-04-29T11:58:19+00:00\",\"dateModified\":\"2022-06-17T11:46:50+00:00\",\"breadcrumb\":{\"@id\":\"https:\/\/www.vilademuro.net\/es\/programa-explus-2022\/#breadcrumb\"},\"inLanguage\":\"es\",\"potentialAction\":[{\"@type\":\"ReadAction\",\"target\":[\"https:\/\/www.vilademuro.net\/es\/programa-explus-2022\/\"]}]},{\"@type\":\"ImageObject\",\"inLanguage\":\"es\",\"@id\":\"https:\/\/www.vilademuro.net\/es\/programa-explus-2022\/#primaryimage\",\"url\":\"https:\/\/www.vilademuro.net\/wp-content\/uploads\/2020\/04\/logo-entrades-ajudes-i-subvencions.jpg\",\"contentUrl\":\"https:\/\/www.vilademuro.net\/wp-content\/uploads\/2020\/04\/logo-entrades-ajudes-i-subvencions.jpg\",\"width\":200,\"height\":200},{\"@type\":\"BreadcrumbList\",\"@id\":\"https:\/\/www.vilademuro.net\/es\/programa-explus-2022\/#breadcrumb\",\"itemListElement\":[{\"@type\":\"ListItem\",\"position\":1,\"name\":\"Inici\",\"item\":\"https:\/\/www.vilademuro.net\/es\/\"},{\"@type\":\"ListItem\",\"position\":2,\"name\":\"PROGRAMA EXPLUS 2022\"}]},{\"@type\":\"WebSite\",\"@id\":\"https:\/\/www.vilademuro.net\/es\/#website\",\"url\":\"https:\/\/www.vilademuro.net\/es\/\",\"name\":\"Ajuntament de Muro d'Alcoi\",\"description\":\"P\u00e1gina web oficial de l&#039;Ajuntament de Muro\",\"publisher\":{\"@id\":\"https:\/\/www.vilademuro.net\/es\/#organization\"},\"potentialAction\":[{\"@type\":\"SearchAction\",\"target\":{\"@type\":\"EntryPoint\",\"urlTemplate\":\"https:\/\/www.vilademuro.net\/es\/?s={search_term_string}\"},\"query-input\":{\"@type\":\"PropertyValueSpecification\",\"valueRequired\":true,\"valueName\":\"search_term_string\"}}],\"inLanguage\":\"es\"},{\"@type\":\"Organization\",\"@id\":\"https:\/\/www.vilademuro.net\/es\/#organization\",\"name\":\"Ajuntament de Muro\",\"url\":\"https:\/\/www.vilademuro.net\/es\/\",\"logo\":{\"@type\":\"ImageObject\",\"inLanguage\":\"es\",\"@id\":\"https:\/\/www.vilademuro.net\/es\/#\/schema\/logo\/image\/\",\"url\":\"https:\/\/www.vilademuro.net\/wp-content\/uploads\/2022\/10\/LOGO3-2.jpg\",\"contentUrl\":\"https:\/\/www.vilademuro.net\/wp-content\/uploads\/2022\/10\/LOGO3-2.jpg\",\"width\":756,\"height\":517,\"caption\":\"Ajuntament de Muro\"},\"image\":{\"@id\":\"https:\/\/www.vilademuro.net\/es\/#\/schema\/logo\/image\/\"},\"sameAs\":[\"https:\/\/www.facebook.com\/murodealcoy\",\"https:\/\/x.com\/AjuntamentMuro\",\"https:\/\/www.youtube.com\/channel\/UC2rwbKfRqsd1Ncwm6Y1prQw\"]},{\"@type\":\"Person\",\"@id\":\"https:\/\/www.vilademuro.net\/es\/#\/schema\/person\/a42e266ef9e9ced94f63a10cae995cb3\",\"name\":\"Manolo Moll\",\"image\":{\"@type\":\"ImageObject\",\"inLanguage\":\"es\",\"@id\":\"https:\/\/www.vilademuro.net\/es\/#\/schema\/person\/image\/\",\"url\":\"https:\/\/secure.gravatar.com\/avatar\/a3221566d53d0f1136f8c6f2cfcd2956c691deadb08d33bb4b275a4da7bd7260?s=96&d=mm&r=g\",\"contentUrl\":\"https:\/\/secure.gravatar.com\/avatar\/a3221566d53d0f1136f8c6f2cfcd2956c691deadb08d33bb4b275a4da7bd7260?s=96&d=mm&r=g\",\"caption\":\"Manolo Moll\"}}]}<\/script>\n<!-- \/ Yoast SEO plugin. -->","yoast_head_json":{"title":"PROGRAMA EXPLUS 2022 | Ajuntament de Muro","robots":{"index":"index","follow":"follow","max-snippet":"max-snippet:-1","max-image-preview":"max-image-preview:large","max-video-preview":"max-video-preview:-1"},"canonical":"https:\/\/www.vilademuro.net\/es\/programa-explus-2022\/","og_locale":"es_ES","og_type":"article","og_title":"PROGRAMA EXPLUS 2022 | Ajuntament de Muro","og_description":"INFORMACI\u00d3N RELATIVA A LOS PUESTOS DE TRABAJO SOLICITADOS INICIALMENTE POR EL AYUNTAMIENTO DE MURO DENTRO DEL PROGRAMA DE INCENTIVOS A LA CONTRATACI\u00d3N DE PERSONAS DESEMPLEADAS MENORES DE TREINTA A\u00d1OS POR [&hellip;]","og_url":"https:\/\/www.vilademuro.net\/es\/programa-explus-2022\/","og_site_name":"Ajuntament de Muro","article_publisher":"https:\/\/www.facebook.com\/murodealcoy","article_published_time":"2022-04-29T11:58:19+00:00","article_modified_time":"2022-06-17T11:46:50+00:00","og_image":[{"width":200,"height":200,"url":"https:\/\/www.vilademuro.net\/wp-content\/uploads\/2020\/04\/logo-entrades-ajudes-i-subvencions.jpg","type":"image\/jpeg"}],"author":"Manolo Moll","twitter_card":"summary_large_image","twitter_creator":"@AjuntamentMuro","twitter_site":"@AjuntamentMuro","twitter_misc":{"Escrito por":"Manolo Moll","Tiempo de lectura":"1 minuto"},"schema":{"@context":"https:\/\/schema.org","@graph":[{"@type":"Article","@id":"https:\/\/www.vilademuro.net\/es\/programa-explus-2022\/#article","isPartOf":{"@id":"https:\/\/www.vilademuro.net\/es\/programa-explus-2022\/"},"author":{"name":"Manolo Moll","@id":"https:\/\/www.vilademuro.net\/es\/#\/schema\/person\/a42e266ef9e9ced94f63a10cae995cb3"},"headline":"PROGRAMA EXPLUS 2022","datePublished":"2022-04-29T11:58:19+00:00","dateModified":"2022-06-17T11:46:50+00:00","mainEntityOfPage":{"@id":"https:\/\/www.vilademuro.net\/es\/programa-explus-2022\/"},"wordCount":255,"publisher":{"@id":"https:\/\/www.vilademuro.net\/es\/#organization"},"image":{"@id":"https:\/\/www.vilademuro.net\/es\/programa-explus-2022\/#primaryimage"},"thumbnailUrl":"https:\/\/www.vilademuro.net\/wp-content\/uploads\/2020\/04\/logo-entrades-ajudes-i-subvencions.jpg","articleSection":["ADL","Fomento empleo","Noticias"],"inLanguage":"es"},{"@type":"WebPage","@id":"https:\/\/www.vilademuro.net\/es\/programa-explus-2022\/","url":"https:\/\/www.vilademuro.net\/es\/programa-explus-2022\/","name":"PROGRAMA EXPLUS 2022 | Ajuntament de Muro","isPartOf":{"@id":"https:\/\/www.vilademuro.net\/es\/#website"},"primaryImageOfPage":{"@id":"https:\/\/www.vilademuro.net\/es\/programa-explus-2022\/#primaryimage"},"image":{"@id":"https:\/\/www.vilademuro.net\/es\/programa-explus-2022\/#primaryimage"},"thumbnailUrl":"https:\/\/www.vilademuro.net\/wp-content\/uploads\/2020\/04\/logo-entrades-ajudes-i-subvencions.jpg","datePublished":"2022-04-29T11:58:19+00:00","dateModified":"2022-06-17T11:46:50+00:00","breadcrumb":{"@id":"https:\/\/www.vilademuro.net\/es\/programa-explus-2022\/#breadcrumb"},"inLanguage":"es","potentialAction":[{"@type":"ReadAction","target":["https:\/\/www.vilademuro.net\/es\/programa-explus-2022\/"]}]},{"@type":"ImageObject","inLanguage":"es","@id":"https:\/\/www.vilademuro.net\/es\/programa-explus-2022\/#primaryimage","url":"https:\/\/www.vilademuro.net\/wp-content\/uploads\/2020\/04\/logo-entrades-ajudes-i-subvencions.jpg","contentUrl":"https:\/\/www.vilademuro.net\/wp-content\/uploads\/2020\/04\/logo-entrades-ajudes-i-subvencions.jpg","width":200,"height":200},{"@type":"BreadcrumbList","@id":"https:\/\/www.vilademuro.net\/es\/programa-explus-2022\/#breadcrumb","itemListElement":[{"@type":"ListItem","position":1,"name":"Inici","item":"https:\/\/www.vilademuro.net\/es\/"},{"@type":"ListItem","position":2,"name":"PROGRAMA EXPLUS 2022"}]},{"@type":"WebSite","@id":"https:\/\/www.vilademuro.net\/es\/#website","url":"https:\/\/www.vilademuro.net\/es\/","name":"Ajuntament de Muro d'Alcoi","description":"P\u00e1gina web oficial de l&#039;Ajuntament de Muro","publisher":{"@id":"https:\/\/www.vilademuro.net\/es\/#organization"},"potentialAction":[{"@type":"SearchAction","target":{"@type":"EntryPoint","urlTemplate":"https:\/\/www.vilademuro.net\/es\/?s={search_term_string}"},"query-input":{"@type":"PropertyValueSpecification","valueRequired":true,"valueName":"search_term_string"}}],"inLanguage":"es"},{"@type":"Organization","@id":"https:\/\/www.vilademuro.net\/es\/#organization","name":"Ajuntament de Muro","url":"https:\/\/www.vilademuro.net\/es\/","logo":{"@type":"ImageObject","inLanguage":"es","@id":"https:\/\/www.vilademuro.net\/es\/#\/schema\/logo\/image\/","url":"https:\/\/www.vilademuro.net\/wp-content\/uploads\/2022\/10\/LOGO3-2.jpg","contentUrl":"https:\/\/www.vilademuro.net\/wp-content\/uploads\/2022\/10\/LOGO3-2.jpg","width":756,"height":517,"caption":"Ajuntament de Muro"},"image":{"@id":"https:\/\/www.vilademuro.net\/es\/#\/schema\/logo\/image\/"},"sameAs":["https:\/\/www.facebook.com\/murodealcoy","https:\/\/x.com\/AjuntamentMuro","https:\/\/www.youtube.com\/channel\/UC2rwbKfRqsd1Ncwm6Y1prQw"]},{"@type":"Person","@id":"https:\/\/www.vilademuro.net\/es\/#\/schema\/person\/a42e266ef9e9ced94f63a10cae995cb3","name":"Manolo Moll","image":{"@type":"ImageObject","inLanguage":"es","@id":"https:\/\/www.vilademuro.net\/es\/#\/schema\/person\/image\/","url":"https:\/\/secure.gravatar.com\/avatar\/a3221566d53d0f1136f8c6f2cfcd2956c691deadb08d33bb4b275a4da7bd7260?s=96&d=mm&r=g","contentUrl":"https:\/\/secure.gravatar.com\/avatar\/a3221566d53d0f1136f8c6f2cfcd2956c691deadb08d33bb4b275a4da7bd7260?s=96&d=mm&r=g","caption":"Manolo Moll"}}]}},"_links":{"self":[{"href":"https:\/\/www.vilademuro.net\/es\/wp-json\/wp\/v2\/posts\/45187","targetHints":{"allow":["GET"]}}],"collection":[{"href":"https:\/\/www.vilademuro.net\/es\/wp-json\/wp\/v2\/posts"}],"about":[{"href":"https:\/\/www.vilademuro.net\/es\/wp-json\/wp\/v2\/types\/post"}],"author":[{"embeddable":true,"href":"https:\/\/www.vilademuro.net\/es\/wp-json\/wp\/v2\/users\/9"}],"replies":[{"embeddable":true,"href":"https:\/\/www.vilademuro.net\/es\/wp-json\/wp\/v2\/comments?post=45187"}],"version-history":[{"count":0,"href":"https:\/\/www.vilademuro.net\/es\/wp-json\/wp\/v2\/posts\/45187\/revisions"}],"wp:featuredmedia":[{"embeddable":true,"href":"https:\/\/www.vilademuro.net\/es\/wp-json\/wp\/v2\/media\/37834"}],"wp:attachment":[{"href":"https:\/\/www.vilademuro.net\/es\/wp-json\/wp\/v2\/media?parent=45187"}],"wp:term":[{"taxonomy":"category","embeddable":true,"href":"https:\/\/www.vilademuro.net\/es\/wp-json\/wp\/v2\/categories?post=45187"},{"taxonomy":"post_tag","embeddable":true,"href":"https:\/\/www.vilademuro.net\/es\/wp-json\/wp\/v2\/tags?post=45187"}],"curies":[{"name":"wp","href":"https:\/\/api.w.org\/{rel}","templated":true}]}}