{"id":42474,"date":"2021-07-02T11:11:41","date_gmt":"2021-07-02T09:11:41","guid":{"rendered":"https:\/\/www.vilademuro.net\/horario-verano-atencion-al-publico-cuartel-g-c\/"},"modified":"2021-07-02T11:17:59","modified_gmt":"2021-07-02T09:17:59","slug":"horario-verano-atencion-al-publico-cuartel-g-c","status":"publish","type":"post","link":"https:\/\/www.vilademuro.net\/es\/horario-verano-atencion-al-publico-cuartel-g-c\/","title":{"rendered":"Horario verano &#8211; Atenci\u00f3n  al p\u00fablico  &#8211; Cuartel  G.C."},"content":{"rendered":"<div class=\"\" dir=\"auto\">\n<div id=\"jsc_c_72\" class=\"ecm0bbzt hv4rvrfc ihqw7lf3 dati1w0a\" data-ad-comet-preview=\"message\" data-ad-preview=\"message\">\n<div class=\"j83agx80 cbu4d94t ew0dbk1b irj2b8pg\">\n<div class=\"qzhwtbm6 knvmm38d\">\n<div class=\"kvgmc6g5 cxmmr5t8 oygrvhab hcukyx3x c1et5uql ii04i59q\">\n<div dir=\"auto\"><strong><span style=\"font-size: 18pt; color: #000000;\">NOTA INFORMATIVA:<\/span><\/strong><\/div>\n<div dir=\"auto\"><\/div>\n<\/div>\n<div class=\"o9v6fnle cxmmr5t8 oygrvhab hcukyx3x c1et5uql ii04i59q\">\n<div dir=\"auto\"><span style=\"font-size: 18pt; color: #000000;\">HORARIO DE VERANO &#8211; ATENCI\u00d3N AL P\u00daBLICO (Julio-Agosto-Septiembre)\u00a0 <\/span><\/div>\n<div dir=\"auto\"><span style=\"font-size: 18pt; color: #000000;\">CUARTEL\u00a0 DE LA GUARDIA CIVIL DE MURO:<\/span><\/div>\n<div dir=\"auto\"><\/div>\n<\/div>\n<div class=\"o9v6fnle cxmmr5t8 oygrvhab hcukyx3x c1et5uql ii04i59q\">\n<div dir=\"auto\"><span style=\"font-size: 18pt; color: #000000;\">\u00a0ABIERTO: Lunes, Miercoles, Viernes i Domingo<br \/>\n<\/span><\/div>\n<div dir=\"auto\"><span style=\"font-size: 18pt; color: #000000;\">\u00a0\u00a0\u00a0\u00a0\u00a0\u00a0\u00a0\u00a0\u00a0\u00a0\u00a0\u00a0\u00a0\u00a0\u00a0\u00a0\u00a0 Horario: de 8.00h a 14.00h<\/span><\/div>\n<\/div>\n<div class=\"o9v6fnle cxmmr5t8 oygrvhab hcukyx3x c1et5uql ii04i59q\">\n<div dir=\"auto\"><span style=\"font-size: 18pt; color: #000000;\">\u00a0<\/span><\/div>\n<div dir=\"auto\"><span style=\"font-size: 18pt; color: #000000;\">CERRADO:\u00a0 Martes, Jueves i S\u00e1bado<br \/>\n<\/span><\/div>\n<\/div>\n<div class=\"o9v6fnle cxmmr5t8 oygrvhab hcukyx3x c1et5uql ii04i59q\">\n<div dir=\"auto\"><\/div>\n<div dir=\"auto\"><span style=\"font-size: 18pt; color: #000000;\">URGENCIAS:\u00a0 Llamar por tel\u00e9fono al\u00a0 062<\/span><\/div>\n<\/div>\n<\/div>\n<\/div>\n<\/div>\n<\/div>\n","protected":false},"excerpt":{"rendered":"<p>NOTA INFORMATIVA: HORARIO DE VERANO &#8211; ATENCI\u00d3N AL P\u00daBLICO (Julio-Agosto-Septiembre)\u00a0 CUARTEL\u00a0 DE LA GUARDIA CIVIL DE MURO: \u00a0ABIERTO: Lunes, Miercoles, Viernes i Domingo \u00a0\u00a0\u00a0\u00a0\u00a0\u00a0\u00a0\u00a0\u00a0\u00a0\u00a0\u00a0\u00a0\u00a0\u00a0\u00a0\u00a0 Horario: de 8.00h a 14.00h \u00a0 [&hellip;]<\/p>\n","protected":false},"author":4,"featured_media":37889,"comment_status":"closed","ping_status":"closed","sticky":false,"template":"","format":"standard","meta":{"_et_pb_use_builder":"","_et_pb_old_content":"","_et_gb_content_width":"","footnotes":""},"categories":[49],"tags":[],"class_list":["post-42474","post","type-post","status-publish","format-standard","has-post-thumbnail","hentry","category-noticias"],"yoast_head":"<!-- This site is optimized with the Yoast SEO plugin v27.1.1 - https:\/\/yoast.com\/product\/yoast-seo-wordpress\/ -->\n<title>Horario verano - Atenci\u00f3n al p\u00fablico - Cuartel G.C. | Ajuntament de Muro<\/title>\n<meta name=\"robots\" content=\"index, follow, max-snippet:-1, max-image-preview:large, max-video-preview:-1\" \/>\n<link rel=\"canonical\" href=\"https:\/\/www.vilademuro.net\/es\/horario-verano-atencion-al-publico-cuartel-g-c\/\" \/>\n<meta property=\"og:locale\" content=\"es_ES\" \/>\n<meta property=\"og:type\" content=\"article\" \/>\n<meta property=\"og:title\" content=\"Horario verano - Atenci\u00f3n al p\u00fablico - Cuartel G.C. | Ajuntament de Muro\" \/>\n<meta property=\"og:description\" content=\"NOTA INFORMATIVA: HORARIO DE VERANO &#8211; ATENCI\u00d3N AL P\u00daBLICO (Julio-Agosto-Septiembre)\u00a0 CUARTEL\u00a0 DE LA GUARDIA CIVIL DE MURO: \u00a0ABIERTO: Lunes, Miercoles, Viernes i Domingo \u00a0\u00a0\u00a0\u00a0\u00a0\u00a0\u00a0\u00a0\u00a0\u00a0\u00a0\u00a0\u00a0\u00a0\u00a0\u00a0\u00a0 Horario: de 8.00h a 14.00h \u00a0 [&hellip;]\" \/>\n<meta property=\"og:url\" content=\"https:\/\/www.vilademuro.net\/es\/horario-verano-atencion-al-publico-cuartel-g-c\/\" \/>\n<meta property=\"og:site_name\" content=\"Ajuntament de Muro\" \/>\n<meta property=\"article:publisher\" content=\"https:\/\/www.facebook.com\/murodealcoy\" \/>\n<meta property=\"article:published_time\" content=\"2021-07-02T09:11:41+00:00\" \/>\n<meta property=\"article:modified_time\" content=\"2021-07-02T09:17:59+00:00\" \/>\n<meta property=\"og:image\" content=\"https:\/\/www.vilademuro.net\/wp-content\/uploads\/2020\/04\/logo-entrades-nota-informativa-1.jpg\" \/>\n\t<meta property=\"og:image:width\" content=\"200\" \/>\n\t<meta property=\"og:image:height\" content=\"200\" \/>\n\t<meta property=\"og:image:type\" content=\"image\/jpeg\" \/>\n<meta name=\"author\" content=\"Erica Boronat\" \/>\n<meta name=\"twitter:card\" content=\"summary_large_image\" \/>\n<meta name=\"twitter:creator\" content=\"@AjuntamentMuro\" \/>\n<meta name=\"twitter:site\" content=\"@AjuntamentMuro\" \/>\n<meta name=\"twitter:label1\" content=\"Escrito por\" \/>\n\t<meta name=\"twitter:data1\" content=\"Erica Boronat\" \/>\n\t<meta name=\"twitter:label2\" content=\"Tiempo de lectura\" \/>\n\t<meta name=\"twitter:data2\" content=\"1 minuto\" \/>\n<script type=\"application\/ld+json\" class=\"yoast-schema-graph\">{\"@context\":\"https:\/\/schema.org\",\"@graph\":[{\"@type\":\"Article\",\"@id\":\"https:\/\/www.vilademuro.net\/es\/horario-verano-atencion-al-publico-cuartel-g-c\/#article\",\"isPartOf\":{\"@id\":\"https:\/\/www.vilademuro.net\/es\/horario-verano-atencion-al-publico-cuartel-g-c\/\"},\"author\":{\"name\":\"Erica Boronat\",\"@id\":\"https:\/\/www.vilademuro.net\/es\/#\/schema\/person\/490023e28474c85a348e12020e2d49e2\"},\"headline\":\"Horario verano &#8211; Atenci\u00f3n al p\u00fablico &#8211; Cuartel G.C.\",\"datePublished\":\"2021-07-02T09:11:41+00:00\",\"dateModified\":\"2021-07-02T09:17:59+00:00\",\"mainEntityOfPage\":{\"@id\":\"https:\/\/www.vilademuro.net\/es\/horario-verano-atencion-al-publico-cuartel-g-c\/\"},\"wordCount\":54,\"publisher\":{\"@id\":\"https:\/\/www.vilademuro.net\/es\/#organization\"},\"image\":{\"@id\":\"https:\/\/www.vilademuro.net\/es\/horario-verano-atencion-al-publico-cuartel-g-c\/#primaryimage\"},\"thumbnailUrl\":\"https:\/\/www.vilademuro.net\/wp-content\/uploads\/2020\/04\/logo-entrades-nota-informativa-1.jpg\",\"articleSection\":[\"Noticias\"],\"inLanguage\":\"es\"},{\"@type\":\"WebPage\",\"@id\":\"https:\/\/www.vilademuro.net\/es\/horario-verano-atencion-al-publico-cuartel-g-c\/\",\"url\":\"https:\/\/www.vilademuro.net\/es\/horario-verano-atencion-al-publico-cuartel-g-c\/\",\"name\":\"Horario verano - Atenci\u00f3n al p\u00fablico - Cuartel G.C. | Ajuntament de Muro\",\"isPartOf\":{\"@id\":\"https:\/\/www.vilademuro.net\/es\/#website\"},\"primaryImageOfPage\":{\"@id\":\"https:\/\/www.vilademuro.net\/es\/horario-verano-atencion-al-publico-cuartel-g-c\/#primaryimage\"},\"image\":{\"@id\":\"https:\/\/www.vilademuro.net\/es\/horario-verano-atencion-al-publico-cuartel-g-c\/#primaryimage\"},\"thumbnailUrl\":\"https:\/\/www.vilademuro.net\/wp-content\/uploads\/2020\/04\/logo-entrades-nota-informativa-1.jpg\",\"datePublished\":\"2021-07-02T09:11:41+00:00\",\"dateModified\":\"2021-07-02T09:17:59+00:00\",\"breadcrumb\":{\"@id\":\"https:\/\/www.vilademuro.net\/es\/horario-verano-atencion-al-publico-cuartel-g-c\/#breadcrumb\"},\"inLanguage\":\"es\",\"potentialAction\":[{\"@type\":\"ReadAction\",\"target\":[\"https:\/\/www.vilademuro.net\/es\/horario-verano-atencion-al-publico-cuartel-g-c\/\"]}]},{\"@type\":\"ImageObject\",\"inLanguage\":\"es\",\"@id\":\"https:\/\/www.vilademuro.net\/es\/horario-verano-atencion-al-publico-cuartel-g-c\/#primaryimage\",\"url\":\"https:\/\/www.vilademuro.net\/wp-content\/uploads\/2020\/04\/logo-entrades-nota-informativa-1.jpg\",\"contentUrl\":\"https:\/\/www.vilademuro.net\/wp-content\/uploads\/2020\/04\/logo-entrades-nota-informativa-1.jpg\",\"width\":200,\"height\":200},{\"@type\":\"BreadcrumbList\",\"@id\":\"https:\/\/www.vilademuro.net\/es\/horario-verano-atencion-al-publico-cuartel-g-c\/#breadcrumb\",\"itemListElement\":[{\"@type\":\"ListItem\",\"position\":1,\"name\":\"Inici\",\"item\":\"https:\/\/www.vilademuro.net\/es\/\"},{\"@type\":\"ListItem\",\"position\":2,\"name\":\"Horario verano &#8211; Atenci\u00f3n al p\u00fablico &#8211; Cuartel G.C.\"}]},{\"@type\":\"WebSite\",\"@id\":\"https:\/\/www.vilademuro.net\/es\/#website\",\"url\":\"https:\/\/www.vilademuro.net\/es\/\",\"name\":\"Ajuntament de Muro d'Alcoi\",\"description\":\"P\u00e1gina web oficial de l&#039;Ajuntament de Muro\",\"publisher\":{\"@id\":\"https:\/\/www.vilademuro.net\/es\/#organization\"},\"potentialAction\":[{\"@type\":\"SearchAction\",\"target\":{\"@type\":\"EntryPoint\",\"urlTemplate\":\"https:\/\/www.vilademuro.net\/es\/?s={search_term_string}\"},\"query-input\":{\"@type\":\"PropertyValueSpecification\",\"valueRequired\":true,\"valueName\":\"search_term_string\"}}],\"inLanguage\":\"es\"},{\"@type\":\"Organization\",\"@id\":\"https:\/\/www.vilademuro.net\/es\/#organization\",\"name\":\"Ajuntament de Muro\",\"url\":\"https:\/\/www.vilademuro.net\/es\/\",\"logo\":{\"@type\":\"ImageObject\",\"inLanguage\":\"es\",\"@id\":\"https:\/\/www.vilademuro.net\/es\/#\/schema\/logo\/image\/\",\"url\":\"https:\/\/www.vilademuro.net\/wp-content\/uploads\/2022\/10\/LOGO3-2.jpg\",\"contentUrl\":\"https:\/\/www.vilademuro.net\/wp-content\/uploads\/2022\/10\/LOGO3-2.jpg\",\"width\":756,\"height\":517,\"caption\":\"Ajuntament de Muro\"},\"image\":{\"@id\":\"https:\/\/www.vilademuro.net\/es\/#\/schema\/logo\/image\/\"},\"sameAs\":[\"https:\/\/www.facebook.com\/murodealcoy\",\"https:\/\/x.com\/AjuntamentMuro\",\"https:\/\/www.youtube.com\/channel\/UC2rwbKfRqsd1Ncwm6Y1prQw\"]},{\"@type\":\"Person\",\"@id\":\"https:\/\/www.vilademuro.net\/es\/#\/schema\/person\/490023e28474c85a348e12020e2d49e2\",\"name\":\"Erica Boronat\",\"image\":{\"@type\":\"ImageObject\",\"inLanguage\":\"es\",\"@id\":\"https:\/\/www.vilademuro.net\/es\/#\/schema\/person\/image\/\",\"url\":\"https:\/\/secure.gravatar.com\/avatar\/713e51feb29f46013b85e224b6afe7bc3dd92375ecce954eac6743fc1c5bc1b0?s=96&d=mm&r=g\",\"contentUrl\":\"https:\/\/secure.gravatar.com\/avatar\/713e51feb29f46013b85e224b6afe7bc3dd92375ecce954eac6743fc1c5bc1b0?s=96&d=mm&r=g\",\"caption\":\"Erica Boronat\"}}]}<\/script>\n<!-- \/ Yoast SEO plugin. -->","yoast_head_json":{"title":"Horario verano - Atenci\u00f3n al p\u00fablico - Cuartel G.C. | Ajuntament de Muro","robots":{"index":"index","follow":"follow","max-snippet":"max-snippet:-1","max-image-preview":"max-image-preview:large","max-video-preview":"max-video-preview:-1"},"canonical":"https:\/\/www.vilademuro.net\/es\/horario-verano-atencion-al-publico-cuartel-g-c\/","og_locale":"es_ES","og_type":"article","og_title":"Horario verano - Atenci\u00f3n al p\u00fablico - Cuartel G.C. | Ajuntament de Muro","og_description":"NOTA INFORMATIVA: HORARIO DE VERANO &#8211; ATENCI\u00d3N AL P\u00daBLICO (Julio-Agosto-Septiembre)\u00a0 CUARTEL\u00a0 DE LA GUARDIA CIVIL DE MURO: \u00a0ABIERTO: Lunes, Miercoles, Viernes i Domingo \u00a0\u00a0\u00a0\u00a0\u00a0\u00a0\u00a0\u00a0\u00a0\u00a0\u00a0\u00a0\u00a0\u00a0\u00a0\u00a0\u00a0 Horario: de 8.00h a 14.00h \u00a0 [&hellip;]","og_url":"https:\/\/www.vilademuro.net\/es\/horario-verano-atencion-al-publico-cuartel-g-c\/","og_site_name":"Ajuntament de Muro","article_publisher":"https:\/\/www.facebook.com\/murodealcoy","article_published_time":"2021-07-02T09:11:41+00:00","article_modified_time":"2021-07-02T09:17:59+00:00","og_image":[{"width":200,"height":200,"url":"https:\/\/www.vilademuro.net\/wp-content\/uploads\/2020\/04\/logo-entrades-nota-informativa-1.jpg","type":"image\/jpeg"}],"author":"Erica Boronat","twitter_card":"summary_large_image","twitter_creator":"@AjuntamentMuro","twitter_site":"@AjuntamentMuro","twitter_misc":{"Escrito por":"Erica Boronat","Tiempo de lectura":"1 minuto"},"schema":{"@context":"https:\/\/schema.org","@graph":[{"@type":"Article","@id":"https:\/\/www.vilademuro.net\/es\/horario-verano-atencion-al-publico-cuartel-g-c\/#article","isPartOf":{"@id":"https:\/\/www.vilademuro.net\/es\/horario-verano-atencion-al-publico-cuartel-g-c\/"},"author":{"name":"Erica Boronat","@id":"https:\/\/www.vilademuro.net\/es\/#\/schema\/person\/490023e28474c85a348e12020e2d49e2"},"headline":"Horario verano &#8211; Atenci\u00f3n al p\u00fablico &#8211; Cuartel G.C.","datePublished":"2021-07-02T09:11:41+00:00","dateModified":"2021-07-02T09:17:59+00:00","mainEntityOfPage":{"@id":"https:\/\/www.vilademuro.net\/es\/horario-verano-atencion-al-publico-cuartel-g-c\/"},"wordCount":54,"publisher":{"@id":"https:\/\/www.vilademuro.net\/es\/#organization"},"image":{"@id":"https:\/\/www.vilademuro.net\/es\/horario-verano-atencion-al-publico-cuartel-g-c\/#primaryimage"},"thumbnailUrl":"https:\/\/www.vilademuro.net\/wp-content\/uploads\/2020\/04\/logo-entrades-nota-informativa-1.jpg","articleSection":["Noticias"],"inLanguage":"es"},{"@type":"WebPage","@id":"https:\/\/www.vilademuro.net\/es\/horario-verano-atencion-al-publico-cuartel-g-c\/","url":"https:\/\/www.vilademuro.net\/es\/horario-verano-atencion-al-publico-cuartel-g-c\/","name":"Horario verano - Atenci\u00f3n al p\u00fablico - Cuartel G.C. | Ajuntament de Muro","isPartOf":{"@id":"https:\/\/www.vilademuro.net\/es\/#website"},"primaryImageOfPage":{"@id":"https:\/\/www.vilademuro.net\/es\/horario-verano-atencion-al-publico-cuartel-g-c\/#primaryimage"},"image":{"@id":"https:\/\/www.vilademuro.net\/es\/horario-verano-atencion-al-publico-cuartel-g-c\/#primaryimage"},"thumbnailUrl":"https:\/\/www.vilademuro.net\/wp-content\/uploads\/2020\/04\/logo-entrades-nota-informativa-1.jpg","datePublished":"2021-07-02T09:11:41+00:00","dateModified":"2021-07-02T09:17:59+00:00","breadcrumb":{"@id":"https:\/\/www.vilademuro.net\/es\/horario-verano-atencion-al-publico-cuartel-g-c\/#breadcrumb"},"inLanguage":"es","potentialAction":[{"@type":"ReadAction","target":["https:\/\/www.vilademuro.net\/es\/horario-verano-atencion-al-publico-cuartel-g-c\/"]}]},{"@type":"ImageObject","inLanguage":"es","@id":"https:\/\/www.vilademuro.net\/es\/horario-verano-atencion-al-publico-cuartel-g-c\/#primaryimage","url":"https:\/\/www.vilademuro.net\/wp-content\/uploads\/2020\/04\/logo-entrades-nota-informativa-1.jpg","contentUrl":"https:\/\/www.vilademuro.net\/wp-content\/uploads\/2020\/04\/logo-entrades-nota-informativa-1.jpg","width":200,"height":200},{"@type":"BreadcrumbList","@id":"https:\/\/www.vilademuro.net\/es\/horario-verano-atencion-al-publico-cuartel-g-c\/#breadcrumb","itemListElement":[{"@type":"ListItem","position":1,"name":"Inici","item":"https:\/\/www.vilademuro.net\/es\/"},{"@type":"ListItem","position":2,"name":"Horario verano &#8211; Atenci\u00f3n al p\u00fablico &#8211; Cuartel G.C."}]},{"@type":"WebSite","@id":"https:\/\/www.vilademuro.net\/es\/#website","url":"https:\/\/www.vilademuro.net\/es\/","name":"Ajuntament de Muro d'Alcoi","description":"P\u00e1gina web oficial de l&#039;Ajuntament de Muro","publisher":{"@id":"https:\/\/www.vilademuro.net\/es\/#organization"},"potentialAction":[{"@type":"SearchAction","target":{"@type":"EntryPoint","urlTemplate":"https:\/\/www.vilademuro.net\/es\/?s={search_term_string}"},"query-input":{"@type":"PropertyValueSpecification","valueRequired":true,"valueName":"search_term_string"}}],"inLanguage":"es"},{"@type":"Organization","@id":"https:\/\/www.vilademuro.net\/es\/#organization","name":"Ajuntament de Muro","url":"https:\/\/www.vilademuro.net\/es\/","logo":{"@type":"ImageObject","inLanguage":"es","@id":"https:\/\/www.vilademuro.net\/es\/#\/schema\/logo\/image\/","url":"https:\/\/www.vilademuro.net\/wp-content\/uploads\/2022\/10\/LOGO3-2.jpg","contentUrl":"https:\/\/www.vilademuro.net\/wp-content\/uploads\/2022\/10\/LOGO3-2.jpg","width":756,"height":517,"caption":"Ajuntament de Muro"},"image":{"@id":"https:\/\/www.vilademuro.net\/es\/#\/schema\/logo\/image\/"},"sameAs":["https:\/\/www.facebook.com\/murodealcoy","https:\/\/x.com\/AjuntamentMuro","https:\/\/www.youtube.com\/channel\/UC2rwbKfRqsd1Ncwm6Y1prQw"]},{"@type":"Person","@id":"https:\/\/www.vilademuro.net\/es\/#\/schema\/person\/490023e28474c85a348e12020e2d49e2","name":"Erica Boronat","image":{"@type":"ImageObject","inLanguage":"es","@id":"https:\/\/www.vilademuro.net\/es\/#\/schema\/person\/image\/","url":"https:\/\/secure.gravatar.com\/avatar\/713e51feb29f46013b85e224b6afe7bc3dd92375ecce954eac6743fc1c5bc1b0?s=96&d=mm&r=g","contentUrl":"https:\/\/secure.gravatar.com\/avatar\/713e51feb29f46013b85e224b6afe7bc3dd92375ecce954eac6743fc1c5bc1b0?s=96&d=mm&r=g","caption":"Erica Boronat"}}]}},"_links":{"self":[{"href":"https:\/\/www.vilademuro.net\/es\/wp-json\/wp\/v2\/posts\/42474","targetHints":{"allow":["GET"]}}],"collection":[{"href":"https:\/\/www.vilademuro.net\/es\/wp-json\/wp\/v2\/posts"}],"about":[{"href":"https:\/\/www.vilademuro.net\/es\/wp-json\/wp\/v2\/types\/post"}],"author":[{"embeddable":true,"href":"https:\/\/www.vilademuro.net\/es\/wp-json\/wp\/v2\/users\/4"}],"replies":[{"embeddable":true,"href":"https:\/\/www.vilademuro.net\/es\/wp-json\/wp\/v2\/comments?post=42474"}],"version-history":[{"count":0,"href":"https:\/\/www.vilademuro.net\/es\/wp-json\/wp\/v2\/posts\/42474\/revisions"}],"wp:featuredmedia":[{"embeddable":true,"href":"https:\/\/www.vilademuro.net\/es\/wp-json\/wp\/v2\/media\/37889"}],"wp:attachment":[{"href":"https:\/\/www.vilademuro.net\/es\/wp-json\/wp\/v2\/media?parent=42474"}],"wp:term":[{"taxonomy":"category","embeddable":true,"href":"https:\/\/www.vilademuro.net\/es\/wp-json\/wp\/v2\/categories?post=42474"},{"taxonomy":"post_tag","embeddable":true,"href":"https:\/\/www.vilademuro.net\/es\/wp-json\/wp\/v2\/tags?post=42474"}],"curies":[{"name":"wp","href":"https:\/\/api.w.org\/{rel}","templated":true}]}}