{"id":42208,"date":"2021-06-09T08:34:53","date_gmt":"2021-06-09T06:34:53","guid":{"rendered":"https:\/\/www.vilademuro.net\/concurso-ordinario-de-2021-para-la-provision-de-puesto-de-trabajo-de-personal-funcionario-de-administracion-local-con-habilitacion-de-caracter-nacional-tesorero\/"},"modified":"2021-10-07T09:00:45","modified_gmt":"2021-10-07T07:00:45","slug":"concurso-ordinario-de-2021-para-la-provision-de-puesto-de-trabajo-de-personal-funcionario-de-administracion-local-con-habilitacion-de-caracter-nacional-tesorero","status":"publish","type":"post","link":"https:\/\/www.vilademuro.net\/es\/concurso-ordinario-de-2021-para-la-provision-de-puesto-de-trabajo-de-personal-funcionario-de-administracion-local-con-habilitacion-de-caracter-nacional-tesorero\/","title":{"rendered":"Concurso ordinario de 2021 para la provisi\u00f3n de puesto de trabajo de personal funcionario de Administraci\u00f3n Local con habilitaci\u00f3n de car\u00e1cter nacional &#8211; TESORERO-A (DESIERTO)"},"content":{"rendered":"<p><a href=\"https:\/\/www.vilademuro.net\/wp-content\/uploads\/2021\/06\/BOE-no-134-de-5-6-2021-Concurso-ordinario-Funcionarios-de-Administracion-Local-con-habilitacion-de-caracter-nacional.pdf\">BOE n\u00ba 134 de 5-6-2021 Concurso ordinario Funcionarios de Administraci\u00f3n Local con habilitaci\u00f3n de car\u00e1cter nacional<\/a><\/p>\n<p><a href=\"https:\/\/www.vilademuro.net\/wp-content\/uploads\/2021\/06\/INSTANCIA-HABILITADOS.doc\">INSTANCIA HABILITADOS &#8211; <span style=\"color: #808080\">Plazo de presentaci\u00f3n hasta el 28 de junio (inclu\u00eddo)<\/span><\/a><\/p>\n","protected":false},"excerpt":{"rendered":"<p>BOE n\u00ba 134 de 5-6-2021 Concurso ordinario Funcionarios de Administraci\u00f3n Local con habilitaci\u00f3n de car\u00e1cter nacional INSTANCIA HABILITADOS &#8211; Plazo de presentaci\u00f3n hasta el 28 de junio (inclu\u00eddo)<\/p>\n","protected":false},"author":13,"featured_media":37891,"comment_status":"closed","ping_status":"closed","sticky":false,"template":"","format":"standard","meta":{"_et_pb_use_builder":"","_et_pb_old_content":"","_et_gb_content_width":"","footnotes":""},"categories":[49,108],"tags":[],"class_list":["post-42208","post","type-post","status-publish","format-standard","has-post-thumbnail","hentry","category-noticias","category-ocupacio-publica-es"],"yoast_head":"<!-- This site is optimized with the Yoast SEO plugin v27.1.1 - https:\/\/yoast.com\/product\/yoast-seo-wordpress\/ -->\n<title>Concurso ordinario de 2021 para la provisi\u00f3n de puesto de trabajo de personal funcionario de Administraci\u00f3n Local con habilitaci\u00f3n de car\u00e1cter nacional - TESORERO-A (DESIERTO) | Ajuntament de Muro<\/title>\n<meta name=\"robots\" content=\"index, follow, max-snippet:-1, max-image-preview:large, max-video-preview:-1\" \/>\n<link rel=\"canonical\" href=\"https:\/\/www.vilademuro.net\/es\/concurso-ordinario-de-2021-para-la-provision-de-puesto-de-trabajo-de-personal-funcionario-de-administracion-local-con-habilitacion-de-caracter-nacional-tesorero\/\" \/>\n<meta property=\"og:locale\" content=\"es_ES\" \/>\n<meta property=\"og:type\" content=\"article\" \/>\n<meta property=\"og:title\" content=\"Concurso ordinario de 2021 para la provisi\u00f3n de puesto de trabajo de personal funcionario de Administraci\u00f3n Local con habilitaci\u00f3n de car\u00e1cter nacional - TESORERO-A (DESIERTO) | Ajuntament de Muro\" \/>\n<meta property=\"og:description\" content=\"BOE n\u00ba 134 de 5-6-2021 Concurso ordinario Funcionarios de Administraci\u00f3n Local con habilitaci\u00f3n de car\u00e1cter nacional INSTANCIA HABILITADOS &#8211; Plazo de presentaci\u00f3n hasta el 28 de junio (inclu\u00eddo)\" \/>\n<meta property=\"og:url\" content=\"https:\/\/www.vilademuro.net\/es\/concurso-ordinario-de-2021-para-la-provision-de-puesto-de-trabajo-de-personal-funcionario-de-administracion-local-con-habilitacion-de-caracter-nacional-tesorero\/\" \/>\n<meta property=\"og:site_name\" content=\"Ajuntament de Muro\" \/>\n<meta property=\"article:publisher\" content=\"https:\/\/www.facebook.com\/murodealcoy\" \/>\n<meta property=\"article:published_time\" content=\"2021-06-09T06:34:53+00:00\" \/>\n<meta property=\"article:modified_time\" content=\"2021-10-07T07:00:45+00:00\" \/>\n<meta property=\"og:image\" content=\"https:\/\/www.vilademuro.net\/wp-content\/uploads\/2020\/04\/logo-entrades-ocupacio-publica-1.jpg\" \/>\n\t<meta property=\"og:image:width\" content=\"200\" \/>\n\t<meta property=\"og:image:height\" content=\"200\" \/>\n\t<meta property=\"og:image:type\" content=\"image\/jpeg\" \/>\n<meta name=\"author\" content=\"Mariluz Pastor\" \/>\n<meta name=\"twitter:card\" content=\"summary_large_image\" \/>\n<meta name=\"twitter:creator\" content=\"@AjuntamentMuro\" \/>\n<meta name=\"twitter:site\" content=\"@AjuntamentMuro\" \/>\n<meta name=\"twitter:label1\" content=\"Escrito por\" \/>\n\t<meta name=\"twitter:data1\" content=\"Mariluz Pastor\" \/>\n\t<meta name=\"twitter:label2\" content=\"Tiempo de lectura\" \/>\n\t<meta name=\"twitter:data2\" content=\"1 minuto\" \/>\n<script type=\"application\/ld+json\" class=\"yoast-schema-graph\">{\"@context\":\"https:\/\/schema.org\",\"@graph\":[{\"@type\":\"Article\",\"@id\":\"https:\/\/www.vilademuro.net\/es\/concurso-ordinario-de-2021-para-la-provision-de-puesto-de-trabajo-de-personal-funcionario-de-administracion-local-con-habilitacion-de-caracter-nacional-tesorero\/#article\",\"isPartOf\":{\"@id\":\"https:\/\/www.vilademuro.net\/es\/concurso-ordinario-de-2021-para-la-provision-de-puesto-de-trabajo-de-personal-funcionario-de-administracion-local-con-habilitacion-de-caracter-nacional-tesorero\/\"},\"author\":{\"name\":\"Mariluz Pastor\",\"@id\":\"https:\/\/www.vilademuro.net\/es\/#\/schema\/person\/dabcb2df6313cb6af73aee8eaa69dccb\"},\"headline\":\"Concurso ordinario de 2021 para la provisi\u00f3n de puesto de trabajo de personal funcionario de Administraci\u00f3n Local con habilitaci\u00f3n de car\u00e1cter nacional &#8211; TESORERO-A (DESIERTO)\",\"datePublished\":\"2021-06-09T06:34:53+00:00\",\"dateModified\":\"2021-10-07T07:00:45+00:00\",\"mainEntityOfPage\":{\"@id\":\"https:\/\/www.vilademuro.net\/es\/concurso-ordinario-de-2021-para-la-provision-de-puesto-de-trabajo-de-personal-funcionario-de-administracion-local-con-habilitacion-de-caracter-nacional-tesorero\/\"},\"wordCount\":60,\"publisher\":{\"@id\":\"https:\/\/www.vilademuro.net\/es\/#organization\"},\"image\":{\"@id\":\"https:\/\/www.vilademuro.net\/es\/concurso-ordinario-de-2021-para-la-provision-de-puesto-de-trabajo-de-personal-funcionario-de-administracion-local-con-habilitacion-de-caracter-nacional-tesorero\/#primaryimage\"},\"thumbnailUrl\":\"https:\/\/www.vilademuro.net\/wp-content\/uploads\/2020\/04\/logo-entrades-ocupacio-publica-1.jpg\",\"articleSection\":[\"Noticias\",\"Ocupaci\u00f3 p\u00fablica\"],\"inLanguage\":\"es\"},{\"@type\":\"WebPage\",\"@id\":\"https:\/\/www.vilademuro.net\/es\/concurso-ordinario-de-2021-para-la-provision-de-puesto-de-trabajo-de-personal-funcionario-de-administracion-local-con-habilitacion-de-caracter-nacional-tesorero\/\",\"url\":\"https:\/\/www.vilademuro.net\/es\/concurso-ordinario-de-2021-para-la-provision-de-puesto-de-trabajo-de-personal-funcionario-de-administracion-local-con-habilitacion-de-caracter-nacional-tesorero\/\",\"name\":\"Concurso ordinario de 2021 para la provisi\u00f3n de puesto de trabajo de personal funcionario de Administraci\u00f3n Local con habilitaci\u00f3n de car\u00e1cter nacional - TESORERO-A (DESIERTO) | Ajuntament de Muro\",\"isPartOf\":{\"@id\":\"https:\/\/www.vilademuro.net\/es\/#website\"},\"primaryImageOfPage\":{\"@id\":\"https:\/\/www.vilademuro.net\/es\/concurso-ordinario-de-2021-para-la-provision-de-puesto-de-trabajo-de-personal-funcionario-de-administracion-local-con-habilitacion-de-caracter-nacional-tesorero\/#primaryimage\"},\"image\":{\"@id\":\"https:\/\/www.vilademuro.net\/es\/concurso-ordinario-de-2021-para-la-provision-de-puesto-de-trabajo-de-personal-funcionario-de-administracion-local-con-habilitacion-de-caracter-nacional-tesorero\/#primaryimage\"},\"thumbnailUrl\":\"https:\/\/www.vilademuro.net\/wp-content\/uploads\/2020\/04\/logo-entrades-ocupacio-publica-1.jpg\",\"datePublished\":\"2021-06-09T06:34:53+00:00\",\"dateModified\":\"2021-10-07T07:00:45+00:00\",\"breadcrumb\":{\"@id\":\"https:\/\/www.vilademuro.net\/es\/concurso-ordinario-de-2021-para-la-provision-de-puesto-de-trabajo-de-personal-funcionario-de-administracion-local-con-habilitacion-de-caracter-nacional-tesorero\/#breadcrumb\"},\"inLanguage\":\"es\",\"potentialAction\":[{\"@type\":\"ReadAction\",\"target\":[\"https:\/\/www.vilademuro.net\/es\/concurso-ordinario-de-2021-para-la-provision-de-puesto-de-trabajo-de-personal-funcionario-de-administracion-local-con-habilitacion-de-caracter-nacional-tesorero\/\"]}]},{\"@type\":\"ImageObject\",\"inLanguage\":\"es\",\"@id\":\"https:\/\/www.vilademuro.net\/es\/concurso-ordinario-de-2021-para-la-provision-de-puesto-de-trabajo-de-personal-funcionario-de-administracion-local-con-habilitacion-de-caracter-nacional-tesorero\/#primaryimage\",\"url\":\"https:\/\/www.vilademuro.net\/wp-content\/uploads\/2020\/04\/logo-entrades-ocupacio-publica-1.jpg\",\"contentUrl\":\"https:\/\/www.vilademuro.net\/wp-content\/uploads\/2020\/04\/logo-entrades-ocupacio-publica-1.jpg\",\"width\":200,\"height\":200},{\"@type\":\"BreadcrumbList\",\"@id\":\"https:\/\/www.vilademuro.net\/es\/concurso-ordinario-de-2021-para-la-provision-de-puesto-de-trabajo-de-personal-funcionario-de-administracion-local-con-habilitacion-de-caracter-nacional-tesorero\/#breadcrumb\",\"itemListElement\":[{\"@type\":\"ListItem\",\"position\":1,\"name\":\"Inici\",\"item\":\"https:\/\/www.vilademuro.net\/es\/\"},{\"@type\":\"ListItem\",\"position\":2,\"name\":\"Concurso ordinario de 2021 para la provisi\u00f3n de puesto de trabajo de personal funcionario de Administraci\u00f3n Local con habilitaci\u00f3n de car\u00e1cter nacional &#8211; TESORERO-A (DESIERTO)\"}]},{\"@type\":\"WebSite\",\"@id\":\"https:\/\/www.vilademuro.net\/es\/#website\",\"url\":\"https:\/\/www.vilademuro.net\/es\/\",\"name\":\"Ajuntament de Muro d'Alcoi\",\"description\":\"P\u00e1gina web oficial de l&#039;Ajuntament de Muro\",\"publisher\":{\"@id\":\"https:\/\/www.vilademuro.net\/es\/#organization\"},\"potentialAction\":[{\"@type\":\"SearchAction\",\"target\":{\"@type\":\"EntryPoint\",\"urlTemplate\":\"https:\/\/www.vilademuro.net\/es\/?s={search_term_string}\"},\"query-input\":{\"@type\":\"PropertyValueSpecification\",\"valueRequired\":true,\"valueName\":\"search_term_string\"}}],\"inLanguage\":\"es\"},{\"@type\":\"Organization\",\"@id\":\"https:\/\/www.vilademuro.net\/es\/#organization\",\"name\":\"Ajuntament de Muro\",\"url\":\"https:\/\/www.vilademuro.net\/es\/\",\"logo\":{\"@type\":\"ImageObject\",\"inLanguage\":\"es\",\"@id\":\"https:\/\/www.vilademuro.net\/es\/#\/schema\/logo\/image\/\",\"url\":\"https:\/\/www.vilademuro.net\/wp-content\/uploads\/2022\/10\/LOGO3-2.jpg\",\"contentUrl\":\"https:\/\/www.vilademuro.net\/wp-content\/uploads\/2022\/10\/LOGO3-2.jpg\",\"width\":756,\"height\":517,\"caption\":\"Ajuntament de Muro\"},\"image\":{\"@id\":\"https:\/\/www.vilademuro.net\/es\/#\/schema\/logo\/image\/\"},\"sameAs\":[\"https:\/\/www.facebook.com\/murodealcoy\",\"https:\/\/x.com\/AjuntamentMuro\",\"https:\/\/www.youtube.com\/channel\/UC2rwbKfRqsd1Ncwm6Y1prQw\"]},{\"@type\":\"Person\",\"@id\":\"https:\/\/www.vilademuro.net\/es\/#\/schema\/person\/dabcb2df6313cb6af73aee8eaa69dccb\",\"name\":\"Mariluz Pastor\",\"image\":{\"@type\":\"ImageObject\",\"inLanguage\":\"es\",\"@id\":\"https:\/\/www.vilademuro.net\/es\/#\/schema\/person\/image\/\",\"url\":\"https:\/\/secure.gravatar.com\/avatar\/424aeab4f0278a8f8aa3e9c2e4cf16d845b14d9b40095343a3ec79d32f2bcb8d?s=96&d=mm&r=g\",\"contentUrl\":\"https:\/\/secure.gravatar.com\/avatar\/424aeab4f0278a8f8aa3e9c2e4cf16d845b14d9b40095343a3ec79d32f2bcb8d?s=96&d=mm&r=g\",\"caption\":\"Mariluz Pastor\"}}]}<\/script>\n<!-- \/ Yoast SEO plugin. -->","yoast_head_json":{"title":"Concurso ordinario de 2021 para la provisi\u00f3n de puesto de trabajo de personal funcionario de Administraci\u00f3n Local con habilitaci\u00f3n de car\u00e1cter nacional - TESORERO-A (DESIERTO) | Ajuntament de Muro","robots":{"index":"index","follow":"follow","max-snippet":"max-snippet:-1","max-image-preview":"max-image-preview:large","max-video-preview":"max-video-preview:-1"},"canonical":"https:\/\/www.vilademuro.net\/es\/concurso-ordinario-de-2021-para-la-provision-de-puesto-de-trabajo-de-personal-funcionario-de-administracion-local-con-habilitacion-de-caracter-nacional-tesorero\/","og_locale":"es_ES","og_type":"article","og_title":"Concurso ordinario de 2021 para la provisi\u00f3n de puesto de trabajo de personal funcionario de Administraci\u00f3n Local con habilitaci\u00f3n de car\u00e1cter nacional - TESORERO-A (DESIERTO) | Ajuntament de Muro","og_description":"BOE n\u00ba 134 de 5-6-2021 Concurso ordinario Funcionarios de Administraci\u00f3n Local con habilitaci\u00f3n de car\u00e1cter nacional INSTANCIA HABILITADOS &#8211; Plazo de presentaci\u00f3n hasta el 28 de junio (inclu\u00eddo)","og_url":"https:\/\/www.vilademuro.net\/es\/concurso-ordinario-de-2021-para-la-provision-de-puesto-de-trabajo-de-personal-funcionario-de-administracion-local-con-habilitacion-de-caracter-nacional-tesorero\/","og_site_name":"Ajuntament de Muro","article_publisher":"https:\/\/www.facebook.com\/murodealcoy","article_published_time":"2021-06-09T06:34:53+00:00","article_modified_time":"2021-10-07T07:00:45+00:00","og_image":[{"width":200,"height":200,"url":"https:\/\/www.vilademuro.net\/wp-content\/uploads\/2020\/04\/logo-entrades-ocupacio-publica-1.jpg","type":"image\/jpeg"}],"author":"Mariluz Pastor","twitter_card":"summary_large_image","twitter_creator":"@AjuntamentMuro","twitter_site":"@AjuntamentMuro","twitter_misc":{"Escrito por":"Mariluz Pastor","Tiempo de lectura":"1 minuto"},"schema":{"@context":"https:\/\/schema.org","@graph":[{"@type":"Article","@id":"https:\/\/www.vilademuro.net\/es\/concurso-ordinario-de-2021-para-la-provision-de-puesto-de-trabajo-de-personal-funcionario-de-administracion-local-con-habilitacion-de-caracter-nacional-tesorero\/#article","isPartOf":{"@id":"https:\/\/www.vilademuro.net\/es\/concurso-ordinario-de-2021-para-la-provision-de-puesto-de-trabajo-de-personal-funcionario-de-administracion-local-con-habilitacion-de-caracter-nacional-tesorero\/"},"author":{"name":"Mariluz Pastor","@id":"https:\/\/www.vilademuro.net\/es\/#\/schema\/person\/dabcb2df6313cb6af73aee8eaa69dccb"},"headline":"Concurso ordinario de 2021 para la provisi\u00f3n de puesto de trabajo de personal funcionario de Administraci\u00f3n Local con habilitaci\u00f3n de car\u00e1cter nacional &#8211; TESORERO-A (DESIERTO)","datePublished":"2021-06-09T06:34:53+00:00","dateModified":"2021-10-07T07:00:45+00:00","mainEntityOfPage":{"@id":"https:\/\/www.vilademuro.net\/es\/concurso-ordinario-de-2021-para-la-provision-de-puesto-de-trabajo-de-personal-funcionario-de-administracion-local-con-habilitacion-de-caracter-nacional-tesorero\/"},"wordCount":60,"publisher":{"@id":"https:\/\/www.vilademuro.net\/es\/#organization"},"image":{"@id":"https:\/\/www.vilademuro.net\/es\/concurso-ordinario-de-2021-para-la-provision-de-puesto-de-trabajo-de-personal-funcionario-de-administracion-local-con-habilitacion-de-caracter-nacional-tesorero\/#primaryimage"},"thumbnailUrl":"https:\/\/www.vilademuro.net\/wp-content\/uploads\/2020\/04\/logo-entrades-ocupacio-publica-1.jpg","articleSection":["Noticias","Ocupaci\u00f3 p\u00fablica"],"inLanguage":"es"},{"@type":"WebPage","@id":"https:\/\/www.vilademuro.net\/es\/concurso-ordinario-de-2021-para-la-provision-de-puesto-de-trabajo-de-personal-funcionario-de-administracion-local-con-habilitacion-de-caracter-nacional-tesorero\/","url":"https:\/\/www.vilademuro.net\/es\/concurso-ordinario-de-2021-para-la-provision-de-puesto-de-trabajo-de-personal-funcionario-de-administracion-local-con-habilitacion-de-caracter-nacional-tesorero\/","name":"Concurso ordinario de 2021 para la provisi\u00f3n de puesto de trabajo de personal funcionario de Administraci\u00f3n Local con habilitaci\u00f3n de car\u00e1cter nacional - TESORERO-A (DESIERTO) | Ajuntament de Muro","isPartOf":{"@id":"https:\/\/www.vilademuro.net\/es\/#website"},"primaryImageOfPage":{"@id":"https:\/\/www.vilademuro.net\/es\/concurso-ordinario-de-2021-para-la-provision-de-puesto-de-trabajo-de-personal-funcionario-de-administracion-local-con-habilitacion-de-caracter-nacional-tesorero\/#primaryimage"},"image":{"@id":"https:\/\/www.vilademuro.net\/es\/concurso-ordinario-de-2021-para-la-provision-de-puesto-de-trabajo-de-personal-funcionario-de-administracion-local-con-habilitacion-de-caracter-nacional-tesorero\/#primaryimage"},"thumbnailUrl":"https:\/\/www.vilademuro.net\/wp-content\/uploads\/2020\/04\/logo-entrades-ocupacio-publica-1.jpg","datePublished":"2021-06-09T06:34:53+00:00","dateModified":"2021-10-07T07:00:45+00:00","breadcrumb":{"@id":"https:\/\/www.vilademuro.net\/es\/concurso-ordinario-de-2021-para-la-provision-de-puesto-de-trabajo-de-personal-funcionario-de-administracion-local-con-habilitacion-de-caracter-nacional-tesorero\/#breadcrumb"},"inLanguage":"es","potentialAction":[{"@type":"ReadAction","target":["https:\/\/www.vilademuro.net\/es\/concurso-ordinario-de-2021-para-la-provision-de-puesto-de-trabajo-de-personal-funcionario-de-administracion-local-con-habilitacion-de-caracter-nacional-tesorero\/"]}]},{"@type":"ImageObject","inLanguage":"es","@id":"https:\/\/www.vilademuro.net\/es\/concurso-ordinario-de-2021-para-la-provision-de-puesto-de-trabajo-de-personal-funcionario-de-administracion-local-con-habilitacion-de-caracter-nacional-tesorero\/#primaryimage","url":"https:\/\/www.vilademuro.net\/wp-content\/uploads\/2020\/04\/logo-entrades-ocupacio-publica-1.jpg","contentUrl":"https:\/\/www.vilademuro.net\/wp-content\/uploads\/2020\/04\/logo-entrades-ocupacio-publica-1.jpg","width":200,"height":200},{"@type":"BreadcrumbList","@id":"https:\/\/www.vilademuro.net\/es\/concurso-ordinario-de-2021-para-la-provision-de-puesto-de-trabajo-de-personal-funcionario-de-administracion-local-con-habilitacion-de-caracter-nacional-tesorero\/#breadcrumb","itemListElement":[{"@type":"ListItem","position":1,"name":"Inici","item":"https:\/\/www.vilademuro.net\/es\/"},{"@type":"ListItem","position":2,"name":"Concurso ordinario de 2021 para la provisi\u00f3n de puesto de trabajo de personal funcionario de Administraci\u00f3n Local con habilitaci\u00f3n de car\u00e1cter nacional &#8211; TESORERO-A (DESIERTO)"}]},{"@type":"WebSite","@id":"https:\/\/www.vilademuro.net\/es\/#website","url":"https:\/\/www.vilademuro.net\/es\/","name":"Ajuntament de Muro d'Alcoi","description":"P\u00e1gina web oficial de l&#039;Ajuntament de Muro","publisher":{"@id":"https:\/\/www.vilademuro.net\/es\/#organization"},"potentialAction":[{"@type":"SearchAction","target":{"@type":"EntryPoint","urlTemplate":"https:\/\/www.vilademuro.net\/es\/?s={search_term_string}"},"query-input":{"@type":"PropertyValueSpecification","valueRequired":true,"valueName":"search_term_string"}}],"inLanguage":"es"},{"@type":"Organization","@id":"https:\/\/www.vilademuro.net\/es\/#organization","name":"Ajuntament de Muro","url":"https:\/\/www.vilademuro.net\/es\/","logo":{"@type":"ImageObject","inLanguage":"es","@id":"https:\/\/www.vilademuro.net\/es\/#\/schema\/logo\/image\/","url":"https:\/\/www.vilademuro.net\/wp-content\/uploads\/2022\/10\/LOGO3-2.jpg","contentUrl":"https:\/\/www.vilademuro.net\/wp-content\/uploads\/2022\/10\/LOGO3-2.jpg","width":756,"height":517,"caption":"Ajuntament de Muro"},"image":{"@id":"https:\/\/www.vilademuro.net\/es\/#\/schema\/logo\/image\/"},"sameAs":["https:\/\/www.facebook.com\/murodealcoy","https:\/\/x.com\/AjuntamentMuro","https:\/\/www.youtube.com\/channel\/UC2rwbKfRqsd1Ncwm6Y1prQw"]},{"@type":"Person","@id":"https:\/\/www.vilademuro.net\/es\/#\/schema\/person\/dabcb2df6313cb6af73aee8eaa69dccb","name":"Mariluz Pastor","image":{"@type":"ImageObject","inLanguage":"es","@id":"https:\/\/www.vilademuro.net\/es\/#\/schema\/person\/image\/","url":"https:\/\/secure.gravatar.com\/avatar\/424aeab4f0278a8f8aa3e9c2e4cf16d845b14d9b40095343a3ec79d32f2bcb8d?s=96&d=mm&r=g","contentUrl":"https:\/\/secure.gravatar.com\/avatar\/424aeab4f0278a8f8aa3e9c2e4cf16d845b14d9b40095343a3ec79d32f2bcb8d?s=96&d=mm&r=g","caption":"Mariluz Pastor"}}]}},"_links":{"self":[{"href":"https:\/\/www.vilademuro.net\/es\/wp-json\/wp\/v2\/posts\/42208","targetHints":{"allow":["GET"]}}],"collection":[{"href":"https:\/\/www.vilademuro.net\/es\/wp-json\/wp\/v2\/posts"}],"about":[{"href":"https:\/\/www.vilademuro.net\/es\/wp-json\/wp\/v2\/types\/post"}],"author":[{"embeddable":true,"href":"https:\/\/www.vilademuro.net\/es\/wp-json\/wp\/v2\/users\/13"}],"replies":[{"embeddable":true,"href":"https:\/\/www.vilademuro.net\/es\/wp-json\/wp\/v2\/comments?post=42208"}],"version-history":[{"count":0,"href":"https:\/\/www.vilademuro.net\/es\/wp-json\/wp\/v2\/posts\/42208\/revisions"}],"wp:featuredmedia":[{"embeddable":true,"href":"https:\/\/www.vilademuro.net\/es\/wp-json\/wp\/v2\/media\/37891"}],"wp:attachment":[{"href":"https:\/\/www.vilademuro.net\/es\/wp-json\/wp\/v2\/media?parent=42208"}],"wp:term":[{"taxonomy":"category","embeddable":true,"href":"https:\/\/www.vilademuro.net\/es\/wp-json\/wp\/v2\/categories?post=42208"},{"taxonomy":"post_tag","embeddable":true,"href":"https:\/\/www.vilademuro.net\/es\/wp-json\/wp\/v2\/tags?post=42208"}],"curies":[{"name":"wp","href":"https:\/\/api.w.org\/{rel}","templated":true}]}}