{"id":41592,"date":"2021-05-03T15:12:59","date_gmt":"2021-05-03T13:12:59","guid":{"rendered":"https:\/\/www.vilademuro.net\/el-consorcio-terra-recibe-la-cesion-del-ecoparque-de-muro-para-poner-en-marcha-la-red-de-ecoparques\/"},"modified":"2021-05-04T08:12:19","modified_gmt":"2021-05-04T06:12:19","slug":"el-consorcio-terra-recibe-la-cesion-del-ecoparque-de-muro-para-poner-en-marcha-la-red-de-ecoparques","status":"publish","type":"post","link":"https:\/\/www.vilademuro.net\/es\/el-consorcio-terra-recibe-la-cesion-del-ecoparque-de-muro-para-poner-en-marcha-la-red-de-ecoparques\/","title":{"rendered":"El Consorcio Terra recibe la cesi\u00f3n del ecoparque de Muro para poner en marcha la red de ecoparques"},"content":{"rendered":"<div class=\"et_pb_slider et_pb_slider_fullwidth_off et_pb_gallery_post_type\">\n\t\t\t\t<div class=\"et_pb_slides\">\n\t\t\t\t\t<div class=\"et_pb_slide\" style=\"background: url(https:\/\/www.vilademuro.net\/wp-content\/uploads\/2021\/05\/IMG_3171.jpg);\"><\/div><div class=\"et_pb_slide\" style=\"background: url(https:\/\/www.vilademuro.net\/wp-content\/uploads\/2021\/05\/IMG_3141.jpg);\"><\/div><div class=\"et_pb_slide\" style=\"background: url(https:\/\/www.vilademuro.net\/wp-content\/uploads\/2021\/05\/IMG_3153.jpg);\"><\/div>\n\t\t\t\t<\/div>\n\t\t\t<\/div>\n<p>El ecoparque cuenta con 1.500 m\u00b2 de instalaciones y, una vez adjudicado el proyecto de gesti\u00f3n del Consorcio, comenzar\u00e1 un proceso de readaptaci\u00f3n, autorizaci\u00f3n e informatizaci\u00f3n para mejorar el servicio.<br \/>\nEl acto ha tenido lugar esta ma\u00f1ana con la presencia de la presidenta de la entidad, Isabel L\u00f3pez, y del alcalde de la localidad, Gabriel Tom\u00e1s<br \/>\nMuro, 3 de mayo de 2021. El Ayuntamiento de Muro ha procedido ya a la cesi\u00f3n de su ecoparque fijo al Consorcio de Residuos Terra, que una vez se adjudique el Proyecto de Gesti\u00f3n, asumir\u00e1 su supervisi\u00f3n y pondr\u00e1 en marcha la red consorciada de ecoparques. El acto ha tenido lugar esta ma\u00f1ana en las propias instalaciones del ecoparque, y ha contado con la asistencia de la presidenta de Terra, Isabel L\u00f3pez, el alcalde de la localidad, Gabriel Tom\u00e1s, del concejal de Servicios Municipales, Enrique Pascual, del edil de Medio Ambiente, Juan Manuel Sanchis, y del primer teniente de alcalde de Beniarr\u00e9s, Juan Jos\u00e9 Tom\u00e0s.<br \/>\nEl Plan Integral de Residuos de la Comunidad Valenciana (PIRCV) recoge las diferentes tipolog\u00edas de ecoparques y el de Muro est\u00e1 catalogado como tipo B, aunque con una reorganizaci\u00f3n de la parcela, que tiene 1.500 m\u00b2, se puede aumentar el n\u00famero de contenedores para que la instalaci\u00f3n se considerara de tipo D, que es la m\u00e1s completa.<br \/>\nLa configuraci\u00f3n del ecoparque adaptado contar\u00eda con un recorrido exclusivo para los usuarios, accediendo y saliendo por accesos a ambos extremos del lindero frontal de la parcela, mientras que los camiones acceder\u00edan por un acceso frontal. Tambi\u00e9n se trasladar\u00eda la zona cubierta de recogida de residuos peligrosos y RAEEs a la zona de recorrido superior, se construir\u00eda una nueva caseta de control y se implementar\u00eda la instalaci\u00f3n del sistema integrado de gesti\u00f3n.<br \/>\nAsimismo, est\u00e1 previsto que se renueven contenedores y equipos, la instalaci\u00f3n del sistema integrado de gesti\u00f3n y una nueva se\u00f1alizaci\u00f3n, por lo que a partir de ahora comenzar\u00e1 un proceso de readaptaci\u00f3n, autorizaci\u00f3n e informatizaci\u00f3n para ofrecer un servicio consorciado.<br \/>\nOtro aspecto destacado es que duplicar\u00e1 su horario de apertura, pasando de 30 horas semanales a 60. Adem\u00e1s, esta nueva instalaci\u00f3n servir\u00e1 como base log\u00edstica de los ecoparques m\u00f3viles.<br \/>\nEl ecoparque de Muro dar\u00e1 tambi\u00e9n servicio a los municipios de Alqueria d\u2019Asnar, Gaianes, Benimarfull, Agres, Alcosser de Planes y Alfafara, aunque en el caso de estos dos \u00faltimos contar\u00e1n tambi\u00e9n con la implantaci\u00f3n de sendas \u00e1reas de aportaci\u00f3n.<br \/>\nLa alcaldesa de Xixona y presidenta del Consorcio Terra ha destacado que \u201cel objetivo con todas estas mejoras que se van a implementar en el ecoparque de Muro es acercar el servicio a los ciudadanos y ciudadanas, para mejorar, para ser m\u00e1s eficientes y cumplir los retos que nos plantea la agenda 2030. Permite reciclar m\u00e1s, hacer realidad la econom\u00eda circular, dejando atr\u00e1s \u00e9pocas pasadas en las que los residuos se amontanaban y poco m\u00e1s. Ahora hemos de gestionar y ser ejemplares, y todas estas mejoras van en este sentido\u201d. Asimismo, ha destacado que se pase de la tipolog\u00eda B a la D, \u201cque es la m\u00e1s alta dentro de la categorizaci\u00f3n de los ecoparques fijos que marca la normativa. Vamos hacia delante y de la mano de los 37 municipios del Consorcio Terra\u201d.<br \/>\nPor su parte, el alcalde de Muro, Gabriel Tom\u00e1s, ha subrayado que \u201cestamos muy contentos de que por fin comencemos esa transici\u00f3n para cumplir la agenda 2030. Consideramos que hay tres pilares b\u00e1sicos, uno es que estos ecoparques son la herramienta para impulsar esa econom\u00eda circular y es necesario para dar una soluci\u00f3n al reciclaje y la reutilizaci\u00f3n. El segundo pilar es ese corporativo, esa uni\u00f3n entre pueblos para conseguir llegar a un objetivo com\u00fan, con estrategias conjuntas. Y, por \u00faltimo, la importancia de la concienciaci\u00f3n ciudadana, que va a trabajarse, para que la poblaci\u00f3n sepa cu\u00e1les son los beneficios que obtiene con este sistema que va a implantarse. Muro es un municipio que siempre ha apostado por el reciclaje en origen, por lo que ya hay una colaboraci\u00f3n ciudadana importante y que seguiremos trabajando\u201d.<br \/>\nOtros ayuntamientos del \u00e1rea de influencia del Consorcio Terra tambi\u00e9n han procedido a realizar la cesi\u00f3n o est\u00e1n ultim\u00e1ndola, como son los consistorios de Alcoi, Ibi, Sant Joan d\u2019Alacant, Xixona y Agost. El resto de localidades est\u00e1n pendientes de diferentes tr\u00e1mites administrativos para proceder a la cesi\u00f3n gratuita y definitiva de la correspondiente parcela al Consorcio.<br \/>\nLa puesta en marcha del Proyecto de Gesti\u00f3n de Ecoparques es uno de los objetivos principales de la entidad para este ejercicio. Este incluye una red formada por 14 ecoparques, 9 de los cuales ser\u00edan de nueva construcci\u00f3n y que se sumar\u00edan a los ya existentes de San Vicente del Raspeig, Xixona, Muro d\u2019Alcoi, Ibi y Benilloba, en los que habr\u00eda que implementar diversas mejoras, adem\u00e1s de 5 \u00e1reas de aportaci\u00f3n.<br \/>\nA finales del pasado a\u00f1o la Junta General del Consorcio Terra dio luz verde a los presupuestos que inclu\u00edan la partida necesaria para dar inicio de este Proyecto de Gesti\u00f3n de Ecoparques que avanza con paso firme.<br \/>\nTodas estas actuaciones que lleva a cabo el Consorcio Terra est\u00e1n encaminadas a cumplir los objetivos de la Agenda 2030 en el marco de la legislaci\u00f3n europea en materia de residuos, as\u00ed como la normativa aplicable en la Comunitat Valenciana, el Plan Integral de Residuos (PIRCV).<br \/>\nEstos pasos son imprescindibles para seguir avanzando hacia un modelo de econom\u00eda circular que prima el aprovechamiento de los recursos a trav\u00e9s de la reutilizaci\u00f3n y el reciclaje, para lo que resulta necesaria la implicaci\u00f3n y colaboraci\u00f3n de todos los ayuntamientos del \u00e1rea de gesti\u00f3n.<br \/>\nEl Consorcio Terra est\u00e1 formado por municipios de las comarcas de El Comtat y parte de l\u2019Alcoi\u00e0 y l\u2019Alacant\u00ed: Agres, Alcoleja, Alcosser de Planes, Alfafara, Almudaina, l&#8217;Alqueria d&#8217;Asnar, Balones, Benasau, Beniarr\u00e9s, Benilloba, Benillup, Benimarfull, Benimassot, Cocentaina, Facheca, Famorca, Gaianes, Gorga, Millena, Muro d&#8217;Alcoi, l&#8217;Orxa, Planes, Quatretondeta y Tollos, junto a Alcoy, Benifallim, Ibi, Pen\u00e1guila, Tibi, Agost, Aig\u00fces, Busot, Mutxamel, Sant Joan d\u2019Alacant, Sant Vicent del Raspeig, Torremanzanas y Xixona. Junto a estas 37 entidades locales, son miembros del Consorcio Terra, la Generalitat Valenciana y la Diputaci\u00f3n Provincial de Alicante.<\/p>\n","protected":false},"excerpt":{"rendered":"<p>El ecoparque cuenta con 1.500 m\u00b2 de instalaciones y, una vez adjudicado el proyecto de gesti\u00f3n del Consorcio, comenzar\u00e1 un proceso de readaptaci\u00f3n, autorizaci\u00f3n e informatizaci\u00f3n para mejorar el servicio. [&hellip;]<\/p>\n","protected":false},"author":15,"featured_media":41596,"comment_status":"closed","ping_status":"closed","sticky":false,"template":"","format":"standard","meta":{"_et_pb_use_builder":"","_et_pb_old_content":"","_et_gb_content_width":"","footnotes":""},"categories":[49,76],"tags":[],"class_list":["post-41592","post","type-post","status-publish","format-standard","has-post-thumbnail","hentry","category-noticias","category-servicios-municipales"],"yoast_head":"<!-- This site is optimized with the Yoast SEO plugin v27.1.1 - https:\/\/yoast.com\/product\/yoast-seo-wordpress\/ -->\n<title>El Consorcio Terra recibe la cesi\u00f3n del ecoparque de Muro para poner en marcha la red de ecoparques | Ajuntament de Muro<\/title>\n<meta name=\"robots\" content=\"index, follow, max-snippet:-1, max-image-preview:large, max-video-preview:-1\" \/>\n<link rel=\"canonical\" href=\"https:\/\/www.vilademuro.net\/es\/el-consorcio-terra-recibe-la-cesion-del-ecoparque-de-muro-para-poner-en-marcha-la-red-de-ecoparques\/\" \/>\n<meta property=\"og:locale\" content=\"es_ES\" \/>\n<meta property=\"og:type\" content=\"article\" \/>\n<meta property=\"og:title\" content=\"El Consorcio Terra recibe la cesi\u00f3n del ecoparque de Muro para poner en marcha la red de ecoparques | Ajuntament de Muro\" \/>\n<meta property=\"og:description\" content=\"El ecoparque cuenta con 1.500 m\u00b2 de instalaciones y, una vez adjudicado el proyecto de gesti\u00f3n del Consorcio, comenzar\u00e1 un proceso de readaptaci\u00f3n, autorizaci\u00f3n e informatizaci\u00f3n para mejorar el servicio. [&hellip;]\" \/>\n<meta property=\"og:url\" content=\"https:\/\/www.vilademuro.net\/es\/el-consorcio-terra-recibe-la-cesion-del-ecoparque-de-muro-para-poner-en-marcha-la-red-de-ecoparques\/\" \/>\n<meta property=\"og:site_name\" content=\"Ajuntament de Muro\" \/>\n<meta property=\"article:publisher\" content=\"https:\/\/www.facebook.com\/murodealcoy\" \/>\n<meta property=\"article:published_time\" content=\"2021-05-03T13:12:59+00:00\" \/>\n<meta property=\"article:modified_time\" content=\"2021-05-04T06:12:19+00:00\" \/>\n<meta property=\"og:image\" content=\"https:\/\/www.vilademuro.net\/wp-content\/uploads\/2021\/05\/indice.jpg\" \/>\n\t<meta property=\"og:image:width\" content=\"225\" \/>\n\t<meta property=\"og:image:height\" content=\"225\" \/>\n\t<meta property=\"og:image:type\" content=\"image\/jpeg\" \/>\n<meta name=\"author\" content=\"Carla Reig\" \/>\n<meta name=\"twitter:card\" content=\"summary_large_image\" \/>\n<meta name=\"twitter:creator\" content=\"@AjuntamentMuro\" \/>\n<meta name=\"twitter:site\" content=\"@AjuntamentMuro\" \/>\n<meta name=\"twitter:label1\" content=\"Escrito por\" \/>\n\t<meta name=\"twitter:data1\" content=\"Carla Reig\" \/>\n\t<meta name=\"twitter:label2\" content=\"Tiempo de lectura\" \/>\n\t<meta name=\"twitter:data2\" content=\"5 minutos\" \/>\n<script type=\"application\/ld+json\" class=\"yoast-schema-graph\">{\"@context\":\"https:\/\/schema.org\",\"@graph\":[{\"@type\":\"Article\",\"@id\":\"https:\/\/www.vilademuro.net\/es\/el-consorcio-terra-recibe-la-cesion-del-ecoparque-de-muro-para-poner-en-marcha-la-red-de-ecoparques\/#article\",\"isPartOf\":{\"@id\":\"https:\/\/www.vilademuro.net\/es\/el-consorcio-terra-recibe-la-cesion-del-ecoparque-de-muro-para-poner-en-marcha-la-red-de-ecoparques\/\"},\"author\":{\"name\":\"Carla Reig\",\"@id\":\"https:\/\/www.vilademuro.net\/es\/#\/schema\/person\/4ac4ff84a8380be8cc675dcd2657f81d\"},\"headline\":\"El Consorcio Terra recibe la cesi\u00f3n del ecoparque de Muro para poner en marcha la red de ecoparques\",\"datePublished\":\"2021-05-03T13:12:59+00:00\",\"dateModified\":\"2021-05-04T06:12:19+00:00\",\"mainEntityOfPage\":{\"@id\":\"https:\/\/www.vilademuro.net\/es\/el-consorcio-terra-recibe-la-cesion-del-ecoparque-de-muro-para-poner-en-marcha-la-red-de-ecoparques\/\"},\"wordCount\":1122,\"publisher\":{\"@id\":\"https:\/\/www.vilademuro.net\/es\/#organization\"},\"image\":{\"@id\":\"https:\/\/www.vilademuro.net\/es\/el-consorcio-terra-recibe-la-cesion-del-ecoparque-de-muro-para-poner-en-marcha-la-red-de-ecoparques\/#primaryimage\"},\"thumbnailUrl\":\"https:\/\/www.vilademuro.net\/wp-content\/uploads\/2021\/05\/indice.jpg\",\"articleSection\":[\"Noticias\",\"Servicios Municipales\"],\"inLanguage\":\"es\"},{\"@type\":\"WebPage\",\"@id\":\"https:\/\/www.vilademuro.net\/es\/el-consorcio-terra-recibe-la-cesion-del-ecoparque-de-muro-para-poner-en-marcha-la-red-de-ecoparques\/\",\"url\":\"https:\/\/www.vilademuro.net\/es\/el-consorcio-terra-recibe-la-cesion-del-ecoparque-de-muro-para-poner-en-marcha-la-red-de-ecoparques\/\",\"name\":\"El Consorcio Terra recibe la cesi\u00f3n del ecoparque de Muro para poner en marcha la red de ecoparques | Ajuntament de Muro\",\"isPartOf\":{\"@id\":\"https:\/\/www.vilademuro.net\/es\/#website\"},\"primaryImageOfPage\":{\"@id\":\"https:\/\/www.vilademuro.net\/es\/el-consorcio-terra-recibe-la-cesion-del-ecoparque-de-muro-para-poner-en-marcha-la-red-de-ecoparques\/#primaryimage\"},\"image\":{\"@id\":\"https:\/\/www.vilademuro.net\/es\/el-consorcio-terra-recibe-la-cesion-del-ecoparque-de-muro-para-poner-en-marcha-la-red-de-ecoparques\/#primaryimage\"},\"thumbnailUrl\":\"https:\/\/www.vilademuro.net\/wp-content\/uploads\/2021\/05\/indice.jpg\",\"datePublished\":\"2021-05-03T13:12:59+00:00\",\"dateModified\":\"2021-05-04T06:12:19+00:00\",\"breadcrumb\":{\"@id\":\"https:\/\/www.vilademuro.net\/es\/el-consorcio-terra-recibe-la-cesion-del-ecoparque-de-muro-para-poner-en-marcha-la-red-de-ecoparques\/#breadcrumb\"},\"inLanguage\":\"es\",\"potentialAction\":[{\"@type\":\"ReadAction\",\"target\":[\"https:\/\/www.vilademuro.net\/es\/el-consorcio-terra-recibe-la-cesion-del-ecoparque-de-muro-para-poner-en-marcha-la-red-de-ecoparques\/\"]}]},{\"@type\":\"ImageObject\",\"inLanguage\":\"es\",\"@id\":\"https:\/\/www.vilademuro.net\/es\/el-consorcio-terra-recibe-la-cesion-del-ecoparque-de-muro-para-poner-en-marcha-la-red-de-ecoparques\/#primaryimage\",\"url\":\"https:\/\/www.vilademuro.net\/wp-content\/uploads\/2021\/05\/indice.jpg\",\"contentUrl\":\"https:\/\/www.vilademuro.net\/wp-content\/uploads\/2021\/05\/indice.jpg\",\"width\":225,\"height\":225},{\"@type\":\"BreadcrumbList\",\"@id\":\"https:\/\/www.vilademuro.net\/es\/el-consorcio-terra-recibe-la-cesion-del-ecoparque-de-muro-para-poner-en-marcha-la-red-de-ecoparques\/#breadcrumb\",\"itemListElement\":[{\"@type\":\"ListItem\",\"position\":1,\"name\":\"Inici\",\"item\":\"https:\/\/www.vilademuro.net\/es\/\"},{\"@type\":\"ListItem\",\"position\":2,\"name\":\"El Consorcio Terra recibe la cesi\u00f3n del ecoparque de Muro para poner en marcha la red de ecoparques\"}]},{\"@type\":\"WebSite\",\"@id\":\"https:\/\/www.vilademuro.net\/es\/#website\",\"url\":\"https:\/\/www.vilademuro.net\/es\/\",\"name\":\"Ajuntament de Muro d'Alcoi\",\"description\":\"P\u00e1gina web oficial de l&#039;Ajuntament de Muro\",\"publisher\":{\"@id\":\"https:\/\/www.vilademuro.net\/es\/#organization\"},\"potentialAction\":[{\"@type\":\"SearchAction\",\"target\":{\"@type\":\"EntryPoint\",\"urlTemplate\":\"https:\/\/www.vilademuro.net\/es\/?s={search_term_string}\"},\"query-input\":{\"@type\":\"PropertyValueSpecification\",\"valueRequired\":true,\"valueName\":\"search_term_string\"}}],\"inLanguage\":\"es\"},{\"@type\":\"Organization\",\"@id\":\"https:\/\/www.vilademuro.net\/es\/#organization\",\"name\":\"Ajuntament de Muro\",\"url\":\"https:\/\/www.vilademuro.net\/es\/\",\"logo\":{\"@type\":\"ImageObject\",\"inLanguage\":\"es\",\"@id\":\"https:\/\/www.vilademuro.net\/es\/#\/schema\/logo\/image\/\",\"url\":\"https:\/\/www.vilademuro.net\/wp-content\/uploads\/2022\/10\/LOGO3-2.jpg\",\"contentUrl\":\"https:\/\/www.vilademuro.net\/wp-content\/uploads\/2022\/10\/LOGO3-2.jpg\",\"width\":756,\"height\":517,\"caption\":\"Ajuntament de Muro\"},\"image\":{\"@id\":\"https:\/\/www.vilademuro.net\/es\/#\/schema\/logo\/image\/\"},\"sameAs\":[\"https:\/\/www.facebook.com\/murodealcoy\",\"https:\/\/x.com\/AjuntamentMuro\",\"https:\/\/www.youtube.com\/channel\/UC2rwbKfRqsd1Ncwm6Y1prQw\"]},{\"@type\":\"Person\",\"@id\":\"https:\/\/www.vilademuro.net\/es\/#\/schema\/person\/4ac4ff84a8380be8cc675dcd2657f81d\",\"name\":\"Carla Reig\",\"image\":{\"@type\":\"ImageObject\",\"inLanguage\":\"es\",\"@id\":\"https:\/\/www.vilademuro.net\/es\/#\/schema\/person\/image\/\",\"url\":\"https:\/\/secure.gravatar.com\/avatar\/11ebca860e4f9ad52b0c69ce3b75e913df5f543115e0f50e32cb7de31471bd87?s=96&d=mm&r=g\",\"contentUrl\":\"https:\/\/secure.gravatar.com\/avatar\/11ebca860e4f9ad52b0c69ce3b75e913df5f543115e0f50e32cb7de31471bd87?s=96&d=mm&r=g\",\"caption\":\"Carla Reig\"}}]}<\/script>\n<!-- \/ Yoast SEO plugin. -->","yoast_head_json":{"title":"El Consorcio Terra recibe la cesi\u00f3n del ecoparque de Muro para poner en marcha la red de ecoparques | Ajuntament de Muro","robots":{"index":"index","follow":"follow","max-snippet":"max-snippet:-1","max-image-preview":"max-image-preview:large","max-video-preview":"max-video-preview:-1"},"canonical":"https:\/\/www.vilademuro.net\/es\/el-consorcio-terra-recibe-la-cesion-del-ecoparque-de-muro-para-poner-en-marcha-la-red-de-ecoparques\/","og_locale":"es_ES","og_type":"article","og_title":"El Consorcio Terra recibe la cesi\u00f3n del ecoparque de Muro para poner en marcha la red de ecoparques | Ajuntament de Muro","og_description":"El ecoparque cuenta con 1.500 m\u00b2 de instalaciones y, una vez adjudicado el proyecto de gesti\u00f3n del Consorcio, comenzar\u00e1 un proceso de readaptaci\u00f3n, autorizaci\u00f3n e informatizaci\u00f3n para mejorar el servicio. [&hellip;]","og_url":"https:\/\/www.vilademuro.net\/es\/el-consorcio-terra-recibe-la-cesion-del-ecoparque-de-muro-para-poner-en-marcha-la-red-de-ecoparques\/","og_site_name":"Ajuntament de Muro","article_publisher":"https:\/\/www.facebook.com\/murodealcoy","article_published_time":"2021-05-03T13:12:59+00:00","article_modified_time":"2021-05-04T06:12:19+00:00","og_image":[{"width":225,"height":225,"url":"https:\/\/www.vilademuro.net\/wp-content\/uploads\/2021\/05\/indice.jpg","type":"image\/jpeg"}],"author":"Carla Reig","twitter_card":"summary_large_image","twitter_creator":"@AjuntamentMuro","twitter_site":"@AjuntamentMuro","twitter_misc":{"Escrito por":"Carla Reig","Tiempo de lectura":"5 minutos"},"schema":{"@context":"https:\/\/schema.org","@graph":[{"@type":"Article","@id":"https:\/\/www.vilademuro.net\/es\/el-consorcio-terra-recibe-la-cesion-del-ecoparque-de-muro-para-poner-en-marcha-la-red-de-ecoparques\/#article","isPartOf":{"@id":"https:\/\/www.vilademuro.net\/es\/el-consorcio-terra-recibe-la-cesion-del-ecoparque-de-muro-para-poner-en-marcha-la-red-de-ecoparques\/"},"author":{"name":"Carla Reig","@id":"https:\/\/www.vilademuro.net\/es\/#\/schema\/person\/4ac4ff84a8380be8cc675dcd2657f81d"},"headline":"El Consorcio Terra recibe la cesi\u00f3n del ecoparque de Muro para poner en marcha la red de ecoparques","datePublished":"2021-05-03T13:12:59+00:00","dateModified":"2021-05-04T06:12:19+00:00","mainEntityOfPage":{"@id":"https:\/\/www.vilademuro.net\/es\/el-consorcio-terra-recibe-la-cesion-del-ecoparque-de-muro-para-poner-en-marcha-la-red-de-ecoparques\/"},"wordCount":1122,"publisher":{"@id":"https:\/\/www.vilademuro.net\/es\/#organization"},"image":{"@id":"https:\/\/www.vilademuro.net\/es\/el-consorcio-terra-recibe-la-cesion-del-ecoparque-de-muro-para-poner-en-marcha-la-red-de-ecoparques\/#primaryimage"},"thumbnailUrl":"https:\/\/www.vilademuro.net\/wp-content\/uploads\/2021\/05\/indice.jpg","articleSection":["Noticias","Servicios Municipales"],"inLanguage":"es"},{"@type":"WebPage","@id":"https:\/\/www.vilademuro.net\/es\/el-consorcio-terra-recibe-la-cesion-del-ecoparque-de-muro-para-poner-en-marcha-la-red-de-ecoparques\/","url":"https:\/\/www.vilademuro.net\/es\/el-consorcio-terra-recibe-la-cesion-del-ecoparque-de-muro-para-poner-en-marcha-la-red-de-ecoparques\/","name":"El Consorcio Terra recibe la cesi\u00f3n del ecoparque de Muro para poner en marcha la red de ecoparques | Ajuntament de Muro","isPartOf":{"@id":"https:\/\/www.vilademuro.net\/es\/#website"},"primaryImageOfPage":{"@id":"https:\/\/www.vilademuro.net\/es\/el-consorcio-terra-recibe-la-cesion-del-ecoparque-de-muro-para-poner-en-marcha-la-red-de-ecoparques\/#primaryimage"},"image":{"@id":"https:\/\/www.vilademuro.net\/es\/el-consorcio-terra-recibe-la-cesion-del-ecoparque-de-muro-para-poner-en-marcha-la-red-de-ecoparques\/#primaryimage"},"thumbnailUrl":"https:\/\/www.vilademuro.net\/wp-content\/uploads\/2021\/05\/indice.jpg","datePublished":"2021-05-03T13:12:59+00:00","dateModified":"2021-05-04T06:12:19+00:00","breadcrumb":{"@id":"https:\/\/www.vilademuro.net\/es\/el-consorcio-terra-recibe-la-cesion-del-ecoparque-de-muro-para-poner-en-marcha-la-red-de-ecoparques\/#breadcrumb"},"inLanguage":"es","potentialAction":[{"@type":"ReadAction","target":["https:\/\/www.vilademuro.net\/es\/el-consorcio-terra-recibe-la-cesion-del-ecoparque-de-muro-para-poner-en-marcha-la-red-de-ecoparques\/"]}]},{"@type":"ImageObject","inLanguage":"es","@id":"https:\/\/www.vilademuro.net\/es\/el-consorcio-terra-recibe-la-cesion-del-ecoparque-de-muro-para-poner-en-marcha-la-red-de-ecoparques\/#primaryimage","url":"https:\/\/www.vilademuro.net\/wp-content\/uploads\/2021\/05\/indice.jpg","contentUrl":"https:\/\/www.vilademuro.net\/wp-content\/uploads\/2021\/05\/indice.jpg","width":225,"height":225},{"@type":"BreadcrumbList","@id":"https:\/\/www.vilademuro.net\/es\/el-consorcio-terra-recibe-la-cesion-del-ecoparque-de-muro-para-poner-en-marcha-la-red-de-ecoparques\/#breadcrumb","itemListElement":[{"@type":"ListItem","position":1,"name":"Inici","item":"https:\/\/www.vilademuro.net\/es\/"},{"@type":"ListItem","position":2,"name":"El Consorcio Terra recibe la cesi\u00f3n del ecoparque de Muro para poner en marcha la red de ecoparques"}]},{"@type":"WebSite","@id":"https:\/\/www.vilademuro.net\/es\/#website","url":"https:\/\/www.vilademuro.net\/es\/","name":"Ajuntament de Muro d'Alcoi","description":"P\u00e1gina web oficial de l&#039;Ajuntament de Muro","publisher":{"@id":"https:\/\/www.vilademuro.net\/es\/#organization"},"potentialAction":[{"@type":"SearchAction","target":{"@type":"EntryPoint","urlTemplate":"https:\/\/www.vilademuro.net\/es\/?s={search_term_string}"},"query-input":{"@type":"PropertyValueSpecification","valueRequired":true,"valueName":"search_term_string"}}],"inLanguage":"es"},{"@type":"Organization","@id":"https:\/\/www.vilademuro.net\/es\/#organization","name":"Ajuntament de Muro","url":"https:\/\/www.vilademuro.net\/es\/","logo":{"@type":"ImageObject","inLanguage":"es","@id":"https:\/\/www.vilademuro.net\/es\/#\/schema\/logo\/image\/","url":"https:\/\/www.vilademuro.net\/wp-content\/uploads\/2022\/10\/LOGO3-2.jpg","contentUrl":"https:\/\/www.vilademuro.net\/wp-content\/uploads\/2022\/10\/LOGO3-2.jpg","width":756,"height":517,"caption":"Ajuntament de Muro"},"image":{"@id":"https:\/\/www.vilademuro.net\/es\/#\/schema\/logo\/image\/"},"sameAs":["https:\/\/www.facebook.com\/murodealcoy","https:\/\/x.com\/AjuntamentMuro","https:\/\/www.youtube.com\/channel\/UC2rwbKfRqsd1Ncwm6Y1prQw"]},{"@type":"Person","@id":"https:\/\/www.vilademuro.net\/es\/#\/schema\/person\/4ac4ff84a8380be8cc675dcd2657f81d","name":"Carla Reig","image":{"@type":"ImageObject","inLanguage":"es","@id":"https:\/\/www.vilademuro.net\/es\/#\/schema\/person\/image\/","url":"https:\/\/secure.gravatar.com\/avatar\/11ebca860e4f9ad52b0c69ce3b75e913df5f543115e0f50e32cb7de31471bd87?s=96&d=mm&r=g","contentUrl":"https:\/\/secure.gravatar.com\/avatar\/11ebca860e4f9ad52b0c69ce3b75e913df5f543115e0f50e32cb7de31471bd87?s=96&d=mm&r=g","caption":"Carla Reig"}}]}},"_links":{"self":[{"href":"https:\/\/www.vilademuro.net\/es\/wp-json\/wp\/v2\/posts\/41592","targetHints":{"allow":["GET"]}}],"collection":[{"href":"https:\/\/www.vilademuro.net\/es\/wp-json\/wp\/v2\/posts"}],"about":[{"href":"https:\/\/www.vilademuro.net\/es\/wp-json\/wp\/v2\/types\/post"}],"author":[{"embeddable":true,"href":"https:\/\/www.vilademuro.net\/es\/wp-json\/wp\/v2\/users\/15"}],"replies":[{"embeddable":true,"href":"https:\/\/www.vilademuro.net\/es\/wp-json\/wp\/v2\/comments?post=41592"}],"version-history":[{"count":0,"href":"https:\/\/www.vilademuro.net\/es\/wp-json\/wp\/v2\/posts\/41592\/revisions"}],"wp:featuredmedia":[{"embeddable":true,"href":"https:\/\/www.vilademuro.net\/es\/wp-json\/wp\/v2\/media\/41596"}],"wp:attachment":[{"href":"https:\/\/www.vilademuro.net\/es\/wp-json\/wp\/v2\/media?parent=41592"}],"wp:term":[{"taxonomy":"category","embeddable":true,"href":"https:\/\/www.vilademuro.net\/es\/wp-json\/wp\/v2\/categories?post=41592"},{"taxonomy":"post_tag","embeddable":true,"href":"https:\/\/www.vilademuro.net\/es\/wp-json\/wp\/v2\/tags?post=41592"}],"curies":[{"name":"wp","href":"https:\/\/api.w.org\/{rel}","templated":true}]}}